{"id":116627,"date":"2023-06-08T17:24:52","date_gmt":"2023-06-08T20:24:52","guid":{"rendered":"https:\/\/noticiasmercedinas.com\/site\/?p=116627"},"modified":"2023-06-08T17:24:52","modified_gmt":"2023-06-08T20:24:52","slug":"director-de-cultura-y-educacion-alberto-sileoni-llega-a-mercedes-con-importantes-anuncios","status":"publish","type":"post","link":"https:\/\/noticiasmercedinas.com\/site\/2023\/06\/08\/director-de-cultura-y-educacion-alberto-sileoni-llega-a-mercedes-con-importantes-anuncios\/","title":{"rendered":"Director de Cultura y Educaci\u00f3n, Alberto Sileoni, llega a Mercedes con importantes anuncios"},"content":{"rendered":"<p><img loading=\"lazy\" decoding=\"async\" class=\"alignnone size-full wp-image-116638\" src=\"https:\/\/noticiasmercedinas.com\/site\/wp-content\/uploads\/2023\/06\/alberto_sileoni.jpg\" alt=\"\" width=\"640\" height=\"383\" srcset=\"https:\/\/noticiasmercedinas.com\/site\/wp-content\/uploads\/2023\/06\/alberto_sileoni.jpg 640w, https:\/\/noticiasmercedinas.com\/site\/wp-content\/uploads\/2023\/06\/alberto_sileoni-300x180.jpg 300w\" sizes=\"auto, (max-width: 640px) 100vw, 640px\" \/><\/p>\n<p><strong>Alberto Sileoni<\/strong>, quien es el responsable de la Direcci\u00f3n General de Cultura y Educaci\u00f3n de la Provincia de Buenos Aires y fuera Ministro de Educaci\u00f3n de la Rep\u00fablica Argentina (entre 2009 y 2015), estar\u00e1 este viernes en la ciudad de Mercedes para ser parte de varias actividades oficiales.<\/p>\n<p>Seg\u00fan trascendi\u00f3, el Director General de Cultura y Educaci\u00f3n de la Provincia, licenciado Alberto Sileoni, realizar\u00e1 en Mercedes varios anuncios en materia educativa.<\/p>\n<p>El encuentro y actividades oficiales se llevar\u00e1n a cabo este viernes 9 de junio en el Honorable Concejo Deliberante, primer piso del Palacio Municipal, desde las 11.00 horas.<\/p>\n<p>Se producir\u00e1 en principio la firma de contrato por obras de infraestructura para la Escuela Secundaria N\u00b013 &#8211; CENS N\u00b0451. Luego se har\u00e1 la firma de un acta acuerdo por las Escuelas Primarias Municipales.<\/p>\n<p>Adem\u00e1s se anunciar\u00e1n esperadas obras: por un lado la licitaci\u00f3n del edificio para el Instituto Superior de Formaci\u00f3n Docente y T\u00e9cnica N\u00b07; y por otro el anuncio de creaci\u00f3n de Centro de Formaci\u00f3n Profesional N\u00b0 403 y JIRIMM N\u00b08.<\/p>\n","protected":false},"excerpt":{"rendered":"<p>\u25a0 Habr\u00e1 un encuentro en el primer piso del municipio desde las 11. Firmar\u00e1n obras de infraestructura para la Secundaria 13. Anunciar\u00e1n licitaci\u00f3n del edificio para el Instituto 7<\/p>\n","protected":false},"author":16,"featured_media":116638,"comment_status":"closed","ping_status":"closed","sticky":false,"template":"","format":"standard","meta":{"footnotes":""},"categories":[15755,3],"tags":[13704,10086,38,6903,2349],"class_list":["post-116627","post","type-post","status-publish","format-standard","has-post-thumbnail","hentry","category-educacion","category-sociedad","tag-alberto-sileoni","tag-cens-451","tag-educacion","tag-escuela-secundaria-13","tag-instituto-7"],"yoast_head":"<!-- This site is optimized with the Yoast SEO plugin v27.4 - https:\/\/yoast.com\/product\/yoast-seo-wordpress\/ -->\n<title>Director de Cultura y Educaci\u00f3n, Alberto Sileoni, llega a Mercedes con importantes anuncios<\/title>\n<meta name=\"robots\" content=\"index, follow, max-snippet:-1, max-image-preview:large, max-video-preview:-1\" \/>\n<link rel=\"canonical\" href=\"https:\/\/noticiasmercedinas.com\/site\/2023\/06\/08\/director-de-cultura-y-educacion-alberto-sileoni-llega-a-mercedes-con-importantes-anuncios\/\" \/>\n<meta property=\"og:locale\" content=\"es_ES\" \/>\n<meta property=\"og:type\" content=\"article\" \/>\n<meta property=\"og:title\" content=\"Director de Cultura y Educaci\u00f3n, Alberto Sileoni, llega a Mercedes con importantes anuncios\" \/>\n<meta property=\"og:description\" content=\"\u25a0 Habr\u00e1 un encuentro en el primer piso del municipio desde las 11. Firmar\u00e1n obras de infraestructura para la Secundaria 13. Anunciar\u00e1n licitaci\u00f3n del edificio para el Instituto 7\" \/>\n<meta property=\"og:url\" content=\"https:\/\/noticiasmercedinas.com\/site\/2023\/06\/08\/director-de-cultura-y-educacion-alberto-sileoni-llega-a-mercedes-con-importantes-anuncios\/\" \/>\n<meta property=\"og:site_name\" content=\"NOTICIASMERCEDINAS.COM\" \/>\n<meta property=\"article:publisher\" content=\"https:\/\/www.facebook.com\/noticiasmercedinas\/\" \/>\n<meta property=\"article:published_time\" content=\"2023-06-08T20:24:52+00:00\" \/>\n<meta property=\"og:image\" content=\"https:\/\/noticiasmercedinas.com\/site\/wp-content\/uploads\/2023\/06\/alberto_sileoni.jpg\" \/>\n\t<meta property=\"og:image:width\" content=\"640\" \/>\n\t<meta property=\"og:image:height\" content=\"383\" \/>\n\t<meta property=\"og:image:type\" content=\"image\/jpeg\" \/>\n<meta name=\"author\" content=\"NOTICIASMERCEDINAS.COM\" \/>\n<meta name=\"twitter:card\" content=\"summary_large_image\" \/>\n<meta name=\"twitter:creator\" content=\"@notmercedinas\" \/>\n<meta name=\"twitter:site\" content=\"@notmercedinas\" \/>\n<meta name=\"twitter:label1\" content=\"Escrito por\" \/>\n\t<meta name=\"twitter:data1\" content=\"NOTICIASMERCEDINAS.COM\" \/>\n\t<meta name=\"twitter:label2\" content=\"Tiempo de lectura\" \/>\n\t<meta name=\"twitter:data2\" content=\"1 minuto\" \/>\n<script type=\"application\/ld+json\" class=\"yoast-schema-graph\">{\"@context\":\"https:\\\/\\\/schema.org\",\"@graph\":[{\"@type\":\"Article\",\"@id\":\"https:\\\/\\\/noticiasmercedinas.com\\\/site\\\/2023\\\/06\\\/08\\\/director-de-cultura-y-educacion-alberto-sileoni-llega-a-mercedes-con-importantes-anuncios\\\/#article\",\"isPartOf\":{\"@id\":\"https:\\\/\\\/noticiasmercedinas.com\\\/site\\\/2023\\\/06\\\/08\\\/director-de-cultura-y-educacion-alberto-sileoni-llega-a-mercedes-con-importantes-anuncios\\\/\"},\"author\":{\"name\":\"NOTICIASMERCEDINAS.COM\",\"@id\":\"https:\\\/\\\/noticiasmercedinas.com\\\/site\\\/#\\\/schema\\\/person\\\/84b59c099c28ff2e8b77d4ceec5d8063\"},\"headline\":\"Director de Cultura y Educaci\u00f3n, Alberto Sileoni, llega a Mercedes con importantes anuncios\",\"datePublished\":\"2023-06-08T20:24:52+00:00\",\"mainEntityOfPage\":{\"@id\":\"https:\\\/\\\/noticiasmercedinas.com\\\/site\\\/2023\\\/06\\\/08\\\/director-de-cultura-y-educacion-alberto-sileoni-llega-a-mercedes-con-importantes-anuncios\\\/\"},\"wordCount\":195,\"publisher\":{\"@id\":\"https:\\\/\\\/noticiasmercedinas.com\\\/site\\\/#organization\"},\"image\":{\"@id\":\"https:\\\/\\\/noticiasmercedinas.com\\\/site\\\/2023\\\/06\\\/08\\\/director-de-cultura-y-educacion-alberto-sileoni-llega-a-mercedes-con-importantes-anuncios\\\/#primaryimage\"},\"thumbnailUrl\":\"https:\\\/\\\/noticiasmercedinas.com\\\/site\\\/wp-content\\\/uploads\\\/2023\\\/06\\\/alberto_sileoni.jpg\",\"keywords\":[\"Alberto Sileoni\",\"cens 451\",\"educacion\",\"Escuela Secundaria 13\",\"instituto 7\"],\"articleSection\":[\"Educacion\",\"Sociedad\"],\"inLanguage\":\"es\"},{\"@type\":\"WebPage\",\"@id\":\"https:\\\/\\\/noticiasmercedinas.com\\\/site\\\/2023\\\/06\\\/08\\\/director-de-cultura-y-educacion-alberto-sileoni-llega-a-mercedes-con-importantes-anuncios\\\/\",\"url\":\"https:\\\/\\\/noticiasmercedinas.com\\\/site\\\/2023\\\/06\\\/08\\\/director-de-cultura-y-educacion-alberto-sileoni-llega-a-mercedes-con-importantes-anuncios\\\/\",\"name\":\"Director de Cultura y Educaci\u00f3n, Alberto Sileoni, llega a Mercedes con importantes anuncios\",\"isPartOf\":{\"@id\":\"https:\\\/\\\/noticiasmercedinas.com\\\/site\\\/#website\"},\"primaryImageOfPage\":{\"@id\":\"https:\\\/\\\/noticiasmercedinas.com\\\/site\\\/2023\\\/06\\\/08\\\/director-de-cultura-y-educacion-alberto-sileoni-llega-a-mercedes-con-importantes-anuncios\\\/#primaryimage\"},\"image\":{\"@id\":\"https:\\\/\\\/noticiasmercedinas.com\\\/site\\\/2023\\\/06\\\/08\\\/director-de-cultura-y-educacion-alberto-sileoni-llega-a-mercedes-con-importantes-anuncios\\\/#primaryimage\"},\"thumbnailUrl\":\"https:\\\/\\\/noticiasmercedinas.com\\\/site\\\/wp-content\\\/uploads\\\/2023\\\/06\\\/alberto_sileoni.jpg\",\"datePublished\":\"2023-06-08T20:24:52+00:00\",\"breadcrumb\":{\"@id\":\"https:\\\/\\\/noticiasmercedinas.com\\\/site\\\/2023\\\/06\\\/08\\\/director-de-cultura-y-educacion-alberto-sileoni-llega-a-mercedes-con-importantes-anuncios\\\/#breadcrumb\"},\"inLanguage\":\"es\",\"potentialAction\":[{\"@type\":\"ReadAction\",\"target\":[\"https:\\\/\\\/noticiasmercedinas.com\\\/site\\\/2023\\\/06\\\/08\\\/director-de-cultura-y-educacion-alberto-sileoni-llega-a-mercedes-con-importantes-anuncios\\\/\"]}]},{\"@type\":\"ImageObject\",\"inLanguage\":\"es\",\"@id\":\"https:\\\/\\\/noticiasmercedinas.com\\\/site\\\/2023\\\/06\\\/08\\\/director-de-cultura-y-educacion-alberto-sileoni-llega-a-mercedes-con-importantes-anuncios\\\/#primaryimage\",\"url\":\"https:\\\/\\\/noticiasmercedinas.com\\\/site\\\/wp-content\\\/uploads\\\/2023\\\/06\\\/alberto_sileoni.jpg\",\"contentUrl\":\"https:\\\/\\\/noticiasmercedinas.com\\\/site\\\/wp-content\\\/uploads\\\/2023\\\/06\\\/alberto_sileoni.jpg\",\"width\":640,\"height\":383},{\"@type\":\"BreadcrumbList\",\"@id\":\"https:\\\/\\\/noticiasmercedinas.com\\\/site\\\/2023\\\/06\\\/08\\\/director-de-cultura-y-educacion-alberto-sileoni-llega-a-mercedes-con-importantes-anuncios\\\/#breadcrumb\",\"itemListElement\":[{\"@type\":\"ListItem\",\"position\":1,\"name\":\"Portada\",\"item\":\"https:\\\/\\\/noticiasmercedinas.com\\\/site\\\/\"},{\"@type\":\"ListItem\",\"position\":2,\"name\":\"Director de Cultura y Educaci\u00f3n, Alberto Sileoni, llega a Mercedes con importantes anuncios\"}]},{\"@type\":\"WebSite\",\"@id\":\"https:\\\/\\\/noticiasmercedinas.com\\\/site\\\/#website\",\"url\":\"https:\\\/\\\/noticiasmercedinas.com\\\/site\\\/\",\"name\":\"NOTICIASMERCEDINAS.COM\",\"description\":\"Mercedes, Buenos Aires, Argentina\",\"publisher\":{\"@id\":\"https:\\\/\\\/noticiasmercedinas.com\\\/site\\\/#organization\"},\"potentialAction\":[{\"@type\":\"SearchAction\",\"target\":{\"@type\":\"EntryPoint\",\"urlTemplate\":\"https:\\\/\\\/noticiasmercedinas.com\\\/site\\\/?s={search_term_string}\"},\"query-input\":{\"@type\":\"PropertyValueSpecification\",\"valueRequired\":true,\"valueName\":\"search_term_string\"}}],\"inLanguage\":\"es\"},{\"@type\":\"Organization\",\"@id\":\"https:\\\/\\\/noticiasmercedinas.com\\\/site\\\/#organization\",\"name\":\"NOTICIASMERCEDINAS.COM\",\"url\":\"https:\\\/\\\/noticiasmercedinas.com\\\/site\\\/\",\"logo\":{\"@type\":\"ImageObject\",\"inLanguage\":\"es\",\"@id\":\"https:\\\/\\\/noticiasmercedinas.com\\\/site\\\/#\\\/schema\\\/logo\\\/image\\\/\",\"url\":\"https:\\\/\\\/noticiasmercedinas.com\\\/site\\\/wp-content\\\/uploads\\\/2020\\\/06\\\/LOGO-512.jpg\",\"contentUrl\":\"https:\\\/\\\/noticiasmercedinas.com\\\/site\\\/wp-content\\\/uploads\\\/2020\\\/06\\\/LOGO-512.jpg\",\"width\":512,\"height\":512,\"caption\":\"NOTICIASMERCEDINAS.COM\"},\"image\":{\"@id\":\"https:\\\/\\\/noticiasmercedinas.com\\\/site\\\/#\\\/schema\\\/logo\\\/image\\\/\"},\"sameAs\":[\"https:\\\/\\\/www.facebook.com\\\/noticiasmercedinas\\\/\",\"https:\\\/\\\/x.com\\\/notmercedinas\",\"https:\\\/\\\/www.instagram.com\\\/noticiasmercedinas\\\/\"]},{\"@type\":\"Person\",\"@id\":\"https:\\\/\\\/noticiasmercedinas.com\\\/site\\\/#\\\/schema\\\/person\\\/84b59c099c28ff2e8b77d4ceec5d8063\",\"name\":\"NOTICIASMERCEDINAS.COM\",\"image\":{\"@type\":\"ImageObject\",\"inLanguage\":\"es\",\"@id\":\"https:\\\/\\\/secure.gravatar.com\\\/avatar\\\/4dfbf16b4d17945bfb6341b2d19043457132fcf478a5ee04f42e959fd8f5df0a?s=96&d=mm&r=g\",\"url\":\"https:\\\/\\\/secure.gravatar.com\\\/avatar\\\/4dfbf16b4d17945bfb6341b2d19043457132fcf478a5ee04f42e959fd8f5df0a?s=96&d=mm&r=g\",\"contentUrl\":\"https:\\\/\\\/secure.gravatar.com\\\/avatar\\\/4dfbf16b4d17945bfb6341b2d19043457132fcf478a5ee04f42e959fd8f5df0a?s=96&d=mm&r=g\",\"caption\":\"NOTICIASMERCEDINAS.COM\"},\"url\":\"https:\\\/\\\/noticiasmercedinas.com\\\/site\\\/author\\\/anonimo\\\/\"}]}<\/script>\n<!-- \/ Yoast SEO plugin. -->","yoast_head_json":{"title":"Director de Cultura y Educaci\u00f3n, Alberto Sileoni, llega a Mercedes con importantes anuncios","robots":{"index":"index","follow":"follow","max-snippet":"max-snippet:-1","max-image-preview":"max-image-preview:large","max-video-preview":"max-video-preview:-1"},"canonical":"https:\/\/noticiasmercedinas.com\/site\/2023\/06\/08\/director-de-cultura-y-educacion-alberto-sileoni-llega-a-mercedes-con-importantes-anuncios\/","og_locale":"es_ES","og_type":"article","og_title":"Director de Cultura y Educaci\u00f3n, Alberto Sileoni, llega a Mercedes con importantes anuncios","og_description":"\u25a0 Habr\u00e1 un encuentro en el primer piso del municipio desde las 11. Firmar\u00e1n obras de infraestructura para la Secundaria 13. Anunciar\u00e1n licitaci\u00f3n del edificio para el Instituto 7","og_url":"https:\/\/noticiasmercedinas.com\/site\/2023\/06\/08\/director-de-cultura-y-educacion-alberto-sileoni-llega-a-mercedes-con-importantes-anuncios\/","og_site_name":"NOTICIASMERCEDINAS.COM","article_publisher":"https:\/\/www.facebook.com\/noticiasmercedinas\/","article_published_time":"2023-06-08T20:24:52+00:00","og_image":[{"width":640,"height":383,"url":"https:\/\/noticiasmercedinas.com\/site\/wp-content\/uploads\/2023\/06\/alberto_sileoni.jpg","type":"image\/jpeg"}],"author":"NOTICIASMERCEDINAS.COM","twitter_card":"summary_large_image","twitter_creator":"@notmercedinas","twitter_site":"@notmercedinas","twitter_misc":{"Escrito por":"NOTICIASMERCEDINAS.COM","Tiempo de lectura":"1 minuto"},"schema":{"@context":"https:\/\/schema.org","@graph":[{"@type":"Article","@id":"https:\/\/noticiasmercedinas.com\/site\/2023\/06\/08\/director-de-cultura-y-educacion-alberto-sileoni-llega-a-mercedes-con-importantes-anuncios\/#article","isPartOf":{"@id":"https:\/\/noticiasmercedinas.com\/site\/2023\/06\/08\/director-de-cultura-y-educacion-alberto-sileoni-llega-a-mercedes-con-importantes-anuncios\/"},"author":{"name":"NOTICIASMERCEDINAS.COM","@id":"https:\/\/noticiasmercedinas.com\/site\/#\/schema\/person\/84b59c099c28ff2e8b77d4ceec5d8063"},"headline":"Director de Cultura y Educaci\u00f3n, Alberto Sileoni, llega a Mercedes con importantes anuncios","datePublished":"2023-06-08T20:24:52+00:00","mainEntityOfPage":{"@id":"https:\/\/noticiasmercedinas.com\/site\/2023\/06\/08\/director-de-cultura-y-educacion-alberto-sileoni-llega-a-mercedes-con-importantes-anuncios\/"},"wordCount":195,"publisher":{"@id":"https:\/\/noticiasmercedinas.com\/site\/#organization"},"image":{"@id":"https:\/\/noticiasmercedinas.com\/site\/2023\/06\/08\/director-de-cultura-y-educacion-alberto-sileoni-llega-a-mercedes-con-importantes-anuncios\/#primaryimage"},"thumbnailUrl":"https:\/\/noticiasmercedinas.com\/site\/wp-content\/uploads\/2023\/06\/alberto_sileoni.jpg","keywords":["Alberto Sileoni","cens 451","educacion","Escuela Secundaria 13","instituto 7"],"articleSection":["Educacion","Sociedad"],"inLanguage":"es"},{"@type":"WebPage","@id":"https:\/\/noticiasmercedinas.com\/site\/2023\/06\/08\/director-de-cultura-y-educacion-alberto-sileoni-llega-a-mercedes-con-importantes-anuncios\/","url":"https:\/\/noticiasmercedinas.com\/site\/2023\/06\/08\/director-de-cultura-y-educacion-alberto-sileoni-llega-a-mercedes-con-importantes-anuncios\/","name":"Director de Cultura y Educaci\u00f3n, Alberto Sileoni, llega a Mercedes con importantes anuncios","isPartOf":{"@id":"https:\/\/noticiasmercedinas.com\/site\/#website"},"primaryImageOfPage":{"@id":"https:\/\/noticiasmercedinas.com\/site\/2023\/06\/08\/director-de-cultura-y-educacion-alberto-sileoni-llega-a-mercedes-con-importantes-anuncios\/#primaryimage"},"image":{"@id":"https:\/\/noticiasmercedinas.com\/site\/2023\/06\/08\/director-de-cultura-y-educacion-alberto-sileoni-llega-a-mercedes-con-importantes-anuncios\/#primaryimage"},"thumbnailUrl":"https:\/\/noticiasmercedinas.com\/site\/wp-content\/uploads\/2023\/06\/alberto_sileoni.jpg","datePublished":"2023-06-08T20:24:52+00:00","breadcrumb":{"@id":"https:\/\/noticiasmercedinas.com\/site\/2023\/06\/08\/director-de-cultura-y-educacion-alberto-sileoni-llega-a-mercedes-con-importantes-anuncios\/#breadcrumb"},"inLanguage":"es","potentialAction":[{"@type":"ReadAction","target":["https:\/\/noticiasmercedinas.com\/site\/2023\/06\/08\/director-de-cultura-y-educacion-alberto-sileoni-llega-a-mercedes-con-importantes-anuncios\/"]}]},{"@type":"ImageObject","inLanguage":"es","@id":"https:\/\/noticiasmercedinas.com\/site\/2023\/06\/08\/director-de-cultura-y-educacion-alberto-sileoni-llega-a-mercedes-con-importantes-anuncios\/#primaryimage","url":"https:\/\/noticiasmercedinas.com\/site\/wp-content\/uploads\/2023\/06\/alberto_sileoni.jpg","contentUrl":"https:\/\/noticiasmercedinas.com\/site\/wp-content\/uploads\/2023\/06\/alberto_sileoni.jpg","width":640,"height":383},{"@type":"BreadcrumbList","@id":"https:\/\/noticiasmercedinas.com\/site\/2023\/06\/08\/director-de-cultura-y-educacion-alberto-sileoni-llega-a-mercedes-con-importantes-anuncios\/#breadcrumb","itemListElement":[{"@type":"ListItem","position":1,"name":"Portada","item":"https:\/\/noticiasmercedinas.com\/site\/"},{"@type":"ListItem","position":2,"name":"Director de Cultura y Educaci\u00f3n, Alberto Sileoni, llega a Mercedes con importantes anuncios"}]},{"@type":"WebSite","@id":"https:\/\/noticiasmercedinas.com\/site\/#website","url":"https:\/\/noticiasmercedinas.com\/site\/","name":"NOTICIASMERCEDINAS.COM","description":"Mercedes, Buenos Aires, Argentina","publisher":{"@id":"https:\/\/noticiasmercedinas.com\/site\/#organization"},"potentialAction":[{"@type":"SearchAction","target":{"@type":"EntryPoint","urlTemplate":"https:\/\/noticiasmercedinas.com\/site\/?s={search_term_string}"},"query-input":{"@type":"PropertyValueSpecification","valueRequired":true,"valueName":"search_term_string"}}],"inLanguage":"es"},{"@type":"Organization","@id":"https:\/\/noticiasmercedinas.com\/site\/#organization","name":"NOTICIASMERCEDINAS.COM","url":"https:\/\/noticiasmercedinas.com\/site\/","logo":{"@type":"ImageObject","inLanguage":"es","@id":"https:\/\/noticiasmercedinas.com\/site\/#\/schema\/logo\/image\/","url":"https:\/\/noticiasmercedinas.com\/site\/wp-content\/uploads\/2020\/06\/LOGO-512.jpg","contentUrl":"https:\/\/noticiasmercedinas.com\/site\/wp-content\/uploads\/2020\/06\/LOGO-512.jpg","width":512,"height":512,"caption":"NOTICIASMERCEDINAS.COM"},"image":{"@id":"https:\/\/noticiasmercedinas.com\/site\/#\/schema\/logo\/image\/"},"sameAs":["https:\/\/www.facebook.com\/noticiasmercedinas\/","https:\/\/x.com\/notmercedinas","https:\/\/www.instagram.com\/noticiasmercedinas\/"]},{"@type":"Person","@id":"https:\/\/noticiasmercedinas.com\/site\/#\/schema\/person\/84b59c099c28ff2e8b77d4ceec5d8063","name":"NOTICIASMERCEDINAS.COM","image":{"@type":"ImageObject","inLanguage":"es","@id":"https:\/\/secure.gravatar.com\/avatar\/4dfbf16b4d17945bfb6341b2d19043457132fcf478a5ee04f42e959fd8f5df0a?s=96&d=mm&r=g","url":"https:\/\/secure.gravatar.com\/avatar\/4dfbf16b4d17945bfb6341b2d19043457132fcf478a5ee04f42e959fd8f5df0a?s=96&d=mm&r=g","contentUrl":"https:\/\/secure.gravatar.com\/avatar\/4dfbf16b4d17945bfb6341b2d19043457132fcf478a5ee04f42e959fd8f5df0a?s=96&d=mm&r=g","caption":"NOTICIASMERCEDINAS.COM"},"url":"https:\/\/noticiasmercedinas.com\/site\/author\/anonimo\/"}]}},"amp_enabled":true,"_links":{"self":[{"href":"https:\/\/noticiasmercedinas.com\/site\/wp-json\/wp\/v2\/posts\/116627","targetHints":{"allow":["GET"]}}],"collection":[{"href":"https:\/\/noticiasmercedinas.com\/site\/wp-json\/wp\/v2\/posts"}],"about":[{"href":"https:\/\/noticiasmercedinas.com\/site\/wp-json\/wp\/v2\/types\/post"}],"author":[{"embeddable":true,"href":"https:\/\/noticiasmercedinas.com\/site\/wp-json\/wp\/v2\/users\/16"}],"replies":[{"embeddable":true,"href":"https:\/\/noticiasmercedinas.com\/site\/wp-json\/wp\/v2\/comments?post=116627"}],"version-history":[{"count":1,"href":"https:\/\/noticiasmercedinas.com\/site\/wp-json\/wp\/v2\/posts\/116627\/revisions"}],"predecessor-version":[{"id":116639,"href":"https:\/\/noticiasmercedinas.com\/site\/wp-json\/wp\/v2\/posts\/116627\/revisions\/116639"}],"wp:featuredmedia":[{"embeddable":true,"href":"https:\/\/noticiasmercedinas.com\/site\/wp-json\/wp\/v2\/media\/116638"}],"wp:attachment":[{"href":"https:\/\/noticiasmercedinas.com\/site\/wp-json\/wp\/v2\/media?parent=116627"}],"wp:term":[{"taxonomy":"category","embeddable":true,"href":"https:\/\/noticiasmercedinas.com\/site\/wp-json\/wp\/v2\/categories?post=116627"},{"taxonomy":"post_tag","embeddable":true,"href":"https:\/\/noticiasmercedinas.com\/site\/wp-json\/wp\/v2\/tags?post=116627"}],"curies":[{"name":"wp","href":"https:\/\/api.w.org\/{rel}","templated":true}]}}