{"id":116715,"date":"2023-06-09T16:36:12","date_gmt":"2023-06-09T19:36:12","guid":{"rendered":"https:\/\/noticiasmercedinas.com\/site\/?p=116715"},"modified":"2023-06-09T18:18:25","modified_gmt":"2023-06-09T21:18:25","slug":"queremos-asegurarnos-que-juntos-por-el-cambio-gane-la-provincia-de-buenos-aires","status":"publish","type":"post","link":"https:\/\/noticiasmercedinas.com\/site\/2023\/06\/09\/queremos-asegurarnos-que-juntos-por-el-cambio-gane-la-provincia-de-buenos-aires\/","title":{"rendered":"\u00abQueremos asegurarnos que Juntos por el Cambio gane la provincia de Buenos Aires\u00bb"},"content":{"rendered":"<p><img loading=\"lazy\" decoding=\"async\" class=\"alignnone size-full wp-image-116718\" src=\"https:\/\/noticiasmercedinas.com\/site\/wp-content\/uploads\/2023\/06\/tetaz02.jpg\" alt=\"\" width=\"640\" height=\"427\" srcset=\"https:\/\/noticiasmercedinas.com\/site\/wp-content\/uploads\/2023\/06\/tetaz02.jpg 640w, https:\/\/noticiasmercedinas.com\/site\/wp-content\/uploads\/2023\/06\/tetaz02-300x200.jpg 300w\" sizes=\"auto, (max-width: 640px) 100vw, 640px\" \/><\/p>\n<p>Aguerrido y referente de varios de las nuevas generaciones, <strong>Mart\u00edn Tetaz <\/strong>pas\u00f3 por Mercedes para compartir un encuentro con militantes de la UCR y del Frente Juntos, quienes se preparan con todo en este calendario electoral que se achica y ve la hora de las definiciones. Adem\u00e1s de referentes radicales, en la reuni\u00f3n en el Comit\u00e9 que se llev\u00f3 adelante este viernes e incluy\u00f3 un almuerzo compartido pasado este mediod\u00eda tambi\u00e9n se vio a precandidatos del espacio como <strong>Daniel Ivaldis<\/strong> y <strong>Noelia Ruiz<\/strong>. Adem\u00e1s hubo concejales, tales los casos de <strong>Nora Ortubia<\/strong>, <strong>D\u00e9bora Lacasa<\/strong>, <strong>Edgar Killmeate<\/strong> y <strong>Mart\u00edn Bossi<\/strong>, quien tambi\u00e9n es dirigente de la Coalici\u00f3n C\u00edvica.<\/p>\n<p>\u201cDebemos estar juntos de cara a la gente\u201d, valor\u00f3 a su paso por Mercedes Mart\u00edn Tetaz, pol\u00edtico y economista que desde 2021 es diputado nacional por la Ciudad Aut\u00f3noma de Buenos Aires, tras ser electo por Juntos por el Cambio, y de quien se dice ahora que podr\u00eda ser candidato a vicegobernador, algo que no neg\u00f3 ni afirm\u00f3.<\/p>\n<p>En el marco de su recorrido por diferentes localidades de la provincia de Buenos Aires, en Mercedes Tetaz dijo se busca \u201casegurar el triunfo de Juntos por el Cambio en las elecciones venideras\u201d y coment\u00f3 sobre su objetivo de sumar contribuciones en cada lugar que visita.<\/p>\n<p>En este sentido expres\u00f3 su compromiso de trabajar incansablemente para asegurar el \u00e9xito del espacio pol\u00edtico al que representa en la provincia, m\u00e1s all\u00e1 de en qu\u00e9 posici\u00f3n le toque jugar. \u00abNo sabemos si ser\u00e9 candidato a vicegobernador, pero lo que queremos asegurarnos es que Juntos por el Cambio gane la provincia de Buenos Aires. Estamos dispuestos a contribuir en cada lugar que visitamos\u00bb, afirm\u00f3.<\/p>\n<p><img loading=\"lazy\" decoding=\"async\" class=\"alignnone size-full wp-image-116731\" src=\"https:\/\/noticiasmercedinas.com\/site\/wp-content\/uploads\/2023\/06\/IPHONE1.jpg\" alt=\"\" width=\"640\" height=\"432\" srcset=\"https:\/\/noticiasmercedinas.com\/site\/wp-content\/uploads\/2023\/06\/IPHONE1.jpg 640w, https:\/\/noticiasmercedinas.com\/site\/wp-content\/uploads\/2023\/06\/IPHONE1-300x203.jpg 300w\" sizes=\"auto, (max-width: 640px) 100vw, 640px\" \/><\/p>\n<p>Adem\u00e1s mencion\u00f3 su visita a ciudades como Campana y Tandil, donde ha liderado y participado activamente en diversas actividades. En el caso de Tandil, resalt\u00f3 el trabajo realizado para fortalecer el apoyo al espacio pol\u00edtico, y mencion\u00f3 \u201cel cambio cultural que se est\u00e1 produciendo en toda la provincia de Buenos Aires\u201d, incluyendo la ciudad de Mercedes.<\/p>\n<p>En cuanto a Mercedes, el candidato reconoci\u00f3 \u201clas dificultades existentes debido a la hegemon\u00eda del kirchnerismo en la ciudad\u201d. Sin embargo, destac\u00f3 \u201cla fuerza y empuje de la juventud\u201d y \u201clos distintos cuadros del radicalismo en la localidad\u201d, asegurando que pr\u00f3ximamente se lograr\u00e1 conquistar la intendencia. \u00abVeo una juventud muy fuerte en Mercedes, que est\u00e1 empujando mucho y un cambio cultural grande que se est\u00e1 produciendo en toda la provincia. Mercedes no ser\u00e1 la excepci\u00f3n\u00bb, a\u00f1adi\u00f3.<\/p>\n<p>Tetaz se mostr\u00f3 confiado en que, a pesar de los desaf\u00edos, Juntos por el Cambio lograr\u00e1 expandir su influencia en la provincia de Buenos Aires, y reiter\u00f3 su compromiso de trabajar arduamente para alcanzar dicho objetivo.<\/p>\n<blockquote><p>\u00abEn los lugares donde tenemos ventajas, tenemos que arrasar porque sabemos que el peronismo en el conurbano va a poner toda la carne en el asador y Mercedes es uno de esos lugares\u00bb<\/p><\/blockquote>\n<p><strong>\u201cGanarle a Wado\u201d<br \/>\n<\/strong>\u201cEn los lugares donde tenemos ventajas, tenemos que arrasar porque sabemos que el peronismo en el conurbano va a poner toda la carne en el asador y Mercedes es uno de esos lugares, que antes era interior productivo de la provincia y que cada vez se conubaniza m\u00e1s. Se ve una realidad distinta, eso se nota cada vez m\u00e1s y sabemos que adem\u00e1s es la cuna de Wado de Pedro, donde va a estar una apuesta fuerte para que ellos hagan diferencia ac\u00e1. Con lo cual es doblemente atractivo tener gente muy competitiva, muy capaz, que pueda participar del espacio pol\u00edtico de Juntos por el Cambio para tratar de ganarle nada m\u00e1s ni nada menos que a Wado en su propia casa\u201d, dijo textual ante los medios presentes.<\/p>\n<p>En la faz econ\u00f3mica, dijo que se debe \u201creconstruir la independencia absoluta al Banco Central\u201d ya que \u201cde esa manera se termina la inflaci\u00f3n\u201d: \u201cVemos lo que pasa en Chile, en Colombia, en Per\u00fa, en Brasil, en Bolivia\u2026 no es ideol\u00f3gico. Gana Lula en Brasil ahora y de hecho termin\u00f3 su inflaci\u00f3n, la que ten\u00eda Bolsonaro. Gana Boric en Chile y dice que hay que tener equilibrio fiscal, porque no se puede gobernar de otra manera. En Uruguay estaba Mujica y dec\u00eda que hab\u00eda que cuidar a los capitalistas y ahora est\u00e1 el gobierno de la centroderecha y tambi\u00e9n. O sea que ni siquiera es ideol\u00f3gico, este tema es un tema t\u00e9cnico. Con independencia absoluta del Banco Central, si nosotros construimos un muro entre el Banco Central y el Presidente de la Naci\u00f3n, sea quien sea, ac\u00e1 tambi\u00e9n a futuro se termina la inflaci\u00f3n en Argentina. Y creo que eso es lo que tenemos que focalizar\u201d, indic\u00f3.<\/p>\n<p>Luego, Tetaz reconoci\u00f3 \u201cel fracaso\u201d de la pol\u00edtica, m\u00e1s all\u00e1 del descontento de la poblaci\u00f3n en general: \u201cNo es solamente la crisis actual, la pol\u00edtica viene fracasando en proveer bienes y servicios de calidad para la gente. Cuando la clase media trata de irse a la escuela privada porque la escuela p\u00fablica no funciona es un llamado de atenci\u00f3n a todas las clases pol\u00edticas, no solamente al peronismo que gobierna hace much\u00edsimos a\u00f1os en la provincia de Buenos Aires. La educaci\u00f3n para nosotros es el tema m\u00e1s importante, aunque no nos <em>garpe<\/em> electoralmente, porque la mayor\u00eda de los problemas que tiene la Argentina son problemas de educaci\u00f3n\u201d, dijo entre otros conceptos ante los medios.<\/p>\n<p><img loading=\"lazy\" decoding=\"async\" class=\"alignnone size-full wp-image-116719\" src=\"https:\/\/noticiasmercedinas.com\/site\/wp-content\/uploads\/2023\/06\/tetaz01.jpg\" alt=\"\" width=\"640\" height=\"427\" srcset=\"https:\/\/noticiasmercedinas.com\/site\/wp-content\/uploads\/2023\/06\/tetaz01.jpg 640w, https:\/\/noticiasmercedinas.com\/site\/wp-content\/uploads\/2023\/06\/tetaz01-300x200.jpg 300w\" sizes=\"auto, (max-width: 640px) 100vw, 640px\" \/><\/p>\n<p><strong>\u00bfAcuerdo China? \u00bfQu\u00e9 acuerdo?<br \/>\n<\/strong>Y hablando de Econom\u00eda, se le pregunt\u00f3 qu\u00e9 opini\u00f3n le merecen las \u00faltimas medidas que tom\u00f3 Sergio Massa, como son los acuerdos con China y los cambios que se est\u00e1n produciendo ahora en las escalas de monotributo obligadamente, a lo que fue lac\u00f3nico: \u201cLo del cambio en las escalas monotributo es un acto demag\u00f3gico, ya que tendr\u00eda que ser autom\u00e1tico. Nosotros presentamos varios proyectos de ley el a\u00f1o pasado para que los cambios sean autom\u00e1ticos, pero ahora parece que es una d\u00e1diva que te da el ministro de Econom\u00eda, y eso no est\u00e1 bueno y mucho menos a poco tiempo de una elecci\u00f3n. Y en segundo lugar hay mucha incertidumbre sobre qu\u00e9 acordaron en China. Nosotros pedimos el acuerdo para verlo, para estudiarlo, para ver por ejemplo, una pregunta que no pudo contestar el Banco Central hasta ahora, que es qu\u00e9 tasa paga Argentina por el Swap que acaban de arreglar, y resulta que han hecho un acuerdo donde el Fondo Monetario estuvo en el ojo de la tormenta por parte del oficialismo, un mont\u00f3n de tiempo por las condiciones, y ahora que uno se pregunta cu\u00e1nto estamos pagando a los chinos, nadie sabe y el Banco Central te dice que la cl\u00e1usula es secreta. Esto es ins\u00f3lito, o sea, nunca un acuerdo financiero puede serlo, porque no es ilegal y porque adem\u00e1s no es un acuerdo que por razones de seguridad tiene que mantenerse secreto, ac\u00e1 no hay ninguna raz\u00f3n. Es una cl\u00e1usula financiera, es un n\u00famero cu\u00e1nto va a pagar Argentina por utilizar el Swap. Entonces eso tenemos que saberlo\u201d, marc\u00f3 Tetaz.<\/p>\n<p><strong>Su candidatura y los candidatos locales<br \/>\n<\/strong>Consultado si ser\u00e1 el candidato a vice gobernador en la provincia de Buenos Aires por el espacio, dijo que \u201cest\u00e1 abierta la posibilidad\u201d: \u201cNo sabemos. Nosotros queremos asegurarnos que Juntos por el Cambio gane la provincia de Buenos Aires\u201d, expres\u00f3 y llam\u00f3 a \u00a0\u201cempujar y participar cada vez un poco m\u00e1s\u201d. Adem\u00e1s valor\u00f3 a los dirigentes de Mercedes: \u201cAqu\u00ed veo a una juventud muy fuerte, que est\u00e1 empujando mucho en Mercedes y veo un cambio cultural grande, que se est\u00e1 produciendo en toda la provincia de Buenos Aires y del que Mercedes no va a ser la excepci\u00f3n. S\u00e9 que las dificultades ac\u00e1 son un poco m\u00e1s grandes por la hegemon\u00eda de lo que es el kirchnerismo en la ciudad, pero estoy seguro que con todo lo que est\u00e1 creciendo la juventud y con todo lo que est\u00e1n creciendo los distintos cuadros que tiene el radicalismo en la ciudad prontamente vamos a poner un intendente ac\u00e1 tambi\u00e9n\u201d.<\/p>\n<p>Por \u00faltimo y al cierre, ya cuando todos los presentes se sentaron a compartir el almuerzo en el sal\u00f3n del Comit\u00e9 radical, la presidenta <strong>Karina Laregina<\/strong> y la concejal D\u00e9bora Lacasa tuvieron palabras de agradecimiento hacia Mart\u00edn Tetaz por su presencia y empuje, que es \u201cmotivante para todos\u201d en la ciudad.<\/p>\n<p><img loading=\"lazy\" decoding=\"async\" class=\"alignnone size-full wp-image-116732\" src=\"https:\/\/noticiasmercedinas.com\/site\/wp-content\/uploads\/2023\/06\/IPHONE.jpg\" alt=\"\" width=\"640\" height=\"421\" srcset=\"https:\/\/noticiasmercedinas.com\/site\/wp-content\/uploads\/2023\/06\/IPHONE.jpg 640w, https:\/\/noticiasmercedinas.com\/site\/wp-content\/uploads\/2023\/06\/IPHONE-300x197.jpg 300w\" sizes=\"auto, (max-width: 640px) 100vw, 640px\" \/><\/p>\n","protected":false},"excerpt":{"rendered":"<p>\u25a0 El diputado y posible candidato a vicegobernador Mart\u00edn Tetaz pas\u00f3 por Mercedes. Mantuvo un encuentro en la UCR con referentes de ese espacio y de Juntos por el Cambio.<\/p>\n","protected":false},"author":16,"featured_media":116718,"comment_status":"closed","ping_status":"closed","sticky":false,"template":"","format":"standard","meta":{"footnotes":""},"categories":[16],"tags":[5431,14662,5269,12429,11066,1002],"class_list":["post-116715","post","type-post","status-publish","format-standard","has-post-thumbnail","hentry","category-politica","tag-daniel-ivaldis","tag-elecciones-2023","tag-juntos-por-el-cambio","tag-martin-tetaz","tag-noelia-ruiz","tag-ucr"],"yoast_head":"<!-- This site is optimized with the Yoast SEO plugin v27.4 - https:\/\/yoast.com\/product\/yoast-seo-wordpress\/ -->\n<title>&quot;Queremos asegurarnos que Juntos por el Cambio gane la provincia de Buenos Aires&quot;<\/title>\n<meta name=\"robots\" content=\"index, follow, max-snippet:-1, max-image-preview:large, max-video-preview:-1\" \/>\n<link rel=\"canonical\" href=\"https:\/\/noticiasmercedinas.com\/site\/2023\/06\/09\/queremos-asegurarnos-que-juntos-por-el-cambio-gane-la-provincia-de-buenos-aires\/\" \/>\n<meta property=\"og:locale\" content=\"es_ES\" \/>\n<meta property=\"og:type\" content=\"article\" \/>\n<meta property=\"og:title\" content=\"&quot;Queremos asegurarnos que Juntos por el Cambio gane la provincia de Buenos Aires&quot;\" \/>\n<meta property=\"og:description\" content=\"\u25a0 El diputado y posible candidato a vicegobernador Mart\u00edn Tetaz pas\u00f3 por Mercedes. Mantuvo un encuentro en la UCR con referentes de ese espacio y de Juntos por el Cambio.\" \/>\n<meta property=\"og:url\" content=\"https:\/\/noticiasmercedinas.com\/site\/2023\/06\/09\/queremos-asegurarnos-que-juntos-por-el-cambio-gane-la-provincia-de-buenos-aires\/\" \/>\n<meta property=\"og:site_name\" content=\"NOTICIASMERCEDINAS.COM\" \/>\n<meta property=\"article:publisher\" content=\"https:\/\/www.facebook.com\/noticiasmercedinas\/\" \/>\n<meta property=\"article:published_time\" content=\"2023-06-09T19:36:12+00:00\" \/>\n<meta property=\"article:modified_time\" content=\"2023-06-09T21:18:25+00:00\" \/>\n<meta property=\"og:image\" content=\"https:\/\/noticiasmercedinas.com\/site\/wp-content\/uploads\/2023\/06\/tetaz02.jpg\" \/>\n\t<meta property=\"og:image:width\" content=\"640\" \/>\n\t<meta property=\"og:image:height\" content=\"427\" \/>\n\t<meta property=\"og:image:type\" content=\"image\/jpeg\" \/>\n<meta name=\"author\" content=\"NOTICIASMERCEDINAS.COM\" \/>\n<meta name=\"twitter:card\" content=\"summary_large_image\" \/>\n<meta name=\"twitter:creator\" content=\"@notmercedinas\" \/>\n<meta name=\"twitter:site\" content=\"@notmercedinas\" \/>\n<meta name=\"twitter:label1\" content=\"Escrito por\" \/>\n\t<meta name=\"twitter:data1\" content=\"NOTICIASMERCEDINAS.COM\" \/>\n\t<meta name=\"twitter:label2\" content=\"Tiempo de lectura\" \/>\n\t<meta name=\"twitter:data2\" content=\"8 minutos\" \/>\n<script type=\"application\/ld+json\" class=\"yoast-schema-graph\">{\"@context\":\"https:\\\/\\\/schema.org\",\"@graph\":[{\"@type\":\"Article\",\"@id\":\"https:\\\/\\\/noticiasmercedinas.com\\\/site\\\/2023\\\/06\\\/09\\\/queremos-asegurarnos-que-juntos-por-el-cambio-gane-la-provincia-de-buenos-aires\\\/#article\",\"isPartOf\":{\"@id\":\"https:\\\/\\\/noticiasmercedinas.com\\\/site\\\/2023\\\/06\\\/09\\\/queremos-asegurarnos-que-juntos-por-el-cambio-gane-la-provincia-de-buenos-aires\\\/\"},\"author\":{\"name\":\"NOTICIASMERCEDINAS.COM\",\"@id\":\"https:\\\/\\\/noticiasmercedinas.com\\\/site\\\/#\\\/schema\\\/person\\\/84b59c099c28ff2e8b77d4ceec5d8063\"},\"headline\":\"\u00abQueremos asegurarnos que Juntos por el Cambio gane la provincia de Buenos Aires\u00bb\",\"datePublished\":\"2023-06-09T19:36:12+00:00\",\"dateModified\":\"2023-06-09T21:18:25+00:00\",\"mainEntityOfPage\":{\"@id\":\"https:\\\/\\\/noticiasmercedinas.com\\\/site\\\/2023\\\/06\\\/09\\\/queremos-asegurarnos-que-juntos-por-el-cambio-gane-la-provincia-de-buenos-aires\\\/\"},\"wordCount\":1460,\"publisher\":{\"@id\":\"https:\\\/\\\/noticiasmercedinas.com\\\/site\\\/#organization\"},\"image\":{\"@id\":\"https:\\\/\\\/noticiasmercedinas.com\\\/site\\\/2023\\\/06\\\/09\\\/queremos-asegurarnos-que-juntos-por-el-cambio-gane-la-provincia-de-buenos-aires\\\/#primaryimage\"},\"thumbnailUrl\":\"https:\\\/\\\/noticiasmercedinas.com\\\/site\\\/wp-content\\\/uploads\\\/2023\\\/06\\\/tetaz02.jpg\",\"keywords\":[\"Daniel Ivaldis\",\"elecciones 2023\",\"juntos por el cambio\",\"Mart\u00edn Tetaz\",\"Noelia Ruiz\",\"Ucr\"],\"articleSection\":[\"Politica\"],\"inLanguage\":\"es\"},{\"@type\":\"WebPage\",\"@id\":\"https:\\\/\\\/noticiasmercedinas.com\\\/site\\\/2023\\\/06\\\/09\\\/queremos-asegurarnos-que-juntos-por-el-cambio-gane-la-provincia-de-buenos-aires\\\/\",\"url\":\"https:\\\/\\\/noticiasmercedinas.com\\\/site\\\/2023\\\/06\\\/09\\\/queremos-asegurarnos-que-juntos-por-el-cambio-gane-la-provincia-de-buenos-aires\\\/\",\"name\":\"\\\"Queremos asegurarnos que Juntos por el Cambio gane la provincia de Buenos Aires\\\"\",\"isPartOf\":{\"@id\":\"https:\\\/\\\/noticiasmercedinas.com\\\/site\\\/#website\"},\"primaryImageOfPage\":{\"@id\":\"https:\\\/\\\/noticiasmercedinas.com\\\/site\\\/2023\\\/06\\\/09\\\/queremos-asegurarnos-que-juntos-por-el-cambio-gane-la-provincia-de-buenos-aires\\\/#primaryimage\"},\"image\":{\"@id\":\"https:\\\/\\\/noticiasmercedinas.com\\\/site\\\/2023\\\/06\\\/09\\\/queremos-asegurarnos-que-juntos-por-el-cambio-gane-la-provincia-de-buenos-aires\\\/#primaryimage\"},\"thumbnailUrl\":\"https:\\\/\\\/noticiasmercedinas.com\\\/site\\\/wp-content\\\/uploads\\\/2023\\\/06\\\/tetaz02.jpg\",\"datePublished\":\"2023-06-09T19:36:12+00:00\",\"dateModified\":\"2023-06-09T21:18:25+00:00\",\"breadcrumb\":{\"@id\":\"https:\\\/\\\/noticiasmercedinas.com\\\/site\\\/2023\\\/06\\\/09\\\/queremos-asegurarnos-que-juntos-por-el-cambio-gane-la-provincia-de-buenos-aires\\\/#breadcrumb\"},\"inLanguage\":\"es\",\"potentialAction\":[{\"@type\":\"ReadAction\",\"target\":[\"https:\\\/\\\/noticiasmercedinas.com\\\/site\\\/2023\\\/06\\\/09\\\/queremos-asegurarnos-que-juntos-por-el-cambio-gane-la-provincia-de-buenos-aires\\\/\"]}]},{\"@type\":\"ImageObject\",\"inLanguage\":\"es\",\"@id\":\"https:\\\/\\\/noticiasmercedinas.com\\\/site\\\/2023\\\/06\\\/09\\\/queremos-asegurarnos-que-juntos-por-el-cambio-gane-la-provincia-de-buenos-aires\\\/#primaryimage\",\"url\":\"https:\\\/\\\/noticiasmercedinas.com\\\/site\\\/wp-content\\\/uploads\\\/2023\\\/06\\\/tetaz02.jpg\",\"contentUrl\":\"https:\\\/\\\/noticiasmercedinas.com\\\/site\\\/wp-content\\\/uploads\\\/2023\\\/06\\\/tetaz02.jpg\",\"width\":640,\"height\":427},{\"@type\":\"BreadcrumbList\",\"@id\":\"https:\\\/\\\/noticiasmercedinas.com\\\/site\\\/2023\\\/06\\\/09\\\/queremos-asegurarnos-que-juntos-por-el-cambio-gane-la-provincia-de-buenos-aires\\\/#breadcrumb\",\"itemListElement\":[{\"@type\":\"ListItem\",\"position\":1,\"name\":\"Portada\",\"item\":\"https:\\\/\\\/noticiasmercedinas.com\\\/site\\\/\"},{\"@type\":\"ListItem\",\"position\":2,\"name\":\"\u00abQueremos asegurarnos que Juntos por el Cambio gane la provincia de Buenos Aires\u00bb\"}]},{\"@type\":\"WebSite\",\"@id\":\"https:\\\/\\\/noticiasmercedinas.com\\\/site\\\/#website\",\"url\":\"https:\\\/\\\/noticiasmercedinas.com\\\/site\\\/\",\"name\":\"NOTICIASMERCEDINAS.COM\",\"description\":\"Mercedes, Buenos Aires, Argentina\",\"publisher\":{\"@id\":\"https:\\\/\\\/noticiasmercedinas.com\\\/site\\\/#organization\"},\"potentialAction\":[{\"@type\":\"SearchAction\",\"target\":{\"@type\":\"EntryPoint\",\"urlTemplate\":\"https:\\\/\\\/noticiasmercedinas.com\\\/site\\\/?s={search_term_string}\"},\"query-input\":{\"@type\":\"PropertyValueSpecification\",\"valueRequired\":true,\"valueName\":\"search_term_string\"}}],\"inLanguage\":\"es\"},{\"@type\":\"Organization\",\"@id\":\"https:\\\/\\\/noticiasmercedinas.com\\\/site\\\/#organization\",\"name\":\"NOTICIASMERCEDINAS.COM\",\"url\":\"https:\\\/\\\/noticiasmercedinas.com\\\/site\\\/\",\"logo\":{\"@type\":\"ImageObject\",\"inLanguage\":\"es\",\"@id\":\"https:\\\/\\\/noticiasmercedinas.com\\\/site\\\/#\\\/schema\\\/logo\\\/image\\\/\",\"url\":\"https:\\\/\\\/noticiasmercedinas.com\\\/site\\\/wp-content\\\/uploads\\\/2020\\\/06\\\/LOGO-512.jpg\",\"contentUrl\":\"https:\\\/\\\/noticiasmercedinas.com\\\/site\\\/wp-content\\\/uploads\\\/2020\\\/06\\\/LOGO-512.jpg\",\"width\":512,\"height\":512,\"caption\":\"NOTICIASMERCEDINAS.COM\"},\"image\":{\"@id\":\"https:\\\/\\\/noticiasmercedinas.com\\\/site\\\/#\\\/schema\\\/logo\\\/image\\\/\"},\"sameAs\":[\"https:\\\/\\\/www.facebook.com\\\/noticiasmercedinas\\\/\",\"https:\\\/\\\/x.com\\\/notmercedinas\",\"https:\\\/\\\/www.instagram.com\\\/noticiasmercedinas\\\/\"]},{\"@type\":\"Person\",\"@id\":\"https:\\\/\\\/noticiasmercedinas.com\\\/site\\\/#\\\/schema\\\/person\\\/84b59c099c28ff2e8b77d4ceec5d8063\",\"name\":\"NOTICIASMERCEDINAS.COM\",\"image\":{\"@type\":\"ImageObject\",\"inLanguage\":\"es\",\"@id\":\"https:\\\/\\\/secure.gravatar.com\\\/avatar\\\/4dfbf16b4d17945bfb6341b2d19043457132fcf478a5ee04f42e959fd8f5df0a?s=96&d=mm&r=g\",\"url\":\"https:\\\/\\\/secure.gravatar.com\\\/avatar\\\/4dfbf16b4d17945bfb6341b2d19043457132fcf478a5ee04f42e959fd8f5df0a?s=96&d=mm&r=g\",\"contentUrl\":\"https:\\\/\\\/secure.gravatar.com\\\/avatar\\\/4dfbf16b4d17945bfb6341b2d19043457132fcf478a5ee04f42e959fd8f5df0a?s=96&d=mm&r=g\",\"caption\":\"NOTICIASMERCEDINAS.COM\"},\"url\":\"https:\\\/\\\/noticiasmercedinas.com\\\/site\\\/author\\\/anonimo\\\/\"}]}<\/script>\n<!-- \/ Yoast SEO plugin. -->","yoast_head_json":{"title":"\"Queremos asegurarnos que Juntos por el Cambio gane la provincia de Buenos Aires\"","robots":{"index":"index","follow":"follow","max-snippet":"max-snippet:-1","max-image-preview":"max-image-preview:large","max-video-preview":"max-video-preview:-1"},"canonical":"https:\/\/noticiasmercedinas.com\/site\/2023\/06\/09\/queremos-asegurarnos-que-juntos-por-el-cambio-gane-la-provincia-de-buenos-aires\/","og_locale":"es_ES","og_type":"article","og_title":"\"Queremos asegurarnos que Juntos por el Cambio gane la provincia de Buenos Aires\"","og_description":"\u25a0 El diputado y posible candidato a vicegobernador Mart\u00edn Tetaz pas\u00f3 por Mercedes. Mantuvo un encuentro en la UCR con referentes de ese espacio y de Juntos por el Cambio.","og_url":"https:\/\/noticiasmercedinas.com\/site\/2023\/06\/09\/queremos-asegurarnos-que-juntos-por-el-cambio-gane-la-provincia-de-buenos-aires\/","og_site_name":"NOTICIASMERCEDINAS.COM","article_publisher":"https:\/\/www.facebook.com\/noticiasmercedinas\/","article_published_time":"2023-06-09T19:36:12+00:00","article_modified_time":"2023-06-09T21:18:25+00:00","og_image":[{"width":640,"height":427,"url":"https:\/\/noticiasmercedinas.com\/site\/wp-content\/uploads\/2023\/06\/tetaz02.jpg","type":"image\/jpeg"}],"author":"NOTICIASMERCEDINAS.COM","twitter_card":"summary_large_image","twitter_creator":"@notmercedinas","twitter_site":"@notmercedinas","twitter_misc":{"Escrito por":"NOTICIASMERCEDINAS.COM","Tiempo de lectura":"8 minutos"},"schema":{"@context":"https:\/\/schema.org","@graph":[{"@type":"Article","@id":"https:\/\/noticiasmercedinas.com\/site\/2023\/06\/09\/queremos-asegurarnos-que-juntos-por-el-cambio-gane-la-provincia-de-buenos-aires\/#article","isPartOf":{"@id":"https:\/\/noticiasmercedinas.com\/site\/2023\/06\/09\/queremos-asegurarnos-que-juntos-por-el-cambio-gane-la-provincia-de-buenos-aires\/"},"author":{"name":"NOTICIASMERCEDINAS.COM","@id":"https:\/\/noticiasmercedinas.com\/site\/#\/schema\/person\/84b59c099c28ff2e8b77d4ceec5d8063"},"headline":"\u00abQueremos asegurarnos que Juntos por el Cambio gane la provincia de Buenos Aires\u00bb","datePublished":"2023-06-09T19:36:12+00:00","dateModified":"2023-06-09T21:18:25+00:00","mainEntityOfPage":{"@id":"https:\/\/noticiasmercedinas.com\/site\/2023\/06\/09\/queremos-asegurarnos-que-juntos-por-el-cambio-gane-la-provincia-de-buenos-aires\/"},"wordCount":1460,"publisher":{"@id":"https:\/\/noticiasmercedinas.com\/site\/#organization"},"image":{"@id":"https:\/\/noticiasmercedinas.com\/site\/2023\/06\/09\/queremos-asegurarnos-que-juntos-por-el-cambio-gane-la-provincia-de-buenos-aires\/#primaryimage"},"thumbnailUrl":"https:\/\/noticiasmercedinas.com\/site\/wp-content\/uploads\/2023\/06\/tetaz02.jpg","keywords":["Daniel Ivaldis","elecciones 2023","juntos por el cambio","Mart\u00edn Tetaz","Noelia Ruiz","Ucr"],"articleSection":["Politica"],"inLanguage":"es"},{"@type":"WebPage","@id":"https:\/\/noticiasmercedinas.com\/site\/2023\/06\/09\/queremos-asegurarnos-que-juntos-por-el-cambio-gane-la-provincia-de-buenos-aires\/","url":"https:\/\/noticiasmercedinas.com\/site\/2023\/06\/09\/queremos-asegurarnos-que-juntos-por-el-cambio-gane-la-provincia-de-buenos-aires\/","name":"\"Queremos asegurarnos que Juntos por el Cambio gane la provincia de Buenos Aires\"","isPartOf":{"@id":"https:\/\/noticiasmercedinas.com\/site\/#website"},"primaryImageOfPage":{"@id":"https:\/\/noticiasmercedinas.com\/site\/2023\/06\/09\/queremos-asegurarnos-que-juntos-por-el-cambio-gane-la-provincia-de-buenos-aires\/#primaryimage"},"image":{"@id":"https:\/\/noticiasmercedinas.com\/site\/2023\/06\/09\/queremos-asegurarnos-que-juntos-por-el-cambio-gane-la-provincia-de-buenos-aires\/#primaryimage"},"thumbnailUrl":"https:\/\/noticiasmercedinas.com\/site\/wp-content\/uploads\/2023\/06\/tetaz02.jpg","datePublished":"2023-06-09T19:36:12+00:00","dateModified":"2023-06-09T21:18:25+00:00","breadcrumb":{"@id":"https:\/\/noticiasmercedinas.com\/site\/2023\/06\/09\/queremos-asegurarnos-que-juntos-por-el-cambio-gane-la-provincia-de-buenos-aires\/#breadcrumb"},"inLanguage":"es","potentialAction":[{"@type":"ReadAction","target":["https:\/\/noticiasmercedinas.com\/site\/2023\/06\/09\/queremos-asegurarnos-que-juntos-por-el-cambio-gane-la-provincia-de-buenos-aires\/"]}]},{"@type":"ImageObject","inLanguage":"es","@id":"https:\/\/noticiasmercedinas.com\/site\/2023\/06\/09\/queremos-asegurarnos-que-juntos-por-el-cambio-gane-la-provincia-de-buenos-aires\/#primaryimage","url":"https:\/\/noticiasmercedinas.com\/site\/wp-content\/uploads\/2023\/06\/tetaz02.jpg","contentUrl":"https:\/\/noticiasmercedinas.com\/site\/wp-content\/uploads\/2023\/06\/tetaz02.jpg","width":640,"height":427},{"@type":"BreadcrumbList","@id":"https:\/\/noticiasmercedinas.com\/site\/2023\/06\/09\/queremos-asegurarnos-que-juntos-por-el-cambio-gane-la-provincia-de-buenos-aires\/#breadcrumb","itemListElement":[{"@type":"ListItem","position":1,"name":"Portada","item":"https:\/\/noticiasmercedinas.com\/site\/"},{"@type":"ListItem","position":2,"name":"\u00abQueremos asegurarnos que Juntos por el Cambio gane la provincia de Buenos Aires\u00bb"}]},{"@type":"WebSite","@id":"https:\/\/noticiasmercedinas.com\/site\/#website","url":"https:\/\/noticiasmercedinas.com\/site\/","name":"NOTICIASMERCEDINAS.COM","description":"Mercedes, Buenos Aires, Argentina","publisher":{"@id":"https:\/\/noticiasmercedinas.com\/site\/#organization"},"potentialAction":[{"@type":"SearchAction","target":{"@type":"EntryPoint","urlTemplate":"https:\/\/noticiasmercedinas.com\/site\/?s={search_term_string}"},"query-input":{"@type":"PropertyValueSpecification","valueRequired":true,"valueName":"search_term_string"}}],"inLanguage":"es"},{"@type":"Organization","@id":"https:\/\/noticiasmercedinas.com\/site\/#organization","name":"NOTICIASMERCEDINAS.COM","url":"https:\/\/noticiasmercedinas.com\/site\/","logo":{"@type":"ImageObject","inLanguage":"es","@id":"https:\/\/noticiasmercedinas.com\/site\/#\/schema\/logo\/image\/","url":"https:\/\/noticiasmercedinas.com\/site\/wp-content\/uploads\/2020\/06\/LOGO-512.jpg","contentUrl":"https:\/\/noticiasmercedinas.com\/site\/wp-content\/uploads\/2020\/06\/LOGO-512.jpg","width":512,"height":512,"caption":"NOTICIASMERCEDINAS.COM"},"image":{"@id":"https:\/\/noticiasmercedinas.com\/site\/#\/schema\/logo\/image\/"},"sameAs":["https:\/\/www.facebook.com\/noticiasmercedinas\/","https:\/\/x.com\/notmercedinas","https:\/\/www.instagram.com\/noticiasmercedinas\/"]},{"@type":"Person","@id":"https:\/\/noticiasmercedinas.com\/site\/#\/schema\/person\/84b59c099c28ff2e8b77d4ceec5d8063","name":"NOTICIASMERCEDINAS.COM","image":{"@type":"ImageObject","inLanguage":"es","@id":"https:\/\/secure.gravatar.com\/avatar\/4dfbf16b4d17945bfb6341b2d19043457132fcf478a5ee04f42e959fd8f5df0a?s=96&d=mm&r=g","url":"https:\/\/secure.gravatar.com\/avatar\/4dfbf16b4d17945bfb6341b2d19043457132fcf478a5ee04f42e959fd8f5df0a?s=96&d=mm&r=g","contentUrl":"https:\/\/secure.gravatar.com\/avatar\/4dfbf16b4d17945bfb6341b2d19043457132fcf478a5ee04f42e959fd8f5df0a?s=96&d=mm&r=g","caption":"NOTICIASMERCEDINAS.COM"},"url":"https:\/\/noticiasmercedinas.com\/site\/author\/anonimo\/"}]}},"amp_enabled":true,"_links":{"self":[{"href":"https:\/\/noticiasmercedinas.com\/site\/wp-json\/wp\/v2\/posts\/116715","targetHints":{"allow":["GET"]}}],"collection":[{"href":"https:\/\/noticiasmercedinas.com\/site\/wp-json\/wp\/v2\/posts"}],"about":[{"href":"https:\/\/noticiasmercedinas.com\/site\/wp-json\/wp\/v2\/types\/post"}],"author":[{"embeddable":true,"href":"https:\/\/noticiasmercedinas.com\/site\/wp-json\/wp\/v2\/users\/16"}],"replies":[{"embeddable":true,"href":"https:\/\/noticiasmercedinas.com\/site\/wp-json\/wp\/v2\/comments?post=116715"}],"version-history":[{"count":3,"href":"https:\/\/noticiasmercedinas.com\/site\/wp-json\/wp\/v2\/posts\/116715\/revisions"}],"predecessor-version":[{"id":116733,"href":"https:\/\/noticiasmercedinas.com\/site\/wp-json\/wp\/v2\/posts\/116715\/revisions\/116733"}],"wp:featuredmedia":[{"embeddable":true,"href":"https:\/\/noticiasmercedinas.com\/site\/wp-json\/wp\/v2\/media\/116718"}],"wp:attachment":[{"href":"https:\/\/noticiasmercedinas.com\/site\/wp-json\/wp\/v2\/media?parent=116715"}],"wp:term":[{"taxonomy":"category","embeddable":true,"href":"https:\/\/noticiasmercedinas.com\/site\/wp-json\/wp\/v2\/categories?post=116715"},{"taxonomy":"post_tag","embeddable":true,"href":"https:\/\/noticiasmercedinas.com\/site\/wp-json\/wp\/v2\/tags?post=116715"}],"curies":[{"name":"wp","href":"https:\/\/api.w.org\/{rel}","templated":true}]}}