{"id":116724,"date":"2023-06-09T18:14:04","date_gmt":"2023-06-09T21:14:04","guid":{"rendered":"https:\/\/noticiasmercedinas.com\/site\/?p=116724"},"modified":"2023-06-09T23:34:20","modified_gmt":"2023-06-10T02:34:20","slug":"anuncian-inicio-de-obra-y-licitacion-de-dos-edificios-educativos-secundaria-13-e-instituto-7","status":"publish","type":"post","link":"https:\/\/noticiasmercedinas.com\/site\/2023\/06\/09\/anuncian-inicio-de-obra-y-licitacion-de-dos-edificios-educativos-secundaria-13-e-instituto-7\/","title":{"rendered":"Anuncian inicio de obra y licitaci\u00f3n de dos edificios educativos: Secundaria 13 e Instituto 7"},"content":{"rendered":"<p><img loading=\"lazy\" decoding=\"async\" class=\"alignnone size-large wp-image-116725\" src=\"https:\/\/noticiasmercedinas.com\/site\/wp-content\/uploads\/2023\/06\/Insitituo-7.2-1024x682.jpg\" alt=\"\" width=\"640\" height=\"426\" srcset=\"https:\/\/noticiasmercedinas.com\/site\/wp-content\/uploads\/2023\/06\/Insitituo-7.2-1024x682.jpg 1024w, https:\/\/noticiasmercedinas.com\/site\/wp-content\/uploads\/2023\/06\/Insitituo-7.2-300x200.jpg 300w, https:\/\/noticiasmercedinas.com\/site\/wp-content\/uploads\/2023\/06\/Insitituo-7.2-768x512.jpg 768w, https:\/\/noticiasmercedinas.com\/site\/wp-content\/uploads\/2023\/06\/Insitituo-7.2-640x427.jpg 640w, https:\/\/noticiasmercedinas.com\/site\/wp-content\/uploads\/2023\/06\/Insitituo-7.2-1280x853.jpg 1280w, https:\/\/noticiasmercedinas.com\/site\/wp-content\/uploads\/2023\/06\/Insitituo-7.2-681x454.jpg 681w, https:\/\/noticiasmercedinas.com\/site\/wp-content\/uploads\/2023\/06\/Insitituo-7.2.jpg 1319w\" sizes=\"auto, (max-width: 640px) 100vw, 640px\" \/><\/p>\n<p>En una jornada inolvidable para sus comunidades, el intendente Juan Ignacio Ustarroz y el ministro de Cultura y Educaci\u00f3n, Alberto Sileoni, llevaron a cabo la firma del inicio de obra del edificio de la Secundaria N\u00ba13 y del Instituto de Formaci\u00f3n Docente y T\u00e9cnica N\u00ba7 en la ciudad de Mercedes.<\/p>\n<p>Despu\u00e9s de un largo tiempo de lucha y b\u00fasqueda, finalmente se concretar\u00e1n estas importantes obras educativas. Gracias al financiamiento del Estado Nacional a trav\u00e9s de un convenio tripartito con la provincia de Buenos Aires y el Municipio de Mercedes, se realizar\u00e1 la reconstrucci\u00f3n total del edificio que albergar\u00e1 a la Secundaria N\u00ba13 y al CENS 451, ubicado en calle 6, entre 31 y 35.<\/p>\n<p>Adem\u00e1s, se anunci\u00f3 el llamado a licitaci\u00f3n para la construcci\u00f3n del edificio del Instituto de Formaci\u00f3n Docente y T\u00e9cnica N\u00ba7, una demanda que llevaba muchos a\u00f1os y que finalmente se ha convertido en una realidad. Este proyecto ser\u00e1 financiado en su totalidad por el Estado Provincial.<\/p>\n<p><img loading=\"lazy\" decoding=\"async\" class=\"alignnone size-large wp-image-116726\" src=\"https:\/\/noticiasmercedinas.com\/site\/wp-content\/uploads\/2023\/06\/Escuela13-1024x682.jpg\" alt=\"\" width=\"640\" height=\"426\" srcset=\"https:\/\/noticiasmercedinas.com\/site\/wp-content\/uploads\/2023\/06\/Escuela13-1024x682.jpg 1024w, https:\/\/noticiasmercedinas.com\/site\/wp-content\/uploads\/2023\/06\/Escuela13-300x200.jpg 300w, https:\/\/noticiasmercedinas.com\/site\/wp-content\/uploads\/2023\/06\/Escuela13-768x512.jpg 768w, https:\/\/noticiasmercedinas.com\/site\/wp-content\/uploads\/2023\/06\/Escuela13-640x427.jpg 640w, https:\/\/noticiasmercedinas.com\/site\/wp-content\/uploads\/2023\/06\/Escuela13-1280x853.jpg 1280w, https:\/\/noticiasmercedinas.com\/site\/wp-content\/uploads\/2023\/06\/Escuela13-681x454.jpg 681w, https:\/\/noticiasmercedinas.com\/site\/wp-content\/uploads\/2023\/06\/Escuela13.jpg 1319w\" sizes=\"auto, (max-width: 640px) 100vw, 640px\" \/><\/p>\n<p>El intendente Ustarroz expres\u00f3 su emoci\u00f3n por este hito educativo para Mercedes y destac\u00f3 el esfuerzo y trabajo en conjunto entre el Municipio, el Consejo Escolar y el Gobierno Provincial. Asimismo, resalt\u00f3 la inversi\u00f3n realizada en las escuelas de la ciudad durante su gesti\u00f3n, a pesar de los desaf\u00edos que ha presentado la pandemia. Ustarroz hizo hincapi\u00e9 en el papel fundamental de las cooperadoras escolares, que han brindado un apoyo central al sistema educativo.<\/p>\n<p>El mandatario local tambi\u00e9n hizo menci\u00f3n a los programas municipales \u00abMercedes Aprende Unida\u00bb y \u00abLa Bandera Nos Une\u00bb, los cuales han promovido la uni\u00f3n y la diversidad en el \u00e1mbito educativo, generando espacios y acciones que transforman y mejoran la sociedad.<\/p>\n<p>Por su parte, Alberto Sileoni, director de Cultura y Educaci\u00f3n de la provincia, resalt\u00f3 que las pol\u00edticas de infraestructura son decisiones tomadas desde el primer d\u00eda por el gobernador Axel Kicillof. Adem\u00e1s, destac\u00f3 la excelente relaci\u00f3n de trabajo con el intendente Ustarroz y su equipo, ya que comparten una visi\u00f3n similar y celebran la oportunidad de colaborar con Mercedes.<\/p>\n<p><img loading=\"lazy\" decoding=\"async\" class=\"alignnone size-full wp-image-116728\" src=\"https:\/\/noticiasmercedinas.com\/site\/wp-content\/uploads\/2023\/06\/sileoni01.jpg\" alt=\"\" width=\"640\" height=\"390\" srcset=\"https:\/\/noticiasmercedinas.com\/site\/wp-content\/uploads\/2023\/06\/sileoni01.jpg 640w, https:\/\/noticiasmercedinas.com\/site\/wp-content\/uploads\/2023\/06\/sileoni01-300x183.jpg 300w\" sizes=\"auto, (max-width: 640px) 100vw, 640px\" \/><\/p>\n<p>Sileoni tambi\u00e9n anunci\u00f3 con alegr\u00eda la licitaci\u00f3n para la construcci\u00f3n del Instituto de Formaci\u00f3n Docente y T\u00e9cnica N\u00ba7, subrayando la importancia de estas acciones para garantizar la dignidad y la igualdad de oportunidades para los j\u00f3venes, en l\u00ednea con los valores plasmados en el himno nacional.<\/p>\n<p>Jos\u00e9 Luis Pisano, presidente del Consejo Escolar, calific\u00f3 este d\u00eda como uno de los m\u00e1s importantes para la gesti\u00f3n educativa. Destac\u00f3 la reconstrucci\u00f3n del edificio de la Secundaria N\u00ba13 como una prioridad para el sistema educativo de Mercedes y agradeci\u00f3 al Gobierno Provincial por responder a las necesidades de las escuelas y al intendente Ustarroz por su permanente gesti\u00f3n en beneficio del sistema educativo local.<\/p>\n<p><img loading=\"lazy\" decoding=\"async\" class=\"alignnone size-full wp-image-116744\" src=\"https:\/\/noticiasmercedinas.com\/site\/wp-content\/uploads\/2023\/06\/IMG-20230609-WA0080.jpg\" alt=\"\" width=\"640\" height=\"347\" srcset=\"https:\/\/noticiasmercedinas.com\/site\/wp-content\/uploads\/2023\/06\/IMG-20230609-WA0080.jpg 640w, https:\/\/noticiasmercedinas.com\/site\/wp-content\/uploads\/2023\/06\/IMG-20230609-WA0080-300x163.jpg 300w\" sizes=\"auto, (max-width: 640px) 100vw, 640px\" \/><\/p>\n<p>El acto cont\u00f3 con la masiva participaci\u00f3n de la comunidad educativa, incluyendo estudiantes, docentes, directivos y varios funcionarios destacados. La presencia de la comunidad reflej\u00f3 el entusiasmo y el compromiso con el desarrollo educativo de Mercedes.<\/p>\n<p>Este hito marca un momento hist\u00f3rico para la ciudad de Mercedes, que celebra la concreci\u00f3n de estas obras educativas tan esperadas. Estas inversiones en infraestructura educativa fortalecen el compromiso de brindar una educaci\u00f3n de calidad y contribuyen al crecimiento y desarrollo de la comunidad en su conjunto.<\/p>\n<p><img loading=\"lazy\" decoding=\"async\" class=\"alignnone size-large wp-image-116727\" src=\"https:\/\/noticiasmercedinas.com\/site\/wp-content\/uploads\/2023\/06\/DSC02777-1024x682.jpg\" alt=\"\" width=\"640\" height=\"426\" srcset=\"https:\/\/noticiasmercedinas.com\/site\/wp-content\/uploads\/2023\/06\/DSC02777-1024x682.jpg 1024w, https:\/\/noticiasmercedinas.com\/site\/wp-content\/uploads\/2023\/06\/DSC02777-300x200.jpg 300w, https:\/\/noticiasmercedinas.com\/site\/wp-content\/uploads\/2023\/06\/DSC02777-768x512.jpg 768w, https:\/\/noticiasmercedinas.com\/site\/wp-content\/uploads\/2023\/06\/DSC02777-640x427.jpg 640w, https:\/\/noticiasmercedinas.com\/site\/wp-content\/uploads\/2023\/06\/DSC02777-1280x853.jpg 1280w, https:\/\/noticiasmercedinas.com\/site\/wp-content\/uploads\/2023\/06\/DSC02777-681x454.jpg 681w, https:\/\/noticiasmercedinas.com\/site\/wp-content\/uploads\/2023\/06\/DSC02777.jpg 1319w\" sizes=\"auto, (max-width: 640px) 100vw, 640px\" \/><\/p>\n","protected":false},"excerpt":{"rendered":"<p>\u25a0 Luego de un largo tiempo de lucha y b\u00fasqueda, el intendente Juan Ignacio Ustarroz y el ministro de Cultura y Educaci\u00f3n, Alberto Sileoni, llevaron a cabo la firma de convenios<\/p>\n","protected":false},"author":2,"featured_media":116725,"comment_status":"closed","ping_status":"closed","sticky":false,"template":"","format":"standard","meta":{"footnotes":""},"categories":[3],"tags":[13704,2349,16990],"class_list":["post-116724","post","type-post","status-publish","format-standard","has-post-thumbnail","hentry","category-sociedad","tag-alberto-sileoni","tag-instituto-7","tag-secundaria-13"],"yoast_head":"<!-- This site is optimized with the Yoast SEO plugin v27.4 - https:\/\/yoast.com\/product\/yoast-seo-wordpress\/ -->\n<title>Anuncian inicio de obra y licitaci\u00f3n de dos edificios educativos: Secundaria 13 e Instituto 7<\/title>\n<meta name=\"robots\" content=\"index, follow, max-snippet:-1, max-image-preview:large, max-video-preview:-1\" \/>\n<link rel=\"canonical\" href=\"https:\/\/noticiasmercedinas.com\/site\/2023\/06\/09\/anuncian-inicio-de-obra-y-licitacion-de-dos-edificios-educativos-secundaria-13-e-instituto-7\/\" \/>\n<meta property=\"og:locale\" content=\"es_ES\" \/>\n<meta property=\"og:type\" content=\"article\" \/>\n<meta property=\"og:title\" content=\"Anuncian inicio de obra y licitaci\u00f3n de dos edificios educativos: Secundaria 13 e Instituto 7\" \/>\n<meta property=\"og:description\" content=\"\u25a0 Luego de un largo tiempo de lucha y b\u00fasqueda, el intendente Juan Ignacio Ustarroz y el ministro de Cultura y Educaci\u00f3n, Alberto Sileoni, llevaron a cabo la firma de convenios\" \/>\n<meta property=\"og:url\" content=\"https:\/\/noticiasmercedinas.com\/site\/2023\/06\/09\/anuncian-inicio-de-obra-y-licitacion-de-dos-edificios-educativos-secundaria-13-e-instituto-7\/\" \/>\n<meta property=\"og:site_name\" content=\"NOTICIASMERCEDINAS.COM\" \/>\n<meta property=\"article:publisher\" content=\"https:\/\/www.facebook.com\/noticiasmercedinas\/\" \/>\n<meta property=\"article:author\" content=\"https:\/\/www.facebook.com\/cristian.falabella\" \/>\n<meta property=\"article:published_time\" content=\"2023-06-09T21:14:04+00:00\" \/>\n<meta property=\"article:modified_time\" content=\"2023-06-10T02:34:20+00:00\" \/>\n<meta property=\"og:image\" content=\"https:\/\/noticiasmercedinas.com\/site\/wp-content\/uploads\/2023\/06\/Insitituo-7.2.jpg\" \/>\n\t<meta property=\"og:image:width\" content=\"1319\" \/>\n\t<meta property=\"og:image:height\" content=\"879\" \/>\n\t<meta property=\"og:image:type\" content=\"image\/jpeg\" \/>\n<meta name=\"author\" content=\"Cristian Falabella NOTICIASMERCEDINAS.COM\" \/>\n<meta name=\"twitter:card\" content=\"summary_large_image\" \/>\n<meta name=\"twitter:creator\" content=\"@https:\/\/twitter.com\/NOTMERCEDINAS\" \/>\n<meta name=\"twitter:site\" content=\"@notmercedinas\" \/>\n<meta name=\"twitter:label1\" content=\"Escrito por\" \/>\n\t<meta name=\"twitter:data1\" content=\"Cristian Falabella NOTICIASMERCEDINAS.COM\" \/>\n\t<meta name=\"twitter:label2\" content=\"Tiempo de lectura\" \/>\n\t<meta name=\"twitter:data2\" content=\"4 minutos\" \/>\n<script type=\"application\/ld+json\" class=\"yoast-schema-graph\">{\"@context\":\"https:\\\/\\\/schema.org\",\"@graph\":[{\"@type\":\"Article\",\"@id\":\"https:\\\/\\\/noticiasmercedinas.com\\\/site\\\/2023\\\/06\\\/09\\\/anuncian-inicio-de-obra-y-licitacion-de-dos-edificios-educativos-secundaria-13-e-instituto-7\\\/#article\",\"isPartOf\":{\"@id\":\"https:\\\/\\\/noticiasmercedinas.com\\\/site\\\/2023\\\/06\\\/09\\\/anuncian-inicio-de-obra-y-licitacion-de-dos-edificios-educativos-secundaria-13-e-instituto-7\\\/\"},\"author\":{\"name\":\"Cristian Falabella NOTICIASMERCEDINAS.COM\",\"@id\":\"https:\\\/\\\/noticiasmercedinas.com\\\/site\\\/#\\\/schema\\\/person\\\/d481a9696a5feaec13a60e2bbd991a6a\"},\"headline\":\"Anuncian inicio de obra y licitaci\u00f3n de dos edificios educativos: Secundaria 13 e Instituto 7\",\"datePublished\":\"2023-06-09T21:14:04+00:00\",\"dateModified\":\"2023-06-10T02:34:20+00:00\",\"mainEntityOfPage\":{\"@id\":\"https:\\\/\\\/noticiasmercedinas.com\\\/site\\\/2023\\\/06\\\/09\\\/anuncian-inicio-de-obra-y-licitacion-de-dos-edificios-educativos-secundaria-13-e-instituto-7\\\/\"},\"wordCount\":582,\"publisher\":{\"@id\":\"https:\\\/\\\/noticiasmercedinas.com\\\/site\\\/#organization\"},\"image\":{\"@id\":\"https:\\\/\\\/noticiasmercedinas.com\\\/site\\\/2023\\\/06\\\/09\\\/anuncian-inicio-de-obra-y-licitacion-de-dos-edificios-educativos-secundaria-13-e-instituto-7\\\/#primaryimage\"},\"thumbnailUrl\":\"https:\\\/\\\/noticiasmercedinas.com\\\/site\\\/wp-content\\\/uploads\\\/2023\\\/06\\\/Insitituo-7.2.jpg\",\"keywords\":[\"Alberto Sileoni\",\"instituto 7\",\"secundaria 13\"],\"articleSection\":[\"Sociedad\"],\"inLanguage\":\"es\"},{\"@type\":\"WebPage\",\"@id\":\"https:\\\/\\\/noticiasmercedinas.com\\\/site\\\/2023\\\/06\\\/09\\\/anuncian-inicio-de-obra-y-licitacion-de-dos-edificios-educativos-secundaria-13-e-instituto-7\\\/\",\"url\":\"https:\\\/\\\/noticiasmercedinas.com\\\/site\\\/2023\\\/06\\\/09\\\/anuncian-inicio-de-obra-y-licitacion-de-dos-edificios-educativos-secundaria-13-e-instituto-7\\\/\",\"name\":\"Anuncian inicio de obra y licitaci\u00f3n de dos edificios educativos: Secundaria 13 e Instituto 7\",\"isPartOf\":{\"@id\":\"https:\\\/\\\/noticiasmercedinas.com\\\/site\\\/#website\"},\"primaryImageOfPage\":{\"@id\":\"https:\\\/\\\/noticiasmercedinas.com\\\/site\\\/2023\\\/06\\\/09\\\/anuncian-inicio-de-obra-y-licitacion-de-dos-edificios-educativos-secundaria-13-e-instituto-7\\\/#primaryimage\"},\"image\":{\"@id\":\"https:\\\/\\\/noticiasmercedinas.com\\\/site\\\/2023\\\/06\\\/09\\\/anuncian-inicio-de-obra-y-licitacion-de-dos-edificios-educativos-secundaria-13-e-instituto-7\\\/#primaryimage\"},\"thumbnailUrl\":\"https:\\\/\\\/noticiasmercedinas.com\\\/site\\\/wp-content\\\/uploads\\\/2023\\\/06\\\/Insitituo-7.2.jpg\",\"datePublished\":\"2023-06-09T21:14:04+00:00\",\"dateModified\":\"2023-06-10T02:34:20+00:00\",\"breadcrumb\":{\"@id\":\"https:\\\/\\\/noticiasmercedinas.com\\\/site\\\/2023\\\/06\\\/09\\\/anuncian-inicio-de-obra-y-licitacion-de-dos-edificios-educativos-secundaria-13-e-instituto-7\\\/#breadcrumb\"},\"inLanguage\":\"es\",\"potentialAction\":[{\"@type\":\"ReadAction\",\"target\":[\"https:\\\/\\\/noticiasmercedinas.com\\\/site\\\/2023\\\/06\\\/09\\\/anuncian-inicio-de-obra-y-licitacion-de-dos-edificios-educativos-secundaria-13-e-instituto-7\\\/\"]}]},{\"@type\":\"ImageObject\",\"inLanguage\":\"es\",\"@id\":\"https:\\\/\\\/noticiasmercedinas.com\\\/site\\\/2023\\\/06\\\/09\\\/anuncian-inicio-de-obra-y-licitacion-de-dos-edificios-educativos-secundaria-13-e-instituto-7\\\/#primaryimage\",\"url\":\"https:\\\/\\\/noticiasmercedinas.com\\\/site\\\/wp-content\\\/uploads\\\/2023\\\/06\\\/Insitituo-7.2.jpg\",\"contentUrl\":\"https:\\\/\\\/noticiasmercedinas.com\\\/site\\\/wp-content\\\/uploads\\\/2023\\\/06\\\/Insitituo-7.2.jpg\",\"width\":1319,\"height\":879},{\"@type\":\"BreadcrumbList\",\"@id\":\"https:\\\/\\\/noticiasmercedinas.com\\\/site\\\/2023\\\/06\\\/09\\\/anuncian-inicio-de-obra-y-licitacion-de-dos-edificios-educativos-secundaria-13-e-instituto-7\\\/#breadcrumb\",\"itemListElement\":[{\"@type\":\"ListItem\",\"position\":1,\"name\":\"Portada\",\"item\":\"https:\\\/\\\/noticiasmercedinas.com\\\/site\\\/\"},{\"@type\":\"ListItem\",\"position\":2,\"name\":\"Anuncian inicio de obra y licitaci\u00f3n de dos edificios educativos: Secundaria 13 e Instituto 7\"}]},{\"@type\":\"WebSite\",\"@id\":\"https:\\\/\\\/noticiasmercedinas.com\\\/site\\\/#website\",\"url\":\"https:\\\/\\\/noticiasmercedinas.com\\\/site\\\/\",\"name\":\"NOTICIASMERCEDINAS.COM\",\"description\":\"Mercedes, Buenos Aires, Argentina\",\"publisher\":{\"@id\":\"https:\\\/\\\/noticiasmercedinas.com\\\/site\\\/#organization\"},\"potentialAction\":[{\"@type\":\"SearchAction\",\"target\":{\"@type\":\"EntryPoint\",\"urlTemplate\":\"https:\\\/\\\/noticiasmercedinas.com\\\/site\\\/?s={search_term_string}\"},\"query-input\":{\"@type\":\"PropertyValueSpecification\",\"valueRequired\":true,\"valueName\":\"search_term_string\"}}],\"inLanguage\":\"es\"},{\"@type\":\"Organization\",\"@id\":\"https:\\\/\\\/noticiasmercedinas.com\\\/site\\\/#organization\",\"name\":\"NOTICIASMERCEDINAS.COM\",\"url\":\"https:\\\/\\\/noticiasmercedinas.com\\\/site\\\/\",\"logo\":{\"@type\":\"ImageObject\",\"inLanguage\":\"es\",\"@id\":\"https:\\\/\\\/noticiasmercedinas.com\\\/site\\\/#\\\/schema\\\/logo\\\/image\\\/\",\"url\":\"https:\\\/\\\/noticiasmercedinas.com\\\/site\\\/wp-content\\\/uploads\\\/2020\\\/06\\\/LOGO-512.jpg\",\"contentUrl\":\"https:\\\/\\\/noticiasmercedinas.com\\\/site\\\/wp-content\\\/uploads\\\/2020\\\/06\\\/LOGO-512.jpg\",\"width\":512,\"height\":512,\"caption\":\"NOTICIASMERCEDINAS.COM\"},\"image\":{\"@id\":\"https:\\\/\\\/noticiasmercedinas.com\\\/site\\\/#\\\/schema\\\/logo\\\/image\\\/\"},\"sameAs\":[\"https:\\\/\\\/www.facebook.com\\\/noticiasmercedinas\\\/\",\"https:\\\/\\\/x.com\\\/notmercedinas\",\"https:\\\/\\\/www.instagram.com\\\/noticiasmercedinas\\\/\"]},{\"@type\":\"Person\",\"@id\":\"https:\\\/\\\/noticiasmercedinas.com\\\/site\\\/#\\\/schema\\\/person\\\/d481a9696a5feaec13a60e2bbd991a6a\",\"name\":\"Cristian Falabella NOTICIASMERCEDINAS.COM\",\"image\":{\"@type\":\"ImageObject\",\"inLanguage\":\"es\",\"@id\":\"https:\\\/\\\/secure.gravatar.com\\\/avatar\\\/0dbbfc45970cc46bcd0e57766228574ff3511d6eed045b182f536f0f478c1f06?s=96&d=mm&r=g\",\"url\":\"https:\\\/\\\/secure.gravatar.com\\\/avatar\\\/0dbbfc45970cc46bcd0e57766228574ff3511d6eed045b182f536f0f478c1f06?s=96&d=mm&r=g\",\"contentUrl\":\"https:\\\/\\\/secure.gravatar.com\\\/avatar\\\/0dbbfc45970cc46bcd0e57766228574ff3511d6eed045b182f536f0f478c1f06?s=96&d=mm&r=g\",\"caption\":\"Cristian Falabella NOTICIASMERCEDINAS.COM\"},\"description\":\"Periodista, editor de Noticias Mercedinas. Pas\u00f3 por varias redacciones y emprendimientos de prensa, en distintos formatos y \u00e9pocas. Se especializ\u00f3 --y sigue haci\u00e9ndolo-- en comunicaci\u00f3n en la web y en junio de 2006 fund\u00f3 este diario digital.\",\"sameAs\":[\"https:\\\/\\\/noticiasmercedinas.com\",\"https:\\\/\\\/www.facebook.com\\\/cristian.falabella\",\"https:\\\/\\\/www.instagram.com\\\/noticiasmercedinas\\\/\",\"https:\\\/\\\/x.com\\\/https:\\\/\\\/twitter.com\\\/NOTMERCEDINAS\"],\"url\":\"https:\\\/\\\/noticiasmercedinas.com\\\/site\\\/author\\\/as000384\\\/\"}]}<\/script>\n<!-- \/ Yoast SEO plugin. -->","yoast_head_json":{"title":"Anuncian inicio de obra y licitaci\u00f3n de dos edificios educativos: Secundaria 13 e Instituto 7","robots":{"index":"index","follow":"follow","max-snippet":"max-snippet:-1","max-image-preview":"max-image-preview:large","max-video-preview":"max-video-preview:-1"},"canonical":"https:\/\/noticiasmercedinas.com\/site\/2023\/06\/09\/anuncian-inicio-de-obra-y-licitacion-de-dos-edificios-educativos-secundaria-13-e-instituto-7\/","og_locale":"es_ES","og_type":"article","og_title":"Anuncian inicio de obra y licitaci\u00f3n de dos edificios educativos: Secundaria 13 e Instituto 7","og_description":"\u25a0 Luego de un largo tiempo de lucha y b\u00fasqueda, el intendente Juan Ignacio Ustarroz y el ministro de Cultura y Educaci\u00f3n, Alberto Sileoni, llevaron a cabo la firma de convenios","og_url":"https:\/\/noticiasmercedinas.com\/site\/2023\/06\/09\/anuncian-inicio-de-obra-y-licitacion-de-dos-edificios-educativos-secundaria-13-e-instituto-7\/","og_site_name":"NOTICIASMERCEDINAS.COM","article_publisher":"https:\/\/www.facebook.com\/noticiasmercedinas\/","article_author":"https:\/\/www.facebook.com\/cristian.falabella","article_published_time":"2023-06-09T21:14:04+00:00","article_modified_time":"2023-06-10T02:34:20+00:00","og_image":[{"width":1319,"height":879,"url":"https:\/\/noticiasmercedinas.com\/site\/wp-content\/uploads\/2023\/06\/Insitituo-7.2.jpg","type":"image\/jpeg"}],"author":"Cristian Falabella NOTICIASMERCEDINAS.COM","twitter_card":"summary_large_image","twitter_creator":"@https:\/\/twitter.com\/NOTMERCEDINAS","twitter_site":"@notmercedinas","twitter_misc":{"Escrito por":"Cristian Falabella NOTICIASMERCEDINAS.COM","Tiempo de lectura":"4 minutos"},"schema":{"@context":"https:\/\/schema.org","@graph":[{"@type":"Article","@id":"https:\/\/noticiasmercedinas.com\/site\/2023\/06\/09\/anuncian-inicio-de-obra-y-licitacion-de-dos-edificios-educativos-secundaria-13-e-instituto-7\/#article","isPartOf":{"@id":"https:\/\/noticiasmercedinas.com\/site\/2023\/06\/09\/anuncian-inicio-de-obra-y-licitacion-de-dos-edificios-educativos-secundaria-13-e-instituto-7\/"},"author":{"name":"Cristian Falabella NOTICIASMERCEDINAS.COM","@id":"https:\/\/noticiasmercedinas.com\/site\/#\/schema\/person\/d481a9696a5feaec13a60e2bbd991a6a"},"headline":"Anuncian inicio de obra y licitaci\u00f3n de dos edificios educativos: Secundaria 13 e Instituto 7","datePublished":"2023-06-09T21:14:04+00:00","dateModified":"2023-06-10T02:34:20+00:00","mainEntityOfPage":{"@id":"https:\/\/noticiasmercedinas.com\/site\/2023\/06\/09\/anuncian-inicio-de-obra-y-licitacion-de-dos-edificios-educativos-secundaria-13-e-instituto-7\/"},"wordCount":582,"publisher":{"@id":"https:\/\/noticiasmercedinas.com\/site\/#organization"},"image":{"@id":"https:\/\/noticiasmercedinas.com\/site\/2023\/06\/09\/anuncian-inicio-de-obra-y-licitacion-de-dos-edificios-educativos-secundaria-13-e-instituto-7\/#primaryimage"},"thumbnailUrl":"https:\/\/noticiasmercedinas.com\/site\/wp-content\/uploads\/2023\/06\/Insitituo-7.2.jpg","keywords":["Alberto Sileoni","instituto 7","secundaria 13"],"articleSection":["Sociedad"],"inLanguage":"es"},{"@type":"WebPage","@id":"https:\/\/noticiasmercedinas.com\/site\/2023\/06\/09\/anuncian-inicio-de-obra-y-licitacion-de-dos-edificios-educativos-secundaria-13-e-instituto-7\/","url":"https:\/\/noticiasmercedinas.com\/site\/2023\/06\/09\/anuncian-inicio-de-obra-y-licitacion-de-dos-edificios-educativos-secundaria-13-e-instituto-7\/","name":"Anuncian inicio de obra y licitaci\u00f3n de dos edificios educativos: Secundaria 13 e Instituto 7","isPartOf":{"@id":"https:\/\/noticiasmercedinas.com\/site\/#website"},"primaryImageOfPage":{"@id":"https:\/\/noticiasmercedinas.com\/site\/2023\/06\/09\/anuncian-inicio-de-obra-y-licitacion-de-dos-edificios-educativos-secundaria-13-e-instituto-7\/#primaryimage"},"image":{"@id":"https:\/\/noticiasmercedinas.com\/site\/2023\/06\/09\/anuncian-inicio-de-obra-y-licitacion-de-dos-edificios-educativos-secundaria-13-e-instituto-7\/#primaryimage"},"thumbnailUrl":"https:\/\/noticiasmercedinas.com\/site\/wp-content\/uploads\/2023\/06\/Insitituo-7.2.jpg","datePublished":"2023-06-09T21:14:04+00:00","dateModified":"2023-06-10T02:34:20+00:00","breadcrumb":{"@id":"https:\/\/noticiasmercedinas.com\/site\/2023\/06\/09\/anuncian-inicio-de-obra-y-licitacion-de-dos-edificios-educativos-secundaria-13-e-instituto-7\/#breadcrumb"},"inLanguage":"es","potentialAction":[{"@type":"ReadAction","target":["https:\/\/noticiasmercedinas.com\/site\/2023\/06\/09\/anuncian-inicio-de-obra-y-licitacion-de-dos-edificios-educativos-secundaria-13-e-instituto-7\/"]}]},{"@type":"ImageObject","inLanguage":"es","@id":"https:\/\/noticiasmercedinas.com\/site\/2023\/06\/09\/anuncian-inicio-de-obra-y-licitacion-de-dos-edificios-educativos-secundaria-13-e-instituto-7\/#primaryimage","url":"https:\/\/noticiasmercedinas.com\/site\/wp-content\/uploads\/2023\/06\/Insitituo-7.2.jpg","contentUrl":"https:\/\/noticiasmercedinas.com\/site\/wp-content\/uploads\/2023\/06\/Insitituo-7.2.jpg","width":1319,"height":879},{"@type":"BreadcrumbList","@id":"https:\/\/noticiasmercedinas.com\/site\/2023\/06\/09\/anuncian-inicio-de-obra-y-licitacion-de-dos-edificios-educativos-secundaria-13-e-instituto-7\/#breadcrumb","itemListElement":[{"@type":"ListItem","position":1,"name":"Portada","item":"https:\/\/noticiasmercedinas.com\/site\/"},{"@type":"ListItem","position":2,"name":"Anuncian inicio de obra y licitaci\u00f3n de dos edificios educativos: Secundaria 13 e Instituto 7"}]},{"@type":"WebSite","@id":"https:\/\/noticiasmercedinas.com\/site\/#website","url":"https:\/\/noticiasmercedinas.com\/site\/","name":"NOTICIASMERCEDINAS.COM","description":"Mercedes, Buenos Aires, Argentina","publisher":{"@id":"https:\/\/noticiasmercedinas.com\/site\/#organization"},"potentialAction":[{"@type":"SearchAction","target":{"@type":"EntryPoint","urlTemplate":"https:\/\/noticiasmercedinas.com\/site\/?s={search_term_string}"},"query-input":{"@type":"PropertyValueSpecification","valueRequired":true,"valueName":"search_term_string"}}],"inLanguage":"es"},{"@type":"Organization","@id":"https:\/\/noticiasmercedinas.com\/site\/#organization","name":"NOTICIASMERCEDINAS.COM","url":"https:\/\/noticiasmercedinas.com\/site\/","logo":{"@type":"ImageObject","inLanguage":"es","@id":"https:\/\/noticiasmercedinas.com\/site\/#\/schema\/logo\/image\/","url":"https:\/\/noticiasmercedinas.com\/site\/wp-content\/uploads\/2020\/06\/LOGO-512.jpg","contentUrl":"https:\/\/noticiasmercedinas.com\/site\/wp-content\/uploads\/2020\/06\/LOGO-512.jpg","width":512,"height":512,"caption":"NOTICIASMERCEDINAS.COM"},"image":{"@id":"https:\/\/noticiasmercedinas.com\/site\/#\/schema\/logo\/image\/"},"sameAs":["https:\/\/www.facebook.com\/noticiasmercedinas\/","https:\/\/x.com\/notmercedinas","https:\/\/www.instagram.com\/noticiasmercedinas\/"]},{"@type":"Person","@id":"https:\/\/noticiasmercedinas.com\/site\/#\/schema\/person\/d481a9696a5feaec13a60e2bbd991a6a","name":"Cristian Falabella NOTICIASMERCEDINAS.COM","image":{"@type":"ImageObject","inLanguage":"es","@id":"https:\/\/secure.gravatar.com\/avatar\/0dbbfc45970cc46bcd0e57766228574ff3511d6eed045b182f536f0f478c1f06?s=96&d=mm&r=g","url":"https:\/\/secure.gravatar.com\/avatar\/0dbbfc45970cc46bcd0e57766228574ff3511d6eed045b182f536f0f478c1f06?s=96&d=mm&r=g","contentUrl":"https:\/\/secure.gravatar.com\/avatar\/0dbbfc45970cc46bcd0e57766228574ff3511d6eed045b182f536f0f478c1f06?s=96&d=mm&r=g","caption":"Cristian Falabella NOTICIASMERCEDINAS.COM"},"description":"Periodista, editor de Noticias Mercedinas. Pas\u00f3 por varias redacciones y emprendimientos de prensa, en distintos formatos y \u00e9pocas. Se especializ\u00f3 --y sigue haci\u00e9ndolo-- en comunicaci\u00f3n en la web y en junio de 2006 fund\u00f3 este diario digital.","sameAs":["https:\/\/noticiasmercedinas.com","https:\/\/www.facebook.com\/cristian.falabella","https:\/\/www.instagram.com\/noticiasmercedinas\/","https:\/\/x.com\/https:\/\/twitter.com\/NOTMERCEDINAS"],"url":"https:\/\/noticiasmercedinas.com\/site\/author\/as000384\/"}]}},"amp_enabled":true,"_links":{"self":[{"href":"https:\/\/noticiasmercedinas.com\/site\/wp-json\/wp\/v2\/posts\/116724","targetHints":{"allow":["GET"]}}],"collection":[{"href":"https:\/\/noticiasmercedinas.com\/site\/wp-json\/wp\/v2\/posts"}],"about":[{"href":"https:\/\/noticiasmercedinas.com\/site\/wp-json\/wp\/v2\/types\/post"}],"author":[{"embeddable":true,"href":"https:\/\/noticiasmercedinas.com\/site\/wp-json\/wp\/v2\/users\/2"}],"replies":[{"embeddable":true,"href":"https:\/\/noticiasmercedinas.com\/site\/wp-json\/wp\/v2\/comments?post=116724"}],"version-history":[{"count":3,"href":"https:\/\/noticiasmercedinas.com\/site\/wp-json\/wp\/v2\/posts\/116724\/revisions"}],"predecessor-version":[{"id":116746,"href":"https:\/\/noticiasmercedinas.com\/site\/wp-json\/wp\/v2\/posts\/116724\/revisions\/116746"}],"wp:featuredmedia":[{"embeddable":true,"href":"https:\/\/noticiasmercedinas.com\/site\/wp-json\/wp\/v2\/media\/116725"}],"wp:attachment":[{"href":"https:\/\/noticiasmercedinas.com\/site\/wp-json\/wp\/v2\/media?parent=116724"}],"wp:term":[{"taxonomy":"category","embeddable":true,"href":"https:\/\/noticiasmercedinas.com\/site\/wp-json\/wp\/v2\/categories?post=116724"},{"taxonomy":"post_tag","embeddable":true,"href":"https:\/\/noticiasmercedinas.com\/site\/wp-json\/wp\/v2\/tags?post=116724"}],"curies":[{"name":"wp","href":"https:\/\/api.w.org\/{rel}","templated":true}]}}