{"id":116781,"date":"2023-06-10T15:45:37","date_gmt":"2023-06-10T18:45:37","guid":{"rendered":"https:\/\/noticiasmercedinas.com\/site\/?p=116781"},"modified":"2023-06-10T15:45:37","modified_gmt":"2023-06-10T18:45:37","slug":"posible-paralizacion-de-la-actividad-ferroviaria-en-la-semana-proxima","status":"publish","type":"post","link":"https:\/\/noticiasmercedinas.com\/site\/2023\/06\/10\/posible-paralizacion-de-la-actividad-ferroviaria-en-la-semana-proxima\/","title":{"rendered":"Posible paralizaci\u00f3n de la actividad ferroviaria en la semana pr\u00f3xima\u00a0"},"content":{"rendered":"<p><img loading=\"lazy\" decoding=\"async\" class=\"alignnone size-full wp-image-110145\" src=\"https:\/\/noticiasmercedinas.com\/site\/wp-content\/uploads\/2023\/03\/tren_2.jpg\" alt=\"\" width=\"640\" height=\"389\" srcset=\"https:\/\/noticiasmercedinas.com\/site\/wp-content\/uploads\/2023\/03\/tren_2.jpg 640w, https:\/\/noticiasmercedinas.com\/site\/wp-content\/uploads\/2023\/03\/tren_2-300x182.jpg 300w\" sizes=\"auto, (max-width: 640px) 100vw, 640px\" \/><\/p>\n<p>En un comunicado emitido el 9 de junio, el sindicato La Fraternidad, que representa a los conductores de trenes, anunci\u00f3 un paro general de actividades a nivel nacional por 24 horas el pr\u00f3ximo 15 de junio. La medida de fuerza se llevar\u00e1 a cabo debido a la falta de acuerdo salarial entre los trabajadores y las empresas ferroviarias.<\/p>\n<p>A menos que se llegue a un acuerdo en los pr\u00f3ximos 7 d\u00edas o se dicte la conciliaci\u00f3n obligatoria por parte del Ministerio de Trabajo, el paro de trenes se llevar\u00e1 a cabo desde las 00:00 hasta las 24:00 horas del jueves 15 de junio. Esta medida afectar\u00eda a todas las l\u00edneas de pasajeros y tambi\u00e9n a los ferrocarriles de carga en todo el pa\u00eds.<\/p>\n<p>Se prev\u00e9 que los ramales de tren Roca, San Mart\u00edn, Belgrano, Mitre, Urquiza y Sarmiento queden paralizados, lo que implicar\u00eda que miles de pasajeros que utilizan el servicio diariamente deber\u00e1n buscar alternativas de transporte para esa jornada. Adem\u00e1s, los servicios de trenes de larga distancia tambi\u00e9n se ver\u00e1n afectados por la medida de fuerza.<\/p>\n<blockquote><p>A menos que se llegue a un acuerdo en los pr\u00f3ximos 7 d\u00edas o se dicte la conciliaci\u00f3n obligatoria por parte del Ministerio de Trabajo, el paro de trenes se llevar\u00e1 a cabo desde las 00:00 hasta las 24:00 horas del jueves 15 de junio<\/p><\/blockquote>\n<p>Omar Maturano, Secretario General del sindicato La Fraternidad, explic\u00f3 que el paro se convoc\u00f3 debido a la demora en la renovaci\u00f3n del acuerdo paritario para el per\u00edodo abril 2023-marzo 2024 por parte de las empresas Metrov\u00edas, Ferrov\u00edas, Nuevo Central Argentino, Ferrosur Roca y Ferroexpreso Pampeano. Maturano indic\u00f3 que se logr\u00f3 un acuerdo salarial con las empresas nacionales, pero que las privadas argumentan no poder pagarlo y las negociaciones llevan ya 20 d\u00edas.<\/p>\n<p>El sindicalista expres\u00f3 su deseo de que se resuelva la situaci\u00f3n en esta semana y que las empresas los convoquen para lograr una paz social que el pa\u00eds necesita. Sin embargo, de no alcanzarse una soluci\u00f3n antes del 15 de junio, la paralizaci\u00f3n de la actividad ferroviaria ser\u00e1 inevitable, generando inconvenientes en la movilidad de miles de personas y afectando tanto al transporte de pasajeros como al de carga en todo el territorio nacional<\/p>\n","protected":false},"excerpt":{"rendered":"<p>\u25a0 El sindicato de conductores de trenes anuncia que habr\u00eda un paro general por falta de acuerdo salarial. Ramales de tren Roca, San Mart\u00edn, Belgrano, Mitre, Urquiza y Sarmiento se ver\u00edan afectados<\/p>\n","protected":false},"author":16,"featured_media":110145,"comment_status":"closed","ping_status":"closed","sticky":false,"template":"","format":"standard","meta":{"footnotes":""},"categories":[3],"tags":[1117,231,6386,1116],"class_list":["post-116781","post","type-post","status-publish","format-standard","has-post-thumbnail","hentry","category-sociedad","tag-la-fraternidad","tag-paro","tag-sarmiento","tag-tren"],"yoast_head":"<!-- This site is optimized with the Yoast SEO plugin v27.4 - https:\/\/yoast.com\/product\/yoast-seo-wordpress\/ -->\n<title>Posible paralizaci\u00f3n de la actividad ferroviaria en la semana pr\u00f3xima\u00a0<\/title>\n<meta name=\"robots\" content=\"index, follow, max-snippet:-1, max-image-preview:large, max-video-preview:-1\" \/>\n<link rel=\"canonical\" href=\"https:\/\/noticiasmercedinas.com\/site\/2023\/06\/10\/posible-paralizacion-de-la-actividad-ferroviaria-en-la-semana-proxima\/\" \/>\n<meta property=\"og:locale\" content=\"es_ES\" \/>\n<meta property=\"og:type\" content=\"article\" \/>\n<meta property=\"og:title\" content=\"Posible paralizaci\u00f3n de la actividad ferroviaria en la semana pr\u00f3xima\u00a0\" \/>\n<meta property=\"og:description\" content=\"\u25a0 El sindicato de conductores de trenes anuncia que habr\u00eda un paro general por falta de acuerdo salarial. Ramales de tren Roca, San Mart\u00edn, Belgrano, Mitre, Urquiza y Sarmiento se ver\u00edan afectados\" \/>\n<meta property=\"og:url\" content=\"https:\/\/noticiasmercedinas.com\/site\/2023\/06\/10\/posible-paralizacion-de-la-actividad-ferroviaria-en-la-semana-proxima\/\" \/>\n<meta property=\"og:site_name\" content=\"NOTICIASMERCEDINAS.COM\" \/>\n<meta property=\"article:publisher\" content=\"https:\/\/www.facebook.com\/noticiasmercedinas\/\" \/>\n<meta property=\"article:published_time\" content=\"2023-06-10T18:45:37+00:00\" \/>\n<meta property=\"og:image\" content=\"https:\/\/noticiasmercedinas.com\/site\/wp-content\/uploads\/2023\/03\/tren_2.jpg\" \/>\n\t<meta property=\"og:image:width\" content=\"640\" \/>\n\t<meta property=\"og:image:height\" content=\"389\" \/>\n\t<meta property=\"og:image:type\" content=\"image\/jpeg\" \/>\n<meta name=\"author\" content=\"NOTICIASMERCEDINAS.COM\" \/>\n<meta name=\"twitter:card\" content=\"summary_large_image\" \/>\n<meta name=\"twitter:creator\" content=\"@notmercedinas\" \/>\n<meta name=\"twitter:site\" content=\"@notmercedinas\" \/>\n<meta name=\"twitter:label1\" content=\"Escrito por\" \/>\n\t<meta name=\"twitter:data1\" content=\"NOTICIASMERCEDINAS.COM\" \/>\n\t<meta name=\"twitter:label2\" content=\"Tiempo de lectura\" \/>\n\t<meta name=\"twitter:data2\" content=\"2 minutos\" \/>\n<script type=\"application\/ld+json\" class=\"yoast-schema-graph\">{\"@context\":\"https:\\\/\\\/schema.org\",\"@graph\":[{\"@type\":\"Article\",\"@id\":\"https:\\\/\\\/noticiasmercedinas.com\\\/site\\\/2023\\\/06\\\/10\\\/posible-paralizacion-de-la-actividad-ferroviaria-en-la-semana-proxima\\\/#article\",\"isPartOf\":{\"@id\":\"https:\\\/\\\/noticiasmercedinas.com\\\/site\\\/2023\\\/06\\\/10\\\/posible-paralizacion-de-la-actividad-ferroviaria-en-la-semana-proxima\\\/\"},\"author\":{\"name\":\"NOTICIASMERCEDINAS.COM\",\"@id\":\"https:\\\/\\\/noticiasmercedinas.com\\\/site\\\/#\\\/schema\\\/person\\\/84b59c099c28ff2e8b77d4ceec5d8063\"},\"headline\":\"Posible paralizaci\u00f3n de la actividad ferroviaria en la semana pr\u00f3xima\u00a0\",\"datePublished\":\"2023-06-10T18:45:37+00:00\",\"mainEntityOfPage\":{\"@id\":\"https:\\\/\\\/noticiasmercedinas.com\\\/site\\\/2023\\\/06\\\/10\\\/posible-paralizacion-de-la-actividad-ferroviaria-en-la-semana-proxima\\\/\"},\"wordCount\":392,\"publisher\":{\"@id\":\"https:\\\/\\\/noticiasmercedinas.com\\\/site\\\/#organization\"},\"image\":{\"@id\":\"https:\\\/\\\/noticiasmercedinas.com\\\/site\\\/2023\\\/06\\\/10\\\/posible-paralizacion-de-la-actividad-ferroviaria-en-la-semana-proxima\\\/#primaryimage\"},\"thumbnailUrl\":\"https:\\\/\\\/noticiasmercedinas.com\\\/site\\\/wp-content\\\/uploads\\\/2023\\\/03\\\/tren_2.jpg\",\"keywords\":[\"La Fraternidad\",\"paro\",\"sarmiento\",\"Tren\"],\"articleSection\":[\"Sociedad\"],\"inLanguage\":\"es\"},{\"@type\":\"WebPage\",\"@id\":\"https:\\\/\\\/noticiasmercedinas.com\\\/site\\\/2023\\\/06\\\/10\\\/posible-paralizacion-de-la-actividad-ferroviaria-en-la-semana-proxima\\\/\",\"url\":\"https:\\\/\\\/noticiasmercedinas.com\\\/site\\\/2023\\\/06\\\/10\\\/posible-paralizacion-de-la-actividad-ferroviaria-en-la-semana-proxima\\\/\",\"name\":\"Posible paralizaci\u00f3n de la actividad ferroviaria en la semana pr\u00f3xima\u00a0\",\"isPartOf\":{\"@id\":\"https:\\\/\\\/noticiasmercedinas.com\\\/site\\\/#website\"},\"primaryImageOfPage\":{\"@id\":\"https:\\\/\\\/noticiasmercedinas.com\\\/site\\\/2023\\\/06\\\/10\\\/posible-paralizacion-de-la-actividad-ferroviaria-en-la-semana-proxima\\\/#primaryimage\"},\"image\":{\"@id\":\"https:\\\/\\\/noticiasmercedinas.com\\\/site\\\/2023\\\/06\\\/10\\\/posible-paralizacion-de-la-actividad-ferroviaria-en-la-semana-proxima\\\/#primaryimage\"},\"thumbnailUrl\":\"https:\\\/\\\/noticiasmercedinas.com\\\/site\\\/wp-content\\\/uploads\\\/2023\\\/03\\\/tren_2.jpg\",\"datePublished\":\"2023-06-10T18:45:37+00:00\",\"breadcrumb\":{\"@id\":\"https:\\\/\\\/noticiasmercedinas.com\\\/site\\\/2023\\\/06\\\/10\\\/posible-paralizacion-de-la-actividad-ferroviaria-en-la-semana-proxima\\\/#breadcrumb\"},\"inLanguage\":\"es\",\"potentialAction\":[{\"@type\":\"ReadAction\",\"target\":[\"https:\\\/\\\/noticiasmercedinas.com\\\/site\\\/2023\\\/06\\\/10\\\/posible-paralizacion-de-la-actividad-ferroviaria-en-la-semana-proxima\\\/\"]}]},{\"@type\":\"ImageObject\",\"inLanguage\":\"es\",\"@id\":\"https:\\\/\\\/noticiasmercedinas.com\\\/site\\\/2023\\\/06\\\/10\\\/posible-paralizacion-de-la-actividad-ferroviaria-en-la-semana-proxima\\\/#primaryimage\",\"url\":\"https:\\\/\\\/noticiasmercedinas.com\\\/site\\\/wp-content\\\/uploads\\\/2023\\\/03\\\/tren_2.jpg\",\"contentUrl\":\"https:\\\/\\\/noticiasmercedinas.com\\\/site\\\/wp-content\\\/uploads\\\/2023\\\/03\\\/tren_2.jpg\",\"width\":640,\"height\":389},{\"@type\":\"BreadcrumbList\",\"@id\":\"https:\\\/\\\/noticiasmercedinas.com\\\/site\\\/2023\\\/06\\\/10\\\/posible-paralizacion-de-la-actividad-ferroviaria-en-la-semana-proxima\\\/#breadcrumb\",\"itemListElement\":[{\"@type\":\"ListItem\",\"position\":1,\"name\":\"Portada\",\"item\":\"https:\\\/\\\/noticiasmercedinas.com\\\/site\\\/\"},{\"@type\":\"ListItem\",\"position\":2,\"name\":\"Posible paralizaci\u00f3n de la actividad ferroviaria en la semana pr\u00f3xima\u00a0\"}]},{\"@type\":\"WebSite\",\"@id\":\"https:\\\/\\\/noticiasmercedinas.com\\\/site\\\/#website\",\"url\":\"https:\\\/\\\/noticiasmercedinas.com\\\/site\\\/\",\"name\":\"NOTICIASMERCEDINAS.COM\",\"description\":\"Mercedes, Buenos Aires, Argentina\",\"publisher\":{\"@id\":\"https:\\\/\\\/noticiasmercedinas.com\\\/site\\\/#organization\"},\"potentialAction\":[{\"@type\":\"SearchAction\",\"target\":{\"@type\":\"EntryPoint\",\"urlTemplate\":\"https:\\\/\\\/noticiasmercedinas.com\\\/site\\\/?s={search_term_string}\"},\"query-input\":{\"@type\":\"PropertyValueSpecification\",\"valueRequired\":true,\"valueName\":\"search_term_string\"}}],\"inLanguage\":\"es\"},{\"@type\":\"Organization\",\"@id\":\"https:\\\/\\\/noticiasmercedinas.com\\\/site\\\/#organization\",\"name\":\"NOTICIASMERCEDINAS.COM\",\"url\":\"https:\\\/\\\/noticiasmercedinas.com\\\/site\\\/\",\"logo\":{\"@type\":\"ImageObject\",\"inLanguage\":\"es\",\"@id\":\"https:\\\/\\\/noticiasmercedinas.com\\\/site\\\/#\\\/schema\\\/logo\\\/image\\\/\",\"url\":\"https:\\\/\\\/noticiasmercedinas.com\\\/site\\\/wp-content\\\/uploads\\\/2020\\\/06\\\/LOGO-512.jpg\",\"contentUrl\":\"https:\\\/\\\/noticiasmercedinas.com\\\/site\\\/wp-content\\\/uploads\\\/2020\\\/06\\\/LOGO-512.jpg\",\"width\":512,\"height\":512,\"caption\":\"NOTICIASMERCEDINAS.COM\"},\"image\":{\"@id\":\"https:\\\/\\\/noticiasmercedinas.com\\\/site\\\/#\\\/schema\\\/logo\\\/image\\\/\"},\"sameAs\":[\"https:\\\/\\\/www.facebook.com\\\/noticiasmercedinas\\\/\",\"https:\\\/\\\/x.com\\\/notmercedinas\",\"https:\\\/\\\/www.instagram.com\\\/noticiasmercedinas\\\/\"]},{\"@type\":\"Person\",\"@id\":\"https:\\\/\\\/noticiasmercedinas.com\\\/site\\\/#\\\/schema\\\/person\\\/84b59c099c28ff2e8b77d4ceec5d8063\",\"name\":\"NOTICIASMERCEDINAS.COM\",\"image\":{\"@type\":\"ImageObject\",\"inLanguage\":\"es\",\"@id\":\"https:\\\/\\\/secure.gravatar.com\\\/avatar\\\/4dfbf16b4d17945bfb6341b2d19043457132fcf478a5ee04f42e959fd8f5df0a?s=96&d=mm&r=g\",\"url\":\"https:\\\/\\\/secure.gravatar.com\\\/avatar\\\/4dfbf16b4d17945bfb6341b2d19043457132fcf478a5ee04f42e959fd8f5df0a?s=96&d=mm&r=g\",\"contentUrl\":\"https:\\\/\\\/secure.gravatar.com\\\/avatar\\\/4dfbf16b4d17945bfb6341b2d19043457132fcf478a5ee04f42e959fd8f5df0a?s=96&d=mm&r=g\",\"caption\":\"NOTICIASMERCEDINAS.COM\"},\"url\":\"https:\\\/\\\/noticiasmercedinas.com\\\/site\\\/author\\\/anonimo\\\/\"}]}<\/script>\n<!-- \/ Yoast SEO plugin. -->","yoast_head_json":{"title":"Posible paralizaci\u00f3n de la actividad ferroviaria en la semana pr\u00f3xima\u00a0","robots":{"index":"index","follow":"follow","max-snippet":"max-snippet:-1","max-image-preview":"max-image-preview:large","max-video-preview":"max-video-preview:-1"},"canonical":"https:\/\/noticiasmercedinas.com\/site\/2023\/06\/10\/posible-paralizacion-de-la-actividad-ferroviaria-en-la-semana-proxima\/","og_locale":"es_ES","og_type":"article","og_title":"Posible paralizaci\u00f3n de la actividad ferroviaria en la semana pr\u00f3xima\u00a0","og_description":"\u25a0 El sindicato de conductores de trenes anuncia que habr\u00eda un paro general por falta de acuerdo salarial. Ramales de tren Roca, San Mart\u00edn, Belgrano, Mitre, Urquiza y Sarmiento se ver\u00edan afectados","og_url":"https:\/\/noticiasmercedinas.com\/site\/2023\/06\/10\/posible-paralizacion-de-la-actividad-ferroviaria-en-la-semana-proxima\/","og_site_name":"NOTICIASMERCEDINAS.COM","article_publisher":"https:\/\/www.facebook.com\/noticiasmercedinas\/","article_published_time":"2023-06-10T18:45:37+00:00","og_image":[{"width":640,"height":389,"url":"https:\/\/noticiasmercedinas.com\/site\/wp-content\/uploads\/2023\/03\/tren_2.jpg","type":"image\/jpeg"}],"author":"NOTICIASMERCEDINAS.COM","twitter_card":"summary_large_image","twitter_creator":"@notmercedinas","twitter_site":"@notmercedinas","twitter_misc":{"Escrito por":"NOTICIASMERCEDINAS.COM","Tiempo de lectura":"2 minutos"},"schema":{"@context":"https:\/\/schema.org","@graph":[{"@type":"Article","@id":"https:\/\/noticiasmercedinas.com\/site\/2023\/06\/10\/posible-paralizacion-de-la-actividad-ferroviaria-en-la-semana-proxima\/#article","isPartOf":{"@id":"https:\/\/noticiasmercedinas.com\/site\/2023\/06\/10\/posible-paralizacion-de-la-actividad-ferroviaria-en-la-semana-proxima\/"},"author":{"name":"NOTICIASMERCEDINAS.COM","@id":"https:\/\/noticiasmercedinas.com\/site\/#\/schema\/person\/84b59c099c28ff2e8b77d4ceec5d8063"},"headline":"Posible paralizaci\u00f3n de la actividad ferroviaria en la semana pr\u00f3xima\u00a0","datePublished":"2023-06-10T18:45:37+00:00","mainEntityOfPage":{"@id":"https:\/\/noticiasmercedinas.com\/site\/2023\/06\/10\/posible-paralizacion-de-la-actividad-ferroviaria-en-la-semana-proxima\/"},"wordCount":392,"publisher":{"@id":"https:\/\/noticiasmercedinas.com\/site\/#organization"},"image":{"@id":"https:\/\/noticiasmercedinas.com\/site\/2023\/06\/10\/posible-paralizacion-de-la-actividad-ferroviaria-en-la-semana-proxima\/#primaryimage"},"thumbnailUrl":"https:\/\/noticiasmercedinas.com\/site\/wp-content\/uploads\/2023\/03\/tren_2.jpg","keywords":["La Fraternidad","paro","sarmiento","Tren"],"articleSection":["Sociedad"],"inLanguage":"es"},{"@type":"WebPage","@id":"https:\/\/noticiasmercedinas.com\/site\/2023\/06\/10\/posible-paralizacion-de-la-actividad-ferroviaria-en-la-semana-proxima\/","url":"https:\/\/noticiasmercedinas.com\/site\/2023\/06\/10\/posible-paralizacion-de-la-actividad-ferroviaria-en-la-semana-proxima\/","name":"Posible paralizaci\u00f3n de la actividad ferroviaria en la semana pr\u00f3xima\u00a0","isPartOf":{"@id":"https:\/\/noticiasmercedinas.com\/site\/#website"},"primaryImageOfPage":{"@id":"https:\/\/noticiasmercedinas.com\/site\/2023\/06\/10\/posible-paralizacion-de-la-actividad-ferroviaria-en-la-semana-proxima\/#primaryimage"},"image":{"@id":"https:\/\/noticiasmercedinas.com\/site\/2023\/06\/10\/posible-paralizacion-de-la-actividad-ferroviaria-en-la-semana-proxima\/#primaryimage"},"thumbnailUrl":"https:\/\/noticiasmercedinas.com\/site\/wp-content\/uploads\/2023\/03\/tren_2.jpg","datePublished":"2023-06-10T18:45:37+00:00","breadcrumb":{"@id":"https:\/\/noticiasmercedinas.com\/site\/2023\/06\/10\/posible-paralizacion-de-la-actividad-ferroviaria-en-la-semana-proxima\/#breadcrumb"},"inLanguage":"es","potentialAction":[{"@type":"ReadAction","target":["https:\/\/noticiasmercedinas.com\/site\/2023\/06\/10\/posible-paralizacion-de-la-actividad-ferroviaria-en-la-semana-proxima\/"]}]},{"@type":"ImageObject","inLanguage":"es","@id":"https:\/\/noticiasmercedinas.com\/site\/2023\/06\/10\/posible-paralizacion-de-la-actividad-ferroviaria-en-la-semana-proxima\/#primaryimage","url":"https:\/\/noticiasmercedinas.com\/site\/wp-content\/uploads\/2023\/03\/tren_2.jpg","contentUrl":"https:\/\/noticiasmercedinas.com\/site\/wp-content\/uploads\/2023\/03\/tren_2.jpg","width":640,"height":389},{"@type":"BreadcrumbList","@id":"https:\/\/noticiasmercedinas.com\/site\/2023\/06\/10\/posible-paralizacion-de-la-actividad-ferroviaria-en-la-semana-proxima\/#breadcrumb","itemListElement":[{"@type":"ListItem","position":1,"name":"Portada","item":"https:\/\/noticiasmercedinas.com\/site\/"},{"@type":"ListItem","position":2,"name":"Posible paralizaci\u00f3n de la actividad ferroviaria en la semana pr\u00f3xima\u00a0"}]},{"@type":"WebSite","@id":"https:\/\/noticiasmercedinas.com\/site\/#website","url":"https:\/\/noticiasmercedinas.com\/site\/","name":"NOTICIASMERCEDINAS.COM","description":"Mercedes, Buenos Aires, Argentina","publisher":{"@id":"https:\/\/noticiasmercedinas.com\/site\/#organization"},"potentialAction":[{"@type":"SearchAction","target":{"@type":"EntryPoint","urlTemplate":"https:\/\/noticiasmercedinas.com\/site\/?s={search_term_string}"},"query-input":{"@type":"PropertyValueSpecification","valueRequired":true,"valueName":"search_term_string"}}],"inLanguage":"es"},{"@type":"Organization","@id":"https:\/\/noticiasmercedinas.com\/site\/#organization","name":"NOTICIASMERCEDINAS.COM","url":"https:\/\/noticiasmercedinas.com\/site\/","logo":{"@type":"ImageObject","inLanguage":"es","@id":"https:\/\/noticiasmercedinas.com\/site\/#\/schema\/logo\/image\/","url":"https:\/\/noticiasmercedinas.com\/site\/wp-content\/uploads\/2020\/06\/LOGO-512.jpg","contentUrl":"https:\/\/noticiasmercedinas.com\/site\/wp-content\/uploads\/2020\/06\/LOGO-512.jpg","width":512,"height":512,"caption":"NOTICIASMERCEDINAS.COM"},"image":{"@id":"https:\/\/noticiasmercedinas.com\/site\/#\/schema\/logo\/image\/"},"sameAs":["https:\/\/www.facebook.com\/noticiasmercedinas\/","https:\/\/x.com\/notmercedinas","https:\/\/www.instagram.com\/noticiasmercedinas\/"]},{"@type":"Person","@id":"https:\/\/noticiasmercedinas.com\/site\/#\/schema\/person\/84b59c099c28ff2e8b77d4ceec5d8063","name":"NOTICIASMERCEDINAS.COM","image":{"@type":"ImageObject","inLanguage":"es","@id":"https:\/\/secure.gravatar.com\/avatar\/4dfbf16b4d17945bfb6341b2d19043457132fcf478a5ee04f42e959fd8f5df0a?s=96&d=mm&r=g","url":"https:\/\/secure.gravatar.com\/avatar\/4dfbf16b4d17945bfb6341b2d19043457132fcf478a5ee04f42e959fd8f5df0a?s=96&d=mm&r=g","contentUrl":"https:\/\/secure.gravatar.com\/avatar\/4dfbf16b4d17945bfb6341b2d19043457132fcf478a5ee04f42e959fd8f5df0a?s=96&d=mm&r=g","caption":"NOTICIASMERCEDINAS.COM"},"url":"https:\/\/noticiasmercedinas.com\/site\/author\/anonimo\/"}]}},"amp_enabled":true,"_links":{"self":[{"href":"https:\/\/noticiasmercedinas.com\/site\/wp-json\/wp\/v2\/posts\/116781","targetHints":{"allow":["GET"]}}],"collection":[{"href":"https:\/\/noticiasmercedinas.com\/site\/wp-json\/wp\/v2\/posts"}],"about":[{"href":"https:\/\/noticiasmercedinas.com\/site\/wp-json\/wp\/v2\/types\/post"}],"author":[{"embeddable":true,"href":"https:\/\/noticiasmercedinas.com\/site\/wp-json\/wp\/v2\/users\/16"}],"replies":[{"embeddable":true,"href":"https:\/\/noticiasmercedinas.com\/site\/wp-json\/wp\/v2\/comments?post=116781"}],"version-history":[{"count":1,"href":"https:\/\/noticiasmercedinas.com\/site\/wp-json\/wp\/v2\/posts\/116781\/revisions"}],"predecessor-version":[{"id":116782,"href":"https:\/\/noticiasmercedinas.com\/site\/wp-json\/wp\/v2\/posts\/116781\/revisions\/116782"}],"wp:featuredmedia":[{"embeddable":true,"href":"https:\/\/noticiasmercedinas.com\/site\/wp-json\/wp\/v2\/media\/110145"}],"wp:attachment":[{"href":"https:\/\/noticiasmercedinas.com\/site\/wp-json\/wp\/v2\/media?parent=116781"}],"wp:term":[{"taxonomy":"category","embeddable":true,"href":"https:\/\/noticiasmercedinas.com\/site\/wp-json\/wp\/v2\/categories?post=116781"},{"taxonomy":"post_tag","embeddable":true,"href":"https:\/\/noticiasmercedinas.com\/site\/wp-json\/wp\/v2\/tags?post=116781"}],"curies":[{"name":"wp","href":"https:\/\/api.w.org\/{rel}","templated":true}]}}