{"id":116880,"date":"2023-06-12T10:46:56","date_gmt":"2023-06-12T13:46:56","guid":{"rendered":"https:\/\/noticiasmercedinas.com\/site\/?p=116880"},"modified":"2023-06-12T10:46:56","modified_gmt":"2023-06-12T13:46:56","slug":"que-es-el-voto-en-blanco-y-que-importancia-tuvo-en-las-elecciones-anteriores","status":"publish","type":"post","link":"https:\/\/noticiasmercedinas.com\/site\/2023\/06\/12\/que-es-el-voto-en-blanco-y-que-importancia-tuvo-en-las-elecciones-anteriores\/","title":{"rendered":"\u00bfQu\u00e9 es el voto en blanco y qu\u00e9 importancia tuvo en las elecciones anteriores?"},"content":{"rendered":"<p><img loading=\"lazy\" decoding=\"async\" class=\"alignnone size-large wp-image-25233\" src=\"https:\/\/noticiasmercedinas.com\/site\/wp-content\/uploads\/2019\/08\/urna_10-1024x614.jpg\" alt=\"\" width=\"640\" height=\"384\" srcset=\"https:\/\/noticiasmercedinas.com\/site\/wp-content\/uploads\/2019\/08\/urna_10-1024x614.jpg 1024w, https:\/\/noticiasmercedinas.com\/site\/wp-content\/uploads\/2019\/08\/urna_10-300x180.jpg 300w, https:\/\/noticiasmercedinas.com\/site\/wp-content\/uploads\/2019\/08\/urna_10-768x460.jpg 768w, https:\/\/noticiasmercedinas.com\/site\/wp-content\/uploads\/2019\/08\/urna_10-640x383.jpg 640w, https:\/\/noticiasmercedinas.com\/site\/wp-content\/uploads\/2019\/08\/urna_10-681x408.jpg 681w, https:\/\/noticiasmercedinas.com\/site\/wp-content\/uploads\/2019\/08\/urna_10.jpg 1200w\" sizes=\"auto, (max-width: 640px) 100vw, 640px\" \/><\/p>\n<p><strong><em>(Por Manuel Tarricone, de @Reversoar) <\/em><\/strong><span style=\"font-weight: 400;\">Mucho se debate sobre cu\u00e1l ser\u00e1 la postura de los votantes en estas <\/span><a href=\"https:\/\/chequeado.com\/elecciones-2023\/\"><span style=\"font-weight: 400;\">elecciones presidenciales de 2023<\/span><\/a><span style=\"font-weight: 400;\">. Si el clima pol\u00edtico impactar\u00e1 en la participaci\u00f3n electoral, si crecer\u00e1n los postulantes anti sistema o qu\u00e9 ocurrir\u00e1 con el voto en blanco. Sobre esta \u00faltima variable, nos preguntamos: \u00bfqu\u00e9 es el voto en blanco? \u00bfC\u00f3mo se contabiliza en el escrutinio? \u00bfQu\u00e9 incidencia tuvo en elecciones presidenciales anteriores y qu\u00e9 pas\u00f3 hasta ahora en los comicios provinciales?<\/span><\/p>\n<p><span style=\"font-weight: 400;\">En esta nota, todo sobre el voto en blanco.<\/span><\/p>\n<p>&nbsp;<\/p>\n<p><b>\u00bfQu\u00e9 es el voto en blanco?<\/b><\/p>\n<p><span style=\"font-weight: 400;\">Es un voto \u201cv\u00e1lido\u201d, ya que, <\/span><a href=\"https:\/\/www.electoral.gob.ar\/nuevo\/paginas\/btn\/pf.php\"><span style=\"font-weight: 400;\">como explica la C\u00e1mara Nacional Electoral<\/span><\/a><span style=\"font-weight: 400;\">, \u201crepresenta una manifestaci\u00f3n de la voluntad del electorado de abstenerse de elegir entre las diversas propuestas formuladas en un sistema legal de sufragio; expresando as\u00ed su disconformidad con todos los candidatos y con las propuestas formuladas por los partidos pol\u00edticos\u201d. Esto lo diferencia <\/span><a href=\"https:\/\/chequeado.com\/el-explicador\/votos-afirmativos-en-blanco-nulos-e-impugnados-que-son-y-como-se-cuentan-en-cada-eleccion\/\"><span style=\"font-weight: 400;\">de los votos nulos, impugnados o recurridos<\/span><\/a><span style=\"font-weight: 400;\">.<\/span><\/p>\n<p><span style=\"font-weight: 400;\">Los votos v\u00e1lidos se dividen en 2: los afirmativos, es decir, cuando se elige a alguna de las opciones electorales disponibles; y los blancos, cuando en la urna se deposita el sobre vac\u00edo o con un papel de cualquier color sin inscripciones ni im\u00e1genes.<\/span><\/p>\n<p><span style=\"font-weight: 400;\">\u201cEl voto en blanco puede ser la expresi\u00f3n de la insatisfacci\u00f3n con la oferta existente, pero a veces tambi\u00e9n puede ser resultado de maniobras estrat\u00e9gicas\u201d, explic\u00f3 a <\/span><b>Reverso<\/b><span style=\"font-weight: 400;\"> Ana Mar\u00eda Mustapic, polit\u00f3loga y docente de la Universidad Torcuato Di Tella (UTDT). Y cit\u00f3 el ejemplo de las elecciones legislativas de la Provincia de Buenos Aires de 2009, en las que algunos distritos, como Tigre, registraron mayor voto en blanco que otros.<\/span><\/p>\n<p><span style=\"font-weight: 400;\">\u201cEl mecanismo fue la boleta corta. Es decir, partidos que cuando las elecciones son simult\u00e1neas presentan listas para cierta categor\u00eda, por ejemplo, legisladores provinciales y concejales, pero no presentan listas para candidatos nacionales\u201d, detall\u00f3 la especialista. Y agreg\u00f3: \u201cQuienes depositaron la boleta corta del partido que la present\u00f3 con estas 2 categor\u00edas, no incluyeron la categor\u00eda de diputado nacional. Ese voto no emitido se consider\u00f3 voto en blanco\u201d.<\/span><\/p>\n<p><span style=\"font-weight: 400;\">Seg\u00fan la especialista, \u201cel corte de boleta puede que no incluya una de las categor\u00edas y esa categor\u00eda que falta se la considera en blanco. Entonces, en ocasiones parte del voto en blanco puede ser resultado del uso estrat\u00e9gico de la boleta en elecciones simult\u00e1neas\u201d.<\/span><\/p>\n<p>&nbsp;<\/p>\n<p><b>\u00bfC\u00f3mo se contabilizan los votos en blanco?<\/b><\/p>\n<p><span style=\"font-weight: 400;\">Existe una distinci\u00f3n entre las <\/span><a href=\"https:\/\/chequeado.com\/el-explicador\/elecciones-2023-que-son-las-paso\/\"><span style=\"font-weight: 400;\">elecciones Primarias, Abiertas Simult\u00e1neas y Obligatorias (PASO)<\/span><\/a><span style=\"font-weight: 400;\"> y las elecciones generales. En las primarias, <\/span><a href=\"http:\/\/servicios.infoleg.gob.ar\/infolegInternet\/anexos\/160000-164999\/161453\/texact.htm\"><span style=\"font-weight: 400;\">seg\u00fan la ley<\/span><\/a><span style=\"font-weight: 400;\">, las listas deben superar el umbral del 1,5% de los votos v\u00e1lidamente emitidos, es decir, los afirmativos y los blancos. Por eso, el porcentaje de votos en blanco se incluye dentro del total de sufragios de las distintas listas.<\/span><\/p>\n<p><span style=\"font-weight: 400;\">En las elecciones generales es distinto. Para saber, por ejemplo, si un candidato a presidente obtuvo el porcentaje de votos necesario para ganar en primera vuelta los votos en blanco se excluyen del c\u00e1lculo, ya que la <\/span><a href=\"http:\/\/servicios.infoleg.gob.ar\/infolegInternet\/anexos\/0-4999\/804\/norma.htm\"><span style=\"font-weight: 400;\">Constituci\u00f3n nacional<\/span><\/a><span style=\"font-weight: 400;\">, desde 1994, habla de \u201cvotos afirmativos v\u00e1lidamente emitidos\u201d.<\/span><\/p>\n<p>&nbsp;<\/p>\n<p><b>\u00bfEn qu\u00e9 se diferencia el voto en blanco del voto impugnado, el nulo y el recurrido?<\/b><\/p>\n<p><span style=\"font-weight: 400;\">Por fuera de los llamados votos \u201cv\u00e1lidos\u201d est\u00e1n los nulos, impugnados y recurridos. El <\/span><a href=\"https:\/\/chequeado.com\/el-explicador\/votos-afirmativos-en-blanco-nulos-e-impugnados-que-son-y-como-se-cuentan-en-cada-eleccion\/\"><span style=\"font-weight: 400;\">voto es nulo<\/span><\/a><span style=\"font-weight: 400;\"> cuando se utilizan boletas no oficializadas o si, junto a la boleta oficial, se introdujeron objetos extra\u00f1os, o cuando se insertan boletas de distintas agrupaciones para un mismo cargo, entre otros casos.\u00a0<\/span><\/p>\n<p><span style=\"font-weight: 400;\">En cambio, los votos impugnados son aquellos casos en los que las autoridades de mesa consideran que el votante no es el titular del DNI que presenta. La Justicia electoral debe determinar luego su validez.<\/span><\/p>\n<p><span style=\"font-weight: 400;\">Por su parte, los recurridos son los votos cuya validez o nulidad fue cuestionada por alguno de los fiscales partidarios. Si en el escrutinio definitivo la Justicia electoral considera que son v\u00e1lidos, se los incorpora al partido que corresponda.<\/span><\/p>\n<p>&nbsp;<\/p>\n<p><b>\u00bfCu\u00e1nto represent\u00f3 el voto en blanco en las elecciones presidenciales anteriores?<\/b><\/p>\n<p><span style=\"font-weight: 400;\">Desde 1983 hasta la actualidad, el voto en blanco en elecciones presidenciales represent\u00f3 en promedio un 2,8% del total de votos emitidos. El r\u00e9cord de votos en blanco se registr\u00f3 en las <\/span><a href=\"https:\/\/www.argentina.gob.ar\/interior\/dine\/resultadosyestadisticas\/2007\"><span style=\"font-weight: 400;\">elecciones de 2007<\/span><\/a><span style=\"font-weight: 400;\">: un 6,43% del total de votos.<\/span><\/p>\n<p><span style=\"font-weight: 400;\">El punto m\u00e1s bajo se hab\u00eda registrado 4 a\u00f1os antes. En los <\/span><a href=\"https:\/\/www.argentina.gob.ar\/interior\/dine\/resultadosyestadisticas\/2003\"><span style=\"font-weight: 400;\">comicios presidenciales de 2003<\/span><\/a><span style=\"font-weight: 400;\"> este tipo de sufragio hab\u00eda representado un 0,98% del total.\u00a0<\/span><\/p>\n<p>&nbsp;<\/p>\n<p><b>\u00bfQu\u00e9 pas\u00f3 en las elecciones provinciales que se desarrollaron hasta ahora?<\/b><\/p>\n<p><span style=\"font-weight: 400;\">Hay 8 provincias que ya eligieron gobernador en lo que va de 2023. En 7 de ellas el porcentaje de voto en blanco se movi\u00f3 desde un piso de 3,54% (Neuqu\u00e9n) hasta el 7,96% (Jujuy).<\/span><\/p>\n<p><span style=\"font-weight: 400;\">El caso m\u00e1s sobresaliente fue el de Tierra del Fuego. All\u00ed, el gobernador Gustavo Melella (Unidos Hacemos Futuro) fue reelecto con el 51,2% de los votos. Si el voto en blanco fuera una f\u00f3rmula de candidatos, <\/span><a href=\"https:\/\/eleccionestdf.justierradelfuego.gob.ar\/wp-content\/uploads\/2023\/05\/Escrutinio-Definitivo.pdf\"><span style=\"font-weight: 400;\">habr\u00eda obtenido el segundo puesto, con el 21,6% de los votos<\/span><\/a><span style=\"font-weight: 400;\">.\u00a0<\/span><\/p>\n<hr \/>\n<p><i><span style=\"font-weight: 400;\">Esta nota es parte de <\/span><\/i><a href=\"http:\/\/www.reversoar.com\/\"><b><i>Reverso<\/i><\/b><i><span style=\"font-weight: 400;\">,<\/span><\/i><\/a><i><span style=\"font-weight: 400;\"> el proyecto period\u00edstico colaborativo coordinado por <\/span><\/i><b><i>Chequeado<\/i><\/b><i><span style=\"font-weight: 400;\"> y <\/span><\/i><b><i>AFP<\/i><\/b><i><span style=\"font-weight: 400;\"> que une a medios y empresas de tecnolog\u00eda para intensificar la lucha contra la desinformaci\u00f3n durante la campa\u00f1a electoral.<\/span><\/i><\/p>\n<p><i><span style=\"font-weight: 400;\">Las v\u00edas de contacto para sumarse son:<br \/>\n<\/span><\/i><i><span style=\"font-weight: 400;\">por mail a info@chequeado.com<br \/>\n<\/span><\/i><i><span style=\"font-weight: 400;\">por <\/span><\/i><a href=\"https:\/\/api.whatsapp.com\/send?phone=5491136790690&amp;text=&amp;source=&amp;data=\"><i><span style=\"font-weight: 400;\">WhatsApp<\/span><\/i><\/a><br \/>\n<i><span style=\"font-weight: 400;\">y \/ReversoAr en todas las redes.<\/span><\/i><\/p>\n<p><span style=\"font-weight: 400;\">Autor: Manuel Tarricone<br \/>\n<\/span><span style=\"font-weight: 400;\">Edici\u00f3n 1: Florencia Ballarino<br \/>\n<\/span><span style=\"font-weight: 400;\">Edici\u00f3n 2: Juan Jos\u00e9 Dom\u00ednguez<br \/>\n<\/span><span style=\"font-weight: 400;\">Edici\u00f3n 3: Mat\u00edas Di Santi<br \/>\n<\/span><span style=\"font-weight: 400;\">Edici\u00f3n 4: Anella Reta<\/span><\/p>\n","protected":false},"excerpt":{"rendered":"<p>\u25a0 En las provincias en las que ya se eligi\u00f3 gobernador el porcentaje vari\u00f3 de entre un 3,5% y un 7,9%, con la excepci\u00f3n de Tierra del Fuego, donde alcanz\u00f3 el 21,6%.<\/p>\n","protected":false},"author":16,"featured_media":25233,"comment_status":"closed","ping_status":"closed","sticky":false,"template":"","format":"standard","meta":{"footnotes":""},"categories":[5274],"tags":[14662,5000],"class_list":["post-116880","post","type-post","status-publish","format-standard","has-post-thumbnail","hentry","category-reverso","tag-elecciones-2023","tag-reverso"],"yoast_head":"<!-- This site is optimized with the Yoast SEO plugin v27.4 - https:\/\/yoast.com\/product\/yoast-seo-wordpress\/ -->\n<title>\u00bfQu\u00e9 es el voto en blanco y qu\u00e9 importancia tuvo en las elecciones anteriores?<\/title>\n<meta name=\"robots\" content=\"index, follow, max-snippet:-1, max-image-preview:large, max-video-preview:-1\" \/>\n<link rel=\"canonical\" href=\"https:\/\/noticiasmercedinas.com\/site\/2023\/06\/12\/que-es-el-voto-en-blanco-y-que-importancia-tuvo-en-las-elecciones-anteriores\/\" \/>\n<meta property=\"og:locale\" content=\"es_ES\" \/>\n<meta property=\"og:type\" content=\"article\" \/>\n<meta property=\"og:title\" content=\"\u00bfQu\u00e9 es el voto en blanco y qu\u00e9 importancia tuvo en las elecciones anteriores?\" \/>\n<meta property=\"og:description\" content=\"\u25a0 En las provincias en las que ya se eligi\u00f3 gobernador el porcentaje vari\u00f3 de entre un 3,5% y un 7,9%, con la excepci\u00f3n de Tierra del Fuego, donde alcanz\u00f3 el 21,6%.\" \/>\n<meta property=\"og:url\" content=\"https:\/\/noticiasmercedinas.com\/site\/2023\/06\/12\/que-es-el-voto-en-blanco-y-que-importancia-tuvo-en-las-elecciones-anteriores\/\" \/>\n<meta property=\"og:site_name\" content=\"NOTICIASMERCEDINAS.COM\" \/>\n<meta property=\"article:publisher\" content=\"https:\/\/www.facebook.com\/noticiasmercedinas\/\" \/>\n<meta property=\"article:published_time\" content=\"2023-06-12T13:46:56+00:00\" \/>\n<meta property=\"og:image\" content=\"https:\/\/noticiasmercedinas.com\/site\/wp-content\/uploads\/2019\/08\/urna_10.jpg\" \/>\n\t<meta property=\"og:image:width\" content=\"1200\" \/>\n\t<meta property=\"og:image:height\" content=\"719\" \/>\n\t<meta property=\"og:image:type\" content=\"image\/jpeg\" \/>\n<meta name=\"author\" content=\"NOTICIASMERCEDINAS.COM\" \/>\n<meta name=\"twitter:card\" content=\"summary_large_image\" \/>\n<meta name=\"twitter:creator\" content=\"@notmercedinas\" \/>\n<meta name=\"twitter:site\" content=\"@notmercedinas\" \/>\n<meta name=\"twitter:label1\" content=\"Escrito por\" \/>\n\t<meta name=\"twitter:data1\" content=\"NOTICIASMERCEDINAS.COM\" \/>\n\t<meta name=\"twitter:label2\" content=\"Tiempo de lectura\" \/>\n\t<meta name=\"twitter:data2\" content=\"5 minutos\" \/>\n<script type=\"application\/ld+json\" class=\"yoast-schema-graph\">{\"@context\":\"https:\\\/\\\/schema.org\",\"@graph\":[{\"@type\":\"Article\",\"@id\":\"https:\\\/\\\/noticiasmercedinas.com\\\/site\\\/2023\\\/06\\\/12\\\/que-es-el-voto-en-blanco-y-que-importancia-tuvo-en-las-elecciones-anteriores\\\/#article\",\"isPartOf\":{\"@id\":\"https:\\\/\\\/noticiasmercedinas.com\\\/site\\\/2023\\\/06\\\/12\\\/que-es-el-voto-en-blanco-y-que-importancia-tuvo-en-las-elecciones-anteriores\\\/\"},\"author\":{\"name\":\"NOTICIASMERCEDINAS.COM\",\"@id\":\"https:\\\/\\\/noticiasmercedinas.com\\\/site\\\/#\\\/schema\\\/person\\\/84b59c099c28ff2e8b77d4ceec5d8063\"},\"headline\":\"\u00bfQu\u00e9 es el voto en blanco y qu\u00e9 importancia tuvo en las elecciones anteriores?\",\"datePublished\":\"2023-06-12T13:46:56+00:00\",\"mainEntityOfPage\":{\"@id\":\"https:\\\/\\\/noticiasmercedinas.com\\\/site\\\/2023\\\/06\\\/12\\\/que-es-el-voto-en-blanco-y-que-importancia-tuvo-en-las-elecciones-anteriores\\\/\"},\"wordCount\":940,\"publisher\":{\"@id\":\"https:\\\/\\\/noticiasmercedinas.com\\\/site\\\/#organization\"},\"image\":{\"@id\":\"https:\\\/\\\/noticiasmercedinas.com\\\/site\\\/2023\\\/06\\\/12\\\/que-es-el-voto-en-blanco-y-que-importancia-tuvo-en-las-elecciones-anteriores\\\/#primaryimage\"},\"thumbnailUrl\":\"https:\\\/\\\/noticiasmercedinas.com\\\/site\\\/wp-content\\\/uploads\\\/2019\\\/08\\\/urna_10.jpg\",\"keywords\":[\"elecciones 2023\",\"reverso\"],\"articleSection\":[\"Reverso + Chequeado\"],\"inLanguage\":\"es\"},{\"@type\":\"WebPage\",\"@id\":\"https:\\\/\\\/noticiasmercedinas.com\\\/site\\\/2023\\\/06\\\/12\\\/que-es-el-voto-en-blanco-y-que-importancia-tuvo-en-las-elecciones-anteriores\\\/\",\"url\":\"https:\\\/\\\/noticiasmercedinas.com\\\/site\\\/2023\\\/06\\\/12\\\/que-es-el-voto-en-blanco-y-que-importancia-tuvo-en-las-elecciones-anteriores\\\/\",\"name\":\"\u00bfQu\u00e9 es el voto en blanco y qu\u00e9 importancia tuvo en las elecciones anteriores?\",\"isPartOf\":{\"@id\":\"https:\\\/\\\/noticiasmercedinas.com\\\/site\\\/#website\"},\"primaryImageOfPage\":{\"@id\":\"https:\\\/\\\/noticiasmercedinas.com\\\/site\\\/2023\\\/06\\\/12\\\/que-es-el-voto-en-blanco-y-que-importancia-tuvo-en-las-elecciones-anteriores\\\/#primaryimage\"},\"image\":{\"@id\":\"https:\\\/\\\/noticiasmercedinas.com\\\/site\\\/2023\\\/06\\\/12\\\/que-es-el-voto-en-blanco-y-que-importancia-tuvo-en-las-elecciones-anteriores\\\/#primaryimage\"},\"thumbnailUrl\":\"https:\\\/\\\/noticiasmercedinas.com\\\/site\\\/wp-content\\\/uploads\\\/2019\\\/08\\\/urna_10.jpg\",\"datePublished\":\"2023-06-12T13:46:56+00:00\",\"breadcrumb\":{\"@id\":\"https:\\\/\\\/noticiasmercedinas.com\\\/site\\\/2023\\\/06\\\/12\\\/que-es-el-voto-en-blanco-y-que-importancia-tuvo-en-las-elecciones-anteriores\\\/#breadcrumb\"},\"inLanguage\":\"es\",\"potentialAction\":[{\"@type\":\"ReadAction\",\"target\":[\"https:\\\/\\\/noticiasmercedinas.com\\\/site\\\/2023\\\/06\\\/12\\\/que-es-el-voto-en-blanco-y-que-importancia-tuvo-en-las-elecciones-anteriores\\\/\"]}]},{\"@type\":\"ImageObject\",\"inLanguage\":\"es\",\"@id\":\"https:\\\/\\\/noticiasmercedinas.com\\\/site\\\/2023\\\/06\\\/12\\\/que-es-el-voto-en-blanco-y-que-importancia-tuvo-en-las-elecciones-anteriores\\\/#primaryimage\",\"url\":\"https:\\\/\\\/noticiasmercedinas.com\\\/site\\\/wp-content\\\/uploads\\\/2019\\\/08\\\/urna_10.jpg\",\"contentUrl\":\"https:\\\/\\\/noticiasmercedinas.com\\\/site\\\/wp-content\\\/uploads\\\/2019\\\/08\\\/urna_10.jpg\",\"width\":1200,\"height\":719},{\"@type\":\"BreadcrumbList\",\"@id\":\"https:\\\/\\\/noticiasmercedinas.com\\\/site\\\/2023\\\/06\\\/12\\\/que-es-el-voto-en-blanco-y-que-importancia-tuvo-en-las-elecciones-anteriores\\\/#breadcrumb\",\"itemListElement\":[{\"@type\":\"ListItem\",\"position\":1,\"name\":\"Portada\",\"item\":\"https:\\\/\\\/noticiasmercedinas.com\\\/site\\\/\"},{\"@type\":\"ListItem\",\"position\":2,\"name\":\"\u00bfQu\u00e9 es el voto en blanco y qu\u00e9 importancia tuvo en las elecciones anteriores?\"}]},{\"@type\":\"WebSite\",\"@id\":\"https:\\\/\\\/noticiasmercedinas.com\\\/site\\\/#website\",\"url\":\"https:\\\/\\\/noticiasmercedinas.com\\\/site\\\/\",\"name\":\"NOTICIASMERCEDINAS.COM\",\"description\":\"Mercedes, Buenos Aires, Argentina\",\"publisher\":{\"@id\":\"https:\\\/\\\/noticiasmercedinas.com\\\/site\\\/#organization\"},\"potentialAction\":[{\"@type\":\"SearchAction\",\"target\":{\"@type\":\"EntryPoint\",\"urlTemplate\":\"https:\\\/\\\/noticiasmercedinas.com\\\/site\\\/?s={search_term_string}\"},\"query-input\":{\"@type\":\"PropertyValueSpecification\",\"valueRequired\":true,\"valueName\":\"search_term_string\"}}],\"inLanguage\":\"es\"},{\"@type\":\"Organization\",\"@id\":\"https:\\\/\\\/noticiasmercedinas.com\\\/site\\\/#organization\",\"name\":\"NOTICIASMERCEDINAS.COM\",\"url\":\"https:\\\/\\\/noticiasmercedinas.com\\\/site\\\/\",\"logo\":{\"@type\":\"ImageObject\",\"inLanguage\":\"es\",\"@id\":\"https:\\\/\\\/noticiasmercedinas.com\\\/site\\\/#\\\/schema\\\/logo\\\/image\\\/\",\"url\":\"https:\\\/\\\/noticiasmercedinas.com\\\/site\\\/wp-content\\\/uploads\\\/2020\\\/06\\\/LOGO-512.jpg\",\"contentUrl\":\"https:\\\/\\\/noticiasmercedinas.com\\\/site\\\/wp-content\\\/uploads\\\/2020\\\/06\\\/LOGO-512.jpg\",\"width\":512,\"height\":512,\"caption\":\"NOTICIASMERCEDINAS.COM\"},\"image\":{\"@id\":\"https:\\\/\\\/noticiasmercedinas.com\\\/site\\\/#\\\/schema\\\/logo\\\/image\\\/\"},\"sameAs\":[\"https:\\\/\\\/www.facebook.com\\\/noticiasmercedinas\\\/\",\"https:\\\/\\\/x.com\\\/notmercedinas\",\"https:\\\/\\\/www.instagram.com\\\/noticiasmercedinas\\\/\"]},{\"@type\":\"Person\",\"@id\":\"https:\\\/\\\/noticiasmercedinas.com\\\/site\\\/#\\\/schema\\\/person\\\/84b59c099c28ff2e8b77d4ceec5d8063\",\"name\":\"NOTICIASMERCEDINAS.COM\",\"image\":{\"@type\":\"ImageObject\",\"inLanguage\":\"es\",\"@id\":\"https:\\\/\\\/secure.gravatar.com\\\/avatar\\\/4dfbf16b4d17945bfb6341b2d19043457132fcf478a5ee04f42e959fd8f5df0a?s=96&d=mm&r=g\",\"url\":\"https:\\\/\\\/secure.gravatar.com\\\/avatar\\\/4dfbf16b4d17945bfb6341b2d19043457132fcf478a5ee04f42e959fd8f5df0a?s=96&d=mm&r=g\",\"contentUrl\":\"https:\\\/\\\/secure.gravatar.com\\\/avatar\\\/4dfbf16b4d17945bfb6341b2d19043457132fcf478a5ee04f42e959fd8f5df0a?s=96&d=mm&r=g\",\"caption\":\"NOTICIASMERCEDINAS.COM\"},\"url\":\"https:\\\/\\\/noticiasmercedinas.com\\\/site\\\/author\\\/anonimo\\\/\"}]}<\/script>\n<!-- \/ Yoast SEO plugin. -->","yoast_head_json":{"title":"\u00bfQu\u00e9 es el voto en blanco y qu\u00e9 importancia tuvo en las elecciones anteriores?","robots":{"index":"index","follow":"follow","max-snippet":"max-snippet:-1","max-image-preview":"max-image-preview:large","max-video-preview":"max-video-preview:-1"},"canonical":"https:\/\/noticiasmercedinas.com\/site\/2023\/06\/12\/que-es-el-voto-en-blanco-y-que-importancia-tuvo-en-las-elecciones-anteriores\/","og_locale":"es_ES","og_type":"article","og_title":"\u00bfQu\u00e9 es el voto en blanco y qu\u00e9 importancia tuvo en las elecciones anteriores?","og_description":"\u25a0 En las provincias en las que ya se eligi\u00f3 gobernador el porcentaje vari\u00f3 de entre un 3,5% y un 7,9%, con la excepci\u00f3n de Tierra del Fuego, donde alcanz\u00f3 el 21,6%.","og_url":"https:\/\/noticiasmercedinas.com\/site\/2023\/06\/12\/que-es-el-voto-en-blanco-y-que-importancia-tuvo-en-las-elecciones-anteriores\/","og_site_name":"NOTICIASMERCEDINAS.COM","article_publisher":"https:\/\/www.facebook.com\/noticiasmercedinas\/","article_published_time":"2023-06-12T13:46:56+00:00","og_image":[{"width":1200,"height":719,"url":"https:\/\/noticiasmercedinas.com\/site\/wp-content\/uploads\/2019\/08\/urna_10.jpg","type":"image\/jpeg"}],"author":"NOTICIASMERCEDINAS.COM","twitter_card":"summary_large_image","twitter_creator":"@notmercedinas","twitter_site":"@notmercedinas","twitter_misc":{"Escrito por":"NOTICIASMERCEDINAS.COM","Tiempo de lectura":"5 minutos"},"schema":{"@context":"https:\/\/schema.org","@graph":[{"@type":"Article","@id":"https:\/\/noticiasmercedinas.com\/site\/2023\/06\/12\/que-es-el-voto-en-blanco-y-que-importancia-tuvo-en-las-elecciones-anteriores\/#article","isPartOf":{"@id":"https:\/\/noticiasmercedinas.com\/site\/2023\/06\/12\/que-es-el-voto-en-blanco-y-que-importancia-tuvo-en-las-elecciones-anteriores\/"},"author":{"name":"NOTICIASMERCEDINAS.COM","@id":"https:\/\/noticiasmercedinas.com\/site\/#\/schema\/person\/84b59c099c28ff2e8b77d4ceec5d8063"},"headline":"\u00bfQu\u00e9 es el voto en blanco y qu\u00e9 importancia tuvo en las elecciones anteriores?","datePublished":"2023-06-12T13:46:56+00:00","mainEntityOfPage":{"@id":"https:\/\/noticiasmercedinas.com\/site\/2023\/06\/12\/que-es-el-voto-en-blanco-y-que-importancia-tuvo-en-las-elecciones-anteriores\/"},"wordCount":940,"publisher":{"@id":"https:\/\/noticiasmercedinas.com\/site\/#organization"},"image":{"@id":"https:\/\/noticiasmercedinas.com\/site\/2023\/06\/12\/que-es-el-voto-en-blanco-y-que-importancia-tuvo-en-las-elecciones-anteriores\/#primaryimage"},"thumbnailUrl":"https:\/\/noticiasmercedinas.com\/site\/wp-content\/uploads\/2019\/08\/urna_10.jpg","keywords":["elecciones 2023","reverso"],"articleSection":["Reverso + Chequeado"],"inLanguage":"es"},{"@type":"WebPage","@id":"https:\/\/noticiasmercedinas.com\/site\/2023\/06\/12\/que-es-el-voto-en-blanco-y-que-importancia-tuvo-en-las-elecciones-anteriores\/","url":"https:\/\/noticiasmercedinas.com\/site\/2023\/06\/12\/que-es-el-voto-en-blanco-y-que-importancia-tuvo-en-las-elecciones-anteriores\/","name":"\u00bfQu\u00e9 es el voto en blanco y qu\u00e9 importancia tuvo en las elecciones anteriores?","isPartOf":{"@id":"https:\/\/noticiasmercedinas.com\/site\/#website"},"primaryImageOfPage":{"@id":"https:\/\/noticiasmercedinas.com\/site\/2023\/06\/12\/que-es-el-voto-en-blanco-y-que-importancia-tuvo-en-las-elecciones-anteriores\/#primaryimage"},"image":{"@id":"https:\/\/noticiasmercedinas.com\/site\/2023\/06\/12\/que-es-el-voto-en-blanco-y-que-importancia-tuvo-en-las-elecciones-anteriores\/#primaryimage"},"thumbnailUrl":"https:\/\/noticiasmercedinas.com\/site\/wp-content\/uploads\/2019\/08\/urna_10.jpg","datePublished":"2023-06-12T13:46:56+00:00","breadcrumb":{"@id":"https:\/\/noticiasmercedinas.com\/site\/2023\/06\/12\/que-es-el-voto-en-blanco-y-que-importancia-tuvo-en-las-elecciones-anteriores\/#breadcrumb"},"inLanguage":"es","potentialAction":[{"@type":"ReadAction","target":["https:\/\/noticiasmercedinas.com\/site\/2023\/06\/12\/que-es-el-voto-en-blanco-y-que-importancia-tuvo-en-las-elecciones-anteriores\/"]}]},{"@type":"ImageObject","inLanguage":"es","@id":"https:\/\/noticiasmercedinas.com\/site\/2023\/06\/12\/que-es-el-voto-en-blanco-y-que-importancia-tuvo-en-las-elecciones-anteriores\/#primaryimage","url":"https:\/\/noticiasmercedinas.com\/site\/wp-content\/uploads\/2019\/08\/urna_10.jpg","contentUrl":"https:\/\/noticiasmercedinas.com\/site\/wp-content\/uploads\/2019\/08\/urna_10.jpg","width":1200,"height":719},{"@type":"BreadcrumbList","@id":"https:\/\/noticiasmercedinas.com\/site\/2023\/06\/12\/que-es-el-voto-en-blanco-y-que-importancia-tuvo-en-las-elecciones-anteriores\/#breadcrumb","itemListElement":[{"@type":"ListItem","position":1,"name":"Portada","item":"https:\/\/noticiasmercedinas.com\/site\/"},{"@type":"ListItem","position":2,"name":"\u00bfQu\u00e9 es el voto en blanco y qu\u00e9 importancia tuvo en las elecciones anteriores?"}]},{"@type":"WebSite","@id":"https:\/\/noticiasmercedinas.com\/site\/#website","url":"https:\/\/noticiasmercedinas.com\/site\/","name":"NOTICIASMERCEDINAS.COM","description":"Mercedes, Buenos Aires, Argentina","publisher":{"@id":"https:\/\/noticiasmercedinas.com\/site\/#organization"},"potentialAction":[{"@type":"SearchAction","target":{"@type":"EntryPoint","urlTemplate":"https:\/\/noticiasmercedinas.com\/site\/?s={search_term_string}"},"query-input":{"@type":"PropertyValueSpecification","valueRequired":true,"valueName":"search_term_string"}}],"inLanguage":"es"},{"@type":"Organization","@id":"https:\/\/noticiasmercedinas.com\/site\/#organization","name":"NOTICIASMERCEDINAS.COM","url":"https:\/\/noticiasmercedinas.com\/site\/","logo":{"@type":"ImageObject","inLanguage":"es","@id":"https:\/\/noticiasmercedinas.com\/site\/#\/schema\/logo\/image\/","url":"https:\/\/noticiasmercedinas.com\/site\/wp-content\/uploads\/2020\/06\/LOGO-512.jpg","contentUrl":"https:\/\/noticiasmercedinas.com\/site\/wp-content\/uploads\/2020\/06\/LOGO-512.jpg","width":512,"height":512,"caption":"NOTICIASMERCEDINAS.COM"},"image":{"@id":"https:\/\/noticiasmercedinas.com\/site\/#\/schema\/logo\/image\/"},"sameAs":["https:\/\/www.facebook.com\/noticiasmercedinas\/","https:\/\/x.com\/notmercedinas","https:\/\/www.instagram.com\/noticiasmercedinas\/"]},{"@type":"Person","@id":"https:\/\/noticiasmercedinas.com\/site\/#\/schema\/person\/84b59c099c28ff2e8b77d4ceec5d8063","name":"NOTICIASMERCEDINAS.COM","image":{"@type":"ImageObject","inLanguage":"es","@id":"https:\/\/secure.gravatar.com\/avatar\/4dfbf16b4d17945bfb6341b2d19043457132fcf478a5ee04f42e959fd8f5df0a?s=96&d=mm&r=g","url":"https:\/\/secure.gravatar.com\/avatar\/4dfbf16b4d17945bfb6341b2d19043457132fcf478a5ee04f42e959fd8f5df0a?s=96&d=mm&r=g","contentUrl":"https:\/\/secure.gravatar.com\/avatar\/4dfbf16b4d17945bfb6341b2d19043457132fcf478a5ee04f42e959fd8f5df0a?s=96&d=mm&r=g","caption":"NOTICIASMERCEDINAS.COM"},"url":"https:\/\/noticiasmercedinas.com\/site\/author\/anonimo\/"}]}},"amp_enabled":true,"_links":{"self":[{"href":"https:\/\/noticiasmercedinas.com\/site\/wp-json\/wp\/v2\/posts\/116880","targetHints":{"allow":["GET"]}}],"collection":[{"href":"https:\/\/noticiasmercedinas.com\/site\/wp-json\/wp\/v2\/posts"}],"about":[{"href":"https:\/\/noticiasmercedinas.com\/site\/wp-json\/wp\/v2\/types\/post"}],"author":[{"embeddable":true,"href":"https:\/\/noticiasmercedinas.com\/site\/wp-json\/wp\/v2\/users\/16"}],"replies":[{"embeddable":true,"href":"https:\/\/noticiasmercedinas.com\/site\/wp-json\/wp\/v2\/comments?post=116880"}],"version-history":[{"count":1,"href":"https:\/\/noticiasmercedinas.com\/site\/wp-json\/wp\/v2\/posts\/116880\/revisions"}],"predecessor-version":[{"id":116881,"href":"https:\/\/noticiasmercedinas.com\/site\/wp-json\/wp\/v2\/posts\/116880\/revisions\/116881"}],"wp:featuredmedia":[{"embeddable":true,"href":"https:\/\/noticiasmercedinas.com\/site\/wp-json\/wp\/v2\/media\/25233"}],"wp:attachment":[{"href":"https:\/\/noticiasmercedinas.com\/site\/wp-json\/wp\/v2\/media?parent=116880"}],"wp:term":[{"taxonomy":"category","embeddable":true,"href":"https:\/\/noticiasmercedinas.com\/site\/wp-json\/wp\/v2\/categories?post=116880"},{"taxonomy":"post_tag","embeddable":true,"href":"https:\/\/noticiasmercedinas.com\/site\/wp-json\/wp\/v2\/tags?post=116880"}],"curies":[{"name":"wp","href":"https:\/\/api.w.org\/{rel}","templated":true}]}}