{"id":116980,"date":"2023-06-13T19:55:52","date_gmt":"2023-06-13T22:55:52","guid":{"rendered":"https:\/\/noticiasmercedinas.com\/site\/?p=116980"},"modified":"2023-06-13T20:26:08","modified_gmt":"2023-06-13T23:26:08","slug":"tras-visita-de-sileoni-consejero-ferrarotti-se-mostro-preocupado-por-falta-de-obras","status":"publish","type":"post","link":"https:\/\/noticiasmercedinas.com\/site\/2023\/06\/13\/tras-visita-de-sileoni-consejero-ferrarotti-se-mostro-preocupado-por-falta-de-obras\/","title":{"rendered":"Tras visita de Sileoni, consejero Ferrarotti se mostr\u00f3 preocupado por \u201cfalta de obras\u201d"},"content":{"rendered":"<p><img loading=\"lazy\" decoding=\"async\" class=\"alignnone size-full wp-image-116982\" src=\"https:\/\/noticiasmercedinas.com\/site\/wp-content\/uploads\/2023\/06\/Agustin_ferra.jpg\" alt=\"\" width=\"640\" height=\"453\" srcset=\"https:\/\/noticiasmercedinas.com\/site\/wp-content\/uploads\/2023\/06\/Agustin_ferra.jpg 640w, https:\/\/noticiasmercedinas.com\/site\/wp-content\/uploads\/2023\/06\/Agustin_ferra-300x212.jpg 300w\" sizes=\"auto, (max-width: 640px) 100vw, 640px\" \/><\/p>\n<p>El consejero escolar de Juntos por el Cambio, <strong>Agust\u00edn Ferrarotti<\/strong>, expres\u00f3 su preocupaci\u00f3n y cr\u00edticas luego de la visita y anuncios del director de Cultura y Educaci\u00f3n de la Provincia, <strong>Alberto Sileoni<\/strong>, en relaci\u00f3n a la falta de avances en obras de educaci\u00f3n en la localidad.<\/p>\n<p>Ferrarotti destac\u00f3 la \u201causencia de inversiones\u201d. \u00abEstamos promediando el a\u00f1o 2023 y las obras no llegan. No se han concretado ni las grandes, ni las medianas, ni las peque\u00f1as. Incluso las obras de emergencia (PEED) brillan por su ausencia\u00bb, manifest\u00f3 el consejero.<\/p>\n<p>Uno de los ejemplos m\u00e1s preocupantes -dijo- es la situaci\u00f3n de la escuela secundaria n\u00famero 13, que desde el a\u00f1o 2020, cuando el ministro de Educaci\u00f3n de la Naci\u00f3n visit\u00f3 la localidad, a\u00fan no ha comenzado su construcci\u00f3n. \u00abEs lamentable ver c\u00f3mo los alumnos y docentes de esa escuela contin\u00faan sin contar con un lugar propio. Adem\u00e1s, el costo estimado inicial de 200 millones de pesos se ha duplicado y se espera que su finalizaci\u00f3n tome de 2 a 3 a\u00f1os m\u00e1s\u00bb, afirm\u00f3 Ferrarotti.<\/p>\n<blockquote><p>El consejero escolar subray\u00f3 las precarias condiciones en las que estudian los alumnos y trabajan los docentes en la ciudad. \u00abEs evidente que nuestras escuelas no se encuentran en las mejores condiciones\u00bb, dijo<\/p><\/blockquote>\n<p>Seg\u00fan enumer\u00f3, en el transcurso de este a\u00f1o se han acumulado varias licitaciones pendientes, entre ellas, la de la primaria 26, la secundaria 14 y la escuela secundaria 1. Desde el bloque Juntos por el Cambio reconocen la importancia y necesidad de estas obras, por lo cual han estado siguiendo de cerca sus expedientes. Sin embargo, existe incertidumbre acerca de los motivos por los cuales las licitaciones no avanzan. \u00abNos preguntamos si no hay suficiente presupuesto, si los fondos se est\u00e1n utilizando para otros fines, si no existe una decisi\u00f3n pol\u00edtica clara o si no se valora el trabajo de los contratistas locales\u00bb, cuestion\u00f3 Ferrarotti.<\/p>\n<p>El consejero escolar subray\u00f3 las precarias condiciones en las que estudian los alumnos y trabajan los docentes en la ciudad. \u00abEs evidente que nuestras escuelas no se encuentran en las mejores condiciones. No podemos permitir que la calidad educativa sea solo una proclama pol\u00edtica, es necesario que se convierta en un objetivo concreto y alcanzable a trav\u00e9s de acciones necesarias\u00bb, afirm\u00f3 Ferrarotti.<\/p>\n<p>Desde el bloque Juntos por el Cambio se comprometen a seguir apostando por la educaci\u00f3n en Mercedes y trabajar en pro de mejorar las condiciones educativas en la localidad. Esperan que se tomen medidas concretas y se destinen los recursos necesarios para el desarrollo de las obras pendientes, brindando a los estudiantes y docentes un entorno adecuado para su aprendizaje y trabajo.<\/p>\n<p><img loading=\"lazy\" decoding=\"async\" class=\"alignnone size-full wp-image-116994\" src=\"https:\/\/noticiasmercedinas.com\/site\/wp-content\/uploads\/2023\/06\/PALAa.jpg\" alt=\"\" width=\"640\" height=\"429\" srcset=\"https:\/\/noticiasmercedinas.com\/site\/wp-content\/uploads\/2023\/06\/PALAa.jpg 640w, https:\/\/noticiasmercedinas.com\/site\/wp-content\/uploads\/2023\/06\/PALAa-300x201.jpg 300w, https:\/\/noticiasmercedinas.com\/site\/wp-content\/uploads\/2023\/06\/PALAa-537x360.jpg 537w\" sizes=\"auto, (max-width: 640px) 100vw, 640px\" \/><\/p>\n","protected":false},"excerpt":{"rendered":"<p>\u25a0 \u201cNo podemos permitir que la calidad educativa sea solo una proclama pol\u00edtica, es necesario que se convierta en un objetivo concreto y alcanzable a trav\u00e9s de acciones necesarias\u00bb, afirm\u00f3<\/p>\n","protected":false},"author":16,"featured_media":116982,"comment_status":"closed","ping_status":"closed","sticky":false,"template":"","format":"standard","meta":{"footnotes":""},"categories":[16],"tags":[13302,267,5269],"class_list":["post-116980","post","type-post","status-publish","format-standard","has-post-thumbnail","hentry","category-politica","tag-agustin-ferrarotti","tag-consejo-escolar","tag-juntos-por-el-cambio"],"yoast_head":"<!-- This site is optimized with the Yoast SEO plugin v27.5 - https:\/\/yoast.com\/product\/yoast-seo-wordpress\/ -->\n<title>Tras visita de Sileoni, consejero Ferrarotti se mostr\u00f3 preocupado por \u201cfalta de obras\u201d<\/title>\n<meta name=\"robots\" content=\"index, follow, max-snippet:-1, max-image-preview:large, max-video-preview:-1\" \/>\n<link rel=\"canonical\" href=\"https:\/\/noticiasmercedinas.com\/site\/2023\/06\/13\/tras-visita-de-sileoni-consejero-ferrarotti-se-mostro-preocupado-por-falta-de-obras\/\" \/>\n<meta property=\"og:locale\" content=\"es_ES\" \/>\n<meta property=\"og:type\" content=\"article\" \/>\n<meta property=\"og:title\" content=\"Tras visita de Sileoni, consejero Ferrarotti se mostr\u00f3 preocupado por \u201cfalta de obras\u201d\" \/>\n<meta property=\"og:description\" content=\"\u25a0 \u201cNo podemos permitir que la calidad educativa sea solo una proclama pol\u00edtica, es necesario que se convierta en un objetivo concreto y alcanzable a trav\u00e9s de acciones necesarias&quot;, afirm\u00f3\" \/>\n<meta property=\"og:url\" content=\"https:\/\/noticiasmercedinas.com\/site\/2023\/06\/13\/tras-visita-de-sileoni-consejero-ferrarotti-se-mostro-preocupado-por-falta-de-obras\/\" \/>\n<meta property=\"og:site_name\" content=\"NOTICIASMERCEDINAS.COM\" \/>\n<meta property=\"article:publisher\" content=\"https:\/\/www.facebook.com\/noticiasmercedinas\/\" \/>\n<meta property=\"article:published_time\" content=\"2023-06-13T22:55:52+00:00\" \/>\n<meta property=\"article:modified_time\" content=\"2023-06-13T23:26:08+00:00\" \/>\n<meta property=\"og:image\" content=\"https:\/\/noticiasmercedinas.com\/site\/wp-content\/uploads\/2023\/06\/Agustin_ferra.jpg\" \/>\n\t<meta property=\"og:image:width\" content=\"640\" \/>\n\t<meta property=\"og:image:height\" content=\"453\" \/>\n\t<meta property=\"og:image:type\" content=\"image\/jpeg\" \/>\n<meta name=\"author\" content=\"NOTICIASMERCEDINAS.COM\" \/>\n<meta name=\"twitter:card\" content=\"summary_large_image\" \/>\n<meta name=\"twitter:creator\" content=\"@notmercedinas\" \/>\n<meta name=\"twitter:site\" content=\"@notmercedinas\" \/>\n<meta name=\"twitter:label1\" content=\"Escrito por\" \/>\n\t<meta name=\"twitter:data1\" content=\"NOTICIASMERCEDINAS.COM\" \/>\n\t<meta name=\"twitter:label2\" content=\"Tiempo de lectura\" \/>\n\t<meta name=\"twitter:data2\" content=\"3 minutos\" \/>\n<script type=\"application\/ld+json\" class=\"yoast-schema-graph\">{\"@context\":\"https:\\\/\\\/schema.org\",\"@graph\":[{\"@type\":\"Article\",\"@id\":\"https:\\\/\\\/noticiasmercedinas.com\\\/site\\\/2023\\\/06\\\/13\\\/tras-visita-de-sileoni-consejero-ferrarotti-se-mostro-preocupado-por-falta-de-obras\\\/#article\",\"isPartOf\":{\"@id\":\"https:\\\/\\\/noticiasmercedinas.com\\\/site\\\/2023\\\/06\\\/13\\\/tras-visita-de-sileoni-consejero-ferrarotti-se-mostro-preocupado-por-falta-de-obras\\\/\"},\"author\":{\"name\":\"NOTICIASMERCEDINAS.COM\",\"@id\":\"https:\\\/\\\/noticiasmercedinas.com\\\/site\\\/#\\\/schema\\\/person\\\/84b59c099c28ff2e8b77d4ceec5d8063\"},\"headline\":\"Tras visita de Sileoni, consejero Ferrarotti se mostr\u00f3 preocupado por \u201cfalta de obras\u201d\",\"datePublished\":\"2023-06-13T22:55:52+00:00\",\"dateModified\":\"2023-06-13T23:26:08+00:00\",\"mainEntityOfPage\":{\"@id\":\"https:\\\/\\\/noticiasmercedinas.com\\\/site\\\/2023\\\/06\\\/13\\\/tras-visita-de-sileoni-consejero-ferrarotti-se-mostro-preocupado-por-falta-de-obras\\\/\"},\"wordCount\":468,\"publisher\":{\"@id\":\"https:\\\/\\\/noticiasmercedinas.com\\\/site\\\/#organization\"},\"image\":{\"@id\":\"https:\\\/\\\/noticiasmercedinas.com\\\/site\\\/2023\\\/06\\\/13\\\/tras-visita-de-sileoni-consejero-ferrarotti-se-mostro-preocupado-por-falta-de-obras\\\/#primaryimage\"},\"thumbnailUrl\":\"https:\\\/\\\/noticiasmercedinas.com\\\/site\\\/wp-content\\\/uploads\\\/2023\\\/06\\\/Agustin_ferra.jpg\",\"keywords\":[\"Agust\u00edn Ferrarotti\",\"consejo escolar\",\"juntos por el cambio\"],\"articleSection\":[\"Politica\"],\"inLanguage\":\"es\"},{\"@type\":\"WebPage\",\"@id\":\"https:\\\/\\\/noticiasmercedinas.com\\\/site\\\/2023\\\/06\\\/13\\\/tras-visita-de-sileoni-consejero-ferrarotti-se-mostro-preocupado-por-falta-de-obras\\\/\",\"url\":\"https:\\\/\\\/noticiasmercedinas.com\\\/site\\\/2023\\\/06\\\/13\\\/tras-visita-de-sileoni-consejero-ferrarotti-se-mostro-preocupado-por-falta-de-obras\\\/\",\"name\":\"Tras visita de Sileoni, consejero Ferrarotti se mostr\u00f3 preocupado por \u201cfalta de obras\u201d\",\"isPartOf\":{\"@id\":\"https:\\\/\\\/noticiasmercedinas.com\\\/site\\\/#website\"},\"primaryImageOfPage\":{\"@id\":\"https:\\\/\\\/noticiasmercedinas.com\\\/site\\\/2023\\\/06\\\/13\\\/tras-visita-de-sileoni-consejero-ferrarotti-se-mostro-preocupado-por-falta-de-obras\\\/#primaryimage\"},\"image\":{\"@id\":\"https:\\\/\\\/noticiasmercedinas.com\\\/site\\\/2023\\\/06\\\/13\\\/tras-visita-de-sileoni-consejero-ferrarotti-se-mostro-preocupado-por-falta-de-obras\\\/#primaryimage\"},\"thumbnailUrl\":\"https:\\\/\\\/noticiasmercedinas.com\\\/site\\\/wp-content\\\/uploads\\\/2023\\\/06\\\/Agustin_ferra.jpg\",\"datePublished\":\"2023-06-13T22:55:52+00:00\",\"dateModified\":\"2023-06-13T23:26:08+00:00\",\"breadcrumb\":{\"@id\":\"https:\\\/\\\/noticiasmercedinas.com\\\/site\\\/2023\\\/06\\\/13\\\/tras-visita-de-sileoni-consejero-ferrarotti-se-mostro-preocupado-por-falta-de-obras\\\/#breadcrumb\"},\"inLanguage\":\"es\",\"potentialAction\":[{\"@type\":\"ReadAction\",\"target\":[\"https:\\\/\\\/noticiasmercedinas.com\\\/site\\\/2023\\\/06\\\/13\\\/tras-visita-de-sileoni-consejero-ferrarotti-se-mostro-preocupado-por-falta-de-obras\\\/\"]}]},{\"@type\":\"ImageObject\",\"inLanguage\":\"es\",\"@id\":\"https:\\\/\\\/noticiasmercedinas.com\\\/site\\\/2023\\\/06\\\/13\\\/tras-visita-de-sileoni-consejero-ferrarotti-se-mostro-preocupado-por-falta-de-obras\\\/#primaryimage\",\"url\":\"https:\\\/\\\/noticiasmercedinas.com\\\/site\\\/wp-content\\\/uploads\\\/2023\\\/06\\\/Agustin_ferra.jpg\",\"contentUrl\":\"https:\\\/\\\/noticiasmercedinas.com\\\/site\\\/wp-content\\\/uploads\\\/2023\\\/06\\\/Agustin_ferra.jpg\",\"width\":640,\"height\":453},{\"@type\":\"BreadcrumbList\",\"@id\":\"https:\\\/\\\/noticiasmercedinas.com\\\/site\\\/2023\\\/06\\\/13\\\/tras-visita-de-sileoni-consejero-ferrarotti-se-mostro-preocupado-por-falta-de-obras\\\/#breadcrumb\",\"itemListElement\":[{\"@type\":\"ListItem\",\"position\":1,\"name\":\"Portada\",\"item\":\"https:\\\/\\\/noticiasmercedinas.com\\\/site\\\/\"},{\"@type\":\"ListItem\",\"position\":2,\"name\":\"Tras visita de Sileoni, consejero Ferrarotti se mostr\u00f3 preocupado por \u201cfalta de obras\u201d\"}]},{\"@type\":\"WebSite\",\"@id\":\"https:\\\/\\\/noticiasmercedinas.com\\\/site\\\/#website\",\"url\":\"https:\\\/\\\/noticiasmercedinas.com\\\/site\\\/\",\"name\":\"NOTICIASMERCEDINAS.COM\",\"description\":\"Mercedes, Buenos Aires, Argentina\",\"publisher\":{\"@id\":\"https:\\\/\\\/noticiasmercedinas.com\\\/site\\\/#organization\"},\"potentialAction\":[{\"@type\":\"SearchAction\",\"target\":{\"@type\":\"EntryPoint\",\"urlTemplate\":\"https:\\\/\\\/noticiasmercedinas.com\\\/site\\\/?s={search_term_string}\"},\"query-input\":{\"@type\":\"PropertyValueSpecification\",\"valueRequired\":true,\"valueName\":\"search_term_string\"}}],\"inLanguage\":\"es\"},{\"@type\":\"Organization\",\"@id\":\"https:\\\/\\\/noticiasmercedinas.com\\\/site\\\/#organization\",\"name\":\"NOTICIASMERCEDINAS.COM\",\"url\":\"https:\\\/\\\/noticiasmercedinas.com\\\/site\\\/\",\"logo\":{\"@type\":\"ImageObject\",\"inLanguage\":\"es\",\"@id\":\"https:\\\/\\\/noticiasmercedinas.com\\\/site\\\/#\\\/schema\\\/logo\\\/image\\\/\",\"url\":\"https:\\\/\\\/noticiasmercedinas.com\\\/site\\\/wp-content\\\/uploads\\\/2020\\\/06\\\/LOGO-512.jpg\",\"contentUrl\":\"https:\\\/\\\/noticiasmercedinas.com\\\/site\\\/wp-content\\\/uploads\\\/2020\\\/06\\\/LOGO-512.jpg\",\"width\":512,\"height\":512,\"caption\":\"NOTICIASMERCEDINAS.COM\"},\"image\":{\"@id\":\"https:\\\/\\\/noticiasmercedinas.com\\\/site\\\/#\\\/schema\\\/logo\\\/image\\\/\"},\"sameAs\":[\"https:\\\/\\\/www.facebook.com\\\/noticiasmercedinas\\\/\",\"https:\\\/\\\/x.com\\\/notmercedinas\",\"https:\\\/\\\/www.instagram.com\\\/noticiasmercedinas\\\/\"]},{\"@type\":\"Person\",\"@id\":\"https:\\\/\\\/noticiasmercedinas.com\\\/site\\\/#\\\/schema\\\/person\\\/84b59c099c28ff2e8b77d4ceec5d8063\",\"name\":\"NOTICIASMERCEDINAS.COM\",\"image\":{\"@type\":\"ImageObject\",\"inLanguage\":\"es\",\"@id\":\"https:\\\/\\\/secure.gravatar.com\\\/avatar\\\/4dfbf16b4d17945bfb6341b2d19043457132fcf478a5ee04f42e959fd8f5df0a?s=96&d=mm&r=g\",\"url\":\"https:\\\/\\\/secure.gravatar.com\\\/avatar\\\/4dfbf16b4d17945bfb6341b2d19043457132fcf478a5ee04f42e959fd8f5df0a?s=96&d=mm&r=g\",\"contentUrl\":\"https:\\\/\\\/secure.gravatar.com\\\/avatar\\\/4dfbf16b4d17945bfb6341b2d19043457132fcf478a5ee04f42e959fd8f5df0a?s=96&d=mm&r=g\",\"caption\":\"NOTICIASMERCEDINAS.COM\"},\"url\":\"https:\\\/\\\/noticiasmercedinas.com\\\/site\\\/author\\\/anonimo\\\/\"}]}<\/script>\n<!-- \/ Yoast SEO plugin. -->","yoast_head_json":{"title":"Tras visita de Sileoni, consejero Ferrarotti se mostr\u00f3 preocupado por \u201cfalta de obras\u201d","robots":{"index":"index","follow":"follow","max-snippet":"max-snippet:-1","max-image-preview":"max-image-preview:large","max-video-preview":"max-video-preview:-1"},"canonical":"https:\/\/noticiasmercedinas.com\/site\/2023\/06\/13\/tras-visita-de-sileoni-consejero-ferrarotti-se-mostro-preocupado-por-falta-de-obras\/","og_locale":"es_ES","og_type":"article","og_title":"Tras visita de Sileoni, consejero Ferrarotti se mostr\u00f3 preocupado por \u201cfalta de obras\u201d","og_description":"\u25a0 \u201cNo podemos permitir que la calidad educativa sea solo una proclama pol\u00edtica, es necesario que se convierta en un objetivo concreto y alcanzable a trav\u00e9s de acciones necesarias\", afirm\u00f3","og_url":"https:\/\/noticiasmercedinas.com\/site\/2023\/06\/13\/tras-visita-de-sileoni-consejero-ferrarotti-se-mostro-preocupado-por-falta-de-obras\/","og_site_name":"NOTICIASMERCEDINAS.COM","article_publisher":"https:\/\/www.facebook.com\/noticiasmercedinas\/","article_published_time":"2023-06-13T22:55:52+00:00","article_modified_time":"2023-06-13T23:26:08+00:00","og_image":[{"width":640,"height":453,"url":"https:\/\/noticiasmercedinas.com\/site\/wp-content\/uploads\/2023\/06\/Agustin_ferra.jpg","type":"image\/jpeg"}],"author":"NOTICIASMERCEDINAS.COM","twitter_card":"summary_large_image","twitter_creator":"@notmercedinas","twitter_site":"@notmercedinas","twitter_misc":{"Escrito por":"NOTICIASMERCEDINAS.COM","Tiempo de lectura":"3 minutos"},"schema":{"@context":"https:\/\/schema.org","@graph":[{"@type":"Article","@id":"https:\/\/noticiasmercedinas.com\/site\/2023\/06\/13\/tras-visita-de-sileoni-consejero-ferrarotti-se-mostro-preocupado-por-falta-de-obras\/#article","isPartOf":{"@id":"https:\/\/noticiasmercedinas.com\/site\/2023\/06\/13\/tras-visita-de-sileoni-consejero-ferrarotti-se-mostro-preocupado-por-falta-de-obras\/"},"author":{"name":"NOTICIASMERCEDINAS.COM","@id":"https:\/\/noticiasmercedinas.com\/site\/#\/schema\/person\/84b59c099c28ff2e8b77d4ceec5d8063"},"headline":"Tras visita de Sileoni, consejero Ferrarotti se mostr\u00f3 preocupado por \u201cfalta de obras\u201d","datePublished":"2023-06-13T22:55:52+00:00","dateModified":"2023-06-13T23:26:08+00:00","mainEntityOfPage":{"@id":"https:\/\/noticiasmercedinas.com\/site\/2023\/06\/13\/tras-visita-de-sileoni-consejero-ferrarotti-se-mostro-preocupado-por-falta-de-obras\/"},"wordCount":468,"publisher":{"@id":"https:\/\/noticiasmercedinas.com\/site\/#organization"},"image":{"@id":"https:\/\/noticiasmercedinas.com\/site\/2023\/06\/13\/tras-visita-de-sileoni-consejero-ferrarotti-se-mostro-preocupado-por-falta-de-obras\/#primaryimage"},"thumbnailUrl":"https:\/\/noticiasmercedinas.com\/site\/wp-content\/uploads\/2023\/06\/Agustin_ferra.jpg","keywords":["Agust\u00edn Ferrarotti","consejo escolar","juntos por el cambio"],"articleSection":["Politica"],"inLanguage":"es"},{"@type":"WebPage","@id":"https:\/\/noticiasmercedinas.com\/site\/2023\/06\/13\/tras-visita-de-sileoni-consejero-ferrarotti-se-mostro-preocupado-por-falta-de-obras\/","url":"https:\/\/noticiasmercedinas.com\/site\/2023\/06\/13\/tras-visita-de-sileoni-consejero-ferrarotti-se-mostro-preocupado-por-falta-de-obras\/","name":"Tras visita de Sileoni, consejero Ferrarotti se mostr\u00f3 preocupado por \u201cfalta de obras\u201d","isPartOf":{"@id":"https:\/\/noticiasmercedinas.com\/site\/#website"},"primaryImageOfPage":{"@id":"https:\/\/noticiasmercedinas.com\/site\/2023\/06\/13\/tras-visita-de-sileoni-consejero-ferrarotti-se-mostro-preocupado-por-falta-de-obras\/#primaryimage"},"image":{"@id":"https:\/\/noticiasmercedinas.com\/site\/2023\/06\/13\/tras-visita-de-sileoni-consejero-ferrarotti-se-mostro-preocupado-por-falta-de-obras\/#primaryimage"},"thumbnailUrl":"https:\/\/noticiasmercedinas.com\/site\/wp-content\/uploads\/2023\/06\/Agustin_ferra.jpg","datePublished":"2023-06-13T22:55:52+00:00","dateModified":"2023-06-13T23:26:08+00:00","breadcrumb":{"@id":"https:\/\/noticiasmercedinas.com\/site\/2023\/06\/13\/tras-visita-de-sileoni-consejero-ferrarotti-se-mostro-preocupado-por-falta-de-obras\/#breadcrumb"},"inLanguage":"es","potentialAction":[{"@type":"ReadAction","target":["https:\/\/noticiasmercedinas.com\/site\/2023\/06\/13\/tras-visita-de-sileoni-consejero-ferrarotti-se-mostro-preocupado-por-falta-de-obras\/"]}]},{"@type":"ImageObject","inLanguage":"es","@id":"https:\/\/noticiasmercedinas.com\/site\/2023\/06\/13\/tras-visita-de-sileoni-consejero-ferrarotti-se-mostro-preocupado-por-falta-de-obras\/#primaryimage","url":"https:\/\/noticiasmercedinas.com\/site\/wp-content\/uploads\/2023\/06\/Agustin_ferra.jpg","contentUrl":"https:\/\/noticiasmercedinas.com\/site\/wp-content\/uploads\/2023\/06\/Agustin_ferra.jpg","width":640,"height":453},{"@type":"BreadcrumbList","@id":"https:\/\/noticiasmercedinas.com\/site\/2023\/06\/13\/tras-visita-de-sileoni-consejero-ferrarotti-se-mostro-preocupado-por-falta-de-obras\/#breadcrumb","itemListElement":[{"@type":"ListItem","position":1,"name":"Portada","item":"https:\/\/noticiasmercedinas.com\/site\/"},{"@type":"ListItem","position":2,"name":"Tras visita de Sileoni, consejero Ferrarotti se mostr\u00f3 preocupado por \u201cfalta de obras\u201d"}]},{"@type":"WebSite","@id":"https:\/\/noticiasmercedinas.com\/site\/#website","url":"https:\/\/noticiasmercedinas.com\/site\/","name":"NOTICIASMERCEDINAS.COM","description":"Mercedes, Buenos Aires, Argentina","publisher":{"@id":"https:\/\/noticiasmercedinas.com\/site\/#organization"},"potentialAction":[{"@type":"SearchAction","target":{"@type":"EntryPoint","urlTemplate":"https:\/\/noticiasmercedinas.com\/site\/?s={search_term_string}"},"query-input":{"@type":"PropertyValueSpecification","valueRequired":true,"valueName":"search_term_string"}}],"inLanguage":"es"},{"@type":"Organization","@id":"https:\/\/noticiasmercedinas.com\/site\/#organization","name":"NOTICIASMERCEDINAS.COM","url":"https:\/\/noticiasmercedinas.com\/site\/","logo":{"@type":"ImageObject","inLanguage":"es","@id":"https:\/\/noticiasmercedinas.com\/site\/#\/schema\/logo\/image\/","url":"https:\/\/noticiasmercedinas.com\/site\/wp-content\/uploads\/2020\/06\/LOGO-512.jpg","contentUrl":"https:\/\/noticiasmercedinas.com\/site\/wp-content\/uploads\/2020\/06\/LOGO-512.jpg","width":512,"height":512,"caption":"NOTICIASMERCEDINAS.COM"},"image":{"@id":"https:\/\/noticiasmercedinas.com\/site\/#\/schema\/logo\/image\/"},"sameAs":["https:\/\/www.facebook.com\/noticiasmercedinas\/","https:\/\/x.com\/notmercedinas","https:\/\/www.instagram.com\/noticiasmercedinas\/"]},{"@type":"Person","@id":"https:\/\/noticiasmercedinas.com\/site\/#\/schema\/person\/84b59c099c28ff2e8b77d4ceec5d8063","name":"NOTICIASMERCEDINAS.COM","image":{"@type":"ImageObject","inLanguage":"es","@id":"https:\/\/secure.gravatar.com\/avatar\/4dfbf16b4d17945bfb6341b2d19043457132fcf478a5ee04f42e959fd8f5df0a?s=96&d=mm&r=g","url":"https:\/\/secure.gravatar.com\/avatar\/4dfbf16b4d17945bfb6341b2d19043457132fcf478a5ee04f42e959fd8f5df0a?s=96&d=mm&r=g","contentUrl":"https:\/\/secure.gravatar.com\/avatar\/4dfbf16b4d17945bfb6341b2d19043457132fcf478a5ee04f42e959fd8f5df0a?s=96&d=mm&r=g","caption":"NOTICIASMERCEDINAS.COM"},"url":"https:\/\/noticiasmercedinas.com\/site\/author\/anonimo\/"}]}},"amp_enabled":true,"_links":{"self":[{"href":"https:\/\/noticiasmercedinas.com\/site\/wp-json\/wp\/v2\/posts\/116980","targetHints":{"allow":["GET"]}}],"collection":[{"href":"https:\/\/noticiasmercedinas.com\/site\/wp-json\/wp\/v2\/posts"}],"about":[{"href":"https:\/\/noticiasmercedinas.com\/site\/wp-json\/wp\/v2\/types\/post"}],"author":[{"embeddable":true,"href":"https:\/\/noticiasmercedinas.com\/site\/wp-json\/wp\/v2\/users\/16"}],"replies":[{"embeddable":true,"href":"https:\/\/noticiasmercedinas.com\/site\/wp-json\/wp\/v2\/comments?post=116980"}],"version-history":[{"count":2,"href":"https:\/\/noticiasmercedinas.com\/site\/wp-json\/wp\/v2\/posts\/116980\/revisions"}],"predecessor-version":[{"id":116995,"href":"https:\/\/noticiasmercedinas.com\/site\/wp-json\/wp\/v2\/posts\/116980\/revisions\/116995"}],"wp:featuredmedia":[{"embeddable":true,"href":"https:\/\/noticiasmercedinas.com\/site\/wp-json\/wp\/v2\/media\/116982"}],"wp:attachment":[{"href":"https:\/\/noticiasmercedinas.com\/site\/wp-json\/wp\/v2\/media?parent=116980"}],"wp:term":[{"taxonomy":"category","embeddable":true,"href":"https:\/\/noticiasmercedinas.com\/site\/wp-json\/wp\/v2\/categories?post=116980"},{"taxonomy":"post_tag","embeddable":true,"href":"https:\/\/noticiasmercedinas.com\/site\/wp-json\/wp\/v2\/tags?post=116980"}],"curies":[{"name":"wp","href":"https:\/\/api.w.org\/{rel}","templated":true}]}}