{"id":117038,"date":"2023-06-14T14:39:15","date_gmt":"2023-06-14T17:39:15","guid":{"rendered":"https:\/\/noticiasmercedinas.com\/site\/?p=117038"},"modified":"2023-06-14T15:55:01","modified_gmt":"2023-06-14T18:55:01","slug":"avanza-el-proyecto-de-casa-velatoria-municipal-para-facilitar-acceso-a-despedidas-dignas","status":"publish","type":"post","link":"https:\/\/noticiasmercedinas.com\/site\/2023\/06\/14\/avanza-el-proyecto-de-casa-velatoria-municipal-para-facilitar-acceso-a-despedidas-dignas\/","title":{"rendered":"Avanza el proyecto de Casa Velatoria Municipal para facilitar acceso a despedidas dignas"},"content":{"rendered":"<p><img loading=\"lazy\" decoding=\"async\" class=\"alignnone size-full wp-image-117040\" src=\"https:\/\/noticiasmercedinas.com\/site\/wp-content\/uploads\/2023\/06\/BOZZINIIMG_7492.jpg\" alt=\"\" width=\"640\" height=\"417\" srcset=\"https:\/\/noticiasmercedinas.com\/site\/wp-content\/uploads\/2023\/06\/BOZZINIIMG_7492.jpg 640w, https:\/\/noticiasmercedinas.com\/site\/wp-content\/uploads\/2023\/06\/BOZZINIIMG_7492-300x194.jpg 300w\" sizes=\"auto, (max-width: 640px) 100vw, 640px\" \/><\/p>\n<p>El Concejo Deliberante de Mercedes llev\u00f3 a cabo una intensa jornada de actividad de comisiones para abordar el futuro del proyecto de Casa Velatoria Municipal, una iniciativa que ha estado en discusi\u00f3n durante mucho tiempo y que busca proporcionar apoyo a aquellos que enfrentan gastos f\u00fanebres tras la p\u00e9rdida de un ser querido.<\/p>\n<p>La Comisi\u00f3n de Salud y Acci\u00f3n Social ha estado trabajando arduamente en el expediente del proyecto de Casa Velatoria Municipal. \u00abAunque a\u00fan no se han logrado los acuerdos necesarios para la firma del despacho, continuamos trabajando en el expediente que se encuentra en discusi\u00f3n desde el a\u00f1o pasado y al que se le sum\u00f3 una solicitud particular con m\u00faltiples firmas. Creemos que las condiciones son propicias para su aprobaci\u00f3n\u00bb, afirm\u00f3 <strong>Andrea Bozzini<\/strong>, del Frente de Todos, una de las concejalas que particip\u00f3 en esta reuni\u00f3n.<\/p>\n<p>\u00abEs injusto que aquellos que no cuentan con los recursos necesarios para afrontar este gasto se vean privados del derecho a realizar un velorio\u00bb, agreg\u00f3.<\/p>\n<p>Bozzini, quien previamente se ha desempe\u00f1ado como funcionaria de Desarrollo Social, ha sido testigo de c\u00f3mo muchas familias se endeudan para llevar adelante el proceso de despedir a un familiar de acuerdo con sus creencias y convicciones espirituales y religiosas. Por lo tanto, considera que es fundamental que \u201cel Estado est\u00e9 presente para garantizar ese derecho, ya que se trata de un momento crucial en la vida de las personas\u201d. Insiste en que las condiciones necesarias para el tratamiento del expediente est\u00e1n presentes.<\/p>\n<blockquote><p>\u00abEs injusto que aquellos que no cuentan con los recursos necesarios para afrontar este gasto se vean privados del derecho a realizar un velorio\u00bb<\/p><\/blockquote>\n<p>La Casa Velatoria Municipal es un proyecto que ha generado un amplio debate en la comunidad de Mercedes. Su objetivo es proporcionar un espacio donde las familias puedan despedir a sus seres queridos de manera digna y respetuosa, sin que los costos econ\u00f3micos sean una barrera para acceder a este derecho fundamental. La iniciativa busca brindar apoyo financiero y log\u00edstico a las familias que se encuentran en situaciones vulnerables, permiti\u00e9ndoles afrontar los gastos asociados al proceso de velatorio.<\/p>\n<p>La discusi\u00f3n en el Concejo Deliberante ha sido prolongada, pero parece que finalmente se est\u00e1n dando los avances necesarios para avanzar con el proyecto. A medida que contin\u00fae el proceso, se espera que se logren los acuerdos y consensos necesarios para su aprobaci\u00f3n y posterior implementaci\u00f3n.<\/p>\n<p>La Casa Velatoria Municipal representa una oportunidad para la comunidad de Mercedes de garantizar la igualdad de acceso a los servicios funerarios y el respeto por las tradiciones y creencias individuales.<\/p>\n<p><img loading=\"lazy\" decoding=\"async\" class=\"alignnone size-full wp-image-117039\" src=\"https:\/\/noticiasmercedinas.com\/site\/wp-content\/uploads\/2023\/06\/HCDIMG_7496.jpg\" alt=\"\" width=\"640\" height=\"427\" srcset=\"https:\/\/noticiasmercedinas.com\/site\/wp-content\/uploads\/2023\/06\/HCDIMG_7496.jpg 640w, https:\/\/noticiasmercedinas.com\/site\/wp-content\/uploads\/2023\/06\/HCDIMG_7496-300x200.jpg 300w\" sizes=\"auto, (max-width: 640px) 100vw, 640px\" \/><\/p>\n","protected":false},"excerpt":{"rendered":"<p>\u25a0 Desde la Comisi\u00f3n de Salud y Acci\u00f3n Social se est\u00e1 trabajando arduamente en el expediente. La concejal Andrea Bozzini considera fundamental que \u00abel Estado est\u00e9 presente para garantizar ese derecho\u00bb<\/p>\n","protected":false},"author":16,"featured_media":117040,"comment_status":"closed","ping_status":"closed","sticky":false,"template":"","format":"standard","meta":{"footnotes":""},"categories":[16],"tags":[5424,3377,243],"class_list":["post-117038","post","type-post","status-publish","format-standard","has-post-thumbnail","hentry","category-politica","tag-andrea-bozzini","tag-casa-velatoria-municipal","tag-concejo-deliberante"],"yoast_head":"<!-- This site is optimized with the Yoast SEO plugin v27.5 - https:\/\/yoast.com\/product\/yoast-seo-wordpress\/ -->\n<title>Avanza el proyecto de Casa Velatoria Municipal para facilitar acceso a despedidas dignas<\/title>\n<meta name=\"robots\" content=\"index, follow, max-snippet:-1, max-image-preview:large, max-video-preview:-1\" \/>\n<link rel=\"canonical\" href=\"https:\/\/noticiasmercedinas.com\/site\/2023\/06\/14\/avanza-el-proyecto-de-casa-velatoria-municipal-para-facilitar-acceso-a-despedidas-dignas\/\" \/>\n<meta property=\"og:locale\" content=\"es_ES\" \/>\n<meta property=\"og:type\" content=\"article\" \/>\n<meta property=\"og:title\" content=\"Avanza el proyecto de Casa Velatoria Municipal para facilitar acceso a despedidas dignas\" \/>\n<meta property=\"og:description\" content=\"\u25a0 Desde la Comisi\u00f3n de Salud y Acci\u00f3n Social se est\u00e1 trabajando arduamente en el expediente. La concejal Andrea Bozzini considera fundamental que &quot;el Estado est\u00e9 presente para garantizar ese derecho&quot;\" \/>\n<meta property=\"og:url\" content=\"https:\/\/noticiasmercedinas.com\/site\/2023\/06\/14\/avanza-el-proyecto-de-casa-velatoria-municipal-para-facilitar-acceso-a-despedidas-dignas\/\" \/>\n<meta property=\"og:site_name\" content=\"NOTICIASMERCEDINAS.COM\" \/>\n<meta property=\"article:publisher\" content=\"https:\/\/www.facebook.com\/noticiasmercedinas\/\" \/>\n<meta property=\"article:published_time\" content=\"2023-06-14T17:39:15+00:00\" \/>\n<meta property=\"article:modified_time\" content=\"2023-06-14T18:55:01+00:00\" \/>\n<meta property=\"og:image\" content=\"https:\/\/noticiasmercedinas.com\/site\/wp-content\/uploads\/2023\/06\/BOZZINIIMG_7492.jpg\" \/>\n\t<meta property=\"og:image:width\" content=\"640\" \/>\n\t<meta property=\"og:image:height\" content=\"417\" \/>\n\t<meta property=\"og:image:type\" content=\"image\/jpeg\" \/>\n<meta name=\"author\" content=\"NOTICIASMERCEDINAS.COM\" \/>\n<meta name=\"twitter:card\" content=\"summary_large_image\" \/>\n<meta name=\"twitter:creator\" content=\"@notmercedinas\" \/>\n<meta name=\"twitter:site\" content=\"@notmercedinas\" \/>\n<meta name=\"twitter:label1\" content=\"Escrito por\" \/>\n\t<meta name=\"twitter:data1\" content=\"NOTICIASMERCEDINAS.COM\" \/>\n\t<meta name=\"twitter:label2\" content=\"Tiempo de lectura\" \/>\n\t<meta name=\"twitter:data2\" content=\"3 minutos\" \/>\n<script type=\"application\/ld+json\" class=\"yoast-schema-graph\">{\"@context\":\"https:\\\/\\\/schema.org\",\"@graph\":[{\"@type\":\"Article\",\"@id\":\"https:\\\/\\\/noticiasmercedinas.com\\\/site\\\/2023\\\/06\\\/14\\\/avanza-el-proyecto-de-casa-velatoria-municipal-para-facilitar-acceso-a-despedidas-dignas\\\/#article\",\"isPartOf\":{\"@id\":\"https:\\\/\\\/noticiasmercedinas.com\\\/site\\\/2023\\\/06\\\/14\\\/avanza-el-proyecto-de-casa-velatoria-municipal-para-facilitar-acceso-a-despedidas-dignas\\\/\"},\"author\":{\"name\":\"NOTICIASMERCEDINAS.COM\",\"@id\":\"https:\\\/\\\/noticiasmercedinas.com\\\/site\\\/#\\\/schema\\\/person\\\/84b59c099c28ff2e8b77d4ceec5d8063\"},\"headline\":\"Avanza el proyecto de Casa Velatoria Municipal para facilitar acceso a despedidas dignas\",\"datePublished\":\"2023-06-14T17:39:15+00:00\",\"dateModified\":\"2023-06-14T18:55:01+00:00\",\"mainEntityOfPage\":{\"@id\":\"https:\\\/\\\/noticiasmercedinas.com\\\/site\\\/2023\\\/06\\\/14\\\/avanza-el-proyecto-de-casa-velatoria-municipal-para-facilitar-acceso-a-despedidas-dignas\\\/\"},\"wordCount\":460,\"publisher\":{\"@id\":\"https:\\\/\\\/noticiasmercedinas.com\\\/site\\\/#organization\"},\"image\":{\"@id\":\"https:\\\/\\\/noticiasmercedinas.com\\\/site\\\/2023\\\/06\\\/14\\\/avanza-el-proyecto-de-casa-velatoria-municipal-para-facilitar-acceso-a-despedidas-dignas\\\/#primaryimage\"},\"thumbnailUrl\":\"https:\\\/\\\/noticiasmercedinas.com\\\/site\\\/wp-content\\\/uploads\\\/2023\\\/06\\\/BOZZINIIMG_7492.jpg\",\"keywords\":[\"Andrea Bozzini\",\"casa velatoria municipal\",\"concejo deliberante\"],\"articleSection\":[\"Politica\"],\"inLanguage\":\"es\"},{\"@type\":\"WebPage\",\"@id\":\"https:\\\/\\\/noticiasmercedinas.com\\\/site\\\/2023\\\/06\\\/14\\\/avanza-el-proyecto-de-casa-velatoria-municipal-para-facilitar-acceso-a-despedidas-dignas\\\/\",\"url\":\"https:\\\/\\\/noticiasmercedinas.com\\\/site\\\/2023\\\/06\\\/14\\\/avanza-el-proyecto-de-casa-velatoria-municipal-para-facilitar-acceso-a-despedidas-dignas\\\/\",\"name\":\"Avanza el proyecto de Casa Velatoria Municipal para facilitar acceso a despedidas dignas\",\"isPartOf\":{\"@id\":\"https:\\\/\\\/noticiasmercedinas.com\\\/site\\\/#website\"},\"primaryImageOfPage\":{\"@id\":\"https:\\\/\\\/noticiasmercedinas.com\\\/site\\\/2023\\\/06\\\/14\\\/avanza-el-proyecto-de-casa-velatoria-municipal-para-facilitar-acceso-a-despedidas-dignas\\\/#primaryimage\"},\"image\":{\"@id\":\"https:\\\/\\\/noticiasmercedinas.com\\\/site\\\/2023\\\/06\\\/14\\\/avanza-el-proyecto-de-casa-velatoria-municipal-para-facilitar-acceso-a-despedidas-dignas\\\/#primaryimage\"},\"thumbnailUrl\":\"https:\\\/\\\/noticiasmercedinas.com\\\/site\\\/wp-content\\\/uploads\\\/2023\\\/06\\\/BOZZINIIMG_7492.jpg\",\"datePublished\":\"2023-06-14T17:39:15+00:00\",\"dateModified\":\"2023-06-14T18:55:01+00:00\",\"breadcrumb\":{\"@id\":\"https:\\\/\\\/noticiasmercedinas.com\\\/site\\\/2023\\\/06\\\/14\\\/avanza-el-proyecto-de-casa-velatoria-municipal-para-facilitar-acceso-a-despedidas-dignas\\\/#breadcrumb\"},\"inLanguage\":\"es\",\"potentialAction\":[{\"@type\":\"ReadAction\",\"target\":[\"https:\\\/\\\/noticiasmercedinas.com\\\/site\\\/2023\\\/06\\\/14\\\/avanza-el-proyecto-de-casa-velatoria-municipal-para-facilitar-acceso-a-despedidas-dignas\\\/\"]}]},{\"@type\":\"ImageObject\",\"inLanguage\":\"es\",\"@id\":\"https:\\\/\\\/noticiasmercedinas.com\\\/site\\\/2023\\\/06\\\/14\\\/avanza-el-proyecto-de-casa-velatoria-municipal-para-facilitar-acceso-a-despedidas-dignas\\\/#primaryimage\",\"url\":\"https:\\\/\\\/noticiasmercedinas.com\\\/site\\\/wp-content\\\/uploads\\\/2023\\\/06\\\/BOZZINIIMG_7492.jpg\",\"contentUrl\":\"https:\\\/\\\/noticiasmercedinas.com\\\/site\\\/wp-content\\\/uploads\\\/2023\\\/06\\\/BOZZINIIMG_7492.jpg\",\"width\":640,\"height\":417},{\"@type\":\"BreadcrumbList\",\"@id\":\"https:\\\/\\\/noticiasmercedinas.com\\\/site\\\/2023\\\/06\\\/14\\\/avanza-el-proyecto-de-casa-velatoria-municipal-para-facilitar-acceso-a-despedidas-dignas\\\/#breadcrumb\",\"itemListElement\":[{\"@type\":\"ListItem\",\"position\":1,\"name\":\"Portada\",\"item\":\"https:\\\/\\\/noticiasmercedinas.com\\\/site\\\/\"},{\"@type\":\"ListItem\",\"position\":2,\"name\":\"Avanza el proyecto de Casa Velatoria Municipal para facilitar acceso a despedidas dignas\"}]},{\"@type\":\"WebSite\",\"@id\":\"https:\\\/\\\/noticiasmercedinas.com\\\/site\\\/#website\",\"url\":\"https:\\\/\\\/noticiasmercedinas.com\\\/site\\\/\",\"name\":\"NOTICIASMERCEDINAS.COM\",\"description\":\"Mercedes, Buenos Aires, Argentina\",\"publisher\":{\"@id\":\"https:\\\/\\\/noticiasmercedinas.com\\\/site\\\/#organization\"},\"potentialAction\":[{\"@type\":\"SearchAction\",\"target\":{\"@type\":\"EntryPoint\",\"urlTemplate\":\"https:\\\/\\\/noticiasmercedinas.com\\\/site\\\/?s={search_term_string}\"},\"query-input\":{\"@type\":\"PropertyValueSpecification\",\"valueRequired\":true,\"valueName\":\"search_term_string\"}}],\"inLanguage\":\"es\"},{\"@type\":\"Organization\",\"@id\":\"https:\\\/\\\/noticiasmercedinas.com\\\/site\\\/#organization\",\"name\":\"NOTICIASMERCEDINAS.COM\",\"url\":\"https:\\\/\\\/noticiasmercedinas.com\\\/site\\\/\",\"logo\":{\"@type\":\"ImageObject\",\"inLanguage\":\"es\",\"@id\":\"https:\\\/\\\/noticiasmercedinas.com\\\/site\\\/#\\\/schema\\\/logo\\\/image\\\/\",\"url\":\"https:\\\/\\\/noticiasmercedinas.com\\\/site\\\/wp-content\\\/uploads\\\/2020\\\/06\\\/LOGO-512.jpg\",\"contentUrl\":\"https:\\\/\\\/noticiasmercedinas.com\\\/site\\\/wp-content\\\/uploads\\\/2020\\\/06\\\/LOGO-512.jpg\",\"width\":512,\"height\":512,\"caption\":\"NOTICIASMERCEDINAS.COM\"},\"image\":{\"@id\":\"https:\\\/\\\/noticiasmercedinas.com\\\/site\\\/#\\\/schema\\\/logo\\\/image\\\/\"},\"sameAs\":[\"https:\\\/\\\/www.facebook.com\\\/noticiasmercedinas\\\/\",\"https:\\\/\\\/x.com\\\/notmercedinas\",\"https:\\\/\\\/www.instagram.com\\\/noticiasmercedinas\\\/\"]},{\"@type\":\"Person\",\"@id\":\"https:\\\/\\\/noticiasmercedinas.com\\\/site\\\/#\\\/schema\\\/person\\\/84b59c099c28ff2e8b77d4ceec5d8063\",\"name\":\"NOTICIASMERCEDINAS.COM\",\"image\":{\"@type\":\"ImageObject\",\"inLanguage\":\"es\",\"@id\":\"https:\\\/\\\/secure.gravatar.com\\\/avatar\\\/4dfbf16b4d17945bfb6341b2d19043457132fcf478a5ee04f42e959fd8f5df0a?s=96&d=mm&r=g\",\"url\":\"https:\\\/\\\/secure.gravatar.com\\\/avatar\\\/4dfbf16b4d17945bfb6341b2d19043457132fcf478a5ee04f42e959fd8f5df0a?s=96&d=mm&r=g\",\"contentUrl\":\"https:\\\/\\\/secure.gravatar.com\\\/avatar\\\/4dfbf16b4d17945bfb6341b2d19043457132fcf478a5ee04f42e959fd8f5df0a?s=96&d=mm&r=g\",\"caption\":\"NOTICIASMERCEDINAS.COM\"},\"url\":\"https:\\\/\\\/noticiasmercedinas.com\\\/site\\\/author\\\/anonimo\\\/\"}]}<\/script>\n<!-- \/ Yoast SEO plugin. -->","yoast_head_json":{"title":"Avanza el proyecto de Casa Velatoria Municipal para facilitar acceso a despedidas dignas","robots":{"index":"index","follow":"follow","max-snippet":"max-snippet:-1","max-image-preview":"max-image-preview:large","max-video-preview":"max-video-preview:-1"},"canonical":"https:\/\/noticiasmercedinas.com\/site\/2023\/06\/14\/avanza-el-proyecto-de-casa-velatoria-municipal-para-facilitar-acceso-a-despedidas-dignas\/","og_locale":"es_ES","og_type":"article","og_title":"Avanza el proyecto de Casa Velatoria Municipal para facilitar acceso a despedidas dignas","og_description":"\u25a0 Desde la Comisi\u00f3n de Salud y Acci\u00f3n Social se est\u00e1 trabajando arduamente en el expediente. La concejal Andrea Bozzini considera fundamental que \"el Estado est\u00e9 presente para garantizar ese derecho\"","og_url":"https:\/\/noticiasmercedinas.com\/site\/2023\/06\/14\/avanza-el-proyecto-de-casa-velatoria-municipal-para-facilitar-acceso-a-despedidas-dignas\/","og_site_name":"NOTICIASMERCEDINAS.COM","article_publisher":"https:\/\/www.facebook.com\/noticiasmercedinas\/","article_published_time":"2023-06-14T17:39:15+00:00","article_modified_time":"2023-06-14T18:55:01+00:00","og_image":[{"width":640,"height":417,"url":"https:\/\/noticiasmercedinas.com\/site\/wp-content\/uploads\/2023\/06\/BOZZINIIMG_7492.jpg","type":"image\/jpeg"}],"author":"NOTICIASMERCEDINAS.COM","twitter_card":"summary_large_image","twitter_creator":"@notmercedinas","twitter_site":"@notmercedinas","twitter_misc":{"Escrito por":"NOTICIASMERCEDINAS.COM","Tiempo de lectura":"3 minutos"},"schema":{"@context":"https:\/\/schema.org","@graph":[{"@type":"Article","@id":"https:\/\/noticiasmercedinas.com\/site\/2023\/06\/14\/avanza-el-proyecto-de-casa-velatoria-municipal-para-facilitar-acceso-a-despedidas-dignas\/#article","isPartOf":{"@id":"https:\/\/noticiasmercedinas.com\/site\/2023\/06\/14\/avanza-el-proyecto-de-casa-velatoria-municipal-para-facilitar-acceso-a-despedidas-dignas\/"},"author":{"name":"NOTICIASMERCEDINAS.COM","@id":"https:\/\/noticiasmercedinas.com\/site\/#\/schema\/person\/84b59c099c28ff2e8b77d4ceec5d8063"},"headline":"Avanza el proyecto de Casa Velatoria Municipal para facilitar acceso a despedidas dignas","datePublished":"2023-06-14T17:39:15+00:00","dateModified":"2023-06-14T18:55:01+00:00","mainEntityOfPage":{"@id":"https:\/\/noticiasmercedinas.com\/site\/2023\/06\/14\/avanza-el-proyecto-de-casa-velatoria-municipal-para-facilitar-acceso-a-despedidas-dignas\/"},"wordCount":460,"publisher":{"@id":"https:\/\/noticiasmercedinas.com\/site\/#organization"},"image":{"@id":"https:\/\/noticiasmercedinas.com\/site\/2023\/06\/14\/avanza-el-proyecto-de-casa-velatoria-municipal-para-facilitar-acceso-a-despedidas-dignas\/#primaryimage"},"thumbnailUrl":"https:\/\/noticiasmercedinas.com\/site\/wp-content\/uploads\/2023\/06\/BOZZINIIMG_7492.jpg","keywords":["Andrea Bozzini","casa velatoria municipal","concejo deliberante"],"articleSection":["Politica"],"inLanguage":"es"},{"@type":"WebPage","@id":"https:\/\/noticiasmercedinas.com\/site\/2023\/06\/14\/avanza-el-proyecto-de-casa-velatoria-municipal-para-facilitar-acceso-a-despedidas-dignas\/","url":"https:\/\/noticiasmercedinas.com\/site\/2023\/06\/14\/avanza-el-proyecto-de-casa-velatoria-municipal-para-facilitar-acceso-a-despedidas-dignas\/","name":"Avanza el proyecto de Casa Velatoria Municipal para facilitar acceso a despedidas dignas","isPartOf":{"@id":"https:\/\/noticiasmercedinas.com\/site\/#website"},"primaryImageOfPage":{"@id":"https:\/\/noticiasmercedinas.com\/site\/2023\/06\/14\/avanza-el-proyecto-de-casa-velatoria-municipal-para-facilitar-acceso-a-despedidas-dignas\/#primaryimage"},"image":{"@id":"https:\/\/noticiasmercedinas.com\/site\/2023\/06\/14\/avanza-el-proyecto-de-casa-velatoria-municipal-para-facilitar-acceso-a-despedidas-dignas\/#primaryimage"},"thumbnailUrl":"https:\/\/noticiasmercedinas.com\/site\/wp-content\/uploads\/2023\/06\/BOZZINIIMG_7492.jpg","datePublished":"2023-06-14T17:39:15+00:00","dateModified":"2023-06-14T18:55:01+00:00","breadcrumb":{"@id":"https:\/\/noticiasmercedinas.com\/site\/2023\/06\/14\/avanza-el-proyecto-de-casa-velatoria-municipal-para-facilitar-acceso-a-despedidas-dignas\/#breadcrumb"},"inLanguage":"es","potentialAction":[{"@type":"ReadAction","target":["https:\/\/noticiasmercedinas.com\/site\/2023\/06\/14\/avanza-el-proyecto-de-casa-velatoria-municipal-para-facilitar-acceso-a-despedidas-dignas\/"]}]},{"@type":"ImageObject","inLanguage":"es","@id":"https:\/\/noticiasmercedinas.com\/site\/2023\/06\/14\/avanza-el-proyecto-de-casa-velatoria-municipal-para-facilitar-acceso-a-despedidas-dignas\/#primaryimage","url":"https:\/\/noticiasmercedinas.com\/site\/wp-content\/uploads\/2023\/06\/BOZZINIIMG_7492.jpg","contentUrl":"https:\/\/noticiasmercedinas.com\/site\/wp-content\/uploads\/2023\/06\/BOZZINIIMG_7492.jpg","width":640,"height":417},{"@type":"BreadcrumbList","@id":"https:\/\/noticiasmercedinas.com\/site\/2023\/06\/14\/avanza-el-proyecto-de-casa-velatoria-municipal-para-facilitar-acceso-a-despedidas-dignas\/#breadcrumb","itemListElement":[{"@type":"ListItem","position":1,"name":"Portada","item":"https:\/\/noticiasmercedinas.com\/site\/"},{"@type":"ListItem","position":2,"name":"Avanza el proyecto de Casa Velatoria Municipal para facilitar acceso a despedidas dignas"}]},{"@type":"WebSite","@id":"https:\/\/noticiasmercedinas.com\/site\/#website","url":"https:\/\/noticiasmercedinas.com\/site\/","name":"NOTICIASMERCEDINAS.COM","description":"Mercedes, Buenos Aires, Argentina","publisher":{"@id":"https:\/\/noticiasmercedinas.com\/site\/#organization"},"potentialAction":[{"@type":"SearchAction","target":{"@type":"EntryPoint","urlTemplate":"https:\/\/noticiasmercedinas.com\/site\/?s={search_term_string}"},"query-input":{"@type":"PropertyValueSpecification","valueRequired":true,"valueName":"search_term_string"}}],"inLanguage":"es"},{"@type":"Organization","@id":"https:\/\/noticiasmercedinas.com\/site\/#organization","name":"NOTICIASMERCEDINAS.COM","url":"https:\/\/noticiasmercedinas.com\/site\/","logo":{"@type":"ImageObject","inLanguage":"es","@id":"https:\/\/noticiasmercedinas.com\/site\/#\/schema\/logo\/image\/","url":"https:\/\/noticiasmercedinas.com\/site\/wp-content\/uploads\/2020\/06\/LOGO-512.jpg","contentUrl":"https:\/\/noticiasmercedinas.com\/site\/wp-content\/uploads\/2020\/06\/LOGO-512.jpg","width":512,"height":512,"caption":"NOTICIASMERCEDINAS.COM"},"image":{"@id":"https:\/\/noticiasmercedinas.com\/site\/#\/schema\/logo\/image\/"},"sameAs":["https:\/\/www.facebook.com\/noticiasmercedinas\/","https:\/\/x.com\/notmercedinas","https:\/\/www.instagram.com\/noticiasmercedinas\/"]},{"@type":"Person","@id":"https:\/\/noticiasmercedinas.com\/site\/#\/schema\/person\/84b59c099c28ff2e8b77d4ceec5d8063","name":"NOTICIASMERCEDINAS.COM","image":{"@type":"ImageObject","inLanguage":"es","@id":"https:\/\/secure.gravatar.com\/avatar\/4dfbf16b4d17945bfb6341b2d19043457132fcf478a5ee04f42e959fd8f5df0a?s=96&d=mm&r=g","url":"https:\/\/secure.gravatar.com\/avatar\/4dfbf16b4d17945bfb6341b2d19043457132fcf478a5ee04f42e959fd8f5df0a?s=96&d=mm&r=g","contentUrl":"https:\/\/secure.gravatar.com\/avatar\/4dfbf16b4d17945bfb6341b2d19043457132fcf478a5ee04f42e959fd8f5df0a?s=96&d=mm&r=g","caption":"NOTICIASMERCEDINAS.COM"},"url":"https:\/\/noticiasmercedinas.com\/site\/author\/anonimo\/"}]}},"amp_enabled":true,"_links":{"self":[{"href":"https:\/\/noticiasmercedinas.com\/site\/wp-json\/wp\/v2\/posts\/117038","targetHints":{"allow":["GET"]}}],"collection":[{"href":"https:\/\/noticiasmercedinas.com\/site\/wp-json\/wp\/v2\/posts"}],"about":[{"href":"https:\/\/noticiasmercedinas.com\/site\/wp-json\/wp\/v2\/types\/post"}],"author":[{"embeddable":true,"href":"https:\/\/noticiasmercedinas.com\/site\/wp-json\/wp\/v2\/users\/16"}],"replies":[{"embeddable":true,"href":"https:\/\/noticiasmercedinas.com\/site\/wp-json\/wp\/v2\/comments?post=117038"}],"version-history":[{"count":2,"href":"https:\/\/noticiasmercedinas.com\/site\/wp-json\/wp\/v2\/posts\/117038\/revisions"}],"predecessor-version":[{"id":117052,"href":"https:\/\/noticiasmercedinas.com\/site\/wp-json\/wp\/v2\/posts\/117038\/revisions\/117052"}],"wp:featuredmedia":[{"embeddable":true,"href":"https:\/\/noticiasmercedinas.com\/site\/wp-json\/wp\/v2\/media\/117040"}],"wp:attachment":[{"href":"https:\/\/noticiasmercedinas.com\/site\/wp-json\/wp\/v2\/media?parent=117038"}],"wp:term":[{"taxonomy":"category","embeddable":true,"href":"https:\/\/noticiasmercedinas.com\/site\/wp-json\/wp\/v2\/categories?post=117038"},{"taxonomy":"post_tag","embeddable":true,"href":"https:\/\/noticiasmercedinas.com\/site\/wp-json\/wp\/v2\/tags?post=117038"}],"curies":[{"name":"wp","href":"https:\/\/api.w.org\/{rel}","templated":true}]}}