{"id":117069,"date":"2023-06-14T20:09:34","date_gmt":"2023-06-14T23:09:34","guid":{"rendered":"https:\/\/noticiasmercedinas.com\/site\/?p=117069"},"modified":"2023-06-14T20:09:34","modified_gmt":"2023-06-14T23:09:34","slug":"repudio-a-las-agresiones-hacia-el-periodista-adrian-terrizzano","status":"publish","type":"post","link":"https:\/\/noticiasmercedinas.com\/site\/2023\/06\/14\/repudio-a-las-agresiones-hacia-el-periodista-adrian-terrizzano\/","title":{"rendered":"Repudio a las agresiones hacia el periodista Adri\u00e1n Terrizzano"},"content":{"rendered":"<p><img loading=\"lazy\" decoding=\"async\" class=\"alignnone size-full wp-image-117070\" src=\"https:\/\/noticiasmercedinas.com\/site\/wp-content\/uploads\/2023\/06\/stop.jpg\" alt=\"\" width=\"640\" height=\"450\" srcset=\"https:\/\/noticiasmercedinas.com\/site\/wp-content\/uploads\/2023\/06\/stop.jpg 640w, https:\/\/noticiasmercedinas.com\/site\/wp-content\/uploads\/2023\/06\/stop-300x211.jpg 300w\" sizes=\"auto, (max-width: 640px) 100vw, 640px\" \/><\/p>\n<p>En la \u00faltima semana, se han suscitado hechos lamentables en el \u00e1mbito de la comunicaci\u00f3n, con el periodista <strong>Adri\u00e1n Terrizzano<\/strong> como blanco de agresiones verbales por parte del reconocido conductor de Radio Rivadavia, <strong>Angel \u00abBaby\u00bb Etchecopar<\/strong>. Estos incidentes ocurrieron tanto en la emisora radial como en el canal de televisi\u00f3n A24.<\/p>\n<p>Terrizzano, quien previamente hab\u00eda informado sobre declaraciones desafortunadas de Etchecopar hacia la comunidad de Luj\u00e1n durante una entrevista con un dirigente pol\u00edtico local, se ha convertido en v\u00edctima de una virulenta carga verbal \u00fanicamente por cumplir con su labor informativa. \u00abEste tipo de agresiones representa un precedente negativo en el comienzo de la campa\u00f1a pol\u00edtica, y si la comunidad de trabajadores de los medios de comunicaci\u00f3n no alza su voz contra este atropello, podr\u00eda repetirse en el futuro. Por eso, decimos \u00a1No a las agresiones!\u00bb, indicaron desde la comunidad period\u00edstica de Luj\u00e1n.<\/p>\n<p>Diversos trabajadores de prensa de Luj\u00e1n han expresado su repudio hacia estos actos de violencia verbal, solidariz\u00e1ndose con Terrizzano y condenando cualquier forma de agresi\u00f3n contra los periodistas y su labor. Entre los trabajadores de prensa que se han sumado a este pronunciamiento se encuentran:<\/p>\n<ul>\n<li>Juan Bautista Meri, quien se desempe\u00f1a en Punto 3 FM, Diario Tribuna del Pueblo, Tribuna del Pueblo web, Programa TV Quehacer Pol\u00edtico y VOX Periodismo Audiovisual.<\/li>\n<li>Miguel Salvatto, tambi\u00e9n presente en Punto 3 FM, Diario Tribuna del Pueblo, Tribuna del Pueblo web y Programa TV Quehacer Pol\u00edtico.<\/li>\n<li>Rodrigo Poza, colaborador en Hablemos Claro TV y web &#8211; VOX Periodismo Audiovisual.<\/li>\n<li>Rub\u00e9n Rocha, conductor de Radio Master AM 1320 &#8211; FM 99.3 y del programa de TV \u00abDeporte En L\u00ednea\u00bb.<\/li>\n<li>Daniel Alberto Rodriguez, periodista en FM Nueva 98.9.<\/li>\n<li>Jorge Quevedo, creador de Envi\u00f3n Deportivo.<\/li>\n<li>Betina Abalos, profesional de Radio Universidad Nacional de Luj\u00e1n.<\/li>\n<li>Stefania Gatica, colaboradora en Diario Tribuna del Pueblo y Tribuna del Pueblo web.<\/li>\n<li>Silvia Batall\u00e1nez, presentadora de Desde el living\/Encuentros en Telered.<\/li>\n<li>Diego Cirilli, periodista de la productora En Marcha Ediciones, Radio P\u00fablica, Tribuna del Pueblo web y Radio Encuentro.<\/li>\n<li>Jorge Romani, conocido por su programa Contacto directo.<\/li>\n<li>Omar Milano, conductor de Radio Encuentro &#8211; FM 98.5MHz y propietario del portal de noticias www.radioencuentro.com.ar.<\/li>\n<li>Agust\u00edn Grezzi, miembro del CePA &#8211; UNLu.<\/li>\n<li>Eduardo Spalletta, perteneciente al Departamento de Producci\u00f3n Informativa de la Universidad Nacional de Luj\u00e1n.<\/li>\n<li>Luis Fulcos, periodista de Radio Universidad Nacional de Luj\u00e1n.<\/li>\n<li>Matias Torres, Subsecretario de prensa de ATUNLu.<\/li>\n<li>Cecilia Maldonado, Secretaria de prensa de ATUNLu.<\/li>\n<li>Juan Pablo Marangon, productor informativo en UNLu y realizador audiovisual<\/li>\n<li><span style=\"font-weight: 400;\">Luciano Cavido, propietario de Tr\u00e9bol FM 89.7 de Luj\u00e1n<\/span><\/li>\n<li><span style=\"font-weight: 400;\">Mar\u00eda Bel\u00e9n Marchesotti, Departamento de Producci\u00f3n Informativa &#8211; Universidad Nacional de Luj\u00e1n.<\/span><\/li>\n<li><span style=\"font-weight: 400;\">Agust\u00edn Esp\u00ednola, Cooperativa Ladran Sancho<\/span><\/li>\n<li><span style=\"font-weight: 400;\">Inzaugarat, Juli\u00e1n, Cooperativa Ladran Sancho<\/span><\/li>\n<li><span style=\"font-weight: 400;\">Nicol\u00e1s Grande, periodista<\/span><\/li>\n<li><span style=\"font-weight: 400;\">Pablo Javier Lastra (Meteor\u00f3logo) Columnista FM Lider<\/span><\/li>\n<li><span style=\"font-weight: 400;\">Gustavo Charino, periodista El Civismo &#8211; RCL<\/span><\/li>\n<li><span style=\"font-weight: 400;\">Gast\u00f3n Colaprete, Jefe Dpto Radio Universidad Nacional de Luj\u00e1n<\/span><\/li>\n<li><span style=\"font-weight: 400;\">Edelmiro Montesano, CePA &#8211; UNLu<\/span><\/li>\n<li><span style=\"font-weight: 400;\">Marcelo Barbani, FM Lider 97,7 &#8211; Luj\u00e1n<\/span><\/li>\n<li><span style=\"font-weight: 400;\">Betina Marazzo, Prensa ATUNLu<\/span><\/li>\n<li><span style=\"font-weight: 400;\">Javier Campos, Somos Equipo<\/span><\/li>\n<li><span style=\"font-weight: 400;\">Martina Veiras, Somos Equipo<\/span><\/li>\n<li><span style=\"font-weight: 400;\">Juan Mascaro, Documentalista<\/span><\/li>\n<\/ul>\n","protected":false},"excerpt":{"rendered":"<p>En la \u00faltima semana, se han suscitado hechos lamentables en el \u00e1mbito de la comunicaci\u00f3n, con el periodista Adri\u00e1n Terrizzano como blanco de agresiones verbales por parte del reconocido conductor de Radio Rivadavia, Angel \u00abBaby\u00bb Etchecopar. Estos incidentes ocurrieron tanto en la emisora radial como en el canal de televisi\u00f3n A24. Terrizzano, quien previamente hab\u00eda [&hellip;]<\/p>\n","protected":false},"author":16,"featured_media":117070,"comment_status":"closed","ping_status":"closed","sticky":false,"template":"","format":"standard","meta":{"footnotes":""},"categories":[4210,139],"tags":[8767,40,25],"class_list":["post-117069","post","type-post","status-publish","format-standard","has-post-thumbnail","hentry","category-medios","category-regionales","tag-adrian-terrizzano","tag-lujan","tag-medios"],"yoast_head":"<!-- This site is optimized with the Yoast SEO plugin v27.4 - https:\/\/yoast.com\/product\/yoast-seo-wordpress\/ -->\n<title>Repudio a las agresiones hacia el periodista Adri\u00e1n Terrizzano<\/title>\n<meta name=\"robots\" content=\"index, follow, max-snippet:-1, max-image-preview:large, max-video-preview:-1\" \/>\n<link rel=\"canonical\" href=\"https:\/\/noticiasmercedinas.com\/site\/2023\/06\/14\/repudio-a-las-agresiones-hacia-el-periodista-adrian-terrizzano\/\" \/>\n<meta property=\"og:locale\" content=\"es_ES\" \/>\n<meta property=\"og:type\" content=\"article\" \/>\n<meta property=\"og:title\" content=\"Repudio a las agresiones hacia el periodista Adri\u00e1n Terrizzano\" \/>\n<meta property=\"og:description\" content=\"En la \u00faltima semana, se han suscitado hechos lamentables en el \u00e1mbito de la comunicaci\u00f3n, con el periodista Adri\u00e1n Terrizzano como blanco de agresiones verbales por parte del reconocido conductor de Radio Rivadavia, Angel \u00abBaby\u00bb Etchecopar. Estos incidentes ocurrieron tanto en la emisora radial como en el canal de televisi\u00f3n A24. Terrizzano, quien previamente hab\u00eda [&hellip;]\" \/>\n<meta property=\"og:url\" content=\"https:\/\/noticiasmercedinas.com\/site\/2023\/06\/14\/repudio-a-las-agresiones-hacia-el-periodista-adrian-terrizzano\/\" \/>\n<meta property=\"og:site_name\" content=\"NOTICIASMERCEDINAS.COM\" \/>\n<meta property=\"article:publisher\" content=\"https:\/\/www.facebook.com\/noticiasmercedinas\/\" \/>\n<meta property=\"article:published_time\" content=\"2023-06-14T23:09:34+00:00\" \/>\n<meta property=\"og:image\" content=\"https:\/\/noticiasmercedinas.com\/site\/wp-content\/uploads\/2023\/06\/stop.jpg\" \/>\n\t<meta property=\"og:image:width\" content=\"640\" \/>\n\t<meta property=\"og:image:height\" content=\"450\" \/>\n\t<meta property=\"og:image:type\" content=\"image\/jpeg\" \/>\n<meta name=\"author\" content=\"NOTICIASMERCEDINAS.COM\" \/>\n<meta name=\"twitter:card\" content=\"summary_large_image\" \/>\n<meta name=\"twitter:creator\" content=\"@notmercedinas\" \/>\n<meta name=\"twitter:site\" content=\"@notmercedinas\" \/>\n<meta name=\"twitter:label1\" content=\"Escrito por\" \/>\n\t<meta name=\"twitter:data1\" content=\"NOTICIASMERCEDINAS.COM\" \/>\n\t<meta name=\"twitter:label2\" content=\"Tiempo de lectura\" \/>\n\t<meta name=\"twitter:data2\" content=\"3 minutos\" \/>\n<script type=\"application\/ld+json\" class=\"yoast-schema-graph\">{\"@context\":\"https:\\\/\\\/schema.org\",\"@graph\":[{\"@type\":\"Article\",\"@id\":\"https:\\\/\\\/noticiasmercedinas.com\\\/site\\\/2023\\\/06\\\/14\\\/repudio-a-las-agresiones-hacia-el-periodista-adrian-terrizzano\\\/#article\",\"isPartOf\":{\"@id\":\"https:\\\/\\\/noticiasmercedinas.com\\\/site\\\/2023\\\/06\\\/14\\\/repudio-a-las-agresiones-hacia-el-periodista-adrian-terrizzano\\\/\"},\"author\":{\"name\":\"NOTICIASMERCEDINAS.COM\",\"@id\":\"https:\\\/\\\/noticiasmercedinas.com\\\/site\\\/#\\\/schema\\\/person\\\/84b59c099c28ff2e8b77d4ceec5d8063\"},\"headline\":\"Repudio a las agresiones hacia el periodista Adri\u00e1n Terrizzano\",\"datePublished\":\"2023-06-14T23:09:34+00:00\",\"mainEntityOfPage\":{\"@id\":\"https:\\\/\\\/noticiasmercedinas.com\\\/site\\\/2023\\\/06\\\/14\\\/repudio-a-las-agresiones-hacia-el-periodista-adrian-terrizzano\\\/\"},\"wordCount\":543,\"publisher\":{\"@id\":\"https:\\\/\\\/noticiasmercedinas.com\\\/site\\\/#organization\"},\"image\":{\"@id\":\"https:\\\/\\\/noticiasmercedinas.com\\\/site\\\/2023\\\/06\\\/14\\\/repudio-a-las-agresiones-hacia-el-periodista-adrian-terrizzano\\\/#primaryimage\"},\"thumbnailUrl\":\"https:\\\/\\\/noticiasmercedinas.com\\\/site\\\/wp-content\\\/uploads\\\/2023\\\/06\\\/stop.jpg\",\"keywords\":[\"adri\u00e1n terrizzano\",\"lujan\",\"medios\"],\"articleSection\":[\"Medios\",\"Regionales\"],\"inLanguage\":\"es\"},{\"@type\":\"WebPage\",\"@id\":\"https:\\\/\\\/noticiasmercedinas.com\\\/site\\\/2023\\\/06\\\/14\\\/repudio-a-las-agresiones-hacia-el-periodista-adrian-terrizzano\\\/\",\"url\":\"https:\\\/\\\/noticiasmercedinas.com\\\/site\\\/2023\\\/06\\\/14\\\/repudio-a-las-agresiones-hacia-el-periodista-adrian-terrizzano\\\/\",\"name\":\"Repudio a las agresiones hacia el periodista Adri\u00e1n Terrizzano\",\"isPartOf\":{\"@id\":\"https:\\\/\\\/noticiasmercedinas.com\\\/site\\\/#website\"},\"primaryImageOfPage\":{\"@id\":\"https:\\\/\\\/noticiasmercedinas.com\\\/site\\\/2023\\\/06\\\/14\\\/repudio-a-las-agresiones-hacia-el-periodista-adrian-terrizzano\\\/#primaryimage\"},\"image\":{\"@id\":\"https:\\\/\\\/noticiasmercedinas.com\\\/site\\\/2023\\\/06\\\/14\\\/repudio-a-las-agresiones-hacia-el-periodista-adrian-terrizzano\\\/#primaryimage\"},\"thumbnailUrl\":\"https:\\\/\\\/noticiasmercedinas.com\\\/site\\\/wp-content\\\/uploads\\\/2023\\\/06\\\/stop.jpg\",\"datePublished\":\"2023-06-14T23:09:34+00:00\",\"breadcrumb\":{\"@id\":\"https:\\\/\\\/noticiasmercedinas.com\\\/site\\\/2023\\\/06\\\/14\\\/repudio-a-las-agresiones-hacia-el-periodista-adrian-terrizzano\\\/#breadcrumb\"},\"inLanguage\":\"es\",\"potentialAction\":[{\"@type\":\"ReadAction\",\"target\":[\"https:\\\/\\\/noticiasmercedinas.com\\\/site\\\/2023\\\/06\\\/14\\\/repudio-a-las-agresiones-hacia-el-periodista-adrian-terrizzano\\\/\"]}]},{\"@type\":\"ImageObject\",\"inLanguage\":\"es\",\"@id\":\"https:\\\/\\\/noticiasmercedinas.com\\\/site\\\/2023\\\/06\\\/14\\\/repudio-a-las-agresiones-hacia-el-periodista-adrian-terrizzano\\\/#primaryimage\",\"url\":\"https:\\\/\\\/noticiasmercedinas.com\\\/site\\\/wp-content\\\/uploads\\\/2023\\\/06\\\/stop.jpg\",\"contentUrl\":\"https:\\\/\\\/noticiasmercedinas.com\\\/site\\\/wp-content\\\/uploads\\\/2023\\\/06\\\/stop.jpg\",\"width\":640,\"height\":450},{\"@type\":\"BreadcrumbList\",\"@id\":\"https:\\\/\\\/noticiasmercedinas.com\\\/site\\\/2023\\\/06\\\/14\\\/repudio-a-las-agresiones-hacia-el-periodista-adrian-terrizzano\\\/#breadcrumb\",\"itemListElement\":[{\"@type\":\"ListItem\",\"position\":1,\"name\":\"Portada\",\"item\":\"https:\\\/\\\/noticiasmercedinas.com\\\/site\\\/\"},{\"@type\":\"ListItem\",\"position\":2,\"name\":\"Repudio a las agresiones hacia el periodista Adri\u00e1n Terrizzano\"}]},{\"@type\":\"WebSite\",\"@id\":\"https:\\\/\\\/noticiasmercedinas.com\\\/site\\\/#website\",\"url\":\"https:\\\/\\\/noticiasmercedinas.com\\\/site\\\/\",\"name\":\"NOTICIASMERCEDINAS.COM\",\"description\":\"Mercedes, Buenos Aires, Argentina\",\"publisher\":{\"@id\":\"https:\\\/\\\/noticiasmercedinas.com\\\/site\\\/#organization\"},\"potentialAction\":[{\"@type\":\"SearchAction\",\"target\":{\"@type\":\"EntryPoint\",\"urlTemplate\":\"https:\\\/\\\/noticiasmercedinas.com\\\/site\\\/?s={search_term_string}\"},\"query-input\":{\"@type\":\"PropertyValueSpecification\",\"valueRequired\":true,\"valueName\":\"search_term_string\"}}],\"inLanguage\":\"es\"},{\"@type\":\"Organization\",\"@id\":\"https:\\\/\\\/noticiasmercedinas.com\\\/site\\\/#organization\",\"name\":\"NOTICIASMERCEDINAS.COM\",\"url\":\"https:\\\/\\\/noticiasmercedinas.com\\\/site\\\/\",\"logo\":{\"@type\":\"ImageObject\",\"inLanguage\":\"es\",\"@id\":\"https:\\\/\\\/noticiasmercedinas.com\\\/site\\\/#\\\/schema\\\/logo\\\/image\\\/\",\"url\":\"https:\\\/\\\/noticiasmercedinas.com\\\/site\\\/wp-content\\\/uploads\\\/2020\\\/06\\\/LOGO-512.jpg\",\"contentUrl\":\"https:\\\/\\\/noticiasmercedinas.com\\\/site\\\/wp-content\\\/uploads\\\/2020\\\/06\\\/LOGO-512.jpg\",\"width\":512,\"height\":512,\"caption\":\"NOTICIASMERCEDINAS.COM\"},\"image\":{\"@id\":\"https:\\\/\\\/noticiasmercedinas.com\\\/site\\\/#\\\/schema\\\/logo\\\/image\\\/\"},\"sameAs\":[\"https:\\\/\\\/www.facebook.com\\\/noticiasmercedinas\\\/\",\"https:\\\/\\\/x.com\\\/notmercedinas\",\"https:\\\/\\\/www.instagram.com\\\/noticiasmercedinas\\\/\"]},{\"@type\":\"Person\",\"@id\":\"https:\\\/\\\/noticiasmercedinas.com\\\/site\\\/#\\\/schema\\\/person\\\/84b59c099c28ff2e8b77d4ceec5d8063\",\"name\":\"NOTICIASMERCEDINAS.COM\",\"image\":{\"@type\":\"ImageObject\",\"inLanguage\":\"es\",\"@id\":\"https:\\\/\\\/secure.gravatar.com\\\/avatar\\\/4dfbf16b4d17945bfb6341b2d19043457132fcf478a5ee04f42e959fd8f5df0a?s=96&d=mm&r=g\",\"url\":\"https:\\\/\\\/secure.gravatar.com\\\/avatar\\\/4dfbf16b4d17945bfb6341b2d19043457132fcf478a5ee04f42e959fd8f5df0a?s=96&d=mm&r=g\",\"contentUrl\":\"https:\\\/\\\/secure.gravatar.com\\\/avatar\\\/4dfbf16b4d17945bfb6341b2d19043457132fcf478a5ee04f42e959fd8f5df0a?s=96&d=mm&r=g\",\"caption\":\"NOTICIASMERCEDINAS.COM\"},\"url\":\"https:\\\/\\\/noticiasmercedinas.com\\\/site\\\/author\\\/anonimo\\\/\"}]}<\/script>\n<!-- \/ Yoast SEO plugin. -->","yoast_head_json":{"title":"Repudio a las agresiones hacia el periodista Adri\u00e1n Terrizzano","robots":{"index":"index","follow":"follow","max-snippet":"max-snippet:-1","max-image-preview":"max-image-preview:large","max-video-preview":"max-video-preview:-1"},"canonical":"https:\/\/noticiasmercedinas.com\/site\/2023\/06\/14\/repudio-a-las-agresiones-hacia-el-periodista-adrian-terrizzano\/","og_locale":"es_ES","og_type":"article","og_title":"Repudio a las agresiones hacia el periodista Adri\u00e1n Terrizzano","og_description":"En la \u00faltima semana, se han suscitado hechos lamentables en el \u00e1mbito de la comunicaci\u00f3n, con el periodista Adri\u00e1n Terrizzano como blanco de agresiones verbales por parte del reconocido conductor de Radio Rivadavia, Angel \u00abBaby\u00bb Etchecopar. Estos incidentes ocurrieron tanto en la emisora radial como en el canal de televisi\u00f3n A24. Terrizzano, quien previamente hab\u00eda [&hellip;]","og_url":"https:\/\/noticiasmercedinas.com\/site\/2023\/06\/14\/repudio-a-las-agresiones-hacia-el-periodista-adrian-terrizzano\/","og_site_name":"NOTICIASMERCEDINAS.COM","article_publisher":"https:\/\/www.facebook.com\/noticiasmercedinas\/","article_published_time":"2023-06-14T23:09:34+00:00","og_image":[{"width":640,"height":450,"url":"https:\/\/noticiasmercedinas.com\/site\/wp-content\/uploads\/2023\/06\/stop.jpg","type":"image\/jpeg"}],"author":"NOTICIASMERCEDINAS.COM","twitter_card":"summary_large_image","twitter_creator":"@notmercedinas","twitter_site":"@notmercedinas","twitter_misc":{"Escrito por":"NOTICIASMERCEDINAS.COM","Tiempo de lectura":"3 minutos"},"schema":{"@context":"https:\/\/schema.org","@graph":[{"@type":"Article","@id":"https:\/\/noticiasmercedinas.com\/site\/2023\/06\/14\/repudio-a-las-agresiones-hacia-el-periodista-adrian-terrizzano\/#article","isPartOf":{"@id":"https:\/\/noticiasmercedinas.com\/site\/2023\/06\/14\/repudio-a-las-agresiones-hacia-el-periodista-adrian-terrizzano\/"},"author":{"name":"NOTICIASMERCEDINAS.COM","@id":"https:\/\/noticiasmercedinas.com\/site\/#\/schema\/person\/84b59c099c28ff2e8b77d4ceec5d8063"},"headline":"Repudio a las agresiones hacia el periodista Adri\u00e1n Terrizzano","datePublished":"2023-06-14T23:09:34+00:00","mainEntityOfPage":{"@id":"https:\/\/noticiasmercedinas.com\/site\/2023\/06\/14\/repudio-a-las-agresiones-hacia-el-periodista-adrian-terrizzano\/"},"wordCount":543,"publisher":{"@id":"https:\/\/noticiasmercedinas.com\/site\/#organization"},"image":{"@id":"https:\/\/noticiasmercedinas.com\/site\/2023\/06\/14\/repudio-a-las-agresiones-hacia-el-periodista-adrian-terrizzano\/#primaryimage"},"thumbnailUrl":"https:\/\/noticiasmercedinas.com\/site\/wp-content\/uploads\/2023\/06\/stop.jpg","keywords":["adri\u00e1n terrizzano","lujan","medios"],"articleSection":["Medios","Regionales"],"inLanguage":"es"},{"@type":"WebPage","@id":"https:\/\/noticiasmercedinas.com\/site\/2023\/06\/14\/repudio-a-las-agresiones-hacia-el-periodista-adrian-terrizzano\/","url":"https:\/\/noticiasmercedinas.com\/site\/2023\/06\/14\/repudio-a-las-agresiones-hacia-el-periodista-adrian-terrizzano\/","name":"Repudio a las agresiones hacia el periodista Adri\u00e1n Terrizzano","isPartOf":{"@id":"https:\/\/noticiasmercedinas.com\/site\/#website"},"primaryImageOfPage":{"@id":"https:\/\/noticiasmercedinas.com\/site\/2023\/06\/14\/repudio-a-las-agresiones-hacia-el-periodista-adrian-terrizzano\/#primaryimage"},"image":{"@id":"https:\/\/noticiasmercedinas.com\/site\/2023\/06\/14\/repudio-a-las-agresiones-hacia-el-periodista-adrian-terrizzano\/#primaryimage"},"thumbnailUrl":"https:\/\/noticiasmercedinas.com\/site\/wp-content\/uploads\/2023\/06\/stop.jpg","datePublished":"2023-06-14T23:09:34+00:00","breadcrumb":{"@id":"https:\/\/noticiasmercedinas.com\/site\/2023\/06\/14\/repudio-a-las-agresiones-hacia-el-periodista-adrian-terrizzano\/#breadcrumb"},"inLanguage":"es","potentialAction":[{"@type":"ReadAction","target":["https:\/\/noticiasmercedinas.com\/site\/2023\/06\/14\/repudio-a-las-agresiones-hacia-el-periodista-adrian-terrizzano\/"]}]},{"@type":"ImageObject","inLanguage":"es","@id":"https:\/\/noticiasmercedinas.com\/site\/2023\/06\/14\/repudio-a-las-agresiones-hacia-el-periodista-adrian-terrizzano\/#primaryimage","url":"https:\/\/noticiasmercedinas.com\/site\/wp-content\/uploads\/2023\/06\/stop.jpg","contentUrl":"https:\/\/noticiasmercedinas.com\/site\/wp-content\/uploads\/2023\/06\/stop.jpg","width":640,"height":450},{"@type":"BreadcrumbList","@id":"https:\/\/noticiasmercedinas.com\/site\/2023\/06\/14\/repudio-a-las-agresiones-hacia-el-periodista-adrian-terrizzano\/#breadcrumb","itemListElement":[{"@type":"ListItem","position":1,"name":"Portada","item":"https:\/\/noticiasmercedinas.com\/site\/"},{"@type":"ListItem","position":2,"name":"Repudio a las agresiones hacia el periodista Adri\u00e1n Terrizzano"}]},{"@type":"WebSite","@id":"https:\/\/noticiasmercedinas.com\/site\/#website","url":"https:\/\/noticiasmercedinas.com\/site\/","name":"NOTICIASMERCEDINAS.COM","description":"Mercedes, Buenos Aires, Argentina","publisher":{"@id":"https:\/\/noticiasmercedinas.com\/site\/#organization"},"potentialAction":[{"@type":"SearchAction","target":{"@type":"EntryPoint","urlTemplate":"https:\/\/noticiasmercedinas.com\/site\/?s={search_term_string}"},"query-input":{"@type":"PropertyValueSpecification","valueRequired":true,"valueName":"search_term_string"}}],"inLanguage":"es"},{"@type":"Organization","@id":"https:\/\/noticiasmercedinas.com\/site\/#organization","name":"NOTICIASMERCEDINAS.COM","url":"https:\/\/noticiasmercedinas.com\/site\/","logo":{"@type":"ImageObject","inLanguage":"es","@id":"https:\/\/noticiasmercedinas.com\/site\/#\/schema\/logo\/image\/","url":"https:\/\/noticiasmercedinas.com\/site\/wp-content\/uploads\/2020\/06\/LOGO-512.jpg","contentUrl":"https:\/\/noticiasmercedinas.com\/site\/wp-content\/uploads\/2020\/06\/LOGO-512.jpg","width":512,"height":512,"caption":"NOTICIASMERCEDINAS.COM"},"image":{"@id":"https:\/\/noticiasmercedinas.com\/site\/#\/schema\/logo\/image\/"},"sameAs":["https:\/\/www.facebook.com\/noticiasmercedinas\/","https:\/\/x.com\/notmercedinas","https:\/\/www.instagram.com\/noticiasmercedinas\/"]},{"@type":"Person","@id":"https:\/\/noticiasmercedinas.com\/site\/#\/schema\/person\/84b59c099c28ff2e8b77d4ceec5d8063","name":"NOTICIASMERCEDINAS.COM","image":{"@type":"ImageObject","inLanguage":"es","@id":"https:\/\/secure.gravatar.com\/avatar\/4dfbf16b4d17945bfb6341b2d19043457132fcf478a5ee04f42e959fd8f5df0a?s=96&d=mm&r=g","url":"https:\/\/secure.gravatar.com\/avatar\/4dfbf16b4d17945bfb6341b2d19043457132fcf478a5ee04f42e959fd8f5df0a?s=96&d=mm&r=g","contentUrl":"https:\/\/secure.gravatar.com\/avatar\/4dfbf16b4d17945bfb6341b2d19043457132fcf478a5ee04f42e959fd8f5df0a?s=96&d=mm&r=g","caption":"NOTICIASMERCEDINAS.COM"},"url":"https:\/\/noticiasmercedinas.com\/site\/author\/anonimo\/"}]}},"amp_enabled":true,"_links":{"self":[{"href":"https:\/\/noticiasmercedinas.com\/site\/wp-json\/wp\/v2\/posts\/117069","targetHints":{"allow":["GET"]}}],"collection":[{"href":"https:\/\/noticiasmercedinas.com\/site\/wp-json\/wp\/v2\/posts"}],"about":[{"href":"https:\/\/noticiasmercedinas.com\/site\/wp-json\/wp\/v2\/types\/post"}],"author":[{"embeddable":true,"href":"https:\/\/noticiasmercedinas.com\/site\/wp-json\/wp\/v2\/users\/16"}],"replies":[{"embeddable":true,"href":"https:\/\/noticiasmercedinas.com\/site\/wp-json\/wp\/v2\/comments?post=117069"}],"version-history":[{"count":1,"href":"https:\/\/noticiasmercedinas.com\/site\/wp-json\/wp\/v2\/posts\/117069\/revisions"}],"predecessor-version":[{"id":117072,"href":"https:\/\/noticiasmercedinas.com\/site\/wp-json\/wp\/v2\/posts\/117069\/revisions\/117072"}],"wp:featuredmedia":[{"embeddable":true,"href":"https:\/\/noticiasmercedinas.com\/site\/wp-json\/wp\/v2\/media\/117070"}],"wp:attachment":[{"href":"https:\/\/noticiasmercedinas.com\/site\/wp-json\/wp\/v2\/media?parent=117069"}],"wp:term":[{"taxonomy":"category","embeddable":true,"href":"https:\/\/noticiasmercedinas.com\/site\/wp-json\/wp\/v2\/categories?post=117069"},{"taxonomy":"post_tag","embeddable":true,"href":"https:\/\/noticiasmercedinas.com\/site\/wp-json\/wp\/v2\/tags?post=117069"}],"curies":[{"name":"wp","href":"https:\/\/api.w.org\/{rel}","templated":true}]}}