{"id":117117,"date":"2023-06-15T16:52:04","date_gmt":"2023-06-15T19:52:04","guid":{"rendered":"https:\/\/noticiasmercedinas.com\/site\/?p=117117"},"modified":"2023-06-15T16:52:04","modified_gmt":"2023-06-15T19:52:04","slug":"julio-alak-clausura-exitoso-encuentro-internacional-sobre-ninez-en-contexto-penitenciario","status":"publish","type":"post","link":"https:\/\/noticiasmercedinas.com\/site\/2023\/06\/15\/julio-alak-clausura-exitoso-encuentro-internacional-sobre-ninez-en-contexto-penitenciario\/","title":{"rendered":"Julio Alak clausura exitoso encuentro internacional sobre Ni\u00f1ez en contexto penitenciario"},"content":{"rendered":"<p><img loading=\"lazy\" decoding=\"async\" class=\"alignnone size-full wp-image-117118\" src=\"https:\/\/noticiasmercedinas.com\/site\/wp-content\/uploads\/2023\/06\/x2-2.jpg\" alt=\"\" width=\"1024\" height=\"768\" srcset=\"https:\/\/noticiasmercedinas.com\/site\/wp-content\/uploads\/2023\/06\/x2-2.jpg 1024w, https:\/\/noticiasmercedinas.com\/site\/wp-content\/uploads\/2023\/06\/x2-2-300x225.jpg 300w, https:\/\/noticiasmercedinas.com\/site\/wp-content\/uploads\/2023\/06\/x2-2-768x576.jpg 768w, https:\/\/noticiasmercedinas.com\/site\/wp-content\/uploads\/2023\/06\/x2-2-80x60.jpg 80w, https:\/\/noticiasmercedinas.com\/site\/wp-content\/uploads\/2023\/06\/x2-2-160x120.jpg 160w, https:\/\/noticiasmercedinas.com\/site\/wp-content\/uploads\/2023\/06\/x2-2-100x75.jpg 100w, https:\/\/noticiasmercedinas.com\/site\/wp-content\/uploads\/2023\/06\/x2-2-200x150.jpg 200w, https:\/\/noticiasmercedinas.com\/site\/wp-content\/uploads\/2023\/06\/x2-2-180x135.jpg 180w, https:\/\/noticiasmercedinas.com\/site\/wp-content\/uploads\/2023\/06\/x2-2-360x270.jpg 360w, https:\/\/noticiasmercedinas.com\/site\/wp-content\/uploads\/2023\/06\/x2-2-238x178.jpg 238w, https:\/\/noticiasmercedinas.com\/site\/wp-content\/uploads\/2023\/06\/x2-2-476x356.jpg 476w, https:\/\/noticiasmercedinas.com\/site\/wp-content\/uploads\/2023\/06\/x2-2-640x480.jpg 640w, https:\/\/noticiasmercedinas.com\/site\/wp-content\/uploads\/2023\/06\/x2-2-681x511.jpg 681w\" sizes=\"auto, (max-width: 1024px) 100vw, 1024px\" \/><\/p>\n<p>El ministro de Justicia y Derechos Humanos de la Provincia, Julio Alak, tuvo el honor de clausurar el III Encuentro Internacional sobre Ni\u00f1ez en Contexto Penitenciario bajo el lema \u00abSembrando Semillas para Cultivar Amor\u00bb.<\/p>\n<p>Durante los d\u00edas martes, mi\u00e9rcoles y jueves de esta semana, se llevaron a cabo de manera virtual una serie de jornadas en las que se abordaron tem\u00e1ticas relacionadas con ni\u00f1os y ni\u00f1as que conviven con sus madres en unidades penitenciarias, madres gestantes en contexto de encierro, y ni\u00f1os y ni\u00f1as que visitan a familiares privados de libertad.<\/p>\n<p>Este evento, organizado por la Direcci\u00f3n de Ni\u00f1ez en Contexto de Encierro del Servicio Penitenciario Bonaerense (SPB), cont\u00f3 con la participaci\u00f3n de profesionales de diferentes \u00e1reas y de distintos pa\u00edses, as\u00ed como integrantes de diversos servicios penitenciarios de Argentina.<\/p>\n<p><img loading=\"lazy\" decoding=\"async\" class=\"alignnone size-large wp-image-117119\" src=\"https:\/\/noticiasmercedinas.com\/site\/wp-content\/uploads\/2023\/06\/x3-1024x536.jpg\" alt=\"\" width=\"640\" height=\"335\" srcset=\"https:\/\/noticiasmercedinas.com\/site\/wp-content\/uploads\/2023\/06\/x3-1024x536.jpg 1024w, https:\/\/noticiasmercedinas.com\/site\/wp-content\/uploads\/2023\/06\/x3-300x157.jpg 300w, https:\/\/noticiasmercedinas.com\/site\/wp-content\/uploads\/2023\/06\/x3-768x402.jpg 768w, https:\/\/noticiasmercedinas.com\/site\/wp-content\/uploads\/2023\/06\/x3-1536x803.jpg 1536w, https:\/\/noticiasmercedinas.com\/site\/wp-content\/uploads\/2023\/06\/x3-640x335.jpg 640w, https:\/\/noticiasmercedinas.com\/site\/wp-content\/uploads\/2023\/06\/x3-1280x669.jpg 1280w, https:\/\/noticiasmercedinas.com\/site\/wp-content\/uploads\/2023\/06\/x3-681x356.jpg 681w, https:\/\/noticiasmercedinas.com\/site\/wp-content\/uploads\/2023\/06\/x3-1362x712.jpg 1362w, https:\/\/noticiasmercedinas.com\/site\/wp-content\/uploads\/2023\/06\/x3.jpg 1543w\" sizes=\"auto, (max-width: 640px) 100vw, 640px\" \/><\/p>\n<p>Con m\u00e1s de 1.600 inscritos provenientes de 17 pa\u00edses y 22 provincias de Argentina, el III Encuentro Internacional Sobre Ni\u00f1ez en Contexto Penitenciario result\u00f3 ser un espacio enriquecedor donde expertos compartieron su visi\u00f3n acerca de los desaf\u00edos y problem\u00e1ticas actuales que enfrentan las madres e hijos que conviven en contextos de encierro.<\/p>\n<p>En su discurso de cierre, el ministro Julio Alak destac\u00f3 la relevancia del evento, se\u00f1alando que \u00abla organizaci\u00f3n de este encuentro refleja el inter\u00e9s y la importancia que se le otorga en los sistemas penitenciarios a la cuesti\u00f3n de las ni\u00f1eces y las madres en contexto de encierro\u00bb.<\/p>\n<p>Adem\u00e1s, el ministro detall\u00f3 los pilares de su gesti\u00f3n para reducir la tasa de reincidencia del 46% al 26%. Estos pilares incluyen el fortalecimiento del v\u00ednculo familiar, el derecho a la identidad, la promoci\u00f3n de la educaci\u00f3n desde el nivel primario hasta el universitario, la formaci\u00f3n laboral, el trabajo dentro de las c\u00e1rceles y la vinculaci\u00f3n postpenitenciaria de aquellos que recuperan su libertad con el entorno social al que regresan.<\/p>\n<p>Durante la apertura del encuentro, Jos\u00e9 Gonz\u00e1lez Hueso, Subsecretario de Pol\u00edtica Penitenciaria del Ministerio de Justicia y Derechos Humanos de la provincia de Buenos Aires, resalt\u00f3 que \u00abnuestro objetivo es compartir conocimientos y buscar soluciones conjuntas para implementar pol\u00edticas que abarquen el v\u00ednculo familiar y el desarrollo integral de los ni\u00f1os y ni\u00f1as que conviven con sus madres en contextos de encierro. Este congreso es una oportunidad \u00fanica para intercambiar conocimientos y encontrar respuestas en forma conjunta\u00bb.<\/p>\n<p>Representantes de numerosos establecimientos penitenciarios, organismos gubernamentales y organizaciones sin fines de lucro aportaron su mirada y detallaron las caracter\u00edsticas particulares de los ni\u00f1os y las madres en contextos de encierro en pa\u00edses como Argentina, Noruega, Espa\u00f1a, Brasil, Bolivia, M\u00e9xico, Guatemala, Chile, Uruguay, Colombia, Panam\u00e1, Paraguay, Rep\u00fablica Dominicana, Per\u00fa, Ecuador y Costa Rica.<\/p>\n<p>Asimismo, hubo participantes inscritos provenientes de diferentes provincias de Argentina, entre ellas Buenos Aires, Catamarca, Chaco, Entre R\u00edos, Mendoza, Chubut, Misiones, Salta, C\u00f3rdoba, Corrientes, Jujuy, La Rioja, Neuqu\u00e9n, R\u00edo Negro, San Juan, San Luis, Tucum\u00e1n, Tierra del Fuego, Santa Fe, Santa Cruz y Santiago del Estero.<\/p>\n<p>Actualmente, en la provincia de Buenos Aires, alrededor de 15 mil ni\u00f1os y ni\u00f1as visitan a sus padres en establecimientos penitenciarios, 33 conviven con sus madres en contextos de encierro y 17 mujeres privadas de su libertad se encuentran cursando su embarazo.<\/p>\n<p>Por su parte, Andrea Bartolom\u00e9, Directora de Ni\u00f1ez en Contexto de Encierro del Servicio Penitenciario Bonaerense, destac\u00f3 que \u00abeste es el tercer a\u00f1o que organizamos este encuentro y en cada ocasi\u00f3n superamos nuestras expectativas. Renovamos experiencias, compartimos pr\u00e1cticas y asumimos nuevos desaf\u00edos\u00bb.<\/p>\n<p>Entre las numerosas autoridades presentes durante el desarrollo del Congreso, se destacaron la presencia de Xavier Areses, jefe del Servicio Penitenciario Bonaerense, y los integrantes de la Plana Mayor.<\/p>\n<p><img loading=\"lazy\" decoding=\"async\" class=\"alignnone size-large wp-image-117120\" src=\"https:\/\/noticiasmercedinas.com\/site\/wp-content\/uploads\/2023\/06\/x2-1-1024x682.jpg\" alt=\"\" width=\"640\" height=\"426\" srcset=\"https:\/\/noticiasmercedinas.com\/site\/wp-content\/uploads\/2023\/06\/x2-1-1024x682.jpg 1024w, https:\/\/noticiasmercedinas.com\/site\/wp-content\/uploads\/2023\/06\/x2-1-300x200.jpg 300w, https:\/\/noticiasmercedinas.com\/site\/wp-content\/uploads\/2023\/06\/x2-1-768x512.jpg 768w, https:\/\/noticiasmercedinas.com\/site\/wp-content\/uploads\/2023\/06\/x2-1-1536x1023.jpg 1536w, https:\/\/noticiasmercedinas.com\/site\/wp-content\/uploads\/2023\/06\/x2-1-640x426.jpg 640w, https:\/\/noticiasmercedinas.com\/site\/wp-content\/uploads\/2023\/06\/x2-1-1280x853.jpg 1280w, https:\/\/noticiasmercedinas.com\/site\/wp-content\/uploads\/2023\/06\/x2-1-681x454.jpg 681w, https:\/\/noticiasmercedinas.com\/site\/wp-content\/uploads\/2023\/06\/x2-1-1362x907.jpg 1362w, https:\/\/noticiasmercedinas.com\/site\/wp-content\/uploads\/2023\/06\/x2-1.jpg 1600w\" sizes=\"auto, (max-width: 640px) 100vw, 640px\" \/><\/p>\n","protected":false},"excerpt":{"rendered":"<p>\u25a0 El evento cont\u00f3 con la participaci\u00f3n de profesionales de diferentes \u00e1reas y de distintos pa\u00edses, as\u00ed como integrantes de diversos servicios penitenciarios de Argentina.<\/p>\n","protected":false},"author":16,"featured_media":117118,"comment_status":"closed","ping_status":"closed","sticky":false,"template":"","format":"standard","meta":{"footnotes":""},"categories":[7919],"tags":[7697,3717],"class_list":["post-117117","post","type-post","status-publish","format-standard","has-post-thumbnail","hentry","category-provinciales","tag-julio-alak","tag-servicio-penitenciario"],"yoast_head":"<!-- This site is optimized with the Yoast SEO plugin v27.4 - https:\/\/yoast.com\/product\/yoast-seo-wordpress\/ -->\n<title>Julio Alak clausura exitoso encuentro internacional sobre Ni\u00f1ez en contexto penitenciario<\/title>\n<meta name=\"robots\" content=\"index, follow, max-snippet:-1, max-image-preview:large, max-video-preview:-1\" \/>\n<link rel=\"canonical\" href=\"https:\/\/noticiasmercedinas.com\/site\/2023\/06\/15\/julio-alak-clausura-exitoso-encuentro-internacional-sobre-ninez-en-contexto-penitenciario\/\" \/>\n<meta property=\"og:locale\" content=\"es_ES\" \/>\n<meta property=\"og:type\" content=\"article\" \/>\n<meta property=\"og:title\" content=\"Julio Alak clausura exitoso encuentro internacional sobre Ni\u00f1ez en contexto penitenciario\" \/>\n<meta property=\"og:description\" content=\"\u25a0 El evento cont\u00f3 con la participaci\u00f3n de profesionales de diferentes \u00e1reas y de distintos pa\u00edses, as\u00ed como integrantes de diversos servicios penitenciarios de Argentina.\" \/>\n<meta property=\"og:url\" content=\"https:\/\/noticiasmercedinas.com\/site\/2023\/06\/15\/julio-alak-clausura-exitoso-encuentro-internacional-sobre-ninez-en-contexto-penitenciario\/\" \/>\n<meta property=\"og:site_name\" content=\"NOTICIASMERCEDINAS.COM\" \/>\n<meta property=\"article:publisher\" content=\"https:\/\/www.facebook.com\/noticiasmercedinas\/\" \/>\n<meta property=\"article:published_time\" content=\"2023-06-15T19:52:04+00:00\" \/>\n<meta property=\"og:image\" content=\"https:\/\/noticiasmercedinas.com\/site\/wp-content\/uploads\/2023\/06\/x2-2.jpg\" \/>\n\t<meta property=\"og:image:width\" content=\"1024\" \/>\n\t<meta property=\"og:image:height\" content=\"768\" \/>\n\t<meta property=\"og:image:type\" content=\"image\/jpeg\" \/>\n<meta name=\"author\" content=\"NOTICIASMERCEDINAS.COM\" \/>\n<meta name=\"twitter:card\" content=\"summary_large_image\" \/>\n<meta name=\"twitter:creator\" content=\"@notmercedinas\" \/>\n<meta name=\"twitter:site\" content=\"@notmercedinas\" \/>\n<meta name=\"twitter:label1\" content=\"Escrito por\" \/>\n\t<meta name=\"twitter:data1\" content=\"NOTICIASMERCEDINAS.COM\" \/>\n\t<meta name=\"twitter:label2\" content=\"Tiempo de lectura\" \/>\n\t<meta name=\"twitter:data2\" content=\"4 minutos\" \/>\n<script type=\"application\/ld+json\" class=\"yoast-schema-graph\">{\"@context\":\"https:\\\/\\\/schema.org\",\"@graph\":[{\"@type\":\"Article\",\"@id\":\"https:\\\/\\\/noticiasmercedinas.com\\\/site\\\/2023\\\/06\\\/15\\\/julio-alak-clausura-exitoso-encuentro-internacional-sobre-ninez-en-contexto-penitenciario\\\/#article\",\"isPartOf\":{\"@id\":\"https:\\\/\\\/noticiasmercedinas.com\\\/site\\\/2023\\\/06\\\/15\\\/julio-alak-clausura-exitoso-encuentro-internacional-sobre-ninez-en-contexto-penitenciario\\\/\"},\"author\":{\"name\":\"NOTICIASMERCEDINAS.COM\",\"@id\":\"https:\\\/\\\/noticiasmercedinas.com\\\/site\\\/#\\\/schema\\\/person\\\/84b59c099c28ff2e8b77d4ceec5d8063\"},\"headline\":\"Julio Alak clausura exitoso encuentro internacional sobre Ni\u00f1ez en contexto penitenciario\",\"datePublished\":\"2023-06-15T19:52:04+00:00\",\"mainEntityOfPage\":{\"@id\":\"https:\\\/\\\/noticiasmercedinas.com\\\/site\\\/2023\\\/06\\\/15\\\/julio-alak-clausura-exitoso-encuentro-internacional-sobre-ninez-en-contexto-penitenciario\\\/\"},\"wordCount\":648,\"publisher\":{\"@id\":\"https:\\\/\\\/noticiasmercedinas.com\\\/site\\\/#organization\"},\"image\":{\"@id\":\"https:\\\/\\\/noticiasmercedinas.com\\\/site\\\/2023\\\/06\\\/15\\\/julio-alak-clausura-exitoso-encuentro-internacional-sobre-ninez-en-contexto-penitenciario\\\/#primaryimage\"},\"thumbnailUrl\":\"https:\\\/\\\/noticiasmercedinas.com\\\/site\\\/wp-content\\\/uploads\\\/2023\\\/06\\\/x2-2.jpg\",\"keywords\":[\"Julio Alak\",\"servicio penitenciario\"],\"articleSection\":[\"Provinciales\"],\"inLanguage\":\"es\"},{\"@type\":\"WebPage\",\"@id\":\"https:\\\/\\\/noticiasmercedinas.com\\\/site\\\/2023\\\/06\\\/15\\\/julio-alak-clausura-exitoso-encuentro-internacional-sobre-ninez-en-contexto-penitenciario\\\/\",\"url\":\"https:\\\/\\\/noticiasmercedinas.com\\\/site\\\/2023\\\/06\\\/15\\\/julio-alak-clausura-exitoso-encuentro-internacional-sobre-ninez-en-contexto-penitenciario\\\/\",\"name\":\"Julio Alak clausura exitoso encuentro internacional sobre Ni\u00f1ez en contexto penitenciario\",\"isPartOf\":{\"@id\":\"https:\\\/\\\/noticiasmercedinas.com\\\/site\\\/#website\"},\"primaryImageOfPage\":{\"@id\":\"https:\\\/\\\/noticiasmercedinas.com\\\/site\\\/2023\\\/06\\\/15\\\/julio-alak-clausura-exitoso-encuentro-internacional-sobre-ninez-en-contexto-penitenciario\\\/#primaryimage\"},\"image\":{\"@id\":\"https:\\\/\\\/noticiasmercedinas.com\\\/site\\\/2023\\\/06\\\/15\\\/julio-alak-clausura-exitoso-encuentro-internacional-sobre-ninez-en-contexto-penitenciario\\\/#primaryimage\"},\"thumbnailUrl\":\"https:\\\/\\\/noticiasmercedinas.com\\\/site\\\/wp-content\\\/uploads\\\/2023\\\/06\\\/x2-2.jpg\",\"datePublished\":\"2023-06-15T19:52:04+00:00\",\"breadcrumb\":{\"@id\":\"https:\\\/\\\/noticiasmercedinas.com\\\/site\\\/2023\\\/06\\\/15\\\/julio-alak-clausura-exitoso-encuentro-internacional-sobre-ninez-en-contexto-penitenciario\\\/#breadcrumb\"},\"inLanguage\":\"es\",\"potentialAction\":[{\"@type\":\"ReadAction\",\"target\":[\"https:\\\/\\\/noticiasmercedinas.com\\\/site\\\/2023\\\/06\\\/15\\\/julio-alak-clausura-exitoso-encuentro-internacional-sobre-ninez-en-contexto-penitenciario\\\/\"]}]},{\"@type\":\"ImageObject\",\"inLanguage\":\"es\",\"@id\":\"https:\\\/\\\/noticiasmercedinas.com\\\/site\\\/2023\\\/06\\\/15\\\/julio-alak-clausura-exitoso-encuentro-internacional-sobre-ninez-en-contexto-penitenciario\\\/#primaryimage\",\"url\":\"https:\\\/\\\/noticiasmercedinas.com\\\/site\\\/wp-content\\\/uploads\\\/2023\\\/06\\\/x2-2.jpg\",\"contentUrl\":\"https:\\\/\\\/noticiasmercedinas.com\\\/site\\\/wp-content\\\/uploads\\\/2023\\\/06\\\/x2-2.jpg\",\"width\":1024,\"height\":768},{\"@type\":\"BreadcrumbList\",\"@id\":\"https:\\\/\\\/noticiasmercedinas.com\\\/site\\\/2023\\\/06\\\/15\\\/julio-alak-clausura-exitoso-encuentro-internacional-sobre-ninez-en-contexto-penitenciario\\\/#breadcrumb\",\"itemListElement\":[{\"@type\":\"ListItem\",\"position\":1,\"name\":\"Portada\",\"item\":\"https:\\\/\\\/noticiasmercedinas.com\\\/site\\\/\"},{\"@type\":\"ListItem\",\"position\":2,\"name\":\"Julio Alak clausura exitoso encuentro internacional sobre Ni\u00f1ez en contexto penitenciario\"}]},{\"@type\":\"WebSite\",\"@id\":\"https:\\\/\\\/noticiasmercedinas.com\\\/site\\\/#website\",\"url\":\"https:\\\/\\\/noticiasmercedinas.com\\\/site\\\/\",\"name\":\"NOTICIASMERCEDINAS.COM\",\"description\":\"Mercedes, Buenos Aires, Argentina\",\"publisher\":{\"@id\":\"https:\\\/\\\/noticiasmercedinas.com\\\/site\\\/#organization\"},\"potentialAction\":[{\"@type\":\"SearchAction\",\"target\":{\"@type\":\"EntryPoint\",\"urlTemplate\":\"https:\\\/\\\/noticiasmercedinas.com\\\/site\\\/?s={search_term_string}\"},\"query-input\":{\"@type\":\"PropertyValueSpecification\",\"valueRequired\":true,\"valueName\":\"search_term_string\"}}],\"inLanguage\":\"es\"},{\"@type\":\"Organization\",\"@id\":\"https:\\\/\\\/noticiasmercedinas.com\\\/site\\\/#organization\",\"name\":\"NOTICIASMERCEDINAS.COM\",\"url\":\"https:\\\/\\\/noticiasmercedinas.com\\\/site\\\/\",\"logo\":{\"@type\":\"ImageObject\",\"inLanguage\":\"es\",\"@id\":\"https:\\\/\\\/noticiasmercedinas.com\\\/site\\\/#\\\/schema\\\/logo\\\/image\\\/\",\"url\":\"https:\\\/\\\/noticiasmercedinas.com\\\/site\\\/wp-content\\\/uploads\\\/2020\\\/06\\\/LOGO-512.jpg\",\"contentUrl\":\"https:\\\/\\\/noticiasmercedinas.com\\\/site\\\/wp-content\\\/uploads\\\/2020\\\/06\\\/LOGO-512.jpg\",\"width\":512,\"height\":512,\"caption\":\"NOTICIASMERCEDINAS.COM\"},\"image\":{\"@id\":\"https:\\\/\\\/noticiasmercedinas.com\\\/site\\\/#\\\/schema\\\/logo\\\/image\\\/\"},\"sameAs\":[\"https:\\\/\\\/www.facebook.com\\\/noticiasmercedinas\\\/\",\"https:\\\/\\\/x.com\\\/notmercedinas\",\"https:\\\/\\\/www.instagram.com\\\/noticiasmercedinas\\\/\"]},{\"@type\":\"Person\",\"@id\":\"https:\\\/\\\/noticiasmercedinas.com\\\/site\\\/#\\\/schema\\\/person\\\/84b59c099c28ff2e8b77d4ceec5d8063\",\"name\":\"NOTICIASMERCEDINAS.COM\",\"image\":{\"@type\":\"ImageObject\",\"inLanguage\":\"es\",\"@id\":\"https:\\\/\\\/secure.gravatar.com\\\/avatar\\\/4dfbf16b4d17945bfb6341b2d19043457132fcf478a5ee04f42e959fd8f5df0a?s=96&d=mm&r=g\",\"url\":\"https:\\\/\\\/secure.gravatar.com\\\/avatar\\\/4dfbf16b4d17945bfb6341b2d19043457132fcf478a5ee04f42e959fd8f5df0a?s=96&d=mm&r=g\",\"contentUrl\":\"https:\\\/\\\/secure.gravatar.com\\\/avatar\\\/4dfbf16b4d17945bfb6341b2d19043457132fcf478a5ee04f42e959fd8f5df0a?s=96&d=mm&r=g\",\"caption\":\"NOTICIASMERCEDINAS.COM\"},\"url\":\"https:\\\/\\\/noticiasmercedinas.com\\\/site\\\/author\\\/anonimo\\\/\"}]}<\/script>\n<!-- \/ Yoast SEO plugin. -->","yoast_head_json":{"title":"Julio Alak clausura exitoso encuentro internacional sobre Ni\u00f1ez en contexto penitenciario","robots":{"index":"index","follow":"follow","max-snippet":"max-snippet:-1","max-image-preview":"max-image-preview:large","max-video-preview":"max-video-preview:-1"},"canonical":"https:\/\/noticiasmercedinas.com\/site\/2023\/06\/15\/julio-alak-clausura-exitoso-encuentro-internacional-sobre-ninez-en-contexto-penitenciario\/","og_locale":"es_ES","og_type":"article","og_title":"Julio Alak clausura exitoso encuentro internacional sobre Ni\u00f1ez en contexto penitenciario","og_description":"\u25a0 El evento cont\u00f3 con la participaci\u00f3n de profesionales de diferentes \u00e1reas y de distintos pa\u00edses, as\u00ed como integrantes de diversos servicios penitenciarios de Argentina.","og_url":"https:\/\/noticiasmercedinas.com\/site\/2023\/06\/15\/julio-alak-clausura-exitoso-encuentro-internacional-sobre-ninez-en-contexto-penitenciario\/","og_site_name":"NOTICIASMERCEDINAS.COM","article_publisher":"https:\/\/www.facebook.com\/noticiasmercedinas\/","article_published_time":"2023-06-15T19:52:04+00:00","og_image":[{"width":1024,"height":768,"url":"https:\/\/noticiasmercedinas.com\/site\/wp-content\/uploads\/2023\/06\/x2-2.jpg","type":"image\/jpeg"}],"author":"NOTICIASMERCEDINAS.COM","twitter_card":"summary_large_image","twitter_creator":"@notmercedinas","twitter_site":"@notmercedinas","twitter_misc":{"Escrito por":"NOTICIASMERCEDINAS.COM","Tiempo de lectura":"4 minutos"},"schema":{"@context":"https:\/\/schema.org","@graph":[{"@type":"Article","@id":"https:\/\/noticiasmercedinas.com\/site\/2023\/06\/15\/julio-alak-clausura-exitoso-encuentro-internacional-sobre-ninez-en-contexto-penitenciario\/#article","isPartOf":{"@id":"https:\/\/noticiasmercedinas.com\/site\/2023\/06\/15\/julio-alak-clausura-exitoso-encuentro-internacional-sobre-ninez-en-contexto-penitenciario\/"},"author":{"name":"NOTICIASMERCEDINAS.COM","@id":"https:\/\/noticiasmercedinas.com\/site\/#\/schema\/person\/84b59c099c28ff2e8b77d4ceec5d8063"},"headline":"Julio Alak clausura exitoso encuentro internacional sobre Ni\u00f1ez en contexto penitenciario","datePublished":"2023-06-15T19:52:04+00:00","mainEntityOfPage":{"@id":"https:\/\/noticiasmercedinas.com\/site\/2023\/06\/15\/julio-alak-clausura-exitoso-encuentro-internacional-sobre-ninez-en-contexto-penitenciario\/"},"wordCount":648,"publisher":{"@id":"https:\/\/noticiasmercedinas.com\/site\/#organization"},"image":{"@id":"https:\/\/noticiasmercedinas.com\/site\/2023\/06\/15\/julio-alak-clausura-exitoso-encuentro-internacional-sobre-ninez-en-contexto-penitenciario\/#primaryimage"},"thumbnailUrl":"https:\/\/noticiasmercedinas.com\/site\/wp-content\/uploads\/2023\/06\/x2-2.jpg","keywords":["Julio Alak","servicio penitenciario"],"articleSection":["Provinciales"],"inLanguage":"es"},{"@type":"WebPage","@id":"https:\/\/noticiasmercedinas.com\/site\/2023\/06\/15\/julio-alak-clausura-exitoso-encuentro-internacional-sobre-ninez-en-contexto-penitenciario\/","url":"https:\/\/noticiasmercedinas.com\/site\/2023\/06\/15\/julio-alak-clausura-exitoso-encuentro-internacional-sobre-ninez-en-contexto-penitenciario\/","name":"Julio Alak clausura exitoso encuentro internacional sobre Ni\u00f1ez en contexto penitenciario","isPartOf":{"@id":"https:\/\/noticiasmercedinas.com\/site\/#website"},"primaryImageOfPage":{"@id":"https:\/\/noticiasmercedinas.com\/site\/2023\/06\/15\/julio-alak-clausura-exitoso-encuentro-internacional-sobre-ninez-en-contexto-penitenciario\/#primaryimage"},"image":{"@id":"https:\/\/noticiasmercedinas.com\/site\/2023\/06\/15\/julio-alak-clausura-exitoso-encuentro-internacional-sobre-ninez-en-contexto-penitenciario\/#primaryimage"},"thumbnailUrl":"https:\/\/noticiasmercedinas.com\/site\/wp-content\/uploads\/2023\/06\/x2-2.jpg","datePublished":"2023-06-15T19:52:04+00:00","breadcrumb":{"@id":"https:\/\/noticiasmercedinas.com\/site\/2023\/06\/15\/julio-alak-clausura-exitoso-encuentro-internacional-sobre-ninez-en-contexto-penitenciario\/#breadcrumb"},"inLanguage":"es","potentialAction":[{"@type":"ReadAction","target":["https:\/\/noticiasmercedinas.com\/site\/2023\/06\/15\/julio-alak-clausura-exitoso-encuentro-internacional-sobre-ninez-en-contexto-penitenciario\/"]}]},{"@type":"ImageObject","inLanguage":"es","@id":"https:\/\/noticiasmercedinas.com\/site\/2023\/06\/15\/julio-alak-clausura-exitoso-encuentro-internacional-sobre-ninez-en-contexto-penitenciario\/#primaryimage","url":"https:\/\/noticiasmercedinas.com\/site\/wp-content\/uploads\/2023\/06\/x2-2.jpg","contentUrl":"https:\/\/noticiasmercedinas.com\/site\/wp-content\/uploads\/2023\/06\/x2-2.jpg","width":1024,"height":768},{"@type":"BreadcrumbList","@id":"https:\/\/noticiasmercedinas.com\/site\/2023\/06\/15\/julio-alak-clausura-exitoso-encuentro-internacional-sobre-ninez-en-contexto-penitenciario\/#breadcrumb","itemListElement":[{"@type":"ListItem","position":1,"name":"Portada","item":"https:\/\/noticiasmercedinas.com\/site\/"},{"@type":"ListItem","position":2,"name":"Julio Alak clausura exitoso encuentro internacional sobre Ni\u00f1ez en contexto penitenciario"}]},{"@type":"WebSite","@id":"https:\/\/noticiasmercedinas.com\/site\/#website","url":"https:\/\/noticiasmercedinas.com\/site\/","name":"NOTICIASMERCEDINAS.COM","description":"Mercedes, Buenos Aires, Argentina","publisher":{"@id":"https:\/\/noticiasmercedinas.com\/site\/#organization"},"potentialAction":[{"@type":"SearchAction","target":{"@type":"EntryPoint","urlTemplate":"https:\/\/noticiasmercedinas.com\/site\/?s={search_term_string}"},"query-input":{"@type":"PropertyValueSpecification","valueRequired":true,"valueName":"search_term_string"}}],"inLanguage":"es"},{"@type":"Organization","@id":"https:\/\/noticiasmercedinas.com\/site\/#organization","name":"NOTICIASMERCEDINAS.COM","url":"https:\/\/noticiasmercedinas.com\/site\/","logo":{"@type":"ImageObject","inLanguage":"es","@id":"https:\/\/noticiasmercedinas.com\/site\/#\/schema\/logo\/image\/","url":"https:\/\/noticiasmercedinas.com\/site\/wp-content\/uploads\/2020\/06\/LOGO-512.jpg","contentUrl":"https:\/\/noticiasmercedinas.com\/site\/wp-content\/uploads\/2020\/06\/LOGO-512.jpg","width":512,"height":512,"caption":"NOTICIASMERCEDINAS.COM"},"image":{"@id":"https:\/\/noticiasmercedinas.com\/site\/#\/schema\/logo\/image\/"},"sameAs":["https:\/\/www.facebook.com\/noticiasmercedinas\/","https:\/\/x.com\/notmercedinas","https:\/\/www.instagram.com\/noticiasmercedinas\/"]},{"@type":"Person","@id":"https:\/\/noticiasmercedinas.com\/site\/#\/schema\/person\/84b59c099c28ff2e8b77d4ceec5d8063","name":"NOTICIASMERCEDINAS.COM","image":{"@type":"ImageObject","inLanguage":"es","@id":"https:\/\/secure.gravatar.com\/avatar\/4dfbf16b4d17945bfb6341b2d19043457132fcf478a5ee04f42e959fd8f5df0a?s=96&d=mm&r=g","url":"https:\/\/secure.gravatar.com\/avatar\/4dfbf16b4d17945bfb6341b2d19043457132fcf478a5ee04f42e959fd8f5df0a?s=96&d=mm&r=g","contentUrl":"https:\/\/secure.gravatar.com\/avatar\/4dfbf16b4d17945bfb6341b2d19043457132fcf478a5ee04f42e959fd8f5df0a?s=96&d=mm&r=g","caption":"NOTICIASMERCEDINAS.COM"},"url":"https:\/\/noticiasmercedinas.com\/site\/author\/anonimo\/"}]}},"amp_enabled":true,"_links":{"self":[{"href":"https:\/\/noticiasmercedinas.com\/site\/wp-json\/wp\/v2\/posts\/117117","targetHints":{"allow":["GET"]}}],"collection":[{"href":"https:\/\/noticiasmercedinas.com\/site\/wp-json\/wp\/v2\/posts"}],"about":[{"href":"https:\/\/noticiasmercedinas.com\/site\/wp-json\/wp\/v2\/types\/post"}],"author":[{"embeddable":true,"href":"https:\/\/noticiasmercedinas.com\/site\/wp-json\/wp\/v2\/users\/16"}],"replies":[{"embeddable":true,"href":"https:\/\/noticiasmercedinas.com\/site\/wp-json\/wp\/v2\/comments?post=117117"}],"version-history":[{"count":1,"href":"https:\/\/noticiasmercedinas.com\/site\/wp-json\/wp\/v2\/posts\/117117\/revisions"}],"predecessor-version":[{"id":117121,"href":"https:\/\/noticiasmercedinas.com\/site\/wp-json\/wp\/v2\/posts\/117117\/revisions\/117121"}],"wp:featuredmedia":[{"embeddable":true,"href":"https:\/\/noticiasmercedinas.com\/site\/wp-json\/wp\/v2\/media\/117118"}],"wp:attachment":[{"href":"https:\/\/noticiasmercedinas.com\/site\/wp-json\/wp\/v2\/media?parent=117117"}],"wp:term":[{"taxonomy":"category","embeddable":true,"href":"https:\/\/noticiasmercedinas.com\/site\/wp-json\/wp\/v2\/categories?post=117117"},{"taxonomy":"post_tag","embeddable":true,"href":"https:\/\/noticiasmercedinas.com\/site\/wp-json\/wp\/v2\/tags?post=117117"}],"curies":[{"name":"wp","href":"https:\/\/api.w.org\/{rel}","templated":true}]}}