{"id":117248,"date":"2023-06-17T10:29:59","date_gmt":"2023-06-17T13:29:59","guid":{"rendered":"https:\/\/noticiasmercedinas.com\/site\/?p=117248"},"modified":"2023-06-17T10:29:59","modified_gmt":"2023-06-17T13:29:59","slug":"instituto-cultural-de-la-provincia-de-buenos-aires-promueve-la-soberania-a-traves-del-arte-mural","status":"publish","type":"post","link":"https:\/\/noticiasmercedinas.com\/site\/2023\/06\/17\/instituto-cultural-de-la-provincia-de-buenos-aires-promueve-la-soberania-a-traves-del-arte-mural\/","title":{"rendered":"Instituto Cultural de la Provincia de Buenos Aires promueve la soberan\u00eda a trav\u00e9s del arte mural"},"content":{"rendered":"<p><img loading=\"lazy\" decoding=\"async\" class=\"alignnone size-full wp-image-117249\" src=\"https:\/\/noticiasmercedinas.com\/site\/wp-content\/uploads\/2023\/06\/IC.jpg\" alt=\"\" width=\"640\" height=\"480\" srcset=\"https:\/\/noticiasmercedinas.com\/site\/wp-content\/uploads\/2023\/06\/IC.jpg 640w, https:\/\/noticiasmercedinas.com\/site\/wp-content\/uploads\/2023\/06\/IC-300x225.jpg 300w, https:\/\/noticiasmercedinas.com\/site\/wp-content\/uploads\/2023\/06\/IC-80x60.jpg 80w, https:\/\/noticiasmercedinas.com\/site\/wp-content\/uploads\/2023\/06\/IC-160x120.jpg 160w, https:\/\/noticiasmercedinas.com\/site\/wp-content\/uploads\/2023\/06\/IC-100x75.jpg 100w, https:\/\/noticiasmercedinas.com\/site\/wp-content\/uploads\/2023\/06\/IC-200x150.jpg 200w, https:\/\/noticiasmercedinas.com\/site\/wp-content\/uploads\/2023\/06\/IC-180x135.jpg 180w, https:\/\/noticiasmercedinas.com\/site\/wp-content\/uploads\/2023\/06\/IC-360x270.jpg 360w, https:\/\/noticiasmercedinas.com\/site\/wp-content\/uploads\/2023\/06\/IC-238x178.jpg 238w, https:\/\/noticiasmercedinas.com\/site\/wp-content\/uploads\/2023\/06\/IC-476x356.jpg 476w\" sizes=\"auto, (max-width: 640px) 100vw, 640px\" \/><\/p>\n<p>El pr\u00f3ximo martes 20 de junio, el Instituto Cultural de la Provincia de Buenos Aires llevar\u00e1 a cabo una nueva edici\u00f3n del programa \u00abMurales por la soberan\u00eda\u00bb. Esta iniciativa tiene como objetivo la producci\u00f3n y composici\u00f3n colectiva de murales en diferentes municipios de la provincia, con el prop\u00f3sito de promover y construir discusiones, debates y pensamientos en torno a la soberan\u00eda cultural y la independencia de los pueblos latinoamericanos.<\/p>\n<p>El programa \u00abMurales por la soberan\u00eda\u00bb se ha convertido en una herramienta clave para la construcci\u00f3n de una memoria colectiva, popular y territorial. A trav\u00e9s de la colaboraci\u00f3n con colectivos culturales, organizaciones de la comunidad, instituciones intermedias y municipios, se busca fomentar la participaci\u00f3n activa de la sociedad en la producci\u00f3n y composici\u00f3n de los murales.<\/p>\n<p>En esta ocasi\u00f3n, la jornada se llevar\u00e1 a cabo simult\u00e1neamente en los municipios de Pinamar, Suipacha, Vicente L\u00f3pez y Giles. Cada uno de estos lugares ser\u00e1 testigo de la creaci\u00f3n de un mural \u00fanico, realizado por reconocidos muralistas que pondr\u00e1n su talento al servicio de la expresi\u00f3n art\u00edstica y la promoci\u00f3n de la soberan\u00eda.<\/p>\n<p>En Suipacha, la muralista Sof\u00eda Vigliano plasmar\u00e1 su obra en la Escuela Primaria N\u00ba 8, Nuestra Se\u00f1ora del Rosario. Por otro lado, en Pinamar, el muralista Leonel Pizzotti dejar\u00e1 su huella en la Escuela Corneta Uruguay, ubicada en la Calle Libertador Sur N\u00ba 1833. En el Complejo Museogr\u00e1fico de Giles, situado en 25 de mayo y Mitre, el muralista Francisco Daverio realizar\u00e1 su obra. Y, por \u00faltimo, en el Hospital Provincial Centragolo de Vicente L\u00f3pez, se crear\u00e1 un mural con la participaci\u00f3n de artistas locales.<\/p>\n<p>El programa \u00abMurales por la soberan\u00eda\u00bb es impulsado por la Direcci\u00f3n Provincial de Coordinaci\u00f3n de Pol\u00edticas Culturales de la Subsecretar\u00eda de Pol\u00edticas Culturales, en colaboraci\u00f3n con el programa Red Cultura del Instituto Cultural de la Provincia de Buenos Aires. La iniciativa reconoce el valor social de los murales como componentes significativos del patrimonio cultural y busca promover el arte p\u00fablico como una forma de fortalecer la identidad y la memoria colectiva.<\/p>\n<p>Con la realizaci\u00f3n de estos murales, el Instituto Cultural de la Provincia de Buenos Aires reafirma su compromiso con la difusi\u00f3n del arte y la cultura, invitando a la comunidad a participar activamente en la construcci\u00f3n de un mensaje de soberan\u00eda y autodeterminaci\u00f3n en un contexto latinoamericano.<\/p>\n","protected":false},"excerpt":{"rendered":"<p>\u25a0 En la vecina localidad de Suipacha, este martes la muralista Sof\u00eda Vigliano plasmar\u00e1 su obra en la Escuela Primaria N\u00ba 8, Nuestra Se\u00f1ora del Rosario<\/p>\n","protected":false},"author":16,"featured_media":117249,"comment_status":"closed","ping_status":"closed","sticky":false,"template":"","format":"standard","meta":{"footnotes":""},"categories":[139],"tags":[15926,791,1095],"class_list":["post-117248","post","type-post","status-publish","format-standard","has-post-thumbnail","hentry","category-regionales","tag-instituto-cultural-de-la-provincia-de-buenos-aires","tag-murales","tag-suipacha"],"yoast_head":"<!-- This site is optimized with the Yoast SEO plugin v27.4 - https:\/\/yoast.com\/product\/yoast-seo-wordpress\/ -->\n<title>Instituto Cultural de la Provincia de Buenos Aires promueve la soberan\u00eda a trav\u00e9s del arte mural<\/title>\n<meta name=\"robots\" content=\"index, follow, max-snippet:-1, max-image-preview:large, max-video-preview:-1\" \/>\n<link rel=\"canonical\" href=\"https:\/\/noticiasmercedinas.com\/site\/2023\/06\/17\/instituto-cultural-de-la-provincia-de-buenos-aires-promueve-la-soberania-a-traves-del-arte-mural\/\" \/>\n<meta property=\"og:locale\" content=\"es_ES\" \/>\n<meta property=\"og:type\" content=\"article\" \/>\n<meta property=\"og:title\" content=\"Instituto Cultural de la Provincia de Buenos Aires promueve la soberan\u00eda a trav\u00e9s del arte mural\" \/>\n<meta property=\"og:description\" content=\"\u25a0 En la vecina localidad de Suipacha, este martes la muralista Sof\u00eda Vigliano plasmar\u00e1 su obra en la Escuela Primaria N\u00ba 8, Nuestra Se\u00f1ora del Rosario\" \/>\n<meta property=\"og:url\" content=\"https:\/\/noticiasmercedinas.com\/site\/2023\/06\/17\/instituto-cultural-de-la-provincia-de-buenos-aires-promueve-la-soberania-a-traves-del-arte-mural\/\" \/>\n<meta property=\"og:site_name\" content=\"NOTICIASMERCEDINAS.COM\" \/>\n<meta property=\"article:publisher\" content=\"https:\/\/www.facebook.com\/noticiasmercedinas\/\" \/>\n<meta property=\"article:published_time\" content=\"2023-06-17T13:29:59+00:00\" \/>\n<meta property=\"og:image\" content=\"https:\/\/noticiasmercedinas.com\/site\/wp-content\/uploads\/2023\/06\/IC.jpg\" \/>\n\t<meta property=\"og:image:width\" content=\"640\" \/>\n\t<meta property=\"og:image:height\" content=\"480\" \/>\n\t<meta property=\"og:image:type\" content=\"image\/jpeg\" \/>\n<meta name=\"author\" content=\"NOTICIASMERCEDINAS.COM\" \/>\n<meta name=\"twitter:card\" content=\"summary_large_image\" \/>\n<meta name=\"twitter:creator\" content=\"@notmercedinas\" \/>\n<meta name=\"twitter:site\" content=\"@notmercedinas\" \/>\n<meta name=\"twitter:label1\" content=\"Escrito por\" \/>\n\t<meta name=\"twitter:data1\" content=\"NOTICIASMERCEDINAS.COM\" \/>\n\t<meta name=\"twitter:label2\" content=\"Tiempo de lectura\" \/>\n\t<meta name=\"twitter:data2\" content=\"2 minutos\" \/>\n<script type=\"application\/ld+json\" class=\"yoast-schema-graph\">{\"@context\":\"https:\\\/\\\/schema.org\",\"@graph\":[{\"@type\":\"Article\",\"@id\":\"https:\\\/\\\/noticiasmercedinas.com\\\/site\\\/2023\\\/06\\\/17\\\/instituto-cultural-de-la-provincia-de-buenos-aires-promueve-la-soberania-a-traves-del-arte-mural\\\/#article\",\"isPartOf\":{\"@id\":\"https:\\\/\\\/noticiasmercedinas.com\\\/site\\\/2023\\\/06\\\/17\\\/instituto-cultural-de-la-provincia-de-buenos-aires-promueve-la-soberania-a-traves-del-arte-mural\\\/\"},\"author\":{\"name\":\"NOTICIASMERCEDINAS.COM\",\"@id\":\"https:\\\/\\\/noticiasmercedinas.com\\\/site\\\/#\\\/schema\\\/person\\\/84b59c099c28ff2e8b77d4ceec5d8063\"},\"headline\":\"Instituto Cultural de la Provincia de Buenos Aires promueve la soberan\u00eda a trav\u00e9s del arte mural\",\"datePublished\":\"2023-06-17T13:29:59+00:00\",\"mainEntityOfPage\":{\"@id\":\"https:\\\/\\\/noticiasmercedinas.com\\\/site\\\/2023\\\/06\\\/17\\\/instituto-cultural-de-la-provincia-de-buenos-aires-promueve-la-soberania-a-traves-del-arte-mural\\\/\"},\"wordCount\":437,\"publisher\":{\"@id\":\"https:\\\/\\\/noticiasmercedinas.com\\\/site\\\/#organization\"},\"image\":{\"@id\":\"https:\\\/\\\/noticiasmercedinas.com\\\/site\\\/2023\\\/06\\\/17\\\/instituto-cultural-de-la-provincia-de-buenos-aires-promueve-la-soberania-a-traves-del-arte-mural\\\/#primaryimage\"},\"thumbnailUrl\":\"https:\\\/\\\/noticiasmercedinas.com\\\/site\\\/wp-content\\\/uploads\\\/2023\\\/06\\\/IC.jpg\",\"keywords\":[\"Instituto Cultural de la Provincia de Buenos Aires\",\"murales\",\"suipacha\"],\"articleSection\":[\"Regionales\"],\"inLanguage\":\"es\"},{\"@type\":\"WebPage\",\"@id\":\"https:\\\/\\\/noticiasmercedinas.com\\\/site\\\/2023\\\/06\\\/17\\\/instituto-cultural-de-la-provincia-de-buenos-aires-promueve-la-soberania-a-traves-del-arte-mural\\\/\",\"url\":\"https:\\\/\\\/noticiasmercedinas.com\\\/site\\\/2023\\\/06\\\/17\\\/instituto-cultural-de-la-provincia-de-buenos-aires-promueve-la-soberania-a-traves-del-arte-mural\\\/\",\"name\":\"Instituto Cultural de la Provincia de Buenos Aires promueve la soberan\u00eda a trav\u00e9s del arte mural\",\"isPartOf\":{\"@id\":\"https:\\\/\\\/noticiasmercedinas.com\\\/site\\\/#website\"},\"primaryImageOfPage\":{\"@id\":\"https:\\\/\\\/noticiasmercedinas.com\\\/site\\\/2023\\\/06\\\/17\\\/instituto-cultural-de-la-provincia-de-buenos-aires-promueve-la-soberania-a-traves-del-arte-mural\\\/#primaryimage\"},\"image\":{\"@id\":\"https:\\\/\\\/noticiasmercedinas.com\\\/site\\\/2023\\\/06\\\/17\\\/instituto-cultural-de-la-provincia-de-buenos-aires-promueve-la-soberania-a-traves-del-arte-mural\\\/#primaryimage\"},\"thumbnailUrl\":\"https:\\\/\\\/noticiasmercedinas.com\\\/site\\\/wp-content\\\/uploads\\\/2023\\\/06\\\/IC.jpg\",\"datePublished\":\"2023-06-17T13:29:59+00:00\",\"breadcrumb\":{\"@id\":\"https:\\\/\\\/noticiasmercedinas.com\\\/site\\\/2023\\\/06\\\/17\\\/instituto-cultural-de-la-provincia-de-buenos-aires-promueve-la-soberania-a-traves-del-arte-mural\\\/#breadcrumb\"},\"inLanguage\":\"es\",\"potentialAction\":[{\"@type\":\"ReadAction\",\"target\":[\"https:\\\/\\\/noticiasmercedinas.com\\\/site\\\/2023\\\/06\\\/17\\\/instituto-cultural-de-la-provincia-de-buenos-aires-promueve-la-soberania-a-traves-del-arte-mural\\\/\"]}]},{\"@type\":\"ImageObject\",\"inLanguage\":\"es\",\"@id\":\"https:\\\/\\\/noticiasmercedinas.com\\\/site\\\/2023\\\/06\\\/17\\\/instituto-cultural-de-la-provincia-de-buenos-aires-promueve-la-soberania-a-traves-del-arte-mural\\\/#primaryimage\",\"url\":\"https:\\\/\\\/noticiasmercedinas.com\\\/site\\\/wp-content\\\/uploads\\\/2023\\\/06\\\/IC.jpg\",\"contentUrl\":\"https:\\\/\\\/noticiasmercedinas.com\\\/site\\\/wp-content\\\/uploads\\\/2023\\\/06\\\/IC.jpg\",\"width\":640,\"height\":480},{\"@type\":\"BreadcrumbList\",\"@id\":\"https:\\\/\\\/noticiasmercedinas.com\\\/site\\\/2023\\\/06\\\/17\\\/instituto-cultural-de-la-provincia-de-buenos-aires-promueve-la-soberania-a-traves-del-arte-mural\\\/#breadcrumb\",\"itemListElement\":[{\"@type\":\"ListItem\",\"position\":1,\"name\":\"Portada\",\"item\":\"https:\\\/\\\/noticiasmercedinas.com\\\/site\\\/\"},{\"@type\":\"ListItem\",\"position\":2,\"name\":\"Instituto Cultural de la Provincia de Buenos Aires promueve la soberan\u00eda a trav\u00e9s del arte mural\"}]},{\"@type\":\"WebSite\",\"@id\":\"https:\\\/\\\/noticiasmercedinas.com\\\/site\\\/#website\",\"url\":\"https:\\\/\\\/noticiasmercedinas.com\\\/site\\\/\",\"name\":\"NOTICIASMERCEDINAS.COM\",\"description\":\"Mercedes, Buenos Aires, Argentina\",\"publisher\":{\"@id\":\"https:\\\/\\\/noticiasmercedinas.com\\\/site\\\/#organization\"},\"potentialAction\":[{\"@type\":\"SearchAction\",\"target\":{\"@type\":\"EntryPoint\",\"urlTemplate\":\"https:\\\/\\\/noticiasmercedinas.com\\\/site\\\/?s={search_term_string}\"},\"query-input\":{\"@type\":\"PropertyValueSpecification\",\"valueRequired\":true,\"valueName\":\"search_term_string\"}}],\"inLanguage\":\"es\"},{\"@type\":\"Organization\",\"@id\":\"https:\\\/\\\/noticiasmercedinas.com\\\/site\\\/#organization\",\"name\":\"NOTICIASMERCEDINAS.COM\",\"url\":\"https:\\\/\\\/noticiasmercedinas.com\\\/site\\\/\",\"logo\":{\"@type\":\"ImageObject\",\"inLanguage\":\"es\",\"@id\":\"https:\\\/\\\/noticiasmercedinas.com\\\/site\\\/#\\\/schema\\\/logo\\\/image\\\/\",\"url\":\"https:\\\/\\\/noticiasmercedinas.com\\\/site\\\/wp-content\\\/uploads\\\/2020\\\/06\\\/LOGO-512.jpg\",\"contentUrl\":\"https:\\\/\\\/noticiasmercedinas.com\\\/site\\\/wp-content\\\/uploads\\\/2020\\\/06\\\/LOGO-512.jpg\",\"width\":512,\"height\":512,\"caption\":\"NOTICIASMERCEDINAS.COM\"},\"image\":{\"@id\":\"https:\\\/\\\/noticiasmercedinas.com\\\/site\\\/#\\\/schema\\\/logo\\\/image\\\/\"},\"sameAs\":[\"https:\\\/\\\/www.facebook.com\\\/noticiasmercedinas\\\/\",\"https:\\\/\\\/x.com\\\/notmercedinas\",\"https:\\\/\\\/www.instagram.com\\\/noticiasmercedinas\\\/\"]},{\"@type\":\"Person\",\"@id\":\"https:\\\/\\\/noticiasmercedinas.com\\\/site\\\/#\\\/schema\\\/person\\\/84b59c099c28ff2e8b77d4ceec5d8063\",\"name\":\"NOTICIASMERCEDINAS.COM\",\"image\":{\"@type\":\"ImageObject\",\"inLanguage\":\"es\",\"@id\":\"https:\\\/\\\/secure.gravatar.com\\\/avatar\\\/4dfbf16b4d17945bfb6341b2d19043457132fcf478a5ee04f42e959fd8f5df0a?s=96&d=mm&r=g\",\"url\":\"https:\\\/\\\/secure.gravatar.com\\\/avatar\\\/4dfbf16b4d17945bfb6341b2d19043457132fcf478a5ee04f42e959fd8f5df0a?s=96&d=mm&r=g\",\"contentUrl\":\"https:\\\/\\\/secure.gravatar.com\\\/avatar\\\/4dfbf16b4d17945bfb6341b2d19043457132fcf478a5ee04f42e959fd8f5df0a?s=96&d=mm&r=g\",\"caption\":\"NOTICIASMERCEDINAS.COM\"},\"url\":\"https:\\\/\\\/noticiasmercedinas.com\\\/site\\\/author\\\/anonimo\\\/\"}]}<\/script>\n<!-- \/ Yoast SEO plugin. -->","yoast_head_json":{"title":"Instituto Cultural de la Provincia de Buenos Aires promueve la soberan\u00eda a trav\u00e9s del arte mural","robots":{"index":"index","follow":"follow","max-snippet":"max-snippet:-1","max-image-preview":"max-image-preview:large","max-video-preview":"max-video-preview:-1"},"canonical":"https:\/\/noticiasmercedinas.com\/site\/2023\/06\/17\/instituto-cultural-de-la-provincia-de-buenos-aires-promueve-la-soberania-a-traves-del-arte-mural\/","og_locale":"es_ES","og_type":"article","og_title":"Instituto Cultural de la Provincia de Buenos Aires promueve la soberan\u00eda a trav\u00e9s del arte mural","og_description":"\u25a0 En la vecina localidad de Suipacha, este martes la muralista Sof\u00eda Vigliano plasmar\u00e1 su obra en la Escuela Primaria N\u00ba 8, Nuestra Se\u00f1ora del Rosario","og_url":"https:\/\/noticiasmercedinas.com\/site\/2023\/06\/17\/instituto-cultural-de-la-provincia-de-buenos-aires-promueve-la-soberania-a-traves-del-arte-mural\/","og_site_name":"NOTICIASMERCEDINAS.COM","article_publisher":"https:\/\/www.facebook.com\/noticiasmercedinas\/","article_published_time":"2023-06-17T13:29:59+00:00","og_image":[{"width":640,"height":480,"url":"https:\/\/noticiasmercedinas.com\/site\/wp-content\/uploads\/2023\/06\/IC.jpg","type":"image\/jpeg"}],"author":"NOTICIASMERCEDINAS.COM","twitter_card":"summary_large_image","twitter_creator":"@notmercedinas","twitter_site":"@notmercedinas","twitter_misc":{"Escrito por":"NOTICIASMERCEDINAS.COM","Tiempo de lectura":"2 minutos"},"schema":{"@context":"https:\/\/schema.org","@graph":[{"@type":"Article","@id":"https:\/\/noticiasmercedinas.com\/site\/2023\/06\/17\/instituto-cultural-de-la-provincia-de-buenos-aires-promueve-la-soberania-a-traves-del-arte-mural\/#article","isPartOf":{"@id":"https:\/\/noticiasmercedinas.com\/site\/2023\/06\/17\/instituto-cultural-de-la-provincia-de-buenos-aires-promueve-la-soberania-a-traves-del-arte-mural\/"},"author":{"name":"NOTICIASMERCEDINAS.COM","@id":"https:\/\/noticiasmercedinas.com\/site\/#\/schema\/person\/84b59c099c28ff2e8b77d4ceec5d8063"},"headline":"Instituto Cultural de la Provincia de Buenos Aires promueve la soberan\u00eda a trav\u00e9s del arte mural","datePublished":"2023-06-17T13:29:59+00:00","mainEntityOfPage":{"@id":"https:\/\/noticiasmercedinas.com\/site\/2023\/06\/17\/instituto-cultural-de-la-provincia-de-buenos-aires-promueve-la-soberania-a-traves-del-arte-mural\/"},"wordCount":437,"publisher":{"@id":"https:\/\/noticiasmercedinas.com\/site\/#organization"},"image":{"@id":"https:\/\/noticiasmercedinas.com\/site\/2023\/06\/17\/instituto-cultural-de-la-provincia-de-buenos-aires-promueve-la-soberania-a-traves-del-arte-mural\/#primaryimage"},"thumbnailUrl":"https:\/\/noticiasmercedinas.com\/site\/wp-content\/uploads\/2023\/06\/IC.jpg","keywords":["Instituto Cultural de la Provincia de Buenos Aires","murales","suipacha"],"articleSection":["Regionales"],"inLanguage":"es"},{"@type":"WebPage","@id":"https:\/\/noticiasmercedinas.com\/site\/2023\/06\/17\/instituto-cultural-de-la-provincia-de-buenos-aires-promueve-la-soberania-a-traves-del-arte-mural\/","url":"https:\/\/noticiasmercedinas.com\/site\/2023\/06\/17\/instituto-cultural-de-la-provincia-de-buenos-aires-promueve-la-soberania-a-traves-del-arte-mural\/","name":"Instituto Cultural de la Provincia de Buenos Aires promueve la soberan\u00eda a trav\u00e9s del arte mural","isPartOf":{"@id":"https:\/\/noticiasmercedinas.com\/site\/#website"},"primaryImageOfPage":{"@id":"https:\/\/noticiasmercedinas.com\/site\/2023\/06\/17\/instituto-cultural-de-la-provincia-de-buenos-aires-promueve-la-soberania-a-traves-del-arte-mural\/#primaryimage"},"image":{"@id":"https:\/\/noticiasmercedinas.com\/site\/2023\/06\/17\/instituto-cultural-de-la-provincia-de-buenos-aires-promueve-la-soberania-a-traves-del-arte-mural\/#primaryimage"},"thumbnailUrl":"https:\/\/noticiasmercedinas.com\/site\/wp-content\/uploads\/2023\/06\/IC.jpg","datePublished":"2023-06-17T13:29:59+00:00","breadcrumb":{"@id":"https:\/\/noticiasmercedinas.com\/site\/2023\/06\/17\/instituto-cultural-de-la-provincia-de-buenos-aires-promueve-la-soberania-a-traves-del-arte-mural\/#breadcrumb"},"inLanguage":"es","potentialAction":[{"@type":"ReadAction","target":["https:\/\/noticiasmercedinas.com\/site\/2023\/06\/17\/instituto-cultural-de-la-provincia-de-buenos-aires-promueve-la-soberania-a-traves-del-arte-mural\/"]}]},{"@type":"ImageObject","inLanguage":"es","@id":"https:\/\/noticiasmercedinas.com\/site\/2023\/06\/17\/instituto-cultural-de-la-provincia-de-buenos-aires-promueve-la-soberania-a-traves-del-arte-mural\/#primaryimage","url":"https:\/\/noticiasmercedinas.com\/site\/wp-content\/uploads\/2023\/06\/IC.jpg","contentUrl":"https:\/\/noticiasmercedinas.com\/site\/wp-content\/uploads\/2023\/06\/IC.jpg","width":640,"height":480},{"@type":"BreadcrumbList","@id":"https:\/\/noticiasmercedinas.com\/site\/2023\/06\/17\/instituto-cultural-de-la-provincia-de-buenos-aires-promueve-la-soberania-a-traves-del-arte-mural\/#breadcrumb","itemListElement":[{"@type":"ListItem","position":1,"name":"Portada","item":"https:\/\/noticiasmercedinas.com\/site\/"},{"@type":"ListItem","position":2,"name":"Instituto Cultural de la Provincia de Buenos Aires promueve la soberan\u00eda a trav\u00e9s del arte mural"}]},{"@type":"WebSite","@id":"https:\/\/noticiasmercedinas.com\/site\/#website","url":"https:\/\/noticiasmercedinas.com\/site\/","name":"NOTICIASMERCEDINAS.COM","description":"Mercedes, Buenos Aires, Argentina","publisher":{"@id":"https:\/\/noticiasmercedinas.com\/site\/#organization"},"potentialAction":[{"@type":"SearchAction","target":{"@type":"EntryPoint","urlTemplate":"https:\/\/noticiasmercedinas.com\/site\/?s={search_term_string}"},"query-input":{"@type":"PropertyValueSpecification","valueRequired":true,"valueName":"search_term_string"}}],"inLanguage":"es"},{"@type":"Organization","@id":"https:\/\/noticiasmercedinas.com\/site\/#organization","name":"NOTICIASMERCEDINAS.COM","url":"https:\/\/noticiasmercedinas.com\/site\/","logo":{"@type":"ImageObject","inLanguage":"es","@id":"https:\/\/noticiasmercedinas.com\/site\/#\/schema\/logo\/image\/","url":"https:\/\/noticiasmercedinas.com\/site\/wp-content\/uploads\/2020\/06\/LOGO-512.jpg","contentUrl":"https:\/\/noticiasmercedinas.com\/site\/wp-content\/uploads\/2020\/06\/LOGO-512.jpg","width":512,"height":512,"caption":"NOTICIASMERCEDINAS.COM"},"image":{"@id":"https:\/\/noticiasmercedinas.com\/site\/#\/schema\/logo\/image\/"},"sameAs":["https:\/\/www.facebook.com\/noticiasmercedinas\/","https:\/\/x.com\/notmercedinas","https:\/\/www.instagram.com\/noticiasmercedinas\/"]},{"@type":"Person","@id":"https:\/\/noticiasmercedinas.com\/site\/#\/schema\/person\/84b59c099c28ff2e8b77d4ceec5d8063","name":"NOTICIASMERCEDINAS.COM","image":{"@type":"ImageObject","inLanguage":"es","@id":"https:\/\/secure.gravatar.com\/avatar\/4dfbf16b4d17945bfb6341b2d19043457132fcf478a5ee04f42e959fd8f5df0a?s=96&d=mm&r=g","url":"https:\/\/secure.gravatar.com\/avatar\/4dfbf16b4d17945bfb6341b2d19043457132fcf478a5ee04f42e959fd8f5df0a?s=96&d=mm&r=g","contentUrl":"https:\/\/secure.gravatar.com\/avatar\/4dfbf16b4d17945bfb6341b2d19043457132fcf478a5ee04f42e959fd8f5df0a?s=96&d=mm&r=g","caption":"NOTICIASMERCEDINAS.COM"},"url":"https:\/\/noticiasmercedinas.com\/site\/author\/anonimo\/"}]}},"amp_enabled":true,"_links":{"self":[{"href":"https:\/\/noticiasmercedinas.com\/site\/wp-json\/wp\/v2\/posts\/117248","targetHints":{"allow":["GET"]}}],"collection":[{"href":"https:\/\/noticiasmercedinas.com\/site\/wp-json\/wp\/v2\/posts"}],"about":[{"href":"https:\/\/noticiasmercedinas.com\/site\/wp-json\/wp\/v2\/types\/post"}],"author":[{"embeddable":true,"href":"https:\/\/noticiasmercedinas.com\/site\/wp-json\/wp\/v2\/users\/16"}],"replies":[{"embeddable":true,"href":"https:\/\/noticiasmercedinas.com\/site\/wp-json\/wp\/v2\/comments?post=117248"}],"version-history":[{"count":1,"href":"https:\/\/noticiasmercedinas.com\/site\/wp-json\/wp\/v2\/posts\/117248\/revisions"}],"predecessor-version":[{"id":117250,"href":"https:\/\/noticiasmercedinas.com\/site\/wp-json\/wp\/v2\/posts\/117248\/revisions\/117250"}],"wp:featuredmedia":[{"embeddable":true,"href":"https:\/\/noticiasmercedinas.com\/site\/wp-json\/wp\/v2\/media\/117249"}],"wp:attachment":[{"href":"https:\/\/noticiasmercedinas.com\/site\/wp-json\/wp\/v2\/media?parent=117248"}],"wp:term":[{"taxonomy":"category","embeddable":true,"href":"https:\/\/noticiasmercedinas.com\/site\/wp-json\/wp\/v2\/categories?post=117248"},{"taxonomy":"post_tag","embeddable":true,"href":"https:\/\/noticiasmercedinas.com\/site\/wp-json\/wp\/v2\/tags?post=117248"}],"curies":[{"name":"wp","href":"https:\/\/api.w.org\/{rel}","templated":true}]}}