{"id":1173,"date":"2018-09-06T01:35:03","date_gmt":"2018-09-06T04:35:03","guid":{"rendered":"https:\/\/noticiasmercedinas.com\/site\/?p=1173"},"modified":"2018-09-06T01:35:03","modified_gmt":"2018-09-06T04:35:03","slug":"velez-trocha-y-pabellon-dieron-el-paso","status":"publish","type":"post","link":"https:\/\/noticiasmercedinas.com\/site\/2018\/09\/06\/velez-trocha-y-pabellon-dieron-el-paso\/","title":{"rendered":"V\u00e9lez, Trocha y Pabell\u00f3n dieron el paso"},"content":{"rendered":"<p><strong>Los del \u201cMolino\u201d le ganaron 2-0 a Estudiantes y ahora visita a El Front\u00f3n. Frente a rival que se brind\u00f3 el conjunto de la \u201cCarbonilla\u201d se impuso 2-0 y se medir\u00e1 ante Col\u00f3n. En Marcos Paz gan\u00f3 el local 1-0 a Quilmes y ser\u00e1 visitante de Juventud.<br \/>\n<img loading=\"lazy\" decoding=\"async\" class=\"alignnone size-full wp-image-1174\" src=\"https:\/\/noticiasmercedinas.com\/site\/wp-content\/uploads\/2018\/09\/IMG_5677.jpg\" alt=\"\" width=\"650\" height=\"393\" srcset=\"https:\/\/noticiasmercedinas.com\/site\/wp-content\/uploads\/2018\/09\/IMG_5677.jpg 650w, https:\/\/noticiasmercedinas.com\/site\/wp-content\/uploads\/2018\/09\/IMG_5677-300x181.jpg 300w, https:\/\/noticiasmercedinas.com\/site\/wp-content\/uploads\/2018\/09\/IMG_5677-640x387.jpg 640w\" sizes=\"auto, (max-width: 650px) 100vw, 650px\" \/><br \/>\n<\/strong><\/p>\n<p><strong>En la noche del mi\u00e9rcoles 5 continu\u00f3 el Reducido de Primera divisi\u00f3n, en cancha de la<\/strong> <strong>Liga Mercedina<\/strong> de F\u00fatbol el primero de los dos partidos programados tuvo a Estudiantes y V\u00e9lez, con la ventaja deportiva para el \u201cPincha\u201d en caso de igualdad en los 90\u2019. Poco ofreci\u00f3 la primera mitad con equipos que no encontraron la manera de lastimarse, lo escaso que generaron fue un cabezazo de Facundo Ballesteros y algunas aproximaciones de los de Manuel Gonz\u00e1lez. Lo mejor se vino en el complemento, V\u00e9lez inclin\u00f3 la cancha y tuvo sus chances, primero un remate de Luis Giacoy en el poste y luego al mismo jugador le ahog\u00f3 el grito de gol Tom\u00e1s Borrasca.<\/p>\n<p>Ese buen pasaje de V\u00e9lez se vio reflejado con el 1-0, en 17\u2019 el juvenil Dante D\u00edaz gener\u00f3 una jugada que continu\u00f3 Ballesteros y defini\u00f3 Giacoy con el arco libre, es que el uno hab\u00eda salido a buscar a D\u00edaz en el avance de la jugada. Para terminar de dar el golpe justo, en 19\u2019 Ballesteros anot\u00f3 su tanto y con 2-0 todo fue mucho m\u00e1s sencillo para los del \u201cMolino\u201d. Por su parte, Estudiantes no acert\u00f3 en la definici\u00f3n cuando pudo descontar y el esfuerzo del final no alcanz\u00f3, Angel Calder\u00f3n se carg\u00f3 el equipo al hombro no encontrando un socio. La clasificaci\u00f3n de V\u00e9lez no dej\u00f3 dudas que ahora tendr\u00e1 un duro compromiso en San Andr\u00e9s de Giles ante El Front\u00f3n. Estudiantes, de interesante campa\u00f1a se qued\u00f3 sin continuidad, el incentivo es que puede ser protagonista en lo que vendr\u00e1.<\/p>\n<p><strong>Club Estudiantes 0:<\/strong> Tom\u00e1s Borrasca, Bruno Maldonado, Federico Bassi, Leandro Vignau, Facundo Cardozo, Jer\u00f3nimo Luna, paulo Lescano, Pablo Giacoy, Angel Far\u00edas, Angel Calder\u00f3n y Agust\u00edn Vivas. <strong>DT:<\/strong> Manuel Gonz\u00e1lez. <strong>Suplentes:<\/strong> Valent\u00edn Badano y Santiago Cirillo.<br \/>\n<strong>V\u00e9lez Sarsfield 2:<\/strong> Mat\u00edas Ram\u00edrez, Lucas Alfonso, Miguel Maldonado, Daniel Jara, Santiago Gonz\u00e1lez, Alvaro D\u00edaz, Juan G\u00f3mez, Rodolfo Aquino, Facundo Ballesteros, Luis Giacoy y Dante D\u00edaz. <strong>DT:<\/strong> Jorge Gullo. <strong>Suplente:<\/strong> Mart\u00edn Dom\u00e9.<br \/>\n<strong>Goles en el ST: <\/strong>A los 17\u2019 Luis Giacoy a los 19\u2019 Facundo Ballesteros para V\u00e9lez.<br \/>\n<strong>Cambios: <\/strong>Nicol\u00e1s Riveras por Leandro Vignau, Ramiro V\u00e1zquez por Agust\u00edn Vivas y Lucio Ojeda por Facundo Cardozo en Estudiantes. Lucas Coleta por Luis Giacoy, Maximiliano Lettieri por Santiago Gonz\u00e1lez y Gerardo Cod\u00f3n por Facundo Ballesteros en V\u00e9lez.<br \/>\n<strong>Arbitro:<\/strong> Mauro Ramos (SADRA).<\/p>\n<p>A Trocha no le result\u00f3 f\u00e1cil superar a Ateneo, si bien ten\u00eda la ventaja deportiva enfrente hubo un joven equipo que complic\u00f3 y pese a como se fue dando el partido nunca baj\u00f3 los brazos. Ateneo comenz\u00f3 siendo m\u00e1s, le falt\u00f3 acertar en la red, no pudo Nicol\u00e1s Nava gras un centro para sacar su remate por encima del travesa\u00f1o. Mientras tanto Trocha no consegu\u00eda hacer pesar su juego, el de poner la pelota la piso y ganar metros. Aunque la experiencia termin\u00f3 pesando y en el momento justo se asociaron Marcelo Gonz\u00e1lez y Pablo Montuori para darle en bandeja la definici\u00f3n a Agust\u00edn Galassi para el 1-0, la duda qued\u00f3 en si hubo falta sobre el arquero Agust\u00edn Ramos.<\/p>\n\r\n                <style type=\"text\/css\">\r\n                    \r\n                    #td_uid_1_69f1d960005f1  .td-doubleSlider-2 .td-item1 {\r\n                        background: url(https:\/\/noticiasmercedinas.com\/site\/wp-content\/uploads\/2018\/09\/IMG_5670-160x120.jpg) 0 0 no-repeat;\r\n                    }\r\n                    #td_uid_1_69f1d960005f1  .td-doubleSlider-2 .td-item2 {\r\n                        background: url(https:\/\/noticiasmercedinas.com\/site\/wp-content\/uploads\/2018\/09\/IMG_5671-160x120.jpg) 0 0 no-repeat;\r\n                    }\r\n                    #td_uid_1_69f1d960005f1  .td-doubleSlider-2 .td-item3 {\r\n                        background: url(https:\/\/noticiasmercedinas.com\/site\/wp-content\/uploads\/2018\/09\/IMG_5674-160x120.jpg) 0 0 no-repeat;\r\n                    }\r\n                    #td_uid_1_69f1d960005f1  .td-doubleSlider-2 .td-item4 {\r\n                        background: url(https:\/\/noticiasmercedinas.com\/site\/wp-content\/uploads\/2018\/09\/IMG_5677-1-160x120.jpg) 0 0 no-repeat;\r\n                    }\r\n                    #td_uid_1_69f1d960005f1  .td-doubleSlider-2 .td-item5 {\r\n                        background: url(https:\/\/noticiasmercedinas.com\/site\/wp-content\/uploads\/2018\/09\/IMG_5691-160x120.jpg) 0 0 no-repeat;\r\n                    }\r\n                    #td_uid_1_69f1d960005f1  .td-doubleSlider-2 .td-item6 {\r\n                        background: url(https:\/\/noticiasmercedinas.com\/site\/wp-content\/uploads\/2018\/09\/IMG_5693-160x120.jpg) 0 0 no-repeat;\r\n                    }\r\n                    #td_uid_1_69f1d960005f1  .td-doubleSlider-2 .td-item7 {\r\n                        background: url(https:\/\/noticiasmercedinas.com\/site\/wp-content\/uploads\/2018\/09\/IMG_5694-160x120.jpg) 0 0 no-repeat;\r\n                    }\r\n                    #td_uid_1_69f1d960005f1  .td-doubleSlider-2 .td-item8 {\r\n                        background: url(https:\/\/noticiasmercedinas.com\/site\/wp-content\/uploads\/2018\/09\/IMG_5698-160x120.jpg) 0 0 no-repeat;\r\n                    }\r\n                    #td_uid_1_69f1d960005f1  .td-doubleSlider-2 .td-item9 {\r\n                        background: url(https:\/\/noticiasmercedinas.com\/site\/wp-content\/uploads\/2018\/09\/IMG_5701-160x120.jpg) 0 0 no-repeat;\r\n                    }\r\n                    #td_uid_1_69f1d960005f1  .td-doubleSlider-2 .td-item10 {\r\n                        background: url(https:\/\/noticiasmercedinas.com\/site\/wp-content\/uploads\/2018\/09\/IMG_5712-160x120.jpg) 0 0 no-repeat;\r\n                    }\r\n                    #td_uid_1_69f1d960005f1  .td-doubleSlider-2 .td-item11 {\r\n                        background: url(https:\/\/noticiasmercedinas.com\/site\/wp-content\/uploads\/2018\/09\/IMG_5713-160x120.jpg) 0 0 no-repeat;\r\n                    }\r\n                    #td_uid_1_69f1d960005f1  .td-doubleSlider-2 .td-item12 {\r\n                        background: url(https:\/\/noticiasmercedinas.com\/site\/wp-content\/uploads\/2018\/09\/IMG_5715-160x120.jpg) 0 0 no-repeat;\r\n                    }\r\n                <\/style>\r\n\r\n                <div id=\"td_uid_1_69f1d960005f1\" class=\"td-gallery td-slide-on-2-columns\">\r\n                    <div class=\"post_td_gallery\">\r\n                        <div class=\"td-gallery-slide-top\">\r\n                           <div class=\"td-gallery-title\">Liga 5-9-19<\/div>\r\n\r\n                            <div class=\"td-gallery-controls-wrapper\">\r\n                                <div class=\"td-gallery-slide-count\"><span class=\"td-gallery-slide-item-focus\">1<\/span> de 12<\/div>\r\n                                <div class=\"td-gallery-slide-prev-next-but\">\r\n                                    <i class = \"td-icon-left doubleSliderPrevButton\"><\/i>\r\n                                    <i class = \"td-icon-right doubleSliderNextButton\"><\/i>\r\n                                <\/div>\r\n                            <\/div>\r\n                        <\/div>\r\n\r\n                        <div class = \"td-doubleSlider-1 \">\r\n                            <div class = \"td-slider\">\r\n                                \r\n                    <div class = \"td-slide-item td-item1\">\r\n                        <figure class=\"td-slide-galery-figure td-slide-popup-gallery\">\r\n                            <a class=\"slide-gallery-image-link\" href=\"https:\/\/noticiasmercedinas.com\/site\/wp-content\/uploads\/2018\/09\/IMG_5670.jpg\" title=\"IMG_5670\"  data-caption=\"\"  data-description=\"\">\r\n                                <img decoding=\"async\" src=\"https:\/\/noticiasmercedinas.com\/site\/wp-content\/uploads\/2018\/09\/IMG_5670.jpg\" srcset=\"https:\/\/noticiasmercedinas.com\/site\/wp-content\/uploads\/2018\/09\/IMG_5670.jpg 650w, https:\/\/noticiasmercedinas.com\/site\/wp-content\/uploads\/2018\/09\/IMG_5670-300x197.jpg 300w, https:\/\/noticiasmercedinas.com\/site\/wp-content\/uploads\/2018\/09\/IMG_5670-640x420.jpg 640w\" sizes=\"(max-width: 650px) 100vw, 650px\" alt=\"\">\r\n                            <\/a>\r\n                            \r\n                        <\/figure>\r\n                    <\/div>\r\n                    <div class = \"td-slide-item td-item2\">\r\n                        <figure class=\"td-slide-galery-figure td-slide-popup-gallery\">\r\n                            <a class=\"slide-gallery-image-link\" href=\"https:\/\/noticiasmercedinas.com\/site\/wp-content\/uploads\/2018\/09\/IMG_5671.jpg\" title=\"IMG_5671\"  data-caption=\"\"  data-description=\"\">\r\n                                <img decoding=\"async\" src=\"https:\/\/noticiasmercedinas.com\/site\/wp-content\/uploads\/2018\/09\/IMG_5671.jpg\" srcset=\"https:\/\/noticiasmercedinas.com\/site\/wp-content\/uploads\/2018\/09\/IMG_5671.jpg 650w, https:\/\/noticiasmercedinas.com\/site\/wp-content\/uploads\/2018\/09\/IMG_5671-300x182.jpg 300w, https:\/\/noticiasmercedinas.com\/site\/wp-content\/uploads\/2018\/09\/IMG_5671-640x389.jpg 640w\" sizes=\"(max-width: 650px) 100vw, 650px\" alt=\"\">\r\n                            <\/a>\r\n                            \r\n                        <\/figure>\r\n                    <\/div>\r\n                    <div class = \"td-slide-item td-item3\">\r\n                        <figure class=\"td-slide-galery-figure td-slide-popup-gallery\">\r\n                            <a class=\"slide-gallery-image-link\" href=\"https:\/\/noticiasmercedinas.com\/site\/wp-content\/uploads\/2018\/09\/IMG_5674.jpg\" title=\"IMG_5674\"  data-caption=\"\"  data-description=\"\">\r\n                                <img decoding=\"async\" src=\"https:\/\/noticiasmercedinas.com\/site\/wp-content\/uploads\/2018\/09\/IMG_5674.jpg\" srcset=\"https:\/\/noticiasmercedinas.com\/site\/wp-content\/uploads\/2018\/09\/IMG_5674.jpg 650w, https:\/\/noticiasmercedinas.com\/site\/wp-content\/uploads\/2018\/09\/IMG_5674-300x188.jpg 300w, https:\/\/noticiasmercedinas.com\/site\/wp-content\/uploads\/2018\/09\/IMG_5674-640x401.jpg 640w\" sizes=\"(max-width: 650px) 100vw, 650px\" alt=\"\">\r\n                            <\/a>\r\n                            \r\n                        <\/figure>\r\n                    <\/div>\r\n                    <div class = \"td-slide-item td-item4\">\r\n                        <figure class=\"td-slide-galery-figure td-slide-popup-gallery\">\r\n                            <a class=\"slide-gallery-image-link\" href=\"https:\/\/noticiasmercedinas.com\/site\/wp-content\/uploads\/2018\/09\/IMG_5677-1.jpg\" title=\"IMG_5677\"  data-caption=\"\"  data-description=\"\">\r\n                                <img decoding=\"async\" src=\"https:\/\/noticiasmercedinas.com\/site\/wp-content\/uploads\/2018\/09\/IMG_5677-1.jpg\" srcset=\"https:\/\/noticiasmercedinas.com\/site\/wp-content\/uploads\/2018\/09\/IMG_5677-1.jpg 650w, https:\/\/noticiasmercedinas.com\/site\/wp-content\/uploads\/2018\/09\/IMG_5677-1-300x181.jpg 300w, https:\/\/noticiasmercedinas.com\/site\/wp-content\/uploads\/2018\/09\/IMG_5677-1-640x387.jpg 640w\" sizes=\"(max-width: 650px) 100vw, 650px\" alt=\"\">\r\n                            <\/a>\r\n                            \r\n                        <\/figure>\r\n                    <\/div>\r\n                    <div class = \"td-slide-item td-item5\">\r\n                        <figure class=\"td-slide-galery-figure td-slide-popup-gallery\">\r\n                            <a class=\"slide-gallery-image-link\" href=\"https:\/\/noticiasmercedinas.com\/site\/wp-content\/uploads\/2018\/09\/IMG_5691.jpg\" title=\"IMG_5691\"  data-caption=\"\"  data-description=\"\">\r\n                                <img decoding=\"async\" src=\"https:\/\/noticiasmercedinas.com\/site\/wp-content\/uploads\/2018\/09\/IMG_5691.jpg\" srcset=\"https:\/\/noticiasmercedinas.com\/site\/wp-content\/uploads\/2018\/09\/IMG_5691.jpg 650w, https:\/\/noticiasmercedinas.com\/site\/wp-content\/uploads\/2018\/09\/IMG_5691-300x183.jpg 300w, https:\/\/noticiasmercedinas.com\/site\/wp-content\/uploads\/2018\/09\/IMG_5691-640x391.jpg 640w\" sizes=\"(max-width: 650px) 100vw, 650px\" alt=\"\">\r\n                            <\/a>\r\n                            \r\n                        <\/figure>\r\n                    <\/div>\r\n                    <div class = \"td-slide-item td-item6\">\r\n                        <figure class=\"td-slide-galery-figure td-slide-popup-gallery\">\r\n                            <a class=\"slide-gallery-image-link\" href=\"https:\/\/noticiasmercedinas.com\/site\/wp-content\/uploads\/2018\/09\/IMG_5693.jpg\" title=\"IMG_5693\"  data-caption=\"\"  data-description=\"\">\r\n                                <img decoding=\"async\" src=\"https:\/\/noticiasmercedinas.com\/site\/wp-content\/uploads\/2018\/09\/IMG_5693.jpg\" srcset=\"https:\/\/noticiasmercedinas.com\/site\/wp-content\/uploads\/2018\/09\/IMG_5693.jpg 650w, https:\/\/noticiasmercedinas.com\/site\/wp-content\/uploads\/2018\/09\/IMG_5693-300x200.jpg 300w, https:\/\/noticiasmercedinas.com\/site\/wp-content\/uploads\/2018\/09\/IMG_5693-640x426.jpg 640w\" sizes=\"(max-width: 650px) 100vw, 650px\" alt=\"\">\r\n                            <\/a>\r\n                            \r\n                        <\/figure>\r\n                    <\/div>\r\n                    <div class = \"td-slide-item td-item7\">\r\n                        <figure class=\"td-slide-galery-figure td-slide-popup-gallery\">\r\n                            <a class=\"slide-gallery-image-link\" href=\"https:\/\/noticiasmercedinas.com\/site\/wp-content\/uploads\/2018\/09\/IMG_5694.jpg\" title=\"IMG_5694\"  data-caption=\"\"  data-description=\"\">\r\n                                <img decoding=\"async\" src=\"https:\/\/noticiasmercedinas.com\/site\/wp-content\/uploads\/2018\/09\/IMG_5694.jpg\" srcset=\"https:\/\/noticiasmercedinas.com\/site\/wp-content\/uploads\/2018\/09\/IMG_5694.jpg 650w, https:\/\/noticiasmercedinas.com\/site\/wp-content\/uploads\/2018\/09\/IMG_5694-300x187.jpg 300w, https:\/\/noticiasmercedinas.com\/site\/wp-content\/uploads\/2018\/09\/IMG_5694-640x400.jpg 640w\" sizes=\"(max-width: 650px) 100vw, 650px\" alt=\"\">\r\n                            <\/a>\r\n                            \r\n                        <\/figure>\r\n                    <\/div>\r\n                    <div class = \"td-slide-item td-item8\">\r\n                        <figure class=\"td-slide-galery-figure td-slide-popup-gallery\">\r\n                            <a class=\"slide-gallery-image-link\" href=\"https:\/\/noticiasmercedinas.com\/site\/wp-content\/uploads\/2018\/09\/IMG_5698.jpg\" title=\"IMG_5698\"  data-caption=\"\"  data-description=\"\">\r\n                                <img decoding=\"async\" src=\"https:\/\/noticiasmercedinas.com\/site\/wp-content\/uploads\/2018\/09\/IMG_5698.jpg\" srcset=\"https:\/\/noticiasmercedinas.com\/site\/wp-content\/uploads\/2018\/09\/IMG_5698.jpg 650w, https:\/\/noticiasmercedinas.com\/site\/wp-content\/uploads\/2018\/09\/IMG_5698-300x175.jpg 300w, https:\/\/noticiasmercedinas.com\/site\/wp-content\/uploads\/2018\/09\/IMG_5698-640x374.jpg 640w\" sizes=\"(max-width: 650px) 100vw, 650px\" alt=\"\">\r\n                            <\/a>\r\n                            \r\n                        <\/figure>\r\n                    <\/div>\r\n                    <div class = \"td-slide-item td-item9\">\r\n                        <figure class=\"td-slide-galery-figure td-slide-popup-gallery\">\r\n                            <a class=\"slide-gallery-image-link\" href=\"https:\/\/noticiasmercedinas.com\/site\/wp-content\/uploads\/2018\/09\/IMG_5701.jpg\" title=\"IMG_5701\"  data-caption=\"\"  data-description=\"\">\r\n                                <img decoding=\"async\" src=\"https:\/\/noticiasmercedinas.com\/site\/wp-content\/uploads\/2018\/09\/IMG_5701.jpg\" srcset=\"https:\/\/noticiasmercedinas.com\/site\/wp-content\/uploads\/2018\/09\/IMG_5701.jpg 650w, https:\/\/noticiasmercedinas.com\/site\/wp-content\/uploads\/2018\/09\/IMG_5701-300x173.jpg 300w, https:\/\/noticiasmercedinas.com\/site\/wp-content\/uploads\/2018\/09\/IMG_5701-640x369.jpg 640w\" sizes=\"(max-width: 650px) 100vw, 650px\" alt=\"\">\r\n                            <\/a>\r\n                            \r\n                        <\/figure>\r\n                    <\/div>\r\n                    <div class = \"td-slide-item td-item10\">\r\n                        <figure class=\"td-slide-galery-figure td-slide-popup-gallery\">\r\n                            <a class=\"slide-gallery-image-link\" href=\"https:\/\/noticiasmercedinas.com\/site\/wp-content\/uploads\/2018\/09\/IMG_5712.jpg\" title=\"IMG_5712\"  data-caption=\"\"  data-description=\"\">\r\n                                <img decoding=\"async\" src=\"https:\/\/noticiasmercedinas.com\/site\/wp-content\/uploads\/2018\/09\/IMG_5712.jpg\" srcset=\"https:\/\/noticiasmercedinas.com\/site\/wp-content\/uploads\/2018\/09\/IMG_5712.jpg 650w, https:\/\/noticiasmercedinas.com\/site\/wp-content\/uploads\/2018\/09\/IMG_5712-300x191.jpg 300w, https:\/\/noticiasmercedinas.com\/site\/wp-content\/uploads\/2018\/09\/IMG_5712-640x407.jpg 640w\" sizes=\"(max-width: 650px) 100vw, 650px\" alt=\"\">\r\n                            <\/a>\r\n                            \r\n                        <\/figure>\r\n                    <\/div>\r\n                    <div class = \"td-slide-item td-item11\">\r\n                        <figure class=\"td-slide-galery-figure td-slide-popup-gallery\">\r\n                            <a class=\"slide-gallery-image-link\" href=\"https:\/\/noticiasmercedinas.com\/site\/wp-content\/uploads\/2018\/09\/IMG_5713.jpg\" title=\"IMG_5713\"  data-caption=\"\"  data-description=\"\">\r\n                                <img decoding=\"async\" src=\"https:\/\/noticiasmercedinas.com\/site\/wp-content\/uploads\/2018\/09\/IMG_5713.jpg\" srcset=\"https:\/\/noticiasmercedinas.com\/site\/wp-content\/uploads\/2018\/09\/IMG_5713.jpg 650w, https:\/\/noticiasmercedinas.com\/site\/wp-content\/uploads\/2018\/09\/IMG_5713-300x180.jpg 300w, https:\/\/noticiasmercedinas.com\/site\/wp-content\/uploads\/2018\/09\/IMG_5713-640x384.jpg 640w\" sizes=\"(max-width: 650px) 100vw, 650px\" alt=\"\">\r\n                            <\/a>\r\n                            \r\n                        <\/figure>\r\n                    <\/div>\r\n                    <div class = \"td-slide-item td-item12\">\r\n                        <figure class=\"td-slide-galery-figure td-slide-popup-gallery\">\r\n                            <a class=\"slide-gallery-image-link\" href=\"https:\/\/noticiasmercedinas.com\/site\/wp-content\/uploads\/2018\/09\/IMG_5715.jpg\" title=\"IMG_5715\"  data-caption=\"\"  data-description=\"\">\r\n                                <img decoding=\"async\" src=\"https:\/\/noticiasmercedinas.com\/site\/wp-content\/uploads\/2018\/09\/IMG_5715.jpg\" srcset=\"https:\/\/noticiasmercedinas.com\/site\/wp-content\/uploads\/2018\/09\/IMG_5715.jpg 650w, https:\/\/noticiasmercedinas.com\/site\/wp-content\/uploads\/2018\/09\/IMG_5715-300x170.jpg 300w, https:\/\/noticiasmercedinas.com\/site\/wp-content\/uploads\/2018\/09\/IMG_5715-640x362.jpg 640w\" sizes=\"(max-width: 650px) 100vw, 650px\" alt=\"\">\r\n                            <\/a>\r\n                            \r\n                        <\/figure>\r\n                    <\/div>\r\n                            <\/div>\r\n                        <\/div>\r\n\r\n                        <div class = \"td-doubleSlider-2\">\r\n                            <div class = \"td-slider\">\r\n                                \r\n                    <div class = \"td-button td-item1\">\r\n                        <div class = \"td-border\"><\/div>\r\n                    <\/div>\r\n                    <div class = \"td-button td-item2\">\r\n                        <div class = \"td-border\"><\/div>\r\n                    <\/div>\r\n                    <div class = \"td-button td-item3\">\r\n                        <div class = \"td-border\"><\/div>\r\n                    <\/div>\r\n                    <div class = \"td-button td-item4\">\r\n                        <div class = \"td-border\"><\/div>\r\n                    <\/div>\r\n                    <div class = \"td-button td-item5\">\r\n                        <div class = \"td-border\"><\/div>\r\n                    <\/div>\r\n                    <div class = \"td-button td-item6\">\r\n                        <div class = \"td-border\"><\/div>\r\n                    <\/div>\r\n                    <div class = \"td-button td-item7\">\r\n                        <div class = \"td-border\"><\/div>\r\n                    <\/div>\r\n                    <div class = \"td-button td-item8\">\r\n                        <div class = \"td-border\"><\/div>\r\n                    <\/div>\r\n                    <div class = \"td-button td-item9\">\r\n                        <div class = \"td-border\"><\/div>\r\n                    <\/div>\r\n                    <div class = \"td-button td-item10\">\r\n                        <div class = \"td-border\"><\/div>\r\n                    <\/div>\r\n                    <div class = \"td-button td-item11\">\r\n                        <div class = \"td-border\"><\/div>\r\n                    <\/div>\r\n                    <div class = \"td-button td-item12\">\r\n                        <div class = \"td-border\"><\/div>\r\n                    <\/div>\r\n                            <\/div>\r\n                        <\/div>\r\n\r\n                    <\/div>\r\n\r\n                <\/div>\r\n                \n<p>Clar\u00edsimas chances desperdici\u00f3 Ateneo, un gol m\u00e1s le aportar\u00eda cierta tranquilidad al equipo de la \u201cCarbonilla\u201d cuando Pablo Montuori de cabeza llev\u00f3 el tanteador a un 2-0 en 8\u2019 del segundo tiempo. Antes y despu\u00e9s el partido fue entretenido, disputado y con esa sensaci\u00f3n que pod\u00eda achicar la diferencia Ateneo. Aunque en la red nunca pudo capitalizar esa idea, Trocha fue haciendo que se consumiera el tiempo para terminar victorioso y clasificado a la s\u00edguete fase, lo espera Col\u00f3n, la ventaja ya ser\u00e1 para los de Luj\u00e1n que culminaron segundo en su zona. Ser\u00e1 la primera vez que se ver\u00e1n en el a\u00f1os como todos los cruces del fin de semana pr\u00f3ximo.<\/p>\n<p><strong>Trocha 2:<\/strong> Federico Grosso, Facundo Quiroga, Ignacio Brazuna, Emanuel Gonz\u00e1lez, Daniel Mu\u00f1oz, Lucas Biasotti, Emanuel Vel\u00e1zquez, Pablo Montuori, Agust\u00edn Galassi, Marcelo Gonz\u00e1lez y Dar\u00edo Gianaschi. <strong>DT:<\/strong> Juan Ignacio Men\u00e9ndez. <strong>Suplentes:<\/strong> Francisco Bavastro, Ricardo Ojeda y Alejandro Carrera.<br \/>\n<strong>Ateneo de la Juventud 0:<\/strong> Agust\u00edn Ramos, Facundo Otero, Nicol\u00e1s Nava, Joaqu\u00edn Mendiola, Lautaro Torre, Maximiliano Becerra, Nicol\u00e1s P\u00e9rez, Santiago Chen, Angel Pucheta, Ger\u00f3nimo Puricelli y Facundo P\u00e9rez. <strong>DT:<\/strong> Mario Morales. <strong>Suplentes:<\/strong> Manuel Mendiola, Maximiliano Arzani y Jonathan Medina.<br \/>\n<strong>Gol en el PT:<\/strong> A los 35\u2019 Agust\u00edn Galassi para Trocha.<br \/>\n<strong>Gol en el ST:<\/strong> A los 8\u2019 Pablo Montuori para Trocha.<br \/>\n<strong>Cambios:<\/strong> Gonzalo Jaime por Dar\u00edo Gianaschi, Solano Bonamino por Emanuel Vel\u00e1zquez y Julio Pulido por Emanuel Gonz\u00e1lez en Trocha. Santiago Romagnoli por Ger\u00f3nimo Puricelli, Juan Ponce por Maximiliano Becerra y Manuel Bigongiari por Lautaro Torre en Ateneo.<br \/>\n<strong>Arbitro:<\/strong> Eduardo Aguirre (AAM).<br \/>\n<strong>Expulsado:<\/strong> Lucas Biasotti en Trocha.<\/p>\n<p>En Marcos Paz se jug\u00f3 un partido nocturno por primera vez desde que Pabell\u00f3n se afili\u00f3 a la Liga hace m\u00e1s de una d\u00e9cada. Un primer acto sin grandes alternativas dej\u00f3 el marcador en cero, salvando su arco Pablo Fontana en 45\u2019 cuando Gonzalo Castelano de cabeza pretend\u00eda quebrar el cero. Al minuto del segundo tiempo lleg\u00f3 el gol, definici\u00f3n de Juan Paulerena sobre la salida del arquero. A esa altura de la noche la chance de Quilmes se complicaba y mucho m\u00e1s cuando el local gozaba de la ventaja deportiva. Fue victoria de Pabell\u00f3n que el s\u00e1bado visita a Suipacha, la participaci\u00f3n de Quilmes en el Reducido fue escueta y buscar\u00e1 revancha cuando se reanude el certamen.<\/p>\n<p><strong>Pabell\u00f3n Argentino 1:<\/strong> Juan Paulerena.<br \/>\n<strong>Club Quilmes 0<\/strong>.<\/p>\n<p><strong>S\u00e1bado 8 de septiembre<br \/>\nCancha: <\/strong>Liga Mercedina.<br \/>\nA las 17 Club Mercedes vs. AMEFIP San Mart\u00edn,<br \/>\nA las 19.30 Col\u00f3n vs. Trocha o Ateneo.<\/p>\n<p><strong>Cancha: <\/strong>El Front\u00f3n.<br \/>\nEl Front\u00f3n vs. V\u00e9lez.<\/p>\n<p><strong>Domingo 9 de septiembre<br \/>\nCancha: <\/strong>Juventud.<br \/>\nA las 15 Juventud vs. Pabell\u00f3n Argentino.<\/p>\n<p><strong>\u00a0<\/strong><\/p>\n","protected":false},"excerpt":{"rendered":"<p>Los del \u201cMolino\u201d le ganaron 2-0 a Estudiantes y ahora visita a El Front\u00f3n. Frente a rival que se brind\u00f3 el conjunto de la \u201cCarbonilla\u201d se impuso 2-0 y se medir\u00e1 ante Col\u00f3n. En Marcos Paz gan\u00f3 el local 1-0 a Quilmes y ser\u00e1 visitante de Juventud. En la noche del mi\u00e9rcoles 5 continu\u00f3 el [&hellip;]<\/p>\n","protected":false},"author":6,"featured_media":1174,"comment_status":"open","ping_status":"open","sticky":false,"template":"","format":"standard","meta":{"footnotes":""},"categories":[5],"tags":[27,30,347],"class_list":["post-1173","post","type-post","status-publish","format-standard","has-post-thumbnail","hentry","category-deportes","tag-futbol","tag-liga","tag-reducido"],"yoast_head":"<!-- This site is optimized with the Yoast SEO plugin v27.4 - https:\/\/yoast.com\/product\/yoast-seo-wordpress\/ -->\n<title>V\u00e9lez, Trocha y Pabell\u00f3n dieron el paso<\/title>\n<meta name=\"robots\" content=\"index, follow, max-snippet:-1, max-image-preview:large, max-video-preview:-1\" \/>\n<link rel=\"canonical\" href=\"https:\/\/noticiasmercedinas.com\/site\/2018\/09\/06\/velez-trocha-y-pabellon-dieron-el-paso\/\" \/>\n<meta property=\"og:locale\" content=\"es_ES\" \/>\n<meta property=\"og:type\" content=\"article\" \/>\n<meta property=\"og:title\" content=\"V\u00e9lez, Trocha y Pabell\u00f3n dieron el paso\" \/>\n<meta property=\"og:description\" content=\"Los del \u201cMolino\u201d le ganaron 2-0 a Estudiantes y ahora visita a El Front\u00f3n. Frente a rival que se brind\u00f3 el conjunto de la \u201cCarbonilla\u201d se impuso 2-0 y se medir\u00e1 ante Col\u00f3n. En Marcos Paz gan\u00f3 el local 1-0 a Quilmes y ser\u00e1 visitante de Juventud. En la noche del mi\u00e9rcoles 5 continu\u00f3 el [&hellip;]\" \/>\n<meta property=\"og:url\" content=\"https:\/\/noticiasmercedinas.com\/site\/2018\/09\/06\/velez-trocha-y-pabellon-dieron-el-paso\/\" \/>\n<meta property=\"og:site_name\" content=\"NOTICIASMERCEDINAS.COM\" \/>\n<meta property=\"article:publisher\" content=\"https:\/\/www.facebook.com\/noticiasmercedinas\/\" \/>\n<meta property=\"article:published_time\" content=\"2018-09-06T04:35:03+00:00\" \/>\n<meta property=\"og:image\" content=\"https:\/\/noticiasmercedinas.com\/site\/wp-content\/uploads\/2018\/09\/IMG_5677.jpg\" \/>\n\t<meta property=\"og:image:width\" content=\"650\" \/>\n\t<meta property=\"og:image:height\" content=\"393\" \/>\n\t<meta property=\"og:image:type\" content=\"image\/jpeg\" \/>\n<meta name=\"author\" content=\"Juan Dagnino NOTICIASMERCEDINAS.COM\" \/>\n<meta name=\"twitter:card\" content=\"summary_large_image\" \/>\n<meta name=\"twitter:creator\" content=\"@notmercedinas\" \/>\n<meta name=\"twitter:site\" content=\"@notmercedinas\" \/>\n<meta name=\"twitter:label1\" content=\"Escrito por\" \/>\n\t<meta name=\"twitter:data1\" content=\"Juan Dagnino NOTICIASMERCEDINAS.COM\" \/>\n\t<meta name=\"twitter:label2\" content=\"Tiempo de lectura\" \/>\n\t<meta name=\"twitter:data2\" content=\"5 minutos\" \/>\n<script type=\"application\/ld+json\" class=\"yoast-schema-graph\">{\"@context\":\"https:\\\/\\\/schema.org\",\"@graph\":[{\"@type\":\"Article\",\"@id\":\"https:\\\/\\\/noticiasmercedinas.com\\\/site\\\/2018\\\/09\\\/06\\\/velez-trocha-y-pabellon-dieron-el-paso\\\/#article\",\"isPartOf\":{\"@id\":\"https:\\\/\\\/noticiasmercedinas.com\\\/site\\\/2018\\\/09\\\/06\\\/velez-trocha-y-pabellon-dieron-el-paso\\\/\"},\"author\":{\"name\":\"Juan Dagnino NOTICIASMERCEDINAS.COM\",\"@id\":\"https:\\\/\\\/noticiasmercedinas.com\\\/site\\\/#\\\/schema\\\/person\\\/8f2f09d666ef40986eba4a5e6f2a06f9\"},\"headline\":\"V\u00e9lez, Trocha y Pabell\u00f3n dieron el paso\",\"datePublished\":\"2018-09-06T04:35:03+00:00\",\"mainEntityOfPage\":{\"@id\":\"https:\\\/\\\/noticiasmercedinas.com\\\/site\\\/2018\\\/09\\\/06\\\/velez-trocha-y-pabellon-dieron-el-paso\\\/\"},\"wordCount\":1079,\"commentCount\":0,\"publisher\":{\"@id\":\"https:\\\/\\\/noticiasmercedinas.com\\\/site\\\/#organization\"},\"image\":{\"@id\":\"https:\\\/\\\/noticiasmercedinas.com\\\/site\\\/2018\\\/09\\\/06\\\/velez-trocha-y-pabellon-dieron-el-paso\\\/#primaryimage\"},\"thumbnailUrl\":\"https:\\\/\\\/noticiasmercedinas.com\\\/site\\\/wp-content\\\/uploads\\\/2018\\\/09\\\/IMG_5677.jpg\",\"keywords\":[\"futbol\",\"liga\",\"reducido\"],\"articleSection\":[\"Deportes\"],\"inLanguage\":\"es\",\"potentialAction\":[{\"@type\":\"CommentAction\",\"name\":\"Comment\",\"target\":[\"https:\\\/\\\/noticiasmercedinas.com\\\/site\\\/2018\\\/09\\\/06\\\/velez-trocha-y-pabellon-dieron-el-paso\\\/#respond\"]}]},{\"@type\":\"WebPage\",\"@id\":\"https:\\\/\\\/noticiasmercedinas.com\\\/site\\\/2018\\\/09\\\/06\\\/velez-trocha-y-pabellon-dieron-el-paso\\\/\",\"url\":\"https:\\\/\\\/noticiasmercedinas.com\\\/site\\\/2018\\\/09\\\/06\\\/velez-trocha-y-pabellon-dieron-el-paso\\\/\",\"name\":\"V\u00e9lez, Trocha y Pabell\u00f3n dieron el paso\",\"isPartOf\":{\"@id\":\"https:\\\/\\\/noticiasmercedinas.com\\\/site\\\/#website\"},\"primaryImageOfPage\":{\"@id\":\"https:\\\/\\\/noticiasmercedinas.com\\\/site\\\/2018\\\/09\\\/06\\\/velez-trocha-y-pabellon-dieron-el-paso\\\/#primaryimage\"},\"image\":{\"@id\":\"https:\\\/\\\/noticiasmercedinas.com\\\/site\\\/2018\\\/09\\\/06\\\/velez-trocha-y-pabellon-dieron-el-paso\\\/#primaryimage\"},\"thumbnailUrl\":\"https:\\\/\\\/noticiasmercedinas.com\\\/site\\\/wp-content\\\/uploads\\\/2018\\\/09\\\/IMG_5677.jpg\",\"datePublished\":\"2018-09-06T04:35:03+00:00\",\"breadcrumb\":{\"@id\":\"https:\\\/\\\/noticiasmercedinas.com\\\/site\\\/2018\\\/09\\\/06\\\/velez-trocha-y-pabellon-dieron-el-paso\\\/#breadcrumb\"},\"inLanguage\":\"es\",\"potentialAction\":[{\"@type\":\"ReadAction\",\"target\":[\"https:\\\/\\\/noticiasmercedinas.com\\\/site\\\/2018\\\/09\\\/06\\\/velez-trocha-y-pabellon-dieron-el-paso\\\/\"]}]},{\"@type\":\"ImageObject\",\"inLanguage\":\"es\",\"@id\":\"https:\\\/\\\/noticiasmercedinas.com\\\/site\\\/2018\\\/09\\\/06\\\/velez-trocha-y-pabellon-dieron-el-paso\\\/#primaryimage\",\"url\":\"https:\\\/\\\/noticiasmercedinas.com\\\/site\\\/wp-content\\\/uploads\\\/2018\\\/09\\\/IMG_5677.jpg\",\"contentUrl\":\"https:\\\/\\\/noticiasmercedinas.com\\\/site\\\/wp-content\\\/uploads\\\/2018\\\/09\\\/IMG_5677.jpg\",\"width\":650,\"height\":393},{\"@type\":\"BreadcrumbList\",\"@id\":\"https:\\\/\\\/noticiasmercedinas.com\\\/site\\\/2018\\\/09\\\/06\\\/velez-trocha-y-pabellon-dieron-el-paso\\\/#breadcrumb\",\"itemListElement\":[{\"@type\":\"ListItem\",\"position\":1,\"name\":\"Portada\",\"item\":\"https:\\\/\\\/noticiasmercedinas.com\\\/site\\\/\"},{\"@type\":\"ListItem\",\"position\":2,\"name\":\"V\u00e9lez, Trocha y Pabell\u00f3n dieron el paso\"}]},{\"@type\":\"WebSite\",\"@id\":\"https:\\\/\\\/noticiasmercedinas.com\\\/site\\\/#website\",\"url\":\"https:\\\/\\\/noticiasmercedinas.com\\\/site\\\/\",\"name\":\"NOTICIASMERCEDINAS.COM\",\"description\":\"Mercedes, Buenos Aires, Argentina\",\"publisher\":{\"@id\":\"https:\\\/\\\/noticiasmercedinas.com\\\/site\\\/#organization\"},\"potentialAction\":[{\"@type\":\"SearchAction\",\"target\":{\"@type\":\"EntryPoint\",\"urlTemplate\":\"https:\\\/\\\/noticiasmercedinas.com\\\/site\\\/?s={search_term_string}\"},\"query-input\":{\"@type\":\"PropertyValueSpecification\",\"valueRequired\":true,\"valueName\":\"search_term_string\"}}],\"inLanguage\":\"es\"},{\"@type\":\"Organization\",\"@id\":\"https:\\\/\\\/noticiasmercedinas.com\\\/site\\\/#organization\",\"name\":\"NOTICIASMERCEDINAS.COM\",\"url\":\"https:\\\/\\\/noticiasmercedinas.com\\\/site\\\/\",\"logo\":{\"@type\":\"ImageObject\",\"inLanguage\":\"es\",\"@id\":\"https:\\\/\\\/noticiasmercedinas.com\\\/site\\\/#\\\/schema\\\/logo\\\/image\\\/\",\"url\":\"https:\\\/\\\/noticiasmercedinas.com\\\/site\\\/wp-content\\\/uploads\\\/2020\\\/06\\\/LOGO-512.jpg\",\"contentUrl\":\"https:\\\/\\\/noticiasmercedinas.com\\\/site\\\/wp-content\\\/uploads\\\/2020\\\/06\\\/LOGO-512.jpg\",\"width\":512,\"height\":512,\"caption\":\"NOTICIASMERCEDINAS.COM\"},\"image\":{\"@id\":\"https:\\\/\\\/noticiasmercedinas.com\\\/site\\\/#\\\/schema\\\/logo\\\/image\\\/\"},\"sameAs\":[\"https:\\\/\\\/www.facebook.com\\\/noticiasmercedinas\\\/\",\"https:\\\/\\\/x.com\\\/notmercedinas\",\"https:\\\/\\\/www.instagram.com\\\/noticiasmercedinas\\\/\"]},{\"@type\":\"Person\",\"@id\":\"https:\\\/\\\/noticiasmercedinas.com\\\/site\\\/#\\\/schema\\\/person\\\/8f2f09d666ef40986eba4a5e6f2a06f9\",\"name\":\"Juan Dagnino NOTICIASMERCEDINAS.COM\",\"image\":{\"@type\":\"ImageObject\",\"inLanguage\":\"es\",\"@id\":\"https:\\\/\\\/secure.gravatar.com\\\/avatar\\\/fc7059a769f5a3cae65fadb228a3e4accf3a64b4b2305020d0a27e6d5333c91b?s=96&d=mm&r=g\",\"url\":\"https:\\\/\\\/secure.gravatar.com\\\/avatar\\\/fc7059a769f5a3cae65fadb228a3e4accf3a64b4b2305020d0a27e6d5333c91b?s=96&d=mm&r=g\",\"contentUrl\":\"https:\\\/\\\/secure.gravatar.com\\\/avatar\\\/fc7059a769f5a3cae65fadb228a3e4accf3a64b4b2305020d0a27e6d5333c91b?s=96&d=mm&r=g\",\"caption\":\"Juan Dagnino NOTICIASMERCEDINAS.COM\"},\"url\":\"https:\\\/\\\/noticiasmercedinas.com\\\/site\\\/author\\\/juandagnino\\\/\"}]}<\/script>\n<!-- \/ Yoast SEO plugin. -->","yoast_head_json":{"title":"V\u00e9lez, Trocha y Pabell\u00f3n dieron el paso","robots":{"index":"index","follow":"follow","max-snippet":"max-snippet:-1","max-image-preview":"max-image-preview:large","max-video-preview":"max-video-preview:-1"},"canonical":"https:\/\/noticiasmercedinas.com\/site\/2018\/09\/06\/velez-trocha-y-pabellon-dieron-el-paso\/","og_locale":"es_ES","og_type":"article","og_title":"V\u00e9lez, Trocha y Pabell\u00f3n dieron el paso","og_description":"Los del \u201cMolino\u201d le ganaron 2-0 a Estudiantes y ahora visita a El Front\u00f3n. Frente a rival que se brind\u00f3 el conjunto de la \u201cCarbonilla\u201d se impuso 2-0 y se medir\u00e1 ante Col\u00f3n. En Marcos Paz gan\u00f3 el local 1-0 a Quilmes y ser\u00e1 visitante de Juventud. En la noche del mi\u00e9rcoles 5 continu\u00f3 el [&hellip;]","og_url":"https:\/\/noticiasmercedinas.com\/site\/2018\/09\/06\/velez-trocha-y-pabellon-dieron-el-paso\/","og_site_name":"NOTICIASMERCEDINAS.COM","article_publisher":"https:\/\/www.facebook.com\/noticiasmercedinas\/","article_published_time":"2018-09-06T04:35:03+00:00","og_image":[{"width":650,"height":393,"url":"https:\/\/noticiasmercedinas.com\/site\/wp-content\/uploads\/2018\/09\/IMG_5677.jpg","type":"image\/jpeg"}],"author":"Juan Dagnino NOTICIASMERCEDINAS.COM","twitter_card":"summary_large_image","twitter_creator":"@notmercedinas","twitter_site":"@notmercedinas","twitter_misc":{"Escrito por":"Juan Dagnino NOTICIASMERCEDINAS.COM","Tiempo de lectura":"5 minutos"},"schema":{"@context":"https:\/\/schema.org","@graph":[{"@type":"Article","@id":"https:\/\/noticiasmercedinas.com\/site\/2018\/09\/06\/velez-trocha-y-pabellon-dieron-el-paso\/#article","isPartOf":{"@id":"https:\/\/noticiasmercedinas.com\/site\/2018\/09\/06\/velez-trocha-y-pabellon-dieron-el-paso\/"},"author":{"name":"Juan Dagnino NOTICIASMERCEDINAS.COM","@id":"https:\/\/noticiasmercedinas.com\/site\/#\/schema\/person\/8f2f09d666ef40986eba4a5e6f2a06f9"},"headline":"V\u00e9lez, Trocha y Pabell\u00f3n dieron el paso","datePublished":"2018-09-06T04:35:03+00:00","mainEntityOfPage":{"@id":"https:\/\/noticiasmercedinas.com\/site\/2018\/09\/06\/velez-trocha-y-pabellon-dieron-el-paso\/"},"wordCount":1079,"commentCount":0,"publisher":{"@id":"https:\/\/noticiasmercedinas.com\/site\/#organization"},"image":{"@id":"https:\/\/noticiasmercedinas.com\/site\/2018\/09\/06\/velez-trocha-y-pabellon-dieron-el-paso\/#primaryimage"},"thumbnailUrl":"https:\/\/noticiasmercedinas.com\/site\/wp-content\/uploads\/2018\/09\/IMG_5677.jpg","keywords":["futbol","liga","reducido"],"articleSection":["Deportes"],"inLanguage":"es","potentialAction":[{"@type":"CommentAction","name":"Comment","target":["https:\/\/noticiasmercedinas.com\/site\/2018\/09\/06\/velez-trocha-y-pabellon-dieron-el-paso\/#respond"]}]},{"@type":"WebPage","@id":"https:\/\/noticiasmercedinas.com\/site\/2018\/09\/06\/velez-trocha-y-pabellon-dieron-el-paso\/","url":"https:\/\/noticiasmercedinas.com\/site\/2018\/09\/06\/velez-trocha-y-pabellon-dieron-el-paso\/","name":"V\u00e9lez, Trocha y Pabell\u00f3n dieron el paso","isPartOf":{"@id":"https:\/\/noticiasmercedinas.com\/site\/#website"},"primaryImageOfPage":{"@id":"https:\/\/noticiasmercedinas.com\/site\/2018\/09\/06\/velez-trocha-y-pabellon-dieron-el-paso\/#primaryimage"},"image":{"@id":"https:\/\/noticiasmercedinas.com\/site\/2018\/09\/06\/velez-trocha-y-pabellon-dieron-el-paso\/#primaryimage"},"thumbnailUrl":"https:\/\/noticiasmercedinas.com\/site\/wp-content\/uploads\/2018\/09\/IMG_5677.jpg","datePublished":"2018-09-06T04:35:03+00:00","breadcrumb":{"@id":"https:\/\/noticiasmercedinas.com\/site\/2018\/09\/06\/velez-trocha-y-pabellon-dieron-el-paso\/#breadcrumb"},"inLanguage":"es","potentialAction":[{"@type":"ReadAction","target":["https:\/\/noticiasmercedinas.com\/site\/2018\/09\/06\/velez-trocha-y-pabellon-dieron-el-paso\/"]}]},{"@type":"ImageObject","inLanguage":"es","@id":"https:\/\/noticiasmercedinas.com\/site\/2018\/09\/06\/velez-trocha-y-pabellon-dieron-el-paso\/#primaryimage","url":"https:\/\/noticiasmercedinas.com\/site\/wp-content\/uploads\/2018\/09\/IMG_5677.jpg","contentUrl":"https:\/\/noticiasmercedinas.com\/site\/wp-content\/uploads\/2018\/09\/IMG_5677.jpg","width":650,"height":393},{"@type":"BreadcrumbList","@id":"https:\/\/noticiasmercedinas.com\/site\/2018\/09\/06\/velez-trocha-y-pabellon-dieron-el-paso\/#breadcrumb","itemListElement":[{"@type":"ListItem","position":1,"name":"Portada","item":"https:\/\/noticiasmercedinas.com\/site\/"},{"@type":"ListItem","position":2,"name":"V\u00e9lez, Trocha y Pabell\u00f3n dieron el paso"}]},{"@type":"WebSite","@id":"https:\/\/noticiasmercedinas.com\/site\/#website","url":"https:\/\/noticiasmercedinas.com\/site\/","name":"NOTICIASMERCEDINAS.COM","description":"Mercedes, Buenos Aires, Argentina","publisher":{"@id":"https:\/\/noticiasmercedinas.com\/site\/#organization"},"potentialAction":[{"@type":"SearchAction","target":{"@type":"EntryPoint","urlTemplate":"https:\/\/noticiasmercedinas.com\/site\/?s={search_term_string}"},"query-input":{"@type":"PropertyValueSpecification","valueRequired":true,"valueName":"search_term_string"}}],"inLanguage":"es"},{"@type":"Organization","@id":"https:\/\/noticiasmercedinas.com\/site\/#organization","name":"NOTICIASMERCEDINAS.COM","url":"https:\/\/noticiasmercedinas.com\/site\/","logo":{"@type":"ImageObject","inLanguage":"es","@id":"https:\/\/noticiasmercedinas.com\/site\/#\/schema\/logo\/image\/","url":"https:\/\/noticiasmercedinas.com\/site\/wp-content\/uploads\/2020\/06\/LOGO-512.jpg","contentUrl":"https:\/\/noticiasmercedinas.com\/site\/wp-content\/uploads\/2020\/06\/LOGO-512.jpg","width":512,"height":512,"caption":"NOTICIASMERCEDINAS.COM"},"image":{"@id":"https:\/\/noticiasmercedinas.com\/site\/#\/schema\/logo\/image\/"},"sameAs":["https:\/\/www.facebook.com\/noticiasmercedinas\/","https:\/\/x.com\/notmercedinas","https:\/\/www.instagram.com\/noticiasmercedinas\/"]},{"@type":"Person","@id":"https:\/\/noticiasmercedinas.com\/site\/#\/schema\/person\/8f2f09d666ef40986eba4a5e6f2a06f9","name":"Juan Dagnino NOTICIASMERCEDINAS.COM","image":{"@type":"ImageObject","inLanguage":"es","@id":"https:\/\/secure.gravatar.com\/avatar\/fc7059a769f5a3cae65fadb228a3e4accf3a64b4b2305020d0a27e6d5333c91b?s=96&d=mm&r=g","url":"https:\/\/secure.gravatar.com\/avatar\/fc7059a769f5a3cae65fadb228a3e4accf3a64b4b2305020d0a27e6d5333c91b?s=96&d=mm&r=g","contentUrl":"https:\/\/secure.gravatar.com\/avatar\/fc7059a769f5a3cae65fadb228a3e4accf3a64b4b2305020d0a27e6d5333c91b?s=96&d=mm&r=g","caption":"Juan Dagnino NOTICIASMERCEDINAS.COM"},"url":"https:\/\/noticiasmercedinas.com\/site\/author\/juandagnino\/"}]}},"amp_enabled":true,"_links":{"self":[{"href":"https:\/\/noticiasmercedinas.com\/site\/wp-json\/wp\/v2\/posts\/1173","targetHints":{"allow":["GET"]}}],"collection":[{"href":"https:\/\/noticiasmercedinas.com\/site\/wp-json\/wp\/v2\/posts"}],"about":[{"href":"https:\/\/noticiasmercedinas.com\/site\/wp-json\/wp\/v2\/types\/post"}],"author":[{"embeddable":true,"href":"https:\/\/noticiasmercedinas.com\/site\/wp-json\/wp\/v2\/users\/6"}],"replies":[{"embeddable":true,"href":"https:\/\/noticiasmercedinas.com\/site\/wp-json\/wp\/v2\/comments?post=1173"}],"version-history":[{"count":1,"href":"https:\/\/noticiasmercedinas.com\/site\/wp-json\/wp\/v2\/posts\/1173\/revisions"}],"predecessor-version":[{"id":1187,"href":"https:\/\/noticiasmercedinas.com\/site\/wp-json\/wp\/v2\/posts\/1173\/revisions\/1187"}],"wp:featuredmedia":[{"embeddable":true,"href":"https:\/\/noticiasmercedinas.com\/site\/wp-json\/wp\/v2\/media\/1174"}],"wp:attachment":[{"href":"https:\/\/noticiasmercedinas.com\/site\/wp-json\/wp\/v2\/media?parent=1173"}],"wp:term":[{"taxonomy":"category","embeddable":true,"href":"https:\/\/noticiasmercedinas.com\/site\/wp-json\/wp\/v2\/categories?post=1173"},{"taxonomy":"post_tag","embeddable":true,"href":"https:\/\/noticiasmercedinas.com\/site\/wp-json\/wp\/v2\/tags?post=1173"}],"curies":[{"name":"wp","href":"https:\/\/api.w.org\/{rel}","templated":true}]}}