{"id":117352,"date":"2023-06-19T19:57:57","date_gmt":"2023-06-19T22:57:57","guid":{"rendered":"https:\/\/noticiasmercedinas.com\/site\/?p=117352"},"modified":"2023-06-19T19:57:57","modified_gmt":"2023-06-19T22:57:57","slug":"empate-en-cero-en-jose-leon-suarez","status":"publish","type":"post","link":"https:\/\/noticiasmercedinas.com\/site\/2023\/06\/19\/empate-en-cero-en-jose-leon-suarez\/","title":{"rendered":"Empate en cero en Jos\u00e9 Le\u00f3n Su\u00e1rez"},"content":{"rendered":"<figure id=\"attachment_117353\" aria-describedby=\"caption-attachment-117353\" style=\"width: 640px\" class=\"wp-caption alignnone\"><img loading=\"lazy\" decoding=\"async\" class=\"wp-image-117353 size-full\" src=\"https:\/\/noticiasmercedinas.com\/site\/wp-content\/uploads\/2023\/06\/IMG_7201.jpg\" alt=\"\" width=\"640\" height=\"421\" srcset=\"https:\/\/noticiasmercedinas.com\/site\/wp-content\/uploads\/2023\/06\/IMG_7201.jpg 640w, https:\/\/noticiasmercedinas.com\/site\/wp-content\/uploads\/2023\/06\/IMG_7201-300x197.jpg 300w\" sizes=\"auto, (max-width: 640px) 100vw, 640px\" \/><figcaption id=\"caption-attachment-117353\" class=\"wp-caption-text\">Los equipos a la cancha, Mercedes y Ballester.<\/figcaption><\/figure>\n<p>Este lunes, por la tercera fecha de la Primera D, volvi\u00f3 a jugar Club Mercedes y lo hizo en condici\u00f3n de visitante en Jos\u00e9 Le\u00f3n Su\u00e1rez ante Central Ballester, a la vera del Camino del Buen Ayre. Con el clima de cancha aportado por los seguidores del \u201cCasique\u201d el partido no lleg\u00f3 a tener un dominador en los primeros pasajes.<\/p>\n<p>Hasta que los de Viedma apostaron al pelotazo y buscar en el ataque a Rodr\u00edguez, que se top\u00f3 con una defensa que le cerr\u00f3 los caminos. Lo del \u201cBlanquinegro\u201d fue algo m\u00e1s cercano al f\u00fatbol, con la buena labor de Torres y Chaparro para desprenderse bien por la derecha Franco Gatti, arriba tanto Menseguez como Rodr\u00edguez no encontraban espacios con la pelota.<\/p>\n<p>\u201cNacho\u201d se iba lesionado para ingresar Romagnoli por la banda y cambiar el puesto de Gatti. A todo esto, Ballester iba a tener la m\u00e1s clara con Ruiz ante un Boragno que sac\u00f3 la pelota al tiro de esquina. En el arco de enfrente falt\u00f3 claridad y gol termin\u00f3 siendo el gran ausente en la primera mitad del juego.<\/p>\n<p><img loading=\"lazy\" decoding=\"async\" class=\"alignnone size-full wp-image-117354\" src=\"https:\/\/noticiasmercedinas.com\/site\/wp-content\/uploads\/2023\/06\/IMG_7237.jpg\" alt=\"\" width=\"640\" height=\"427\" srcset=\"https:\/\/noticiasmercedinas.com\/site\/wp-content\/uploads\/2023\/06\/IMG_7237.jpg 640w, https:\/\/noticiasmercedinas.com\/site\/wp-content\/uploads\/2023\/06\/IMG_7237-300x200.jpg 300w\" sizes=\"auto, (max-width: 640px) 100vw, 640px\" \/><\/p>\n<p>Sin resultados favorables en el Primer Torneo y apostando a juveniles en el Segundo, el local result\u00f3 ser m\u00e1s conservador. Entonces Mercedes entendi\u00f3 que pod\u00eda generar m\u00e1s, otra vez creci\u00f3 la propuesta de Torres y se amig\u00f3 con la pelota L\u00f3pez. Aunque cerca de la media hora una falta, estando ya amonestado, deriv\u00f3 en expulsi\u00f3n de de Paola.<\/p>\n<p>Con ello se sum\u00f3 Juan Pedro Gatti a la cancha e Illanes tuvo su debut, ese cuarto de hora final el \u201cBlanquinegro\u201d le cerr\u00f3 caminos a Ballester y cuando tuvo la pelota apost\u00f3 a ganar metros. Tuvo una clara con Franco Gatti en un remate que se perdi\u00f3 cruzado, sin m\u00e1s tiempo para f\u00fatbol empataron sin goles en Jos\u00e9 Le\u00f3n Su\u00e1rez, segunda igualdad en el certamen para ambos. \u00a0<strong><\/p>\n<p>Central Ballester 0:<\/strong> Sebasti\u00e1n Alejandro, Lucas Mazieres, Maximiliano Taborda, Tom\u00e1s Echeverr\u00eda, Armando Achucarro, Emanuel Castro, Lucas Mercado, Braian Ruiz, Angel Rodr\u00edguez, Mauro Gim\u00e9nez y Nahuel Brando. <strong>DT:<\/strong> Blas Viedma. <strong>Relevos:<\/strong> Leonel Stuckrath, Lucas Ben\u00edtez y Alex Antero.<\/p>\n<p><strong>Club Mercedes 0:<\/strong> Gonzalo Boragno,\u00a0 Domingo de Paola,\u00a0 Thom\u00e1s Schenone, Alexis Grzesiak, Laureano Torres,\u00a0 Blas De Los Santos,\u00a0 Franco Gatti, Mat\u00edas L\u00f3pez, Nahuel Menseguez, Ignacio Rodr\u00edguez y Tom\u00e1s Chaparro. <strong>DT:<\/strong> Walter D\u00edaz. <strong>Relevos:<\/strong> Rodrigo Nicasio, Santiago Gatti, Genaro S\u00e1nchez Olmos, Rodrigo Scarnatto y El\u00edas Vel\u00e1zquez.<\/p>\n<p><strong>Cambios:<\/strong> Rom\u00e1n Gim\u00e9nez por Taborda, Dilan salas por Brando, Santiago Celaya por Castro y Valent\u00edn Carrizo por Rodr\u00edguez en Central Ballester. Santiago Romagnoli por Rodr\u00edguez, Juan Pedro Gatti por Chaparro, Ismael Ilannes por Menseguez en Club Mercedes.<br \/>\n<strong>Arbitro:<\/strong> Axel Pogge.<\/p>\n<p><img loading=\"lazy\" decoding=\"async\" class=\"alignnone size-full wp-image-117355\" src=\"https:\/\/noticiasmercedinas.com\/site\/wp-content\/uploads\/2023\/06\/IMG_7290.jpg\" alt=\"\" width=\"640\" height=\"412\" srcset=\"https:\/\/noticiasmercedinas.com\/site\/wp-content\/uploads\/2023\/06\/IMG_7290.jpg 640w, https:\/\/noticiasmercedinas.com\/site\/wp-content\/uploads\/2023\/06\/IMG_7290-300x194.jpg 300w\" sizes=\"auto, (max-width: 640px) 100vw, 640px\" \/><br \/>\n<strong><br \/>\nResultados<\/strong><br \/>\n<strong>Deportivo Mu\u00f1iz 1:<\/strong> Juan Ledesma.<br \/>\n<strong>Deportivo Paraguayo 0<\/strong>.<\/p>\n<p><strong>Lugano 2:<\/strong> Mateo Tarrio y Lucas Gonz\u00e1lez.<br \/>\n<strong>Juventud Unida 0<\/strong>.<\/p>\n<p><strong>Sportivo Barracas 0<\/strong>.<br \/>\n<strong>Argentino de Rosario 0<\/strong>.<\/p>\n<p><strong>Pr\u00f3xima fecha<br \/>\nS\u00e1bado 24<br \/>\n<\/strong>A las 15.30 Club Mercedes vs. Sportivo Barracas.<\/p>\n<p><strong>Domingo 25<\/strong><br \/>\nA las Juventud Unida vs. Deportivo Mu\u00f1iz.<br \/>\nA las Deportivo Paraguayo vs. Defensores de Cambaceres.<\/p>\n<p><strong>Lunes 26<\/strong><br \/>\nA las Centro Espa\u00f1ol vs. El Porvenir.<br \/>\nA las Argentino de Rosario vs. Lugano.<br \/>\n<strong>Libre:<\/strong> Ballester.<\/p>\n<p><img loading=\"lazy\" decoding=\"async\" class=\"alignnone size-full wp-image-117356\" src=\"https:\/\/noticiasmercedinas.com\/site\/wp-content\/uploads\/2023\/06\/Primera-D-4.jpg\" alt=\"\" width=\"640\" height=\"366\" srcset=\"https:\/\/noticiasmercedinas.com\/site\/wp-content\/uploads\/2023\/06\/Primera-D-4.jpg 640w, https:\/\/noticiasmercedinas.com\/site\/wp-content\/uploads\/2023\/06\/Primera-D-4-300x172.jpg 300w\" sizes=\"auto, (max-width: 640px) 100vw, 640px\" \/><\/p>\n","protected":false},"excerpt":{"rendered":"<p>\u25a0 Este lunes no se sacaron grandes diferencias Central Ballester y Club Mercedes. Con la expulsi\u00f3n de de Paola la visita se las ingeni\u00f3 para no sufrir en el cierre del partido. Se viene Barracas a la Liga este s\u00e1bado.<\/p>\n","protected":false},"author":6,"featured_media":117353,"comment_status":"closed","ping_status":"closed","sticky":false,"template":"","format":"standard","meta":{"footnotes":""},"categories":[5],"tags":[6424,14559,135,11935],"class_list":["post-117352","post","type-post","status-publish","format-standard","has-post-thumbnail","hentry","category-deportes","tag-afa","tag-central-ballester","tag-club-mercedes","tag-primera-d"],"yoast_head":"<!-- This site is optimized with the Yoast SEO plugin v27.5 - https:\/\/yoast.com\/product\/yoast-seo-wordpress\/ -->\n<title>Empate en cero en Jos\u00e9 Le\u00f3n Su\u00e1rez<\/title>\n<meta name=\"robots\" content=\"index, follow, max-snippet:-1, max-image-preview:large, max-video-preview:-1\" \/>\n<link rel=\"canonical\" href=\"https:\/\/noticiasmercedinas.com\/site\/2023\/06\/19\/empate-en-cero-en-jose-leon-suarez\/\" \/>\n<meta property=\"og:locale\" content=\"es_ES\" \/>\n<meta property=\"og:type\" content=\"article\" \/>\n<meta property=\"og:title\" content=\"Empate en cero en Jos\u00e9 Le\u00f3n Su\u00e1rez\" \/>\n<meta property=\"og:description\" content=\"\u25a0 Este lunes no se sacaron grandes diferencias Central Ballester y Club Mercedes. Con la expulsi\u00f3n de de Paola la visita se las ingeni\u00f3 para no sufrir en el cierre del partido. Se viene Barracas a la Liga este s\u00e1bado.\" \/>\n<meta property=\"og:url\" content=\"https:\/\/noticiasmercedinas.com\/site\/2023\/06\/19\/empate-en-cero-en-jose-leon-suarez\/\" \/>\n<meta property=\"og:site_name\" content=\"NOTICIASMERCEDINAS.COM\" \/>\n<meta property=\"article:publisher\" content=\"https:\/\/www.facebook.com\/noticiasmercedinas\/\" \/>\n<meta property=\"article:published_time\" content=\"2023-06-19T22:57:57+00:00\" \/>\n<meta property=\"og:image\" content=\"https:\/\/noticiasmercedinas.com\/site\/wp-content\/uploads\/2023\/06\/IMG_7201.jpg\" \/>\n\t<meta property=\"og:image:width\" content=\"640\" \/>\n\t<meta property=\"og:image:height\" content=\"421\" \/>\n\t<meta property=\"og:image:type\" content=\"image\/jpeg\" \/>\n<meta name=\"author\" content=\"Juan Dagnino NOTICIASMERCEDINAS.COM\" \/>\n<meta name=\"twitter:card\" content=\"summary_large_image\" \/>\n<meta name=\"twitter:creator\" content=\"@notmercedinas\" \/>\n<meta name=\"twitter:site\" content=\"@notmercedinas\" \/>\n<meta name=\"twitter:label1\" content=\"Escrito por\" \/>\n\t<meta name=\"twitter:data1\" content=\"Juan Dagnino NOTICIASMERCEDINAS.COM\" \/>\n\t<meta name=\"twitter:label2\" content=\"Tiempo de lectura\" \/>\n\t<meta name=\"twitter:data2\" content=\"4 minutos\" \/>\n<script type=\"application\/ld+json\" class=\"yoast-schema-graph\">{\"@context\":\"https:\\\/\\\/schema.org\",\"@graph\":[{\"@type\":\"Article\",\"@id\":\"https:\\\/\\\/noticiasmercedinas.com\\\/site\\\/2023\\\/06\\\/19\\\/empate-en-cero-en-jose-leon-suarez\\\/#article\",\"isPartOf\":{\"@id\":\"https:\\\/\\\/noticiasmercedinas.com\\\/site\\\/2023\\\/06\\\/19\\\/empate-en-cero-en-jose-leon-suarez\\\/\"},\"author\":{\"name\":\"Juan Dagnino NOTICIASMERCEDINAS.COM\",\"@id\":\"https:\\\/\\\/noticiasmercedinas.com\\\/site\\\/#\\\/schema\\\/person\\\/8f2f09d666ef40986eba4a5e6f2a06f9\"},\"headline\":\"Empate en cero en Jos\u00e9 Le\u00f3n Su\u00e1rez\",\"datePublished\":\"2023-06-19T22:57:57+00:00\",\"mainEntityOfPage\":{\"@id\":\"https:\\\/\\\/noticiasmercedinas.com\\\/site\\\/2023\\\/06\\\/19\\\/empate-en-cero-en-jose-leon-suarez\\\/\"},\"wordCount\":557,\"publisher\":{\"@id\":\"https:\\\/\\\/noticiasmercedinas.com\\\/site\\\/#organization\"},\"image\":{\"@id\":\"https:\\\/\\\/noticiasmercedinas.com\\\/site\\\/2023\\\/06\\\/19\\\/empate-en-cero-en-jose-leon-suarez\\\/#primaryimage\"},\"thumbnailUrl\":\"https:\\\/\\\/noticiasmercedinas.com\\\/site\\\/wp-content\\\/uploads\\\/2023\\\/06\\\/IMG_7201.jpg\",\"keywords\":[\"AFA\",\"Central Ballester\",\"club mercedes\",\"Primera D\"],\"articleSection\":[\"Deportes\"],\"inLanguage\":\"es\"},{\"@type\":\"WebPage\",\"@id\":\"https:\\\/\\\/noticiasmercedinas.com\\\/site\\\/2023\\\/06\\\/19\\\/empate-en-cero-en-jose-leon-suarez\\\/\",\"url\":\"https:\\\/\\\/noticiasmercedinas.com\\\/site\\\/2023\\\/06\\\/19\\\/empate-en-cero-en-jose-leon-suarez\\\/\",\"name\":\"Empate en cero en Jos\u00e9 Le\u00f3n Su\u00e1rez\",\"isPartOf\":{\"@id\":\"https:\\\/\\\/noticiasmercedinas.com\\\/site\\\/#website\"},\"primaryImageOfPage\":{\"@id\":\"https:\\\/\\\/noticiasmercedinas.com\\\/site\\\/2023\\\/06\\\/19\\\/empate-en-cero-en-jose-leon-suarez\\\/#primaryimage\"},\"image\":{\"@id\":\"https:\\\/\\\/noticiasmercedinas.com\\\/site\\\/2023\\\/06\\\/19\\\/empate-en-cero-en-jose-leon-suarez\\\/#primaryimage\"},\"thumbnailUrl\":\"https:\\\/\\\/noticiasmercedinas.com\\\/site\\\/wp-content\\\/uploads\\\/2023\\\/06\\\/IMG_7201.jpg\",\"datePublished\":\"2023-06-19T22:57:57+00:00\",\"breadcrumb\":{\"@id\":\"https:\\\/\\\/noticiasmercedinas.com\\\/site\\\/2023\\\/06\\\/19\\\/empate-en-cero-en-jose-leon-suarez\\\/#breadcrumb\"},\"inLanguage\":\"es\",\"potentialAction\":[{\"@type\":\"ReadAction\",\"target\":[\"https:\\\/\\\/noticiasmercedinas.com\\\/site\\\/2023\\\/06\\\/19\\\/empate-en-cero-en-jose-leon-suarez\\\/\"]}]},{\"@type\":\"ImageObject\",\"inLanguage\":\"es\",\"@id\":\"https:\\\/\\\/noticiasmercedinas.com\\\/site\\\/2023\\\/06\\\/19\\\/empate-en-cero-en-jose-leon-suarez\\\/#primaryimage\",\"url\":\"https:\\\/\\\/noticiasmercedinas.com\\\/site\\\/wp-content\\\/uploads\\\/2023\\\/06\\\/IMG_7201.jpg\",\"contentUrl\":\"https:\\\/\\\/noticiasmercedinas.com\\\/site\\\/wp-content\\\/uploads\\\/2023\\\/06\\\/IMG_7201.jpg\",\"width\":640,\"height\":421},{\"@type\":\"BreadcrumbList\",\"@id\":\"https:\\\/\\\/noticiasmercedinas.com\\\/site\\\/2023\\\/06\\\/19\\\/empate-en-cero-en-jose-leon-suarez\\\/#breadcrumb\",\"itemListElement\":[{\"@type\":\"ListItem\",\"position\":1,\"name\":\"Portada\",\"item\":\"https:\\\/\\\/noticiasmercedinas.com\\\/site\\\/\"},{\"@type\":\"ListItem\",\"position\":2,\"name\":\"Empate en cero en Jos\u00e9 Le\u00f3n Su\u00e1rez\"}]},{\"@type\":\"WebSite\",\"@id\":\"https:\\\/\\\/noticiasmercedinas.com\\\/site\\\/#website\",\"url\":\"https:\\\/\\\/noticiasmercedinas.com\\\/site\\\/\",\"name\":\"NOTICIASMERCEDINAS.COM\",\"description\":\"Mercedes, Buenos Aires, Argentina\",\"publisher\":{\"@id\":\"https:\\\/\\\/noticiasmercedinas.com\\\/site\\\/#organization\"},\"potentialAction\":[{\"@type\":\"SearchAction\",\"target\":{\"@type\":\"EntryPoint\",\"urlTemplate\":\"https:\\\/\\\/noticiasmercedinas.com\\\/site\\\/?s={search_term_string}\"},\"query-input\":{\"@type\":\"PropertyValueSpecification\",\"valueRequired\":true,\"valueName\":\"search_term_string\"}}],\"inLanguage\":\"es\"},{\"@type\":\"Organization\",\"@id\":\"https:\\\/\\\/noticiasmercedinas.com\\\/site\\\/#organization\",\"name\":\"NOTICIASMERCEDINAS.COM\",\"url\":\"https:\\\/\\\/noticiasmercedinas.com\\\/site\\\/\",\"logo\":{\"@type\":\"ImageObject\",\"inLanguage\":\"es\",\"@id\":\"https:\\\/\\\/noticiasmercedinas.com\\\/site\\\/#\\\/schema\\\/logo\\\/image\\\/\",\"url\":\"https:\\\/\\\/noticiasmercedinas.com\\\/site\\\/wp-content\\\/uploads\\\/2020\\\/06\\\/LOGO-512.jpg\",\"contentUrl\":\"https:\\\/\\\/noticiasmercedinas.com\\\/site\\\/wp-content\\\/uploads\\\/2020\\\/06\\\/LOGO-512.jpg\",\"width\":512,\"height\":512,\"caption\":\"NOTICIASMERCEDINAS.COM\"},\"image\":{\"@id\":\"https:\\\/\\\/noticiasmercedinas.com\\\/site\\\/#\\\/schema\\\/logo\\\/image\\\/\"},\"sameAs\":[\"https:\\\/\\\/www.facebook.com\\\/noticiasmercedinas\\\/\",\"https:\\\/\\\/x.com\\\/notmercedinas\",\"https:\\\/\\\/www.instagram.com\\\/noticiasmercedinas\\\/\"]},{\"@type\":\"Person\",\"@id\":\"https:\\\/\\\/noticiasmercedinas.com\\\/site\\\/#\\\/schema\\\/person\\\/8f2f09d666ef40986eba4a5e6f2a06f9\",\"name\":\"Juan Dagnino NOTICIASMERCEDINAS.COM\",\"image\":{\"@type\":\"ImageObject\",\"inLanguage\":\"es\",\"@id\":\"https:\\\/\\\/secure.gravatar.com\\\/avatar\\\/fc7059a769f5a3cae65fadb228a3e4accf3a64b4b2305020d0a27e6d5333c91b?s=96&d=mm&r=g\",\"url\":\"https:\\\/\\\/secure.gravatar.com\\\/avatar\\\/fc7059a769f5a3cae65fadb228a3e4accf3a64b4b2305020d0a27e6d5333c91b?s=96&d=mm&r=g\",\"contentUrl\":\"https:\\\/\\\/secure.gravatar.com\\\/avatar\\\/fc7059a769f5a3cae65fadb228a3e4accf3a64b4b2305020d0a27e6d5333c91b?s=96&d=mm&r=g\",\"caption\":\"Juan Dagnino NOTICIASMERCEDINAS.COM\"},\"url\":\"https:\\\/\\\/noticiasmercedinas.com\\\/site\\\/author\\\/juandagnino\\\/\"}]}<\/script>\n<!-- \/ Yoast SEO plugin. -->","yoast_head_json":{"title":"Empate en cero en Jos\u00e9 Le\u00f3n Su\u00e1rez","robots":{"index":"index","follow":"follow","max-snippet":"max-snippet:-1","max-image-preview":"max-image-preview:large","max-video-preview":"max-video-preview:-1"},"canonical":"https:\/\/noticiasmercedinas.com\/site\/2023\/06\/19\/empate-en-cero-en-jose-leon-suarez\/","og_locale":"es_ES","og_type":"article","og_title":"Empate en cero en Jos\u00e9 Le\u00f3n Su\u00e1rez","og_description":"\u25a0 Este lunes no se sacaron grandes diferencias Central Ballester y Club Mercedes. Con la expulsi\u00f3n de de Paola la visita se las ingeni\u00f3 para no sufrir en el cierre del partido. Se viene Barracas a la Liga este s\u00e1bado.","og_url":"https:\/\/noticiasmercedinas.com\/site\/2023\/06\/19\/empate-en-cero-en-jose-leon-suarez\/","og_site_name":"NOTICIASMERCEDINAS.COM","article_publisher":"https:\/\/www.facebook.com\/noticiasmercedinas\/","article_published_time":"2023-06-19T22:57:57+00:00","og_image":[{"width":640,"height":421,"url":"https:\/\/noticiasmercedinas.com\/site\/wp-content\/uploads\/2023\/06\/IMG_7201.jpg","type":"image\/jpeg"}],"author":"Juan Dagnino NOTICIASMERCEDINAS.COM","twitter_card":"summary_large_image","twitter_creator":"@notmercedinas","twitter_site":"@notmercedinas","twitter_misc":{"Escrito por":"Juan Dagnino NOTICIASMERCEDINAS.COM","Tiempo de lectura":"4 minutos"},"schema":{"@context":"https:\/\/schema.org","@graph":[{"@type":"Article","@id":"https:\/\/noticiasmercedinas.com\/site\/2023\/06\/19\/empate-en-cero-en-jose-leon-suarez\/#article","isPartOf":{"@id":"https:\/\/noticiasmercedinas.com\/site\/2023\/06\/19\/empate-en-cero-en-jose-leon-suarez\/"},"author":{"name":"Juan Dagnino NOTICIASMERCEDINAS.COM","@id":"https:\/\/noticiasmercedinas.com\/site\/#\/schema\/person\/8f2f09d666ef40986eba4a5e6f2a06f9"},"headline":"Empate en cero en Jos\u00e9 Le\u00f3n Su\u00e1rez","datePublished":"2023-06-19T22:57:57+00:00","mainEntityOfPage":{"@id":"https:\/\/noticiasmercedinas.com\/site\/2023\/06\/19\/empate-en-cero-en-jose-leon-suarez\/"},"wordCount":557,"publisher":{"@id":"https:\/\/noticiasmercedinas.com\/site\/#organization"},"image":{"@id":"https:\/\/noticiasmercedinas.com\/site\/2023\/06\/19\/empate-en-cero-en-jose-leon-suarez\/#primaryimage"},"thumbnailUrl":"https:\/\/noticiasmercedinas.com\/site\/wp-content\/uploads\/2023\/06\/IMG_7201.jpg","keywords":["AFA","Central Ballester","club mercedes","Primera D"],"articleSection":["Deportes"],"inLanguage":"es"},{"@type":"WebPage","@id":"https:\/\/noticiasmercedinas.com\/site\/2023\/06\/19\/empate-en-cero-en-jose-leon-suarez\/","url":"https:\/\/noticiasmercedinas.com\/site\/2023\/06\/19\/empate-en-cero-en-jose-leon-suarez\/","name":"Empate en cero en Jos\u00e9 Le\u00f3n Su\u00e1rez","isPartOf":{"@id":"https:\/\/noticiasmercedinas.com\/site\/#website"},"primaryImageOfPage":{"@id":"https:\/\/noticiasmercedinas.com\/site\/2023\/06\/19\/empate-en-cero-en-jose-leon-suarez\/#primaryimage"},"image":{"@id":"https:\/\/noticiasmercedinas.com\/site\/2023\/06\/19\/empate-en-cero-en-jose-leon-suarez\/#primaryimage"},"thumbnailUrl":"https:\/\/noticiasmercedinas.com\/site\/wp-content\/uploads\/2023\/06\/IMG_7201.jpg","datePublished":"2023-06-19T22:57:57+00:00","breadcrumb":{"@id":"https:\/\/noticiasmercedinas.com\/site\/2023\/06\/19\/empate-en-cero-en-jose-leon-suarez\/#breadcrumb"},"inLanguage":"es","potentialAction":[{"@type":"ReadAction","target":["https:\/\/noticiasmercedinas.com\/site\/2023\/06\/19\/empate-en-cero-en-jose-leon-suarez\/"]}]},{"@type":"ImageObject","inLanguage":"es","@id":"https:\/\/noticiasmercedinas.com\/site\/2023\/06\/19\/empate-en-cero-en-jose-leon-suarez\/#primaryimage","url":"https:\/\/noticiasmercedinas.com\/site\/wp-content\/uploads\/2023\/06\/IMG_7201.jpg","contentUrl":"https:\/\/noticiasmercedinas.com\/site\/wp-content\/uploads\/2023\/06\/IMG_7201.jpg","width":640,"height":421},{"@type":"BreadcrumbList","@id":"https:\/\/noticiasmercedinas.com\/site\/2023\/06\/19\/empate-en-cero-en-jose-leon-suarez\/#breadcrumb","itemListElement":[{"@type":"ListItem","position":1,"name":"Portada","item":"https:\/\/noticiasmercedinas.com\/site\/"},{"@type":"ListItem","position":2,"name":"Empate en cero en Jos\u00e9 Le\u00f3n Su\u00e1rez"}]},{"@type":"WebSite","@id":"https:\/\/noticiasmercedinas.com\/site\/#website","url":"https:\/\/noticiasmercedinas.com\/site\/","name":"NOTICIASMERCEDINAS.COM","description":"Mercedes, Buenos Aires, Argentina","publisher":{"@id":"https:\/\/noticiasmercedinas.com\/site\/#organization"},"potentialAction":[{"@type":"SearchAction","target":{"@type":"EntryPoint","urlTemplate":"https:\/\/noticiasmercedinas.com\/site\/?s={search_term_string}"},"query-input":{"@type":"PropertyValueSpecification","valueRequired":true,"valueName":"search_term_string"}}],"inLanguage":"es"},{"@type":"Organization","@id":"https:\/\/noticiasmercedinas.com\/site\/#organization","name":"NOTICIASMERCEDINAS.COM","url":"https:\/\/noticiasmercedinas.com\/site\/","logo":{"@type":"ImageObject","inLanguage":"es","@id":"https:\/\/noticiasmercedinas.com\/site\/#\/schema\/logo\/image\/","url":"https:\/\/noticiasmercedinas.com\/site\/wp-content\/uploads\/2020\/06\/LOGO-512.jpg","contentUrl":"https:\/\/noticiasmercedinas.com\/site\/wp-content\/uploads\/2020\/06\/LOGO-512.jpg","width":512,"height":512,"caption":"NOTICIASMERCEDINAS.COM"},"image":{"@id":"https:\/\/noticiasmercedinas.com\/site\/#\/schema\/logo\/image\/"},"sameAs":["https:\/\/www.facebook.com\/noticiasmercedinas\/","https:\/\/x.com\/notmercedinas","https:\/\/www.instagram.com\/noticiasmercedinas\/"]},{"@type":"Person","@id":"https:\/\/noticiasmercedinas.com\/site\/#\/schema\/person\/8f2f09d666ef40986eba4a5e6f2a06f9","name":"Juan Dagnino NOTICIASMERCEDINAS.COM","image":{"@type":"ImageObject","inLanguage":"es","@id":"https:\/\/secure.gravatar.com\/avatar\/fc7059a769f5a3cae65fadb228a3e4accf3a64b4b2305020d0a27e6d5333c91b?s=96&d=mm&r=g","url":"https:\/\/secure.gravatar.com\/avatar\/fc7059a769f5a3cae65fadb228a3e4accf3a64b4b2305020d0a27e6d5333c91b?s=96&d=mm&r=g","contentUrl":"https:\/\/secure.gravatar.com\/avatar\/fc7059a769f5a3cae65fadb228a3e4accf3a64b4b2305020d0a27e6d5333c91b?s=96&d=mm&r=g","caption":"Juan Dagnino NOTICIASMERCEDINAS.COM"},"url":"https:\/\/noticiasmercedinas.com\/site\/author\/juandagnino\/"}]}},"amp_enabled":true,"_links":{"self":[{"href":"https:\/\/noticiasmercedinas.com\/site\/wp-json\/wp\/v2\/posts\/117352","targetHints":{"allow":["GET"]}}],"collection":[{"href":"https:\/\/noticiasmercedinas.com\/site\/wp-json\/wp\/v2\/posts"}],"about":[{"href":"https:\/\/noticiasmercedinas.com\/site\/wp-json\/wp\/v2\/types\/post"}],"author":[{"embeddable":true,"href":"https:\/\/noticiasmercedinas.com\/site\/wp-json\/wp\/v2\/users\/6"}],"replies":[{"embeddable":true,"href":"https:\/\/noticiasmercedinas.com\/site\/wp-json\/wp\/v2\/comments?post=117352"}],"version-history":[{"count":1,"href":"https:\/\/noticiasmercedinas.com\/site\/wp-json\/wp\/v2\/posts\/117352\/revisions"}],"predecessor-version":[{"id":117357,"href":"https:\/\/noticiasmercedinas.com\/site\/wp-json\/wp\/v2\/posts\/117352\/revisions\/117357"}],"wp:featuredmedia":[{"embeddable":true,"href":"https:\/\/noticiasmercedinas.com\/site\/wp-json\/wp\/v2\/media\/117353"}],"wp:attachment":[{"href":"https:\/\/noticiasmercedinas.com\/site\/wp-json\/wp\/v2\/media?parent=117352"}],"wp:term":[{"taxonomy":"category","embeddable":true,"href":"https:\/\/noticiasmercedinas.com\/site\/wp-json\/wp\/v2\/categories?post=117352"},{"taxonomy":"post_tag","embeddable":true,"href":"https:\/\/noticiasmercedinas.com\/site\/wp-json\/wp\/v2\/tags?post=117352"}],"curies":[{"name":"wp","href":"https:\/\/api.w.org\/{rel}","templated":true}]}}