{"id":117429,"date":"2023-06-20T20:35:54","date_gmt":"2023-06-20T23:35:54","guid":{"rendered":"https:\/\/noticiasmercedinas.com\/site\/?p=117429"},"modified":"2023-06-20T20:35:54","modified_gmt":"2023-06-20T23:35:54","slug":"las-chancles-se-renueva-para-ofrecer-una-experiencia-aun-mas-completa-en-eventos-a-partir-de-julio","status":"publish","type":"post","link":"https:\/\/noticiasmercedinas.com\/site\/2023\/06\/20\/las-chancles-se-renueva-para-ofrecer-una-experiencia-aun-mas-completa-en-eventos-a-partir-de-julio\/","title":{"rendered":"\u00abLas Chancles\u00bb se renueva para ofrecer una experiencia a\u00fan m\u00e1s completa en eventos a partir de julio"},"content":{"rendered":"<p><img loading=\"lazy\" decoding=\"async\" class=\"alignnone size-full wp-image-117434\" src=\"https:\/\/noticiasmercedinas.com\/site\/wp-content\/uploads\/2023\/06\/40785f14-0268-467b-8024-d3a0b8272b0a.jpg\" alt=\"\" width=\"1024\" height=\"683\" srcset=\"https:\/\/noticiasmercedinas.com\/site\/wp-content\/uploads\/2023\/06\/40785f14-0268-467b-8024-d3a0b8272b0a.jpg 1024w, https:\/\/noticiasmercedinas.com\/site\/wp-content\/uploads\/2023\/06\/40785f14-0268-467b-8024-d3a0b8272b0a-300x200.jpg 300w, https:\/\/noticiasmercedinas.com\/site\/wp-content\/uploads\/2023\/06\/40785f14-0268-467b-8024-d3a0b8272b0a-768x512.jpg 768w, https:\/\/noticiasmercedinas.com\/site\/wp-content\/uploads\/2023\/06\/40785f14-0268-467b-8024-d3a0b8272b0a-640x427.jpg 640w, https:\/\/noticiasmercedinas.com\/site\/wp-content\/uploads\/2023\/06\/40785f14-0268-467b-8024-d3a0b8272b0a-681x454.jpg 681w\" sizes=\"auto, (max-width: 1024px) 100vw, 1024px\" \/><\/p>\n<p>Desde \u00abLas Chancles\u00bb anunciaron una emocionante novedad para todos sus queridos clientes, seguidores y vecinos en general. Es que despu\u00e9s de casi una d\u00e9cada brindando momentos inolvidables en su querida Chacra, han decidido llevar el espacio de eventos a un siguiente nivel.<\/p>\n<p>En este sentido, anunciaron una nueva alianza estrat\u00e9gica con Costa Eventos, liderado por el reconocido experto en eventos Manucho Costa. A partir del pr\u00f3ximo mes de julio, Manucho y su equipo coordinar\u00e1n y ofrecer\u00e1n un servicio integral en Las Chancles, incluyendo el destacado servicio de Catering.<\/p>\n<p><img loading=\"lazy\" decoding=\"async\" class=\"alignnone size-full wp-image-117435\" src=\"https:\/\/noticiasmercedinas.com\/site\/wp-content\/uploads\/2023\/06\/2cbdfafb-4c63-43f0-b70f-564a93fce5e2.jpg\" alt=\"\" width=\"1024\" height=\"683\" srcset=\"https:\/\/noticiasmercedinas.com\/site\/wp-content\/uploads\/2023\/06\/2cbdfafb-4c63-43f0-b70f-564a93fce5e2.jpg 1024w, https:\/\/noticiasmercedinas.com\/site\/wp-content\/uploads\/2023\/06\/2cbdfafb-4c63-43f0-b70f-564a93fce5e2-300x200.jpg 300w, https:\/\/noticiasmercedinas.com\/site\/wp-content\/uploads\/2023\/06\/2cbdfafb-4c63-43f0-b70f-564a93fce5e2-768x512.jpg 768w, https:\/\/noticiasmercedinas.com\/site\/wp-content\/uploads\/2023\/06\/2cbdfafb-4c63-43f0-b70f-564a93fce5e2-640x427.jpg 640w, https:\/\/noticiasmercedinas.com\/site\/wp-content\/uploads\/2023\/06\/2cbdfafb-4c63-43f0-b70f-564a93fce5e2-681x454.jpg 681w\" sizes=\"auto, (max-width: 1024px) 100vw, 1024px\" \/><\/p>\n<p>Esta asociaci\u00f3n representa mucho m\u00e1s que una simple mejora en las instalaciones. \u00abCon Manucho Costa al frente, estaremos brindando un servicio de excelencia, manteniendo la esencia y calidad que nos ha caracterizado hasta ahora. A partir de julio, podr\u00e1n contar con una agenda coordinada y espacios adaptados para satisfacer todas sus necesidades y hacer de cada evento una experiencia \u00fanica\u00bb, indicaron.<\/p>\n<p>\u00abLos invitamos a seguir formando parte de nuestra historia y a vivir momentos inolvidables en Las Chancles de la mano de Costa Eventos. Estamos entusiasmados por dar este paso junto a ustedes y estamos seguros de que juntos lograremos superar todas las expectativas\u00bb, agregaron<\/p>\n<p>A trav\u00e9s de las redes sociales, se estar\u00e1n compartiendo todas las novedades y actualizaciones que vayan surgiendo durante este emocionante proceso de renovaci\u00f3n. \u00abEsperamos verlos pronto en nuestro espacio renovado, listos para disfrutar de experiencias \u00fanicas e inolvidables. El equipo de Las Chancles y Costa Eventos los espera con los brazos abiertos a partir de julio\u00bb, indicaron.<\/p>\n<p><strong>Tel\u00e9fono 2324-355166<\/strong><br \/>\n<strong>Email <a href=\"mailto:costaeventos2.0@gmail.com\">costaeventos2.0@gmail.com<\/a><\/strong><br \/>\n<strong>INSTAGRAM: <a href=\"https:\/\/www.instagram.com\/costaeventos2.0\/\">costaeventos2.0<\/a><\/strong><\/p>\n<p><img loading=\"lazy\" decoding=\"async\" class=\"alignnone size-full wp-image-117430\" src=\"https:\/\/noticiasmercedinas.com\/site\/wp-content\/uploads\/2023\/06\/c954304c-fc70-4c26-860e-2acd050e9073.jpg\" alt=\"\" width=\"753\" height=\"533\" srcset=\"https:\/\/noticiasmercedinas.com\/site\/wp-content\/uploads\/2023\/06\/c954304c-fc70-4c26-860e-2acd050e9073.jpg 753w, https:\/\/noticiasmercedinas.com\/site\/wp-content\/uploads\/2023\/06\/c954304c-fc70-4c26-860e-2acd050e9073-300x212.jpg 300w, https:\/\/noticiasmercedinas.com\/site\/wp-content\/uploads\/2023\/06\/c954304c-fc70-4c26-860e-2acd050e9073-640x453.jpg 640w, https:\/\/noticiasmercedinas.com\/site\/wp-content\/uploads\/2023\/06\/c954304c-fc70-4c26-860e-2acd050e9073-681x482.jpg 681w\" sizes=\"auto, (max-width: 753px) 100vw, 753px\" \/><\/p>\n<p><img loading=\"lazy\" decoding=\"async\" class=\"alignnone size-full wp-image-117431\" src=\"https:\/\/noticiasmercedinas.com\/site\/wp-content\/uploads\/2023\/06\/95e69343-43b9-4bbb-937f-81dd7070f00f.jpg\" alt=\"\" width=\"1024\" height=\"683\" srcset=\"https:\/\/noticiasmercedinas.com\/site\/wp-content\/uploads\/2023\/06\/95e69343-43b9-4bbb-937f-81dd7070f00f.jpg 1024w, https:\/\/noticiasmercedinas.com\/site\/wp-content\/uploads\/2023\/06\/95e69343-43b9-4bbb-937f-81dd7070f00f-300x200.jpg 300w, https:\/\/noticiasmercedinas.com\/site\/wp-content\/uploads\/2023\/06\/95e69343-43b9-4bbb-937f-81dd7070f00f-768x512.jpg 768w, https:\/\/noticiasmercedinas.com\/site\/wp-content\/uploads\/2023\/06\/95e69343-43b9-4bbb-937f-81dd7070f00f-640x427.jpg 640w, https:\/\/noticiasmercedinas.com\/site\/wp-content\/uploads\/2023\/06\/95e69343-43b9-4bbb-937f-81dd7070f00f-681x454.jpg 681w\" sizes=\"auto, (max-width: 1024px) 100vw, 1024px\" \/> <img loading=\"lazy\" decoding=\"async\" class=\"alignnone size-full wp-image-117433\" src=\"https:\/\/noticiasmercedinas.com\/site\/wp-content\/uploads\/2023\/06\/555fd37e-b947-4659-957c-adc8b210c61f.jpg\" alt=\"\" width=\"1024\" height=\"770\" srcset=\"https:\/\/noticiasmercedinas.com\/site\/wp-content\/uploads\/2023\/06\/555fd37e-b947-4659-957c-adc8b210c61f.jpg 1024w, https:\/\/noticiasmercedinas.com\/site\/wp-content\/uploads\/2023\/06\/555fd37e-b947-4659-957c-adc8b210c61f-300x226.jpg 300w, https:\/\/noticiasmercedinas.com\/site\/wp-content\/uploads\/2023\/06\/555fd37e-b947-4659-957c-adc8b210c61f-768x578.jpg 768w, https:\/\/noticiasmercedinas.com\/site\/wp-content\/uploads\/2023\/06\/555fd37e-b947-4659-957c-adc8b210c61f-80x60.jpg 80w, https:\/\/noticiasmercedinas.com\/site\/wp-content\/uploads\/2023\/06\/555fd37e-b947-4659-957c-adc8b210c61f-160x120.jpg 160w, https:\/\/noticiasmercedinas.com\/site\/wp-content\/uploads\/2023\/06\/555fd37e-b947-4659-957c-adc8b210c61f-100x75.jpg 100w, https:\/\/noticiasmercedinas.com\/site\/wp-content\/uploads\/2023\/06\/555fd37e-b947-4659-957c-adc8b210c61f-200x150.jpg 200w, https:\/\/noticiasmercedinas.com\/site\/wp-content\/uploads\/2023\/06\/555fd37e-b947-4659-957c-adc8b210c61f-180x135.jpg 180w, https:\/\/noticiasmercedinas.com\/site\/wp-content\/uploads\/2023\/06\/555fd37e-b947-4659-957c-adc8b210c61f-360x270.jpg 360w, https:\/\/noticiasmercedinas.com\/site\/wp-content\/uploads\/2023\/06\/555fd37e-b947-4659-957c-adc8b210c61f-238x178.jpg 238w, https:\/\/noticiasmercedinas.com\/site\/wp-content\/uploads\/2023\/06\/555fd37e-b947-4659-957c-adc8b210c61f-640x481.jpg 640w, https:\/\/noticiasmercedinas.com\/site\/wp-content\/uploads\/2023\/06\/555fd37e-b947-4659-957c-adc8b210c61f-681x512.jpg 681w\" sizes=\"auto, (max-width: 1024px) 100vw, 1024px\" \/> <img loading=\"lazy\" decoding=\"async\" class=\"alignnone size-full wp-image-117432\" src=\"https:\/\/noticiasmercedinas.com\/site\/wp-content\/uploads\/2023\/06\/ebd6113f-7281-4171-990d-c5abdbd89907.jpg\" alt=\"\" width=\"1024\" height=\"683\" srcset=\"https:\/\/noticiasmercedinas.com\/site\/wp-content\/uploads\/2023\/06\/ebd6113f-7281-4171-990d-c5abdbd89907.jpg 1024w, https:\/\/noticiasmercedinas.com\/site\/wp-content\/uploads\/2023\/06\/ebd6113f-7281-4171-990d-c5abdbd89907-300x200.jpg 300w, https:\/\/noticiasmercedinas.com\/site\/wp-content\/uploads\/2023\/06\/ebd6113f-7281-4171-990d-c5abdbd89907-768x512.jpg 768w, https:\/\/noticiasmercedinas.com\/site\/wp-content\/uploads\/2023\/06\/ebd6113f-7281-4171-990d-c5abdbd89907-640x427.jpg 640w, https:\/\/noticiasmercedinas.com\/site\/wp-content\/uploads\/2023\/06\/ebd6113f-7281-4171-990d-c5abdbd89907-681x454.jpg 681w\" sizes=\"auto, (max-width: 1024px) 100vw, 1024px\" \/><\/p>\n","protected":false},"excerpt":{"rendered":"<p>\u25a0 Anunciaron una nueva alianza estrat\u00e9gica con Costa Eventos, liderado por el reconocido experto en eventos Manucho Costa.<\/p>\n","protected":false},"author":16,"featured_media":117434,"comment_status":"closed","ping_status":"closed","sticky":false,"template":"","format":"standard","meta":{"footnotes":""},"categories":[74],"tags":[10265,2512,17033,9323,5010],"class_list":["post-117429","post","type-post","status-publish","format-standard","has-post-thumbnail","hentry","category-emprendimientos","tag-eventos","tag-fiestas","tag-las-chancles","tag-manucho-costa","tag-salon"],"yoast_head":"<!-- This site is optimized with the Yoast SEO plugin v27.5 - https:\/\/yoast.com\/product\/yoast-seo-wordpress\/ -->\n<title>&quot;Las Chancles&quot; se renueva para ofrecer una experiencia a\u00fan m\u00e1s completa en eventos a partir de julio<\/title>\n<meta name=\"robots\" content=\"index, follow, max-snippet:-1, max-image-preview:large, max-video-preview:-1\" \/>\n<link rel=\"canonical\" href=\"https:\/\/noticiasmercedinas.com\/site\/2023\/06\/20\/las-chancles-se-renueva-para-ofrecer-una-experiencia-aun-mas-completa-en-eventos-a-partir-de-julio\/\" \/>\n<meta property=\"og:locale\" content=\"es_ES\" \/>\n<meta property=\"og:type\" content=\"article\" \/>\n<meta property=\"og:title\" content=\"&quot;Las Chancles&quot; se renueva para ofrecer una experiencia a\u00fan m\u00e1s completa en eventos a partir de julio\" \/>\n<meta property=\"og:description\" content=\"\u25a0 Anunciaron una nueva alianza estrat\u00e9gica con Costa Eventos, liderado por el reconocido experto en eventos Manucho Costa.\" \/>\n<meta property=\"og:url\" content=\"https:\/\/noticiasmercedinas.com\/site\/2023\/06\/20\/las-chancles-se-renueva-para-ofrecer-una-experiencia-aun-mas-completa-en-eventos-a-partir-de-julio\/\" \/>\n<meta property=\"og:site_name\" content=\"NOTICIASMERCEDINAS.COM\" \/>\n<meta property=\"article:publisher\" content=\"https:\/\/www.facebook.com\/noticiasmercedinas\/\" \/>\n<meta property=\"article:published_time\" content=\"2023-06-20T23:35:54+00:00\" \/>\n<meta property=\"og:image\" content=\"https:\/\/noticiasmercedinas.com\/site\/wp-content\/uploads\/2023\/06\/40785f14-0268-467b-8024-d3a0b8272b0a.jpg\" \/>\n\t<meta property=\"og:image:width\" content=\"1024\" \/>\n\t<meta property=\"og:image:height\" content=\"683\" \/>\n\t<meta property=\"og:image:type\" content=\"image\/jpeg\" \/>\n<meta name=\"author\" content=\"NOTICIASMERCEDINAS.COM\" \/>\n<meta name=\"twitter:card\" content=\"summary_large_image\" \/>\n<meta name=\"twitter:creator\" content=\"@notmercedinas\" \/>\n<meta name=\"twitter:site\" content=\"@notmercedinas\" \/>\n<meta name=\"twitter:label1\" content=\"Escrito por\" \/>\n\t<meta name=\"twitter:data1\" content=\"NOTICIASMERCEDINAS.COM\" \/>\n\t<meta name=\"twitter:label2\" content=\"Tiempo de lectura\" \/>\n\t<meta name=\"twitter:data2\" content=\"3 minutos\" \/>\n<script type=\"application\/ld+json\" class=\"yoast-schema-graph\">{\"@context\":\"https:\\\/\\\/schema.org\",\"@graph\":[{\"@type\":\"Article\",\"@id\":\"https:\\\/\\\/noticiasmercedinas.com\\\/site\\\/2023\\\/06\\\/20\\\/las-chancles-se-renueva-para-ofrecer-una-experiencia-aun-mas-completa-en-eventos-a-partir-de-julio\\\/#article\",\"isPartOf\":{\"@id\":\"https:\\\/\\\/noticiasmercedinas.com\\\/site\\\/2023\\\/06\\\/20\\\/las-chancles-se-renueva-para-ofrecer-una-experiencia-aun-mas-completa-en-eventos-a-partir-de-julio\\\/\"},\"author\":{\"name\":\"NOTICIASMERCEDINAS.COM\",\"@id\":\"https:\\\/\\\/noticiasmercedinas.com\\\/site\\\/#\\\/schema\\\/person\\\/84b59c099c28ff2e8b77d4ceec5d8063\"},\"headline\":\"\u00abLas Chancles\u00bb se renueva para ofrecer una experiencia a\u00fan m\u00e1s completa en eventos a partir de julio\",\"datePublished\":\"2023-06-20T23:35:54+00:00\",\"mainEntityOfPage\":{\"@id\":\"https:\\\/\\\/noticiasmercedinas.com\\\/site\\\/2023\\\/06\\\/20\\\/las-chancles-se-renueva-para-ofrecer-una-experiencia-aun-mas-completa-en-eventos-a-partir-de-julio\\\/\"},\"wordCount\":290,\"publisher\":{\"@id\":\"https:\\\/\\\/noticiasmercedinas.com\\\/site\\\/#organization\"},\"image\":{\"@id\":\"https:\\\/\\\/noticiasmercedinas.com\\\/site\\\/2023\\\/06\\\/20\\\/las-chancles-se-renueva-para-ofrecer-una-experiencia-aun-mas-completa-en-eventos-a-partir-de-julio\\\/#primaryimage\"},\"thumbnailUrl\":\"https:\\\/\\\/noticiasmercedinas.com\\\/site\\\/wp-content\\\/uploads\\\/2023\\\/06\\\/40785f14-0268-467b-8024-d3a0b8272b0a.jpg\",\"keywords\":[\"eventos\",\"fiestas\",\"las chancles\",\"manucho costa\",\"salon\"],\"articleSection\":[\"Emprendimientos\"],\"inLanguage\":\"es\"},{\"@type\":\"WebPage\",\"@id\":\"https:\\\/\\\/noticiasmercedinas.com\\\/site\\\/2023\\\/06\\\/20\\\/las-chancles-se-renueva-para-ofrecer-una-experiencia-aun-mas-completa-en-eventos-a-partir-de-julio\\\/\",\"url\":\"https:\\\/\\\/noticiasmercedinas.com\\\/site\\\/2023\\\/06\\\/20\\\/las-chancles-se-renueva-para-ofrecer-una-experiencia-aun-mas-completa-en-eventos-a-partir-de-julio\\\/\",\"name\":\"\\\"Las Chancles\\\" se renueva para ofrecer una experiencia a\u00fan m\u00e1s completa en eventos a partir de julio\",\"isPartOf\":{\"@id\":\"https:\\\/\\\/noticiasmercedinas.com\\\/site\\\/#website\"},\"primaryImageOfPage\":{\"@id\":\"https:\\\/\\\/noticiasmercedinas.com\\\/site\\\/2023\\\/06\\\/20\\\/las-chancles-se-renueva-para-ofrecer-una-experiencia-aun-mas-completa-en-eventos-a-partir-de-julio\\\/#primaryimage\"},\"image\":{\"@id\":\"https:\\\/\\\/noticiasmercedinas.com\\\/site\\\/2023\\\/06\\\/20\\\/las-chancles-se-renueva-para-ofrecer-una-experiencia-aun-mas-completa-en-eventos-a-partir-de-julio\\\/#primaryimage\"},\"thumbnailUrl\":\"https:\\\/\\\/noticiasmercedinas.com\\\/site\\\/wp-content\\\/uploads\\\/2023\\\/06\\\/40785f14-0268-467b-8024-d3a0b8272b0a.jpg\",\"datePublished\":\"2023-06-20T23:35:54+00:00\",\"breadcrumb\":{\"@id\":\"https:\\\/\\\/noticiasmercedinas.com\\\/site\\\/2023\\\/06\\\/20\\\/las-chancles-se-renueva-para-ofrecer-una-experiencia-aun-mas-completa-en-eventos-a-partir-de-julio\\\/#breadcrumb\"},\"inLanguage\":\"es\",\"potentialAction\":[{\"@type\":\"ReadAction\",\"target\":[\"https:\\\/\\\/noticiasmercedinas.com\\\/site\\\/2023\\\/06\\\/20\\\/las-chancles-se-renueva-para-ofrecer-una-experiencia-aun-mas-completa-en-eventos-a-partir-de-julio\\\/\"]}]},{\"@type\":\"ImageObject\",\"inLanguage\":\"es\",\"@id\":\"https:\\\/\\\/noticiasmercedinas.com\\\/site\\\/2023\\\/06\\\/20\\\/las-chancles-se-renueva-para-ofrecer-una-experiencia-aun-mas-completa-en-eventos-a-partir-de-julio\\\/#primaryimage\",\"url\":\"https:\\\/\\\/noticiasmercedinas.com\\\/site\\\/wp-content\\\/uploads\\\/2023\\\/06\\\/40785f14-0268-467b-8024-d3a0b8272b0a.jpg\",\"contentUrl\":\"https:\\\/\\\/noticiasmercedinas.com\\\/site\\\/wp-content\\\/uploads\\\/2023\\\/06\\\/40785f14-0268-467b-8024-d3a0b8272b0a.jpg\",\"width\":1024,\"height\":683},{\"@type\":\"BreadcrumbList\",\"@id\":\"https:\\\/\\\/noticiasmercedinas.com\\\/site\\\/2023\\\/06\\\/20\\\/las-chancles-se-renueva-para-ofrecer-una-experiencia-aun-mas-completa-en-eventos-a-partir-de-julio\\\/#breadcrumb\",\"itemListElement\":[{\"@type\":\"ListItem\",\"position\":1,\"name\":\"Portada\",\"item\":\"https:\\\/\\\/noticiasmercedinas.com\\\/site\\\/\"},{\"@type\":\"ListItem\",\"position\":2,\"name\":\"\u00abLas Chancles\u00bb se renueva para ofrecer una experiencia a\u00fan m\u00e1s completa en eventos a partir de julio\"}]},{\"@type\":\"WebSite\",\"@id\":\"https:\\\/\\\/noticiasmercedinas.com\\\/site\\\/#website\",\"url\":\"https:\\\/\\\/noticiasmercedinas.com\\\/site\\\/\",\"name\":\"NOTICIASMERCEDINAS.COM\",\"description\":\"Mercedes, Buenos Aires, Argentina\",\"publisher\":{\"@id\":\"https:\\\/\\\/noticiasmercedinas.com\\\/site\\\/#organization\"},\"potentialAction\":[{\"@type\":\"SearchAction\",\"target\":{\"@type\":\"EntryPoint\",\"urlTemplate\":\"https:\\\/\\\/noticiasmercedinas.com\\\/site\\\/?s={search_term_string}\"},\"query-input\":{\"@type\":\"PropertyValueSpecification\",\"valueRequired\":true,\"valueName\":\"search_term_string\"}}],\"inLanguage\":\"es\"},{\"@type\":\"Organization\",\"@id\":\"https:\\\/\\\/noticiasmercedinas.com\\\/site\\\/#organization\",\"name\":\"NOTICIASMERCEDINAS.COM\",\"url\":\"https:\\\/\\\/noticiasmercedinas.com\\\/site\\\/\",\"logo\":{\"@type\":\"ImageObject\",\"inLanguage\":\"es\",\"@id\":\"https:\\\/\\\/noticiasmercedinas.com\\\/site\\\/#\\\/schema\\\/logo\\\/image\\\/\",\"url\":\"https:\\\/\\\/noticiasmercedinas.com\\\/site\\\/wp-content\\\/uploads\\\/2020\\\/06\\\/LOGO-512.jpg\",\"contentUrl\":\"https:\\\/\\\/noticiasmercedinas.com\\\/site\\\/wp-content\\\/uploads\\\/2020\\\/06\\\/LOGO-512.jpg\",\"width\":512,\"height\":512,\"caption\":\"NOTICIASMERCEDINAS.COM\"},\"image\":{\"@id\":\"https:\\\/\\\/noticiasmercedinas.com\\\/site\\\/#\\\/schema\\\/logo\\\/image\\\/\"},\"sameAs\":[\"https:\\\/\\\/www.facebook.com\\\/noticiasmercedinas\\\/\",\"https:\\\/\\\/x.com\\\/notmercedinas\",\"https:\\\/\\\/www.instagram.com\\\/noticiasmercedinas\\\/\"]},{\"@type\":\"Person\",\"@id\":\"https:\\\/\\\/noticiasmercedinas.com\\\/site\\\/#\\\/schema\\\/person\\\/84b59c099c28ff2e8b77d4ceec5d8063\",\"name\":\"NOTICIASMERCEDINAS.COM\",\"image\":{\"@type\":\"ImageObject\",\"inLanguage\":\"es\",\"@id\":\"https:\\\/\\\/secure.gravatar.com\\\/avatar\\\/4dfbf16b4d17945bfb6341b2d19043457132fcf478a5ee04f42e959fd8f5df0a?s=96&d=mm&r=g\",\"url\":\"https:\\\/\\\/secure.gravatar.com\\\/avatar\\\/4dfbf16b4d17945bfb6341b2d19043457132fcf478a5ee04f42e959fd8f5df0a?s=96&d=mm&r=g\",\"contentUrl\":\"https:\\\/\\\/secure.gravatar.com\\\/avatar\\\/4dfbf16b4d17945bfb6341b2d19043457132fcf478a5ee04f42e959fd8f5df0a?s=96&d=mm&r=g\",\"caption\":\"NOTICIASMERCEDINAS.COM\"},\"url\":\"https:\\\/\\\/noticiasmercedinas.com\\\/site\\\/author\\\/anonimo\\\/\"}]}<\/script>\n<!-- \/ Yoast SEO plugin. -->","yoast_head_json":{"title":"\"Las Chancles\" se renueva para ofrecer una experiencia a\u00fan m\u00e1s completa en eventos a partir de julio","robots":{"index":"index","follow":"follow","max-snippet":"max-snippet:-1","max-image-preview":"max-image-preview:large","max-video-preview":"max-video-preview:-1"},"canonical":"https:\/\/noticiasmercedinas.com\/site\/2023\/06\/20\/las-chancles-se-renueva-para-ofrecer-una-experiencia-aun-mas-completa-en-eventos-a-partir-de-julio\/","og_locale":"es_ES","og_type":"article","og_title":"\"Las Chancles\" se renueva para ofrecer una experiencia a\u00fan m\u00e1s completa en eventos a partir de julio","og_description":"\u25a0 Anunciaron una nueva alianza estrat\u00e9gica con Costa Eventos, liderado por el reconocido experto en eventos Manucho Costa.","og_url":"https:\/\/noticiasmercedinas.com\/site\/2023\/06\/20\/las-chancles-se-renueva-para-ofrecer-una-experiencia-aun-mas-completa-en-eventos-a-partir-de-julio\/","og_site_name":"NOTICIASMERCEDINAS.COM","article_publisher":"https:\/\/www.facebook.com\/noticiasmercedinas\/","article_published_time":"2023-06-20T23:35:54+00:00","og_image":[{"width":1024,"height":683,"url":"https:\/\/noticiasmercedinas.com\/site\/wp-content\/uploads\/2023\/06\/40785f14-0268-467b-8024-d3a0b8272b0a.jpg","type":"image\/jpeg"}],"author":"NOTICIASMERCEDINAS.COM","twitter_card":"summary_large_image","twitter_creator":"@notmercedinas","twitter_site":"@notmercedinas","twitter_misc":{"Escrito por":"NOTICIASMERCEDINAS.COM","Tiempo de lectura":"3 minutos"},"schema":{"@context":"https:\/\/schema.org","@graph":[{"@type":"Article","@id":"https:\/\/noticiasmercedinas.com\/site\/2023\/06\/20\/las-chancles-se-renueva-para-ofrecer-una-experiencia-aun-mas-completa-en-eventos-a-partir-de-julio\/#article","isPartOf":{"@id":"https:\/\/noticiasmercedinas.com\/site\/2023\/06\/20\/las-chancles-se-renueva-para-ofrecer-una-experiencia-aun-mas-completa-en-eventos-a-partir-de-julio\/"},"author":{"name":"NOTICIASMERCEDINAS.COM","@id":"https:\/\/noticiasmercedinas.com\/site\/#\/schema\/person\/84b59c099c28ff2e8b77d4ceec5d8063"},"headline":"\u00abLas Chancles\u00bb se renueva para ofrecer una experiencia a\u00fan m\u00e1s completa en eventos a partir de julio","datePublished":"2023-06-20T23:35:54+00:00","mainEntityOfPage":{"@id":"https:\/\/noticiasmercedinas.com\/site\/2023\/06\/20\/las-chancles-se-renueva-para-ofrecer-una-experiencia-aun-mas-completa-en-eventos-a-partir-de-julio\/"},"wordCount":290,"publisher":{"@id":"https:\/\/noticiasmercedinas.com\/site\/#organization"},"image":{"@id":"https:\/\/noticiasmercedinas.com\/site\/2023\/06\/20\/las-chancles-se-renueva-para-ofrecer-una-experiencia-aun-mas-completa-en-eventos-a-partir-de-julio\/#primaryimage"},"thumbnailUrl":"https:\/\/noticiasmercedinas.com\/site\/wp-content\/uploads\/2023\/06\/40785f14-0268-467b-8024-d3a0b8272b0a.jpg","keywords":["eventos","fiestas","las chancles","manucho costa","salon"],"articleSection":["Emprendimientos"],"inLanguage":"es"},{"@type":"WebPage","@id":"https:\/\/noticiasmercedinas.com\/site\/2023\/06\/20\/las-chancles-se-renueva-para-ofrecer-una-experiencia-aun-mas-completa-en-eventos-a-partir-de-julio\/","url":"https:\/\/noticiasmercedinas.com\/site\/2023\/06\/20\/las-chancles-se-renueva-para-ofrecer-una-experiencia-aun-mas-completa-en-eventos-a-partir-de-julio\/","name":"\"Las Chancles\" se renueva para ofrecer una experiencia a\u00fan m\u00e1s completa en eventos a partir de julio","isPartOf":{"@id":"https:\/\/noticiasmercedinas.com\/site\/#website"},"primaryImageOfPage":{"@id":"https:\/\/noticiasmercedinas.com\/site\/2023\/06\/20\/las-chancles-se-renueva-para-ofrecer-una-experiencia-aun-mas-completa-en-eventos-a-partir-de-julio\/#primaryimage"},"image":{"@id":"https:\/\/noticiasmercedinas.com\/site\/2023\/06\/20\/las-chancles-se-renueva-para-ofrecer-una-experiencia-aun-mas-completa-en-eventos-a-partir-de-julio\/#primaryimage"},"thumbnailUrl":"https:\/\/noticiasmercedinas.com\/site\/wp-content\/uploads\/2023\/06\/40785f14-0268-467b-8024-d3a0b8272b0a.jpg","datePublished":"2023-06-20T23:35:54+00:00","breadcrumb":{"@id":"https:\/\/noticiasmercedinas.com\/site\/2023\/06\/20\/las-chancles-se-renueva-para-ofrecer-una-experiencia-aun-mas-completa-en-eventos-a-partir-de-julio\/#breadcrumb"},"inLanguage":"es","potentialAction":[{"@type":"ReadAction","target":["https:\/\/noticiasmercedinas.com\/site\/2023\/06\/20\/las-chancles-se-renueva-para-ofrecer-una-experiencia-aun-mas-completa-en-eventos-a-partir-de-julio\/"]}]},{"@type":"ImageObject","inLanguage":"es","@id":"https:\/\/noticiasmercedinas.com\/site\/2023\/06\/20\/las-chancles-se-renueva-para-ofrecer-una-experiencia-aun-mas-completa-en-eventos-a-partir-de-julio\/#primaryimage","url":"https:\/\/noticiasmercedinas.com\/site\/wp-content\/uploads\/2023\/06\/40785f14-0268-467b-8024-d3a0b8272b0a.jpg","contentUrl":"https:\/\/noticiasmercedinas.com\/site\/wp-content\/uploads\/2023\/06\/40785f14-0268-467b-8024-d3a0b8272b0a.jpg","width":1024,"height":683},{"@type":"BreadcrumbList","@id":"https:\/\/noticiasmercedinas.com\/site\/2023\/06\/20\/las-chancles-se-renueva-para-ofrecer-una-experiencia-aun-mas-completa-en-eventos-a-partir-de-julio\/#breadcrumb","itemListElement":[{"@type":"ListItem","position":1,"name":"Portada","item":"https:\/\/noticiasmercedinas.com\/site\/"},{"@type":"ListItem","position":2,"name":"\u00abLas Chancles\u00bb se renueva para ofrecer una experiencia a\u00fan m\u00e1s completa en eventos a partir de julio"}]},{"@type":"WebSite","@id":"https:\/\/noticiasmercedinas.com\/site\/#website","url":"https:\/\/noticiasmercedinas.com\/site\/","name":"NOTICIASMERCEDINAS.COM","description":"Mercedes, Buenos Aires, Argentina","publisher":{"@id":"https:\/\/noticiasmercedinas.com\/site\/#organization"},"potentialAction":[{"@type":"SearchAction","target":{"@type":"EntryPoint","urlTemplate":"https:\/\/noticiasmercedinas.com\/site\/?s={search_term_string}"},"query-input":{"@type":"PropertyValueSpecification","valueRequired":true,"valueName":"search_term_string"}}],"inLanguage":"es"},{"@type":"Organization","@id":"https:\/\/noticiasmercedinas.com\/site\/#organization","name":"NOTICIASMERCEDINAS.COM","url":"https:\/\/noticiasmercedinas.com\/site\/","logo":{"@type":"ImageObject","inLanguage":"es","@id":"https:\/\/noticiasmercedinas.com\/site\/#\/schema\/logo\/image\/","url":"https:\/\/noticiasmercedinas.com\/site\/wp-content\/uploads\/2020\/06\/LOGO-512.jpg","contentUrl":"https:\/\/noticiasmercedinas.com\/site\/wp-content\/uploads\/2020\/06\/LOGO-512.jpg","width":512,"height":512,"caption":"NOTICIASMERCEDINAS.COM"},"image":{"@id":"https:\/\/noticiasmercedinas.com\/site\/#\/schema\/logo\/image\/"},"sameAs":["https:\/\/www.facebook.com\/noticiasmercedinas\/","https:\/\/x.com\/notmercedinas","https:\/\/www.instagram.com\/noticiasmercedinas\/"]},{"@type":"Person","@id":"https:\/\/noticiasmercedinas.com\/site\/#\/schema\/person\/84b59c099c28ff2e8b77d4ceec5d8063","name":"NOTICIASMERCEDINAS.COM","image":{"@type":"ImageObject","inLanguage":"es","@id":"https:\/\/secure.gravatar.com\/avatar\/4dfbf16b4d17945bfb6341b2d19043457132fcf478a5ee04f42e959fd8f5df0a?s=96&d=mm&r=g","url":"https:\/\/secure.gravatar.com\/avatar\/4dfbf16b4d17945bfb6341b2d19043457132fcf478a5ee04f42e959fd8f5df0a?s=96&d=mm&r=g","contentUrl":"https:\/\/secure.gravatar.com\/avatar\/4dfbf16b4d17945bfb6341b2d19043457132fcf478a5ee04f42e959fd8f5df0a?s=96&d=mm&r=g","caption":"NOTICIASMERCEDINAS.COM"},"url":"https:\/\/noticiasmercedinas.com\/site\/author\/anonimo\/"}]}},"amp_enabled":true,"_links":{"self":[{"href":"https:\/\/noticiasmercedinas.com\/site\/wp-json\/wp\/v2\/posts\/117429","targetHints":{"allow":["GET"]}}],"collection":[{"href":"https:\/\/noticiasmercedinas.com\/site\/wp-json\/wp\/v2\/posts"}],"about":[{"href":"https:\/\/noticiasmercedinas.com\/site\/wp-json\/wp\/v2\/types\/post"}],"author":[{"embeddable":true,"href":"https:\/\/noticiasmercedinas.com\/site\/wp-json\/wp\/v2\/users\/16"}],"replies":[{"embeddable":true,"href":"https:\/\/noticiasmercedinas.com\/site\/wp-json\/wp\/v2\/comments?post=117429"}],"version-history":[{"count":1,"href":"https:\/\/noticiasmercedinas.com\/site\/wp-json\/wp\/v2\/posts\/117429\/revisions"}],"predecessor-version":[{"id":117436,"href":"https:\/\/noticiasmercedinas.com\/site\/wp-json\/wp\/v2\/posts\/117429\/revisions\/117436"}],"wp:featuredmedia":[{"embeddable":true,"href":"https:\/\/noticiasmercedinas.com\/site\/wp-json\/wp\/v2\/media\/117434"}],"wp:attachment":[{"href":"https:\/\/noticiasmercedinas.com\/site\/wp-json\/wp\/v2\/media?parent=117429"}],"wp:term":[{"taxonomy":"category","embeddable":true,"href":"https:\/\/noticiasmercedinas.com\/site\/wp-json\/wp\/v2\/categories?post=117429"},{"taxonomy":"post_tag","embeddable":true,"href":"https:\/\/noticiasmercedinas.com\/site\/wp-json\/wp\/v2\/tags?post=117429"}],"curies":[{"name":"wp","href":"https:\/\/api.w.org\/{rel}","templated":true}]}}