{"id":117615,"date":"2023-06-23T08:11:04","date_gmt":"2023-06-23T11:11:04","guid":{"rendered":"https:\/\/noticiasmercedinas.com\/site\/?p=117615"},"modified":"2023-06-23T08:11:04","modified_gmt":"2023-06-23T11:11:04","slug":"incorporan-un-vehiculo-para-pruebas-de-licencia-y-fortalecer-seguridad-vial","status":"publish","type":"post","link":"https:\/\/noticiasmercedinas.com\/site\/2023\/06\/23\/incorporan-un-vehiculo-para-pruebas-de-licencia-y-fortalecer-seguridad-vial\/","title":{"rendered":"Incorporan un veh\u00edculo para pruebas de licencia y fortalecer seguridad vial"},"content":{"rendered":"<p><img loading=\"lazy\" decoding=\"async\" class=\"alignnone size-full wp-image-117616\" src=\"https:\/\/noticiasmercedinas.com\/site\/wp-content\/uploads\/2023\/06\/Vehiculo-Seguridad.jpg\" alt=\"\" width=\"640\" height=\"444\" srcset=\"https:\/\/noticiasmercedinas.com\/site\/wp-content\/uploads\/2023\/06\/Vehiculo-Seguridad.jpg 640w, https:\/\/noticiasmercedinas.com\/site\/wp-content\/uploads\/2023\/06\/Vehiculo-Seguridad-300x208.jpg 300w\" sizes=\"auto, (max-width: 640px) 100vw, 640px\" \/><\/p>\n<p>La Secretar\u00eda de Seguridad de Mercedes ha implementado una importante medida para fortalecer la seguridad vial y garantizar el cumplimiento de las normas de tr\u00e1nsito. Se ha incorporado un autom\u00f3vil especialmente equipado para que los ciudadanos que realizan las pruebas de manejo para obtener la licencia cuenten con todas las herramientas necesarias.<\/p>\n<p>El intendente <strong>Juan Ignacio Ustarroz<\/strong> destac\u00f3 la importancia de esta iniciativa, afirmando: \u00abUno de nuestros objetivos es siempre mejorar y agilizar el proceso para obtener la licencia de conducir, y esta acci\u00f3n va en ese sentido. Este veh\u00edculo ha sido recuperado y adaptado para que las personas puedan realizar la prueba de manejo directamente en Mart\u00edn Rodr\u00edguez, sin necesidad de traer su propio autom\u00f3vil\u00bb.<\/p>\n<p>Ustarroz tambi\u00e9n aprovech\u00f3 la ocasi\u00f3n para reconocer el trabajo del equipo municipal y para hacer un llamado a la colaboraci\u00f3n de los ciudadanos en cuanto al respeto de las normas de tr\u00e1nsito. \u00abA\u00fan tenemos mucho margen de mejora en materia de tr\u00e1fico en la ciudad, y les pido a todos que sigan colaborando en este aspecto\u00bb, enfatiz\u00f3.<\/p>\n<p>Por su parte, el licenciado <strong>Gonzalo Anselmo<\/strong>, Secretario de Seguridad, resalt\u00f3 que esta iniciativa se enmarca dentro del Mes de la Seguridad Vial, y afirm\u00f3: \u00abContinuamos llevando a cabo acciones para promover la seguridad vial. En este caso, presentamos un nuevo veh\u00edculo especialmente destinado a la obtenci\u00f3n de la licencia de conducir, con la particularidad de contar con doble comando\u00bb.<\/p>\n<p>El objetivo principal de esta implementaci\u00f3n es agilizar el proceso de obtenci\u00f3n de la licencia de conducir, permitiendo a los ciudadanos realizar el examen pr\u00e1ctico sin necesidad de traer su propio veh\u00edculo. \u00abEsto moderniza la toma de ex\u00e1menes, ya que podremos evaluar de manera m\u00e1s precisa a los aspirantes con el doble comando, lo que nos permitir\u00e1 corregir cualquier error desde el pedal adicional que hemos instalado\u00bb, explic\u00f3 <strong>\u00c1ngel Garc\u00eda Visconti<\/strong>, miembro del \u00e1rea de Seguridad Vial.<\/p>\n<p>Con esta nueva medida, el Municipio de Mercedes demuestra su compromiso en la articulaci\u00f3n de pol\u00edticas p\u00fablicas que buscan promover la seguridad vial, la educaci\u00f3n, la prevenci\u00f3n y el cuidado de la vida. Se espera que esta iniciativa contribuya a reducir los accidentes de tr\u00e1nsito y fomentar una mayor conciencia vial entre los conductores de la ciudad.<\/p>\n","protected":false},"excerpt":{"rendered":"<p>\u25a0 El intendente aprovech\u00f3 la ocasi\u00f3n para reconocer el trabajo del equipo municipal y para hacer un llamado a la colaboraci\u00f3n de los ciudadanos en cuanto al respeto de las normas de tr\u00e1nsito<\/p>\n","protected":false},"author":2,"featured_media":117616,"comment_status":"closed","ping_status":"closed","sticky":false,"template":"","format":"standard","meta":{"footnotes":""},"categories":[7],"tags":[3731,7758,266,9243,436],"class_list":["post-117615","post","type-post","status-publish","format-standard","has-post-thumbnail","hentry","category-policiales","tag-angel-garcia-visconti","tag-gonzalo-anselmo","tag-juan-ignacio-ustarroz","tag-licencias-de-conducir","tag-transito"],"yoast_head":"<!-- This site is optimized with the Yoast SEO plugin v27.4 - https:\/\/yoast.com\/product\/yoast-seo-wordpress\/ -->\n<title>Incorporan un veh\u00edculo para pruebas de licencia y fortalecer seguridad vial<\/title>\n<meta name=\"robots\" content=\"index, follow, max-snippet:-1, max-image-preview:large, max-video-preview:-1\" \/>\n<link rel=\"canonical\" href=\"https:\/\/noticiasmercedinas.com\/site\/2023\/06\/23\/incorporan-un-vehiculo-para-pruebas-de-licencia-y-fortalecer-seguridad-vial\/\" \/>\n<meta property=\"og:locale\" content=\"es_ES\" \/>\n<meta property=\"og:type\" content=\"article\" \/>\n<meta property=\"og:title\" content=\"Incorporan un veh\u00edculo para pruebas de licencia y fortalecer seguridad vial\" \/>\n<meta property=\"og:description\" content=\"\u25a0 El intendente aprovech\u00f3 la ocasi\u00f3n para reconocer el trabajo del equipo municipal y para hacer un llamado a la colaboraci\u00f3n de los ciudadanos en cuanto al respeto de las normas de tr\u00e1nsito\" \/>\n<meta property=\"og:url\" content=\"https:\/\/noticiasmercedinas.com\/site\/2023\/06\/23\/incorporan-un-vehiculo-para-pruebas-de-licencia-y-fortalecer-seguridad-vial\/\" \/>\n<meta property=\"og:site_name\" content=\"NOTICIASMERCEDINAS.COM\" \/>\n<meta property=\"article:publisher\" content=\"https:\/\/www.facebook.com\/noticiasmercedinas\/\" \/>\n<meta property=\"article:author\" content=\"https:\/\/www.facebook.com\/cristian.falabella\" \/>\n<meta property=\"article:published_time\" content=\"2023-06-23T11:11:04+00:00\" \/>\n<meta property=\"og:image\" content=\"https:\/\/noticiasmercedinas.com\/site\/wp-content\/uploads\/2023\/06\/Vehiculo-Seguridad.jpg\" \/>\n\t<meta property=\"og:image:width\" content=\"640\" \/>\n\t<meta property=\"og:image:height\" content=\"444\" \/>\n\t<meta property=\"og:image:type\" content=\"image\/jpeg\" \/>\n<meta name=\"author\" content=\"Cristian Falabella NOTICIASMERCEDINAS.COM\" \/>\n<meta name=\"twitter:card\" content=\"summary_large_image\" \/>\n<meta name=\"twitter:creator\" content=\"@https:\/\/twitter.com\/NOTMERCEDINAS\" \/>\n<meta name=\"twitter:site\" content=\"@notmercedinas\" \/>\n<meta name=\"twitter:label1\" content=\"Escrito por\" \/>\n\t<meta name=\"twitter:data1\" content=\"Cristian Falabella NOTICIASMERCEDINAS.COM\" \/>\n\t<meta name=\"twitter:label2\" content=\"Tiempo de lectura\" \/>\n\t<meta name=\"twitter:data2\" content=\"2 minutos\" \/>\n<script type=\"application\/ld+json\" class=\"yoast-schema-graph\">{\"@context\":\"https:\\\/\\\/schema.org\",\"@graph\":[{\"@type\":\"Article\",\"@id\":\"https:\\\/\\\/noticiasmercedinas.com\\\/site\\\/2023\\\/06\\\/23\\\/incorporan-un-vehiculo-para-pruebas-de-licencia-y-fortalecer-seguridad-vial\\\/#article\",\"isPartOf\":{\"@id\":\"https:\\\/\\\/noticiasmercedinas.com\\\/site\\\/2023\\\/06\\\/23\\\/incorporan-un-vehiculo-para-pruebas-de-licencia-y-fortalecer-seguridad-vial\\\/\"},\"author\":{\"name\":\"Cristian Falabella NOTICIASMERCEDINAS.COM\",\"@id\":\"https:\\\/\\\/noticiasmercedinas.com\\\/site\\\/#\\\/schema\\\/person\\\/d481a9696a5feaec13a60e2bbd991a6a\"},\"headline\":\"Incorporan un veh\u00edculo para pruebas de licencia y fortalecer seguridad vial\",\"datePublished\":\"2023-06-23T11:11:04+00:00\",\"mainEntityOfPage\":{\"@id\":\"https:\\\/\\\/noticiasmercedinas.com\\\/site\\\/2023\\\/06\\\/23\\\/incorporan-un-vehiculo-para-pruebas-de-licencia-y-fortalecer-seguridad-vial\\\/\"},\"wordCount\":408,\"publisher\":{\"@id\":\"https:\\\/\\\/noticiasmercedinas.com\\\/site\\\/#organization\"},\"image\":{\"@id\":\"https:\\\/\\\/noticiasmercedinas.com\\\/site\\\/2023\\\/06\\\/23\\\/incorporan-un-vehiculo-para-pruebas-de-licencia-y-fortalecer-seguridad-vial\\\/#primaryimage\"},\"thumbnailUrl\":\"https:\\\/\\\/noticiasmercedinas.com\\\/site\\\/wp-content\\\/uploads\\\/2023\\\/06\\\/Vehiculo-Seguridad.jpg\",\"keywords\":[\"\u00c1ngel Garc\u00eda Visconti\",\"gonzalo anselmo\",\"juan ignacio ustarroz\",\"licencias de conducir\",\"transito\"],\"articleSection\":[\"Seguridad\"],\"inLanguage\":\"es\"},{\"@type\":\"WebPage\",\"@id\":\"https:\\\/\\\/noticiasmercedinas.com\\\/site\\\/2023\\\/06\\\/23\\\/incorporan-un-vehiculo-para-pruebas-de-licencia-y-fortalecer-seguridad-vial\\\/\",\"url\":\"https:\\\/\\\/noticiasmercedinas.com\\\/site\\\/2023\\\/06\\\/23\\\/incorporan-un-vehiculo-para-pruebas-de-licencia-y-fortalecer-seguridad-vial\\\/\",\"name\":\"Incorporan un veh\u00edculo para pruebas de licencia y fortalecer seguridad vial\",\"isPartOf\":{\"@id\":\"https:\\\/\\\/noticiasmercedinas.com\\\/site\\\/#website\"},\"primaryImageOfPage\":{\"@id\":\"https:\\\/\\\/noticiasmercedinas.com\\\/site\\\/2023\\\/06\\\/23\\\/incorporan-un-vehiculo-para-pruebas-de-licencia-y-fortalecer-seguridad-vial\\\/#primaryimage\"},\"image\":{\"@id\":\"https:\\\/\\\/noticiasmercedinas.com\\\/site\\\/2023\\\/06\\\/23\\\/incorporan-un-vehiculo-para-pruebas-de-licencia-y-fortalecer-seguridad-vial\\\/#primaryimage\"},\"thumbnailUrl\":\"https:\\\/\\\/noticiasmercedinas.com\\\/site\\\/wp-content\\\/uploads\\\/2023\\\/06\\\/Vehiculo-Seguridad.jpg\",\"datePublished\":\"2023-06-23T11:11:04+00:00\",\"breadcrumb\":{\"@id\":\"https:\\\/\\\/noticiasmercedinas.com\\\/site\\\/2023\\\/06\\\/23\\\/incorporan-un-vehiculo-para-pruebas-de-licencia-y-fortalecer-seguridad-vial\\\/#breadcrumb\"},\"inLanguage\":\"es\",\"potentialAction\":[{\"@type\":\"ReadAction\",\"target\":[\"https:\\\/\\\/noticiasmercedinas.com\\\/site\\\/2023\\\/06\\\/23\\\/incorporan-un-vehiculo-para-pruebas-de-licencia-y-fortalecer-seguridad-vial\\\/\"]}]},{\"@type\":\"ImageObject\",\"inLanguage\":\"es\",\"@id\":\"https:\\\/\\\/noticiasmercedinas.com\\\/site\\\/2023\\\/06\\\/23\\\/incorporan-un-vehiculo-para-pruebas-de-licencia-y-fortalecer-seguridad-vial\\\/#primaryimage\",\"url\":\"https:\\\/\\\/noticiasmercedinas.com\\\/site\\\/wp-content\\\/uploads\\\/2023\\\/06\\\/Vehiculo-Seguridad.jpg\",\"contentUrl\":\"https:\\\/\\\/noticiasmercedinas.com\\\/site\\\/wp-content\\\/uploads\\\/2023\\\/06\\\/Vehiculo-Seguridad.jpg\",\"width\":640,\"height\":444},{\"@type\":\"BreadcrumbList\",\"@id\":\"https:\\\/\\\/noticiasmercedinas.com\\\/site\\\/2023\\\/06\\\/23\\\/incorporan-un-vehiculo-para-pruebas-de-licencia-y-fortalecer-seguridad-vial\\\/#breadcrumb\",\"itemListElement\":[{\"@type\":\"ListItem\",\"position\":1,\"name\":\"Portada\",\"item\":\"https:\\\/\\\/noticiasmercedinas.com\\\/site\\\/\"},{\"@type\":\"ListItem\",\"position\":2,\"name\":\"Incorporan un veh\u00edculo para pruebas de licencia y fortalecer seguridad vial\"}]},{\"@type\":\"WebSite\",\"@id\":\"https:\\\/\\\/noticiasmercedinas.com\\\/site\\\/#website\",\"url\":\"https:\\\/\\\/noticiasmercedinas.com\\\/site\\\/\",\"name\":\"NOTICIASMERCEDINAS.COM\",\"description\":\"Mercedes, Buenos Aires, Argentina\",\"publisher\":{\"@id\":\"https:\\\/\\\/noticiasmercedinas.com\\\/site\\\/#organization\"},\"potentialAction\":[{\"@type\":\"SearchAction\",\"target\":{\"@type\":\"EntryPoint\",\"urlTemplate\":\"https:\\\/\\\/noticiasmercedinas.com\\\/site\\\/?s={search_term_string}\"},\"query-input\":{\"@type\":\"PropertyValueSpecification\",\"valueRequired\":true,\"valueName\":\"search_term_string\"}}],\"inLanguage\":\"es\"},{\"@type\":\"Organization\",\"@id\":\"https:\\\/\\\/noticiasmercedinas.com\\\/site\\\/#organization\",\"name\":\"NOTICIASMERCEDINAS.COM\",\"url\":\"https:\\\/\\\/noticiasmercedinas.com\\\/site\\\/\",\"logo\":{\"@type\":\"ImageObject\",\"inLanguage\":\"es\",\"@id\":\"https:\\\/\\\/noticiasmercedinas.com\\\/site\\\/#\\\/schema\\\/logo\\\/image\\\/\",\"url\":\"https:\\\/\\\/noticiasmercedinas.com\\\/site\\\/wp-content\\\/uploads\\\/2020\\\/06\\\/LOGO-512.jpg\",\"contentUrl\":\"https:\\\/\\\/noticiasmercedinas.com\\\/site\\\/wp-content\\\/uploads\\\/2020\\\/06\\\/LOGO-512.jpg\",\"width\":512,\"height\":512,\"caption\":\"NOTICIASMERCEDINAS.COM\"},\"image\":{\"@id\":\"https:\\\/\\\/noticiasmercedinas.com\\\/site\\\/#\\\/schema\\\/logo\\\/image\\\/\"},\"sameAs\":[\"https:\\\/\\\/www.facebook.com\\\/noticiasmercedinas\\\/\",\"https:\\\/\\\/x.com\\\/notmercedinas\",\"https:\\\/\\\/www.instagram.com\\\/noticiasmercedinas\\\/\"]},{\"@type\":\"Person\",\"@id\":\"https:\\\/\\\/noticiasmercedinas.com\\\/site\\\/#\\\/schema\\\/person\\\/d481a9696a5feaec13a60e2bbd991a6a\",\"name\":\"Cristian Falabella NOTICIASMERCEDINAS.COM\",\"image\":{\"@type\":\"ImageObject\",\"inLanguage\":\"es\",\"@id\":\"https:\\\/\\\/secure.gravatar.com\\\/avatar\\\/0dbbfc45970cc46bcd0e57766228574ff3511d6eed045b182f536f0f478c1f06?s=96&d=mm&r=g\",\"url\":\"https:\\\/\\\/secure.gravatar.com\\\/avatar\\\/0dbbfc45970cc46bcd0e57766228574ff3511d6eed045b182f536f0f478c1f06?s=96&d=mm&r=g\",\"contentUrl\":\"https:\\\/\\\/secure.gravatar.com\\\/avatar\\\/0dbbfc45970cc46bcd0e57766228574ff3511d6eed045b182f536f0f478c1f06?s=96&d=mm&r=g\",\"caption\":\"Cristian Falabella NOTICIASMERCEDINAS.COM\"},\"description\":\"Periodista, editor de Noticias Mercedinas. Pas\u00f3 por varias redacciones y emprendimientos de prensa, en distintos formatos y \u00e9pocas. Se especializ\u00f3 --y sigue haci\u00e9ndolo-- en comunicaci\u00f3n en la web y en junio de 2006 fund\u00f3 este diario digital.\",\"sameAs\":[\"https:\\\/\\\/noticiasmercedinas.com\",\"https:\\\/\\\/www.facebook.com\\\/cristian.falabella\",\"https:\\\/\\\/www.instagram.com\\\/noticiasmercedinas\\\/\",\"https:\\\/\\\/x.com\\\/https:\\\/\\\/twitter.com\\\/NOTMERCEDINAS\"],\"url\":\"https:\\\/\\\/noticiasmercedinas.com\\\/site\\\/author\\\/as000384\\\/\"}]}<\/script>\n<!-- \/ Yoast SEO plugin. -->","yoast_head_json":{"title":"Incorporan un veh\u00edculo para pruebas de licencia y fortalecer seguridad vial","robots":{"index":"index","follow":"follow","max-snippet":"max-snippet:-1","max-image-preview":"max-image-preview:large","max-video-preview":"max-video-preview:-1"},"canonical":"https:\/\/noticiasmercedinas.com\/site\/2023\/06\/23\/incorporan-un-vehiculo-para-pruebas-de-licencia-y-fortalecer-seguridad-vial\/","og_locale":"es_ES","og_type":"article","og_title":"Incorporan un veh\u00edculo para pruebas de licencia y fortalecer seguridad vial","og_description":"\u25a0 El intendente aprovech\u00f3 la ocasi\u00f3n para reconocer el trabajo del equipo municipal y para hacer un llamado a la colaboraci\u00f3n de los ciudadanos en cuanto al respeto de las normas de tr\u00e1nsito","og_url":"https:\/\/noticiasmercedinas.com\/site\/2023\/06\/23\/incorporan-un-vehiculo-para-pruebas-de-licencia-y-fortalecer-seguridad-vial\/","og_site_name":"NOTICIASMERCEDINAS.COM","article_publisher":"https:\/\/www.facebook.com\/noticiasmercedinas\/","article_author":"https:\/\/www.facebook.com\/cristian.falabella","article_published_time":"2023-06-23T11:11:04+00:00","og_image":[{"width":640,"height":444,"url":"https:\/\/noticiasmercedinas.com\/site\/wp-content\/uploads\/2023\/06\/Vehiculo-Seguridad.jpg","type":"image\/jpeg"}],"author":"Cristian Falabella NOTICIASMERCEDINAS.COM","twitter_card":"summary_large_image","twitter_creator":"@https:\/\/twitter.com\/NOTMERCEDINAS","twitter_site":"@notmercedinas","twitter_misc":{"Escrito por":"Cristian Falabella NOTICIASMERCEDINAS.COM","Tiempo de lectura":"2 minutos"},"schema":{"@context":"https:\/\/schema.org","@graph":[{"@type":"Article","@id":"https:\/\/noticiasmercedinas.com\/site\/2023\/06\/23\/incorporan-un-vehiculo-para-pruebas-de-licencia-y-fortalecer-seguridad-vial\/#article","isPartOf":{"@id":"https:\/\/noticiasmercedinas.com\/site\/2023\/06\/23\/incorporan-un-vehiculo-para-pruebas-de-licencia-y-fortalecer-seguridad-vial\/"},"author":{"name":"Cristian Falabella NOTICIASMERCEDINAS.COM","@id":"https:\/\/noticiasmercedinas.com\/site\/#\/schema\/person\/d481a9696a5feaec13a60e2bbd991a6a"},"headline":"Incorporan un veh\u00edculo para pruebas de licencia y fortalecer seguridad vial","datePublished":"2023-06-23T11:11:04+00:00","mainEntityOfPage":{"@id":"https:\/\/noticiasmercedinas.com\/site\/2023\/06\/23\/incorporan-un-vehiculo-para-pruebas-de-licencia-y-fortalecer-seguridad-vial\/"},"wordCount":408,"publisher":{"@id":"https:\/\/noticiasmercedinas.com\/site\/#organization"},"image":{"@id":"https:\/\/noticiasmercedinas.com\/site\/2023\/06\/23\/incorporan-un-vehiculo-para-pruebas-de-licencia-y-fortalecer-seguridad-vial\/#primaryimage"},"thumbnailUrl":"https:\/\/noticiasmercedinas.com\/site\/wp-content\/uploads\/2023\/06\/Vehiculo-Seguridad.jpg","keywords":["\u00c1ngel Garc\u00eda Visconti","gonzalo anselmo","juan ignacio ustarroz","licencias de conducir","transito"],"articleSection":["Seguridad"],"inLanguage":"es"},{"@type":"WebPage","@id":"https:\/\/noticiasmercedinas.com\/site\/2023\/06\/23\/incorporan-un-vehiculo-para-pruebas-de-licencia-y-fortalecer-seguridad-vial\/","url":"https:\/\/noticiasmercedinas.com\/site\/2023\/06\/23\/incorporan-un-vehiculo-para-pruebas-de-licencia-y-fortalecer-seguridad-vial\/","name":"Incorporan un veh\u00edculo para pruebas de licencia y fortalecer seguridad vial","isPartOf":{"@id":"https:\/\/noticiasmercedinas.com\/site\/#website"},"primaryImageOfPage":{"@id":"https:\/\/noticiasmercedinas.com\/site\/2023\/06\/23\/incorporan-un-vehiculo-para-pruebas-de-licencia-y-fortalecer-seguridad-vial\/#primaryimage"},"image":{"@id":"https:\/\/noticiasmercedinas.com\/site\/2023\/06\/23\/incorporan-un-vehiculo-para-pruebas-de-licencia-y-fortalecer-seguridad-vial\/#primaryimage"},"thumbnailUrl":"https:\/\/noticiasmercedinas.com\/site\/wp-content\/uploads\/2023\/06\/Vehiculo-Seguridad.jpg","datePublished":"2023-06-23T11:11:04+00:00","breadcrumb":{"@id":"https:\/\/noticiasmercedinas.com\/site\/2023\/06\/23\/incorporan-un-vehiculo-para-pruebas-de-licencia-y-fortalecer-seguridad-vial\/#breadcrumb"},"inLanguage":"es","potentialAction":[{"@type":"ReadAction","target":["https:\/\/noticiasmercedinas.com\/site\/2023\/06\/23\/incorporan-un-vehiculo-para-pruebas-de-licencia-y-fortalecer-seguridad-vial\/"]}]},{"@type":"ImageObject","inLanguage":"es","@id":"https:\/\/noticiasmercedinas.com\/site\/2023\/06\/23\/incorporan-un-vehiculo-para-pruebas-de-licencia-y-fortalecer-seguridad-vial\/#primaryimage","url":"https:\/\/noticiasmercedinas.com\/site\/wp-content\/uploads\/2023\/06\/Vehiculo-Seguridad.jpg","contentUrl":"https:\/\/noticiasmercedinas.com\/site\/wp-content\/uploads\/2023\/06\/Vehiculo-Seguridad.jpg","width":640,"height":444},{"@type":"BreadcrumbList","@id":"https:\/\/noticiasmercedinas.com\/site\/2023\/06\/23\/incorporan-un-vehiculo-para-pruebas-de-licencia-y-fortalecer-seguridad-vial\/#breadcrumb","itemListElement":[{"@type":"ListItem","position":1,"name":"Portada","item":"https:\/\/noticiasmercedinas.com\/site\/"},{"@type":"ListItem","position":2,"name":"Incorporan un veh\u00edculo para pruebas de licencia y fortalecer seguridad vial"}]},{"@type":"WebSite","@id":"https:\/\/noticiasmercedinas.com\/site\/#website","url":"https:\/\/noticiasmercedinas.com\/site\/","name":"NOTICIASMERCEDINAS.COM","description":"Mercedes, Buenos Aires, Argentina","publisher":{"@id":"https:\/\/noticiasmercedinas.com\/site\/#organization"},"potentialAction":[{"@type":"SearchAction","target":{"@type":"EntryPoint","urlTemplate":"https:\/\/noticiasmercedinas.com\/site\/?s={search_term_string}"},"query-input":{"@type":"PropertyValueSpecification","valueRequired":true,"valueName":"search_term_string"}}],"inLanguage":"es"},{"@type":"Organization","@id":"https:\/\/noticiasmercedinas.com\/site\/#organization","name":"NOTICIASMERCEDINAS.COM","url":"https:\/\/noticiasmercedinas.com\/site\/","logo":{"@type":"ImageObject","inLanguage":"es","@id":"https:\/\/noticiasmercedinas.com\/site\/#\/schema\/logo\/image\/","url":"https:\/\/noticiasmercedinas.com\/site\/wp-content\/uploads\/2020\/06\/LOGO-512.jpg","contentUrl":"https:\/\/noticiasmercedinas.com\/site\/wp-content\/uploads\/2020\/06\/LOGO-512.jpg","width":512,"height":512,"caption":"NOTICIASMERCEDINAS.COM"},"image":{"@id":"https:\/\/noticiasmercedinas.com\/site\/#\/schema\/logo\/image\/"},"sameAs":["https:\/\/www.facebook.com\/noticiasmercedinas\/","https:\/\/x.com\/notmercedinas","https:\/\/www.instagram.com\/noticiasmercedinas\/"]},{"@type":"Person","@id":"https:\/\/noticiasmercedinas.com\/site\/#\/schema\/person\/d481a9696a5feaec13a60e2bbd991a6a","name":"Cristian Falabella NOTICIASMERCEDINAS.COM","image":{"@type":"ImageObject","inLanguage":"es","@id":"https:\/\/secure.gravatar.com\/avatar\/0dbbfc45970cc46bcd0e57766228574ff3511d6eed045b182f536f0f478c1f06?s=96&d=mm&r=g","url":"https:\/\/secure.gravatar.com\/avatar\/0dbbfc45970cc46bcd0e57766228574ff3511d6eed045b182f536f0f478c1f06?s=96&d=mm&r=g","contentUrl":"https:\/\/secure.gravatar.com\/avatar\/0dbbfc45970cc46bcd0e57766228574ff3511d6eed045b182f536f0f478c1f06?s=96&d=mm&r=g","caption":"Cristian Falabella NOTICIASMERCEDINAS.COM"},"description":"Periodista, editor de Noticias Mercedinas. Pas\u00f3 por varias redacciones y emprendimientos de prensa, en distintos formatos y \u00e9pocas. Se especializ\u00f3 --y sigue haci\u00e9ndolo-- en comunicaci\u00f3n en la web y en junio de 2006 fund\u00f3 este diario digital.","sameAs":["https:\/\/noticiasmercedinas.com","https:\/\/www.facebook.com\/cristian.falabella","https:\/\/www.instagram.com\/noticiasmercedinas\/","https:\/\/x.com\/https:\/\/twitter.com\/NOTMERCEDINAS"],"url":"https:\/\/noticiasmercedinas.com\/site\/author\/as000384\/"}]}},"amp_enabled":true,"_links":{"self":[{"href":"https:\/\/noticiasmercedinas.com\/site\/wp-json\/wp\/v2\/posts\/117615","targetHints":{"allow":["GET"]}}],"collection":[{"href":"https:\/\/noticiasmercedinas.com\/site\/wp-json\/wp\/v2\/posts"}],"about":[{"href":"https:\/\/noticiasmercedinas.com\/site\/wp-json\/wp\/v2\/types\/post"}],"author":[{"embeddable":true,"href":"https:\/\/noticiasmercedinas.com\/site\/wp-json\/wp\/v2\/users\/2"}],"replies":[{"embeddable":true,"href":"https:\/\/noticiasmercedinas.com\/site\/wp-json\/wp\/v2\/comments?post=117615"}],"version-history":[{"count":1,"href":"https:\/\/noticiasmercedinas.com\/site\/wp-json\/wp\/v2\/posts\/117615\/revisions"}],"predecessor-version":[{"id":117617,"href":"https:\/\/noticiasmercedinas.com\/site\/wp-json\/wp\/v2\/posts\/117615\/revisions\/117617"}],"wp:featuredmedia":[{"embeddable":true,"href":"https:\/\/noticiasmercedinas.com\/site\/wp-json\/wp\/v2\/media\/117616"}],"wp:attachment":[{"href":"https:\/\/noticiasmercedinas.com\/site\/wp-json\/wp\/v2\/media?parent=117615"}],"wp:term":[{"taxonomy":"category","embeddable":true,"href":"https:\/\/noticiasmercedinas.com\/site\/wp-json\/wp\/v2\/categories?post=117615"},{"taxonomy":"post_tag","embeddable":true,"href":"https:\/\/noticiasmercedinas.com\/site\/wp-json\/wp\/v2\/tags?post=117615"}],"curies":[{"name":"wp","href":"https:\/\/api.w.org\/{rel}","templated":true}]}}