{"id":117762,"date":"2023-06-24T20:08:57","date_gmt":"2023-06-24T23:08:57","guid":{"rendered":"https:\/\/noticiasmercedinas.com\/site\/?p=117762"},"modified":"2023-06-24T22:26:38","modified_gmt":"2023-06-25T01:26:38","slug":"sin-goles-pero-con-actitud","status":"publish","type":"post","link":"https:\/\/noticiasmercedinas.com\/site\/2023\/06\/24\/sin-goles-pero-con-actitud\/","title":{"rendered":"Sin goles pero con actitud"},"content":{"rendered":"<figure id=\"attachment_117763\" aria-describedby=\"caption-attachment-117763\" style=\"width: 640px\" class=\"wp-caption alignnone\"><img loading=\"lazy\" decoding=\"async\" class=\"wp-image-117763 size-full\" src=\"https:\/\/noticiasmercedinas.com\/site\/wp-content\/uploads\/2023\/06\/IMG_7480.jpg\" alt=\"\" width=\"640\" height=\"427\" srcset=\"https:\/\/noticiasmercedinas.com\/site\/wp-content\/uploads\/2023\/06\/IMG_7480.jpg 640w, https:\/\/noticiasmercedinas.com\/site\/wp-content\/uploads\/2023\/06\/IMG_7480-300x200.jpg 300w\" sizes=\"auto, (max-width: 640px) 100vw, 640px\" \/><figcaption id=\"caption-attachment-117763\" class=\"wp-caption-text\">Franco Gatti aguanta la pelota ante Cristian Su\u00e1rez.<\/figcaption><\/figure>\n<p>Este s\u00e1bado 24 por la fecha 4 de la Primera D, quedando libre Central Ballester, jugaron en H\u00e9roes de Malvinas y 64 los equipos de Club Mercedes y Sportivo Barracas. Un tradicional partido de la categor\u00eda, con los de Colucci apostando a al pelotazo y con ello tuvieron poco \u00e9xito en el \u00e1rea mercedina. La propuesta de los locales se mostr\u00f3 m\u00e1s ordenada, con la defensa cerrando caminos y en la zona media el aporte de Torres e Illanes m\u00e1s lo de Chaparro por momentos y el juego ofensivo de L\u00f3pez dejaron abierta la esperanza.<\/p>\n<p>Arriba quedaron Menseguez y Gatti para luchar por la posesi\u00f3n y buscar el hueco para tener el arco como mira, esto no fue tarea sencilla, Barracas apel\u00f3 a la marca y en la recuperaci\u00f3n el inmediato pelotazo. Quedar\u00eda un agarr\u00f3n en el \u00e1rea al \u201cRayo\u201d que Maglio no marc\u00f3, un claro penal, para morirse la primera parte sin goles. Con lo que iba a quedar por delante Mercedes no se rindi\u00f3, aunque le falt\u00f3 gol, el rival pretendi\u00f3 hacer correr el tiempo y llevarse en definitiva un punto de la Liga, el primero desde que Mercedes juega en al D.<\/p>\n<p>Antes hab\u00edan sido dos victorias del \u201cBlanquinegro\u201d, en l\u00edneas generales el empate estuvo bien, aunque la carencia de gol es algo que empieza a notarse en Mercedes que en tres partidos jugados no pudo convertir, aunque lo positivo es que no recibi\u00f3 goles. En la pr\u00f3xima fecha visita a Lugano en Tapiales, un rival que esta tarde perdi\u00f3 en Rosario 4 a 2 luego de estar 0-2 arriba. Hoy el p\u00fablico acompa\u00f1\u00f3 pese a la desapacible tarde, la llegada al ascenso de AFA empieza a contagiar a los hinchas.<\/p>\n<p><img loading=\"lazy\" decoding=\"async\" class=\"alignnone size-full wp-image-117764\" src=\"https:\/\/noticiasmercedinas.com\/site\/wp-content\/uploads\/2023\/06\/IMG_7490.jpg\" alt=\"\" width=\"640\" height=\"427\" srcset=\"https:\/\/noticiasmercedinas.com\/site\/wp-content\/uploads\/2023\/06\/IMG_7490.jpg 640w, https:\/\/noticiasmercedinas.com\/site\/wp-content\/uploads\/2023\/06\/IMG_7490-300x200.jpg 300w\" sizes=\"auto, (max-width: 640px) 100vw, 640px\" \/><br \/>\n<strong><br \/>\nClub Mercedes 0:<\/strong> Gonzalo Boragno, Alexis Grzesiak, Blas De Los Santos, Juan Pedro Gatti, Thom\u00e1s Schenone, Laureano Torres, Ismael Illanes, Tom\u00e1s Chaparro, Mat\u00edas L\u00f3pez, Nahuel Menseguez y Franco Gatti. <strong>DT:<\/strong> Walter D\u00edaz. <strong>Suplentes:<\/strong> Rodrigo Nicasio, Juan Culio, Alexis S\u00e1nchez Olmos, Rodrigo Scarnatto.<\/p>\n<p><strong>Sportivo Barracas 0:<\/strong> Mat\u00edas Balderrama, Juan Rodr\u00edguez, Norberto Kulich, Cristian Su\u00e1rez, Metheus Rodrigue, Mauricio Bermejo, Lucas Leal, Carlos B\u00e1ez, Lautaro Ferro, Ramiro Franco y Pedro Alfonso. <strong>DT:<\/strong> Sergio Colucci. <strong>Suplentes:<\/strong> Maximiliano Mart\u00ednez y Dylan Rosales.<\/p>\n<p><strong>Cambios en el ST:<\/strong> A los 24\u2019 Franco cruz por Chaparro y El\u00edas Vel\u00e1zquez por Menseguez en Club Mercedes. A los 28\u2019 Nazareno Vidal por Ferro, Facundo Sarmiento por Su\u00e1rez y Rom\u00e1n Elsegood por Alfonso y a los 32\u2019 Guido Sotelo por B\u00e1ez en Sportivo Barracas.<br \/>\n<strong>Amonestados:<\/strong> Kulich, Rodrigue, Rodr\u00edguez en Sportivo Barracas. L\u00f3pez en Club Mercedes.<br \/>\n<strong>Arbitro:<\/strong> Ramiro Maglio.<\/p>\n<p><strong>Resultado<\/strong><br \/>\n<strong>Argentino (Rosario) 4:<\/strong> Mateo Yaszczuk 2, Gast\u00f3n Fern\u00e1ndez de penal y Alexis Schmidt.<br \/>\n<strong>Lugano 2:<\/strong> Maximiliano Levrand en contra y Pablo Vielma.<\/p>\n<p><strong>Domingo 25<br \/>\nCancha:<\/strong> Malvinas Argentinas.<br \/>\nA las 15.30 Juventud Unida vs. Mu\u00f1iz.<br \/>\n<strong>\u00c1rbitro:<\/strong> Joaqu\u00edn Rodr\u00edguez.<\/p>\n<p><strong>Cancha:<\/strong> Lugano.<br \/>\nA las 15.30 Deportivo Paraguayo vs. Defensores de Cambaceres.<br \/>\n<strong>\u00c1rbitro:<\/strong> Laura Fortunato.<\/p>\n<p><strong>Lunes 26<br \/>\nCancha:<\/strong> Ituzaing\u00f3.<br \/>\nA las 15.30 Centro Espa\u00f1ol vs. El Porvenir.<br \/>\n<strong>\u00c1rbitro:<\/strong> Nicol\u00e1s Jara.<\/p>\n<p><img loading=\"lazy\" decoding=\"async\" class=\"alignnone size-full wp-image-117765\" src=\"https:\/\/noticiasmercedinas.com\/site\/wp-content\/uploads\/2023\/06\/IMG_7483.jpg\" alt=\"\" width=\"640\" height=\"435\" srcset=\"https:\/\/noticiasmercedinas.com\/site\/wp-content\/uploads\/2023\/06\/IMG_7483.jpg 640w, https:\/\/noticiasmercedinas.com\/site\/wp-content\/uploads\/2023\/06\/IMG_7483-300x204.jpg 300w\" sizes=\"auto, (max-width: 640px) 100vw, 640px\" \/><br \/>\n<strong><br \/>\nPr\u00f3xima fecha<\/strong><br \/>\nS\u00e1bado 1<br \/>\nA las 15.30 El Porvenir vs. Deportivo Paraguayo.<\/p>\n<p>Domingo 3<br \/>\nA las15.30 \u00a0Defensores de Cambaceres vs. Juventud Unida.<br \/>\nA las 15.30 Lugano vs. Club Mercedes.<\/p>\n<p>Lunes 3<br \/>\nA las 15.30 Sportivo Barracas vs. Central Ballester.<br \/>\nA las 15.30 Deportivo Mu\u00f1iz vs. Argentino de Rosario.<br \/>\n<strong>Libre:<\/strong> Centro Espa\u00f1ol.<\/p>\n<p><img loading=\"lazy\" decoding=\"async\" class=\"alignnone size-full wp-image-117787\" src=\"https:\/\/noticiasmercedinas.com\/site\/wp-content\/uploads\/2023\/06\/Primera-Ds.jpg\" alt=\"\" width=\"640\" height=\"364\" srcset=\"https:\/\/noticiasmercedinas.com\/site\/wp-content\/uploads\/2023\/06\/Primera-Ds.jpg 640w, https:\/\/noticiasmercedinas.com\/site\/wp-content\/uploads\/2023\/06\/Primera-Ds-300x171.jpg 300w\" sizes=\"auto, (max-width: 640px) 100vw, 640px\" \/><\/p>\n","protected":false},"excerpt":{"rendered":"<p>\u25a0 Club Mercedes y Sportivo Barracas igualaron sin goles en la Liga. Sin poder quebrar el cero el esfuerzo lo hizo el local que apost\u00f3 a un mejor trato de bal\u00f3n contra el abuso del pelotazo en el \u201cArrabalero\u201d.<\/p>\n","protected":false},"author":6,"featured_media":117763,"comment_status":"closed","ping_status":"closed","sticky":false,"template":"","format":"standard","meta":{"footnotes":""},"categories":[5],"tags":[6424,135,11935,14810],"class_list":["post-117762","post","type-post","status-publish","format-standard","has-post-thumbnail","hentry","category-deportes","tag-afa","tag-club-mercedes","tag-primera-d","tag-sportivo-barracas"],"yoast_head":"<!-- This site is optimized with the Yoast SEO plugin v27.5 - https:\/\/yoast.com\/product\/yoast-seo-wordpress\/ -->\n<title>Sin goles pero con actitud<\/title>\n<meta name=\"robots\" content=\"index, follow, max-snippet:-1, max-image-preview:large, max-video-preview:-1\" \/>\n<link rel=\"canonical\" href=\"https:\/\/noticiasmercedinas.com\/site\/2023\/06\/24\/sin-goles-pero-con-actitud\/\" \/>\n<meta property=\"og:locale\" content=\"es_ES\" \/>\n<meta property=\"og:type\" content=\"article\" \/>\n<meta property=\"og:title\" content=\"Sin goles pero con actitud\" \/>\n<meta property=\"og:description\" content=\"\u25a0 Club Mercedes y Sportivo Barracas igualaron sin goles en la Liga. Sin poder quebrar el cero el esfuerzo lo hizo el local que apost\u00f3 a un mejor trato de bal\u00f3n contra el abuso del pelotazo en el \u201cArrabalero\u201d.\" \/>\n<meta property=\"og:url\" content=\"https:\/\/noticiasmercedinas.com\/site\/2023\/06\/24\/sin-goles-pero-con-actitud\/\" \/>\n<meta property=\"og:site_name\" content=\"NOTICIASMERCEDINAS.COM\" \/>\n<meta property=\"article:publisher\" content=\"https:\/\/www.facebook.com\/noticiasmercedinas\/\" \/>\n<meta property=\"article:published_time\" content=\"2023-06-24T23:08:57+00:00\" \/>\n<meta property=\"article:modified_time\" content=\"2023-06-25T01:26:38+00:00\" \/>\n<meta property=\"og:image\" content=\"https:\/\/noticiasmercedinas.com\/site\/wp-content\/uploads\/2023\/06\/IMG_7480.jpg\" \/>\n\t<meta property=\"og:image:width\" content=\"640\" \/>\n\t<meta property=\"og:image:height\" content=\"427\" \/>\n\t<meta property=\"og:image:type\" content=\"image\/jpeg\" \/>\n<meta name=\"author\" content=\"Juan Dagnino NOTICIASMERCEDINAS.COM\" \/>\n<meta name=\"twitter:card\" content=\"summary_large_image\" \/>\n<meta name=\"twitter:creator\" content=\"@notmercedinas\" \/>\n<meta name=\"twitter:site\" content=\"@notmercedinas\" \/>\n<meta name=\"twitter:label1\" content=\"Escrito por\" \/>\n\t<meta name=\"twitter:data1\" content=\"Juan Dagnino NOTICIASMERCEDINAS.COM\" \/>\n\t<meta name=\"twitter:label2\" content=\"Tiempo de lectura\" \/>\n\t<meta name=\"twitter:data2\" content=\"4 minutos\" \/>\n<script type=\"application\/ld+json\" class=\"yoast-schema-graph\">{\"@context\":\"https:\\\/\\\/schema.org\",\"@graph\":[{\"@type\":\"Article\",\"@id\":\"https:\\\/\\\/noticiasmercedinas.com\\\/site\\\/2023\\\/06\\\/24\\\/sin-goles-pero-con-actitud\\\/#article\",\"isPartOf\":{\"@id\":\"https:\\\/\\\/noticiasmercedinas.com\\\/site\\\/2023\\\/06\\\/24\\\/sin-goles-pero-con-actitud\\\/\"},\"author\":{\"name\":\"Juan Dagnino NOTICIASMERCEDINAS.COM\",\"@id\":\"https:\\\/\\\/noticiasmercedinas.com\\\/site\\\/#\\\/schema\\\/person\\\/8f2f09d666ef40986eba4a5e6f2a06f9\"},\"headline\":\"Sin goles pero con actitud\",\"datePublished\":\"2023-06-24T23:08:57+00:00\",\"dateModified\":\"2023-06-25T01:26:38+00:00\",\"mainEntityOfPage\":{\"@id\":\"https:\\\/\\\/noticiasmercedinas.com\\\/site\\\/2023\\\/06\\\/24\\\/sin-goles-pero-con-actitud\\\/\"},\"wordCount\":578,\"publisher\":{\"@id\":\"https:\\\/\\\/noticiasmercedinas.com\\\/site\\\/#organization\"},\"image\":{\"@id\":\"https:\\\/\\\/noticiasmercedinas.com\\\/site\\\/2023\\\/06\\\/24\\\/sin-goles-pero-con-actitud\\\/#primaryimage\"},\"thumbnailUrl\":\"https:\\\/\\\/noticiasmercedinas.com\\\/site\\\/wp-content\\\/uploads\\\/2023\\\/06\\\/IMG_7480.jpg\",\"keywords\":[\"AFA\",\"club mercedes\",\"Primera D\",\"Sportivo Barracas\"],\"articleSection\":[\"Deportes\"],\"inLanguage\":\"es\"},{\"@type\":\"WebPage\",\"@id\":\"https:\\\/\\\/noticiasmercedinas.com\\\/site\\\/2023\\\/06\\\/24\\\/sin-goles-pero-con-actitud\\\/\",\"url\":\"https:\\\/\\\/noticiasmercedinas.com\\\/site\\\/2023\\\/06\\\/24\\\/sin-goles-pero-con-actitud\\\/\",\"name\":\"Sin goles pero con actitud\",\"isPartOf\":{\"@id\":\"https:\\\/\\\/noticiasmercedinas.com\\\/site\\\/#website\"},\"primaryImageOfPage\":{\"@id\":\"https:\\\/\\\/noticiasmercedinas.com\\\/site\\\/2023\\\/06\\\/24\\\/sin-goles-pero-con-actitud\\\/#primaryimage\"},\"image\":{\"@id\":\"https:\\\/\\\/noticiasmercedinas.com\\\/site\\\/2023\\\/06\\\/24\\\/sin-goles-pero-con-actitud\\\/#primaryimage\"},\"thumbnailUrl\":\"https:\\\/\\\/noticiasmercedinas.com\\\/site\\\/wp-content\\\/uploads\\\/2023\\\/06\\\/IMG_7480.jpg\",\"datePublished\":\"2023-06-24T23:08:57+00:00\",\"dateModified\":\"2023-06-25T01:26:38+00:00\",\"breadcrumb\":{\"@id\":\"https:\\\/\\\/noticiasmercedinas.com\\\/site\\\/2023\\\/06\\\/24\\\/sin-goles-pero-con-actitud\\\/#breadcrumb\"},\"inLanguage\":\"es\",\"potentialAction\":[{\"@type\":\"ReadAction\",\"target\":[\"https:\\\/\\\/noticiasmercedinas.com\\\/site\\\/2023\\\/06\\\/24\\\/sin-goles-pero-con-actitud\\\/\"]}]},{\"@type\":\"ImageObject\",\"inLanguage\":\"es\",\"@id\":\"https:\\\/\\\/noticiasmercedinas.com\\\/site\\\/2023\\\/06\\\/24\\\/sin-goles-pero-con-actitud\\\/#primaryimage\",\"url\":\"https:\\\/\\\/noticiasmercedinas.com\\\/site\\\/wp-content\\\/uploads\\\/2023\\\/06\\\/IMG_7480.jpg\",\"contentUrl\":\"https:\\\/\\\/noticiasmercedinas.com\\\/site\\\/wp-content\\\/uploads\\\/2023\\\/06\\\/IMG_7480.jpg\",\"width\":640,\"height\":427},{\"@type\":\"BreadcrumbList\",\"@id\":\"https:\\\/\\\/noticiasmercedinas.com\\\/site\\\/2023\\\/06\\\/24\\\/sin-goles-pero-con-actitud\\\/#breadcrumb\",\"itemListElement\":[{\"@type\":\"ListItem\",\"position\":1,\"name\":\"Portada\",\"item\":\"https:\\\/\\\/noticiasmercedinas.com\\\/site\\\/\"},{\"@type\":\"ListItem\",\"position\":2,\"name\":\"Sin goles pero con actitud\"}]},{\"@type\":\"WebSite\",\"@id\":\"https:\\\/\\\/noticiasmercedinas.com\\\/site\\\/#website\",\"url\":\"https:\\\/\\\/noticiasmercedinas.com\\\/site\\\/\",\"name\":\"NOTICIASMERCEDINAS.COM\",\"description\":\"Mercedes, Buenos Aires, Argentina\",\"publisher\":{\"@id\":\"https:\\\/\\\/noticiasmercedinas.com\\\/site\\\/#organization\"},\"potentialAction\":[{\"@type\":\"SearchAction\",\"target\":{\"@type\":\"EntryPoint\",\"urlTemplate\":\"https:\\\/\\\/noticiasmercedinas.com\\\/site\\\/?s={search_term_string}\"},\"query-input\":{\"@type\":\"PropertyValueSpecification\",\"valueRequired\":true,\"valueName\":\"search_term_string\"}}],\"inLanguage\":\"es\"},{\"@type\":\"Organization\",\"@id\":\"https:\\\/\\\/noticiasmercedinas.com\\\/site\\\/#organization\",\"name\":\"NOTICIASMERCEDINAS.COM\",\"url\":\"https:\\\/\\\/noticiasmercedinas.com\\\/site\\\/\",\"logo\":{\"@type\":\"ImageObject\",\"inLanguage\":\"es\",\"@id\":\"https:\\\/\\\/noticiasmercedinas.com\\\/site\\\/#\\\/schema\\\/logo\\\/image\\\/\",\"url\":\"https:\\\/\\\/noticiasmercedinas.com\\\/site\\\/wp-content\\\/uploads\\\/2020\\\/06\\\/LOGO-512.jpg\",\"contentUrl\":\"https:\\\/\\\/noticiasmercedinas.com\\\/site\\\/wp-content\\\/uploads\\\/2020\\\/06\\\/LOGO-512.jpg\",\"width\":512,\"height\":512,\"caption\":\"NOTICIASMERCEDINAS.COM\"},\"image\":{\"@id\":\"https:\\\/\\\/noticiasmercedinas.com\\\/site\\\/#\\\/schema\\\/logo\\\/image\\\/\"},\"sameAs\":[\"https:\\\/\\\/www.facebook.com\\\/noticiasmercedinas\\\/\",\"https:\\\/\\\/x.com\\\/notmercedinas\",\"https:\\\/\\\/www.instagram.com\\\/noticiasmercedinas\\\/\"]},{\"@type\":\"Person\",\"@id\":\"https:\\\/\\\/noticiasmercedinas.com\\\/site\\\/#\\\/schema\\\/person\\\/8f2f09d666ef40986eba4a5e6f2a06f9\",\"name\":\"Juan Dagnino NOTICIASMERCEDINAS.COM\",\"image\":{\"@type\":\"ImageObject\",\"inLanguage\":\"es\",\"@id\":\"https:\\\/\\\/secure.gravatar.com\\\/avatar\\\/fc7059a769f5a3cae65fadb228a3e4accf3a64b4b2305020d0a27e6d5333c91b?s=96&d=mm&r=g\",\"url\":\"https:\\\/\\\/secure.gravatar.com\\\/avatar\\\/fc7059a769f5a3cae65fadb228a3e4accf3a64b4b2305020d0a27e6d5333c91b?s=96&d=mm&r=g\",\"contentUrl\":\"https:\\\/\\\/secure.gravatar.com\\\/avatar\\\/fc7059a769f5a3cae65fadb228a3e4accf3a64b4b2305020d0a27e6d5333c91b?s=96&d=mm&r=g\",\"caption\":\"Juan Dagnino NOTICIASMERCEDINAS.COM\"},\"url\":\"https:\\\/\\\/noticiasmercedinas.com\\\/site\\\/author\\\/juandagnino\\\/\"}]}<\/script>\n<!-- \/ Yoast SEO plugin. -->","yoast_head_json":{"title":"Sin goles pero con actitud","robots":{"index":"index","follow":"follow","max-snippet":"max-snippet:-1","max-image-preview":"max-image-preview:large","max-video-preview":"max-video-preview:-1"},"canonical":"https:\/\/noticiasmercedinas.com\/site\/2023\/06\/24\/sin-goles-pero-con-actitud\/","og_locale":"es_ES","og_type":"article","og_title":"Sin goles pero con actitud","og_description":"\u25a0 Club Mercedes y Sportivo Barracas igualaron sin goles en la Liga. Sin poder quebrar el cero el esfuerzo lo hizo el local que apost\u00f3 a un mejor trato de bal\u00f3n contra el abuso del pelotazo en el \u201cArrabalero\u201d.","og_url":"https:\/\/noticiasmercedinas.com\/site\/2023\/06\/24\/sin-goles-pero-con-actitud\/","og_site_name":"NOTICIASMERCEDINAS.COM","article_publisher":"https:\/\/www.facebook.com\/noticiasmercedinas\/","article_published_time":"2023-06-24T23:08:57+00:00","article_modified_time":"2023-06-25T01:26:38+00:00","og_image":[{"width":640,"height":427,"url":"https:\/\/noticiasmercedinas.com\/site\/wp-content\/uploads\/2023\/06\/IMG_7480.jpg","type":"image\/jpeg"}],"author":"Juan Dagnino NOTICIASMERCEDINAS.COM","twitter_card":"summary_large_image","twitter_creator":"@notmercedinas","twitter_site":"@notmercedinas","twitter_misc":{"Escrito por":"Juan Dagnino NOTICIASMERCEDINAS.COM","Tiempo de lectura":"4 minutos"},"schema":{"@context":"https:\/\/schema.org","@graph":[{"@type":"Article","@id":"https:\/\/noticiasmercedinas.com\/site\/2023\/06\/24\/sin-goles-pero-con-actitud\/#article","isPartOf":{"@id":"https:\/\/noticiasmercedinas.com\/site\/2023\/06\/24\/sin-goles-pero-con-actitud\/"},"author":{"name":"Juan Dagnino NOTICIASMERCEDINAS.COM","@id":"https:\/\/noticiasmercedinas.com\/site\/#\/schema\/person\/8f2f09d666ef40986eba4a5e6f2a06f9"},"headline":"Sin goles pero con actitud","datePublished":"2023-06-24T23:08:57+00:00","dateModified":"2023-06-25T01:26:38+00:00","mainEntityOfPage":{"@id":"https:\/\/noticiasmercedinas.com\/site\/2023\/06\/24\/sin-goles-pero-con-actitud\/"},"wordCount":578,"publisher":{"@id":"https:\/\/noticiasmercedinas.com\/site\/#organization"},"image":{"@id":"https:\/\/noticiasmercedinas.com\/site\/2023\/06\/24\/sin-goles-pero-con-actitud\/#primaryimage"},"thumbnailUrl":"https:\/\/noticiasmercedinas.com\/site\/wp-content\/uploads\/2023\/06\/IMG_7480.jpg","keywords":["AFA","club mercedes","Primera D","Sportivo Barracas"],"articleSection":["Deportes"],"inLanguage":"es"},{"@type":"WebPage","@id":"https:\/\/noticiasmercedinas.com\/site\/2023\/06\/24\/sin-goles-pero-con-actitud\/","url":"https:\/\/noticiasmercedinas.com\/site\/2023\/06\/24\/sin-goles-pero-con-actitud\/","name":"Sin goles pero con actitud","isPartOf":{"@id":"https:\/\/noticiasmercedinas.com\/site\/#website"},"primaryImageOfPage":{"@id":"https:\/\/noticiasmercedinas.com\/site\/2023\/06\/24\/sin-goles-pero-con-actitud\/#primaryimage"},"image":{"@id":"https:\/\/noticiasmercedinas.com\/site\/2023\/06\/24\/sin-goles-pero-con-actitud\/#primaryimage"},"thumbnailUrl":"https:\/\/noticiasmercedinas.com\/site\/wp-content\/uploads\/2023\/06\/IMG_7480.jpg","datePublished":"2023-06-24T23:08:57+00:00","dateModified":"2023-06-25T01:26:38+00:00","breadcrumb":{"@id":"https:\/\/noticiasmercedinas.com\/site\/2023\/06\/24\/sin-goles-pero-con-actitud\/#breadcrumb"},"inLanguage":"es","potentialAction":[{"@type":"ReadAction","target":["https:\/\/noticiasmercedinas.com\/site\/2023\/06\/24\/sin-goles-pero-con-actitud\/"]}]},{"@type":"ImageObject","inLanguage":"es","@id":"https:\/\/noticiasmercedinas.com\/site\/2023\/06\/24\/sin-goles-pero-con-actitud\/#primaryimage","url":"https:\/\/noticiasmercedinas.com\/site\/wp-content\/uploads\/2023\/06\/IMG_7480.jpg","contentUrl":"https:\/\/noticiasmercedinas.com\/site\/wp-content\/uploads\/2023\/06\/IMG_7480.jpg","width":640,"height":427},{"@type":"BreadcrumbList","@id":"https:\/\/noticiasmercedinas.com\/site\/2023\/06\/24\/sin-goles-pero-con-actitud\/#breadcrumb","itemListElement":[{"@type":"ListItem","position":1,"name":"Portada","item":"https:\/\/noticiasmercedinas.com\/site\/"},{"@type":"ListItem","position":2,"name":"Sin goles pero con actitud"}]},{"@type":"WebSite","@id":"https:\/\/noticiasmercedinas.com\/site\/#website","url":"https:\/\/noticiasmercedinas.com\/site\/","name":"NOTICIASMERCEDINAS.COM","description":"Mercedes, Buenos Aires, Argentina","publisher":{"@id":"https:\/\/noticiasmercedinas.com\/site\/#organization"},"potentialAction":[{"@type":"SearchAction","target":{"@type":"EntryPoint","urlTemplate":"https:\/\/noticiasmercedinas.com\/site\/?s={search_term_string}"},"query-input":{"@type":"PropertyValueSpecification","valueRequired":true,"valueName":"search_term_string"}}],"inLanguage":"es"},{"@type":"Organization","@id":"https:\/\/noticiasmercedinas.com\/site\/#organization","name":"NOTICIASMERCEDINAS.COM","url":"https:\/\/noticiasmercedinas.com\/site\/","logo":{"@type":"ImageObject","inLanguage":"es","@id":"https:\/\/noticiasmercedinas.com\/site\/#\/schema\/logo\/image\/","url":"https:\/\/noticiasmercedinas.com\/site\/wp-content\/uploads\/2020\/06\/LOGO-512.jpg","contentUrl":"https:\/\/noticiasmercedinas.com\/site\/wp-content\/uploads\/2020\/06\/LOGO-512.jpg","width":512,"height":512,"caption":"NOTICIASMERCEDINAS.COM"},"image":{"@id":"https:\/\/noticiasmercedinas.com\/site\/#\/schema\/logo\/image\/"},"sameAs":["https:\/\/www.facebook.com\/noticiasmercedinas\/","https:\/\/x.com\/notmercedinas","https:\/\/www.instagram.com\/noticiasmercedinas\/"]},{"@type":"Person","@id":"https:\/\/noticiasmercedinas.com\/site\/#\/schema\/person\/8f2f09d666ef40986eba4a5e6f2a06f9","name":"Juan Dagnino NOTICIASMERCEDINAS.COM","image":{"@type":"ImageObject","inLanguage":"es","@id":"https:\/\/secure.gravatar.com\/avatar\/fc7059a769f5a3cae65fadb228a3e4accf3a64b4b2305020d0a27e6d5333c91b?s=96&d=mm&r=g","url":"https:\/\/secure.gravatar.com\/avatar\/fc7059a769f5a3cae65fadb228a3e4accf3a64b4b2305020d0a27e6d5333c91b?s=96&d=mm&r=g","contentUrl":"https:\/\/secure.gravatar.com\/avatar\/fc7059a769f5a3cae65fadb228a3e4accf3a64b4b2305020d0a27e6d5333c91b?s=96&d=mm&r=g","caption":"Juan Dagnino NOTICIASMERCEDINAS.COM"},"url":"https:\/\/noticiasmercedinas.com\/site\/author\/juandagnino\/"}]}},"amp_enabled":true,"_links":{"self":[{"href":"https:\/\/noticiasmercedinas.com\/site\/wp-json\/wp\/v2\/posts\/117762","targetHints":{"allow":["GET"]}}],"collection":[{"href":"https:\/\/noticiasmercedinas.com\/site\/wp-json\/wp\/v2\/posts"}],"about":[{"href":"https:\/\/noticiasmercedinas.com\/site\/wp-json\/wp\/v2\/types\/post"}],"author":[{"embeddable":true,"href":"https:\/\/noticiasmercedinas.com\/site\/wp-json\/wp\/v2\/users\/6"}],"replies":[{"embeddable":true,"href":"https:\/\/noticiasmercedinas.com\/site\/wp-json\/wp\/v2\/comments?post=117762"}],"version-history":[{"count":2,"href":"https:\/\/noticiasmercedinas.com\/site\/wp-json\/wp\/v2\/posts\/117762\/revisions"}],"predecessor-version":[{"id":117788,"href":"https:\/\/noticiasmercedinas.com\/site\/wp-json\/wp\/v2\/posts\/117762\/revisions\/117788"}],"wp:featuredmedia":[{"embeddable":true,"href":"https:\/\/noticiasmercedinas.com\/site\/wp-json\/wp\/v2\/media\/117763"}],"wp:attachment":[{"href":"https:\/\/noticiasmercedinas.com\/site\/wp-json\/wp\/v2\/media?parent=117762"}],"wp:term":[{"taxonomy":"category","embeddable":true,"href":"https:\/\/noticiasmercedinas.com\/site\/wp-json\/wp\/v2\/categories?post=117762"},{"taxonomy":"post_tag","embeddable":true,"href":"https:\/\/noticiasmercedinas.com\/site\/wp-json\/wp\/v2\/tags?post=117762"}],"curies":[{"name":"wp","href":"https:\/\/api.w.org\/{rel}","templated":true}]}}