{"id":117767,"date":"2023-06-24T20:38:54","date_gmt":"2023-06-24T23:38:54","guid":{"rendered":"https:\/\/noticiasmercedinas.com\/site\/?p=117767"},"modified":"2023-06-24T22:22:57","modified_gmt":"2023-06-25T01:22:57","slug":"reaparece-el-rural-bike-de-los-sabados","status":"publish","type":"post","link":"https:\/\/noticiasmercedinas.com\/site\/2023\/06\/24\/reaparece-el-rural-bike-de-los-sabados\/","title":{"rendered":"Reaparece el Rural Bike de los s\u00e1bados"},"content":{"rendered":"<figure id=\"attachment_117768\" aria-describedby=\"caption-attachment-117768\" style=\"width: 640px\" class=\"wp-caption alignnone\"><img loading=\"lazy\" decoding=\"async\" class=\"wp-image-117768 size-full\" src=\"https:\/\/noticiasmercedinas.com\/site\/wp-content\/uploads\/2023\/06\/IMG_7424.jpg\" alt=\"\" width=\"640\" height=\"421\" srcset=\"https:\/\/noticiasmercedinas.com\/site\/wp-content\/uploads\/2023\/06\/IMG_7424.jpg 640w, https:\/\/noticiasmercedinas.com\/site\/wp-content\/uploads\/2023\/06\/IMG_7424-300x197.jpg 300w\" sizes=\"auto, (max-width: 640px) 100vw, 640px\" \/><figcaption id=\"caption-attachment-117768\" class=\"wp-caption-text\">Largada del Rural Bike en la zona de puente Amarillo.<\/figcaption><\/figure>\n<p>Este\u00a0 s\u00e1bado 24, en pleno invierno, \u00e9poca cl\u00e1sica para el MTB, la Comisi\u00f3n Municipal de Ciclismo llev\u00f3 adelante una prueba de Rural Bike sobre una distancia de 40 km. El punto de concentraci\u00f3n fue el circuito del Parque Independencia donde unos 60 bikers le dieron forma a la jornada de \u201cRuedas Gordas\u201d con estas clasificaciones:<\/p>\n<p><strong>Promocionales + 40 a\u00f1os<\/strong><br \/>\n1\u00b0 Germ\u00e1n Gernhardt.<br \/>\n2\u00b0 Sebasti\u00e1n Su\u00e1rez.<br \/>\n3\u00b0 Leandro Lipi.<br \/>\n4\u00b0 Pablo P\u00e9rez.<br \/>\n5\u00b0 Sebasti\u00e1n Ortiz.<br \/>\n6\u00b0 Mario Cabeza.<br \/>\n7\u00b0 Ignacio Molteni.<br \/>\n8\u00b0 Guillermo Berho.<br \/>\n9\u00b0Ezequeil Mart\u00ednez.<br \/>\n10\u00b0 Miguel Cejas.<\/p>\n<p><strong>Promocionales \u2013 40 a\u00f1os<\/strong><br \/>\n1\u00b0 Lucas Pinilla.<br \/>\n2\u00b0 Eduardo Larraburu.<br \/>\n3\u00b0 Gabino Almir\u00f3n.<br \/>\n4\u00b0 Mariano Tortolo.<br \/>\n5\u00b0 Nicol\u00e1s Zarzeica.<br \/>\n6\u00b0 Alan Berho.<br \/>\n7\u00b0 Emanuel Bories.<br \/>\n8\u00b0 Guillermo Palermo.<br \/>\n9\u00b0 Iv\u00e1n Welter.<br \/>\n10\u00b0 Luis Guevara.<\/p>\n<p><img loading=\"lazy\" decoding=\"async\" class=\"alignnone size-full wp-image-117769\" src=\"https:\/\/noticiasmercedinas.com\/site\/wp-content\/uploads\/2023\/06\/IMG_7430.jpg\" alt=\"\" width=\"640\" height=\"427\" srcset=\"https:\/\/noticiasmercedinas.com\/site\/wp-content\/uploads\/2023\/06\/IMG_7430.jpg 640w, https:\/\/noticiasmercedinas.com\/site\/wp-content\/uploads\/2023\/06\/IMG_7430-300x200.jpg 300w\" sizes=\"auto, (max-width: 640px) 100vw, 640px\" \/><br \/>\n<strong><br \/>\nDamas \u2013 40 a\u00f1os<\/strong><br \/>\n1\u00b0 Nadia Carabajal.<br \/>\n2\u00b0 Florencia Samaniego.<br \/>\n3\u00b0 Yanina Barrientos.<\/p>\n<p><strong>Damas + 60<\/strong><br \/>\n1\u00b0 Mar\u00eda Capurro.<\/p>\n<p><strong>Master B<\/strong><br \/>\n1\u00b0 Mat\u00edas Dukat.<br \/>\n2\u00b0 Emiliano Aldecoa.<br \/>\n3\u00b0 Javier G\u00f3mez.<br \/>\n4\u00b0 Ernesto De Souza.<br \/>\n5\u00b0 Carlos Anicelli.<br \/>\n6\u00b0 Marcelo Dom\u00ednguez.<br \/>\n7\u00b0 Javier Zelichouky.<\/p>\n<p><strong>Elite y Master A<br \/>\n<\/strong>1\u00b0 Facundo Rodr\u00edguez.<br \/>\n2\u00b0 Rom\u00e1n Gorocito.<br \/>\n3\u00b0 Emanuel Basilis.<br \/>\n4\u00b0 Federico Divello.<br \/>\n5\u00b0 Leandro Velardez.<br \/>\n6\u00b0 Adri\u00e1n Andreasi.<br \/>\n7\u00b0 Rodrigo Cornero.<br \/>\n8\u00b0 Andr\u00e9s Mereta.<br \/>\n9\u00b0 H\u00e9ctor Ortiz.<\/p>\n<p><strong>Master C<\/strong><br \/>\n1\u00b0 Gustavo Gonz\u00e1lez.<br \/>\n2\u00b0 Sergio Cornero.<br \/>\n3\u00b0 N\u00e9stor Velardez.<br \/>\n4\u00b0 Omar Silva.<br \/>\n5\u00b0 Leonardo S\u00e1nchez.<br \/>\n6\u00b0 Jos\u00e9 Arag\u00f3n.<\/p>\n<p><img loading=\"lazy\" decoding=\"async\" class=\"alignnone size-full wp-image-117770\" src=\"https:\/\/noticiasmercedinas.com\/site\/wp-content\/uploads\/2023\/06\/IMG_7436.jpg\" alt=\"\" width=\"640\" height=\"427\" srcset=\"https:\/\/noticiasmercedinas.com\/site\/wp-content\/uploads\/2023\/06\/IMG_7436.jpg 640w, https:\/\/noticiasmercedinas.com\/site\/wp-content\/uploads\/2023\/06\/IMG_7436-300x200.jpg 300w\" sizes=\"auto, (max-width: 640px) 100vw, 640px\" \/><br \/>\n<strong><br \/>\nMaster D<br \/>\n<\/strong>1\u00b0 Miguel Ju\u00e1rez.<br \/>\n2\u00b0 Oscar Calabresi.<br \/>\n3\u00b0 Carlos Aldecoa.<br \/>\n4\u00b0 Ruben Gui\u00f1az\u00fa.<br \/>\n5\u00b0 Jos\u00e9 Repeto.<br \/>\n6\u00b0 Jos\u00e9 Manzo.<br \/>\n7\u00b0 Eduardo Gallardi.<\/p>\n","protected":false},"excerpt":{"rendered":"<p>\u25a0 Con una carrera organizada por la Comisi\u00f3n Municipal los caminos de tierra se vieron invadidos de bikers. Hubo categor\u00edas en medio de una tarde gris aunque la actividad deportiva no se ausent\u00f3.<\/p>\n","protected":false},"author":6,"featured_media":117768,"comment_status":"closed","ping_status":"closed","sticky":false,"template":"","format":"standard","meta":{"footnotes":""},"categories":[5],"tags":[11116,204],"class_list":["post-117767","post","type-post","status-publish","format-standard","has-post-thumbnail","hentry","category-deportes","tag-comision-municipal-de-ciclismo","tag-rural-bike"],"yoast_head":"<!-- This site is optimized with the Yoast SEO plugin v27.4 - https:\/\/yoast.com\/product\/yoast-seo-wordpress\/ -->\n<title>Reaparece el Rural Bike de los s\u00e1bados<\/title>\n<meta name=\"robots\" content=\"index, follow, max-snippet:-1, max-image-preview:large, max-video-preview:-1\" \/>\n<link rel=\"canonical\" href=\"https:\/\/noticiasmercedinas.com\/site\/2023\/06\/24\/reaparece-el-rural-bike-de-los-sabados\/\" \/>\n<meta property=\"og:locale\" content=\"es_ES\" \/>\n<meta property=\"og:type\" content=\"article\" \/>\n<meta property=\"og:title\" content=\"Reaparece el Rural Bike de los s\u00e1bados\" \/>\n<meta property=\"og:description\" content=\"\u25a0 Con una carrera organizada por la Comisi\u00f3n Municipal los caminos de tierra se vieron invadidos de bikers. Hubo categor\u00edas en medio de una tarde gris aunque la actividad deportiva no se ausent\u00f3.\" \/>\n<meta property=\"og:url\" content=\"https:\/\/noticiasmercedinas.com\/site\/2023\/06\/24\/reaparece-el-rural-bike-de-los-sabados\/\" \/>\n<meta property=\"og:site_name\" content=\"NOTICIASMERCEDINAS.COM\" \/>\n<meta property=\"article:publisher\" content=\"https:\/\/www.facebook.com\/noticiasmercedinas\/\" \/>\n<meta property=\"article:published_time\" content=\"2023-06-24T23:38:54+00:00\" \/>\n<meta property=\"article:modified_time\" content=\"2023-06-25T01:22:57+00:00\" \/>\n<meta property=\"og:image\" content=\"https:\/\/noticiasmercedinas.com\/site\/wp-content\/uploads\/2023\/06\/IMG_7424.jpg\" \/>\n\t<meta property=\"og:image:width\" content=\"640\" \/>\n\t<meta property=\"og:image:height\" content=\"421\" \/>\n\t<meta property=\"og:image:type\" content=\"image\/jpeg\" \/>\n<meta name=\"author\" content=\"Juan Dagnino NOTICIASMERCEDINAS.COM\" \/>\n<meta name=\"twitter:card\" content=\"summary_large_image\" \/>\n<meta name=\"twitter:creator\" content=\"@notmercedinas\" \/>\n<meta name=\"twitter:site\" content=\"@notmercedinas\" \/>\n<meta name=\"twitter:label1\" content=\"Escrito por\" \/>\n\t<meta name=\"twitter:data1\" content=\"Juan Dagnino NOTICIASMERCEDINAS.COM\" \/>\n\t<meta name=\"twitter:label2\" content=\"Tiempo de lectura\" \/>\n\t<meta name=\"twitter:data2\" content=\"2 minutos\" \/>\n<script type=\"application\/ld+json\" class=\"yoast-schema-graph\">{\"@context\":\"https:\\\/\\\/schema.org\",\"@graph\":[{\"@type\":\"Article\",\"@id\":\"https:\\\/\\\/noticiasmercedinas.com\\\/site\\\/2023\\\/06\\\/24\\\/reaparece-el-rural-bike-de-los-sabados\\\/#article\",\"isPartOf\":{\"@id\":\"https:\\\/\\\/noticiasmercedinas.com\\\/site\\\/2023\\\/06\\\/24\\\/reaparece-el-rural-bike-de-los-sabados\\\/\"},\"author\":{\"name\":\"Juan Dagnino NOTICIASMERCEDINAS.COM\",\"@id\":\"https:\\\/\\\/noticiasmercedinas.com\\\/site\\\/#\\\/schema\\\/person\\\/8f2f09d666ef40986eba4a5e6f2a06f9\"},\"headline\":\"Reaparece el Rural Bike de los s\u00e1bados\",\"datePublished\":\"2023-06-24T23:38:54+00:00\",\"dateModified\":\"2023-06-25T01:22:57+00:00\",\"mainEntityOfPage\":{\"@id\":\"https:\\\/\\\/noticiasmercedinas.com\\\/site\\\/2023\\\/06\\\/24\\\/reaparece-el-rural-bike-de-los-sabados\\\/\"},\"wordCount\":232,\"publisher\":{\"@id\":\"https:\\\/\\\/noticiasmercedinas.com\\\/site\\\/#organization\"},\"image\":{\"@id\":\"https:\\\/\\\/noticiasmercedinas.com\\\/site\\\/2023\\\/06\\\/24\\\/reaparece-el-rural-bike-de-los-sabados\\\/#primaryimage\"},\"thumbnailUrl\":\"https:\\\/\\\/noticiasmercedinas.com\\\/site\\\/wp-content\\\/uploads\\\/2023\\\/06\\\/IMG_7424.jpg\",\"keywords\":[\"comision municipal de ciclismo\",\"rural bike\"],\"articleSection\":[\"Deportes\"],\"inLanguage\":\"es\"},{\"@type\":\"WebPage\",\"@id\":\"https:\\\/\\\/noticiasmercedinas.com\\\/site\\\/2023\\\/06\\\/24\\\/reaparece-el-rural-bike-de-los-sabados\\\/\",\"url\":\"https:\\\/\\\/noticiasmercedinas.com\\\/site\\\/2023\\\/06\\\/24\\\/reaparece-el-rural-bike-de-los-sabados\\\/\",\"name\":\"Reaparece el Rural Bike de los s\u00e1bados\",\"isPartOf\":{\"@id\":\"https:\\\/\\\/noticiasmercedinas.com\\\/site\\\/#website\"},\"primaryImageOfPage\":{\"@id\":\"https:\\\/\\\/noticiasmercedinas.com\\\/site\\\/2023\\\/06\\\/24\\\/reaparece-el-rural-bike-de-los-sabados\\\/#primaryimage\"},\"image\":{\"@id\":\"https:\\\/\\\/noticiasmercedinas.com\\\/site\\\/2023\\\/06\\\/24\\\/reaparece-el-rural-bike-de-los-sabados\\\/#primaryimage\"},\"thumbnailUrl\":\"https:\\\/\\\/noticiasmercedinas.com\\\/site\\\/wp-content\\\/uploads\\\/2023\\\/06\\\/IMG_7424.jpg\",\"datePublished\":\"2023-06-24T23:38:54+00:00\",\"dateModified\":\"2023-06-25T01:22:57+00:00\",\"breadcrumb\":{\"@id\":\"https:\\\/\\\/noticiasmercedinas.com\\\/site\\\/2023\\\/06\\\/24\\\/reaparece-el-rural-bike-de-los-sabados\\\/#breadcrumb\"},\"inLanguage\":\"es\",\"potentialAction\":[{\"@type\":\"ReadAction\",\"target\":[\"https:\\\/\\\/noticiasmercedinas.com\\\/site\\\/2023\\\/06\\\/24\\\/reaparece-el-rural-bike-de-los-sabados\\\/\"]}]},{\"@type\":\"ImageObject\",\"inLanguage\":\"es\",\"@id\":\"https:\\\/\\\/noticiasmercedinas.com\\\/site\\\/2023\\\/06\\\/24\\\/reaparece-el-rural-bike-de-los-sabados\\\/#primaryimage\",\"url\":\"https:\\\/\\\/noticiasmercedinas.com\\\/site\\\/wp-content\\\/uploads\\\/2023\\\/06\\\/IMG_7424.jpg\",\"contentUrl\":\"https:\\\/\\\/noticiasmercedinas.com\\\/site\\\/wp-content\\\/uploads\\\/2023\\\/06\\\/IMG_7424.jpg\",\"width\":640,\"height\":421},{\"@type\":\"BreadcrumbList\",\"@id\":\"https:\\\/\\\/noticiasmercedinas.com\\\/site\\\/2023\\\/06\\\/24\\\/reaparece-el-rural-bike-de-los-sabados\\\/#breadcrumb\",\"itemListElement\":[{\"@type\":\"ListItem\",\"position\":1,\"name\":\"Portada\",\"item\":\"https:\\\/\\\/noticiasmercedinas.com\\\/site\\\/\"},{\"@type\":\"ListItem\",\"position\":2,\"name\":\"Reaparece el Rural Bike de los s\u00e1bados\"}]},{\"@type\":\"WebSite\",\"@id\":\"https:\\\/\\\/noticiasmercedinas.com\\\/site\\\/#website\",\"url\":\"https:\\\/\\\/noticiasmercedinas.com\\\/site\\\/\",\"name\":\"NOTICIASMERCEDINAS.COM\",\"description\":\"Mercedes, Buenos Aires, Argentina\",\"publisher\":{\"@id\":\"https:\\\/\\\/noticiasmercedinas.com\\\/site\\\/#organization\"},\"potentialAction\":[{\"@type\":\"SearchAction\",\"target\":{\"@type\":\"EntryPoint\",\"urlTemplate\":\"https:\\\/\\\/noticiasmercedinas.com\\\/site\\\/?s={search_term_string}\"},\"query-input\":{\"@type\":\"PropertyValueSpecification\",\"valueRequired\":true,\"valueName\":\"search_term_string\"}}],\"inLanguage\":\"es\"},{\"@type\":\"Organization\",\"@id\":\"https:\\\/\\\/noticiasmercedinas.com\\\/site\\\/#organization\",\"name\":\"NOTICIASMERCEDINAS.COM\",\"url\":\"https:\\\/\\\/noticiasmercedinas.com\\\/site\\\/\",\"logo\":{\"@type\":\"ImageObject\",\"inLanguage\":\"es\",\"@id\":\"https:\\\/\\\/noticiasmercedinas.com\\\/site\\\/#\\\/schema\\\/logo\\\/image\\\/\",\"url\":\"https:\\\/\\\/noticiasmercedinas.com\\\/site\\\/wp-content\\\/uploads\\\/2020\\\/06\\\/LOGO-512.jpg\",\"contentUrl\":\"https:\\\/\\\/noticiasmercedinas.com\\\/site\\\/wp-content\\\/uploads\\\/2020\\\/06\\\/LOGO-512.jpg\",\"width\":512,\"height\":512,\"caption\":\"NOTICIASMERCEDINAS.COM\"},\"image\":{\"@id\":\"https:\\\/\\\/noticiasmercedinas.com\\\/site\\\/#\\\/schema\\\/logo\\\/image\\\/\"},\"sameAs\":[\"https:\\\/\\\/www.facebook.com\\\/noticiasmercedinas\\\/\",\"https:\\\/\\\/x.com\\\/notmercedinas\",\"https:\\\/\\\/www.instagram.com\\\/noticiasmercedinas\\\/\"]},{\"@type\":\"Person\",\"@id\":\"https:\\\/\\\/noticiasmercedinas.com\\\/site\\\/#\\\/schema\\\/person\\\/8f2f09d666ef40986eba4a5e6f2a06f9\",\"name\":\"Juan Dagnino NOTICIASMERCEDINAS.COM\",\"image\":{\"@type\":\"ImageObject\",\"inLanguage\":\"es\",\"@id\":\"https:\\\/\\\/secure.gravatar.com\\\/avatar\\\/fc7059a769f5a3cae65fadb228a3e4accf3a64b4b2305020d0a27e6d5333c91b?s=96&d=mm&r=g\",\"url\":\"https:\\\/\\\/secure.gravatar.com\\\/avatar\\\/fc7059a769f5a3cae65fadb228a3e4accf3a64b4b2305020d0a27e6d5333c91b?s=96&d=mm&r=g\",\"contentUrl\":\"https:\\\/\\\/secure.gravatar.com\\\/avatar\\\/fc7059a769f5a3cae65fadb228a3e4accf3a64b4b2305020d0a27e6d5333c91b?s=96&d=mm&r=g\",\"caption\":\"Juan Dagnino NOTICIASMERCEDINAS.COM\"},\"url\":\"https:\\\/\\\/noticiasmercedinas.com\\\/site\\\/author\\\/juandagnino\\\/\"}]}<\/script>\n<!-- \/ Yoast SEO plugin. -->","yoast_head_json":{"title":"Reaparece el Rural Bike de los s\u00e1bados","robots":{"index":"index","follow":"follow","max-snippet":"max-snippet:-1","max-image-preview":"max-image-preview:large","max-video-preview":"max-video-preview:-1"},"canonical":"https:\/\/noticiasmercedinas.com\/site\/2023\/06\/24\/reaparece-el-rural-bike-de-los-sabados\/","og_locale":"es_ES","og_type":"article","og_title":"Reaparece el Rural Bike de los s\u00e1bados","og_description":"\u25a0 Con una carrera organizada por la Comisi\u00f3n Municipal los caminos de tierra se vieron invadidos de bikers. Hubo categor\u00edas en medio de una tarde gris aunque la actividad deportiva no se ausent\u00f3.","og_url":"https:\/\/noticiasmercedinas.com\/site\/2023\/06\/24\/reaparece-el-rural-bike-de-los-sabados\/","og_site_name":"NOTICIASMERCEDINAS.COM","article_publisher":"https:\/\/www.facebook.com\/noticiasmercedinas\/","article_published_time":"2023-06-24T23:38:54+00:00","article_modified_time":"2023-06-25T01:22:57+00:00","og_image":[{"width":640,"height":421,"url":"https:\/\/noticiasmercedinas.com\/site\/wp-content\/uploads\/2023\/06\/IMG_7424.jpg","type":"image\/jpeg"}],"author":"Juan Dagnino NOTICIASMERCEDINAS.COM","twitter_card":"summary_large_image","twitter_creator":"@notmercedinas","twitter_site":"@notmercedinas","twitter_misc":{"Escrito por":"Juan Dagnino NOTICIASMERCEDINAS.COM","Tiempo de lectura":"2 minutos"},"schema":{"@context":"https:\/\/schema.org","@graph":[{"@type":"Article","@id":"https:\/\/noticiasmercedinas.com\/site\/2023\/06\/24\/reaparece-el-rural-bike-de-los-sabados\/#article","isPartOf":{"@id":"https:\/\/noticiasmercedinas.com\/site\/2023\/06\/24\/reaparece-el-rural-bike-de-los-sabados\/"},"author":{"name":"Juan Dagnino NOTICIASMERCEDINAS.COM","@id":"https:\/\/noticiasmercedinas.com\/site\/#\/schema\/person\/8f2f09d666ef40986eba4a5e6f2a06f9"},"headline":"Reaparece el Rural Bike de los s\u00e1bados","datePublished":"2023-06-24T23:38:54+00:00","dateModified":"2023-06-25T01:22:57+00:00","mainEntityOfPage":{"@id":"https:\/\/noticiasmercedinas.com\/site\/2023\/06\/24\/reaparece-el-rural-bike-de-los-sabados\/"},"wordCount":232,"publisher":{"@id":"https:\/\/noticiasmercedinas.com\/site\/#organization"},"image":{"@id":"https:\/\/noticiasmercedinas.com\/site\/2023\/06\/24\/reaparece-el-rural-bike-de-los-sabados\/#primaryimage"},"thumbnailUrl":"https:\/\/noticiasmercedinas.com\/site\/wp-content\/uploads\/2023\/06\/IMG_7424.jpg","keywords":["comision municipal de ciclismo","rural bike"],"articleSection":["Deportes"],"inLanguage":"es"},{"@type":"WebPage","@id":"https:\/\/noticiasmercedinas.com\/site\/2023\/06\/24\/reaparece-el-rural-bike-de-los-sabados\/","url":"https:\/\/noticiasmercedinas.com\/site\/2023\/06\/24\/reaparece-el-rural-bike-de-los-sabados\/","name":"Reaparece el Rural Bike de los s\u00e1bados","isPartOf":{"@id":"https:\/\/noticiasmercedinas.com\/site\/#website"},"primaryImageOfPage":{"@id":"https:\/\/noticiasmercedinas.com\/site\/2023\/06\/24\/reaparece-el-rural-bike-de-los-sabados\/#primaryimage"},"image":{"@id":"https:\/\/noticiasmercedinas.com\/site\/2023\/06\/24\/reaparece-el-rural-bike-de-los-sabados\/#primaryimage"},"thumbnailUrl":"https:\/\/noticiasmercedinas.com\/site\/wp-content\/uploads\/2023\/06\/IMG_7424.jpg","datePublished":"2023-06-24T23:38:54+00:00","dateModified":"2023-06-25T01:22:57+00:00","breadcrumb":{"@id":"https:\/\/noticiasmercedinas.com\/site\/2023\/06\/24\/reaparece-el-rural-bike-de-los-sabados\/#breadcrumb"},"inLanguage":"es","potentialAction":[{"@type":"ReadAction","target":["https:\/\/noticiasmercedinas.com\/site\/2023\/06\/24\/reaparece-el-rural-bike-de-los-sabados\/"]}]},{"@type":"ImageObject","inLanguage":"es","@id":"https:\/\/noticiasmercedinas.com\/site\/2023\/06\/24\/reaparece-el-rural-bike-de-los-sabados\/#primaryimage","url":"https:\/\/noticiasmercedinas.com\/site\/wp-content\/uploads\/2023\/06\/IMG_7424.jpg","contentUrl":"https:\/\/noticiasmercedinas.com\/site\/wp-content\/uploads\/2023\/06\/IMG_7424.jpg","width":640,"height":421},{"@type":"BreadcrumbList","@id":"https:\/\/noticiasmercedinas.com\/site\/2023\/06\/24\/reaparece-el-rural-bike-de-los-sabados\/#breadcrumb","itemListElement":[{"@type":"ListItem","position":1,"name":"Portada","item":"https:\/\/noticiasmercedinas.com\/site\/"},{"@type":"ListItem","position":2,"name":"Reaparece el Rural Bike de los s\u00e1bados"}]},{"@type":"WebSite","@id":"https:\/\/noticiasmercedinas.com\/site\/#website","url":"https:\/\/noticiasmercedinas.com\/site\/","name":"NOTICIASMERCEDINAS.COM","description":"Mercedes, Buenos Aires, Argentina","publisher":{"@id":"https:\/\/noticiasmercedinas.com\/site\/#organization"},"potentialAction":[{"@type":"SearchAction","target":{"@type":"EntryPoint","urlTemplate":"https:\/\/noticiasmercedinas.com\/site\/?s={search_term_string}"},"query-input":{"@type":"PropertyValueSpecification","valueRequired":true,"valueName":"search_term_string"}}],"inLanguage":"es"},{"@type":"Organization","@id":"https:\/\/noticiasmercedinas.com\/site\/#organization","name":"NOTICIASMERCEDINAS.COM","url":"https:\/\/noticiasmercedinas.com\/site\/","logo":{"@type":"ImageObject","inLanguage":"es","@id":"https:\/\/noticiasmercedinas.com\/site\/#\/schema\/logo\/image\/","url":"https:\/\/noticiasmercedinas.com\/site\/wp-content\/uploads\/2020\/06\/LOGO-512.jpg","contentUrl":"https:\/\/noticiasmercedinas.com\/site\/wp-content\/uploads\/2020\/06\/LOGO-512.jpg","width":512,"height":512,"caption":"NOTICIASMERCEDINAS.COM"},"image":{"@id":"https:\/\/noticiasmercedinas.com\/site\/#\/schema\/logo\/image\/"},"sameAs":["https:\/\/www.facebook.com\/noticiasmercedinas\/","https:\/\/x.com\/notmercedinas","https:\/\/www.instagram.com\/noticiasmercedinas\/"]},{"@type":"Person","@id":"https:\/\/noticiasmercedinas.com\/site\/#\/schema\/person\/8f2f09d666ef40986eba4a5e6f2a06f9","name":"Juan Dagnino NOTICIASMERCEDINAS.COM","image":{"@type":"ImageObject","inLanguage":"es","@id":"https:\/\/secure.gravatar.com\/avatar\/fc7059a769f5a3cae65fadb228a3e4accf3a64b4b2305020d0a27e6d5333c91b?s=96&d=mm&r=g","url":"https:\/\/secure.gravatar.com\/avatar\/fc7059a769f5a3cae65fadb228a3e4accf3a64b4b2305020d0a27e6d5333c91b?s=96&d=mm&r=g","contentUrl":"https:\/\/secure.gravatar.com\/avatar\/fc7059a769f5a3cae65fadb228a3e4accf3a64b4b2305020d0a27e6d5333c91b?s=96&d=mm&r=g","caption":"Juan Dagnino NOTICIASMERCEDINAS.COM"},"url":"https:\/\/noticiasmercedinas.com\/site\/author\/juandagnino\/"}]}},"amp_enabled":true,"_links":{"self":[{"href":"https:\/\/noticiasmercedinas.com\/site\/wp-json\/wp\/v2\/posts\/117767","targetHints":{"allow":["GET"]}}],"collection":[{"href":"https:\/\/noticiasmercedinas.com\/site\/wp-json\/wp\/v2\/posts"}],"about":[{"href":"https:\/\/noticiasmercedinas.com\/site\/wp-json\/wp\/v2\/types\/post"}],"author":[{"embeddable":true,"href":"https:\/\/noticiasmercedinas.com\/site\/wp-json\/wp\/v2\/users\/6"}],"replies":[{"embeddable":true,"href":"https:\/\/noticiasmercedinas.com\/site\/wp-json\/wp\/v2\/comments?post=117767"}],"version-history":[{"count":2,"href":"https:\/\/noticiasmercedinas.com\/site\/wp-json\/wp\/v2\/posts\/117767\/revisions"}],"predecessor-version":[{"id":117786,"href":"https:\/\/noticiasmercedinas.com\/site\/wp-json\/wp\/v2\/posts\/117767\/revisions\/117786"}],"wp:featuredmedia":[{"embeddable":true,"href":"https:\/\/noticiasmercedinas.com\/site\/wp-json\/wp\/v2\/media\/117768"}],"wp:attachment":[{"href":"https:\/\/noticiasmercedinas.com\/site\/wp-json\/wp\/v2\/media?parent=117767"}],"wp:term":[{"taxonomy":"category","embeddable":true,"href":"https:\/\/noticiasmercedinas.com\/site\/wp-json\/wp\/v2\/categories?post=117767"},{"taxonomy":"post_tag","embeddable":true,"href":"https:\/\/noticiasmercedinas.com\/site\/wp-json\/wp\/v2\/tags?post=117767"}],"curies":[{"name":"wp","href":"https:\/\/api.w.org\/{rel}","templated":true}]}}