{"id":118032,"date":"2023-06-28T15:01:38","date_gmt":"2023-06-28T18:01:38","guid":{"rendered":"https:\/\/noticiasmercedinas.com\/site\/?p=118032"},"modified":"2023-06-28T15:01:53","modified_gmt":"2023-06-28T18:01:53","slug":"provincia-licito-obra-de-abastecimiento-de-agua-para-cortinez","status":"publish","type":"post","link":"https:\/\/noticiasmercedinas.com\/site\/2023\/06\/28\/provincia-licito-obra-de-abastecimiento-de-agua-para-cortinez\/","title":{"rendered":"Provincia licit\u00f3 obra de abastecimiento de agua para Cort\u00ednez"},"content":{"rendered":"<p><img loading=\"lazy\" decoding=\"async\" class=\"alignnone wp-image-118033\" src=\"https:\/\/noticiasmercedinas.com\/site\/wp-content\/uploads\/2023\/06\/DIPAC-Cortinez-1.jpeg\" alt=\"\" width=\"640\" height=\"427\" srcset=\"https:\/\/noticiasmercedinas.com\/site\/wp-content\/uploads\/2023\/06\/DIPAC-Cortinez-1.jpeg 560w, https:\/\/noticiasmercedinas.com\/site\/wp-content\/uploads\/2023\/06\/DIPAC-Cortinez-1-300x200.jpeg 300w\" sizes=\"auto, (max-width: 640px) 100vw, 640px\" \/><\/p>\n<p>La Subsecretar\u00eda de Recursos H\u00eddricos, dependiente del Ministerio de Infraestructura y Servicios P\u00fablicos de la Provincia, licit\u00f3 la obra \u201cSistema de abastecimiento de aguas\u201d para la localidad de Cort\u00ednez, en Luj\u00e1n, cuyo presupuesto oficial supera los 309 millones de pesos.<\/p>\n<p>El proyecto prev\u00e9 dar servicio a 24 manzanas y beneficia a 1879 habitantes de la zona delimitada por las calles: Combate de San Lorenzo, 8 de diciembre, General Mosconi, Dr. Mu\u00f1iz, Combate de Los Pozos y Defensa.<\/p>\n<p>La obra consiste en la creaci\u00f3n de un sistema de 3 pozos de explotaci\u00f3n para la captaci\u00f3n de agua subterr\u00e1nea. Luego se contin\u00faa hacia un sistema de impulsi\u00f3n a la red donde se va a distribuir el recurso, aqu\u00ed en esta red primaria de impulsi\u00f3n, el agua proveniente de los diferentes pozos que est\u00e1n interconectados se mezcla; y finalmente se realiza la distribuci\u00f3n en cada una de las conexiones domiciliarias.<\/p>\n<p>El sistema de distribuci\u00f3n de agua de red se compone de un total de 8650 metros de longitud de ca\u00f1er\u00edas con los correspondientes nodos, piezas especiales y v\u00e1lvulas e hidrantes. Los trabajos se completan con un total de 431 conexiones cortas y 247 largas.<\/p>\n<p>Al respecto, el director provincial de Agua y Cloaca (DIPAC), Sergio Benet, expres\u00f3: \u201cUna alegr\u00eda enorme poder licitar una obra que es financiada por el Banco de Fomento de Am\u00e9rica Latina y que contar\u00e1 con tres nuevas perforaciones para la localidad\u201d.<\/p>\n","protected":false},"excerpt":{"rendered":"<p>La Subsecretar\u00eda de Recursos H\u00eddricos, dependiente del Ministerio de Infraestructura y Servicios P\u00fablicos de la Provincia, licit\u00f3 la obra \u201cSistema de abastecimiento de aguas\u201d para la localidad de Cort\u00ednez, en Luj\u00e1n, cuyo presupuesto oficial supera los 309 millones de pesos. El proyecto prev\u00e9 dar servicio a 24 manzanas y beneficia a 1879 habitantes de la [&hellip;]<\/p>\n","protected":false},"author":16,"featured_media":118033,"comment_status":"closed","ping_status":"closed","sticky":false,"template":"","format":"standard","meta":{"footnotes":""},"categories":[139],"tags":[3088,8324,1235,40],"class_list":["post-118032","post","type-post","status-publish","format-standard","has-post-thumbnail","hentry","category-regionales","tag-agua","tag-cortinez","tag-dipac","tag-lujan"],"yoast_head":"<!-- This site is optimized with the Yoast SEO plugin v27.4 - https:\/\/yoast.com\/product\/yoast-seo-wordpress\/ -->\n<title>Provincia licit\u00f3 obra de abastecimiento de agua para Cort\u00ednez<\/title>\n<meta name=\"robots\" content=\"index, follow, max-snippet:-1, max-image-preview:large, max-video-preview:-1\" \/>\n<link rel=\"canonical\" href=\"https:\/\/noticiasmercedinas.com\/site\/2023\/06\/28\/provincia-licito-obra-de-abastecimiento-de-agua-para-cortinez\/\" \/>\n<meta property=\"og:locale\" content=\"es_ES\" \/>\n<meta property=\"og:type\" content=\"article\" \/>\n<meta property=\"og:title\" content=\"Provincia licit\u00f3 obra de abastecimiento de agua para Cort\u00ednez\" \/>\n<meta property=\"og:description\" content=\"La Subsecretar\u00eda de Recursos H\u00eddricos, dependiente del Ministerio de Infraestructura y Servicios P\u00fablicos de la Provincia, licit\u00f3 la obra \u201cSistema de abastecimiento de aguas\u201d para la localidad de Cort\u00ednez, en Luj\u00e1n, cuyo presupuesto oficial supera los 309 millones de pesos. El proyecto prev\u00e9 dar servicio a 24 manzanas y beneficia a 1879 habitantes de la [&hellip;]\" \/>\n<meta property=\"og:url\" content=\"https:\/\/noticiasmercedinas.com\/site\/2023\/06\/28\/provincia-licito-obra-de-abastecimiento-de-agua-para-cortinez\/\" \/>\n<meta property=\"og:site_name\" content=\"NOTICIASMERCEDINAS.COM\" \/>\n<meta property=\"article:publisher\" content=\"https:\/\/www.facebook.com\/noticiasmercedinas\/\" \/>\n<meta property=\"article:published_time\" content=\"2023-06-28T18:01:38+00:00\" \/>\n<meta property=\"article:modified_time\" content=\"2023-06-28T18:01:53+00:00\" \/>\n<meta property=\"og:image\" content=\"https:\/\/noticiasmercedinas.com\/site\/wp-content\/uploads\/2023\/06\/DIPAC-Cortinez-1.jpeg\" \/>\n\t<meta property=\"og:image:width\" content=\"560\" \/>\n\t<meta property=\"og:image:height\" content=\"374\" \/>\n\t<meta property=\"og:image:type\" content=\"image\/jpeg\" \/>\n<meta name=\"author\" content=\"NOTICIASMERCEDINAS.COM\" \/>\n<meta name=\"twitter:card\" content=\"summary_large_image\" \/>\n<meta name=\"twitter:creator\" content=\"@notmercedinas\" \/>\n<meta name=\"twitter:site\" content=\"@notmercedinas\" \/>\n<meta name=\"twitter:label1\" content=\"Escrito por\" \/>\n\t<meta name=\"twitter:data1\" content=\"NOTICIASMERCEDINAS.COM\" \/>\n\t<meta name=\"twitter:label2\" content=\"Tiempo de lectura\" \/>\n\t<meta name=\"twitter:data2\" content=\"2 minutos\" \/>\n<script type=\"application\/ld+json\" class=\"yoast-schema-graph\">{\"@context\":\"https:\\\/\\\/schema.org\",\"@graph\":[{\"@type\":\"Article\",\"@id\":\"https:\\\/\\\/noticiasmercedinas.com\\\/site\\\/2023\\\/06\\\/28\\\/provincia-licito-obra-de-abastecimiento-de-agua-para-cortinez\\\/#article\",\"isPartOf\":{\"@id\":\"https:\\\/\\\/noticiasmercedinas.com\\\/site\\\/2023\\\/06\\\/28\\\/provincia-licito-obra-de-abastecimiento-de-agua-para-cortinez\\\/\"},\"author\":{\"name\":\"NOTICIASMERCEDINAS.COM\",\"@id\":\"https:\\\/\\\/noticiasmercedinas.com\\\/site\\\/#\\\/schema\\\/person\\\/84b59c099c28ff2e8b77d4ceec5d8063\"},\"headline\":\"Provincia licit\u00f3 obra de abastecimiento de agua para Cort\u00ednez\",\"datePublished\":\"2023-06-28T18:01:38+00:00\",\"dateModified\":\"2023-06-28T18:01:53+00:00\",\"mainEntityOfPage\":{\"@id\":\"https:\\\/\\\/noticiasmercedinas.com\\\/site\\\/2023\\\/06\\\/28\\\/provincia-licito-obra-de-abastecimiento-de-agua-para-cortinez\\\/\"},\"wordCount\":255,\"publisher\":{\"@id\":\"https:\\\/\\\/noticiasmercedinas.com\\\/site\\\/#organization\"},\"image\":{\"@id\":\"https:\\\/\\\/noticiasmercedinas.com\\\/site\\\/2023\\\/06\\\/28\\\/provincia-licito-obra-de-abastecimiento-de-agua-para-cortinez\\\/#primaryimage\"},\"thumbnailUrl\":\"https:\\\/\\\/noticiasmercedinas.com\\\/site\\\/wp-content\\\/uploads\\\/2023\\\/06\\\/DIPAC-Cortinez-1.jpeg\",\"keywords\":[\"agua\",\"cortinez\",\"dipac\",\"lujan\"],\"articleSection\":[\"Regionales\"],\"inLanguage\":\"es\"},{\"@type\":\"WebPage\",\"@id\":\"https:\\\/\\\/noticiasmercedinas.com\\\/site\\\/2023\\\/06\\\/28\\\/provincia-licito-obra-de-abastecimiento-de-agua-para-cortinez\\\/\",\"url\":\"https:\\\/\\\/noticiasmercedinas.com\\\/site\\\/2023\\\/06\\\/28\\\/provincia-licito-obra-de-abastecimiento-de-agua-para-cortinez\\\/\",\"name\":\"Provincia licit\u00f3 obra de abastecimiento de agua para Cort\u00ednez\",\"isPartOf\":{\"@id\":\"https:\\\/\\\/noticiasmercedinas.com\\\/site\\\/#website\"},\"primaryImageOfPage\":{\"@id\":\"https:\\\/\\\/noticiasmercedinas.com\\\/site\\\/2023\\\/06\\\/28\\\/provincia-licito-obra-de-abastecimiento-de-agua-para-cortinez\\\/#primaryimage\"},\"image\":{\"@id\":\"https:\\\/\\\/noticiasmercedinas.com\\\/site\\\/2023\\\/06\\\/28\\\/provincia-licito-obra-de-abastecimiento-de-agua-para-cortinez\\\/#primaryimage\"},\"thumbnailUrl\":\"https:\\\/\\\/noticiasmercedinas.com\\\/site\\\/wp-content\\\/uploads\\\/2023\\\/06\\\/DIPAC-Cortinez-1.jpeg\",\"datePublished\":\"2023-06-28T18:01:38+00:00\",\"dateModified\":\"2023-06-28T18:01:53+00:00\",\"breadcrumb\":{\"@id\":\"https:\\\/\\\/noticiasmercedinas.com\\\/site\\\/2023\\\/06\\\/28\\\/provincia-licito-obra-de-abastecimiento-de-agua-para-cortinez\\\/#breadcrumb\"},\"inLanguage\":\"es\",\"potentialAction\":[{\"@type\":\"ReadAction\",\"target\":[\"https:\\\/\\\/noticiasmercedinas.com\\\/site\\\/2023\\\/06\\\/28\\\/provincia-licito-obra-de-abastecimiento-de-agua-para-cortinez\\\/\"]}]},{\"@type\":\"ImageObject\",\"inLanguage\":\"es\",\"@id\":\"https:\\\/\\\/noticiasmercedinas.com\\\/site\\\/2023\\\/06\\\/28\\\/provincia-licito-obra-de-abastecimiento-de-agua-para-cortinez\\\/#primaryimage\",\"url\":\"https:\\\/\\\/noticiasmercedinas.com\\\/site\\\/wp-content\\\/uploads\\\/2023\\\/06\\\/DIPAC-Cortinez-1.jpeg\",\"contentUrl\":\"https:\\\/\\\/noticiasmercedinas.com\\\/site\\\/wp-content\\\/uploads\\\/2023\\\/06\\\/DIPAC-Cortinez-1.jpeg\",\"width\":560,\"height\":374},{\"@type\":\"BreadcrumbList\",\"@id\":\"https:\\\/\\\/noticiasmercedinas.com\\\/site\\\/2023\\\/06\\\/28\\\/provincia-licito-obra-de-abastecimiento-de-agua-para-cortinez\\\/#breadcrumb\",\"itemListElement\":[{\"@type\":\"ListItem\",\"position\":1,\"name\":\"Portada\",\"item\":\"https:\\\/\\\/noticiasmercedinas.com\\\/site\\\/\"},{\"@type\":\"ListItem\",\"position\":2,\"name\":\"Provincia licit\u00f3 obra de abastecimiento de agua para Cort\u00ednez\"}]},{\"@type\":\"WebSite\",\"@id\":\"https:\\\/\\\/noticiasmercedinas.com\\\/site\\\/#website\",\"url\":\"https:\\\/\\\/noticiasmercedinas.com\\\/site\\\/\",\"name\":\"NOTICIASMERCEDINAS.COM\",\"description\":\"Mercedes, Buenos Aires, Argentina\",\"publisher\":{\"@id\":\"https:\\\/\\\/noticiasmercedinas.com\\\/site\\\/#organization\"},\"potentialAction\":[{\"@type\":\"SearchAction\",\"target\":{\"@type\":\"EntryPoint\",\"urlTemplate\":\"https:\\\/\\\/noticiasmercedinas.com\\\/site\\\/?s={search_term_string}\"},\"query-input\":{\"@type\":\"PropertyValueSpecification\",\"valueRequired\":true,\"valueName\":\"search_term_string\"}}],\"inLanguage\":\"es\"},{\"@type\":\"Organization\",\"@id\":\"https:\\\/\\\/noticiasmercedinas.com\\\/site\\\/#organization\",\"name\":\"NOTICIASMERCEDINAS.COM\",\"url\":\"https:\\\/\\\/noticiasmercedinas.com\\\/site\\\/\",\"logo\":{\"@type\":\"ImageObject\",\"inLanguage\":\"es\",\"@id\":\"https:\\\/\\\/noticiasmercedinas.com\\\/site\\\/#\\\/schema\\\/logo\\\/image\\\/\",\"url\":\"https:\\\/\\\/noticiasmercedinas.com\\\/site\\\/wp-content\\\/uploads\\\/2020\\\/06\\\/LOGO-512.jpg\",\"contentUrl\":\"https:\\\/\\\/noticiasmercedinas.com\\\/site\\\/wp-content\\\/uploads\\\/2020\\\/06\\\/LOGO-512.jpg\",\"width\":512,\"height\":512,\"caption\":\"NOTICIASMERCEDINAS.COM\"},\"image\":{\"@id\":\"https:\\\/\\\/noticiasmercedinas.com\\\/site\\\/#\\\/schema\\\/logo\\\/image\\\/\"},\"sameAs\":[\"https:\\\/\\\/www.facebook.com\\\/noticiasmercedinas\\\/\",\"https:\\\/\\\/x.com\\\/notmercedinas\",\"https:\\\/\\\/www.instagram.com\\\/noticiasmercedinas\\\/\"]},{\"@type\":\"Person\",\"@id\":\"https:\\\/\\\/noticiasmercedinas.com\\\/site\\\/#\\\/schema\\\/person\\\/84b59c099c28ff2e8b77d4ceec5d8063\",\"name\":\"NOTICIASMERCEDINAS.COM\",\"image\":{\"@type\":\"ImageObject\",\"inLanguage\":\"es\",\"@id\":\"https:\\\/\\\/secure.gravatar.com\\\/avatar\\\/4dfbf16b4d17945bfb6341b2d19043457132fcf478a5ee04f42e959fd8f5df0a?s=96&d=mm&r=g\",\"url\":\"https:\\\/\\\/secure.gravatar.com\\\/avatar\\\/4dfbf16b4d17945bfb6341b2d19043457132fcf478a5ee04f42e959fd8f5df0a?s=96&d=mm&r=g\",\"contentUrl\":\"https:\\\/\\\/secure.gravatar.com\\\/avatar\\\/4dfbf16b4d17945bfb6341b2d19043457132fcf478a5ee04f42e959fd8f5df0a?s=96&d=mm&r=g\",\"caption\":\"NOTICIASMERCEDINAS.COM\"},\"url\":\"https:\\\/\\\/noticiasmercedinas.com\\\/site\\\/author\\\/anonimo\\\/\"}]}<\/script>\n<!-- \/ Yoast SEO plugin. -->","yoast_head_json":{"title":"Provincia licit\u00f3 obra de abastecimiento de agua para Cort\u00ednez","robots":{"index":"index","follow":"follow","max-snippet":"max-snippet:-1","max-image-preview":"max-image-preview:large","max-video-preview":"max-video-preview:-1"},"canonical":"https:\/\/noticiasmercedinas.com\/site\/2023\/06\/28\/provincia-licito-obra-de-abastecimiento-de-agua-para-cortinez\/","og_locale":"es_ES","og_type":"article","og_title":"Provincia licit\u00f3 obra de abastecimiento de agua para Cort\u00ednez","og_description":"La Subsecretar\u00eda de Recursos H\u00eddricos, dependiente del Ministerio de Infraestructura y Servicios P\u00fablicos de la Provincia, licit\u00f3 la obra \u201cSistema de abastecimiento de aguas\u201d para la localidad de Cort\u00ednez, en Luj\u00e1n, cuyo presupuesto oficial supera los 309 millones de pesos. El proyecto prev\u00e9 dar servicio a 24 manzanas y beneficia a 1879 habitantes de la [&hellip;]","og_url":"https:\/\/noticiasmercedinas.com\/site\/2023\/06\/28\/provincia-licito-obra-de-abastecimiento-de-agua-para-cortinez\/","og_site_name":"NOTICIASMERCEDINAS.COM","article_publisher":"https:\/\/www.facebook.com\/noticiasmercedinas\/","article_published_time":"2023-06-28T18:01:38+00:00","article_modified_time":"2023-06-28T18:01:53+00:00","og_image":[{"width":560,"height":374,"url":"https:\/\/noticiasmercedinas.com\/site\/wp-content\/uploads\/2023\/06\/DIPAC-Cortinez-1.jpeg","type":"image\/jpeg"}],"author":"NOTICIASMERCEDINAS.COM","twitter_card":"summary_large_image","twitter_creator":"@notmercedinas","twitter_site":"@notmercedinas","twitter_misc":{"Escrito por":"NOTICIASMERCEDINAS.COM","Tiempo de lectura":"2 minutos"},"schema":{"@context":"https:\/\/schema.org","@graph":[{"@type":"Article","@id":"https:\/\/noticiasmercedinas.com\/site\/2023\/06\/28\/provincia-licito-obra-de-abastecimiento-de-agua-para-cortinez\/#article","isPartOf":{"@id":"https:\/\/noticiasmercedinas.com\/site\/2023\/06\/28\/provincia-licito-obra-de-abastecimiento-de-agua-para-cortinez\/"},"author":{"name":"NOTICIASMERCEDINAS.COM","@id":"https:\/\/noticiasmercedinas.com\/site\/#\/schema\/person\/84b59c099c28ff2e8b77d4ceec5d8063"},"headline":"Provincia licit\u00f3 obra de abastecimiento de agua para Cort\u00ednez","datePublished":"2023-06-28T18:01:38+00:00","dateModified":"2023-06-28T18:01:53+00:00","mainEntityOfPage":{"@id":"https:\/\/noticiasmercedinas.com\/site\/2023\/06\/28\/provincia-licito-obra-de-abastecimiento-de-agua-para-cortinez\/"},"wordCount":255,"publisher":{"@id":"https:\/\/noticiasmercedinas.com\/site\/#organization"},"image":{"@id":"https:\/\/noticiasmercedinas.com\/site\/2023\/06\/28\/provincia-licito-obra-de-abastecimiento-de-agua-para-cortinez\/#primaryimage"},"thumbnailUrl":"https:\/\/noticiasmercedinas.com\/site\/wp-content\/uploads\/2023\/06\/DIPAC-Cortinez-1.jpeg","keywords":["agua","cortinez","dipac","lujan"],"articleSection":["Regionales"],"inLanguage":"es"},{"@type":"WebPage","@id":"https:\/\/noticiasmercedinas.com\/site\/2023\/06\/28\/provincia-licito-obra-de-abastecimiento-de-agua-para-cortinez\/","url":"https:\/\/noticiasmercedinas.com\/site\/2023\/06\/28\/provincia-licito-obra-de-abastecimiento-de-agua-para-cortinez\/","name":"Provincia licit\u00f3 obra de abastecimiento de agua para Cort\u00ednez","isPartOf":{"@id":"https:\/\/noticiasmercedinas.com\/site\/#website"},"primaryImageOfPage":{"@id":"https:\/\/noticiasmercedinas.com\/site\/2023\/06\/28\/provincia-licito-obra-de-abastecimiento-de-agua-para-cortinez\/#primaryimage"},"image":{"@id":"https:\/\/noticiasmercedinas.com\/site\/2023\/06\/28\/provincia-licito-obra-de-abastecimiento-de-agua-para-cortinez\/#primaryimage"},"thumbnailUrl":"https:\/\/noticiasmercedinas.com\/site\/wp-content\/uploads\/2023\/06\/DIPAC-Cortinez-1.jpeg","datePublished":"2023-06-28T18:01:38+00:00","dateModified":"2023-06-28T18:01:53+00:00","breadcrumb":{"@id":"https:\/\/noticiasmercedinas.com\/site\/2023\/06\/28\/provincia-licito-obra-de-abastecimiento-de-agua-para-cortinez\/#breadcrumb"},"inLanguage":"es","potentialAction":[{"@type":"ReadAction","target":["https:\/\/noticiasmercedinas.com\/site\/2023\/06\/28\/provincia-licito-obra-de-abastecimiento-de-agua-para-cortinez\/"]}]},{"@type":"ImageObject","inLanguage":"es","@id":"https:\/\/noticiasmercedinas.com\/site\/2023\/06\/28\/provincia-licito-obra-de-abastecimiento-de-agua-para-cortinez\/#primaryimage","url":"https:\/\/noticiasmercedinas.com\/site\/wp-content\/uploads\/2023\/06\/DIPAC-Cortinez-1.jpeg","contentUrl":"https:\/\/noticiasmercedinas.com\/site\/wp-content\/uploads\/2023\/06\/DIPAC-Cortinez-1.jpeg","width":560,"height":374},{"@type":"BreadcrumbList","@id":"https:\/\/noticiasmercedinas.com\/site\/2023\/06\/28\/provincia-licito-obra-de-abastecimiento-de-agua-para-cortinez\/#breadcrumb","itemListElement":[{"@type":"ListItem","position":1,"name":"Portada","item":"https:\/\/noticiasmercedinas.com\/site\/"},{"@type":"ListItem","position":2,"name":"Provincia licit\u00f3 obra de abastecimiento de agua para Cort\u00ednez"}]},{"@type":"WebSite","@id":"https:\/\/noticiasmercedinas.com\/site\/#website","url":"https:\/\/noticiasmercedinas.com\/site\/","name":"NOTICIASMERCEDINAS.COM","description":"Mercedes, Buenos Aires, Argentina","publisher":{"@id":"https:\/\/noticiasmercedinas.com\/site\/#organization"},"potentialAction":[{"@type":"SearchAction","target":{"@type":"EntryPoint","urlTemplate":"https:\/\/noticiasmercedinas.com\/site\/?s={search_term_string}"},"query-input":{"@type":"PropertyValueSpecification","valueRequired":true,"valueName":"search_term_string"}}],"inLanguage":"es"},{"@type":"Organization","@id":"https:\/\/noticiasmercedinas.com\/site\/#organization","name":"NOTICIASMERCEDINAS.COM","url":"https:\/\/noticiasmercedinas.com\/site\/","logo":{"@type":"ImageObject","inLanguage":"es","@id":"https:\/\/noticiasmercedinas.com\/site\/#\/schema\/logo\/image\/","url":"https:\/\/noticiasmercedinas.com\/site\/wp-content\/uploads\/2020\/06\/LOGO-512.jpg","contentUrl":"https:\/\/noticiasmercedinas.com\/site\/wp-content\/uploads\/2020\/06\/LOGO-512.jpg","width":512,"height":512,"caption":"NOTICIASMERCEDINAS.COM"},"image":{"@id":"https:\/\/noticiasmercedinas.com\/site\/#\/schema\/logo\/image\/"},"sameAs":["https:\/\/www.facebook.com\/noticiasmercedinas\/","https:\/\/x.com\/notmercedinas","https:\/\/www.instagram.com\/noticiasmercedinas\/"]},{"@type":"Person","@id":"https:\/\/noticiasmercedinas.com\/site\/#\/schema\/person\/84b59c099c28ff2e8b77d4ceec5d8063","name":"NOTICIASMERCEDINAS.COM","image":{"@type":"ImageObject","inLanguage":"es","@id":"https:\/\/secure.gravatar.com\/avatar\/4dfbf16b4d17945bfb6341b2d19043457132fcf478a5ee04f42e959fd8f5df0a?s=96&d=mm&r=g","url":"https:\/\/secure.gravatar.com\/avatar\/4dfbf16b4d17945bfb6341b2d19043457132fcf478a5ee04f42e959fd8f5df0a?s=96&d=mm&r=g","contentUrl":"https:\/\/secure.gravatar.com\/avatar\/4dfbf16b4d17945bfb6341b2d19043457132fcf478a5ee04f42e959fd8f5df0a?s=96&d=mm&r=g","caption":"NOTICIASMERCEDINAS.COM"},"url":"https:\/\/noticiasmercedinas.com\/site\/author\/anonimo\/"}]}},"amp_enabled":true,"_links":{"self":[{"href":"https:\/\/noticiasmercedinas.com\/site\/wp-json\/wp\/v2\/posts\/118032","targetHints":{"allow":["GET"]}}],"collection":[{"href":"https:\/\/noticiasmercedinas.com\/site\/wp-json\/wp\/v2\/posts"}],"about":[{"href":"https:\/\/noticiasmercedinas.com\/site\/wp-json\/wp\/v2\/types\/post"}],"author":[{"embeddable":true,"href":"https:\/\/noticiasmercedinas.com\/site\/wp-json\/wp\/v2\/users\/16"}],"replies":[{"embeddable":true,"href":"https:\/\/noticiasmercedinas.com\/site\/wp-json\/wp\/v2\/comments?post=118032"}],"version-history":[{"count":2,"href":"https:\/\/noticiasmercedinas.com\/site\/wp-json\/wp\/v2\/posts\/118032\/revisions"}],"predecessor-version":[{"id":118035,"href":"https:\/\/noticiasmercedinas.com\/site\/wp-json\/wp\/v2\/posts\/118032\/revisions\/118035"}],"wp:featuredmedia":[{"embeddable":true,"href":"https:\/\/noticiasmercedinas.com\/site\/wp-json\/wp\/v2\/media\/118033"}],"wp:attachment":[{"href":"https:\/\/noticiasmercedinas.com\/site\/wp-json\/wp\/v2\/media?parent=118032"}],"wp:term":[{"taxonomy":"category","embeddable":true,"href":"https:\/\/noticiasmercedinas.com\/site\/wp-json\/wp\/v2\/categories?post=118032"},{"taxonomy":"post_tag","embeddable":true,"href":"https:\/\/noticiasmercedinas.com\/site\/wp-json\/wp\/v2\/tags?post=118032"}],"curies":[{"name":"wp","href":"https:\/\/api.w.org\/{rel}","templated":true}]}}