{"id":118105,"date":"2023-06-29T15:11:31","date_gmt":"2023-06-29T18:11:31","guid":{"rendered":"https:\/\/noticiasmercedinas.com\/site\/?p=118105"},"modified":"2023-06-29T15:15:08","modified_gmt":"2023-06-29T18:15:08","slug":"turismo-junin-se-llego-a-mercedes-para-promocionar-sus-actividades","status":"publish","type":"post","link":"https:\/\/noticiasmercedinas.com\/site\/2023\/06\/29\/turismo-junin-se-llego-a-mercedes-para-promocionar-sus-actividades\/","title":{"rendered":"Turismo: Jun\u00edn se lleg\u00f3 a Mercedes para promocionar sus actividades"},"content":{"rendered":"<p><img loading=\"lazy\" decoding=\"async\" class=\"alignnone size-full wp-image-118106\" src=\"https:\/\/noticiasmercedinas.com\/site\/wp-content\/uploads\/2023\/06\/junin_1.jpg\" alt=\"\" width=\"640\" height=\"427\" srcset=\"https:\/\/noticiasmercedinas.com\/site\/wp-content\/uploads\/2023\/06\/junin_1.jpg 640w, https:\/\/noticiasmercedinas.com\/site\/wp-content\/uploads\/2023\/06\/junin_1-300x200.jpg 300w\" sizes=\"auto, (max-width: 640px) 100vw, 640px\" \/><\/p>\n<p>La Subsecretaria de Turismo de Jun\u00edn estuvo presente en Mercedes ese jueves en el marco de sus recorridas conocidas como \u201cCaravana tur\u00edstica\u201d para hacer promoci\u00f3n de las bondades de hacer miniturismo en esa localidad.<\/p>\n<p>Con un stand promocional en plaza San Mart\u00edn, dos promotores y la presencia del propio responsable del \u00e1rea de Turismo de la localidad bonaerense, <strong>Luis Bortolato<\/strong>, cada uno de los que pasaba fue invitado a conocer la propuesta desde una carpa multicolor.<\/p>\n<p>Y si bien hoy estuvieron en Mercedes, la recorrida es constante por distintas ciudades. \u201cRecorremos toda la provincia de Buenos Aires, siempre estamos en una localidad distinta y ofrecemos lo que tiene Jun\u00edn durante todo el a\u00f1o para conocer. Venimos con juegos, con actividades de entretenimiento vinculadas al turismo, para que nos conozcan. Y tambi\u00e9n buscamos que el turista se lleve algo m\u00e1s, por eso entregamos una cuponera virtual con descuentos y beneficios. Queremos que las personas encuentren un motivo para ir a visitarnos y en la cuponera un atractivo. Hay descuentos en alojamientos, en gastronom\u00eda, en comercio, indumentaria, y m\u00e1s\u201d, remarc\u00f3 el funcionario.<\/p>\n<p>\u201cSomos una opci\u00f3n para visitar durante todo el a\u00f1o y la idea es que conozcan cu\u00e1les ser\u00edan los atractivos\u201d, indic\u00f3 Bortolato.<\/p>\n<p><img loading=\"lazy\" decoding=\"async\" class=\"alignnone wp-image-118107\" src=\"https:\/\/noticiasmercedinas.com\/site\/wp-content\/uploads\/2023\/06\/Outlook-t5owpose.jpg\" alt=\"\" width=\"640\" height=\"347\" srcset=\"https:\/\/noticiasmercedinas.com\/site\/wp-content\/uploads\/2023\/06\/Outlook-t5owpose.jpg 598w, https:\/\/noticiasmercedinas.com\/site\/wp-content\/uploads\/2023\/06\/Outlook-t5owpose-300x163.jpg 300w\" sizes=\"auto, (max-width: 640px) 100vw, 640px\" \/><\/p>\n<p>De esta manera, sobresalen tres lagunas en la localidad: Mar Chiquita, El Carpincho y Laguna de G\u00f3mez. \u201cLo que estamos ofreciendo es la importante oferta de actividades de turismo alternativo. Jun\u00edn tiene tres modalidades para vuelos de bautismo, tiene dos parques de turismo aventura, uno de cuerdas y uno de paintball; tiene gu\u00edas de avistaje de aves y de fauna, de trekking\u2026 Establecimientos de turismo rural, establecimientos de turismo enol\u00f3gico, una bodega que produce vinos y que hace visitas. Tenemos establecimientos que hacen degustaciones de fiambres, f\u00e1brica de t\u00e9, f\u00e1brica de bebidas blancas, hay seis museos, dos de arte hist\u00f3rico, el Museo Malvinas, el Museo de M\u00e1quinas Agr\u00edcolas, la sala de interpretaci\u00f3n de Atahualpa Yupanqui, y tiene una oferta de entretenimiento y cultural muy amplia, ya que todos los fines de semana hay un mont\u00f3n de espect\u00e1culos y eventos: cine, teatro, espect\u00e1culos de m\u00fasica, dir\u00eda que por fin de semana hay m\u00e1s de 10 espect\u00e1culos. Y es una ciudad con mucha vida mucha gastron\u00f3mica\u201d, sintetiz\u00f3 Bortolato entrevistado por <em>Noticias Mercedinas<\/em> sobre las bondades de su pueblo ubicado sobe la ruta nacional 7 a 260 kil\u00f3metros de la Ciudad de Buenos Aires y 180 de Mercedes.<\/p>\n<p>Otra opci\u00f3n por la que los visitantes eligen Jun\u00edn es para ver f\u00fatbol. \u201cAl que le gusta ver f\u00fatbol de Primera, quiere ir a ver a Boca, a Rivero, Independiente o Racing, la de Jun\u00edn es una cancha s\u00faper tranquila, se puede ir con toda la familia, se va a disfrutar, a ver tranquilo el partido\u201d, explic\u00f3 el responsable del \u00e1rea de Turismo municipal de Jun\u00edn, que \u2013cuenta&#8211; es \u201cuna ciudad grande con mucho para hacer, pero tiene todas las caracter\u00edsticas de una ciudad tranquila y apacible\u201d.<\/p>\n<p><img loading=\"lazy\" decoding=\"async\" class=\"alignnone size-large wp-image-118108\" src=\"https:\/\/noticiasmercedinas.com\/site\/wp-content\/uploads\/2023\/06\/WhatsApp-Image-2023-06-27-at-12.58.04-1-1-1-826x1024.jpeg\" alt=\"\" width=\"640\" height=\"793\" srcset=\"https:\/\/noticiasmercedinas.com\/site\/wp-content\/uploads\/2023\/06\/WhatsApp-Image-2023-06-27-at-12.58.04-1-1-1-826x1024.jpeg 826w, https:\/\/noticiasmercedinas.com\/site\/wp-content\/uploads\/2023\/06\/WhatsApp-Image-2023-06-27-at-12.58.04-1-1-1-242x300.jpeg 242w, https:\/\/noticiasmercedinas.com\/site\/wp-content\/uploads\/2023\/06\/WhatsApp-Image-2023-06-27-at-12.58.04-1-1-1-768x952.jpeg 768w, https:\/\/noticiasmercedinas.com\/site\/wp-content\/uploads\/2023\/06\/WhatsApp-Image-2023-06-27-at-12.58.04-1-1-1-640x793.jpeg 640w, https:\/\/noticiasmercedinas.com\/site\/wp-content\/uploads\/2023\/06\/WhatsApp-Image-2023-06-27-at-12.58.04-1-1-1-681x844.jpeg 681w, https:\/\/noticiasmercedinas.com\/site\/wp-content\/uploads\/2023\/06\/WhatsApp-Image-2023-06-27-at-12.58.04-1-1-1.jpeg 1089w\" sizes=\"auto, (max-width: 640px) 100vw, 640px\" \/><\/p>\n","protected":false},"excerpt":{"rendered":"<p>\u25a0 Hubo un stand de la localidad bonaerense, en el marco de sus recorridas conocidas como \u201cCaravana tur\u00edstica\u201d para hacer promoci\u00f3n de las bondades de hacer miniturismo<\/p>\n","protected":false},"author":16,"featured_media":118106,"comment_status":"closed","ping_status":"closed","sticky":false,"template":"","format":"standard","meta":{"footnotes":""},"categories":[3],"tags":[1744,2799,33],"class_list":["post-118105","post","type-post","status-publish","format-standard","has-post-thumbnail","hentry","category-sociedad","tag-junin","tag-miniturismo","tag-turismo"],"yoast_head":"<!-- This site is optimized with the Yoast SEO plugin v28.3 - https:\/\/yoast.com\/product\/yoast-seo-wordpress\/ -->\n<title>Turismo: Jun\u00edn se lleg\u00f3 a Mercedes para promocionar sus actividades<\/title>\n<meta name=\"robots\" content=\"index, follow, max-snippet:-1, max-image-preview:large, max-video-preview:-1\" \/>\n<link rel=\"canonical\" href=\"https:\/\/noticiasmercedinas.com\/site\/2023\/06\/29\/turismo-junin-se-llego-a-mercedes-para-promocionar-sus-actividades\/\" \/>\n<meta property=\"og:locale\" content=\"es_ES\" \/>\n<meta property=\"og:type\" content=\"article\" \/>\n<meta property=\"og:title\" content=\"Turismo: Jun\u00edn se lleg\u00f3 a Mercedes para promocionar sus actividades\" \/>\n<meta property=\"og:description\" content=\"\u25a0 Hubo un stand de la localidad bonaerense, en el marco de sus recorridas conocidas como \u201cCaravana tur\u00edstica\u201d para hacer promoci\u00f3n de las bondades de hacer miniturismo\" \/>\n<meta property=\"og:url\" content=\"https:\/\/noticiasmercedinas.com\/site\/2023\/06\/29\/turismo-junin-se-llego-a-mercedes-para-promocionar-sus-actividades\/\" \/>\n<meta property=\"og:site_name\" content=\"NOTICIASMERCEDINAS.COM\" \/>\n<meta property=\"article:publisher\" content=\"https:\/\/www.facebook.com\/noticiasmercedinas\/\" \/>\n<meta property=\"article:published_time\" content=\"2023-06-29T18:11:31+00:00\" \/>\n<meta property=\"article:modified_time\" content=\"2023-06-29T18:15:08+00:00\" \/>\n<meta property=\"og:image\" content=\"https:\/\/noticiasmercedinas.com\/site\/wp-content\/uploads\/2023\/06\/junin_1.jpg\" \/>\n\t<meta property=\"og:image:width\" content=\"640\" \/>\n\t<meta property=\"og:image:height\" content=\"427\" \/>\n\t<meta property=\"og:image:type\" content=\"image\/jpeg\" \/>\n<meta name=\"author\" content=\"NOTICIASMERCEDINAS.COM\" \/>\n<meta name=\"twitter:card\" content=\"summary_large_image\" \/>\n<meta name=\"twitter:creator\" content=\"@notmercedinas\" \/>\n<meta name=\"twitter:site\" content=\"@notmercedinas\" \/>\n<meta name=\"twitter:label1\" content=\"Escrito por\" \/>\n\t<meta name=\"twitter:data1\" content=\"NOTICIASMERCEDINAS.COM\" \/>\n\t<meta name=\"twitter:label2\" content=\"Tiempo de lectura\" \/>\n\t<meta name=\"twitter:data2\" content=\"3 minutos\" \/>\n<script type=\"application\/ld+json\" class=\"yoast-schema-graph\">{\"@context\":\"https:\\\/\\\/schema.org\",\"@graph\":[{\"@type\":\"Article\",\"@id\":\"https:\\\/\\\/noticiasmercedinas.com\\\/site\\\/2023\\\/06\\\/29\\\/turismo-junin-se-llego-a-mercedes-para-promocionar-sus-actividades\\\/#article\",\"isPartOf\":{\"@id\":\"https:\\\/\\\/noticiasmercedinas.com\\\/site\\\/2023\\\/06\\\/29\\\/turismo-junin-se-llego-a-mercedes-para-promocionar-sus-actividades\\\/\"},\"author\":{\"name\":\"NOTICIASMERCEDINAS.COM\",\"@id\":\"https:\\\/\\\/noticiasmercedinas.com\\\/site\\\/#\\\/schema\\\/person\\\/84b59c099c28ff2e8b77d4ceec5d8063\"},\"headline\":\"Turismo: Jun\u00edn se lleg\u00f3 a Mercedes para promocionar sus actividades\",\"datePublished\":\"2023-06-29T18:11:31+00:00\",\"dateModified\":\"2023-06-29T18:15:08+00:00\",\"mainEntityOfPage\":{\"@id\":\"https:\\\/\\\/noticiasmercedinas.com\\\/site\\\/2023\\\/06\\\/29\\\/turismo-junin-se-llego-a-mercedes-para-promocionar-sus-actividades\\\/\"},\"wordCount\":531,\"publisher\":{\"@id\":\"https:\\\/\\\/noticiasmercedinas.com\\\/site\\\/#organization\"},\"image\":{\"@id\":\"https:\\\/\\\/noticiasmercedinas.com\\\/site\\\/2023\\\/06\\\/29\\\/turismo-junin-se-llego-a-mercedes-para-promocionar-sus-actividades\\\/#primaryimage\"},\"thumbnailUrl\":\"https:\\\/\\\/noticiasmercedinas.com\\\/site\\\/wp-content\\\/uploads\\\/2023\\\/06\\\/junin_1.jpg\",\"keywords\":[\"Junin\",\"miniturismo\",\"turismo\"],\"articleSection\":[\"Sociedad\"],\"inLanguage\":\"es\"},{\"@type\":\"WebPage\",\"@id\":\"https:\\\/\\\/noticiasmercedinas.com\\\/site\\\/2023\\\/06\\\/29\\\/turismo-junin-se-llego-a-mercedes-para-promocionar-sus-actividades\\\/\",\"url\":\"https:\\\/\\\/noticiasmercedinas.com\\\/site\\\/2023\\\/06\\\/29\\\/turismo-junin-se-llego-a-mercedes-para-promocionar-sus-actividades\\\/\",\"name\":\"Turismo: Jun\u00edn se lleg\u00f3 a Mercedes para promocionar sus actividades\",\"isPartOf\":{\"@id\":\"https:\\\/\\\/noticiasmercedinas.com\\\/site\\\/#website\"},\"primaryImageOfPage\":{\"@id\":\"https:\\\/\\\/noticiasmercedinas.com\\\/site\\\/2023\\\/06\\\/29\\\/turismo-junin-se-llego-a-mercedes-para-promocionar-sus-actividades\\\/#primaryimage\"},\"image\":{\"@id\":\"https:\\\/\\\/noticiasmercedinas.com\\\/site\\\/2023\\\/06\\\/29\\\/turismo-junin-se-llego-a-mercedes-para-promocionar-sus-actividades\\\/#primaryimage\"},\"thumbnailUrl\":\"https:\\\/\\\/noticiasmercedinas.com\\\/site\\\/wp-content\\\/uploads\\\/2023\\\/06\\\/junin_1.jpg\",\"datePublished\":\"2023-06-29T18:11:31+00:00\",\"dateModified\":\"2023-06-29T18:15:08+00:00\",\"breadcrumb\":{\"@id\":\"https:\\\/\\\/noticiasmercedinas.com\\\/site\\\/2023\\\/06\\\/29\\\/turismo-junin-se-llego-a-mercedes-para-promocionar-sus-actividades\\\/#breadcrumb\"},\"inLanguage\":\"es\",\"potentialAction\":[{\"@type\":\"ReadAction\",\"target\":[\"https:\\\/\\\/noticiasmercedinas.com\\\/site\\\/2023\\\/06\\\/29\\\/turismo-junin-se-llego-a-mercedes-para-promocionar-sus-actividades\\\/\"]}]},{\"@type\":\"ImageObject\",\"inLanguage\":\"es\",\"@id\":\"https:\\\/\\\/noticiasmercedinas.com\\\/site\\\/2023\\\/06\\\/29\\\/turismo-junin-se-llego-a-mercedes-para-promocionar-sus-actividades\\\/#primaryimage\",\"url\":\"https:\\\/\\\/noticiasmercedinas.com\\\/site\\\/wp-content\\\/uploads\\\/2023\\\/06\\\/junin_1.jpg\",\"contentUrl\":\"https:\\\/\\\/noticiasmercedinas.com\\\/site\\\/wp-content\\\/uploads\\\/2023\\\/06\\\/junin_1.jpg\",\"width\":640,\"height\":427},{\"@type\":\"BreadcrumbList\",\"@id\":\"https:\\\/\\\/noticiasmercedinas.com\\\/site\\\/2023\\\/06\\\/29\\\/turismo-junin-se-llego-a-mercedes-para-promocionar-sus-actividades\\\/#breadcrumb\",\"itemListElement\":[{\"@type\":\"ListItem\",\"position\":1,\"name\":\"Portada\",\"item\":\"https:\\\/\\\/noticiasmercedinas.com\\\/site\\\/\"},{\"@type\":\"ListItem\",\"position\":2,\"name\":\"Turismo: Jun\u00edn se lleg\u00f3 a Mercedes para promocionar sus actividades\"}]},{\"@type\":\"WebSite\",\"@id\":\"https:\\\/\\\/noticiasmercedinas.com\\\/site\\\/#website\",\"url\":\"https:\\\/\\\/noticiasmercedinas.com\\\/site\\\/\",\"name\":\"NOTICIASMERCEDINAS.COM\",\"description\":\"Mercedes, Buenos Aires, Argentina\",\"publisher\":{\"@id\":\"https:\\\/\\\/noticiasmercedinas.com\\\/site\\\/#organization\"},\"potentialAction\":[{\"@type\":\"SearchAction\",\"target\":{\"@type\":\"EntryPoint\",\"urlTemplate\":\"https:\\\/\\\/noticiasmercedinas.com\\\/site\\\/?s={search_term_string}\"},\"query-input\":{\"@type\":\"PropertyValueSpecification\",\"valueRequired\":true,\"valueName\":\"search_term_string\"}}],\"inLanguage\":\"es\"},{\"@type\":\"Organization\",\"@id\":\"https:\\\/\\\/noticiasmercedinas.com\\\/site\\\/#organization\",\"name\":\"NOTICIASMERCEDINAS.COM\",\"url\":\"https:\\\/\\\/noticiasmercedinas.com\\\/site\\\/\",\"logo\":{\"@type\":\"ImageObject\",\"inLanguage\":\"es\",\"@id\":\"https:\\\/\\\/noticiasmercedinas.com\\\/site\\\/#\\\/schema\\\/logo\\\/image\\\/\",\"url\":\"https:\\\/\\\/noticiasmercedinas.com\\\/site\\\/wp-content\\\/uploads\\\/2020\\\/06\\\/LOGO-512.jpg\",\"contentUrl\":\"https:\\\/\\\/noticiasmercedinas.com\\\/site\\\/wp-content\\\/uploads\\\/2020\\\/06\\\/LOGO-512.jpg\",\"width\":512,\"height\":512,\"caption\":\"NOTICIASMERCEDINAS.COM\"},\"image\":{\"@id\":\"https:\\\/\\\/noticiasmercedinas.com\\\/site\\\/#\\\/schema\\\/logo\\\/image\\\/\"},\"sameAs\":[\"https:\\\/\\\/www.facebook.com\\\/noticiasmercedinas\\\/\",\"https:\\\/\\\/x.com\\\/notmercedinas\",\"https:\\\/\\\/www.instagram.com\\\/noticiasmercedinas\\\/\"]},{\"@type\":\"Person\",\"@id\":\"https:\\\/\\\/noticiasmercedinas.com\\\/site\\\/#\\\/schema\\\/person\\\/84b59c099c28ff2e8b77d4ceec5d8063\",\"name\":\"NOTICIASMERCEDINAS.COM\",\"image\":{\"@type\":\"ImageObject\",\"inLanguage\":\"es\",\"@id\":\"https:\\\/\\\/secure.gravatar.com\\\/avatar\\\/4dfbf16b4d17945bfb6341b2d19043457132fcf478a5ee04f42e959fd8f5df0a?s=96&d=mm&r=g\",\"url\":\"https:\\\/\\\/secure.gravatar.com\\\/avatar\\\/4dfbf16b4d17945bfb6341b2d19043457132fcf478a5ee04f42e959fd8f5df0a?s=96&d=mm&r=g\",\"contentUrl\":\"https:\\\/\\\/secure.gravatar.com\\\/avatar\\\/4dfbf16b4d17945bfb6341b2d19043457132fcf478a5ee04f42e959fd8f5df0a?s=96&d=mm&r=g\",\"caption\":\"NOTICIASMERCEDINAS.COM\"},\"url\":\"https:\\\/\\\/noticiasmercedinas.com\\\/site\\\/author\\\/anonimo\\\/\"}]}<\/script>\n<!-- \/ Yoast SEO plugin. -->","yoast_head_json":{"title":"Turismo: Jun\u00edn se lleg\u00f3 a Mercedes para promocionar sus actividades","robots":{"index":"index","follow":"follow","max-snippet":"max-snippet:-1","max-image-preview":"max-image-preview:large","max-video-preview":"max-video-preview:-1"},"canonical":"https:\/\/noticiasmercedinas.com\/site\/2023\/06\/29\/turismo-junin-se-llego-a-mercedes-para-promocionar-sus-actividades\/","og_locale":"es_ES","og_type":"article","og_title":"Turismo: Jun\u00edn se lleg\u00f3 a Mercedes para promocionar sus actividades","og_description":"\u25a0 Hubo un stand de la localidad bonaerense, en el marco de sus recorridas conocidas como \u201cCaravana tur\u00edstica\u201d para hacer promoci\u00f3n de las bondades de hacer miniturismo","og_url":"https:\/\/noticiasmercedinas.com\/site\/2023\/06\/29\/turismo-junin-se-llego-a-mercedes-para-promocionar-sus-actividades\/","og_site_name":"NOTICIASMERCEDINAS.COM","article_publisher":"https:\/\/www.facebook.com\/noticiasmercedinas\/","article_published_time":"2023-06-29T18:11:31+00:00","article_modified_time":"2023-06-29T18:15:08+00:00","og_image":[{"width":640,"height":427,"url":"https:\/\/noticiasmercedinas.com\/site\/wp-content\/uploads\/2023\/06\/junin_1.jpg","type":"image\/jpeg"}],"author":"NOTICIASMERCEDINAS.COM","twitter_card":"summary_large_image","twitter_creator":"@notmercedinas","twitter_site":"@notmercedinas","twitter_misc":{"Escrito por":"NOTICIASMERCEDINAS.COM","Tiempo de lectura":"3 minutos"},"schema":{"@context":"https:\/\/schema.org","@graph":[{"@type":"Article","@id":"https:\/\/noticiasmercedinas.com\/site\/2023\/06\/29\/turismo-junin-se-llego-a-mercedes-para-promocionar-sus-actividades\/#article","isPartOf":{"@id":"https:\/\/noticiasmercedinas.com\/site\/2023\/06\/29\/turismo-junin-se-llego-a-mercedes-para-promocionar-sus-actividades\/"},"author":{"name":"NOTICIASMERCEDINAS.COM","@id":"https:\/\/noticiasmercedinas.com\/site\/#\/schema\/person\/84b59c099c28ff2e8b77d4ceec5d8063"},"headline":"Turismo: Jun\u00edn se lleg\u00f3 a Mercedes para promocionar sus actividades","datePublished":"2023-06-29T18:11:31+00:00","dateModified":"2023-06-29T18:15:08+00:00","mainEntityOfPage":{"@id":"https:\/\/noticiasmercedinas.com\/site\/2023\/06\/29\/turismo-junin-se-llego-a-mercedes-para-promocionar-sus-actividades\/"},"wordCount":531,"publisher":{"@id":"https:\/\/noticiasmercedinas.com\/site\/#organization"},"image":{"@id":"https:\/\/noticiasmercedinas.com\/site\/2023\/06\/29\/turismo-junin-se-llego-a-mercedes-para-promocionar-sus-actividades\/#primaryimage"},"thumbnailUrl":"https:\/\/noticiasmercedinas.com\/site\/wp-content\/uploads\/2023\/06\/junin_1.jpg","keywords":["Junin","miniturismo","turismo"],"articleSection":["Sociedad"],"inLanguage":"es"},{"@type":"WebPage","@id":"https:\/\/noticiasmercedinas.com\/site\/2023\/06\/29\/turismo-junin-se-llego-a-mercedes-para-promocionar-sus-actividades\/","url":"https:\/\/noticiasmercedinas.com\/site\/2023\/06\/29\/turismo-junin-se-llego-a-mercedes-para-promocionar-sus-actividades\/","name":"Turismo: Jun\u00edn se lleg\u00f3 a Mercedes para promocionar sus actividades","isPartOf":{"@id":"https:\/\/noticiasmercedinas.com\/site\/#website"},"primaryImageOfPage":{"@id":"https:\/\/noticiasmercedinas.com\/site\/2023\/06\/29\/turismo-junin-se-llego-a-mercedes-para-promocionar-sus-actividades\/#primaryimage"},"image":{"@id":"https:\/\/noticiasmercedinas.com\/site\/2023\/06\/29\/turismo-junin-se-llego-a-mercedes-para-promocionar-sus-actividades\/#primaryimage"},"thumbnailUrl":"https:\/\/noticiasmercedinas.com\/site\/wp-content\/uploads\/2023\/06\/junin_1.jpg","datePublished":"2023-06-29T18:11:31+00:00","dateModified":"2023-06-29T18:15:08+00:00","breadcrumb":{"@id":"https:\/\/noticiasmercedinas.com\/site\/2023\/06\/29\/turismo-junin-se-llego-a-mercedes-para-promocionar-sus-actividades\/#breadcrumb"},"inLanguage":"es","potentialAction":[{"@type":"ReadAction","target":["https:\/\/noticiasmercedinas.com\/site\/2023\/06\/29\/turismo-junin-se-llego-a-mercedes-para-promocionar-sus-actividades\/"]}]},{"@type":"ImageObject","inLanguage":"es","@id":"https:\/\/noticiasmercedinas.com\/site\/2023\/06\/29\/turismo-junin-se-llego-a-mercedes-para-promocionar-sus-actividades\/#primaryimage","url":"https:\/\/noticiasmercedinas.com\/site\/wp-content\/uploads\/2023\/06\/junin_1.jpg","contentUrl":"https:\/\/noticiasmercedinas.com\/site\/wp-content\/uploads\/2023\/06\/junin_1.jpg","width":640,"height":427},{"@type":"BreadcrumbList","@id":"https:\/\/noticiasmercedinas.com\/site\/2023\/06\/29\/turismo-junin-se-llego-a-mercedes-para-promocionar-sus-actividades\/#breadcrumb","itemListElement":[{"@type":"ListItem","position":1,"name":"Portada","item":"https:\/\/noticiasmercedinas.com\/site\/"},{"@type":"ListItem","position":2,"name":"Turismo: Jun\u00edn se lleg\u00f3 a Mercedes para promocionar sus actividades"}]},{"@type":"WebSite","@id":"https:\/\/noticiasmercedinas.com\/site\/#website","url":"https:\/\/noticiasmercedinas.com\/site\/","name":"NOTICIASMERCEDINAS.COM","description":"Mercedes, Buenos Aires, Argentina","publisher":{"@id":"https:\/\/noticiasmercedinas.com\/site\/#organization"},"potentialAction":[{"@type":"SearchAction","target":{"@type":"EntryPoint","urlTemplate":"https:\/\/noticiasmercedinas.com\/site\/?s={search_term_string}"},"query-input":{"@type":"PropertyValueSpecification","valueRequired":true,"valueName":"search_term_string"}}],"inLanguage":"es"},{"@type":"Organization","@id":"https:\/\/noticiasmercedinas.com\/site\/#organization","name":"NOTICIASMERCEDINAS.COM","url":"https:\/\/noticiasmercedinas.com\/site\/","logo":{"@type":"ImageObject","inLanguage":"es","@id":"https:\/\/noticiasmercedinas.com\/site\/#\/schema\/logo\/image\/","url":"https:\/\/noticiasmercedinas.com\/site\/wp-content\/uploads\/2020\/06\/LOGO-512.jpg","contentUrl":"https:\/\/noticiasmercedinas.com\/site\/wp-content\/uploads\/2020\/06\/LOGO-512.jpg","width":512,"height":512,"caption":"NOTICIASMERCEDINAS.COM"},"image":{"@id":"https:\/\/noticiasmercedinas.com\/site\/#\/schema\/logo\/image\/"},"sameAs":["https:\/\/www.facebook.com\/noticiasmercedinas\/","https:\/\/x.com\/notmercedinas","https:\/\/www.instagram.com\/noticiasmercedinas\/"]},{"@type":"Person","@id":"https:\/\/noticiasmercedinas.com\/site\/#\/schema\/person\/84b59c099c28ff2e8b77d4ceec5d8063","name":"NOTICIASMERCEDINAS.COM","image":{"@type":"ImageObject","inLanguage":"es","@id":"https:\/\/secure.gravatar.com\/avatar\/4dfbf16b4d17945bfb6341b2d19043457132fcf478a5ee04f42e959fd8f5df0a?s=96&d=mm&r=g","url":"https:\/\/secure.gravatar.com\/avatar\/4dfbf16b4d17945bfb6341b2d19043457132fcf478a5ee04f42e959fd8f5df0a?s=96&d=mm&r=g","contentUrl":"https:\/\/secure.gravatar.com\/avatar\/4dfbf16b4d17945bfb6341b2d19043457132fcf478a5ee04f42e959fd8f5df0a?s=96&d=mm&r=g","caption":"NOTICIASMERCEDINAS.COM"},"url":"https:\/\/noticiasmercedinas.com\/site\/author\/anonimo\/"}]}},"amp_enabled":true,"_links":{"self":[{"href":"https:\/\/noticiasmercedinas.com\/site\/wp-json\/wp\/v2\/posts\/118105","targetHints":{"allow":["GET"]}}],"collection":[{"href":"https:\/\/noticiasmercedinas.com\/site\/wp-json\/wp\/v2\/posts"}],"about":[{"href":"https:\/\/noticiasmercedinas.com\/site\/wp-json\/wp\/v2\/types\/post"}],"author":[{"embeddable":true,"href":"https:\/\/noticiasmercedinas.com\/site\/wp-json\/wp\/v2\/users\/16"}],"replies":[{"embeddable":true,"href":"https:\/\/noticiasmercedinas.com\/site\/wp-json\/wp\/v2\/comments?post=118105"}],"version-history":[{"count":2,"href":"https:\/\/noticiasmercedinas.com\/site\/wp-json\/wp\/v2\/posts\/118105\/revisions"}],"predecessor-version":[{"id":118110,"href":"https:\/\/noticiasmercedinas.com\/site\/wp-json\/wp\/v2\/posts\/118105\/revisions\/118110"}],"wp:featuredmedia":[{"embeddable":true,"href":"https:\/\/noticiasmercedinas.com\/site\/wp-json\/wp\/v2\/media\/118106"}],"wp:attachment":[{"href":"https:\/\/noticiasmercedinas.com\/site\/wp-json\/wp\/v2\/media?parent=118105"}],"wp:term":[{"taxonomy":"category","embeddable":true,"href":"https:\/\/noticiasmercedinas.com\/site\/wp-json\/wp\/v2\/categories?post=118105"},{"taxonomy":"post_tag","embeddable":true,"href":"https:\/\/noticiasmercedinas.com\/site\/wp-json\/wp\/v2\/tags?post=118105"}],"curies":[{"name":"wp","href":"https:\/\/api.w.org\/{rel}","templated":true}]}}