{"id":118143,"date":"2023-06-30T09:03:53","date_gmt":"2023-06-30T12:03:53","guid":{"rendered":"https:\/\/noticiasmercedinas.com\/site\/?p=118143"},"modified":"2023-06-30T09:03:53","modified_gmt":"2023-06-30T12:03:53","slug":"feriantes-de-jofre-y-direccion-de-turismo-embellecen-la-plaza-en-una-labor-conjunta","status":"publish","type":"post","link":"https:\/\/noticiasmercedinas.com\/site\/2023\/06\/30\/feriantes-de-jofre-y-direccion-de-turismo-embellecen-la-plaza-en-una-labor-conjunta\/","title":{"rendered":"Feriantes de Jofr\u00e9 y Direcci\u00f3n de Turismo embellecen la plaza en una labor conjunta"},"content":{"rendered":"<p><img loading=\"lazy\" decoding=\"async\" class=\"alignnone size-large wp-image-118144\" src=\"https:\/\/noticiasmercedinas.com\/site\/wp-content\/uploads\/2023\/06\/DSC05501-1024x682.jpg\" alt=\"\" width=\"640\" height=\"426\" srcset=\"https:\/\/noticiasmercedinas.com\/site\/wp-content\/uploads\/2023\/06\/DSC05501-1024x682.jpg 1024w, https:\/\/noticiasmercedinas.com\/site\/wp-content\/uploads\/2023\/06\/DSC05501-300x200.jpg 300w, https:\/\/noticiasmercedinas.com\/site\/wp-content\/uploads\/2023\/06\/DSC05501-768x512.jpg 768w, https:\/\/noticiasmercedinas.com\/site\/wp-content\/uploads\/2023\/06\/DSC05501-640x427.jpg 640w, https:\/\/noticiasmercedinas.com\/site\/wp-content\/uploads\/2023\/06\/DSC05501-1280x853.jpg 1280w, https:\/\/noticiasmercedinas.com\/site\/wp-content\/uploads\/2023\/06\/DSC05501-681x454.jpg 681w, https:\/\/noticiasmercedinas.com\/site\/wp-content\/uploads\/2023\/06\/DSC05501.jpg 1319w\" sizes=\"auto, (max-width: 640px) 100vw, 640px\" \/><\/p>\n<p>En un esfuerzo colaborativo, los feriantes de Tom\u00e1s Jofr\u00e9 y la Direcci\u00f3n de Turismo del Municipio de Mercedes se unieron para llevar a cabo tareas de embellecimiento en la plaza principal de Jofr\u00e9. La iniciativa busca resaltar la importancia de este espacio y brindar una experiencia m\u00e1s agradable a los visitantes que acuden al lugar.<\/p>\n<p>Bajo la supervisi\u00f3n del intendente Juan Ustarroz, se desarrollaron labores de jerarquizaci\u00f3n y pintura de los puestos de los feriantes, quienes ofrecen sus productos a los numerosos turistas que visitan el Partido de Mercedes cada fin de semana. Esta actividad conjunta refleja el compromiso tanto de la comunidad como del gobierno local por preservar y mejorar este sitio emblem\u00e1tico.<\/p>\n<p>Francisco Dinova, director de Turismo, destac\u00f3 la importancia de la colaboraci\u00f3n entre los feriantes y el municipio. \u00abHace un tiempo acordamos realizar jornadas de pintura y mantenimiento de los puestos con los feriantes de Tom\u00e1s Jofr\u00e9\u00bb, afirm\u00f3 Dinova. \u00abEl Municipio de Mercedes se comprometi\u00f3 a proporcionar los insumos necesarios, y esta semana hemos comenzado con las tareas de mantenimiento. La idea es trabajar juntos en un predio que es para ellos, ya que le dan vida y continuidad a este espacio de trabajo\u00bb.<\/p>\n<p><img loading=\"lazy\" decoding=\"async\" class=\"alignnone size-large wp-image-118145\" src=\"https:\/\/noticiasmercedinas.com\/site\/wp-content\/uploads\/2023\/06\/Tejo-Jofre-1024x682.jpg\" alt=\"\" width=\"640\" height=\"426\" srcset=\"https:\/\/noticiasmercedinas.com\/site\/wp-content\/uploads\/2023\/06\/Tejo-Jofre-1024x682.jpg 1024w, https:\/\/noticiasmercedinas.com\/site\/wp-content\/uploads\/2023\/06\/Tejo-Jofre-300x200.jpg 300w, https:\/\/noticiasmercedinas.com\/site\/wp-content\/uploads\/2023\/06\/Tejo-Jofre-768x512.jpg 768w, https:\/\/noticiasmercedinas.com\/site\/wp-content\/uploads\/2023\/06\/Tejo-Jofre-640x427.jpg 640w, https:\/\/noticiasmercedinas.com\/site\/wp-content\/uploads\/2023\/06\/Tejo-Jofre-1280x853.jpg 1280w, https:\/\/noticiasmercedinas.com\/site\/wp-content\/uploads\/2023\/06\/Tejo-Jofre-681x454.jpg 681w, https:\/\/noticiasmercedinas.com\/site\/wp-content\/uploads\/2023\/06\/Tejo-Jofre.jpg 1319w\" sizes=\"auto, (max-width: 640px) 100vw, 640px\" \/><\/p>\n<p>En una primera etapa, los propios feriantes se pusieron manos a la obra y lograron recomponer 32 puestos. Estos trabajos de embellecimiento continuar\u00e1n durante la semana, con el objetivo de completar la totalidad de los puestos y brindar un entorno m\u00e1s atractivo para los visitantes.<\/p>\n<p>Dinova tambi\u00e9n destac\u00f3 que se han llevado a cabo reuniones con los feriantes para seguir fortaleciendo la colaboraci\u00f3n. \u00abEstamos en constante di\u00e1logo con ellos para trabajar en conjunto\u00bb, afirm\u00f3. Adem\u00e1s, mencion\u00f3 la existencia de un proyecto para la construcci\u00f3n de una nueva cancha de tejo, con el fin de jerarquizar a\u00fan m\u00e1s el lugar y ofrecer competencias entre los vecinos como una forma adicional de entretenimiento y diversi\u00f3n para las familias que visitan la plaza los fines de semana.<\/p>\n<p>Con estas acciones, el Municipio de Mercedes y los feriantes de Jofr\u00e9 demuestran su compromiso con el embellecimiento y el desarrollo de este espacio p\u00fablico, promoviendo as\u00ed el turismo local y el bienestar de la comunidad.<\/p>\n","protected":false},"excerpt":{"rendered":"<p>En un esfuerzo colaborativo, los feriantes de Tom\u00e1s Jofr\u00e9 y la Direcci\u00f3n de Turismo del Municipio de Mercedes se unieron para llevar a cabo tareas de embellecimiento en la plaza principal de Jofr\u00e9. La iniciativa busca resaltar la importancia de este espacio y brindar una experiencia m\u00e1s agradable a los visitantes que acuden al lugar. [&hellip;]<\/p>\n","protected":false},"author":16,"featured_media":118144,"comment_status":"closed","ping_status":"closed","sticky":false,"template":"","format":"standard","meta":{"footnotes":""},"categories":[74],"tags":[2374,199,33],"class_list":["post-118143","post","type-post","status-publish","format-standard","has-post-thumbnail","hentry","category-emprendimientos","tag-feriantes","tag-tomas-jofre","tag-turismo"],"yoast_head":"<!-- This site is optimized with the Yoast SEO plugin v27.4 - https:\/\/yoast.com\/product\/yoast-seo-wordpress\/ -->\n<title>Feriantes de Jofr\u00e9 y Direcci\u00f3n de Turismo embellecen la plaza en una labor conjunta<\/title>\n<meta name=\"robots\" content=\"index, follow, max-snippet:-1, max-image-preview:large, max-video-preview:-1\" \/>\n<link rel=\"canonical\" href=\"https:\/\/noticiasmercedinas.com\/site\/2023\/06\/30\/feriantes-de-jofre-y-direccion-de-turismo-embellecen-la-plaza-en-una-labor-conjunta\/\" \/>\n<meta property=\"og:locale\" content=\"es_ES\" \/>\n<meta property=\"og:type\" content=\"article\" \/>\n<meta property=\"og:title\" content=\"Feriantes de Jofr\u00e9 y Direcci\u00f3n de Turismo embellecen la plaza en una labor conjunta\" \/>\n<meta property=\"og:description\" content=\"En un esfuerzo colaborativo, los feriantes de Tom\u00e1s Jofr\u00e9 y la Direcci\u00f3n de Turismo del Municipio de Mercedes se unieron para llevar a cabo tareas de embellecimiento en la plaza principal de Jofr\u00e9. La iniciativa busca resaltar la importancia de este espacio y brindar una experiencia m\u00e1s agradable a los visitantes que acuden al lugar. [&hellip;]\" \/>\n<meta property=\"og:url\" content=\"https:\/\/noticiasmercedinas.com\/site\/2023\/06\/30\/feriantes-de-jofre-y-direccion-de-turismo-embellecen-la-plaza-en-una-labor-conjunta\/\" \/>\n<meta property=\"og:site_name\" content=\"NOTICIASMERCEDINAS.COM\" \/>\n<meta property=\"article:publisher\" content=\"https:\/\/www.facebook.com\/noticiasmercedinas\/\" \/>\n<meta property=\"article:published_time\" content=\"2023-06-30T12:03:53+00:00\" \/>\n<meta property=\"og:image\" content=\"https:\/\/noticiasmercedinas.com\/site\/wp-content\/uploads\/2023\/06\/DSC05501.jpg\" \/>\n\t<meta property=\"og:image:width\" content=\"1319\" \/>\n\t<meta property=\"og:image:height\" content=\"879\" \/>\n\t<meta property=\"og:image:type\" content=\"image\/jpeg\" \/>\n<meta name=\"author\" content=\"NOTICIASMERCEDINAS.COM\" \/>\n<meta name=\"twitter:card\" content=\"summary_large_image\" \/>\n<meta name=\"twitter:creator\" content=\"@notmercedinas\" \/>\n<meta name=\"twitter:site\" content=\"@notmercedinas\" \/>\n<meta name=\"twitter:label1\" content=\"Escrito por\" \/>\n\t<meta name=\"twitter:data1\" content=\"NOTICIASMERCEDINAS.COM\" \/>\n\t<meta name=\"twitter:label2\" content=\"Tiempo de lectura\" \/>\n\t<meta name=\"twitter:data2\" content=\"3 minutos\" \/>\n<script type=\"application\/ld+json\" class=\"yoast-schema-graph\">{\"@context\":\"https:\\\/\\\/schema.org\",\"@graph\":[{\"@type\":\"Article\",\"@id\":\"https:\\\/\\\/noticiasmercedinas.com\\\/site\\\/2023\\\/06\\\/30\\\/feriantes-de-jofre-y-direccion-de-turismo-embellecen-la-plaza-en-una-labor-conjunta\\\/#article\",\"isPartOf\":{\"@id\":\"https:\\\/\\\/noticiasmercedinas.com\\\/site\\\/2023\\\/06\\\/30\\\/feriantes-de-jofre-y-direccion-de-turismo-embellecen-la-plaza-en-una-labor-conjunta\\\/\"},\"author\":{\"name\":\"NOTICIASMERCEDINAS.COM\",\"@id\":\"https:\\\/\\\/noticiasmercedinas.com\\\/site\\\/#\\\/schema\\\/person\\\/84b59c099c28ff2e8b77d4ceec5d8063\"},\"headline\":\"Feriantes de Jofr\u00e9 y Direcci\u00f3n de Turismo embellecen la plaza en una labor conjunta\",\"datePublished\":\"2023-06-30T12:03:53+00:00\",\"mainEntityOfPage\":{\"@id\":\"https:\\\/\\\/noticiasmercedinas.com\\\/site\\\/2023\\\/06\\\/30\\\/feriantes-de-jofre-y-direccion-de-turismo-embellecen-la-plaza-en-una-labor-conjunta\\\/\"},\"wordCount\":390,\"publisher\":{\"@id\":\"https:\\\/\\\/noticiasmercedinas.com\\\/site\\\/#organization\"},\"image\":{\"@id\":\"https:\\\/\\\/noticiasmercedinas.com\\\/site\\\/2023\\\/06\\\/30\\\/feriantes-de-jofre-y-direccion-de-turismo-embellecen-la-plaza-en-una-labor-conjunta\\\/#primaryimage\"},\"thumbnailUrl\":\"https:\\\/\\\/noticiasmercedinas.com\\\/site\\\/wp-content\\\/uploads\\\/2023\\\/06\\\/DSC05501.jpg\",\"keywords\":[\"feriantes\",\"tomas jofre\",\"turismo\"],\"articleSection\":[\"Emprendimientos\"],\"inLanguage\":\"es\"},{\"@type\":\"WebPage\",\"@id\":\"https:\\\/\\\/noticiasmercedinas.com\\\/site\\\/2023\\\/06\\\/30\\\/feriantes-de-jofre-y-direccion-de-turismo-embellecen-la-plaza-en-una-labor-conjunta\\\/\",\"url\":\"https:\\\/\\\/noticiasmercedinas.com\\\/site\\\/2023\\\/06\\\/30\\\/feriantes-de-jofre-y-direccion-de-turismo-embellecen-la-plaza-en-una-labor-conjunta\\\/\",\"name\":\"Feriantes de Jofr\u00e9 y Direcci\u00f3n de Turismo embellecen la plaza en una labor conjunta\",\"isPartOf\":{\"@id\":\"https:\\\/\\\/noticiasmercedinas.com\\\/site\\\/#website\"},\"primaryImageOfPage\":{\"@id\":\"https:\\\/\\\/noticiasmercedinas.com\\\/site\\\/2023\\\/06\\\/30\\\/feriantes-de-jofre-y-direccion-de-turismo-embellecen-la-plaza-en-una-labor-conjunta\\\/#primaryimage\"},\"image\":{\"@id\":\"https:\\\/\\\/noticiasmercedinas.com\\\/site\\\/2023\\\/06\\\/30\\\/feriantes-de-jofre-y-direccion-de-turismo-embellecen-la-plaza-en-una-labor-conjunta\\\/#primaryimage\"},\"thumbnailUrl\":\"https:\\\/\\\/noticiasmercedinas.com\\\/site\\\/wp-content\\\/uploads\\\/2023\\\/06\\\/DSC05501.jpg\",\"datePublished\":\"2023-06-30T12:03:53+00:00\",\"breadcrumb\":{\"@id\":\"https:\\\/\\\/noticiasmercedinas.com\\\/site\\\/2023\\\/06\\\/30\\\/feriantes-de-jofre-y-direccion-de-turismo-embellecen-la-plaza-en-una-labor-conjunta\\\/#breadcrumb\"},\"inLanguage\":\"es\",\"potentialAction\":[{\"@type\":\"ReadAction\",\"target\":[\"https:\\\/\\\/noticiasmercedinas.com\\\/site\\\/2023\\\/06\\\/30\\\/feriantes-de-jofre-y-direccion-de-turismo-embellecen-la-plaza-en-una-labor-conjunta\\\/\"]}]},{\"@type\":\"ImageObject\",\"inLanguage\":\"es\",\"@id\":\"https:\\\/\\\/noticiasmercedinas.com\\\/site\\\/2023\\\/06\\\/30\\\/feriantes-de-jofre-y-direccion-de-turismo-embellecen-la-plaza-en-una-labor-conjunta\\\/#primaryimage\",\"url\":\"https:\\\/\\\/noticiasmercedinas.com\\\/site\\\/wp-content\\\/uploads\\\/2023\\\/06\\\/DSC05501.jpg\",\"contentUrl\":\"https:\\\/\\\/noticiasmercedinas.com\\\/site\\\/wp-content\\\/uploads\\\/2023\\\/06\\\/DSC05501.jpg\",\"width\":1319,\"height\":879},{\"@type\":\"BreadcrumbList\",\"@id\":\"https:\\\/\\\/noticiasmercedinas.com\\\/site\\\/2023\\\/06\\\/30\\\/feriantes-de-jofre-y-direccion-de-turismo-embellecen-la-plaza-en-una-labor-conjunta\\\/#breadcrumb\",\"itemListElement\":[{\"@type\":\"ListItem\",\"position\":1,\"name\":\"Portada\",\"item\":\"https:\\\/\\\/noticiasmercedinas.com\\\/site\\\/\"},{\"@type\":\"ListItem\",\"position\":2,\"name\":\"Feriantes de Jofr\u00e9 y Direcci\u00f3n de Turismo embellecen la plaza en una labor conjunta\"}]},{\"@type\":\"WebSite\",\"@id\":\"https:\\\/\\\/noticiasmercedinas.com\\\/site\\\/#website\",\"url\":\"https:\\\/\\\/noticiasmercedinas.com\\\/site\\\/\",\"name\":\"NOTICIASMERCEDINAS.COM\",\"description\":\"Mercedes, Buenos Aires, Argentina\",\"publisher\":{\"@id\":\"https:\\\/\\\/noticiasmercedinas.com\\\/site\\\/#organization\"},\"potentialAction\":[{\"@type\":\"SearchAction\",\"target\":{\"@type\":\"EntryPoint\",\"urlTemplate\":\"https:\\\/\\\/noticiasmercedinas.com\\\/site\\\/?s={search_term_string}\"},\"query-input\":{\"@type\":\"PropertyValueSpecification\",\"valueRequired\":true,\"valueName\":\"search_term_string\"}}],\"inLanguage\":\"es\"},{\"@type\":\"Organization\",\"@id\":\"https:\\\/\\\/noticiasmercedinas.com\\\/site\\\/#organization\",\"name\":\"NOTICIASMERCEDINAS.COM\",\"url\":\"https:\\\/\\\/noticiasmercedinas.com\\\/site\\\/\",\"logo\":{\"@type\":\"ImageObject\",\"inLanguage\":\"es\",\"@id\":\"https:\\\/\\\/noticiasmercedinas.com\\\/site\\\/#\\\/schema\\\/logo\\\/image\\\/\",\"url\":\"https:\\\/\\\/noticiasmercedinas.com\\\/site\\\/wp-content\\\/uploads\\\/2020\\\/06\\\/LOGO-512.jpg\",\"contentUrl\":\"https:\\\/\\\/noticiasmercedinas.com\\\/site\\\/wp-content\\\/uploads\\\/2020\\\/06\\\/LOGO-512.jpg\",\"width\":512,\"height\":512,\"caption\":\"NOTICIASMERCEDINAS.COM\"},\"image\":{\"@id\":\"https:\\\/\\\/noticiasmercedinas.com\\\/site\\\/#\\\/schema\\\/logo\\\/image\\\/\"},\"sameAs\":[\"https:\\\/\\\/www.facebook.com\\\/noticiasmercedinas\\\/\",\"https:\\\/\\\/x.com\\\/notmercedinas\",\"https:\\\/\\\/www.instagram.com\\\/noticiasmercedinas\\\/\"]},{\"@type\":\"Person\",\"@id\":\"https:\\\/\\\/noticiasmercedinas.com\\\/site\\\/#\\\/schema\\\/person\\\/84b59c099c28ff2e8b77d4ceec5d8063\",\"name\":\"NOTICIASMERCEDINAS.COM\",\"image\":{\"@type\":\"ImageObject\",\"inLanguage\":\"es\",\"@id\":\"https:\\\/\\\/secure.gravatar.com\\\/avatar\\\/4dfbf16b4d17945bfb6341b2d19043457132fcf478a5ee04f42e959fd8f5df0a?s=96&d=mm&r=g\",\"url\":\"https:\\\/\\\/secure.gravatar.com\\\/avatar\\\/4dfbf16b4d17945bfb6341b2d19043457132fcf478a5ee04f42e959fd8f5df0a?s=96&d=mm&r=g\",\"contentUrl\":\"https:\\\/\\\/secure.gravatar.com\\\/avatar\\\/4dfbf16b4d17945bfb6341b2d19043457132fcf478a5ee04f42e959fd8f5df0a?s=96&d=mm&r=g\",\"caption\":\"NOTICIASMERCEDINAS.COM\"},\"url\":\"https:\\\/\\\/noticiasmercedinas.com\\\/site\\\/author\\\/anonimo\\\/\"}]}<\/script>\n<!-- \/ Yoast SEO plugin. -->","yoast_head_json":{"title":"Feriantes de Jofr\u00e9 y Direcci\u00f3n de Turismo embellecen la plaza en una labor conjunta","robots":{"index":"index","follow":"follow","max-snippet":"max-snippet:-1","max-image-preview":"max-image-preview:large","max-video-preview":"max-video-preview:-1"},"canonical":"https:\/\/noticiasmercedinas.com\/site\/2023\/06\/30\/feriantes-de-jofre-y-direccion-de-turismo-embellecen-la-plaza-en-una-labor-conjunta\/","og_locale":"es_ES","og_type":"article","og_title":"Feriantes de Jofr\u00e9 y Direcci\u00f3n de Turismo embellecen la plaza en una labor conjunta","og_description":"En un esfuerzo colaborativo, los feriantes de Tom\u00e1s Jofr\u00e9 y la Direcci\u00f3n de Turismo del Municipio de Mercedes se unieron para llevar a cabo tareas de embellecimiento en la plaza principal de Jofr\u00e9. La iniciativa busca resaltar la importancia de este espacio y brindar una experiencia m\u00e1s agradable a los visitantes que acuden al lugar. [&hellip;]","og_url":"https:\/\/noticiasmercedinas.com\/site\/2023\/06\/30\/feriantes-de-jofre-y-direccion-de-turismo-embellecen-la-plaza-en-una-labor-conjunta\/","og_site_name":"NOTICIASMERCEDINAS.COM","article_publisher":"https:\/\/www.facebook.com\/noticiasmercedinas\/","article_published_time":"2023-06-30T12:03:53+00:00","og_image":[{"width":1319,"height":879,"url":"https:\/\/noticiasmercedinas.com\/site\/wp-content\/uploads\/2023\/06\/DSC05501.jpg","type":"image\/jpeg"}],"author":"NOTICIASMERCEDINAS.COM","twitter_card":"summary_large_image","twitter_creator":"@notmercedinas","twitter_site":"@notmercedinas","twitter_misc":{"Escrito por":"NOTICIASMERCEDINAS.COM","Tiempo de lectura":"3 minutos"},"schema":{"@context":"https:\/\/schema.org","@graph":[{"@type":"Article","@id":"https:\/\/noticiasmercedinas.com\/site\/2023\/06\/30\/feriantes-de-jofre-y-direccion-de-turismo-embellecen-la-plaza-en-una-labor-conjunta\/#article","isPartOf":{"@id":"https:\/\/noticiasmercedinas.com\/site\/2023\/06\/30\/feriantes-de-jofre-y-direccion-de-turismo-embellecen-la-plaza-en-una-labor-conjunta\/"},"author":{"name":"NOTICIASMERCEDINAS.COM","@id":"https:\/\/noticiasmercedinas.com\/site\/#\/schema\/person\/84b59c099c28ff2e8b77d4ceec5d8063"},"headline":"Feriantes de Jofr\u00e9 y Direcci\u00f3n de Turismo embellecen la plaza en una labor conjunta","datePublished":"2023-06-30T12:03:53+00:00","mainEntityOfPage":{"@id":"https:\/\/noticiasmercedinas.com\/site\/2023\/06\/30\/feriantes-de-jofre-y-direccion-de-turismo-embellecen-la-plaza-en-una-labor-conjunta\/"},"wordCount":390,"publisher":{"@id":"https:\/\/noticiasmercedinas.com\/site\/#organization"},"image":{"@id":"https:\/\/noticiasmercedinas.com\/site\/2023\/06\/30\/feriantes-de-jofre-y-direccion-de-turismo-embellecen-la-plaza-en-una-labor-conjunta\/#primaryimage"},"thumbnailUrl":"https:\/\/noticiasmercedinas.com\/site\/wp-content\/uploads\/2023\/06\/DSC05501.jpg","keywords":["feriantes","tomas jofre","turismo"],"articleSection":["Emprendimientos"],"inLanguage":"es"},{"@type":"WebPage","@id":"https:\/\/noticiasmercedinas.com\/site\/2023\/06\/30\/feriantes-de-jofre-y-direccion-de-turismo-embellecen-la-plaza-en-una-labor-conjunta\/","url":"https:\/\/noticiasmercedinas.com\/site\/2023\/06\/30\/feriantes-de-jofre-y-direccion-de-turismo-embellecen-la-plaza-en-una-labor-conjunta\/","name":"Feriantes de Jofr\u00e9 y Direcci\u00f3n de Turismo embellecen la plaza en una labor conjunta","isPartOf":{"@id":"https:\/\/noticiasmercedinas.com\/site\/#website"},"primaryImageOfPage":{"@id":"https:\/\/noticiasmercedinas.com\/site\/2023\/06\/30\/feriantes-de-jofre-y-direccion-de-turismo-embellecen-la-plaza-en-una-labor-conjunta\/#primaryimage"},"image":{"@id":"https:\/\/noticiasmercedinas.com\/site\/2023\/06\/30\/feriantes-de-jofre-y-direccion-de-turismo-embellecen-la-plaza-en-una-labor-conjunta\/#primaryimage"},"thumbnailUrl":"https:\/\/noticiasmercedinas.com\/site\/wp-content\/uploads\/2023\/06\/DSC05501.jpg","datePublished":"2023-06-30T12:03:53+00:00","breadcrumb":{"@id":"https:\/\/noticiasmercedinas.com\/site\/2023\/06\/30\/feriantes-de-jofre-y-direccion-de-turismo-embellecen-la-plaza-en-una-labor-conjunta\/#breadcrumb"},"inLanguage":"es","potentialAction":[{"@type":"ReadAction","target":["https:\/\/noticiasmercedinas.com\/site\/2023\/06\/30\/feriantes-de-jofre-y-direccion-de-turismo-embellecen-la-plaza-en-una-labor-conjunta\/"]}]},{"@type":"ImageObject","inLanguage":"es","@id":"https:\/\/noticiasmercedinas.com\/site\/2023\/06\/30\/feriantes-de-jofre-y-direccion-de-turismo-embellecen-la-plaza-en-una-labor-conjunta\/#primaryimage","url":"https:\/\/noticiasmercedinas.com\/site\/wp-content\/uploads\/2023\/06\/DSC05501.jpg","contentUrl":"https:\/\/noticiasmercedinas.com\/site\/wp-content\/uploads\/2023\/06\/DSC05501.jpg","width":1319,"height":879},{"@type":"BreadcrumbList","@id":"https:\/\/noticiasmercedinas.com\/site\/2023\/06\/30\/feriantes-de-jofre-y-direccion-de-turismo-embellecen-la-plaza-en-una-labor-conjunta\/#breadcrumb","itemListElement":[{"@type":"ListItem","position":1,"name":"Portada","item":"https:\/\/noticiasmercedinas.com\/site\/"},{"@type":"ListItem","position":2,"name":"Feriantes de Jofr\u00e9 y Direcci\u00f3n de Turismo embellecen la plaza en una labor conjunta"}]},{"@type":"WebSite","@id":"https:\/\/noticiasmercedinas.com\/site\/#website","url":"https:\/\/noticiasmercedinas.com\/site\/","name":"NOTICIASMERCEDINAS.COM","description":"Mercedes, Buenos Aires, Argentina","publisher":{"@id":"https:\/\/noticiasmercedinas.com\/site\/#organization"},"potentialAction":[{"@type":"SearchAction","target":{"@type":"EntryPoint","urlTemplate":"https:\/\/noticiasmercedinas.com\/site\/?s={search_term_string}"},"query-input":{"@type":"PropertyValueSpecification","valueRequired":true,"valueName":"search_term_string"}}],"inLanguage":"es"},{"@type":"Organization","@id":"https:\/\/noticiasmercedinas.com\/site\/#organization","name":"NOTICIASMERCEDINAS.COM","url":"https:\/\/noticiasmercedinas.com\/site\/","logo":{"@type":"ImageObject","inLanguage":"es","@id":"https:\/\/noticiasmercedinas.com\/site\/#\/schema\/logo\/image\/","url":"https:\/\/noticiasmercedinas.com\/site\/wp-content\/uploads\/2020\/06\/LOGO-512.jpg","contentUrl":"https:\/\/noticiasmercedinas.com\/site\/wp-content\/uploads\/2020\/06\/LOGO-512.jpg","width":512,"height":512,"caption":"NOTICIASMERCEDINAS.COM"},"image":{"@id":"https:\/\/noticiasmercedinas.com\/site\/#\/schema\/logo\/image\/"},"sameAs":["https:\/\/www.facebook.com\/noticiasmercedinas\/","https:\/\/x.com\/notmercedinas","https:\/\/www.instagram.com\/noticiasmercedinas\/"]},{"@type":"Person","@id":"https:\/\/noticiasmercedinas.com\/site\/#\/schema\/person\/84b59c099c28ff2e8b77d4ceec5d8063","name":"NOTICIASMERCEDINAS.COM","image":{"@type":"ImageObject","inLanguage":"es","@id":"https:\/\/secure.gravatar.com\/avatar\/4dfbf16b4d17945bfb6341b2d19043457132fcf478a5ee04f42e959fd8f5df0a?s=96&d=mm&r=g","url":"https:\/\/secure.gravatar.com\/avatar\/4dfbf16b4d17945bfb6341b2d19043457132fcf478a5ee04f42e959fd8f5df0a?s=96&d=mm&r=g","contentUrl":"https:\/\/secure.gravatar.com\/avatar\/4dfbf16b4d17945bfb6341b2d19043457132fcf478a5ee04f42e959fd8f5df0a?s=96&d=mm&r=g","caption":"NOTICIASMERCEDINAS.COM"},"url":"https:\/\/noticiasmercedinas.com\/site\/author\/anonimo\/"}]}},"amp_enabled":true,"_links":{"self":[{"href":"https:\/\/noticiasmercedinas.com\/site\/wp-json\/wp\/v2\/posts\/118143","targetHints":{"allow":["GET"]}}],"collection":[{"href":"https:\/\/noticiasmercedinas.com\/site\/wp-json\/wp\/v2\/posts"}],"about":[{"href":"https:\/\/noticiasmercedinas.com\/site\/wp-json\/wp\/v2\/types\/post"}],"author":[{"embeddable":true,"href":"https:\/\/noticiasmercedinas.com\/site\/wp-json\/wp\/v2\/users\/16"}],"replies":[{"embeddable":true,"href":"https:\/\/noticiasmercedinas.com\/site\/wp-json\/wp\/v2\/comments?post=118143"}],"version-history":[{"count":1,"href":"https:\/\/noticiasmercedinas.com\/site\/wp-json\/wp\/v2\/posts\/118143\/revisions"}],"predecessor-version":[{"id":118147,"href":"https:\/\/noticiasmercedinas.com\/site\/wp-json\/wp\/v2\/posts\/118143\/revisions\/118147"}],"wp:featuredmedia":[{"embeddable":true,"href":"https:\/\/noticiasmercedinas.com\/site\/wp-json\/wp\/v2\/media\/118144"}],"wp:attachment":[{"href":"https:\/\/noticiasmercedinas.com\/site\/wp-json\/wp\/v2\/media?parent=118143"}],"wp:term":[{"taxonomy":"category","embeddable":true,"href":"https:\/\/noticiasmercedinas.com\/site\/wp-json\/wp\/v2\/categories?post=118143"},{"taxonomy":"post_tag","embeddable":true,"href":"https:\/\/noticiasmercedinas.com\/site\/wp-json\/wp\/v2\/tags?post=118143"}],"curies":[{"name":"wp","href":"https:\/\/api.w.org\/{rel}","templated":true}]}}