{"id":118554,"date":"2023-07-06T19:04:31","date_gmt":"2023-07-06T22:04:31","guid":{"rendered":"https:\/\/noticiasmercedinas.com\/site\/?p=118554"},"modified":"2023-07-06T19:04:31","modified_gmt":"2023-07-06T22:04:31","slug":"diputado-selva-presenta-proyecto-de-ley-para-modificar-la-ley-de-transito-y-cambiar-el-uso-de-luces","status":"publish","type":"post","link":"https:\/\/noticiasmercedinas.com\/site\/2023\/07\/06\/diputado-selva-presenta-proyecto-de-ley-para-modificar-la-ley-de-transito-y-cambiar-el-uso-de-luces\/","title":{"rendered":"Diputado Selva presenta proyecto de ley para modificar la Ley de Tr\u00e1nsito y cambiar el uso de luces"},"content":{"rendered":"<p><img loading=\"lazy\" decoding=\"async\" class=\"alignnone size-large wp-image-116667\" src=\"https:\/\/noticiasmercedinas.com\/site\/wp-content\/uploads\/2023\/06\/CSELVA01-1024x682.jpg\" alt=\"\" width=\"640\" height=\"426\" srcset=\"https:\/\/noticiasmercedinas.com\/site\/wp-content\/uploads\/2023\/06\/CSELVA01-1024x682.jpg 1024w, https:\/\/noticiasmercedinas.com\/site\/wp-content\/uploads\/2023\/06\/CSELVA01-300x200.jpg 300w, https:\/\/noticiasmercedinas.com\/site\/wp-content\/uploads\/2023\/06\/CSELVA01-768x512.jpg 768w, https:\/\/noticiasmercedinas.com\/site\/wp-content\/uploads\/2023\/06\/CSELVA01-1536x1023.jpg 1536w, https:\/\/noticiasmercedinas.com\/site\/wp-content\/uploads\/2023\/06\/CSELVA01-640x426.jpg 640w, https:\/\/noticiasmercedinas.com\/site\/wp-content\/uploads\/2023\/06\/CSELVA01-1280x853.jpg 1280w, https:\/\/noticiasmercedinas.com\/site\/wp-content\/uploads\/2023\/06\/CSELVA01-681x454.jpg 681w, https:\/\/noticiasmercedinas.com\/site\/wp-content\/uploads\/2023\/06\/CSELVA01-1362x907.jpg 1362w, https:\/\/noticiasmercedinas.com\/site\/wp-content\/uploads\/2023\/06\/CSELVA01.jpg 1600w\" sizes=\"auto, (max-width: 640px) 100vw, 640px\" \/><br \/>\nLa C\u00e1mara de Diputados aprob\u00f3 recientemente una modificaci\u00f3n a la Ley de Tr\u00e1nsito, con el objetivo de reducir las infracciones injustas. El proyecto de ley, impulsado por los diputados <strong>Carlos Selva<\/strong>, del Frente de Todos, y <strong>Jorge Rizzotti<\/strong>, de la UCR, busca actualizar la reglamentaci\u00f3n sobre el uso de las luces obligatorias, en l\u00ednea con los avances tecnol\u00f3gicos de los autom\u00f3viles.<\/p>\n<p>La modificaci\u00f3n aprobada implica cambiar el art\u00edculo 47, inciso a, de la Ley de Tr\u00e1nsito, que establece las normas sobre el uso de las luces en los veh\u00edculos. Los diputados Selva y Rizzotti proponen incluir en la normativa la tecnolog\u00eda de las luces diurnas, conocidas como Day Time Running Light (DRL).<\/p>\n<p>Seg\u00fan explic\u00f3 el diputado Selva, estas luces diurnas son de baja intensidad y se encienden autom\u00e1ticamente mientras el autom\u00f3vil est\u00e1 en marcha. Pueden ser luces led o hal\u00f3genas, y su particularidad radica en que brindan una excelente visibilidad sin encandilar a los conductores, lo que contribuye a evitar accidentes.<\/p>\n<p>Dado que muchos conductores optan por mantener \u00fanicamente las luces diurnas encendidas, la normativa actual puede llevar a multas injustas, ya que los agentes de control suelen sancionar el uso de luces bajas apagadas, aunque sea correcto. Con el objetivo de evitar estas situaciones, el proyecto busca incluir las luces diurnas en el apartado que establece la obligatoriedad del uso de luces bajas, cuando corresponda.<\/p>\n<p>El proyecto de ley se\u00f1ala que en muchas ocasiones los encargados de controlar en las carreteras no reconocen la legitimidad de las luces diurnas y aplican multas que no deber\u00edan corresponder, ya que la normativa vigente contempla su uso. Por lo tanto, la propuesta de Selva busca aclarar este punto y establecer que tanto las luces bajas como las luces diurnas son correctas en los casos mencionados.<\/p>\n<p>El objetivo de la incorporaci\u00f3n de las luces diurnas en la normativa es mejorar la visualizaci\u00f3n de los veh\u00edculos y brindar asistencia tecnol\u00f3gica a los conductores. La propuesta busca adaptar la legislaci\u00f3n a los avances en la tecnolog\u00eda automotriz y evitar multas injustas para los conductores que hacen uso de las luces diurnas.<\/p>\n<p>El proyecto de ley ha sido aprobado por la C\u00e1mara de Diputados y ahora pasar\u00e1 al Senado para su consideraci\u00f3n. Se espera que esta modificaci\u00f3n contribuya a garantizar un marco normativo m\u00e1s claro y actualizado en relaci\u00f3n con el uso de luces en los autom\u00f3viles.<\/p>\n","protected":false},"excerpt":{"rendered":"<p>\u25a0 Con la modificaci\u00f3n se busca actualizar la reglamentaci\u00f3n sobre el uso de las luces obligatorias, en l\u00ednea con los avances tecnol\u00f3gicos de los autom\u00f3viles.<\/p>\n","protected":false},"author":16,"featured_media":116667,"comment_status":"closed","ping_status":"closed","sticky":false,"template":"","format":"standard","meta":{"footnotes":""},"categories":[16],"tags":[318,174,2047],"class_list":["post-118554","post","type-post","status-publish","format-standard","has-post-thumbnail","hentry","category-politica","tag-carlos-selva","tag-diputados","tag-ley-de-transito"],"yoast_head":"<!-- This site is optimized with the Yoast SEO plugin v27.4 - https:\/\/yoast.com\/product\/yoast-seo-wordpress\/ -->\n<title>Diputado Selva presenta proyecto de ley para modificar la Ley de Tr\u00e1nsito y cambiar el uso de luces<\/title>\n<meta name=\"robots\" content=\"index, follow, max-snippet:-1, max-image-preview:large, max-video-preview:-1\" \/>\n<link rel=\"canonical\" href=\"https:\/\/noticiasmercedinas.com\/site\/2023\/07\/06\/diputado-selva-presenta-proyecto-de-ley-para-modificar-la-ley-de-transito-y-cambiar-el-uso-de-luces\/\" \/>\n<meta property=\"og:locale\" content=\"es_ES\" \/>\n<meta property=\"og:type\" content=\"article\" \/>\n<meta property=\"og:title\" content=\"Diputado Selva presenta proyecto de ley para modificar la Ley de Tr\u00e1nsito y cambiar el uso de luces\" \/>\n<meta property=\"og:description\" content=\"\u25a0 Con la modificaci\u00f3n se busca actualizar la reglamentaci\u00f3n sobre el uso de las luces obligatorias, en l\u00ednea con los avances tecnol\u00f3gicos de los autom\u00f3viles.\" \/>\n<meta property=\"og:url\" content=\"https:\/\/noticiasmercedinas.com\/site\/2023\/07\/06\/diputado-selva-presenta-proyecto-de-ley-para-modificar-la-ley-de-transito-y-cambiar-el-uso-de-luces\/\" \/>\n<meta property=\"og:site_name\" content=\"NOTICIASMERCEDINAS.COM\" \/>\n<meta property=\"article:publisher\" content=\"https:\/\/www.facebook.com\/noticiasmercedinas\/\" \/>\n<meta property=\"article:published_time\" content=\"2023-07-06T22:04:31+00:00\" \/>\n<meta property=\"og:image\" content=\"https:\/\/noticiasmercedinas.com\/site\/wp-content\/uploads\/2023\/06\/CSELVA01.jpg\" \/>\n\t<meta property=\"og:image:width\" content=\"1600\" \/>\n\t<meta property=\"og:image:height\" content=\"1066\" \/>\n\t<meta property=\"og:image:type\" content=\"image\/jpeg\" \/>\n<meta name=\"author\" content=\"NOTICIASMERCEDINAS.COM\" \/>\n<meta name=\"twitter:card\" content=\"summary_large_image\" \/>\n<meta name=\"twitter:creator\" content=\"@notmercedinas\" \/>\n<meta name=\"twitter:site\" content=\"@notmercedinas\" \/>\n<meta name=\"twitter:label1\" content=\"Escrito por\" \/>\n\t<meta name=\"twitter:data1\" content=\"NOTICIASMERCEDINAS.COM\" \/>\n\t<meta name=\"twitter:label2\" content=\"Tiempo de lectura\" \/>\n\t<meta name=\"twitter:data2\" content=\"2 minutos\" \/>\n<script type=\"application\/ld+json\" class=\"yoast-schema-graph\">{\"@context\":\"https:\\\/\\\/schema.org\",\"@graph\":[{\"@type\":\"Article\",\"@id\":\"https:\\\/\\\/noticiasmercedinas.com\\\/site\\\/2023\\\/07\\\/06\\\/diputado-selva-presenta-proyecto-de-ley-para-modificar-la-ley-de-transito-y-cambiar-el-uso-de-luces\\\/#article\",\"isPartOf\":{\"@id\":\"https:\\\/\\\/noticiasmercedinas.com\\\/site\\\/2023\\\/07\\\/06\\\/diputado-selva-presenta-proyecto-de-ley-para-modificar-la-ley-de-transito-y-cambiar-el-uso-de-luces\\\/\"},\"author\":{\"name\":\"NOTICIASMERCEDINAS.COM\",\"@id\":\"https:\\\/\\\/noticiasmercedinas.com\\\/site\\\/#\\\/schema\\\/person\\\/84b59c099c28ff2e8b77d4ceec5d8063\"},\"headline\":\"Diputado Selva presenta proyecto de ley para modificar la Ley de Tr\u00e1nsito y cambiar el uso de luces\",\"datePublished\":\"2023-07-06T22:04:31+00:00\",\"mainEntityOfPage\":{\"@id\":\"https:\\\/\\\/noticiasmercedinas.com\\\/site\\\/2023\\\/07\\\/06\\\/diputado-selva-presenta-proyecto-de-ley-para-modificar-la-ley-de-transito-y-cambiar-el-uso-de-luces\\\/\"},\"wordCount\":439,\"publisher\":{\"@id\":\"https:\\\/\\\/noticiasmercedinas.com\\\/site\\\/#organization\"},\"image\":{\"@id\":\"https:\\\/\\\/noticiasmercedinas.com\\\/site\\\/2023\\\/07\\\/06\\\/diputado-selva-presenta-proyecto-de-ley-para-modificar-la-ley-de-transito-y-cambiar-el-uso-de-luces\\\/#primaryimage\"},\"thumbnailUrl\":\"https:\\\/\\\/noticiasmercedinas.com\\\/site\\\/wp-content\\\/uploads\\\/2023\\\/06\\\/CSELVA01.jpg\",\"keywords\":[\"carlos selva\",\"diputados\",\"Ley de Tr\u00e1nsito\"],\"articleSection\":[\"Politica\"],\"inLanguage\":\"es\"},{\"@type\":\"WebPage\",\"@id\":\"https:\\\/\\\/noticiasmercedinas.com\\\/site\\\/2023\\\/07\\\/06\\\/diputado-selva-presenta-proyecto-de-ley-para-modificar-la-ley-de-transito-y-cambiar-el-uso-de-luces\\\/\",\"url\":\"https:\\\/\\\/noticiasmercedinas.com\\\/site\\\/2023\\\/07\\\/06\\\/diputado-selva-presenta-proyecto-de-ley-para-modificar-la-ley-de-transito-y-cambiar-el-uso-de-luces\\\/\",\"name\":\"Diputado Selva presenta proyecto de ley para modificar la Ley de Tr\u00e1nsito y cambiar el uso de luces\",\"isPartOf\":{\"@id\":\"https:\\\/\\\/noticiasmercedinas.com\\\/site\\\/#website\"},\"primaryImageOfPage\":{\"@id\":\"https:\\\/\\\/noticiasmercedinas.com\\\/site\\\/2023\\\/07\\\/06\\\/diputado-selva-presenta-proyecto-de-ley-para-modificar-la-ley-de-transito-y-cambiar-el-uso-de-luces\\\/#primaryimage\"},\"image\":{\"@id\":\"https:\\\/\\\/noticiasmercedinas.com\\\/site\\\/2023\\\/07\\\/06\\\/diputado-selva-presenta-proyecto-de-ley-para-modificar-la-ley-de-transito-y-cambiar-el-uso-de-luces\\\/#primaryimage\"},\"thumbnailUrl\":\"https:\\\/\\\/noticiasmercedinas.com\\\/site\\\/wp-content\\\/uploads\\\/2023\\\/06\\\/CSELVA01.jpg\",\"datePublished\":\"2023-07-06T22:04:31+00:00\",\"breadcrumb\":{\"@id\":\"https:\\\/\\\/noticiasmercedinas.com\\\/site\\\/2023\\\/07\\\/06\\\/diputado-selva-presenta-proyecto-de-ley-para-modificar-la-ley-de-transito-y-cambiar-el-uso-de-luces\\\/#breadcrumb\"},\"inLanguage\":\"es\",\"potentialAction\":[{\"@type\":\"ReadAction\",\"target\":[\"https:\\\/\\\/noticiasmercedinas.com\\\/site\\\/2023\\\/07\\\/06\\\/diputado-selva-presenta-proyecto-de-ley-para-modificar-la-ley-de-transito-y-cambiar-el-uso-de-luces\\\/\"]}]},{\"@type\":\"ImageObject\",\"inLanguage\":\"es\",\"@id\":\"https:\\\/\\\/noticiasmercedinas.com\\\/site\\\/2023\\\/07\\\/06\\\/diputado-selva-presenta-proyecto-de-ley-para-modificar-la-ley-de-transito-y-cambiar-el-uso-de-luces\\\/#primaryimage\",\"url\":\"https:\\\/\\\/noticiasmercedinas.com\\\/site\\\/wp-content\\\/uploads\\\/2023\\\/06\\\/CSELVA01.jpg\",\"contentUrl\":\"https:\\\/\\\/noticiasmercedinas.com\\\/site\\\/wp-content\\\/uploads\\\/2023\\\/06\\\/CSELVA01.jpg\",\"width\":1600,\"height\":1066},{\"@type\":\"BreadcrumbList\",\"@id\":\"https:\\\/\\\/noticiasmercedinas.com\\\/site\\\/2023\\\/07\\\/06\\\/diputado-selva-presenta-proyecto-de-ley-para-modificar-la-ley-de-transito-y-cambiar-el-uso-de-luces\\\/#breadcrumb\",\"itemListElement\":[{\"@type\":\"ListItem\",\"position\":1,\"name\":\"Portada\",\"item\":\"https:\\\/\\\/noticiasmercedinas.com\\\/site\\\/\"},{\"@type\":\"ListItem\",\"position\":2,\"name\":\"Diputado Selva presenta proyecto de ley para modificar la Ley de Tr\u00e1nsito y cambiar el uso de luces\"}]},{\"@type\":\"WebSite\",\"@id\":\"https:\\\/\\\/noticiasmercedinas.com\\\/site\\\/#website\",\"url\":\"https:\\\/\\\/noticiasmercedinas.com\\\/site\\\/\",\"name\":\"NOTICIASMERCEDINAS.COM\",\"description\":\"Mercedes, Buenos Aires, Argentina\",\"publisher\":{\"@id\":\"https:\\\/\\\/noticiasmercedinas.com\\\/site\\\/#organization\"},\"potentialAction\":[{\"@type\":\"SearchAction\",\"target\":{\"@type\":\"EntryPoint\",\"urlTemplate\":\"https:\\\/\\\/noticiasmercedinas.com\\\/site\\\/?s={search_term_string}\"},\"query-input\":{\"@type\":\"PropertyValueSpecification\",\"valueRequired\":true,\"valueName\":\"search_term_string\"}}],\"inLanguage\":\"es\"},{\"@type\":\"Organization\",\"@id\":\"https:\\\/\\\/noticiasmercedinas.com\\\/site\\\/#organization\",\"name\":\"NOTICIASMERCEDINAS.COM\",\"url\":\"https:\\\/\\\/noticiasmercedinas.com\\\/site\\\/\",\"logo\":{\"@type\":\"ImageObject\",\"inLanguage\":\"es\",\"@id\":\"https:\\\/\\\/noticiasmercedinas.com\\\/site\\\/#\\\/schema\\\/logo\\\/image\\\/\",\"url\":\"https:\\\/\\\/noticiasmercedinas.com\\\/site\\\/wp-content\\\/uploads\\\/2020\\\/06\\\/LOGO-512.jpg\",\"contentUrl\":\"https:\\\/\\\/noticiasmercedinas.com\\\/site\\\/wp-content\\\/uploads\\\/2020\\\/06\\\/LOGO-512.jpg\",\"width\":512,\"height\":512,\"caption\":\"NOTICIASMERCEDINAS.COM\"},\"image\":{\"@id\":\"https:\\\/\\\/noticiasmercedinas.com\\\/site\\\/#\\\/schema\\\/logo\\\/image\\\/\"},\"sameAs\":[\"https:\\\/\\\/www.facebook.com\\\/noticiasmercedinas\\\/\",\"https:\\\/\\\/x.com\\\/notmercedinas\",\"https:\\\/\\\/www.instagram.com\\\/noticiasmercedinas\\\/\"]},{\"@type\":\"Person\",\"@id\":\"https:\\\/\\\/noticiasmercedinas.com\\\/site\\\/#\\\/schema\\\/person\\\/84b59c099c28ff2e8b77d4ceec5d8063\",\"name\":\"NOTICIASMERCEDINAS.COM\",\"image\":{\"@type\":\"ImageObject\",\"inLanguage\":\"es\",\"@id\":\"https:\\\/\\\/secure.gravatar.com\\\/avatar\\\/4dfbf16b4d17945bfb6341b2d19043457132fcf478a5ee04f42e959fd8f5df0a?s=96&d=mm&r=g\",\"url\":\"https:\\\/\\\/secure.gravatar.com\\\/avatar\\\/4dfbf16b4d17945bfb6341b2d19043457132fcf478a5ee04f42e959fd8f5df0a?s=96&d=mm&r=g\",\"contentUrl\":\"https:\\\/\\\/secure.gravatar.com\\\/avatar\\\/4dfbf16b4d17945bfb6341b2d19043457132fcf478a5ee04f42e959fd8f5df0a?s=96&d=mm&r=g\",\"caption\":\"NOTICIASMERCEDINAS.COM\"},\"url\":\"https:\\\/\\\/noticiasmercedinas.com\\\/site\\\/author\\\/anonimo\\\/\"}]}<\/script>\n<!-- \/ Yoast SEO plugin. -->","yoast_head_json":{"title":"Diputado Selva presenta proyecto de ley para modificar la Ley de Tr\u00e1nsito y cambiar el uso de luces","robots":{"index":"index","follow":"follow","max-snippet":"max-snippet:-1","max-image-preview":"max-image-preview:large","max-video-preview":"max-video-preview:-1"},"canonical":"https:\/\/noticiasmercedinas.com\/site\/2023\/07\/06\/diputado-selva-presenta-proyecto-de-ley-para-modificar-la-ley-de-transito-y-cambiar-el-uso-de-luces\/","og_locale":"es_ES","og_type":"article","og_title":"Diputado Selva presenta proyecto de ley para modificar la Ley de Tr\u00e1nsito y cambiar el uso de luces","og_description":"\u25a0 Con la modificaci\u00f3n se busca actualizar la reglamentaci\u00f3n sobre el uso de las luces obligatorias, en l\u00ednea con los avances tecnol\u00f3gicos de los autom\u00f3viles.","og_url":"https:\/\/noticiasmercedinas.com\/site\/2023\/07\/06\/diputado-selva-presenta-proyecto-de-ley-para-modificar-la-ley-de-transito-y-cambiar-el-uso-de-luces\/","og_site_name":"NOTICIASMERCEDINAS.COM","article_publisher":"https:\/\/www.facebook.com\/noticiasmercedinas\/","article_published_time":"2023-07-06T22:04:31+00:00","og_image":[{"width":1600,"height":1066,"url":"https:\/\/noticiasmercedinas.com\/site\/wp-content\/uploads\/2023\/06\/CSELVA01.jpg","type":"image\/jpeg"}],"author":"NOTICIASMERCEDINAS.COM","twitter_card":"summary_large_image","twitter_creator":"@notmercedinas","twitter_site":"@notmercedinas","twitter_misc":{"Escrito por":"NOTICIASMERCEDINAS.COM","Tiempo de lectura":"2 minutos"},"schema":{"@context":"https:\/\/schema.org","@graph":[{"@type":"Article","@id":"https:\/\/noticiasmercedinas.com\/site\/2023\/07\/06\/diputado-selva-presenta-proyecto-de-ley-para-modificar-la-ley-de-transito-y-cambiar-el-uso-de-luces\/#article","isPartOf":{"@id":"https:\/\/noticiasmercedinas.com\/site\/2023\/07\/06\/diputado-selva-presenta-proyecto-de-ley-para-modificar-la-ley-de-transito-y-cambiar-el-uso-de-luces\/"},"author":{"name":"NOTICIASMERCEDINAS.COM","@id":"https:\/\/noticiasmercedinas.com\/site\/#\/schema\/person\/84b59c099c28ff2e8b77d4ceec5d8063"},"headline":"Diputado Selva presenta proyecto de ley para modificar la Ley de Tr\u00e1nsito y cambiar el uso de luces","datePublished":"2023-07-06T22:04:31+00:00","mainEntityOfPage":{"@id":"https:\/\/noticiasmercedinas.com\/site\/2023\/07\/06\/diputado-selva-presenta-proyecto-de-ley-para-modificar-la-ley-de-transito-y-cambiar-el-uso-de-luces\/"},"wordCount":439,"publisher":{"@id":"https:\/\/noticiasmercedinas.com\/site\/#organization"},"image":{"@id":"https:\/\/noticiasmercedinas.com\/site\/2023\/07\/06\/diputado-selva-presenta-proyecto-de-ley-para-modificar-la-ley-de-transito-y-cambiar-el-uso-de-luces\/#primaryimage"},"thumbnailUrl":"https:\/\/noticiasmercedinas.com\/site\/wp-content\/uploads\/2023\/06\/CSELVA01.jpg","keywords":["carlos selva","diputados","Ley de Tr\u00e1nsito"],"articleSection":["Politica"],"inLanguage":"es"},{"@type":"WebPage","@id":"https:\/\/noticiasmercedinas.com\/site\/2023\/07\/06\/diputado-selva-presenta-proyecto-de-ley-para-modificar-la-ley-de-transito-y-cambiar-el-uso-de-luces\/","url":"https:\/\/noticiasmercedinas.com\/site\/2023\/07\/06\/diputado-selva-presenta-proyecto-de-ley-para-modificar-la-ley-de-transito-y-cambiar-el-uso-de-luces\/","name":"Diputado Selva presenta proyecto de ley para modificar la Ley de Tr\u00e1nsito y cambiar el uso de luces","isPartOf":{"@id":"https:\/\/noticiasmercedinas.com\/site\/#website"},"primaryImageOfPage":{"@id":"https:\/\/noticiasmercedinas.com\/site\/2023\/07\/06\/diputado-selva-presenta-proyecto-de-ley-para-modificar-la-ley-de-transito-y-cambiar-el-uso-de-luces\/#primaryimage"},"image":{"@id":"https:\/\/noticiasmercedinas.com\/site\/2023\/07\/06\/diputado-selva-presenta-proyecto-de-ley-para-modificar-la-ley-de-transito-y-cambiar-el-uso-de-luces\/#primaryimage"},"thumbnailUrl":"https:\/\/noticiasmercedinas.com\/site\/wp-content\/uploads\/2023\/06\/CSELVA01.jpg","datePublished":"2023-07-06T22:04:31+00:00","breadcrumb":{"@id":"https:\/\/noticiasmercedinas.com\/site\/2023\/07\/06\/diputado-selva-presenta-proyecto-de-ley-para-modificar-la-ley-de-transito-y-cambiar-el-uso-de-luces\/#breadcrumb"},"inLanguage":"es","potentialAction":[{"@type":"ReadAction","target":["https:\/\/noticiasmercedinas.com\/site\/2023\/07\/06\/diputado-selva-presenta-proyecto-de-ley-para-modificar-la-ley-de-transito-y-cambiar-el-uso-de-luces\/"]}]},{"@type":"ImageObject","inLanguage":"es","@id":"https:\/\/noticiasmercedinas.com\/site\/2023\/07\/06\/diputado-selva-presenta-proyecto-de-ley-para-modificar-la-ley-de-transito-y-cambiar-el-uso-de-luces\/#primaryimage","url":"https:\/\/noticiasmercedinas.com\/site\/wp-content\/uploads\/2023\/06\/CSELVA01.jpg","contentUrl":"https:\/\/noticiasmercedinas.com\/site\/wp-content\/uploads\/2023\/06\/CSELVA01.jpg","width":1600,"height":1066},{"@type":"BreadcrumbList","@id":"https:\/\/noticiasmercedinas.com\/site\/2023\/07\/06\/diputado-selva-presenta-proyecto-de-ley-para-modificar-la-ley-de-transito-y-cambiar-el-uso-de-luces\/#breadcrumb","itemListElement":[{"@type":"ListItem","position":1,"name":"Portada","item":"https:\/\/noticiasmercedinas.com\/site\/"},{"@type":"ListItem","position":2,"name":"Diputado Selva presenta proyecto de ley para modificar la Ley de Tr\u00e1nsito y cambiar el uso de luces"}]},{"@type":"WebSite","@id":"https:\/\/noticiasmercedinas.com\/site\/#website","url":"https:\/\/noticiasmercedinas.com\/site\/","name":"NOTICIASMERCEDINAS.COM","description":"Mercedes, Buenos Aires, Argentina","publisher":{"@id":"https:\/\/noticiasmercedinas.com\/site\/#organization"},"potentialAction":[{"@type":"SearchAction","target":{"@type":"EntryPoint","urlTemplate":"https:\/\/noticiasmercedinas.com\/site\/?s={search_term_string}"},"query-input":{"@type":"PropertyValueSpecification","valueRequired":true,"valueName":"search_term_string"}}],"inLanguage":"es"},{"@type":"Organization","@id":"https:\/\/noticiasmercedinas.com\/site\/#organization","name":"NOTICIASMERCEDINAS.COM","url":"https:\/\/noticiasmercedinas.com\/site\/","logo":{"@type":"ImageObject","inLanguage":"es","@id":"https:\/\/noticiasmercedinas.com\/site\/#\/schema\/logo\/image\/","url":"https:\/\/noticiasmercedinas.com\/site\/wp-content\/uploads\/2020\/06\/LOGO-512.jpg","contentUrl":"https:\/\/noticiasmercedinas.com\/site\/wp-content\/uploads\/2020\/06\/LOGO-512.jpg","width":512,"height":512,"caption":"NOTICIASMERCEDINAS.COM"},"image":{"@id":"https:\/\/noticiasmercedinas.com\/site\/#\/schema\/logo\/image\/"},"sameAs":["https:\/\/www.facebook.com\/noticiasmercedinas\/","https:\/\/x.com\/notmercedinas","https:\/\/www.instagram.com\/noticiasmercedinas\/"]},{"@type":"Person","@id":"https:\/\/noticiasmercedinas.com\/site\/#\/schema\/person\/84b59c099c28ff2e8b77d4ceec5d8063","name":"NOTICIASMERCEDINAS.COM","image":{"@type":"ImageObject","inLanguage":"es","@id":"https:\/\/secure.gravatar.com\/avatar\/4dfbf16b4d17945bfb6341b2d19043457132fcf478a5ee04f42e959fd8f5df0a?s=96&d=mm&r=g","url":"https:\/\/secure.gravatar.com\/avatar\/4dfbf16b4d17945bfb6341b2d19043457132fcf478a5ee04f42e959fd8f5df0a?s=96&d=mm&r=g","contentUrl":"https:\/\/secure.gravatar.com\/avatar\/4dfbf16b4d17945bfb6341b2d19043457132fcf478a5ee04f42e959fd8f5df0a?s=96&d=mm&r=g","caption":"NOTICIASMERCEDINAS.COM"},"url":"https:\/\/noticiasmercedinas.com\/site\/author\/anonimo\/"}]}},"amp_enabled":true,"_links":{"self":[{"href":"https:\/\/noticiasmercedinas.com\/site\/wp-json\/wp\/v2\/posts\/118554","targetHints":{"allow":["GET"]}}],"collection":[{"href":"https:\/\/noticiasmercedinas.com\/site\/wp-json\/wp\/v2\/posts"}],"about":[{"href":"https:\/\/noticiasmercedinas.com\/site\/wp-json\/wp\/v2\/types\/post"}],"author":[{"embeddable":true,"href":"https:\/\/noticiasmercedinas.com\/site\/wp-json\/wp\/v2\/users\/16"}],"replies":[{"embeddable":true,"href":"https:\/\/noticiasmercedinas.com\/site\/wp-json\/wp\/v2\/comments?post=118554"}],"version-history":[{"count":1,"href":"https:\/\/noticiasmercedinas.com\/site\/wp-json\/wp\/v2\/posts\/118554\/revisions"}],"predecessor-version":[{"id":118555,"href":"https:\/\/noticiasmercedinas.com\/site\/wp-json\/wp\/v2\/posts\/118554\/revisions\/118555"}],"wp:featuredmedia":[{"embeddable":true,"href":"https:\/\/noticiasmercedinas.com\/site\/wp-json\/wp\/v2\/media\/116667"}],"wp:attachment":[{"href":"https:\/\/noticiasmercedinas.com\/site\/wp-json\/wp\/v2\/media?parent=118554"}],"wp:term":[{"taxonomy":"category","embeddable":true,"href":"https:\/\/noticiasmercedinas.com\/site\/wp-json\/wp\/v2\/categories?post=118554"},{"taxonomy":"post_tag","embeddable":true,"href":"https:\/\/noticiasmercedinas.com\/site\/wp-json\/wp\/v2\/tags?post=118554"}],"curies":[{"name":"wp","href":"https:\/\/api.w.org\/{rel}","templated":true}]}}