{"id":118606,"date":"2023-07-07T20:50:59","date_gmt":"2023-07-07T23:50:59","guid":{"rendered":"https:\/\/noticiasmercedinas.com\/site\/?p=118606"},"modified":"2023-07-07T20:50:59","modified_gmt":"2023-07-07T23:50:59","slug":"primera-d-club-mercedes-ante-deportivo-muniz","status":"publish","type":"post","link":"https:\/\/noticiasmercedinas.com\/site\/2023\/07\/07\/primera-d-club-mercedes-ante-deportivo-muniz\/","title":{"rendered":"Primera D: Club Mercedes ante Deportivo Mu\u00f1iz"},"content":{"rendered":"<figure id=\"attachment_118607\" aria-describedby=\"caption-attachment-118607\" style=\"width: 640px\" class=\"wp-caption alignnone\"><img loading=\"lazy\" decoding=\"async\" class=\"wp-image-118607 size-full\" src=\"https:\/\/noticiasmercedinas.com\/site\/wp-content\/uploads\/2023\/07\/IMG_6724.jpg\" alt=\"\" width=\"640\" height=\"427\" srcset=\"https:\/\/noticiasmercedinas.com\/site\/wp-content\/uploads\/2023\/07\/IMG_6724.jpg 640w, https:\/\/noticiasmercedinas.com\/site\/wp-content\/uploads\/2023\/07\/IMG_6724-300x200.jpg 300w\" sizes=\"auto, (max-width: 640px) 100vw, 640px\" \/><figcaption id=\"caption-attachment-118607\" class=\"wp-caption-text\">Mercedes y Mu\u00f1iz, el partido del s\u00e1bado en la Liga.<\/figcaption><\/figure>\n<p>En cancha de la Liga Mercedina de F\u00fatbol vuelve a jugar este s\u00e1bado 8 por la tarde Club Mercedes, ser\u00e1 en el marco de la fecha 6 por la Primera D quedando libre Sportivo Barracas. Desde las 15.30 ser\u00e1 el juego ante Deportivo Mu\u00f1iz, un equipo que tras ser candidato hasta la \u00faltima jornada del Primer Torneo en el Segundo no viene cumpliendo una buena campa\u00f1a.<\/p>\n<p>El \u201cBlanquinegro\u201d tambi\u00e9n llega con la necesidad de la victoria, viene de perder en Tapiales por 2 a 1 y empatar los tres partidos anteriores. No estar\u00e1 Ignacio Rodr\u00edguez (2 partidos) que fue expulsado y para lo que vendr\u00e1 Walter D\u00edaz a citado estos futbolistas: Gonzalo Boragno, Juan Pedro Gatti, Thom\u00e1s Schenone, Alexis Grzesiak, Ismael Illanes, Blas De Los Santos, Rodrigo Scarnatto, Mat\u00edas L\u00f3pez, Nahuel Menseguez, Tomas Chaparro y Franco Gatti.<\/p>\n<p>En el banco de relevos: Rodrigo Nicasio, Domingo De Paola, Genaro S\u00e1nchez Olmos, Laureano Torres, Santiago Romagnoli, Juan Manuel Culio, El\u00edas Vel\u00e1zquez y Franco Cruz, uno quedar\u00e1 por fuera de la lista del partido. Las entradas para Club Mercedes y Deportivo Mu\u00f1iz se podr\u00e1n adquirir el mismo s\u00e1bado 8 desde las 14 en la propia cancha de la Liga.<\/p>\n<p><strong>S\u00e1bado 8 de julio<\/strong><br \/>\n<strong>Cancha:<\/strong> Liga Mercedina.<br \/>\nClub Mercedes vs. Deportivo Mu\u00f1iz.<br \/>\n<strong>\u00c1rbitro:<\/strong> Ignacio Cuicchi.<br \/>\n<strong>Asistente 1:<\/strong> Diego Fern\u00e1ndez.<br \/>\n<strong>Asistente 2:<\/strong> Mat\u00edas Aragonez.<br \/>\n<strong>Cuarto \u00e1rbitro:<\/strong> Bryan Rodr\u00edguez.<\/p>\n<p>A las 15.30 Central Ballester vs. Lugano.<br \/>\n<strong>\u00c1rbitro:<\/strong> Gonzalo Correa.<\/p>\n<p><strong>Cancha:<\/strong> Lugano.<br \/>\nA las 15.30 Deportivo Paraguayo vs. Recreativo Espa\u00f1ol.<br \/>\n<strong>\u00c1rbitro:<\/strong> Rodrigo Villalba.<\/p>\n<p><strong>Domingo 9 (DeporTV)<br \/>\n<\/strong>A las 15.30 Argentino (Rosario) vs. Defensores de Cambaceres.<br \/>\n<strong>\u00c1rbitro:<\/strong> Axel Pogge.<\/p>\n<p><strong>Cancha:<\/strong> Malvinas Argentinas.<br \/>\nA las 15.30 Juventud Unida vs. El Porvenir.<br \/>\n<strong>\u00c1rbitro:<\/strong> Francisco Varano.<\/p>\n<p><img loading=\"lazy\" decoding=\"async\" class=\"alignnone size-full wp-image-118608\" src=\"https:\/\/noticiasmercedinas.com\/site\/wp-content\/uploads\/2023\/07\/Primera-D-3.jpg\" alt=\"\" width=\"640\" height=\"369\" srcset=\"https:\/\/noticiasmercedinas.com\/site\/wp-content\/uploads\/2023\/07\/Primera-D-3.jpg 640w, https:\/\/noticiasmercedinas.com\/site\/wp-content\/uploads\/2023\/07\/Primera-D-3-300x173.jpg 300w\" sizes=\"auto, (max-width: 640px) 100vw, 640px\" \/><\/p>\n","protected":false},"excerpt":{"rendered":"<p>\u25a0 Desde las 15.30 del s\u00e1bado jugar\u00e1n en la Liga por la sexta fecha. Los dos vienen de campa\u00f1as que le hacen buscar la victoria. Las entradas se vender\u00e1n en la misma cancha desde las 14 horas.<\/p>\n","protected":false},"author":6,"featured_media":118607,"comment_status":"closed","ping_status":"closed","sticky":false,"template":"","format":"standard","meta":{"footnotes":""},"categories":[5],"tags":[6424,135,14247,11935],"class_list":["post-118606","post","type-post","status-publish","format-standard","has-post-thumbnail","hentry","category-deportes","tag-afa","tag-club-mercedes","tag-deportivo-muniz","tag-primera-d"],"yoast_head":"<!-- This site is optimized with the Yoast SEO plugin v27.5 - https:\/\/yoast.com\/product\/yoast-seo-wordpress\/ -->\n<title>Primera D: Club Mercedes ante Deportivo Mu\u00f1iz<\/title>\n<meta name=\"robots\" content=\"index, follow, max-snippet:-1, max-image-preview:large, max-video-preview:-1\" \/>\n<link rel=\"canonical\" href=\"https:\/\/noticiasmercedinas.com\/site\/2023\/07\/07\/primera-d-club-mercedes-ante-deportivo-muniz\/\" \/>\n<meta property=\"og:locale\" content=\"es_ES\" \/>\n<meta property=\"og:type\" content=\"article\" \/>\n<meta property=\"og:title\" content=\"Primera D: Club Mercedes ante Deportivo Mu\u00f1iz\" \/>\n<meta property=\"og:description\" content=\"\u25a0 Desde las 15.30 del s\u00e1bado jugar\u00e1n en la Liga por la sexta fecha. Los dos vienen de campa\u00f1as que le hacen buscar la victoria. Las entradas se vender\u00e1n en la misma cancha desde las 14 horas.\" \/>\n<meta property=\"og:url\" content=\"https:\/\/noticiasmercedinas.com\/site\/2023\/07\/07\/primera-d-club-mercedes-ante-deportivo-muniz\/\" \/>\n<meta property=\"og:site_name\" content=\"NOTICIASMERCEDINAS.COM\" \/>\n<meta property=\"article:publisher\" content=\"https:\/\/www.facebook.com\/noticiasmercedinas\/\" \/>\n<meta property=\"article:published_time\" content=\"2023-07-07T23:50:59+00:00\" \/>\n<meta property=\"og:image\" content=\"https:\/\/noticiasmercedinas.com\/site\/wp-content\/uploads\/2023\/07\/IMG_6724.jpg\" \/>\n\t<meta property=\"og:image:width\" content=\"640\" \/>\n\t<meta property=\"og:image:height\" content=\"427\" \/>\n\t<meta property=\"og:image:type\" content=\"image\/jpeg\" \/>\n<meta name=\"author\" content=\"Juan Dagnino NOTICIASMERCEDINAS.COM\" \/>\n<meta name=\"twitter:card\" content=\"summary_large_image\" \/>\n<meta name=\"twitter:creator\" content=\"@notmercedinas\" \/>\n<meta name=\"twitter:site\" content=\"@notmercedinas\" \/>\n<meta name=\"twitter:label1\" content=\"Escrito por\" \/>\n\t<meta name=\"twitter:data1\" content=\"Juan Dagnino NOTICIASMERCEDINAS.COM\" \/>\n\t<meta name=\"twitter:label2\" content=\"Tiempo de lectura\" \/>\n\t<meta name=\"twitter:data2\" content=\"2 minutos\" \/>\n<script type=\"application\/ld+json\" class=\"yoast-schema-graph\">{\"@context\":\"https:\\\/\\\/schema.org\",\"@graph\":[{\"@type\":\"Article\",\"@id\":\"https:\\\/\\\/noticiasmercedinas.com\\\/site\\\/2023\\\/07\\\/07\\\/primera-d-club-mercedes-ante-deportivo-muniz\\\/#article\",\"isPartOf\":{\"@id\":\"https:\\\/\\\/noticiasmercedinas.com\\\/site\\\/2023\\\/07\\\/07\\\/primera-d-club-mercedes-ante-deportivo-muniz\\\/\"},\"author\":{\"name\":\"Juan Dagnino NOTICIASMERCEDINAS.COM\",\"@id\":\"https:\\\/\\\/noticiasmercedinas.com\\\/site\\\/#\\\/schema\\\/person\\\/8f2f09d666ef40986eba4a5e6f2a06f9\"},\"headline\":\"Primera D: Club Mercedes ante Deportivo Mu\u00f1iz\",\"datePublished\":\"2023-07-07T23:50:59+00:00\",\"mainEntityOfPage\":{\"@id\":\"https:\\\/\\\/noticiasmercedinas.com\\\/site\\\/2023\\\/07\\\/07\\\/primera-d-club-mercedes-ante-deportivo-muniz\\\/\"},\"wordCount\":308,\"publisher\":{\"@id\":\"https:\\\/\\\/noticiasmercedinas.com\\\/site\\\/#organization\"},\"image\":{\"@id\":\"https:\\\/\\\/noticiasmercedinas.com\\\/site\\\/2023\\\/07\\\/07\\\/primera-d-club-mercedes-ante-deportivo-muniz\\\/#primaryimage\"},\"thumbnailUrl\":\"https:\\\/\\\/noticiasmercedinas.com\\\/site\\\/wp-content\\\/uploads\\\/2023\\\/07\\\/IMG_6724.jpg\",\"keywords\":[\"AFA\",\"club mercedes\",\"Deportivo Mu\u00f1iz\",\"Primera D\"],\"articleSection\":[\"Deportes\"],\"inLanguage\":\"es\"},{\"@type\":\"WebPage\",\"@id\":\"https:\\\/\\\/noticiasmercedinas.com\\\/site\\\/2023\\\/07\\\/07\\\/primera-d-club-mercedes-ante-deportivo-muniz\\\/\",\"url\":\"https:\\\/\\\/noticiasmercedinas.com\\\/site\\\/2023\\\/07\\\/07\\\/primera-d-club-mercedes-ante-deportivo-muniz\\\/\",\"name\":\"Primera D: Club Mercedes ante Deportivo Mu\u00f1iz\",\"isPartOf\":{\"@id\":\"https:\\\/\\\/noticiasmercedinas.com\\\/site\\\/#website\"},\"primaryImageOfPage\":{\"@id\":\"https:\\\/\\\/noticiasmercedinas.com\\\/site\\\/2023\\\/07\\\/07\\\/primera-d-club-mercedes-ante-deportivo-muniz\\\/#primaryimage\"},\"image\":{\"@id\":\"https:\\\/\\\/noticiasmercedinas.com\\\/site\\\/2023\\\/07\\\/07\\\/primera-d-club-mercedes-ante-deportivo-muniz\\\/#primaryimage\"},\"thumbnailUrl\":\"https:\\\/\\\/noticiasmercedinas.com\\\/site\\\/wp-content\\\/uploads\\\/2023\\\/07\\\/IMG_6724.jpg\",\"datePublished\":\"2023-07-07T23:50:59+00:00\",\"breadcrumb\":{\"@id\":\"https:\\\/\\\/noticiasmercedinas.com\\\/site\\\/2023\\\/07\\\/07\\\/primera-d-club-mercedes-ante-deportivo-muniz\\\/#breadcrumb\"},\"inLanguage\":\"es\",\"potentialAction\":[{\"@type\":\"ReadAction\",\"target\":[\"https:\\\/\\\/noticiasmercedinas.com\\\/site\\\/2023\\\/07\\\/07\\\/primera-d-club-mercedes-ante-deportivo-muniz\\\/\"]}]},{\"@type\":\"ImageObject\",\"inLanguage\":\"es\",\"@id\":\"https:\\\/\\\/noticiasmercedinas.com\\\/site\\\/2023\\\/07\\\/07\\\/primera-d-club-mercedes-ante-deportivo-muniz\\\/#primaryimage\",\"url\":\"https:\\\/\\\/noticiasmercedinas.com\\\/site\\\/wp-content\\\/uploads\\\/2023\\\/07\\\/IMG_6724.jpg\",\"contentUrl\":\"https:\\\/\\\/noticiasmercedinas.com\\\/site\\\/wp-content\\\/uploads\\\/2023\\\/07\\\/IMG_6724.jpg\",\"width\":640,\"height\":427},{\"@type\":\"BreadcrumbList\",\"@id\":\"https:\\\/\\\/noticiasmercedinas.com\\\/site\\\/2023\\\/07\\\/07\\\/primera-d-club-mercedes-ante-deportivo-muniz\\\/#breadcrumb\",\"itemListElement\":[{\"@type\":\"ListItem\",\"position\":1,\"name\":\"Portada\",\"item\":\"https:\\\/\\\/noticiasmercedinas.com\\\/site\\\/\"},{\"@type\":\"ListItem\",\"position\":2,\"name\":\"Primera D: Club Mercedes ante Deportivo Mu\u00f1iz\"}]},{\"@type\":\"WebSite\",\"@id\":\"https:\\\/\\\/noticiasmercedinas.com\\\/site\\\/#website\",\"url\":\"https:\\\/\\\/noticiasmercedinas.com\\\/site\\\/\",\"name\":\"NOTICIASMERCEDINAS.COM\",\"description\":\"Mercedes, Buenos Aires, Argentina\",\"publisher\":{\"@id\":\"https:\\\/\\\/noticiasmercedinas.com\\\/site\\\/#organization\"},\"potentialAction\":[{\"@type\":\"SearchAction\",\"target\":{\"@type\":\"EntryPoint\",\"urlTemplate\":\"https:\\\/\\\/noticiasmercedinas.com\\\/site\\\/?s={search_term_string}\"},\"query-input\":{\"@type\":\"PropertyValueSpecification\",\"valueRequired\":true,\"valueName\":\"search_term_string\"}}],\"inLanguage\":\"es\"},{\"@type\":\"Organization\",\"@id\":\"https:\\\/\\\/noticiasmercedinas.com\\\/site\\\/#organization\",\"name\":\"NOTICIASMERCEDINAS.COM\",\"url\":\"https:\\\/\\\/noticiasmercedinas.com\\\/site\\\/\",\"logo\":{\"@type\":\"ImageObject\",\"inLanguage\":\"es\",\"@id\":\"https:\\\/\\\/noticiasmercedinas.com\\\/site\\\/#\\\/schema\\\/logo\\\/image\\\/\",\"url\":\"https:\\\/\\\/noticiasmercedinas.com\\\/site\\\/wp-content\\\/uploads\\\/2020\\\/06\\\/LOGO-512.jpg\",\"contentUrl\":\"https:\\\/\\\/noticiasmercedinas.com\\\/site\\\/wp-content\\\/uploads\\\/2020\\\/06\\\/LOGO-512.jpg\",\"width\":512,\"height\":512,\"caption\":\"NOTICIASMERCEDINAS.COM\"},\"image\":{\"@id\":\"https:\\\/\\\/noticiasmercedinas.com\\\/site\\\/#\\\/schema\\\/logo\\\/image\\\/\"},\"sameAs\":[\"https:\\\/\\\/www.facebook.com\\\/noticiasmercedinas\\\/\",\"https:\\\/\\\/x.com\\\/notmercedinas\",\"https:\\\/\\\/www.instagram.com\\\/noticiasmercedinas\\\/\"]},{\"@type\":\"Person\",\"@id\":\"https:\\\/\\\/noticiasmercedinas.com\\\/site\\\/#\\\/schema\\\/person\\\/8f2f09d666ef40986eba4a5e6f2a06f9\",\"name\":\"Juan Dagnino NOTICIASMERCEDINAS.COM\",\"image\":{\"@type\":\"ImageObject\",\"inLanguage\":\"es\",\"@id\":\"https:\\\/\\\/secure.gravatar.com\\\/avatar\\\/fc7059a769f5a3cae65fadb228a3e4accf3a64b4b2305020d0a27e6d5333c91b?s=96&d=mm&r=g\",\"url\":\"https:\\\/\\\/secure.gravatar.com\\\/avatar\\\/fc7059a769f5a3cae65fadb228a3e4accf3a64b4b2305020d0a27e6d5333c91b?s=96&d=mm&r=g\",\"contentUrl\":\"https:\\\/\\\/secure.gravatar.com\\\/avatar\\\/fc7059a769f5a3cae65fadb228a3e4accf3a64b4b2305020d0a27e6d5333c91b?s=96&d=mm&r=g\",\"caption\":\"Juan Dagnino NOTICIASMERCEDINAS.COM\"},\"url\":\"https:\\\/\\\/noticiasmercedinas.com\\\/site\\\/author\\\/juandagnino\\\/\"}]}<\/script>\n<!-- \/ Yoast SEO plugin. -->","yoast_head_json":{"title":"Primera D: Club Mercedes ante Deportivo Mu\u00f1iz","robots":{"index":"index","follow":"follow","max-snippet":"max-snippet:-1","max-image-preview":"max-image-preview:large","max-video-preview":"max-video-preview:-1"},"canonical":"https:\/\/noticiasmercedinas.com\/site\/2023\/07\/07\/primera-d-club-mercedes-ante-deportivo-muniz\/","og_locale":"es_ES","og_type":"article","og_title":"Primera D: Club Mercedes ante Deportivo Mu\u00f1iz","og_description":"\u25a0 Desde las 15.30 del s\u00e1bado jugar\u00e1n en la Liga por la sexta fecha. Los dos vienen de campa\u00f1as que le hacen buscar la victoria. Las entradas se vender\u00e1n en la misma cancha desde las 14 horas.","og_url":"https:\/\/noticiasmercedinas.com\/site\/2023\/07\/07\/primera-d-club-mercedes-ante-deportivo-muniz\/","og_site_name":"NOTICIASMERCEDINAS.COM","article_publisher":"https:\/\/www.facebook.com\/noticiasmercedinas\/","article_published_time":"2023-07-07T23:50:59+00:00","og_image":[{"width":640,"height":427,"url":"https:\/\/noticiasmercedinas.com\/site\/wp-content\/uploads\/2023\/07\/IMG_6724.jpg","type":"image\/jpeg"}],"author":"Juan Dagnino NOTICIASMERCEDINAS.COM","twitter_card":"summary_large_image","twitter_creator":"@notmercedinas","twitter_site":"@notmercedinas","twitter_misc":{"Escrito por":"Juan Dagnino NOTICIASMERCEDINAS.COM","Tiempo de lectura":"2 minutos"},"schema":{"@context":"https:\/\/schema.org","@graph":[{"@type":"Article","@id":"https:\/\/noticiasmercedinas.com\/site\/2023\/07\/07\/primera-d-club-mercedes-ante-deportivo-muniz\/#article","isPartOf":{"@id":"https:\/\/noticiasmercedinas.com\/site\/2023\/07\/07\/primera-d-club-mercedes-ante-deportivo-muniz\/"},"author":{"name":"Juan Dagnino NOTICIASMERCEDINAS.COM","@id":"https:\/\/noticiasmercedinas.com\/site\/#\/schema\/person\/8f2f09d666ef40986eba4a5e6f2a06f9"},"headline":"Primera D: Club Mercedes ante Deportivo Mu\u00f1iz","datePublished":"2023-07-07T23:50:59+00:00","mainEntityOfPage":{"@id":"https:\/\/noticiasmercedinas.com\/site\/2023\/07\/07\/primera-d-club-mercedes-ante-deportivo-muniz\/"},"wordCount":308,"publisher":{"@id":"https:\/\/noticiasmercedinas.com\/site\/#organization"},"image":{"@id":"https:\/\/noticiasmercedinas.com\/site\/2023\/07\/07\/primera-d-club-mercedes-ante-deportivo-muniz\/#primaryimage"},"thumbnailUrl":"https:\/\/noticiasmercedinas.com\/site\/wp-content\/uploads\/2023\/07\/IMG_6724.jpg","keywords":["AFA","club mercedes","Deportivo Mu\u00f1iz","Primera D"],"articleSection":["Deportes"],"inLanguage":"es"},{"@type":"WebPage","@id":"https:\/\/noticiasmercedinas.com\/site\/2023\/07\/07\/primera-d-club-mercedes-ante-deportivo-muniz\/","url":"https:\/\/noticiasmercedinas.com\/site\/2023\/07\/07\/primera-d-club-mercedes-ante-deportivo-muniz\/","name":"Primera D: Club Mercedes ante Deportivo Mu\u00f1iz","isPartOf":{"@id":"https:\/\/noticiasmercedinas.com\/site\/#website"},"primaryImageOfPage":{"@id":"https:\/\/noticiasmercedinas.com\/site\/2023\/07\/07\/primera-d-club-mercedes-ante-deportivo-muniz\/#primaryimage"},"image":{"@id":"https:\/\/noticiasmercedinas.com\/site\/2023\/07\/07\/primera-d-club-mercedes-ante-deportivo-muniz\/#primaryimage"},"thumbnailUrl":"https:\/\/noticiasmercedinas.com\/site\/wp-content\/uploads\/2023\/07\/IMG_6724.jpg","datePublished":"2023-07-07T23:50:59+00:00","breadcrumb":{"@id":"https:\/\/noticiasmercedinas.com\/site\/2023\/07\/07\/primera-d-club-mercedes-ante-deportivo-muniz\/#breadcrumb"},"inLanguage":"es","potentialAction":[{"@type":"ReadAction","target":["https:\/\/noticiasmercedinas.com\/site\/2023\/07\/07\/primera-d-club-mercedes-ante-deportivo-muniz\/"]}]},{"@type":"ImageObject","inLanguage":"es","@id":"https:\/\/noticiasmercedinas.com\/site\/2023\/07\/07\/primera-d-club-mercedes-ante-deportivo-muniz\/#primaryimage","url":"https:\/\/noticiasmercedinas.com\/site\/wp-content\/uploads\/2023\/07\/IMG_6724.jpg","contentUrl":"https:\/\/noticiasmercedinas.com\/site\/wp-content\/uploads\/2023\/07\/IMG_6724.jpg","width":640,"height":427},{"@type":"BreadcrumbList","@id":"https:\/\/noticiasmercedinas.com\/site\/2023\/07\/07\/primera-d-club-mercedes-ante-deportivo-muniz\/#breadcrumb","itemListElement":[{"@type":"ListItem","position":1,"name":"Portada","item":"https:\/\/noticiasmercedinas.com\/site\/"},{"@type":"ListItem","position":2,"name":"Primera D: Club Mercedes ante Deportivo Mu\u00f1iz"}]},{"@type":"WebSite","@id":"https:\/\/noticiasmercedinas.com\/site\/#website","url":"https:\/\/noticiasmercedinas.com\/site\/","name":"NOTICIASMERCEDINAS.COM","description":"Mercedes, Buenos Aires, Argentina","publisher":{"@id":"https:\/\/noticiasmercedinas.com\/site\/#organization"},"potentialAction":[{"@type":"SearchAction","target":{"@type":"EntryPoint","urlTemplate":"https:\/\/noticiasmercedinas.com\/site\/?s={search_term_string}"},"query-input":{"@type":"PropertyValueSpecification","valueRequired":true,"valueName":"search_term_string"}}],"inLanguage":"es"},{"@type":"Organization","@id":"https:\/\/noticiasmercedinas.com\/site\/#organization","name":"NOTICIASMERCEDINAS.COM","url":"https:\/\/noticiasmercedinas.com\/site\/","logo":{"@type":"ImageObject","inLanguage":"es","@id":"https:\/\/noticiasmercedinas.com\/site\/#\/schema\/logo\/image\/","url":"https:\/\/noticiasmercedinas.com\/site\/wp-content\/uploads\/2020\/06\/LOGO-512.jpg","contentUrl":"https:\/\/noticiasmercedinas.com\/site\/wp-content\/uploads\/2020\/06\/LOGO-512.jpg","width":512,"height":512,"caption":"NOTICIASMERCEDINAS.COM"},"image":{"@id":"https:\/\/noticiasmercedinas.com\/site\/#\/schema\/logo\/image\/"},"sameAs":["https:\/\/www.facebook.com\/noticiasmercedinas\/","https:\/\/x.com\/notmercedinas","https:\/\/www.instagram.com\/noticiasmercedinas\/"]},{"@type":"Person","@id":"https:\/\/noticiasmercedinas.com\/site\/#\/schema\/person\/8f2f09d666ef40986eba4a5e6f2a06f9","name":"Juan Dagnino NOTICIASMERCEDINAS.COM","image":{"@type":"ImageObject","inLanguage":"es","@id":"https:\/\/secure.gravatar.com\/avatar\/fc7059a769f5a3cae65fadb228a3e4accf3a64b4b2305020d0a27e6d5333c91b?s=96&d=mm&r=g","url":"https:\/\/secure.gravatar.com\/avatar\/fc7059a769f5a3cae65fadb228a3e4accf3a64b4b2305020d0a27e6d5333c91b?s=96&d=mm&r=g","contentUrl":"https:\/\/secure.gravatar.com\/avatar\/fc7059a769f5a3cae65fadb228a3e4accf3a64b4b2305020d0a27e6d5333c91b?s=96&d=mm&r=g","caption":"Juan Dagnino NOTICIASMERCEDINAS.COM"},"url":"https:\/\/noticiasmercedinas.com\/site\/author\/juandagnino\/"}]}},"amp_enabled":true,"_links":{"self":[{"href":"https:\/\/noticiasmercedinas.com\/site\/wp-json\/wp\/v2\/posts\/118606","targetHints":{"allow":["GET"]}}],"collection":[{"href":"https:\/\/noticiasmercedinas.com\/site\/wp-json\/wp\/v2\/posts"}],"about":[{"href":"https:\/\/noticiasmercedinas.com\/site\/wp-json\/wp\/v2\/types\/post"}],"author":[{"embeddable":true,"href":"https:\/\/noticiasmercedinas.com\/site\/wp-json\/wp\/v2\/users\/6"}],"replies":[{"embeddable":true,"href":"https:\/\/noticiasmercedinas.com\/site\/wp-json\/wp\/v2\/comments?post=118606"}],"version-history":[{"count":1,"href":"https:\/\/noticiasmercedinas.com\/site\/wp-json\/wp\/v2\/posts\/118606\/revisions"}],"predecessor-version":[{"id":118609,"href":"https:\/\/noticiasmercedinas.com\/site\/wp-json\/wp\/v2\/posts\/118606\/revisions\/118609"}],"wp:featuredmedia":[{"embeddable":true,"href":"https:\/\/noticiasmercedinas.com\/site\/wp-json\/wp\/v2\/media\/118607"}],"wp:attachment":[{"href":"https:\/\/noticiasmercedinas.com\/site\/wp-json\/wp\/v2\/media?parent=118606"}],"wp:term":[{"taxonomy":"category","embeddable":true,"href":"https:\/\/noticiasmercedinas.com\/site\/wp-json\/wp\/v2\/categories?post=118606"},{"taxonomy":"post_tag","embeddable":true,"href":"https:\/\/noticiasmercedinas.com\/site\/wp-json\/wp\/v2\/tags?post=118606"}],"curies":[{"name":"wp","href":"https:\/\/api.w.org\/{rel}","templated":true}]}}