{"id":118628,"date":"2023-07-08T09:37:19","date_gmt":"2023-07-08T12:37:19","guid":{"rendered":"https:\/\/noticiasmercedinas.com\/site\/?p=118628"},"modified":"2023-07-08T09:37:19","modified_gmt":"2023-07-08T12:37:19","slug":"exitoso-cierre-del-taller-el-entorno-como-material-con-impactante-exposicion-en-estudio-cueto","status":"publish","type":"post","link":"https:\/\/noticiasmercedinas.com\/site\/2023\/07\/08\/exitoso-cierre-del-taller-el-entorno-como-material-con-impactante-exposicion-en-estudio-cueto\/","title":{"rendered":"Exitoso cierre del taller \u00abEl entorno como material\u00bb con impactante exposici\u00f3n en Estudio Cueto"},"content":{"rendered":"<p><img loading=\"lazy\" decoding=\"async\" class=\"alignnone size-full wp-image-118629\" src=\"https:\/\/noticiasmercedinas.com\/site\/wp-content\/uploads\/2023\/07\/cutro01.jpg\" alt=\"\" width=\"640\" height=\"488\" srcset=\"https:\/\/noticiasmercedinas.com\/site\/wp-content\/uploads\/2023\/07\/cutro01.jpg 640w, https:\/\/noticiasmercedinas.com\/site\/wp-content\/uploads\/2023\/07\/cutro01-300x229.jpg 300w, https:\/\/noticiasmercedinas.com\/site\/wp-content\/uploads\/2023\/07\/cutro01-80x60.jpg 80w, https:\/\/noticiasmercedinas.com\/site\/wp-content\/uploads\/2023\/07\/cutro01-100x75.jpg 100w\" sizes=\"auto, (max-width: 640px) 100vw, 640px\" \/><\/p>\n<p>El Estudio de Arte Cueto ha sido testigo de una exposici\u00f3n sin precedentes titulada<strong> \u00abEl entorno como material. Una mirada desde Mercedes\u00bb<\/strong>, la cual marc\u00f3 el final de un emocionante taller coordinado por <strong>Marcela Cueto<\/strong> y <strong>Paula Figoli,<\/strong> con el apoyo del <strong>Fondo Nacional de las Artes<\/strong>.<\/p>\n<p>La muestra, que tuvo lugar en el estudio ubicado en la localidad de Mercedes, result\u00f3 ser una instancia de aprendizaje en el \u00e1mbito de las artes visuales, enfocada en la exploraci\u00f3n de lo local.<\/p>\n<p>Las responsables del proyecto, a cargo de la curadur\u00eda y el montaje, lograron crear un recorrido fascinante que exploraba las diferentes perspectivas sobre la idea de entorno, elaboradas por los participantes durante el taller. La exposici\u00f3n cont\u00f3 con una variedad de elementos, como objetos encontrados con y sin intervenci\u00f3n, fotograf\u00edas manipulables en forma de \u00abficheros\u00bb, un espacio interactivo para buscar correspondencias entre texto, imagen y colores, esculturas creadas a partir de materiales del entorno y una enorme pintura en el suelo que evocaba el R\u00edo Luj\u00e1n cubierto de lentejas verdes.<\/p>\n<p><img loading=\"lazy\" decoding=\"async\" class=\"alignnone size-large wp-image-118630\" src=\"https:\/\/noticiasmercedinas.com\/site\/wp-content\/uploads\/2023\/07\/7b8244d9-41f1-4551-8ddf-2b69355a077e-e1688819717421-1024x1014.jpg\" alt=\"\" width=\"640\" height=\"634\" srcset=\"https:\/\/noticiasmercedinas.com\/site\/wp-content\/uploads\/2023\/07\/7b8244d9-41f1-4551-8ddf-2b69355a077e-e1688819717421-1024x1014.jpg 1024w, https:\/\/noticiasmercedinas.com\/site\/wp-content\/uploads\/2023\/07\/7b8244d9-41f1-4551-8ddf-2b69355a077e-e1688819717421-300x297.jpg 300w, https:\/\/noticiasmercedinas.com\/site\/wp-content\/uploads\/2023\/07\/7b8244d9-41f1-4551-8ddf-2b69355a077e-e1688819717421-150x150.jpg 150w, https:\/\/noticiasmercedinas.com\/site\/wp-content\/uploads\/2023\/07\/7b8244d9-41f1-4551-8ddf-2b69355a077e-e1688819717421-768x760.jpg 768w, https:\/\/noticiasmercedinas.com\/site\/wp-content\/uploads\/2023\/07\/7b8244d9-41f1-4551-8ddf-2b69355a077e-e1688819717421-640x634.jpg 640w, https:\/\/noticiasmercedinas.com\/site\/wp-content\/uploads\/2023\/07\/7b8244d9-41f1-4551-8ddf-2b69355a077e-e1688819717421-681x674.jpg 681w, https:\/\/noticiasmercedinas.com\/site\/wp-content\/uploads\/2023\/07\/7b8244d9-41f1-4551-8ddf-2b69355a077e-e1688819717421.jpg 1200w\" sizes=\"auto, (max-width: 640px) 100vw, 640px\" \/><\/p>\n<p>Marcela y Paula expresaron su satisfacci\u00f3n con los resultados del taller y la exposici\u00f3n, destacando la gran afluencia de p\u00fablico diverso que se acerc\u00f3 e interactu\u00f3 con la muestra. El inter\u00e9s, la curiosidad y la participaci\u00f3n activa del p\u00fablico demuestran un deseo por seguir experimentando, conociendo y creando.<\/p>\n<p>Las responsables del proyecto agradecieron especialmente a SOS H\u00e1bitat Mercedes por su apoyo constante, as\u00ed como a la Sociedad de Fomento de Altamira por respaldar el proyecto y permitir la realizaci\u00f3n de una actividad en las proximidades de la estaci\u00f3n de ferrocarril. Tambi\u00e9n expresaron su gratitud a los medios de comunicaci\u00f3n locales por difundir la muestra y el proyecto en todo momento.<\/p>\n<blockquote><p>Cueto y Figoli anunciaron que est\u00e1n planificando una segunda instancia del taller \u00abEl entorno como material\u00bb para profundizar las experiencias<\/p><\/blockquote>\n<p>En vista del \u00e9xito obtenido, Cueto y Figoli anunciaron que est\u00e1n planificando una segunda instancia del taller \u00abEl entorno como material\u00bb para profundizar las experiencias. Asimismo, manifestaron su compromiso de buscar financiamiento para mantener la gratuidad del proyecto, como parte de su esp\u00edritu inclusivo. Invitaron a quienes no pudieron participar en la primera instancia a estar atentos a las pr\u00f3ximas oportunidades.<\/p>\n<p>La exposici\u00f3n y el taller han dejado una marca significativa en la comunidad art\u00edstica local, generando un espacio para la creatividad y el aprendizaje, al tiempo que fomentan una conexi\u00f3n m\u00e1s profunda con el entorno y la identidad de Mercedes.<\/p>\n<p><img loading=\"lazy\" decoding=\"async\" class=\"alignnone size-large wp-image-118631\" src=\"https:\/\/noticiasmercedinas.com\/site\/wp-content\/uploads\/2023\/07\/53d8b646-1dc7-471b-9ac9-965eb6d97e07-768x1024.jpg\" alt=\"\" width=\"640\" height=\"853\" srcset=\"https:\/\/noticiasmercedinas.com\/site\/wp-content\/uploads\/2023\/07\/53d8b646-1dc7-471b-9ac9-965eb6d97e07-768x1024.jpg 768w, https:\/\/noticiasmercedinas.com\/site\/wp-content\/uploads\/2023\/07\/53d8b646-1dc7-471b-9ac9-965eb6d97e07-225x300.jpg 225w, https:\/\/noticiasmercedinas.com\/site\/wp-content\/uploads\/2023\/07\/53d8b646-1dc7-471b-9ac9-965eb6d97e07-1152x1536.jpg 1152w, https:\/\/noticiasmercedinas.com\/site\/wp-content\/uploads\/2023\/07\/53d8b646-1dc7-471b-9ac9-965eb6d97e07-640x853.jpg 640w, https:\/\/noticiasmercedinas.com\/site\/wp-content\/uploads\/2023\/07\/53d8b646-1dc7-471b-9ac9-965eb6d97e07-681x908.jpg 681w, https:\/\/noticiasmercedinas.com\/site\/wp-content\/uploads\/2023\/07\/53d8b646-1dc7-471b-9ac9-965eb6d97e07.jpg 1200w\" sizes=\"auto, (max-width: 640px) 100vw, 640px\" \/><\/p>\n","protected":false},"excerpt":{"rendered":"<p>\u25a0 Las responsables del proyecto agradecieron especialmente a SOS Habitat Mercedes por su apoyo constante, as\u00ed como a la Sociedad de Fomento de Altamira por respaldar el proyecto<\/p>\n","protected":false},"author":16,"featured_media":118629,"comment_status":"closed","ping_status":"closed","sticky":false,"template":"","format":"standard","meta":{"footnotes":""},"categories":[4],"tags":[12146,617,6643],"class_list":["post-118628","post","type-post","status-publish","format-standard","has-post-thumbnail","hentry","category-cultura","tag-fondo-nacional-de-las-artes","tag-marcela-cueto","tag-paula-figoli"],"yoast_head":"<!-- This site is optimized with the Yoast SEO plugin v27.4 - https:\/\/yoast.com\/product\/yoast-seo-wordpress\/ -->\n<title>Exitoso cierre del taller &quot;El entorno como material&quot; con impactante exposici\u00f3n en Estudio Cueto<\/title>\n<meta name=\"robots\" content=\"index, follow, max-snippet:-1, max-image-preview:large, max-video-preview:-1\" \/>\n<link rel=\"canonical\" href=\"https:\/\/noticiasmercedinas.com\/site\/2023\/07\/08\/exitoso-cierre-del-taller-el-entorno-como-material-con-impactante-exposicion-en-estudio-cueto\/\" \/>\n<meta property=\"og:locale\" content=\"es_ES\" \/>\n<meta property=\"og:type\" content=\"article\" \/>\n<meta property=\"og:title\" content=\"Exitoso cierre del taller &quot;El entorno como material&quot; con impactante exposici\u00f3n en Estudio Cueto\" \/>\n<meta property=\"og:description\" content=\"\u25a0 Las responsables del proyecto agradecieron especialmente a SOS Habitat Mercedes por su apoyo constante, as\u00ed como a la Sociedad de Fomento de Altamira por respaldar el proyecto\" \/>\n<meta property=\"og:url\" content=\"https:\/\/noticiasmercedinas.com\/site\/2023\/07\/08\/exitoso-cierre-del-taller-el-entorno-como-material-con-impactante-exposicion-en-estudio-cueto\/\" \/>\n<meta property=\"og:site_name\" content=\"NOTICIASMERCEDINAS.COM\" \/>\n<meta property=\"article:publisher\" content=\"https:\/\/www.facebook.com\/noticiasmercedinas\/\" \/>\n<meta property=\"article:published_time\" content=\"2023-07-08T12:37:19+00:00\" \/>\n<meta property=\"og:image\" content=\"https:\/\/noticiasmercedinas.com\/site\/wp-content\/uploads\/2023\/07\/cutro01.jpg\" \/>\n\t<meta property=\"og:image:width\" content=\"640\" \/>\n\t<meta property=\"og:image:height\" content=\"488\" \/>\n\t<meta property=\"og:image:type\" content=\"image\/jpeg\" \/>\n<meta name=\"author\" content=\"NOTICIASMERCEDINAS.COM\" \/>\n<meta name=\"twitter:card\" content=\"summary_large_image\" \/>\n<meta name=\"twitter:creator\" content=\"@notmercedinas\" \/>\n<meta name=\"twitter:site\" content=\"@notmercedinas\" \/>\n<meta name=\"twitter:label1\" content=\"Escrito por\" \/>\n\t<meta name=\"twitter:data1\" content=\"NOTICIASMERCEDINAS.COM\" \/>\n\t<meta name=\"twitter:label2\" content=\"Tiempo de lectura\" \/>\n\t<meta name=\"twitter:data2\" content=\"3 minutos\" \/>\n<script type=\"application\/ld+json\" class=\"yoast-schema-graph\">{\"@context\":\"https:\\\/\\\/schema.org\",\"@graph\":[{\"@type\":\"Article\",\"@id\":\"https:\\\/\\\/noticiasmercedinas.com\\\/site\\\/2023\\\/07\\\/08\\\/exitoso-cierre-del-taller-el-entorno-como-material-con-impactante-exposicion-en-estudio-cueto\\\/#article\",\"isPartOf\":{\"@id\":\"https:\\\/\\\/noticiasmercedinas.com\\\/site\\\/2023\\\/07\\\/08\\\/exitoso-cierre-del-taller-el-entorno-como-material-con-impactante-exposicion-en-estudio-cueto\\\/\"},\"author\":{\"name\":\"NOTICIASMERCEDINAS.COM\",\"@id\":\"https:\\\/\\\/noticiasmercedinas.com\\\/site\\\/#\\\/schema\\\/person\\\/84b59c099c28ff2e8b77d4ceec5d8063\"},\"headline\":\"Exitoso cierre del taller \u00abEl entorno como material\u00bb con impactante exposici\u00f3n en Estudio Cueto\",\"datePublished\":\"2023-07-08T12:37:19+00:00\",\"mainEntityOfPage\":{\"@id\":\"https:\\\/\\\/noticiasmercedinas.com\\\/site\\\/2023\\\/07\\\/08\\\/exitoso-cierre-del-taller-el-entorno-como-material-con-impactante-exposicion-en-estudio-cueto\\\/\"},\"wordCount\":444,\"publisher\":{\"@id\":\"https:\\\/\\\/noticiasmercedinas.com\\\/site\\\/#organization\"},\"image\":{\"@id\":\"https:\\\/\\\/noticiasmercedinas.com\\\/site\\\/2023\\\/07\\\/08\\\/exitoso-cierre-del-taller-el-entorno-como-material-con-impactante-exposicion-en-estudio-cueto\\\/#primaryimage\"},\"thumbnailUrl\":\"https:\\\/\\\/noticiasmercedinas.com\\\/site\\\/wp-content\\\/uploads\\\/2023\\\/07\\\/cutro01.jpg\",\"keywords\":[\"fondo nacional de las artes\",\"Marcela Cueto\",\"paula figoli\"],\"articleSection\":[\"Cultura\"],\"inLanguage\":\"es\"},{\"@type\":\"WebPage\",\"@id\":\"https:\\\/\\\/noticiasmercedinas.com\\\/site\\\/2023\\\/07\\\/08\\\/exitoso-cierre-del-taller-el-entorno-como-material-con-impactante-exposicion-en-estudio-cueto\\\/\",\"url\":\"https:\\\/\\\/noticiasmercedinas.com\\\/site\\\/2023\\\/07\\\/08\\\/exitoso-cierre-del-taller-el-entorno-como-material-con-impactante-exposicion-en-estudio-cueto\\\/\",\"name\":\"Exitoso cierre del taller \\\"El entorno como material\\\" con impactante exposici\u00f3n en Estudio Cueto\",\"isPartOf\":{\"@id\":\"https:\\\/\\\/noticiasmercedinas.com\\\/site\\\/#website\"},\"primaryImageOfPage\":{\"@id\":\"https:\\\/\\\/noticiasmercedinas.com\\\/site\\\/2023\\\/07\\\/08\\\/exitoso-cierre-del-taller-el-entorno-como-material-con-impactante-exposicion-en-estudio-cueto\\\/#primaryimage\"},\"image\":{\"@id\":\"https:\\\/\\\/noticiasmercedinas.com\\\/site\\\/2023\\\/07\\\/08\\\/exitoso-cierre-del-taller-el-entorno-como-material-con-impactante-exposicion-en-estudio-cueto\\\/#primaryimage\"},\"thumbnailUrl\":\"https:\\\/\\\/noticiasmercedinas.com\\\/site\\\/wp-content\\\/uploads\\\/2023\\\/07\\\/cutro01.jpg\",\"datePublished\":\"2023-07-08T12:37:19+00:00\",\"breadcrumb\":{\"@id\":\"https:\\\/\\\/noticiasmercedinas.com\\\/site\\\/2023\\\/07\\\/08\\\/exitoso-cierre-del-taller-el-entorno-como-material-con-impactante-exposicion-en-estudio-cueto\\\/#breadcrumb\"},\"inLanguage\":\"es\",\"potentialAction\":[{\"@type\":\"ReadAction\",\"target\":[\"https:\\\/\\\/noticiasmercedinas.com\\\/site\\\/2023\\\/07\\\/08\\\/exitoso-cierre-del-taller-el-entorno-como-material-con-impactante-exposicion-en-estudio-cueto\\\/\"]}]},{\"@type\":\"ImageObject\",\"inLanguage\":\"es\",\"@id\":\"https:\\\/\\\/noticiasmercedinas.com\\\/site\\\/2023\\\/07\\\/08\\\/exitoso-cierre-del-taller-el-entorno-como-material-con-impactante-exposicion-en-estudio-cueto\\\/#primaryimage\",\"url\":\"https:\\\/\\\/noticiasmercedinas.com\\\/site\\\/wp-content\\\/uploads\\\/2023\\\/07\\\/cutro01.jpg\",\"contentUrl\":\"https:\\\/\\\/noticiasmercedinas.com\\\/site\\\/wp-content\\\/uploads\\\/2023\\\/07\\\/cutro01.jpg\",\"width\":640,\"height\":488},{\"@type\":\"BreadcrumbList\",\"@id\":\"https:\\\/\\\/noticiasmercedinas.com\\\/site\\\/2023\\\/07\\\/08\\\/exitoso-cierre-del-taller-el-entorno-como-material-con-impactante-exposicion-en-estudio-cueto\\\/#breadcrumb\",\"itemListElement\":[{\"@type\":\"ListItem\",\"position\":1,\"name\":\"Portada\",\"item\":\"https:\\\/\\\/noticiasmercedinas.com\\\/site\\\/\"},{\"@type\":\"ListItem\",\"position\":2,\"name\":\"Exitoso cierre del taller \u00abEl entorno como material\u00bb con impactante exposici\u00f3n en Estudio Cueto\"}]},{\"@type\":\"WebSite\",\"@id\":\"https:\\\/\\\/noticiasmercedinas.com\\\/site\\\/#website\",\"url\":\"https:\\\/\\\/noticiasmercedinas.com\\\/site\\\/\",\"name\":\"NOTICIASMERCEDINAS.COM\",\"description\":\"Mercedes, Buenos Aires, Argentina\",\"publisher\":{\"@id\":\"https:\\\/\\\/noticiasmercedinas.com\\\/site\\\/#organization\"},\"potentialAction\":[{\"@type\":\"SearchAction\",\"target\":{\"@type\":\"EntryPoint\",\"urlTemplate\":\"https:\\\/\\\/noticiasmercedinas.com\\\/site\\\/?s={search_term_string}\"},\"query-input\":{\"@type\":\"PropertyValueSpecification\",\"valueRequired\":true,\"valueName\":\"search_term_string\"}}],\"inLanguage\":\"es\"},{\"@type\":\"Organization\",\"@id\":\"https:\\\/\\\/noticiasmercedinas.com\\\/site\\\/#organization\",\"name\":\"NOTICIASMERCEDINAS.COM\",\"url\":\"https:\\\/\\\/noticiasmercedinas.com\\\/site\\\/\",\"logo\":{\"@type\":\"ImageObject\",\"inLanguage\":\"es\",\"@id\":\"https:\\\/\\\/noticiasmercedinas.com\\\/site\\\/#\\\/schema\\\/logo\\\/image\\\/\",\"url\":\"https:\\\/\\\/noticiasmercedinas.com\\\/site\\\/wp-content\\\/uploads\\\/2020\\\/06\\\/LOGO-512.jpg\",\"contentUrl\":\"https:\\\/\\\/noticiasmercedinas.com\\\/site\\\/wp-content\\\/uploads\\\/2020\\\/06\\\/LOGO-512.jpg\",\"width\":512,\"height\":512,\"caption\":\"NOTICIASMERCEDINAS.COM\"},\"image\":{\"@id\":\"https:\\\/\\\/noticiasmercedinas.com\\\/site\\\/#\\\/schema\\\/logo\\\/image\\\/\"},\"sameAs\":[\"https:\\\/\\\/www.facebook.com\\\/noticiasmercedinas\\\/\",\"https:\\\/\\\/x.com\\\/notmercedinas\",\"https:\\\/\\\/www.instagram.com\\\/noticiasmercedinas\\\/\"]},{\"@type\":\"Person\",\"@id\":\"https:\\\/\\\/noticiasmercedinas.com\\\/site\\\/#\\\/schema\\\/person\\\/84b59c099c28ff2e8b77d4ceec5d8063\",\"name\":\"NOTICIASMERCEDINAS.COM\",\"image\":{\"@type\":\"ImageObject\",\"inLanguage\":\"es\",\"@id\":\"https:\\\/\\\/secure.gravatar.com\\\/avatar\\\/4dfbf16b4d17945bfb6341b2d19043457132fcf478a5ee04f42e959fd8f5df0a?s=96&d=mm&r=g\",\"url\":\"https:\\\/\\\/secure.gravatar.com\\\/avatar\\\/4dfbf16b4d17945bfb6341b2d19043457132fcf478a5ee04f42e959fd8f5df0a?s=96&d=mm&r=g\",\"contentUrl\":\"https:\\\/\\\/secure.gravatar.com\\\/avatar\\\/4dfbf16b4d17945bfb6341b2d19043457132fcf478a5ee04f42e959fd8f5df0a?s=96&d=mm&r=g\",\"caption\":\"NOTICIASMERCEDINAS.COM\"},\"url\":\"https:\\\/\\\/noticiasmercedinas.com\\\/site\\\/author\\\/anonimo\\\/\"}]}<\/script>\n<!-- \/ Yoast SEO plugin. -->","yoast_head_json":{"title":"Exitoso cierre del taller \"El entorno como material\" con impactante exposici\u00f3n en Estudio Cueto","robots":{"index":"index","follow":"follow","max-snippet":"max-snippet:-1","max-image-preview":"max-image-preview:large","max-video-preview":"max-video-preview:-1"},"canonical":"https:\/\/noticiasmercedinas.com\/site\/2023\/07\/08\/exitoso-cierre-del-taller-el-entorno-como-material-con-impactante-exposicion-en-estudio-cueto\/","og_locale":"es_ES","og_type":"article","og_title":"Exitoso cierre del taller \"El entorno como material\" con impactante exposici\u00f3n en Estudio Cueto","og_description":"\u25a0 Las responsables del proyecto agradecieron especialmente a SOS Habitat Mercedes por su apoyo constante, as\u00ed como a la Sociedad de Fomento de Altamira por respaldar el proyecto","og_url":"https:\/\/noticiasmercedinas.com\/site\/2023\/07\/08\/exitoso-cierre-del-taller-el-entorno-como-material-con-impactante-exposicion-en-estudio-cueto\/","og_site_name":"NOTICIASMERCEDINAS.COM","article_publisher":"https:\/\/www.facebook.com\/noticiasmercedinas\/","article_published_time":"2023-07-08T12:37:19+00:00","og_image":[{"width":640,"height":488,"url":"https:\/\/noticiasmercedinas.com\/site\/wp-content\/uploads\/2023\/07\/cutro01.jpg","type":"image\/jpeg"}],"author":"NOTICIASMERCEDINAS.COM","twitter_card":"summary_large_image","twitter_creator":"@notmercedinas","twitter_site":"@notmercedinas","twitter_misc":{"Escrito por":"NOTICIASMERCEDINAS.COM","Tiempo de lectura":"3 minutos"},"schema":{"@context":"https:\/\/schema.org","@graph":[{"@type":"Article","@id":"https:\/\/noticiasmercedinas.com\/site\/2023\/07\/08\/exitoso-cierre-del-taller-el-entorno-como-material-con-impactante-exposicion-en-estudio-cueto\/#article","isPartOf":{"@id":"https:\/\/noticiasmercedinas.com\/site\/2023\/07\/08\/exitoso-cierre-del-taller-el-entorno-como-material-con-impactante-exposicion-en-estudio-cueto\/"},"author":{"name":"NOTICIASMERCEDINAS.COM","@id":"https:\/\/noticiasmercedinas.com\/site\/#\/schema\/person\/84b59c099c28ff2e8b77d4ceec5d8063"},"headline":"Exitoso cierre del taller \u00abEl entorno como material\u00bb con impactante exposici\u00f3n en Estudio Cueto","datePublished":"2023-07-08T12:37:19+00:00","mainEntityOfPage":{"@id":"https:\/\/noticiasmercedinas.com\/site\/2023\/07\/08\/exitoso-cierre-del-taller-el-entorno-como-material-con-impactante-exposicion-en-estudio-cueto\/"},"wordCount":444,"publisher":{"@id":"https:\/\/noticiasmercedinas.com\/site\/#organization"},"image":{"@id":"https:\/\/noticiasmercedinas.com\/site\/2023\/07\/08\/exitoso-cierre-del-taller-el-entorno-como-material-con-impactante-exposicion-en-estudio-cueto\/#primaryimage"},"thumbnailUrl":"https:\/\/noticiasmercedinas.com\/site\/wp-content\/uploads\/2023\/07\/cutro01.jpg","keywords":["fondo nacional de las artes","Marcela Cueto","paula figoli"],"articleSection":["Cultura"],"inLanguage":"es"},{"@type":"WebPage","@id":"https:\/\/noticiasmercedinas.com\/site\/2023\/07\/08\/exitoso-cierre-del-taller-el-entorno-como-material-con-impactante-exposicion-en-estudio-cueto\/","url":"https:\/\/noticiasmercedinas.com\/site\/2023\/07\/08\/exitoso-cierre-del-taller-el-entorno-como-material-con-impactante-exposicion-en-estudio-cueto\/","name":"Exitoso cierre del taller \"El entorno como material\" con impactante exposici\u00f3n en Estudio Cueto","isPartOf":{"@id":"https:\/\/noticiasmercedinas.com\/site\/#website"},"primaryImageOfPage":{"@id":"https:\/\/noticiasmercedinas.com\/site\/2023\/07\/08\/exitoso-cierre-del-taller-el-entorno-como-material-con-impactante-exposicion-en-estudio-cueto\/#primaryimage"},"image":{"@id":"https:\/\/noticiasmercedinas.com\/site\/2023\/07\/08\/exitoso-cierre-del-taller-el-entorno-como-material-con-impactante-exposicion-en-estudio-cueto\/#primaryimage"},"thumbnailUrl":"https:\/\/noticiasmercedinas.com\/site\/wp-content\/uploads\/2023\/07\/cutro01.jpg","datePublished":"2023-07-08T12:37:19+00:00","breadcrumb":{"@id":"https:\/\/noticiasmercedinas.com\/site\/2023\/07\/08\/exitoso-cierre-del-taller-el-entorno-como-material-con-impactante-exposicion-en-estudio-cueto\/#breadcrumb"},"inLanguage":"es","potentialAction":[{"@type":"ReadAction","target":["https:\/\/noticiasmercedinas.com\/site\/2023\/07\/08\/exitoso-cierre-del-taller-el-entorno-como-material-con-impactante-exposicion-en-estudio-cueto\/"]}]},{"@type":"ImageObject","inLanguage":"es","@id":"https:\/\/noticiasmercedinas.com\/site\/2023\/07\/08\/exitoso-cierre-del-taller-el-entorno-como-material-con-impactante-exposicion-en-estudio-cueto\/#primaryimage","url":"https:\/\/noticiasmercedinas.com\/site\/wp-content\/uploads\/2023\/07\/cutro01.jpg","contentUrl":"https:\/\/noticiasmercedinas.com\/site\/wp-content\/uploads\/2023\/07\/cutro01.jpg","width":640,"height":488},{"@type":"BreadcrumbList","@id":"https:\/\/noticiasmercedinas.com\/site\/2023\/07\/08\/exitoso-cierre-del-taller-el-entorno-como-material-con-impactante-exposicion-en-estudio-cueto\/#breadcrumb","itemListElement":[{"@type":"ListItem","position":1,"name":"Portada","item":"https:\/\/noticiasmercedinas.com\/site\/"},{"@type":"ListItem","position":2,"name":"Exitoso cierre del taller \u00abEl entorno como material\u00bb con impactante exposici\u00f3n en Estudio Cueto"}]},{"@type":"WebSite","@id":"https:\/\/noticiasmercedinas.com\/site\/#website","url":"https:\/\/noticiasmercedinas.com\/site\/","name":"NOTICIASMERCEDINAS.COM","description":"Mercedes, Buenos Aires, Argentina","publisher":{"@id":"https:\/\/noticiasmercedinas.com\/site\/#organization"},"potentialAction":[{"@type":"SearchAction","target":{"@type":"EntryPoint","urlTemplate":"https:\/\/noticiasmercedinas.com\/site\/?s={search_term_string}"},"query-input":{"@type":"PropertyValueSpecification","valueRequired":true,"valueName":"search_term_string"}}],"inLanguage":"es"},{"@type":"Organization","@id":"https:\/\/noticiasmercedinas.com\/site\/#organization","name":"NOTICIASMERCEDINAS.COM","url":"https:\/\/noticiasmercedinas.com\/site\/","logo":{"@type":"ImageObject","inLanguage":"es","@id":"https:\/\/noticiasmercedinas.com\/site\/#\/schema\/logo\/image\/","url":"https:\/\/noticiasmercedinas.com\/site\/wp-content\/uploads\/2020\/06\/LOGO-512.jpg","contentUrl":"https:\/\/noticiasmercedinas.com\/site\/wp-content\/uploads\/2020\/06\/LOGO-512.jpg","width":512,"height":512,"caption":"NOTICIASMERCEDINAS.COM"},"image":{"@id":"https:\/\/noticiasmercedinas.com\/site\/#\/schema\/logo\/image\/"},"sameAs":["https:\/\/www.facebook.com\/noticiasmercedinas\/","https:\/\/x.com\/notmercedinas","https:\/\/www.instagram.com\/noticiasmercedinas\/"]},{"@type":"Person","@id":"https:\/\/noticiasmercedinas.com\/site\/#\/schema\/person\/84b59c099c28ff2e8b77d4ceec5d8063","name":"NOTICIASMERCEDINAS.COM","image":{"@type":"ImageObject","inLanguage":"es","@id":"https:\/\/secure.gravatar.com\/avatar\/4dfbf16b4d17945bfb6341b2d19043457132fcf478a5ee04f42e959fd8f5df0a?s=96&d=mm&r=g","url":"https:\/\/secure.gravatar.com\/avatar\/4dfbf16b4d17945bfb6341b2d19043457132fcf478a5ee04f42e959fd8f5df0a?s=96&d=mm&r=g","contentUrl":"https:\/\/secure.gravatar.com\/avatar\/4dfbf16b4d17945bfb6341b2d19043457132fcf478a5ee04f42e959fd8f5df0a?s=96&d=mm&r=g","caption":"NOTICIASMERCEDINAS.COM"},"url":"https:\/\/noticiasmercedinas.com\/site\/author\/anonimo\/"}]}},"amp_enabled":true,"_links":{"self":[{"href":"https:\/\/noticiasmercedinas.com\/site\/wp-json\/wp\/v2\/posts\/118628","targetHints":{"allow":["GET"]}}],"collection":[{"href":"https:\/\/noticiasmercedinas.com\/site\/wp-json\/wp\/v2\/posts"}],"about":[{"href":"https:\/\/noticiasmercedinas.com\/site\/wp-json\/wp\/v2\/types\/post"}],"author":[{"embeddable":true,"href":"https:\/\/noticiasmercedinas.com\/site\/wp-json\/wp\/v2\/users\/16"}],"replies":[{"embeddable":true,"href":"https:\/\/noticiasmercedinas.com\/site\/wp-json\/wp\/v2\/comments?post=118628"}],"version-history":[{"count":1,"href":"https:\/\/noticiasmercedinas.com\/site\/wp-json\/wp\/v2\/posts\/118628\/revisions"}],"predecessor-version":[{"id":118632,"href":"https:\/\/noticiasmercedinas.com\/site\/wp-json\/wp\/v2\/posts\/118628\/revisions\/118632"}],"wp:featuredmedia":[{"embeddable":true,"href":"https:\/\/noticiasmercedinas.com\/site\/wp-json\/wp\/v2\/media\/118629"}],"wp:attachment":[{"href":"https:\/\/noticiasmercedinas.com\/site\/wp-json\/wp\/v2\/media?parent=118628"}],"wp:term":[{"taxonomy":"category","embeddable":true,"href":"https:\/\/noticiasmercedinas.com\/site\/wp-json\/wp\/v2\/categories?post=118628"},{"taxonomy":"post_tag","embeddable":true,"href":"https:\/\/noticiasmercedinas.com\/site\/wp-json\/wp\/v2\/tags?post=118628"}],"curies":[{"name":"wp","href":"https:\/\/api.w.org\/{rel}","templated":true}]}}