{"id":118710,"date":"2023-07-09T12:00:58","date_gmt":"2023-07-09T15:00:58","guid":{"rendered":"https:\/\/noticiasmercedinas.com\/site\/?p=118710"},"modified":"2023-07-09T12:00:58","modified_gmt":"2023-07-09T15:00:58","slug":"claudio-antunes-vivimos-y-padecemos-las-problematicas-del-barrio-dia-a-dia","status":"publish","type":"post","link":"https:\/\/noticiasmercedinas.com\/site\/2023\/07\/09\/claudio-antunes-vivimos-y-padecemos-las-problematicas-del-barrio-dia-a-dia\/","title":{"rendered":"Claudio Antunes: \u201cVivimos y padecemos las problem\u00e1ticas del barrio d\u00eda a d\u00eda\u201d"},"content":{"rendered":"<p><img loading=\"lazy\" decoding=\"async\" class=\"alignnone size-full wp-image-118711\" src=\"https:\/\/noticiasmercedinas.com\/site\/wp-content\/uploads\/2023\/07\/antunes1.jpg\" alt=\"\" width=\"640\" height=\"467\" srcset=\"https:\/\/noticiasmercedinas.com\/site\/wp-content\/uploads\/2023\/07\/antunes1.jpg 640w, https:\/\/noticiasmercedinas.com\/site\/wp-content\/uploads\/2023\/07\/antunes1-300x219.jpg 300w\" sizes=\"auto, (max-width: 640px) 100vw, 640px\" \/><\/p>\n<p>Desde el espacio pol\u00edtico \u201cEsperanza del Pueblo\u201d, que tiene a <strong>Claudio Antunes<\/strong> como precandidato a intendente de la ciudad, aclararon a este medio que trabajan de manera independiente, por fuera de otras estructuras como gremios o sindicatos.<\/p>\n<p>\u201cDesde nuestro espacio pol\u00edtico queremos informar que nuestro partido va por fuera de los partidos pol\u00edticos, sindicatos, gremios o movimientos sociales ya conocidos en la ciudad\u201d, aclararon. \u201cNuestro equipo de trabajo est\u00e1 armado por compa\u00f1eras y compa\u00f1eros, humildes y de clase trabajadora, que no camina los barrios si no que vivimos y padecemos las problem\u00e1ticas del barrio d\u00eda a d\u00eda\u201d, afirmaron.<\/p>\n<blockquote><p>\u201cCreemos que la pol\u00edtica es una herramienta esencial para el beneficio y bienestar del pueblo, y no un negocio para unos pocos\u201d<\/p><\/blockquote>\n<p>\u201cCreemos que la pol\u00edtica es una herramienta esencial para el beneficio y bienestar del pueblo, y no un negocio para unos pocos. Consideramos que nuestra labor no es un trabajo si no que es un compromiso social con el pueblo\u201d, agregaron.<\/p>\n<p>\u201cEs hora de cambiar la pol\u00edtica y tener representaci\u00f3n propia de los trabajadores en el parlamento\u201d, indicaron desde la lista que est\u00e1 compuesta por Claudio Antunes, precandidato a intendente; <strong>Mar\u00eda Laura Gonz\u00e1lez<\/strong>, precandidata a primera concejal; <strong>Juan Manuel Antunes<\/strong>, segundo concejal; y <strong>Ludmila Gonzalez<\/strong>, primera precandidata a consejera escolar.<\/p>\n<p>\u201cEsperanza del Pueblo es un partido pol\u00edtico por fuera de la CTEP, si bien algunos compa\u00f1eros participamos en la construcci\u00f3n del sindicato hoy no tenemos una relaci\u00f3n pol\u00edtica con ellos\u201d, complet\u00f3 Juan Manuel Antunes.<\/p>\n","protected":false},"excerpt":{"rendered":"<p>\u25a0 Desde el espacio \u201cEsperanza del Pueblo\u201d aclararon que trabajan de manera independiente, por fuera de otras estructuras como gremios o sindicatos.<\/p>\n","protected":false},"author":16,"featured_media":118711,"comment_status":"closed","ping_status":"closed","sticky":false,"template":"","format":"standard","meta":{"footnotes":""},"categories":[16],"tags":[17083,14662,17084,17093],"class_list":["post-118710","post","type-post","status-publish","format-standard","has-post-thumbnail","hentry","category-politica","tag-claudio-antunes","tag-elecciones-2023","tag-esperanza-del-pueblo","tag-juan-manuel-antunes"],"yoast_head":"<!-- This site is optimized with the Yoast SEO plugin v27.4 - https:\/\/yoast.com\/product\/yoast-seo-wordpress\/ -->\n<title>Claudio Antunes: \u201cVivimos y padecemos las problem\u00e1ticas del barrio d\u00eda a d\u00eda\u201d<\/title>\n<meta name=\"robots\" content=\"index, follow, max-snippet:-1, max-image-preview:large, max-video-preview:-1\" \/>\n<link rel=\"canonical\" href=\"https:\/\/noticiasmercedinas.com\/site\/2023\/07\/09\/claudio-antunes-vivimos-y-padecemos-las-problematicas-del-barrio-dia-a-dia\/\" \/>\n<meta property=\"og:locale\" content=\"es_ES\" \/>\n<meta property=\"og:type\" content=\"article\" \/>\n<meta property=\"og:title\" content=\"Claudio Antunes: \u201cVivimos y padecemos las problem\u00e1ticas del barrio d\u00eda a d\u00eda\u201d\" \/>\n<meta property=\"og:description\" content=\"\u25a0 Desde el espacio \u201cEsperanza del Pueblo\u201d aclararon que trabajan de manera independiente, por fuera de otras estructuras como gremios o sindicatos.\" \/>\n<meta property=\"og:url\" content=\"https:\/\/noticiasmercedinas.com\/site\/2023\/07\/09\/claudio-antunes-vivimos-y-padecemos-las-problematicas-del-barrio-dia-a-dia\/\" \/>\n<meta property=\"og:site_name\" content=\"NOTICIASMERCEDINAS.COM\" \/>\n<meta property=\"article:publisher\" content=\"https:\/\/www.facebook.com\/noticiasmercedinas\/\" \/>\n<meta property=\"article:published_time\" content=\"2023-07-09T15:00:58+00:00\" \/>\n<meta property=\"og:image\" content=\"https:\/\/noticiasmercedinas.com\/site\/wp-content\/uploads\/2023\/07\/antunes1.jpg\" \/>\n\t<meta property=\"og:image:width\" content=\"640\" \/>\n\t<meta property=\"og:image:height\" content=\"467\" \/>\n\t<meta property=\"og:image:type\" content=\"image\/jpeg\" \/>\n<meta name=\"author\" content=\"NOTICIASMERCEDINAS.COM\" \/>\n<meta name=\"twitter:card\" content=\"summary_large_image\" \/>\n<meta name=\"twitter:creator\" content=\"@notmercedinas\" \/>\n<meta name=\"twitter:site\" content=\"@notmercedinas\" \/>\n<meta name=\"twitter:label1\" content=\"Escrito por\" \/>\n\t<meta name=\"twitter:data1\" content=\"NOTICIASMERCEDINAS.COM\" \/>\n\t<meta name=\"twitter:label2\" content=\"Tiempo de lectura\" \/>\n\t<meta name=\"twitter:data2\" content=\"2 minutos\" \/>\n<script type=\"application\/ld+json\" class=\"yoast-schema-graph\">{\"@context\":\"https:\\\/\\\/schema.org\",\"@graph\":[{\"@type\":\"Article\",\"@id\":\"https:\\\/\\\/noticiasmercedinas.com\\\/site\\\/2023\\\/07\\\/09\\\/claudio-antunes-vivimos-y-padecemos-las-problematicas-del-barrio-dia-a-dia\\\/#article\",\"isPartOf\":{\"@id\":\"https:\\\/\\\/noticiasmercedinas.com\\\/site\\\/2023\\\/07\\\/09\\\/claudio-antunes-vivimos-y-padecemos-las-problematicas-del-barrio-dia-a-dia\\\/\"},\"author\":{\"name\":\"NOTICIASMERCEDINAS.COM\",\"@id\":\"https:\\\/\\\/noticiasmercedinas.com\\\/site\\\/#\\\/schema\\\/person\\\/84b59c099c28ff2e8b77d4ceec5d8063\"},\"headline\":\"Claudio Antunes: \u201cVivimos y padecemos las problem\u00e1ticas del barrio d\u00eda a d\u00eda\u201d\",\"datePublished\":\"2023-07-09T15:00:58+00:00\",\"mainEntityOfPage\":{\"@id\":\"https:\\\/\\\/noticiasmercedinas.com\\\/site\\\/2023\\\/07\\\/09\\\/claudio-antunes-vivimos-y-padecemos-las-problematicas-del-barrio-dia-a-dia\\\/\"},\"wordCount\":278,\"publisher\":{\"@id\":\"https:\\\/\\\/noticiasmercedinas.com\\\/site\\\/#organization\"},\"image\":{\"@id\":\"https:\\\/\\\/noticiasmercedinas.com\\\/site\\\/2023\\\/07\\\/09\\\/claudio-antunes-vivimos-y-padecemos-las-problematicas-del-barrio-dia-a-dia\\\/#primaryimage\"},\"thumbnailUrl\":\"https:\\\/\\\/noticiasmercedinas.com\\\/site\\\/wp-content\\\/uploads\\\/2023\\\/07\\\/antunes1.jpg\",\"keywords\":[\"claudio antunes\",\"elecciones 2023\",\"Esperanza del Pueblo\",\"juan manuel antunes\"],\"articleSection\":[\"Politica\"],\"inLanguage\":\"es\"},{\"@type\":\"WebPage\",\"@id\":\"https:\\\/\\\/noticiasmercedinas.com\\\/site\\\/2023\\\/07\\\/09\\\/claudio-antunes-vivimos-y-padecemos-las-problematicas-del-barrio-dia-a-dia\\\/\",\"url\":\"https:\\\/\\\/noticiasmercedinas.com\\\/site\\\/2023\\\/07\\\/09\\\/claudio-antunes-vivimos-y-padecemos-las-problematicas-del-barrio-dia-a-dia\\\/\",\"name\":\"Claudio Antunes: \u201cVivimos y padecemos las problem\u00e1ticas del barrio d\u00eda a d\u00eda\u201d\",\"isPartOf\":{\"@id\":\"https:\\\/\\\/noticiasmercedinas.com\\\/site\\\/#website\"},\"primaryImageOfPage\":{\"@id\":\"https:\\\/\\\/noticiasmercedinas.com\\\/site\\\/2023\\\/07\\\/09\\\/claudio-antunes-vivimos-y-padecemos-las-problematicas-del-barrio-dia-a-dia\\\/#primaryimage\"},\"image\":{\"@id\":\"https:\\\/\\\/noticiasmercedinas.com\\\/site\\\/2023\\\/07\\\/09\\\/claudio-antunes-vivimos-y-padecemos-las-problematicas-del-barrio-dia-a-dia\\\/#primaryimage\"},\"thumbnailUrl\":\"https:\\\/\\\/noticiasmercedinas.com\\\/site\\\/wp-content\\\/uploads\\\/2023\\\/07\\\/antunes1.jpg\",\"datePublished\":\"2023-07-09T15:00:58+00:00\",\"breadcrumb\":{\"@id\":\"https:\\\/\\\/noticiasmercedinas.com\\\/site\\\/2023\\\/07\\\/09\\\/claudio-antunes-vivimos-y-padecemos-las-problematicas-del-barrio-dia-a-dia\\\/#breadcrumb\"},\"inLanguage\":\"es\",\"potentialAction\":[{\"@type\":\"ReadAction\",\"target\":[\"https:\\\/\\\/noticiasmercedinas.com\\\/site\\\/2023\\\/07\\\/09\\\/claudio-antunes-vivimos-y-padecemos-las-problematicas-del-barrio-dia-a-dia\\\/\"]}]},{\"@type\":\"ImageObject\",\"inLanguage\":\"es\",\"@id\":\"https:\\\/\\\/noticiasmercedinas.com\\\/site\\\/2023\\\/07\\\/09\\\/claudio-antunes-vivimos-y-padecemos-las-problematicas-del-barrio-dia-a-dia\\\/#primaryimage\",\"url\":\"https:\\\/\\\/noticiasmercedinas.com\\\/site\\\/wp-content\\\/uploads\\\/2023\\\/07\\\/antunes1.jpg\",\"contentUrl\":\"https:\\\/\\\/noticiasmercedinas.com\\\/site\\\/wp-content\\\/uploads\\\/2023\\\/07\\\/antunes1.jpg\",\"width\":640,\"height\":467},{\"@type\":\"BreadcrumbList\",\"@id\":\"https:\\\/\\\/noticiasmercedinas.com\\\/site\\\/2023\\\/07\\\/09\\\/claudio-antunes-vivimos-y-padecemos-las-problematicas-del-barrio-dia-a-dia\\\/#breadcrumb\",\"itemListElement\":[{\"@type\":\"ListItem\",\"position\":1,\"name\":\"Portada\",\"item\":\"https:\\\/\\\/noticiasmercedinas.com\\\/site\\\/\"},{\"@type\":\"ListItem\",\"position\":2,\"name\":\"Claudio Antunes: \u201cVivimos y padecemos las problem\u00e1ticas del barrio d\u00eda a d\u00eda\u201d\"}]},{\"@type\":\"WebSite\",\"@id\":\"https:\\\/\\\/noticiasmercedinas.com\\\/site\\\/#website\",\"url\":\"https:\\\/\\\/noticiasmercedinas.com\\\/site\\\/\",\"name\":\"NOTICIASMERCEDINAS.COM\",\"description\":\"Mercedes, Buenos Aires, Argentina\",\"publisher\":{\"@id\":\"https:\\\/\\\/noticiasmercedinas.com\\\/site\\\/#organization\"},\"potentialAction\":[{\"@type\":\"SearchAction\",\"target\":{\"@type\":\"EntryPoint\",\"urlTemplate\":\"https:\\\/\\\/noticiasmercedinas.com\\\/site\\\/?s={search_term_string}\"},\"query-input\":{\"@type\":\"PropertyValueSpecification\",\"valueRequired\":true,\"valueName\":\"search_term_string\"}}],\"inLanguage\":\"es\"},{\"@type\":\"Organization\",\"@id\":\"https:\\\/\\\/noticiasmercedinas.com\\\/site\\\/#organization\",\"name\":\"NOTICIASMERCEDINAS.COM\",\"url\":\"https:\\\/\\\/noticiasmercedinas.com\\\/site\\\/\",\"logo\":{\"@type\":\"ImageObject\",\"inLanguage\":\"es\",\"@id\":\"https:\\\/\\\/noticiasmercedinas.com\\\/site\\\/#\\\/schema\\\/logo\\\/image\\\/\",\"url\":\"https:\\\/\\\/noticiasmercedinas.com\\\/site\\\/wp-content\\\/uploads\\\/2020\\\/06\\\/LOGO-512.jpg\",\"contentUrl\":\"https:\\\/\\\/noticiasmercedinas.com\\\/site\\\/wp-content\\\/uploads\\\/2020\\\/06\\\/LOGO-512.jpg\",\"width\":512,\"height\":512,\"caption\":\"NOTICIASMERCEDINAS.COM\"},\"image\":{\"@id\":\"https:\\\/\\\/noticiasmercedinas.com\\\/site\\\/#\\\/schema\\\/logo\\\/image\\\/\"},\"sameAs\":[\"https:\\\/\\\/www.facebook.com\\\/noticiasmercedinas\\\/\",\"https:\\\/\\\/x.com\\\/notmercedinas\",\"https:\\\/\\\/www.instagram.com\\\/noticiasmercedinas\\\/\"]},{\"@type\":\"Person\",\"@id\":\"https:\\\/\\\/noticiasmercedinas.com\\\/site\\\/#\\\/schema\\\/person\\\/84b59c099c28ff2e8b77d4ceec5d8063\",\"name\":\"NOTICIASMERCEDINAS.COM\",\"image\":{\"@type\":\"ImageObject\",\"inLanguage\":\"es\",\"@id\":\"https:\\\/\\\/secure.gravatar.com\\\/avatar\\\/4dfbf16b4d17945bfb6341b2d19043457132fcf478a5ee04f42e959fd8f5df0a?s=96&d=mm&r=g\",\"url\":\"https:\\\/\\\/secure.gravatar.com\\\/avatar\\\/4dfbf16b4d17945bfb6341b2d19043457132fcf478a5ee04f42e959fd8f5df0a?s=96&d=mm&r=g\",\"contentUrl\":\"https:\\\/\\\/secure.gravatar.com\\\/avatar\\\/4dfbf16b4d17945bfb6341b2d19043457132fcf478a5ee04f42e959fd8f5df0a?s=96&d=mm&r=g\",\"caption\":\"NOTICIASMERCEDINAS.COM\"},\"url\":\"https:\\\/\\\/noticiasmercedinas.com\\\/site\\\/author\\\/anonimo\\\/\"}]}<\/script>\n<!-- \/ Yoast SEO plugin. -->","yoast_head_json":{"title":"Claudio Antunes: \u201cVivimos y padecemos las problem\u00e1ticas del barrio d\u00eda a d\u00eda\u201d","robots":{"index":"index","follow":"follow","max-snippet":"max-snippet:-1","max-image-preview":"max-image-preview:large","max-video-preview":"max-video-preview:-1"},"canonical":"https:\/\/noticiasmercedinas.com\/site\/2023\/07\/09\/claudio-antunes-vivimos-y-padecemos-las-problematicas-del-barrio-dia-a-dia\/","og_locale":"es_ES","og_type":"article","og_title":"Claudio Antunes: \u201cVivimos y padecemos las problem\u00e1ticas del barrio d\u00eda a d\u00eda\u201d","og_description":"\u25a0 Desde el espacio \u201cEsperanza del Pueblo\u201d aclararon que trabajan de manera independiente, por fuera de otras estructuras como gremios o sindicatos.","og_url":"https:\/\/noticiasmercedinas.com\/site\/2023\/07\/09\/claudio-antunes-vivimos-y-padecemos-las-problematicas-del-barrio-dia-a-dia\/","og_site_name":"NOTICIASMERCEDINAS.COM","article_publisher":"https:\/\/www.facebook.com\/noticiasmercedinas\/","article_published_time":"2023-07-09T15:00:58+00:00","og_image":[{"width":640,"height":467,"url":"https:\/\/noticiasmercedinas.com\/site\/wp-content\/uploads\/2023\/07\/antunes1.jpg","type":"image\/jpeg"}],"author":"NOTICIASMERCEDINAS.COM","twitter_card":"summary_large_image","twitter_creator":"@notmercedinas","twitter_site":"@notmercedinas","twitter_misc":{"Escrito por":"NOTICIASMERCEDINAS.COM","Tiempo de lectura":"2 minutos"},"schema":{"@context":"https:\/\/schema.org","@graph":[{"@type":"Article","@id":"https:\/\/noticiasmercedinas.com\/site\/2023\/07\/09\/claudio-antunes-vivimos-y-padecemos-las-problematicas-del-barrio-dia-a-dia\/#article","isPartOf":{"@id":"https:\/\/noticiasmercedinas.com\/site\/2023\/07\/09\/claudio-antunes-vivimos-y-padecemos-las-problematicas-del-barrio-dia-a-dia\/"},"author":{"name":"NOTICIASMERCEDINAS.COM","@id":"https:\/\/noticiasmercedinas.com\/site\/#\/schema\/person\/84b59c099c28ff2e8b77d4ceec5d8063"},"headline":"Claudio Antunes: \u201cVivimos y padecemos las problem\u00e1ticas del barrio d\u00eda a d\u00eda\u201d","datePublished":"2023-07-09T15:00:58+00:00","mainEntityOfPage":{"@id":"https:\/\/noticiasmercedinas.com\/site\/2023\/07\/09\/claudio-antunes-vivimos-y-padecemos-las-problematicas-del-barrio-dia-a-dia\/"},"wordCount":278,"publisher":{"@id":"https:\/\/noticiasmercedinas.com\/site\/#organization"},"image":{"@id":"https:\/\/noticiasmercedinas.com\/site\/2023\/07\/09\/claudio-antunes-vivimos-y-padecemos-las-problematicas-del-barrio-dia-a-dia\/#primaryimage"},"thumbnailUrl":"https:\/\/noticiasmercedinas.com\/site\/wp-content\/uploads\/2023\/07\/antunes1.jpg","keywords":["claudio antunes","elecciones 2023","Esperanza del Pueblo","juan manuel antunes"],"articleSection":["Politica"],"inLanguage":"es"},{"@type":"WebPage","@id":"https:\/\/noticiasmercedinas.com\/site\/2023\/07\/09\/claudio-antunes-vivimos-y-padecemos-las-problematicas-del-barrio-dia-a-dia\/","url":"https:\/\/noticiasmercedinas.com\/site\/2023\/07\/09\/claudio-antunes-vivimos-y-padecemos-las-problematicas-del-barrio-dia-a-dia\/","name":"Claudio Antunes: \u201cVivimos y padecemos las problem\u00e1ticas del barrio d\u00eda a d\u00eda\u201d","isPartOf":{"@id":"https:\/\/noticiasmercedinas.com\/site\/#website"},"primaryImageOfPage":{"@id":"https:\/\/noticiasmercedinas.com\/site\/2023\/07\/09\/claudio-antunes-vivimos-y-padecemos-las-problematicas-del-barrio-dia-a-dia\/#primaryimage"},"image":{"@id":"https:\/\/noticiasmercedinas.com\/site\/2023\/07\/09\/claudio-antunes-vivimos-y-padecemos-las-problematicas-del-barrio-dia-a-dia\/#primaryimage"},"thumbnailUrl":"https:\/\/noticiasmercedinas.com\/site\/wp-content\/uploads\/2023\/07\/antunes1.jpg","datePublished":"2023-07-09T15:00:58+00:00","breadcrumb":{"@id":"https:\/\/noticiasmercedinas.com\/site\/2023\/07\/09\/claudio-antunes-vivimos-y-padecemos-las-problematicas-del-barrio-dia-a-dia\/#breadcrumb"},"inLanguage":"es","potentialAction":[{"@type":"ReadAction","target":["https:\/\/noticiasmercedinas.com\/site\/2023\/07\/09\/claudio-antunes-vivimos-y-padecemos-las-problematicas-del-barrio-dia-a-dia\/"]}]},{"@type":"ImageObject","inLanguage":"es","@id":"https:\/\/noticiasmercedinas.com\/site\/2023\/07\/09\/claudio-antunes-vivimos-y-padecemos-las-problematicas-del-barrio-dia-a-dia\/#primaryimage","url":"https:\/\/noticiasmercedinas.com\/site\/wp-content\/uploads\/2023\/07\/antunes1.jpg","contentUrl":"https:\/\/noticiasmercedinas.com\/site\/wp-content\/uploads\/2023\/07\/antunes1.jpg","width":640,"height":467},{"@type":"BreadcrumbList","@id":"https:\/\/noticiasmercedinas.com\/site\/2023\/07\/09\/claudio-antunes-vivimos-y-padecemos-las-problematicas-del-barrio-dia-a-dia\/#breadcrumb","itemListElement":[{"@type":"ListItem","position":1,"name":"Portada","item":"https:\/\/noticiasmercedinas.com\/site\/"},{"@type":"ListItem","position":2,"name":"Claudio Antunes: \u201cVivimos y padecemos las problem\u00e1ticas del barrio d\u00eda a d\u00eda\u201d"}]},{"@type":"WebSite","@id":"https:\/\/noticiasmercedinas.com\/site\/#website","url":"https:\/\/noticiasmercedinas.com\/site\/","name":"NOTICIASMERCEDINAS.COM","description":"Mercedes, Buenos Aires, Argentina","publisher":{"@id":"https:\/\/noticiasmercedinas.com\/site\/#organization"},"potentialAction":[{"@type":"SearchAction","target":{"@type":"EntryPoint","urlTemplate":"https:\/\/noticiasmercedinas.com\/site\/?s={search_term_string}"},"query-input":{"@type":"PropertyValueSpecification","valueRequired":true,"valueName":"search_term_string"}}],"inLanguage":"es"},{"@type":"Organization","@id":"https:\/\/noticiasmercedinas.com\/site\/#organization","name":"NOTICIASMERCEDINAS.COM","url":"https:\/\/noticiasmercedinas.com\/site\/","logo":{"@type":"ImageObject","inLanguage":"es","@id":"https:\/\/noticiasmercedinas.com\/site\/#\/schema\/logo\/image\/","url":"https:\/\/noticiasmercedinas.com\/site\/wp-content\/uploads\/2020\/06\/LOGO-512.jpg","contentUrl":"https:\/\/noticiasmercedinas.com\/site\/wp-content\/uploads\/2020\/06\/LOGO-512.jpg","width":512,"height":512,"caption":"NOTICIASMERCEDINAS.COM"},"image":{"@id":"https:\/\/noticiasmercedinas.com\/site\/#\/schema\/logo\/image\/"},"sameAs":["https:\/\/www.facebook.com\/noticiasmercedinas\/","https:\/\/x.com\/notmercedinas","https:\/\/www.instagram.com\/noticiasmercedinas\/"]},{"@type":"Person","@id":"https:\/\/noticiasmercedinas.com\/site\/#\/schema\/person\/84b59c099c28ff2e8b77d4ceec5d8063","name":"NOTICIASMERCEDINAS.COM","image":{"@type":"ImageObject","inLanguage":"es","@id":"https:\/\/secure.gravatar.com\/avatar\/4dfbf16b4d17945bfb6341b2d19043457132fcf478a5ee04f42e959fd8f5df0a?s=96&d=mm&r=g","url":"https:\/\/secure.gravatar.com\/avatar\/4dfbf16b4d17945bfb6341b2d19043457132fcf478a5ee04f42e959fd8f5df0a?s=96&d=mm&r=g","contentUrl":"https:\/\/secure.gravatar.com\/avatar\/4dfbf16b4d17945bfb6341b2d19043457132fcf478a5ee04f42e959fd8f5df0a?s=96&d=mm&r=g","caption":"NOTICIASMERCEDINAS.COM"},"url":"https:\/\/noticiasmercedinas.com\/site\/author\/anonimo\/"}]}},"amp_enabled":true,"_links":{"self":[{"href":"https:\/\/noticiasmercedinas.com\/site\/wp-json\/wp\/v2\/posts\/118710","targetHints":{"allow":["GET"]}}],"collection":[{"href":"https:\/\/noticiasmercedinas.com\/site\/wp-json\/wp\/v2\/posts"}],"about":[{"href":"https:\/\/noticiasmercedinas.com\/site\/wp-json\/wp\/v2\/types\/post"}],"author":[{"embeddable":true,"href":"https:\/\/noticiasmercedinas.com\/site\/wp-json\/wp\/v2\/users\/16"}],"replies":[{"embeddable":true,"href":"https:\/\/noticiasmercedinas.com\/site\/wp-json\/wp\/v2\/comments?post=118710"}],"version-history":[{"count":1,"href":"https:\/\/noticiasmercedinas.com\/site\/wp-json\/wp\/v2\/posts\/118710\/revisions"}],"predecessor-version":[{"id":118712,"href":"https:\/\/noticiasmercedinas.com\/site\/wp-json\/wp\/v2\/posts\/118710\/revisions\/118712"}],"wp:featuredmedia":[{"embeddable":true,"href":"https:\/\/noticiasmercedinas.com\/site\/wp-json\/wp\/v2\/media\/118711"}],"wp:attachment":[{"href":"https:\/\/noticiasmercedinas.com\/site\/wp-json\/wp\/v2\/media?parent=118710"}],"wp:term":[{"taxonomy":"category","embeddable":true,"href":"https:\/\/noticiasmercedinas.com\/site\/wp-json\/wp\/v2\/categories?post=118710"},{"taxonomy":"post_tag","embeddable":true,"href":"https:\/\/noticiasmercedinas.com\/site\/wp-json\/wp\/v2\/tags?post=118710"}],"curies":[{"name":"wp","href":"https:\/\/api.w.org\/{rel}","templated":true}]}}