{"id":118721,"date":"2023-07-09T18:38:47","date_gmt":"2023-07-09T21:38:47","guid":{"rendered":"https:\/\/noticiasmercedinas.com\/site\/?p=118721"},"modified":"2023-07-09T18:38:47","modified_gmt":"2023-07-09T21:38:47","slug":"leonardo-boto-presento-su-lista-de-candidatos-en-lujan-con-el-respaldo-de-wado-de-pedro","status":"publish","type":"post","link":"https:\/\/noticiasmercedinas.com\/site\/2023\/07\/09\/leonardo-boto-presento-su-lista-de-candidatos-en-lujan-con-el-respaldo-de-wado-de-pedro\/","title":{"rendered":"Leonardo Boto present\u00f3 su lista de candidatos en Luj\u00e1n con el respaldo de Wado de Pedro"},"content":{"rendered":"<p><img loading=\"lazy\" decoding=\"async\" class=\"alignnone size-full wp-image-118722\" src=\"https:\/\/noticiasmercedinas.com\/site\/wp-content\/uploads\/2023\/07\/LEOBO.jpg\" alt=\"\" width=\"640\" height=\"428\" srcset=\"https:\/\/noticiasmercedinas.com\/site\/wp-content\/uploads\/2023\/07\/LEOBO.jpg 640w, https:\/\/noticiasmercedinas.com\/site\/wp-content\/uploads\/2023\/07\/LEOBO-300x201.jpg 300w, https:\/\/noticiasmercedinas.com\/site\/wp-content\/uploads\/2023\/07\/LEOBO-537x360.jpg 537w\" sizes=\"auto, (max-width: 640px) 100vw, 640px\" \/><\/p>\n<p>\u00abEs una alegr\u00eda acompa\u00f1ar la presentaci\u00f3n de listas en Luj\u00e1n junto al intendente <strong>Leo Boto<\/strong>, nuestro candidato de Uni\u00f3n por la Patria\u00bb, dijo <strong>Eduardo \u00abWado\u00bb de Pedro<\/strong> tras ser parte del acto de lanzamiento de la lista del actual intendente de Luj\u00e1n que va por su reelecci\u00f3n.<\/p>\n<p>En un acto pol\u00edtico lleno de entusiasmo y compromiso, el actual intendente present\u00f3 su lista de candidatos para las pr\u00f3ximas elecciones de 2023. El evento cont\u00f3 con la presencia destacada del ministro del Interior, quien expres\u00f3 su apoyo.<\/p>\n<p>El Club San Lorenzo del barrio San Cayetano fue el lugar elegido para la presentaci\u00f3n de los precandidatos que acompa\u00f1ar\u00e1n a Boto en las elecciones primarias, abiertas, simult\u00e1neas y obligatorias (PASO). El respaldo de Wado de Pedro otorg\u00f3 un impulso adicional a la campa\u00f1a del actual intendente, fortaleciendo su posici\u00f3n dentro de \u00abUni\u00f3n por la Patria\u00bb.<\/p>\n<p>\u00abEs una alegr\u00eda acompa\u00f1ar la presentaci\u00f3n de listas en Luj\u00e1n junto al intendente Leo Boto, nuestro candidato de Uni\u00f3n por la Patria. Un compa\u00f1ero de convicciones firmes que trabaja todos los d\u00edas para seguir construyendo una ciudad de cara a la gente, con empleo, industria y producci\u00f3n\u00bb, expres\u00f3 De Pedro, quien tambi\u00e9n se postula como primer precandidato a senador por la provincia.<\/p>\n<p>Durante su discurso, Boto destac\u00f3 el arduo trabajo de su equipo de funcionarios, quienes dedican largas jornadas laborales para impulsar el progreso de la ciudad. \u00abRealizan 10, 12, 14 horas diarias de trabajo si hace falta. Las mejoras que vemos son un logro. Cuesta. No es f\u00e1cil. Tenemos que enfrentarnos a frenos invisibles, conseguir fondos, tener la capacidad t\u00e9cnica, y la diferencia la hace poner el coraz\u00f3n\u00bb, afirm\u00f3 el intendente.<\/p>\n<p>Con el respaldo del ministro del Interior y una s\u00f3lida trayectoria de gesti\u00f3n, Leonardo Boto se presenta como un candidato fuerte en las elecciones de Luj\u00e1n. Su visi\u00f3n de una ciudad en constante desarrollo y su compromiso con los vecinos se han convertido en pilares fundamentales de su campa\u00f1a electoral. Ahora, queda en manos de los ciudadanos decidir si le otorgan la oportunidad de continuar liderando el destino de Luj\u00e1n en los pr\u00f3ximos a\u00f1os.<\/p>\n","protected":false},"excerpt":{"rendered":"<p>\u25a0 Con el respaldo del ministro del Interior y una s\u00f3lida trayectoria de gesti\u00f3n, Leonardo Boto se presenta como un candidato fuerte en las elecciones de Luj\u00e1n<\/p>\n","protected":false},"author":16,"featured_media":118722,"comment_status":"closed","ping_status":"closed","sticky":false,"template":"","format":"standard","meta":{"footnotes":""},"categories":[16,139],"tags":[14662,6018,40,4963],"class_list":["post-118721","post","type-post","status-publish","format-standard","has-post-thumbnail","hentry","category-politica","category-regionales","tag-elecciones-2023","tag-leo-boto","tag-lujan","tag-wado-de-pedro"],"yoast_head":"<!-- This site is optimized with the Yoast SEO plugin v27.4 - https:\/\/yoast.com\/product\/yoast-seo-wordpress\/ -->\n<title>Leonardo Boto present\u00f3 su lista de candidatos en Luj\u00e1n con el respaldo de Wado de Pedro<\/title>\n<meta name=\"robots\" content=\"index, follow, max-snippet:-1, max-image-preview:large, max-video-preview:-1\" \/>\n<link rel=\"canonical\" href=\"https:\/\/noticiasmercedinas.com\/site\/2023\/07\/09\/leonardo-boto-presento-su-lista-de-candidatos-en-lujan-con-el-respaldo-de-wado-de-pedro\/\" \/>\n<meta property=\"og:locale\" content=\"es_ES\" \/>\n<meta property=\"og:type\" content=\"article\" \/>\n<meta property=\"og:title\" content=\"Leonardo Boto present\u00f3 su lista de candidatos en Luj\u00e1n con el respaldo de Wado de Pedro\" \/>\n<meta property=\"og:description\" content=\"\u25a0 Con el respaldo del ministro del Interior y una s\u00f3lida trayectoria de gesti\u00f3n, Leonardo Boto se presenta como un candidato fuerte en las elecciones de Luj\u00e1n\" \/>\n<meta property=\"og:url\" content=\"https:\/\/noticiasmercedinas.com\/site\/2023\/07\/09\/leonardo-boto-presento-su-lista-de-candidatos-en-lujan-con-el-respaldo-de-wado-de-pedro\/\" \/>\n<meta property=\"og:site_name\" content=\"NOTICIASMERCEDINAS.COM\" \/>\n<meta property=\"article:publisher\" content=\"https:\/\/www.facebook.com\/noticiasmercedinas\/\" \/>\n<meta property=\"article:published_time\" content=\"2023-07-09T21:38:47+00:00\" \/>\n<meta property=\"og:image\" content=\"https:\/\/noticiasmercedinas.com\/site\/wp-content\/uploads\/2023\/07\/LEOBO.jpg\" \/>\n\t<meta property=\"og:image:width\" content=\"640\" \/>\n\t<meta property=\"og:image:height\" content=\"428\" \/>\n\t<meta property=\"og:image:type\" content=\"image\/jpeg\" \/>\n<meta name=\"author\" content=\"NOTICIASMERCEDINAS.COM\" \/>\n<meta name=\"twitter:card\" content=\"summary_large_image\" \/>\n<meta name=\"twitter:creator\" content=\"@notmercedinas\" \/>\n<meta name=\"twitter:site\" content=\"@notmercedinas\" \/>\n<meta name=\"twitter:label1\" content=\"Escrito por\" \/>\n\t<meta name=\"twitter:data1\" content=\"NOTICIASMERCEDINAS.COM\" \/>\n\t<meta name=\"twitter:label2\" content=\"Tiempo de lectura\" \/>\n\t<meta name=\"twitter:data2\" content=\"2 minutos\" \/>\n<script type=\"application\/ld+json\" class=\"yoast-schema-graph\">{\"@context\":\"https:\\\/\\\/schema.org\",\"@graph\":[{\"@type\":\"Article\",\"@id\":\"https:\\\/\\\/noticiasmercedinas.com\\\/site\\\/2023\\\/07\\\/09\\\/leonardo-boto-presento-su-lista-de-candidatos-en-lujan-con-el-respaldo-de-wado-de-pedro\\\/#article\",\"isPartOf\":{\"@id\":\"https:\\\/\\\/noticiasmercedinas.com\\\/site\\\/2023\\\/07\\\/09\\\/leonardo-boto-presento-su-lista-de-candidatos-en-lujan-con-el-respaldo-de-wado-de-pedro\\\/\"},\"author\":{\"name\":\"NOTICIASMERCEDINAS.COM\",\"@id\":\"https:\\\/\\\/noticiasmercedinas.com\\\/site\\\/#\\\/schema\\\/person\\\/84b59c099c28ff2e8b77d4ceec5d8063\"},\"headline\":\"Leonardo Boto present\u00f3 su lista de candidatos en Luj\u00e1n con el respaldo de Wado de Pedro\",\"datePublished\":\"2023-07-09T21:38:47+00:00\",\"mainEntityOfPage\":{\"@id\":\"https:\\\/\\\/noticiasmercedinas.com\\\/site\\\/2023\\\/07\\\/09\\\/leonardo-boto-presento-su-lista-de-candidatos-en-lujan-con-el-respaldo-de-wado-de-pedro\\\/\"},\"wordCount\":396,\"publisher\":{\"@id\":\"https:\\\/\\\/noticiasmercedinas.com\\\/site\\\/#organization\"},\"image\":{\"@id\":\"https:\\\/\\\/noticiasmercedinas.com\\\/site\\\/2023\\\/07\\\/09\\\/leonardo-boto-presento-su-lista-de-candidatos-en-lujan-con-el-respaldo-de-wado-de-pedro\\\/#primaryimage\"},\"thumbnailUrl\":\"https:\\\/\\\/noticiasmercedinas.com\\\/site\\\/wp-content\\\/uploads\\\/2023\\\/07\\\/LEOBO.jpg\",\"keywords\":[\"elecciones 2023\",\"Leo Boto\",\"lujan\",\"wado de pedro\"],\"articleSection\":[\"Politica\",\"Regionales\"],\"inLanguage\":\"es\"},{\"@type\":\"WebPage\",\"@id\":\"https:\\\/\\\/noticiasmercedinas.com\\\/site\\\/2023\\\/07\\\/09\\\/leonardo-boto-presento-su-lista-de-candidatos-en-lujan-con-el-respaldo-de-wado-de-pedro\\\/\",\"url\":\"https:\\\/\\\/noticiasmercedinas.com\\\/site\\\/2023\\\/07\\\/09\\\/leonardo-boto-presento-su-lista-de-candidatos-en-lujan-con-el-respaldo-de-wado-de-pedro\\\/\",\"name\":\"Leonardo Boto present\u00f3 su lista de candidatos en Luj\u00e1n con el respaldo de Wado de Pedro\",\"isPartOf\":{\"@id\":\"https:\\\/\\\/noticiasmercedinas.com\\\/site\\\/#website\"},\"primaryImageOfPage\":{\"@id\":\"https:\\\/\\\/noticiasmercedinas.com\\\/site\\\/2023\\\/07\\\/09\\\/leonardo-boto-presento-su-lista-de-candidatos-en-lujan-con-el-respaldo-de-wado-de-pedro\\\/#primaryimage\"},\"image\":{\"@id\":\"https:\\\/\\\/noticiasmercedinas.com\\\/site\\\/2023\\\/07\\\/09\\\/leonardo-boto-presento-su-lista-de-candidatos-en-lujan-con-el-respaldo-de-wado-de-pedro\\\/#primaryimage\"},\"thumbnailUrl\":\"https:\\\/\\\/noticiasmercedinas.com\\\/site\\\/wp-content\\\/uploads\\\/2023\\\/07\\\/LEOBO.jpg\",\"datePublished\":\"2023-07-09T21:38:47+00:00\",\"breadcrumb\":{\"@id\":\"https:\\\/\\\/noticiasmercedinas.com\\\/site\\\/2023\\\/07\\\/09\\\/leonardo-boto-presento-su-lista-de-candidatos-en-lujan-con-el-respaldo-de-wado-de-pedro\\\/#breadcrumb\"},\"inLanguage\":\"es\",\"potentialAction\":[{\"@type\":\"ReadAction\",\"target\":[\"https:\\\/\\\/noticiasmercedinas.com\\\/site\\\/2023\\\/07\\\/09\\\/leonardo-boto-presento-su-lista-de-candidatos-en-lujan-con-el-respaldo-de-wado-de-pedro\\\/\"]}]},{\"@type\":\"ImageObject\",\"inLanguage\":\"es\",\"@id\":\"https:\\\/\\\/noticiasmercedinas.com\\\/site\\\/2023\\\/07\\\/09\\\/leonardo-boto-presento-su-lista-de-candidatos-en-lujan-con-el-respaldo-de-wado-de-pedro\\\/#primaryimage\",\"url\":\"https:\\\/\\\/noticiasmercedinas.com\\\/site\\\/wp-content\\\/uploads\\\/2023\\\/07\\\/LEOBO.jpg\",\"contentUrl\":\"https:\\\/\\\/noticiasmercedinas.com\\\/site\\\/wp-content\\\/uploads\\\/2023\\\/07\\\/LEOBO.jpg\",\"width\":640,\"height\":428},{\"@type\":\"BreadcrumbList\",\"@id\":\"https:\\\/\\\/noticiasmercedinas.com\\\/site\\\/2023\\\/07\\\/09\\\/leonardo-boto-presento-su-lista-de-candidatos-en-lujan-con-el-respaldo-de-wado-de-pedro\\\/#breadcrumb\",\"itemListElement\":[{\"@type\":\"ListItem\",\"position\":1,\"name\":\"Portada\",\"item\":\"https:\\\/\\\/noticiasmercedinas.com\\\/site\\\/\"},{\"@type\":\"ListItem\",\"position\":2,\"name\":\"Leonardo Boto present\u00f3 su lista de candidatos en Luj\u00e1n con el respaldo de Wado de Pedro\"}]},{\"@type\":\"WebSite\",\"@id\":\"https:\\\/\\\/noticiasmercedinas.com\\\/site\\\/#website\",\"url\":\"https:\\\/\\\/noticiasmercedinas.com\\\/site\\\/\",\"name\":\"NOTICIASMERCEDINAS.COM\",\"description\":\"Mercedes, Buenos Aires, Argentina\",\"publisher\":{\"@id\":\"https:\\\/\\\/noticiasmercedinas.com\\\/site\\\/#organization\"},\"potentialAction\":[{\"@type\":\"SearchAction\",\"target\":{\"@type\":\"EntryPoint\",\"urlTemplate\":\"https:\\\/\\\/noticiasmercedinas.com\\\/site\\\/?s={search_term_string}\"},\"query-input\":{\"@type\":\"PropertyValueSpecification\",\"valueRequired\":true,\"valueName\":\"search_term_string\"}}],\"inLanguage\":\"es\"},{\"@type\":\"Organization\",\"@id\":\"https:\\\/\\\/noticiasmercedinas.com\\\/site\\\/#organization\",\"name\":\"NOTICIASMERCEDINAS.COM\",\"url\":\"https:\\\/\\\/noticiasmercedinas.com\\\/site\\\/\",\"logo\":{\"@type\":\"ImageObject\",\"inLanguage\":\"es\",\"@id\":\"https:\\\/\\\/noticiasmercedinas.com\\\/site\\\/#\\\/schema\\\/logo\\\/image\\\/\",\"url\":\"https:\\\/\\\/noticiasmercedinas.com\\\/site\\\/wp-content\\\/uploads\\\/2020\\\/06\\\/LOGO-512.jpg\",\"contentUrl\":\"https:\\\/\\\/noticiasmercedinas.com\\\/site\\\/wp-content\\\/uploads\\\/2020\\\/06\\\/LOGO-512.jpg\",\"width\":512,\"height\":512,\"caption\":\"NOTICIASMERCEDINAS.COM\"},\"image\":{\"@id\":\"https:\\\/\\\/noticiasmercedinas.com\\\/site\\\/#\\\/schema\\\/logo\\\/image\\\/\"},\"sameAs\":[\"https:\\\/\\\/www.facebook.com\\\/noticiasmercedinas\\\/\",\"https:\\\/\\\/x.com\\\/notmercedinas\",\"https:\\\/\\\/www.instagram.com\\\/noticiasmercedinas\\\/\"]},{\"@type\":\"Person\",\"@id\":\"https:\\\/\\\/noticiasmercedinas.com\\\/site\\\/#\\\/schema\\\/person\\\/84b59c099c28ff2e8b77d4ceec5d8063\",\"name\":\"NOTICIASMERCEDINAS.COM\",\"image\":{\"@type\":\"ImageObject\",\"inLanguage\":\"es\",\"@id\":\"https:\\\/\\\/secure.gravatar.com\\\/avatar\\\/4dfbf16b4d17945bfb6341b2d19043457132fcf478a5ee04f42e959fd8f5df0a?s=96&d=mm&r=g\",\"url\":\"https:\\\/\\\/secure.gravatar.com\\\/avatar\\\/4dfbf16b4d17945bfb6341b2d19043457132fcf478a5ee04f42e959fd8f5df0a?s=96&d=mm&r=g\",\"contentUrl\":\"https:\\\/\\\/secure.gravatar.com\\\/avatar\\\/4dfbf16b4d17945bfb6341b2d19043457132fcf478a5ee04f42e959fd8f5df0a?s=96&d=mm&r=g\",\"caption\":\"NOTICIASMERCEDINAS.COM\"},\"url\":\"https:\\\/\\\/noticiasmercedinas.com\\\/site\\\/author\\\/anonimo\\\/\"}]}<\/script>\n<!-- \/ Yoast SEO plugin. -->","yoast_head_json":{"title":"Leonardo Boto present\u00f3 su lista de candidatos en Luj\u00e1n con el respaldo de Wado de Pedro","robots":{"index":"index","follow":"follow","max-snippet":"max-snippet:-1","max-image-preview":"max-image-preview:large","max-video-preview":"max-video-preview:-1"},"canonical":"https:\/\/noticiasmercedinas.com\/site\/2023\/07\/09\/leonardo-boto-presento-su-lista-de-candidatos-en-lujan-con-el-respaldo-de-wado-de-pedro\/","og_locale":"es_ES","og_type":"article","og_title":"Leonardo Boto present\u00f3 su lista de candidatos en Luj\u00e1n con el respaldo de Wado de Pedro","og_description":"\u25a0 Con el respaldo del ministro del Interior y una s\u00f3lida trayectoria de gesti\u00f3n, Leonardo Boto se presenta como un candidato fuerte en las elecciones de Luj\u00e1n","og_url":"https:\/\/noticiasmercedinas.com\/site\/2023\/07\/09\/leonardo-boto-presento-su-lista-de-candidatos-en-lujan-con-el-respaldo-de-wado-de-pedro\/","og_site_name":"NOTICIASMERCEDINAS.COM","article_publisher":"https:\/\/www.facebook.com\/noticiasmercedinas\/","article_published_time":"2023-07-09T21:38:47+00:00","og_image":[{"width":640,"height":428,"url":"https:\/\/noticiasmercedinas.com\/site\/wp-content\/uploads\/2023\/07\/LEOBO.jpg","type":"image\/jpeg"}],"author":"NOTICIASMERCEDINAS.COM","twitter_card":"summary_large_image","twitter_creator":"@notmercedinas","twitter_site":"@notmercedinas","twitter_misc":{"Escrito por":"NOTICIASMERCEDINAS.COM","Tiempo de lectura":"2 minutos"},"schema":{"@context":"https:\/\/schema.org","@graph":[{"@type":"Article","@id":"https:\/\/noticiasmercedinas.com\/site\/2023\/07\/09\/leonardo-boto-presento-su-lista-de-candidatos-en-lujan-con-el-respaldo-de-wado-de-pedro\/#article","isPartOf":{"@id":"https:\/\/noticiasmercedinas.com\/site\/2023\/07\/09\/leonardo-boto-presento-su-lista-de-candidatos-en-lujan-con-el-respaldo-de-wado-de-pedro\/"},"author":{"name":"NOTICIASMERCEDINAS.COM","@id":"https:\/\/noticiasmercedinas.com\/site\/#\/schema\/person\/84b59c099c28ff2e8b77d4ceec5d8063"},"headline":"Leonardo Boto present\u00f3 su lista de candidatos en Luj\u00e1n con el respaldo de Wado de Pedro","datePublished":"2023-07-09T21:38:47+00:00","mainEntityOfPage":{"@id":"https:\/\/noticiasmercedinas.com\/site\/2023\/07\/09\/leonardo-boto-presento-su-lista-de-candidatos-en-lujan-con-el-respaldo-de-wado-de-pedro\/"},"wordCount":396,"publisher":{"@id":"https:\/\/noticiasmercedinas.com\/site\/#organization"},"image":{"@id":"https:\/\/noticiasmercedinas.com\/site\/2023\/07\/09\/leonardo-boto-presento-su-lista-de-candidatos-en-lujan-con-el-respaldo-de-wado-de-pedro\/#primaryimage"},"thumbnailUrl":"https:\/\/noticiasmercedinas.com\/site\/wp-content\/uploads\/2023\/07\/LEOBO.jpg","keywords":["elecciones 2023","Leo Boto","lujan","wado de pedro"],"articleSection":["Politica","Regionales"],"inLanguage":"es"},{"@type":"WebPage","@id":"https:\/\/noticiasmercedinas.com\/site\/2023\/07\/09\/leonardo-boto-presento-su-lista-de-candidatos-en-lujan-con-el-respaldo-de-wado-de-pedro\/","url":"https:\/\/noticiasmercedinas.com\/site\/2023\/07\/09\/leonardo-boto-presento-su-lista-de-candidatos-en-lujan-con-el-respaldo-de-wado-de-pedro\/","name":"Leonardo Boto present\u00f3 su lista de candidatos en Luj\u00e1n con el respaldo de Wado de Pedro","isPartOf":{"@id":"https:\/\/noticiasmercedinas.com\/site\/#website"},"primaryImageOfPage":{"@id":"https:\/\/noticiasmercedinas.com\/site\/2023\/07\/09\/leonardo-boto-presento-su-lista-de-candidatos-en-lujan-con-el-respaldo-de-wado-de-pedro\/#primaryimage"},"image":{"@id":"https:\/\/noticiasmercedinas.com\/site\/2023\/07\/09\/leonardo-boto-presento-su-lista-de-candidatos-en-lujan-con-el-respaldo-de-wado-de-pedro\/#primaryimage"},"thumbnailUrl":"https:\/\/noticiasmercedinas.com\/site\/wp-content\/uploads\/2023\/07\/LEOBO.jpg","datePublished":"2023-07-09T21:38:47+00:00","breadcrumb":{"@id":"https:\/\/noticiasmercedinas.com\/site\/2023\/07\/09\/leonardo-boto-presento-su-lista-de-candidatos-en-lujan-con-el-respaldo-de-wado-de-pedro\/#breadcrumb"},"inLanguage":"es","potentialAction":[{"@type":"ReadAction","target":["https:\/\/noticiasmercedinas.com\/site\/2023\/07\/09\/leonardo-boto-presento-su-lista-de-candidatos-en-lujan-con-el-respaldo-de-wado-de-pedro\/"]}]},{"@type":"ImageObject","inLanguage":"es","@id":"https:\/\/noticiasmercedinas.com\/site\/2023\/07\/09\/leonardo-boto-presento-su-lista-de-candidatos-en-lujan-con-el-respaldo-de-wado-de-pedro\/#primaryimage","url":"https:\/\/noticiasmercedinas.com\/site\/wp-content\/uploads\/2023\/07\/LEOBO.jpg","contentUrl":"https:\/\/noticiasmercedinas.com\/site\/wp-content\/uploads\/2023\/07\/LEOBO.jpg","width":640,"height":428},{"@type":"BreadcrumbList","@id":"https:\/\/noticiasmercedinas.com\/site\/2023\/07\/09\/leonardo-boto-presento-su-lista-de-candidatos-en-lujan-con-el-respaldo-de-wado-de-pedro\/#breadcrumb","itemListElement":[{"@type":"ListItem","position":1,"name":"Portada","item":"https:\/\/noticiasmercedinas.com\/site\/"},{"@type":"ListItem","position":2,"name":"Leonardo Boto present\u00f3 su lista de candidatos en Luj\u00e1n con el respaldo de Wado de Pedro"}]},{"@type":"WebSite","@id":"https:\/\/noticiasmercedinas.com\/site\/#website","url":"https:\/\/noticiasmercedinas.com\/site\/","name":"NOTICIASMERCEDINAS.COM","description":"Mercedes, Buenos Aires, Argentina","publisher":{"@id":"https:\/\/noticiasmercedinas.com\/site\/#organization"},"potentialAction":[{"@type":"SearchAction","target":{"@type":"EntryPoint","urlTemplate":"https:\/\/noticiasmercedinas.com\/site\/?s={search_term_string}"},"query-input":{"@type":"PropertyValueSpecification","valueRequired":true,"valueName":"search_term_string"}}],"inLanguage":"es"},{"@type":"Organization","@id":"https:\/\/noticiasmercedinas.com\/site\/#organization","name":"NOTICIASMERCEDINAS.COM","url":"https:\/\/noticiasmercedinas.com\/site\/","logo":{"@type":"ImageObject","inLanguage":"es","@id":"https:\/\/noticiasmercedinas.com\/site\/#\/schema\/logo\/image\/","url":"https:\/\/noticiasmercedinas.com\/site\/wp-content\/uploads\/2020\/06\/LOGO-512.jpg","contentUrl":"https:\/\/noticiasmercedinas.com\/site\/wp-content\/uploads\/2020\/06\/LOGO-512.jpg","width":512,"height":512,"caption":"NOTICIASMERCEDINAS.COM"},"image":{"@id":"https:\/\/noticiasmercedinas.com\/site\/#\/schema\/logo\/image\/"},"sameAs":["https:\/\/www.facebook.com\/noticiasmercedinas\/","https:\/\/x.com\/notmercedinas","https:\/\/www.instagram.com\/noticiasmercedinas\/"]},{"@type":"Person","@id":"https:\/\/noticiasmercedinas.com\/site\/#\/schema\/person\/84b59c099c28ff2e8b77d4ceec5d8063","name":"NOTICIASMERCEDINAS.COM","image":{"@type":"ImageObject","inLanguage":"es","@id":"https:\/\/secure.gravatar.com\/avatar\/4dfbf16b4d17945bfb6341b2d19043457132fcf478a5ee04f42e959fd8f5df0a?s=96&d=mm&r=g","url":"https:\/\/secure.gravatar.com\/avatar\/4dfbf16b4d17945bfb6341b2d19043457132fcf478a5ee04f42e959fd8f5df0a?s=96&d=mm&r=g","contentUrl":"https:\/\/secure.gravatar.com\/avatar\/4dfbf16b4d17945bfb6341b2d19043457132fcf478a5ee04f42e959fd8f5df0a?s=96&d=mm&r=g","caption":"NOTICIASMERCEDINAS.COM"},"url":"https:\/\/noticiasmercedinas.com\/site\/author\/anonimo\/"}]}},"amp_enabled":true,"_links":{"self":[{"href":"https:\/\/noticiasmercedinas.com\/site\/wp-json\/wp\/v2\/posts\/118721","targetHints":{"allow":["GET"]}}],"collection":[{"href":"https:\/\/noticiasmercedinas.com\/site\/wp-json\/wp\/v2\/posts"}],"about":[{"href":"https:\/\/noticiasmercedinas.com\/site\/wp-json\/wp\/v2\/types\/post"}],"author":[{"embeddable":true,"href":"https:\/\/noticiasmercedinas.com\/site\/wp-json\/wp\/v2\/users\/16"}],"replies":[{"embeddable":true,"href":"https:\/\/noticiasmercedinas.com\/site\/wp-json\/wp\/v2\/comments?post=118721"}],"version-history":[{"count":1,"href":"https:\/\/noticiasmercedinas.com\/site\/wp-json\/wp\/v2\/posts\/118721\/revisions"}],"predecessor-version":[{"id":118723,"href":"https:\/\/noticiasmercedinas.com\/site\/wp-json\/wp\/v2\/posts\/118721\/revisions\/118723"}],"wp:featuredmedia":[{"embeddable":true,"href":"https:\/\/noticiasmercedinas.com\/site\/wp-json\/wp\/v2\/media\/118722"}],"wp:attachment":[{"href":"https:\/\/noticiasmercedinas.com\/site\/wp-json\/wp\/v2\/media?parent=118721"}],"wp:term":[{"taxonomy":"category","embeddable":true,"href":"https:\/\/noticiasmercedinas.com\/site\/wp-json\/wp\/v2\/categories?post=118721"},{"taxonomy":"post_tag","embeddable":true,"href":"https:\/\/noticiasmercedinas.com\/site\/wp-json\/wp\/v2\/tags?post=118721"}],"curies":[{"name":"wp","href":"https:\/\/api.w.org\/{rel}","templated":true}]}}