{"id":118780,"date":"2023-07-10T12:36:08","date_gmt":"2023-07-10T15:36:08","guid":{"rendered":"https:\/\/noticiasmercedinas.com\/site\/?p=118780"},"modified":"2023-07-10T12:36:35","modified_gmt":"2023-07-10T15:36:35","slug":"con-argentino-puntero-se-cerro-la-sexta-de-al-d","status":"publish","type":"post","link":"https:\/\/noticiasmercedinas.com\/site\/2023\/07\/10\/con-argentino-puntero-se-cerro-la-sexta-de-al-d\/","title":{"rendered":"Con Argentino puntero se cerr\u00f3 la sexta de la D"},"content":{"rendered":"<figure id=\"attachment_118781\" aria-describedby=\"caption-attachment-118781\" style=\"width: 640px\" class=\"wp-caption alignnone\"><img loading=\"lazy\" decoding=\"async\" class=\"wp-image-118781 size-full\" src=\"https:\/\/noticiasmercedinas.com\/site\/wp-content\/uploads\/2023\/07\/IMG_6820.jpg\" alt=\"\" width=\"640\" height=\"415\" srcset=\"https:\/\/noticiasmercedinas.com\/site\/wp-content\/uploads\/2023\/07\/IMG_6820.jpg 640w, https:\/\/noticiasmercedinas.com\/site\/wp-content\/uploads\/2023\/07\/IMG_6820-300x194.jpg 300w, https:\/\/noticiasmercedinas.com\/site\/wp-content\/uploads\/2023\/07\/IMG_6820-600x388.jpg 600w\" sizes=\"auto, (max-width: 640px) 100vw, 640px\" \/><figcaption id=\"caption-attachment-118781\" class=\"wp-caption-text\">Argentino cuando vino a la Liga empat\u00f3, hoy es puntero.<\/figcaption><\/figure>\n<p>La Primera D finaliz\u00f3 en la jornada del domingo 9 de julio la sexta fecha, donde ya Mercedes le hab\u00eda ganado 3-2 a Mu\u00f1iz, Espa\u00f1ol 4-0 a Paraguayo en Lugano, y como visitante 2-1 se impuso Lugano a Ballester. Libre qued\u00f3 Sportivo Barracas.<\/p>\n<p>Ayer, en Rosario y por DeporTV, Argentino cant\u00f3 victoria sobre Defensores de Cambaceres y con ello qued\u00f3 como puntero de la divisional. En Malvinas Argentinas repartieron puntos Juventud y El Porvenir. Lo que viene para el \u201cBlanquinegro\u201d es Cambaceres, ser\u00eda s\u00e1bado a las 15.30 en Ensenada.<\/p>\n<p>Argentino (Rosario) 3: Bruno Giagnorio, Francisco Dur\u00e9 y Nelson Avalos. <strong>Defensores de Cambaceres 1:<\/strong> Rodolfo Fern\u00e1ndez.<\/p>\n<p><strong>Juventud Unida 1:<\/strong> Santiago Kojro.<br \/>\n<strong>El Porvenir 1:<\/strong> Santiago Sosa.<\/p>\n<p><img loading=\"lazy\" decoding=\"async\" class=\"alignnone size-full wp-image-118782\" src=\"https:\/\/noticiasmercedinas.com\/site\/wp-content\/uploads\/2023\/07\/Primera-D-5.jpg\" alt=\"\" width=\"640\" height=\"364\" srcset=\"https:\/\/noticiasmercedinas.com\/site\/wp-content\/uploads\/2023\/07\/Primera-D-5.jpg 640w, https:\/\/noticiasmercedinas.com\/site\/wp-content\/uploads\/2023\/07\/Primera-D-5-300x171.jpg 300w\" sizes=\"auto, (max-width: 640px) 100vw, 640px\" \/><br \/>\n<strong><br \/>\nPr\u00f3xima fecha <\/strong><br \/>\nCentro Espa\u00f1ol vs. Juventud Unida.<br \/>\nEl Porvenir vs. Argentino de Rosario.<br \/>\nCambaceres vs. Club Mercedes.<br \/>\nDeportivo Mu\u00f1iz vs. Central Ballester.<br \/>\nLugano vs. Sportivo Baracas.<br \/>\n<strong>Libre:<\/strong> Deportivo Paraguayo.<\/p>\n","protected":false},"excerpt":{"rendered":"<p>\u25a0 En Rosario con 3-1 a Cambaceres qued\u00f3 en la cima. Ayer empataron en uno Juventud y El Porvenir. Club Mercedes volver\u00eda a jugar este s\u00e1bado ya por la s\u00e9ptima fecha ante Cambaceres en Ensenada. <\/p>\n","protected":false},"author":6,"featured_media":118781,"comment_status":"closed","ping_status":"closed","sticky":false,"template":"","format":"standard","meta":{"footnotes":""},"categories":[5],"tags":[6424,135,11935],"class_list":["post-118780","post","type-post","status-publish","format-standard","has-post-thumbnail","hentry","category-deportes","tag-afa","tag-club-mercedes","tag-primera-d"],"yoast_head":"<!-- This site is optimized with the Yoast SEO plugin v27.5 - https:\/\/yoast.com\/product\/yoast-seo-wordpress\/ -->\n<title>Con Argentino puntero se cerr\u00f3 la sexta de la D<\/title>\n<meta name=\"robots\" content=\"index, follow, max-snippet:-1, max-image-preview:large, max-video-preview:-1\" \/>\n<link rel=\"canonical\" href=\"https:\/\/noticiasmercedinas.com\/site\/2023\/07\/10\/con-argentino-puntero-se-cerro-la-sexta-de-al-d\/\" \/>\n<meta property=\"og:locale\" content=\"es_ES\" \/>\n<meta property=\"og:type\" content=\"article\" \/>\n<meta property=\"og:title\" content=\"Con Argentino puntero se cerr\u00f3 la sexta de la D\" \/>\n<meta property=\"og:description\" content=\"\u25a0 En Rosario con 3-1 a Cambaceres qued\u00f3 en la cima. Ayer empataron en uno Juventud y El Porvenir. Club Mercedes volver\u00eda a jugar este s\u00e1bado ya por la s\u00e9ptima fecha ante Cambaceres en Ensenada.\" \/>\n<meta property=\"og:url\" content=\"https:\/\/noticiasmercedinas.com\/site\/2023\/07\/10\/con-argentino-puntero-se-cerro-la-sexta-de-al-d\/\" \/>\n<meta property=\"og:site_name\" content=\"NOTICIASMERCEDINAS.COM\" \/>\n<meta property=\"article:publisher\" content=\"https:\/\/www.facebook.com\/noticiasmercedinas\/\" \/>\n<meta property=\"article:published_time\" content=\"2023-07-10T15:36:08+00:00\" \/>\n<meta property=\"article:modified_time\" content=\"2023-07-10T15:36:35+00:00\" \/>\n<meta property=\"og:image\" content=\"https:\/\/noticiasmercedinas.com\/site\/wp-content\/uploads\/2023\/07\/IMG_6820.jpg\" \/>\n\t<meta property=\"og:image:width\" content=\"640\" \/>\n\t<meta property=\"og:image:height\" content=\"415\" \/>\n\t<meta property=\"og:image:type\" content=\"image\/jpeg\" \/>\n<meta name=\"author\" content=\"Juan Dagnino NOTICIASMERCEDINAS.COM\" \/>\n<meta name=\"twitter:card\" content=\"summary_large_image\" \/>\n<meta name=\"twitter:creator\" content=\"@notmercedinas\" \/>\n<meta name=\"twitter:site\" content=\"@notmercedinas\" \/>\n<meta name=\"twitter:label1\" content=\"Escrito por\" \/>\n\t<meta name=\"twitter:data1\" content=\"Juan Dagnino NOTICIASMERCEDINAS.COM\" \/>\n\t<meta name=\"twitter:label2\" content=\"Tiempo de lectura\" \/>\n\t<meta name=\"twitter:data2\" content=\"2 minutos\" \/>\n<script type=\"application\/ld+json\" class=\"yoast-schema-graph\">{\"@context\":\"https:\\\/\\\/schema.org\",\"@graph\":[{\"@type\":\"Article\",\"@id\":\"https:\\\/\\\/noticiasmercedinas.com\\\/site\\\/2023\\\/07\\\/10\\\/con-argentino-puntero-se-cerro-la-sexta-de-al-d\\\/#article\",\"isPartOf\":{\"@id\":\"https:\\\/\\\/noticiasmercedinas.com\\\/site\\\/2023\\\/07\\\/10\\\/con-argentino-puntero-se-cerro-la-sexta-de-al-d\\\/\"},\"author\":{\"name\":\"Juan Dagnino NOTICIASMERCEDINAS.COM\",\"@id\":\"https:\\\/\\\/noticiasmercedinas.com\\\/site\\\/#\\\/schema\\\/person\\\/8f2f09d666ef40986eba4a5e6f2a06f9\"},\"headline\":\"Con Argentino puntero se cerr\u00f3 la sexta de la D\",\"datePublished\":\"2023-07-10T15:36:08+00:00\",\"dateModified\":\"2023-07-10T15:36:35+00:00\",\"mainEntityOfPage\":{\"@id\":\"https:\\\/\\\/noticiasmercedinas.com\\\/site\\\/2023\\\/07\\\/10\\\/con-argentino-puntero-se-cerro-la-sexta-de-al-d\\\/\"},\"wordCount\":174,\"publisher\":{\"@id\":\"https:\\\/\\\/noticiasmercedinas.com\\\/site\\\/#organization\"},\"image\":{\"@id\":\"https:\\\/\\\/noticiasmercedinas.com\\\/site\\\/2023\\\/07\\\/10\\\/con-argentino-puntero-se-cerro-la-sexta-de-al-d\\\/#primaryimage\"},\"thumbnailUrl\":\"https:\\\/\\\/noticiasmercedinas.com\\\/site\\\/wp-content\\\/uploads\\\/2023\\\/07\\\/IMG_6820.jpg\",\"keywords\":[\"AFA\",\"club mercedes\",\"Primera D\"],\"articleSection\":[\"Deportes\"],\"inLanguage\":\"es\"},{\"@type\":\"WebPage\",\"@id\":\"https:\\\/\\\/noticiasmercedinas.com\\\/site\\\/2023\\\/07\\\/10\\\/con-argentino-puntero-se-cerro-la-sexta-de-al-d\\\/\",\"url\":\"https:\\\/\\\/noticiasmercedinas.com\\\/site\\\/2023\\\/07\\\/10\\\/con-argentino-puntero-se-cerro-la-sexta-de-al-d\\\/\",\"name\":\"Con Argentino puntero se cerr\u00f3 la sexta de la D\",\"isPartOf\":{\"@id\":\"https:\\\/\\\/noticiasmercedinas.com\\\/site\\\/#website\"},\"primaryImageOfPage\":{\"@id\":\"https:\\\/\\\/noticiasmercedinas.com\\\/site\\\/2023\\\/07\\\/10\\\/con-argentino-puntero-se-cerro-la-sexta-de-al-d\\\/#primaryimage\"},\"image\":{\"@id\":\"https:\\\/\\\/noticiasmercedinas.com\\\/site\\\/2023\\\/07\\\/10\\\/con-argentino-puntero-se-cerro-la-sexta-de-al-d\\\/#primaryimage\"},\"thumbnailUrl\":\"https:\\\/\\\/noticiasmercedinas.com\\\/site\\\/wp-content\\\/uploads\\\/2023\\\/07\\\/IMG_6820.jpg\",\"datePublished\":\"2023-07-10T15:36:08+00:00\",\"dateModified\":\"2023-07-10T15:36:35+00:00\",\"breadcrumb\":{\"@id\":\"https:\\\/\\\/noticiasmercedinas.com\\\/site\\\/2023\\\/07\\\/10\\\/con-argentino-puntero-se-cerro-la-sexta-de-al-d\\\/#breadcrumb\"},\"inLanguage\":\"es\",\"potentialAction\":[{\"@type\":\"ReadAction\",\"target\":[\"https:\\\/\\\/noticiasmercedinas.com\\\/site\\\/2023\\\/07\\\/10\\\/con-argentino-puntero-se-cerro-la-sexta-de-al-d\\\/\"]}]},{\"@type\":\"ImageObject\",\"inLanguage\":\"es\",\"@id\":\"https:\\\/\\\/noticiasmercedinas.com\\\/site\\\/2023\\\/07\\\/10\\\/con-argentino-puntero-se-cerro-la-sexta-de-al-d\\\/#primaryimage\",\"url\":\"https:\\\/\\\/noticiasmercedinas.com\\\/site\\\/wp-content\\\/uploads\\\/2023\\\/07\\\/IMG_6820.jpg\",\"contentUrl\":\"https:\\\/\\\/noticiasmercedinas.com\\\/site\\\/wp-content\\\/uploads\\\/2023\\\/07\\\/IMG_6820.jpg\",\"width\":640,\"height\":415},{\"@type\":\"BreadcrumbList\",\"@id\":\"https:\\\/\\\/noticiasmercedinas.com\\\/site\\\/2023\\\/07\\\/10\\\/con-argentino-puntero-se-cerro-la-sexta-de-al-d\\\/#breadcrumb\",\"itemListElement\":[{\"@type\":\"ListItem\",\"position\":1,\"name\":\"Portada\",\"item\":\"https:\\\/\\\/noticiasmercedinas.com\\\/site\\\/\"},{\"@type\":\"ListItem\",\"position\":2,\"name\":\"Con Argentino puntero se cerr\u00f3 la sexta de la D\"}]},{\"@type\":\"WebSite\",\"@id\":\"https:\\\/\\\/noticiasmercedinas.com\\\/site\\\/#website\",\"url\":\"https:\\\/\\\/noticiasmercedinas.com\\\/site\\\/\",\"name\":\"NOTICIASMERCEDINAS.COM\",\"description\":\"Mercedes, Buenos Aires, Argentina\",\"publisher\":{\"@id\":\"https:\\\/\\\/noticiasmercedinas.com\\\/site\\\/#organization\"},\"potentialAction\":[{\"@type\":\"SearchAction\",\"target\":{\"@type\":\"EntryPoint\",\"urlTemplate\":\"https:\\\/\\\/noticiasmercedinas.com\\\/site\\\/?s={search_term_string}\"},\"query-input\":{\"@type\":\"PropertyValueSpecification\",\"valueRequired\":true,\"valueName\":\"search_term_string\"}}],\"inLanguage\":\"es\"},{\"@type\":\"Organization\",\"@id\":\"https:\\\/\\\/noticiasmercedinas.com\\\/site\\\/#organization\",\"name\":\"NOTICIASMERCEDINAS.COM\",\"url\":\"https:\\\/\\\/noticiasmercedinas.com\\\/site\\\/\",\"logo\":{\"@type\":\"ImageObject\",\"inLanguage\":\"es\",\"@id\":\"https:\\\/\\\/noticiasmercedinas.com\\\/site\\\/#\\\/schema\\\/logo\\\/image\\\/\",\"url\":\"https:\\\/\\\/noticiasmercedinas.com\\\/site\\\/wp-content\\\/uploads\\\/2020\\\/06\\\/LOGO-512.jpg\",\"contentUrl\":\"https:\\\/\\\/noticiasmercedinas.com\\\/site\\\/wp-content\\\/uploads\\\/2020\\\/06\\\/LOGO-512.jpg\",\"width\":512,\"height\":512,\"caption\":\"NOTICIASMERCEDINAS.COM\"},\"image\":{\"@id\":\"https:\\\/\\\/noticiasmercedinas.com\\\/site\\\/#\\\/schema\\\/logo\\\/image\\\/\"},\"sameAs\":[\"https:\\\/\\\/www.facebook.com\\\/noticiasmercedinas\\\/\",\"https:\\\/\\\/x.com\\\/notmercedinas\",\"https:\\\/\\\/www.instagram.com\\\/noticiasmercedinas\\\/\"]},{\"@type\":\"Person\",\"@id\":\"https:\\\/\\\/noticiasmercedinas.com\\\/site\\\/#\\\/schema\\\/person\\\/8f2f09d666ef40986eba4a5e6f2a06f9\",\"name\":\"Juan Dagnino NOTICIASMERCEDINAS.COM\",\"image\":{\"@type\":\"ImageObject\",\"inLanguage\":\"es\",\"@id\":\"https:\\\/\\\/secure.gravatar.com\\\/avatar\\\/fc7059a769f5a3cae65fadb228a3e4accf3a64b4b2305020d0a27e6d5333c91b?s=96&d=mm&r=g\",\"url\":\"https:\\\/\\\/secure.gravatar.com\\\/avatar\\\/fc7059a769f5a3cae65fadb228a3e4accf3a64b4b2305020d0a27e6d5333c91b?s=96&d=mm&r=g\",\"contentUrl\":\"https:\\\/\\\/secure.gravatar.com\\\/avatar\\\/fc7059a769f5a3cae65fadb228a3e4accf3a64b4b2305020d0a27e6d5333c91b?s=96&d=mm&r=g\",\"caption\":\"Juan Dagnino NOTICIASMERCEDINAS.COM\"},\"url\":\"https:\\\/\\\/noticiasmercedinas.com\\\/site\\\/author\\\/juandagnino\\\/\"}]}<\/script>\n<!-- \/ Yoast SEO plugin. -->","yoast_head_json":{"title":"Con Argentino puntero se cerr\u00f3 la sexta de la D","robots":{"index":"index","follow":"follow","max-snippet":"max-snippet:-1","max-image-preview":"max-image-preview:large","max-video-preview":"max-video-preview:-1"},"canonical":"https:\/\/noticiasmercedinas.com\/site\/2023\/07\/10\/con-argentino-puntero-se-cerro-la-sexta-de-al-d\/","og_locale":"es_ES","og_type":"article","og_title":"Con Argentino puntero se cerr\u00f3 la sexta de la D","og_description":"\u25a0 En Rosario con 3-1 a Cambaceres qued\u00f3 en la cima. Ayer empataron en uno Juventud y El Porvenir. Club Mercedes volver\u00eda a jugar este s\u00e1bado ya por la s\u00e9ptima fecha ante Cambaceres en Ensenada.","og_url":"https:\/\/noticiasmercedinas.com\/site\/2023\/07\/10\/con-argentino-puntero-se-cerro-la-sexta-de-al-d\/","og_site_name":"NOTICIASMERCEDINAS.COM","article_publisher":"https:\/\/www.facebook.com\/noticiasmercedinas\/","article_published_time":"2023-07-10T15:36:08+00:00","article_modified_time":"2023-07-10T15:36:35+00:00","og_image":[{"width":640,"height":415,"url":"https:\/\/noticiasmercedinas.com\/site\/wp-content\/uploads\/2023\/07\/IMG_6820.jpg","type":"image\/jpeg"}],"author":"Juan Dagnino NOTICIASMERCEDINAS.COM","twitter_card":"summary_large_image","twitter_creator":"@notmercedinas","twitter_site":"@notmercedinas","twitter_misc":{"Escrito por":"Juan Dagnino NOTICIASMERCEDINAS.COM","Tiempo de lectura":"2 minutos"},"schema":{"@context":"https:\/\/schema.org","@graph":[{"@type":"Article","@id":"https:\/\/noticiasmercedinas.com\/site\/2023\/07\/10\/con-argentino-puntero-se-cerro-la-sexta-de-al-d\/#article","isPartOf":{"@id":"https:\/\/noticiasmercedinas.com\/site\/2023\/07\/10\/con-argentino-puntero-se-cerro-la-sexta-de-al-d\/"},"author":{"name":"Juan Dagnino NOTICIASMERCEDINAS.COM","@id":"https:\/\/noticiasmercedinas.com\/site\/#\/schema\/person\/8f2f09d666ef40986eba4a5e6f2a06f9"},"headline":"Con Argentino puntero se cerr\u00f3 la sexta de la D","datePublished":"2023-07-10T15:36:08+00:00","dateModified":"2023-07-10T15:36:35+00:00","mainEntityOfPage":{"@id":"https:\/\/noticiasmercedinas.com\/site\/2023\/07\/10\/con-argentino-puntero-se-cerro-la-sexta-de-al-d\/"},"wordCount":174,"publisher":{"@id":"https:\/\/noticiasmercedinas.com\/site\/#organization"},"image":{"@id":"https:\/\/noticiasmercedinas.com\/site\/2023\/07\/10\/con-argentino-puntero-se-cerro-la-sexta-de-al-d\/#primaryimage"},"thumbnailUrl":"https:\/\/noticiasmercedinas.com\/site\/wp-content\/uploads\/2023\/07\/IMG_6820.jpg","keywords":["AFA","club mercedes","Primera D"],"articleSection":["Deportes"],"inLanguage":"es"},{"@type":"WebPage","@id":"https:\/\/noticiasmercedinas.com\/site\/2023\/07\/10\/con-argentino-puntero-se-cerro-la-sexta-de-al-d\/","url":"https:\/\/noticiasmercedinas.com\/site\/2023\/07\/10\/con-argentino-puntero-se-cerro-la-sexta-de-al-d\/","name":"Con Argentino puntero se cerr\u00f3 la sexta de la D","isPartOf":{"@id":"https:\/\/noticiasmercedinas.com\/site\/#website"},"primaryImageOfPage":{"@id":"https:\/\/noticiasmercedinas.com\/site\/2023\/07\/10\/con-argentino-puntero-se-cerro-la-sexta-de-al-d\/#primaryimage"},"image":{"@id":"https:\/\/noticiasmercedinas.com\/site\/2023\/07\/10\/con-argentino-puntero-se-cerro-la-sexta-de-al-d\/#primaryimage"},"thumbnailUrl":"https:\/\/noticiasmercedinas.com\/site\/wp-content\/uploads\/2023\/07\/IMG_6820.jpg","datePublished":"2023-07-10T15:36:08+00:00","dateModified":"2023-07-10T15:36:35+00:00","breadcrumb":{"@id":"https:\/\/noticiasmercedinas.com\/site\/2023\/07\/10\/con-argentino-puntero-se-cerro-la-sexta-de-al-d\/#breadcrumb"},"inLanguage":"es","potentialAction":[{"@type":"ReadAction","target":["https:\/\/noticiasmercedinas.com\/site\/2023\/07\/10\/con-argentino-puntero-se-cerro-la-sexta-de-al-d\/"]}]},{"@type":"ImageObject","inLanguage":"es","@id":"https:\/\/noticiasmercedinas.com\/site\/2023\/07\/10\/con-argentino-puntero-se-cerro-la-sexta-de-al-d\/#primaryimage","url":"https:\/\/noticiasmercedinas.com\/site\/wp-content\/uploads\/2023\/07\/IMG_6820.jpg","contentUrl":"https:\/\/noticiasmercedinas.com\/site\/wp-content\/uploads\/2023\/07\/IMG_6820.jpg","width":640,"height":415},{"@type":"BreadcrumbList","@id":"https:\/\/noticiasmercedinas.com\/site\/2023\/07\/10\/con-argentino-puntero-se-cerro-la-sexta-de-al-d\/#breadcrumb","itemListElement":[{"@type":"ListItem","position":1,"name":"Portada","item":"https:\/\/noticiasmercedinas.com\/site\/"},{"@type":"ListItem","position":2,"name":"Con Argentino puntero se cerr\u00f3 la sexta de la D"}]},{"@type":"WebSite","@id":"https:\/\/noticiasmercedinas.com\/site\/#website","url":"https:\/\/noticiasmercedinas.com\/site\/","name":"NOTICIASMERCEDINAS.COM","description":"Mercedes, Buenos Aires, Argentina","publisher":{"@id":"https:\/\/noticiasmercedinas.com\/site\/#organization"},"potentialAction":[{"@type":"SearchAction","target":{"@type":"EntryPoint","urlTemplate":"https:\/\/noticiasmercedinas.com\/site\/?s={search_term_string}"},"query-input":{"@type":"PropertyValueSpecification","valueRequired":true,"valueName":"search_term_string"}}],"inLanguage":"es"},{"@type":"Organization","@id":"https:\/\/noticiasmercedinas.com\/site\/#organization","name":"NOTICIASMERCEDINAS.COM","url":"https:\/\/noticiasmercedinas.com\/site\/","logo":{"@type":"ImageObject","inLanguage":"es","@id":"https:\/\/noticiasmercedinas.com\/site\/#\/schema\/logo\/image\/","url":"https:\/\/noticiasmercedinas.com\/site\/wp-content\/uploads\/2020\/06\/LOGO-512.jpg","contentUrl":"https:\/\/noticiasmercedinas.com\/site\/wp-content\/uploads\/2020\/06\/LOGO-512.jpg","width":512,"height":512,"caption":"NOTICIASMERCEDINAS.COM"},"image":{"@id":"https:\/\/noticiasmercedinas.com\/site\/#\/schema\/logo\/image\/"},"sameAs":["https:\/\/www.facebook.com\/noticiasmercedinas\/","https:\/\/x.com\/notmercedinas","https:\/\/www.instagram.com\/noticiasmercedinas\/"]},{"@type":"Person","@id":"https:\/\/noticiasmercedinas.com\/site\/#\/schema\/person\/8f2f09d666ef40986eba4a5e6f2a06f9","name":"Juan Dagnino NOTICIASMERCEDINAS.COM","image":{"@type":"ImageObject","inLanguage":"es","@id":"https:\/\/secure.gravatar.com\/avatar\/fc7059a769f5a3cae65fadb228a3e4accf3a64b4b2305020d0a27e6d5333c91b?s=96&d=mm&r=g","url":"https:\/\/secure.gravatar.com\/avatar\/fc7059a769f5a3cae65fadb228a3e4accf3a64b4b2305020d0a27e6d5333c91b?s=96&d=mm&r=g","contentUrl":"https:\/\/secure.gravatar.com\/avatar\/fc7059a769f5a3cae65fadb228a3e4accf3a64b4b2305020d0a27e6d5333c91b?s=96&d=mm&r=g","caption":"Juan Dagnino NOTICIASMERCEDINAS.COM"},"url":"https:\/\/noticiasmercedinas.com\/site\/author\/juandagnino\/"}]}},"amp_enabled":true,"_links":{"self":[{"href":"https:\/\/noticiasmercedinas.com\/site\/wp-json\/wp\/v2\/posts\/118780","targetHints":{"allow":["GET"]}}],"collection":[{"href":"https:\/\/noticiasmercedinas.com\/site\/wp-json\/wp\/v2\/posts"}],"about":[{"href":"https:\/\/noticiasmercedinas.com\/site\/wp-json\/wp\/v2\/types\/post"}],"author":[{"embeddable":true,"href":"https:\/\/noticiasmercedinas.com\/site\/wp-json\/wp\/v2\/users\/6"}],"replies":[{"embeddable":true,"href":"https:\/\/noticiasmercedinas.com\/site\/wp-json\/wp\/v2\/comments?post=118780"}],"version-history":[{"count":2,"href":"https:\/\/noticiasmercedinas.com\/site\/wp-json\/wp\/v2\/posts\/118780\/revisions"}],"predecessor-version":[{"id":118784,"href":"https:\/\/noticiasmercedinas.com\/site\/wp-json\/wp\/v2\/posts\/118780\/revisions\/118784"}],"wp:featuredmedia":[{"embeddable":true,"href":"https:\/\/noticiasmercedinas.com\/site\/wp-json\/wp\/v2\/media\/118781"}],"wp:attachment":[{"href":"https:\/\/noticiasmercedinas.com\/site\/wp-json\/wp\/v2\/media?parent=118780"}],"wp:term":[{"taxonomy":"category","embeddable":true,"href":"https:\/\/noticiasmercedinas.com\/site\/wp-json\/wp\/v2\/categories?post=118780"},{"taxonomy":"post_tag","embeddable":true,"href":"https:\/\/noticiasmercedinas.com\/site\/wp-json\/wp\/v2\/tags?post=118780"}],"curies":[{"name":"wp","href":"https:\/\/api.w.org\/{rel}","templated":true}]}}