{"id":118827,"date":"2023-07-11T09:22:47","date_gmt":"2023-07-11T12:22:47","guid":{"rendered":"https:\/\/noticiasmercedinas.com\/site\/?p=118827"},"modified":"2023-07-11T09:26:52","modified_gmt":"2023-07-11T12:26:52","slug":"ampliacion-de-la-planta-depuradora-una-inversion-historica-para-el-presente-y-futuro-de-la-ciudad","status":"publish","type":"post","link":"https:\/\/noticiasmercedinas.com\/site\/2023\/07\/11\/ampliacion-de-la-planta-depuradora-una-inversion-historica-para-el-presente-y-futuro-de-la-ciudad\/","title":{"rendered":"Ampliaci\u00f3n de la Planta Depuradora: una inversi\u00f3n hist\u00f3rica para el presente y futuro de la ciudad"},"content":{"rendered":"<p><img loading=\"lazy\" decoding=\"async\" class=\"alignnone size-large wp-image-118828\" src=\"https:\/\/noticiasmercedinas.com\/site\/wp-content\/uploads\/2023\/07\/Ustarroz-NuevaPlantaDepuradora-1024x682.jpeg\" alt=\"\" width=\"640\" height=\"426\" srcset=\"https:\/\/noticiasmercedinas.com\/site\/wp-content\/uploads\/2023\/07\/Ustarroz-NuevaPlantaDepuradora-1024x682.jpeg 1024w, https:\/\/noticiasmercedinas.com\/site\/wp-content\/uploads\/2023\/07\/Ustarroz-NuevaPlantaDepuradora-300x200.jpeg 300w, https:\/\/noticiasmercedinas.com\/site\/wp-content\/uploads\/2023\/07\/Ustarroz-NuevaPlantaDepuradora-768x512.jpeg 768w, https:\/\/noticiasmercedinas.com\/site\/wp-content\/uploads\/2023\/07\/Ustarroz-NuevaPlantaDepuradora-640x427.jpeg 640w, https:\/\/noticiasmercedinas.com\/site\/wp-content\/uploads\/2023\/07\/Ustarroz-NuevaPlantaDepuradora-1280x853.jpeg 1280w, https:\/\/noticiasmercedinas.com\/site\/wp-content\/uploads\/2023\/07\/Ustarroz-NuevaPlantaDepuradora-681x454.jpeg 681w, https:\/\/noticiasmercedinas.com\/site\/wp-content\/uploads\/2023\/07\/Ustarroz-NuevaPlantaDepuradora.jpeg 1319w\" sizes=\"auto, (max-width: 640px) 100vw, 640px\" \/><\/p>\n<p>El jefe comunal <strong>Juan Ustarroz<\/strong> encabez\u00f3 una reuni\u00f3n en la que se dio a conocer una importante noticia para la ciudad: la ampliaci\u00f3n de la Planta Depuradora de l\u00edquidos cloacales. Esta medida, financiada por el gobierno provincial de <strong>Axel Kicillof<\/strong> a trav\u00e9s de gestiones de la Municipalidad, tendr\u00e1 un impacto significativo en el presente y en las pr\u00f3ximas d\u00e9cadas de la ciudad, ya que dar\u00e1 respuestas a una necesidad de larga data.<\/p>\n<p>En este sentido Ustarroz coment\u00f3 que se licitar\u00e1 la ampliaci\u00f3n de la Planta Depuradora el 7 de agosto, duplicando su capacidad de trabajo. Seg\u00fan el ingeniero <strong>Juan Sosa<\/strong>, esta inversi\u00f3n asegurar\u00e1 que la ciudad no tenga que preocuparse por la planta depuradora durante los pr\u00f3ximos cincuenta a\u00f1os, teniendo en cuenta el crecimiento poblacional proyectado. El intendente destac\u00f3 que esta licitaci\u00f3n se complementar\u00e1 con obras de recambio entre la Planta y la distribuci\u00f3n, que forman parte de un plan integral de construcci\u00f3n de infraestructura hist\u00f3rica para la ciudad.<\/p>\n<p>Ustarroz resalt\u00f3 que estas obras se basan en un enfoque que considera el presente, el mediano plazo y el futuro. Son acciones concretas que buscan mejorar la calidad de vida de los ciudadanos. El intendente subray\u00f3 que se est\u00e1n finalizando obras en tres barrios (Villa Industrial Este, Lomas del Pac\u00edfico y Villa Industrial Oeste), as\u00ed como la estaci\u00f3n de bombeo, la cual tendr\u00e1 una mayor capacidad y podr\u00e1 incorporar m\u00e1s conexiones en el futuro.<\/p>\n<blockquote><p>El plan maestro director se est\u00e1 llevando a cabo en colaboraci\u00f3n entre la Secretar\u00eda de Obras P\u00fablicas, la Unidad de Planificaci\u00f3n Estrat\u00e9gica conformada por profesionales de Mercedes y los conocimientos acad\u00e9micos y cient\u00edficos de la Universidad Tecnol\u00f3gica Nacional.<\/p><\/blockquote>\n<p>Adem\u00e1s, se destac\u00f3 el inicio de otras tres grandes obras. Por un lado, se firm\u00f3 un acuerdo para la construcci\u00f3n de un canal aliviador en la Avenida 29, lo cual beneficiar\u00e1 a los vecinos y a las zonas circundantes. Por otro lado, se llevar\u00e1 a cabo un reemplazo de la red desde la Avenida 40 hasta la planta depuradora. Estas obras son de gran importancia para la ciudad. Tambi\u00e9n se mencion\u00f3 la realizaci\u00f3n de obras de menor tama\u00f1o a cargo de los trabajadores municipales.<\/p>\n<p>Para garantizar el financiamiento de estas obras, se realizaron gestiones ante el gobierno de Kicillof y el Banco de Desarrollo de Am\u00e9rica Latina. Estas inversiones tendr\u00e1n un impacto significativo en la calidad de vida de las personas, el desarrollo de la infraestructura de la ciudad y el cuidado ambiental.<\/p>\n<p>El plan maestro director se est\u00e1 llevando a cabo en colaboraci\u00f3n entre la Secretar\u00eda de Obras P\u00fablicas, la Unidad de Planificaci\u00f3n Estrat\u00e9gica conformada por profesionales de Mercedes y los conocimientos acad\u00e9micos y cient\u00edficos de la Universidad Tecnol\u00f3gica Nacional.<\/p>\n<p><strong>Emanuel P\u00e9rez Carrera<\/strong> mencion\u00f3 que se est\u00e1n realizando obras de ampliaci\u00f3n de la red de cloacas en diferentes barrios, as\u00ed como la construcci\u00f3n de la estaci\u00f3n de bombeo en Villa Industrial. Destac\u00f3 que la ampliaci\u00f3n de la planta depuradora es algo \u00fanico en la ciudad y se licitar\u00e1 en los pr\u00f3ximos d\u00edas. Tambi\u00e9n se mencion\u00f3 la expansi\u00f3n de la red urbana y rural, que incluye la proyecci\u00f3n de plantas depuradoras m\u00e1s peque\u00f1as en Gowland, Agote y Jofr\u00e9.<\/p>\n<p>Estas acciones no son meras promesas para el futuro, sino que ya se est\u00e1n llevando a cabo. Seg\u00fan el ingeniero Sosa, el 70% de la inversi\u00f3n se iniciar\u00e1 antes de fin de a\u00f1o, comenzando por resolver la parte urbana y luego avanzando hacia otras zonas, como las rurales. Adem\u00e1s, se est\u00e1 trabajando en varias \u00e1reas de la ciudad en este momento.<\/p>\n","protected":false},"excerpt":{"rendered":"<p>\u25a0 Ustarroz coment\u00f3 que se licitar\u00e1 la ampliaci\u00f3n el 7 de agosto, duplicando su capacidad de trabajo. Afirman que la inversi\u00f3n asegurar\u00e1 que la ciudad no tenga que preocuparse por la depuradora en 50 a\u00f1os<\/p>\n","protected":false},"author":16,"featured_media":118828,"comment_status":"closed","ping_status":"closed","sticky":false,"template":"","format":"standard","meta":{"footnotes":""},"categories":[3],"tags":[14,36,244],"class_list":["post-118827","post","type-post","status-publish","format-standard","has-post-thumbnail","hentry","category-sociedad","tag-licitacion","tag-obras","tag-planta-depuradora"],"yoast_head":"<!-- This site is optimized with the Yoast SEO plugin v27.4 - https:\/\/yoast.com\/product\/yoast-seo-wordpress\/ -->\n<title>Ampliaci\u00f3n de la Planta Depuradora: una inversi\u00f3n hist\u00f3rica para el presente y futuro de la ciudad<\/title>\n<meta name=\"robots\" content=\"index, follow, max-snippet:-1, max-image-preview:large, max-video-preview:-1\" \/>\n<link rel=\"canonical\" href=\"https:\/\/noticiasmercedinas.com\/site\/2023\/07\/11\/ampliacion-de-la-planta-depuradora-una-inversion-historica-para-el-presente-y-futuro-de-la-ciudad\/\" \/>\n<meta property=\"og:locale\" content=\"es_ES\" \/>\n<meta property=\"og:type\" content=\"article\" \/>\n<meta property=\"og:title\" content=\"Ampliaci\u00f3n de la Planta Depuradora: una inversi\u00f3n hist\u00f3rica para el presente y futuro de la ciudad\" \/>\n<meta property=\"og:description\" content=\"\u25a0 Ustarroz coment\u00f3 que se licitar\u00e1 la ampliaci\u00f3n el 7 de agosto, duplicando su capacidad de trabajo. Afirman que la inversi\u00f3n asegurar\u00e1 que la ciudad no tenga que preocuparse por la depuradora en 50 a\u00f1os\" \/>\n<meta property=\"og:url\" content=\"https:\/\/noticiasmercedinas.com\/site\/2023\/07\/11\/ampliacion-de-la-planta-depuradora-una-inversion-historica-para-el-presente-y-futuro-de-la-ciudad\/\" \/>\n<meta property=\"og:site_name\" content=\"NOTICIASMERCEDINAS.COM\" \/>\n<meta property=\"article:publisher\" content=\"https:\/\/www.facebook.com\/noticiasmercedinas\/\" \/>\n<meta property=\"article:published_time\" content=\"2023-07-11T12:22:47+00:00\" \/>\n<meta property=\"article:modified_time\" content=\"2023-07-11T12:26:52+00:00\" \/>\n<meta property=\"og:image\" content=\"https:\/\/noticiasmercedinas.com\/site\/wp-content\/uploads\/2023\/07\/Ustarroz-NuevaPlantaDepuradora.jpeg\" \/>\n\t<meta property=\"og:image:width\" content=\"1319\" \/>\n\t<meta property=\"og:image:height\" content=\"879\" \/>\n\t<meta property=\"og:image:type\" content=\"image\/jpeg\" \/>\n<meta name=\"author\" content=\"NOTICIASMERCEDINAS.COM\" \/>\n<meta name=\"twitter:card\" content=\"summary_large_image\" \/>\n<meta name=\"twitter:creator\" content=\"@notmercedinas\" \/>\n<meta name=\"twitter:site\" content=\"@notmercedinas\" \/>\n<meta name=\"twitter:label1\" content=\"Escrito por\" \/>\n\t<meta name=\"twitter:data1\" content=\"NOTICIASMERCEDINAS.COM\" \/>\n\t<meta name=\"twitter:label2\" content=\"Tiempo de lectura\" \/>\n\t<meta name=\"twitter:data2\" content=\"3 minutos\" \/>\n<script type=\"application\/ld+json\" class=\"yoast-schema-graph\">{\"@context\":\"https:\\\/\\\/schema.org\",\"@graph\":[{\"@type\":\"Article\",\"@id\":\"https:\\\/\\\/noticiasmercedinas.com\\\/site\\\/2023\\\/07\\\/11\\\/ampliacion-de-la-planta-depuradora-una-inversion-historica-para-el-presente-y-futuro-de-la-ciudad\\\/#article\",\"isPartOf\":{\"@id\":\"https:\\\/\\\/noticiasmercedinas.com\\\/site\\\/2023\\\/07\\\/11\\\/ampliacion-de-la-planta-depuradora-una-inversion-historica-para-el-presente-y-futuro-de-la-ciudad\\\/\"},\"author\":{\"name\":\"NOTICIASMERCEDINAS.COM\",\"@id\":\"https:\\\/\\\/noticiasmercedinas.com\\\/site\\\/#\\\/schema\\\/person\\\/84b59c099c28ff2e8b77d4ceec5d8063\"},\"headline\":\"Ampliaci\u00f3n de la Planta Depuradora: una inversi\u00f3n hist\u00f3rica para el presente y futuro de la ciudad\",\"datePublished\":\"2023-07-11T12:22:47+00:00\",\"dateModified\":\"2023-07-11T12:26:52+00:00\",\"mainEntityOfPage\":{\"@id\":\"https:\\\/\\\/noticiasmercedinas.com\\\/site\\\/2023\\\/07\\\/11\\\/ampliacion-de-la-planta-depuradora-una-inversion-historica-para-el-presente-y-futuro-de-la-ciudad\\\/\"},\"wordCount\":655,\"publisher\":{\"@id\":\"https:\\\/\\\/noticiasmercedinas.com\\\/site\\\/#organization\"},\"image\":{\"@id\":\"https:\\\/\\\/noticiasmercedinas.com\\\/site\\\/2023\\\/07\\\/11\\\/ampliacion-de-la-planta-depuradora-una-inversion-historica-para-el-presente-y-futuro-de-la-ciudad\\\/#primaryimage\"},\"thumbnailUrl\":\"https:\\\/\\\/noticiasmercedinas.com\\\/site\\\/wp-content\\\/uploads\\\/2023\\\/07\\\/Ustarroz-NuevaPlantaDepuradora.jpeg\",\"keywords\":[\"licitacion\",\"obras\",\"planta depuradora\"],\"articleSection\":[\"Sociedad\"],\"inLanguage\":\"es\"},{\"@type\":\"WebPage\",\"@id\":\"https:\\\/\\\/noticiasmercedinas.com\\\/site\\\/2023\\\/07\\\/11\\\/ampliacion-de-la-planta-depuradora-una-inversion-historica-para-el-presente-y-futuro-de-la-ciudad\\\/\",\"url\":\"https:\\\/\\\/noticiasmercedinas.com\\\/site\\\/2023\\\/07\\\/11\\\/ampliacion-de-la-planta-depuradora-una-inversion-historica-para-el-presente-y-futuro-de-la-ciudad\\\/\",\"name\":\"Ampliaci\u00f3n de la Planta Depuradora: una inversi\u00f3n hist\u00f3rica para el presente y futuro de la ciudad\",\"isPartOf\":{\"@id\":\"https:\\\/\\\/noticiasmercedinas.com\\\/site\\\/#website\"},\"primaryImageOfPage\":{\"@id\":\"https:\\\/\\\/noticiasmercedinas.com\\\/site\\\/2023\\\/07\\\/11\\\/ampliacion-de-la-planta-depuradora-una-inversion-historica-para-el-presente-y-futuro-de-la-ciudad\\\/#primaryimage\"},\"image\":{\"@id\":\"https:\\\/\\\/noticiasmercedinas.com\\\/site\\\/2023\\\/07\\\/11\\\/ampliacion-de-la-planta-depuradora-una-inversion-historica-para-el-presente-y-futuro-de-la-ciudad\\\/#primaryimage\"},\"thumbnailUrl\":\"https:\\\/\\\/noticiasmercedinas.com\\\/site\\\/wp-content\\\/uploads\\\/2023\\\/07\\\/Ustarroz-NuevaPlantaDepuradora.jpeg\",\"datePublished\":\"2023-07-11T12:22:47+00:00\",\"dateModified\":\"2023-07-11T12:26:52+00:00\",\"breadcrumb\":{\"@id\":\"https:\\\/\\\/noticiasmercedinas.com\\\/site\\\/2023\\\/07\\\/11\\\/ampliacion-de-la-planta-depuradora-una-inversion-historica-para-el-presente-y-futuro-de-la-ciudad\\\/#breadcrumb\"},\"inLanguage\":\"es\",\"potentialAction\":[{\"@type\":\"ReadAction\",\"target\":[\"https:\\\/\\\/noticiasmercedinas.com\\\/site\\\/2023\\\/07\\\/11\\\/ampliacion-de-la-planta-depuradora-una-inversion-historica-para-el-presente-y-futuro-de-la-ciudad\\\/\"]}]},{\"@type\":\"ImageObject\",\"inLanguage\":\"es\",\"@id\":\"https:\\\/\\\/noticiasmercedinas.com\\\/site\\\/2023\\\/07\\\/11\\\/ampliacion-de-la-planta-depuradora-una-inversion-historica-para-el-presente-y-futuro-de-la-ciudad\\\/#primaryimage\",\"url\":\"https:\\\/\\\/noticiasmercedinas.com\\\/site\\\/wp-content\\\/uploads\\\/2023\\\/07\\\/Ustarroz-NuevaPlantaDepuradora.jpeg\",\"contentUrl\":\"https:\\\/\\\/noticiasmercedinas.com\\\/site\\\/wp-content\\\/uploads\\\/2023\\\/07\\\/Ustarroz-NuevaPlantaDepuradora.jpeg\",\"width\":1319,\"height\":879},{\"@type\":\"BreadcrumbList\",\"@id\":\"https:\\\/\\\/noticiasmercedinas.com\\\/site\\\/2023\\\/07\\\/11\\\/ampliacion-de-la-planta-depuradora-una-inversion-historica-para-el-presente-y-futuro-de-la-ciudad\\\/#breadcrumb\",\"itemListElement\":[{\"@type\":\"ListItem\",\"position\":1,\"name\":\"Portada\",\"item\":\"https:\\\/\\\/noticiasmercedinas.com\\\/site\\\/\"},{\"@type\":\"ListItem\",\"position\":2,\"name\":\"Ampliaci\u00f3n de la Planta Depuradora: una inversi\u00f3n hist\u00f3rica para el presente y futuro de la ciudad\"}]},{\"@type\":\"WebSite\",\"@id\":\"https:\\\/\\\/noticiasmercedinas.com\\\/site\\\/#website\",\"url\":\"https:\\\/\\\/noticiasmercedinas.com\\\/site\\\/\",\"name\":\"NOTICIASMERCEDINAS.COM\",\"description\":\"Mercedes, Buenos Aires, Argentina\",\"publisher\":{\"@id\":\"https:\\\/\\\/noticiasmercedinas.com\\\/site\\\/#organization\"},\"potentialAction\":[{\"@type\":\"SearchAction\",\"target\":{\"@type\":\"EntryPoint\",\"urlTemplate\":\"https:\\\/\\\/noticiasmercedinas.com\\\/site\\\/?s={search_term_string}\"},\"query-input\":{\"@type\":\"PropertyValueSpecification\",\"valueRequired\":true,\"valueName\":\"search_term_string\"}}],\"inLanguage\":\"es\"},{\"@type\":\"Organization\",\"@id\":\"https:\\\/\\\/noticiasmercedinas.com\\\/site\\\/#organization\",\"name\":\"NOTICIASMERCEDINAS.COM\",\"url\":\"https:\\\/\\\/noticiasmercedinas.com\\\/site\\\/\",\"logo\":{\"@type\":\"ImageObject\",\"inLanguage\":\"es\",\"@id\":\"https:\\\/\\\/noticiasmercedinas.com\\\/site\\\/#\\\/schema\\\/logo\\\/image\\\/\",\"url\":\"https:\\\/\\\/noticiasmercedinas.com\\\/site\\\/wp-content\\\/uploads\\\/2020\\\/06\\\/LOGO-512.jpg\",\"contentUrl\":\"https:\\\/\\\/noticiasmercedinas.com\\\/site\\\/wp-content\\\/uploads\\\/2020\\\/06\\\/LOGO-512.jpg\",\"width\":512,\"height\":512,\"caption\":\"NOTICIASMERCEDINAS.COM\"},\"image\":{\"@id\":\"https:\\\/\\\/noticiasmercedinas.com\\\/site\\\/#\\\/schema\\\/logo\\\/image\\\/\"},\"sameAs\":[\"https:\\\/\\\/www.facebook.com\\\/noticiasmercedinas\\\/\",\"https:\\\/\\\/x.com\\\/notmercedinas\",\"https:\\\/\\\/www.instagram.com\\\/noticiasmercedinas\\\/\"]},{\"@type\":\"Person\",\"@id\":\"https:\\\/\\\/noticiasmercedinas.com\\\/site\\\/#\\\/schema\\\/person\\\/84b59c099c28ff2e8b77d4ceec5d8063\",\"name\":\"NOTICIASMERCEDINAS.COM\",\"image\":{\"@type\":\"ImageObject\",\"inLanguage\":\"es\",\"@id\":\"https:\\\/\\\/secure.gravatar.com\\\/avatar\\\/4dfbf16b4d17945bfb6341b2d19043457132fcf478a5ee04f42e959fd8f5df0a?s=96&d=mm&r=g\",\"url\":\"https:\\\/\\\/secure.gravatar.com\\\/avatar\\\/4dfbf16b4d17945bfb6341b2d19043457132fcf478a5ee04f42e959fd8f5df0a?s=96&d=mm&r=g\",\"contentUrl\":\"https:\\\/\\\/secure.gravatar.com\\\/avatar\\\/4dfbf16b4d17945bfb6341b2d19043457132fcf478a5ee04f42e959fd8f5df0a?s=96&d=mm&r=g\",\"caption\":\"NOTICIASMERCEDINAS.COM\"},\"url\":\"https:\\\/\\\/noticiasmercedinas.com\\\/site\\\/author\\\/anonimo\\\/\"}]}<\/script>\n<!-- \/ Yoast SEO plugin. -->","yoast_head_json":{"title":"Ampliaci\u00f3n de la Planta Depuradora: una inversi\u00f3n hist\u00f3rica para el presente y futuro de la ciudad","robots":{"index":"index","follow":"follow","max-snippet":"max-snippet:-1","max-image-preview":"max-image-preview:large","max-video-preview":"max-video-preview:-1"},"canonical":"https:\/\/noticiasmercedinas.com\/site\/2023\/07\/11\/ampliacion-de-la-planta-depuradora-una-inversion-historica-para-el-presente-y-futuro-de-la-ciudad\/","og_locale":"es_ES","og_type":"article","og_title":"Ampliaci\u00f3n de la Planta Depuradora: una inversi\u00f3n hist\u00f3rica para el presente y futuro de la ciudad","og_description":"\u25a0 Ustarroz coment\u00f3 que se licitar\u00e1 la ampliaci\u00f3n el 7 de agosto, duplicando su capacidad de trabajo. Afirman que la inversi\u00f3n asegurar\u00e1 que la ciudad no tenga que preocuparse por la depuradora en 50 a\u00f1os","og_url":"https:\/\/noticiasmercedinas.com\/site\/2023\/07\/11\/ampliacion-de-la-planta-depuradora-una-inversion-historica-para-el-presente-y-futuro-de-la-ciudad\/","og_site_name":"NOTICIASMERCEDINAS.COM","article_publisher":"https:\/\/www.facebook.com\/noticiasmercedinas\/","article_published_time":"2023-07-11T12:22:47+00:00","article_modified_time":"2023-07-11T12:26:52+00:00","og_image":[{"width":1319,"height":879,"url":"https:\/\/noticiasmercedinas.com\/site\/wp-content\/uploads\/2023\/07\/Ustarroz-NuevaPlantaDepuradora.jpeg","type":"image\/jpeg"}],"author":"NOTICIASMERCEDINAS.COM","twitter_card":"summary_large_image","twitter_creator":"@notmercedinas","twitter_site":"@notmercedinas","twitter_misc":{"Escrito por":"NOTICIASMERCEDINAS.COM","Tiempo de lectura":"3 minutos"},"schema":{"@context":"https:\/\/schema.org","@graph":[{"@type":"Article","@id":"https:\/\/noticiasmercedinas.com\/site\/2023\/07\/11\/ampliacion-de-la-planta-depuradora-una-inversion-historica-para-el-presente-y-futuro-de-la-ciudad\/#article","isPartOf":{"@id":"https:\/\/noticiasmercedinas.com\/site\/2023\/07\/11\/ampliacion-de-la-planta-depuradora-una-inversion-historica-para-el-presente-y-futuro-de-la-ciudad\/"},"author":{"name":"NOTICIASMERCEDINAS.COM","@id":"https:\/\/noticiasmercedinas.com\/site\/#\/schema\/person\/84b59c099c28ff2e8b77d4ceec5d8063"},"headline":"Ampliaci\u00f3n de la Planta Depuradora: una inversi\u00f3n hist\u00f3rica para el presente y futuro de la ciudad","datePublished":"2023-07-11T12:22:47+00:00","dateModified":"2023-07-11T12:26:52+00:00","mainEntityOfPage":{"@id":"https:\/\/noticiasmercedinas.com\/site\/2023\/07\/11\/ampliacion-de-la-planta-depuradora-una-inversion-historica-para-el-presente-y-futuro-de-la-ciudad\/"},"wordCount":655,"publisher":{"@id":"https:\/\/noticiasmercedinas.com\/site\/#organization"},"image":{"@id":"https:\/\/noticiasmercedinas.com\/site\/2023\/07\/11\/ampliacion-de-la-planta-depuradora-una-inversion-historica-para-el-presente-y-futuro-de-la-ciudad\/#primaryimage"},"thumbnailUrl":"https:\/\/noticiasmercedinas.com\/site\/wp-content\/uploads\/2023\/07\/Ustarroz-NuevaPlantaDepuradora.jpeg","keywords":["licitacion","obras","planta depuradora"],"articleSection":["Sociedad"],"inLanguage":"es"},{"@type":"WebPage","@id":"https:\/\/noticiasmercedinas.com\/site\/2023\/07\/11\/ampliacion-de-la-planta-depuradora-una-inversion-historica-para-el-presente-y-futuro-de-la-ciudad\/","url":"https:\/\/noticiasmercedinas.com\/site\/2023\/07\/11\/ampliacion-de-la-planta-depuradora-una-inversion-historica-para-el-presente-y-futuro-de-la-ciudad\/","name":"Ampliaci\u00f3n de la Planta Depuradora: una inversi\u00f3n hist\u00f3rica para el presente y futuro de la ciudad","isPartOf":{"@id":"https:\/\/noticiasmercedinas.com\/site\/#website"},"primaryImageOfPage":{"@id":"https:\/\/noticiasmercedinas.com\/site\/2023\/07\/11\/ampliacion-de-la-planta-depuradora-una-inversion-historica-para-el-presente-y-futuro-de-la-ciudad\/#primaryimage"},"image":{"@id":"https:\/\/noticiasmercedinas.com\/site\/2023\/07\/11\/ampliacion-de-la-planta-depuradora-una-inversion-historica-para-el-presente-y-futuro-de-la-ciudad\/#primaryimage"},"thumbnailUrl":"https:\/\/noticiasmercedinas.com\/site\/wp-content\/uploads\/2023\/07\/Ustarroz-NuevaPlantaDepuradora.jpeg","datePublished":"2023-07-11T12:22:47+00:00","dateModified":"2023-07-11T12:26:52+00:00","breadcrumb":{"@id":"https:\/\/noticiasmercedinas.com\/site\/2023\/07\/11\/ampliacion-de-la-planta-depuradora-una-inversion-historica-para-el-presente-y-futuro-de-la-ciudad\/#breadcrumb"},"inLanguage":"es","potentialAction":[{"@type":"ReadAction","target":["https:\/\/noticiasmercedinas.com\/site\/2023\/07\/11\/ampliacion-de-la-planta-depuradora-una-inversion-historica-para-el-presente-y-futuro-de-la-ciudad\/"]}]},{"@type":"ImageObject","inLanguage":"es","@id":"https:\/\/noticiasmercedinas.com\/site\/2023\/07\/11\/ampliacion-de-la-planta-depuradora-una-inversion-historica-para-el-presente-y-futuro-de-la-ciudad\/#primaryimage","url":"https:\/\/noticiasmercedinas.com\/site\/wp-content\/uploads\/2023\/07\/Ustarroz-NuevaPlantaDepuradora.jpeg","contentUrl":"https:\/\/noticiasmercedinas.com\/site\/wp-content\/uploads\/2023\/07\/Ustarroz-NuevaPlantaDepuradora.jpeg","width":1319,"height":879},{"@type":"BreadcrumbList","@id":"https:\/\/noticiasmercedinas.com\/site\/2023\/07\/11\/ampliacion-de-la-planta-depuradora-una-inversion-historica-para-el-presente-y-futuro-de-la-ciudad\/#breadcrumb","itemListElement":[{"@type":"ListItem","position":1,"name":"Portada","item":"https:\/\/noticiasmercedinas.com\/site\/"},{"@type":"ListItem","position":2,"name":"Ampliaci\u00f3n de la Planta Depuradora: una inversi\u00f3n hist\u00f3rica para el presente y futuro de la ciudad"}]},{"@type":"WebSite","@id":"https:\/\/noticiasmercedinas.com\/site\/#website","url":"https:\/\/noticiasmercedinas.com\/site\/","name":"NOTICIASMERCEDINAS.COM","description":"Mercedes, Buenos Aires, Argentina","publisher":{"@id":"https:\/\/noticiasmercedinas.com\/site\/#organization"},"potentialAction":[{"@type":"SearchAction","target":{"@type":"EntryPoint","urlTemplate":"https:\/\/noticiasmercedinas.com\/site\/?s={search_term_string}"},"query-input":{"@type":"PropertyValueSpecification","valueRequired":true,"valueName":"search_term_string"}}],"inLanguage":"es"},{"@type":"Organization","@id":"https:\/\/noticiasmercedinas.com\/site\/#organization","name":"NOTICIASMERCEDINAS.COM","url":"https:\/\/noticiasmercedinas.com\/site\/","logo":{"@type":"ImageObject","inLanguage":"es","@id":"https:\/\/noticiasmercedinas.com\/site\/#\/schema\/logo\/image\/","url":"https:\/\/noticiasmercedinas.com\/site\/wp-content\/uploads\/2020\/06\/LOGO-512.jpg","contentUrl":"https:\/\/noticiasmercedinas.com\/site\/wp-content\/uploads\/2020\/06\/LOGO-512.jpg","width":512,"height":512,"caption":"NOTICIASMERCEDINAS.COM"},"image":{"@id":"https:\/\/noticiasmercedinas.com\/site\/#\/schema\/logo\/image\/"},"sameAs":["https:\/\/www.facebook.com\/noticiasmercedinas\/","https:\/\/x.com\/notmercedinas","https:\/\/www.instagram.com\/noticiasmercedinas\/"]},{"@type":"Person","@id":"https:\/\/noticiasmercedinas.com\/site\/#\/schema\/person\/84b59c099c28ff2e8b77d4ceec5d8063","name":"NOTICIASMERCEDINAS.COM","image":{"@type":"ImageObject","inLanguage":"es","@id":"https:\/\/secure.gravatar.com\/avatar\/4dfbf16b4d17945bfb6341b2d19043457132fcf478a5ee04f42e959fd8f5df0a?s=96&d=mm&r=g","url":"https:\/\/secure.gravatar.com\/avatar\/4dfbf16b4d17945bfb6341b2d19043457132fcf478a5ee04f42e959fd8f5df0a?s=96&d=mm&r=g","contentUrl":"https:\/\/secure.gravatar.com\/avatar\/4dfbf16b4d17945bfb6341b2d19043457132fcf478a5ee04f42e959fd8f5df0a?s=96&d=mm&r=g","caption":"NOTICIASMERCEDINAS.COM"},"url":"https:\/\/noticiasmercedinas.com\/site\/author\/anonimo\/"}]}},"amp_enabled":true,"_links":{"self":[{"href":"https:\/\/noticiasmercedinas.com\/site\/wp-json\/wp\/v2\/posts\/118827","targetHints":{"allow":["GET"]}}],"collection":[{"href":"https:\/\/noticiasmercedinas.com\/site\/wp-json\/wp\/v2\/posts"}],"about":[{"href":"https:\/\/noticiasmercedinas.com\/site\/wp-json\/wp\/v2\/types\/post"}],"author":[{"embeddable":true,"href":"https:\/\/noticiasmercedinas.com\/site\/wp-json\/wp\/v2\/users\/16"}],"replies":[{"embeddable":true,"href":"https:\/\/noticiasmercedinas.com\/site\/wp-json\/wp\/v2\/comments?post=118827"}],"version-history":[{"count":3,"href":"https:\/\/noticiasmercedinas.com\/site\/wp-json\/wp\/v2\/posts\/118827\/revisions"}],"predecessor-version":[{"id":118831,"href":"https:\/\/noticiasmercedinas.com\/site\/wp-json\/wp\/v2\/posts\/118827\/revisions\/118831"}],"wp:featuredmedia":[{"embeddable":true,"href":"https:\/\/noticiasmercedinas.com\/site\/wp-json\/wp\/v2\/media\/118828"}],"wp:attachment":[{"href":"https:\/\/noticiasmercedinas.com\/site\/wp-json\/wp\/v2\/media?parent=118827"}],"wp:term":[{"taxonomy":"category","embeddable":true,"href":"https:\/\/noticiasmercedinas.com\/site\/wp-json\/wp\/v2\/categories?post=118827"},{"taxonomy":"post_tag","embeddable":true,"href":"https:\/\/noticiasmercedinas.com\/site\/wp-json\/wp\/v2\/tags?post=118827"}],"curies":[{"name":"wp","href":"https:\/\/api.w.org\/{rel}","templated":true}]}}