{"id":119068,"date":"2023-07-14T19:30:26","date_gmt":"2023-07-14T22:30:26","guid":{"rendered":"https:\/\/noticiasmercedinas.com\/site\/?p=119068"},"modified":"2023-07-14T19:30:26","modified_gmt":"2023-07-14T22:30:26","slug":"ensenada-el-lugar-para-cambaceres-y-club-mercedes","status":"publish","type":"post","link":"https:\/\/noticiasmercedinas.com\/site\/2023\/07\/14\/ensenada-el-lugar-para-cambaceres-y-club-mercedes\/","title":{"rendered":"Ensenada el lugar para Cambaceres y Club Mercedes"},"content":{"rendered":"<figure id=\"attachment_119069\" aria-describedby=\"caption-attachment-119069\" style=\"width: 640px\" class=\"wp-caption alignnone\"><img loading=\"lazy\" decoding=\"async\" class=\"wp-image-119069 size-full\" src=\"https:\/\/noticiasmercedinas.com\/site\/wp-content\/uploads\/2023\/07\/IMG_4877.jpg\" alt=\"\" width=\"640\" height=\"394\" srcset=\"https:\/\/noticiasmercedinas.com\/site\/wp-content\/uploads\/2023\/07\/IMG_4877.jpg 640w, https:\/\/noticiasmercedinas.com\/site\/wp-content\/uploads\/2023\/07\/IMG_4877-300x185.jpg 300w\" sizes=\"auto, (max-width: 640px) 100vw, 640px\" \/><figcaption id=\"caption-attachment-119069\" class=\"wp-caption-text\">Cambaceres y Mercedes juegan este s\u00e1bado.<\/figcaption><\/figure>\n<p>Esta tarde comenz\u00f3 fecha 7 de la Primera D, el libre es el Deportivo Paraguayo y en cancha de Ituzaing\u00f3, el que fue local, Centro Espa\u00f1ol lo perd\u00eda para terminar d\u00e1ndolo vuelta frente a Juventud con un 2 a 1. De esta manera el equipo dirigido por Diego Herrero queda como \u00fanico puntero de la categor\u00eda.<\/p>\n<p>La continuidad del f\u00fatbol de ascenso de la AFA ser\u00e1 este s\u00e1bado 15 y en uno de los dos partidos estar\u00e1 present\u00e1ndose Club Mercedes en Ensenada ante Defensores de Cambaceres. Se repetir\u00e1 la ausencia de Ignacio Rodr\u00edguez al que le hab\u00edan dado 2 fechas de suspensi\u00f3n y reci\u00e9n cumplir\u00e1 ante el \u201cRojo\u201d para poder reaparecer frente a El Porvenir en la Liga.<\/p>\n<p>El \u201cBlanquinegro\u201d viene de ganarle a Deportivo Mu\u00f1iz en H\u00e9roes de Malvinas y 64 por 3 a 2 y lleva cosechados en el Segundo Torneo 6 puntos. En tanto Cambaceres perdi\u00f3 en su visita a Argentino en Rosario y acumula 7 unidades en el certamen. El historial marca un 1 a 1 en Mercedes en el Primer Torneo, el 2022 dej\u00f3 un 3-0 para Cambaceres en Ensenada y un 2-0 del \u201cBlanquinegro\u201d en la Liga.<\/p>\n<p>En medio de una semana de lluvia los entrenamientos se repartieron m\u00e1s bajo techo que en el exterior, convocando el DT Walter D\u00edaz a: Gonzalo Boragno, Juan Pedro Gatti, Thomas Schenone, Alexis Grzesiak, Laureano Torres, Blas de los Santos, Rodrigo Scarnatto, Mat\u00edas L\u00f3pez, Nahuel Menseguez, Tom\u00e1s Chaparro, Franco Gatti, Rodrigo Nicasio, Domingo de Paola, Genaro S\u00e1nchez Olmos, Franco Cruz, Santiago Romagnoli, Juan Manuel Culio, El\u00edas Vel\u00e1zquez y Agust\u00edn Fern\u00e1ndez.<\/p>\n<p>Una lesi\u00f3n lo deja afuera de la convocatoria al volante central Ismael Illanes, el plantel se reunir\u00e1 a las 10 en el campo de deportes para desayunar 10.30 y a las 11.30 emprender viaje a Ensenada. El almuerzo est\u00e1 previsto para la hora 13.15.<\/p>\n<p><strong>Resultado<\/strong><br \/>\n<strong>Centro Espa\u00f1ol 2:<\/strong> Nahuel La Sala y Jorge Rosas Quintero.<br \/>\n<strong>Juventud Unida 1:<\/strong> Santiago Kojro.<\/p>\n<p><img loading=\"lazy\" decoding=\"async\" class=\"alignnone size-full wp-image-119070\" src=\"https:\/\/noticiasmercedinas.com\/site\/wp-content\/uploads\/2023\/07\/Primera-D-6.jpg\" alt=\"\" width=\"640\" height=\"364\" srcset=\"https:\/\/noticiasmercedinas.com\/site\/wp-content\/uploads\/2023\/07\/Primera-D-6.jpg 640w, https:\/\/noticiasmercedinas.com\/site\/wp-content\/uploads\/2023\/07\/Primera-D-6-300x171.jpg 300w\" sizes=\"auto, (max-width: 640px) 100vw, 640px\" \/><br \/>\n<strong><br \/>\nS\u00e1bado 15<\/strong><br \/>\nA las 15.30 Defensores de Cambaceres vs. Club Mercedes.<br \/>\n<strong>\u00c1rbitro:<\/strong> Diego Torres.<br \/>\n<strong>Asistente 1:<\/strong> Juan Etchepare.<br \/>\n<strong>Asistente 2:<\/strong> Alexis Escobar.<br \/>\n<strong>Cuarto \u00e1rbitro:<\/strong> Mart\u00edn Morenza.<\/p>\n<p><strong>Cancha:<\/strong> Atlas.<br \/>\nA las 15.30 Mu\u00f1iz vs. Central Ballester<br \/>\n<strong>\u00c1rbitro:<\/strong> Jes\u00fas Girett.<\/p>\n<p><strong>Domingo 16<br \/>\n<\/strong>A las 15.30 Lugano vs. Sportivo Barracas.<br \/>\n<strong>\u00c1rbitro:<\/strong> Gabriel Flores.<\/p>\n<p><strong>Lunes 17<\/strong><br \/>\nA las 15.30 El Porvenir vs. Argentino (Rosario).<br \/>\n<strong>\u00c1rbitro: <\/strong>Joaqu\u00edn Rodr\u00edguez.<\/p>\n","protected":false},"excerpt":{"rendered":"<p>\u25a0 El 12 de Octubre espera por el cruce de la Primera D que ser\u00e1 este s\u00e1bado 15. La s\u00e9ptima fecha comenz\u00f3 este viernes 14 para culminar el lunes 17 con el partido televisado. Libre quedar\u00e1 el Deportivo Paraguayo. <\/p>\n","protected":false},"author":6,"featured_media":119069,"comment_status":"closed","ping_status":"closed","sticky":false,"template":"","format":"standard","meta":{"footnotes":""},"categories":[5],"tags":[6424,135,14747,11935],"class_list":["post-119068","post","type-post","status-publish","format-standard","has-post-thumbnail","hentry","category-deportes","tag-afa","tag-club-mercedes","tag-defensores-de-cambaceres","tag-primera-d"],"yoast_head":"<!-- This site is optimized with the Yoast SEO plugin v27.5 - https:\/\/yoast.com\/product\/yoast-seo-wordpress\/ -->\n<title>Ensenada el lugar para Cambaceres y Club Mercedes<\/title>\n<meta name=\"robots\" content=\"index, follow, max-snippet:-1, max-image-preview:large, max-video-preview:-1\" \/>\n<link rel=\"canonical\" href=\"https:\/\/noticiasmercedinas.com\/site\/2023\/07\/14\/ensenada-el-lugar-para-cambaceres-y-club-mercedes\/\" \/>\n<meta property=\"og:locale\" content=\"es_ES\" \/>\n<meta property=\"og:type\" content=\"article\" \/>\n<meta property=\"og:title\" content=\"Ensenada el lugar para Cambaceres y Club Mercedes\" \/>\n<meta property=\"og:description\" content=\"\u25a0 El 12 de Octubre espera por el cruce de la Primera D que ser\u00e1 este s\u00e1bado 15. La s\u00e9ptima fecha comenz\u00f3 este viernes 14 para culminar el lunes 17 con el partido televisado. Libre quedar\u00e1 el Deportivo Paraguayo.\" \/>\n<meta property=\"og:url\" content=\"https:\/\/noticiasmercedinas.com\/site\/2023\/07\/14\/ensenada-el-lugar-para-cambaceres-y-club-mercedes\/\" \/>\n<meta property=\"og:site_name\" content=\"NOTICIASMERCEDINAS.COM\" \/>\n<meta property=\"article:publisher\" content=\"https:\/\/www.facebook.com\/noticiasmercedinas\/\" \/>\n<meta property=\"article:published_time\" content=\"2023-07-14T22:30:26+00:00\" \/>\n<meta property=\"og:image\" content=\"https:\/\/noticiasmercedinas.com\/site\/wp-content\/uploads\/2023\/07\/IMG_4877.jpg\" \/>\n\t<meta property=\"og:image:width\" content=\"640\" \/>\n\t<meta property=\"og:image:height\" content=\"394\" \/>\n\t<meta property=\"og:image:type\" content=\"image\/jpeg\" \/>\n<meta name=\"author\" content=\"Juan Dagnino NOTICIASMERCEDINAS.COM\" \/>\n<meta name=\"twitter:card\" content=\"summary_large_image\" \/>\n<meta name=\"twitter:creator\" content=\"@notmercedinas\" \/>\n<meta name=\"twitter:site\" content=\"@notmercedinas\" \/>\n<meta name=\"twitter:label1\" content=\"Escrito por\" \/>\n\t<meta name=\"twitter:data1\" content=\"Juan Dagnino NOTICIASMERCEDINAS.COM\" \/>\n\t<meta name=\"twitter:label2\" content=\"Tiempo de lectura\" \/>\n\t<meta name=\"twitter:data2\" content=\"3 minutos\" \/>\n<script type=\"application\/ld+json\" class=\"yoast-schema-graph\">{\"@context\":\"https:\\\/\\\/schema.org\",\"@graph\":[{\"@type\":\"Article\",\"@id\":\"https:\\\/\\\/noticiasmercedinas.com\\\/site\\\/2023\\\/07\\\/14\\\/ensenada-el-lugar-para-cambaceres-y-club-mercedes\\\/#article\",\"isPartOf\":{\"@id\":\"https:\\\/\\\/noticiasmercedinas.com\\\/site\\\/2023\\\/07\\\/14\\\/ensenada-el-lugar-para-cambaceres-y-club-mercedes\\\/\"},\"author\":{\"name\":\"Juan Dagnino NOTICIASMERCEDINAS.COM\",\"@id\":\"https:\\\/\\\/noticiasmercedinas.com\\\/site\\\/#\\\/schema\\\/person\\\/8f2f09d666ef40986eba4a5e6f2a06f9\"},\"headline\":\"Ensenada el lugar para Cambaceres y Club Mercedes\",\"datePublished\":\"2023-07-14T22:30:26+00:00\",\"mainEntityOfPage\":{\"@id\":\"https:\\\/\\\/noticiasmercedinas.com\\\/site\\\/2023\\\/07\\\/14\\\/ensenada-el-lugar-para-cambaceres-y-club-mercedes\\\/\"},\"wordCount\":410,\"publisher\":{\"@id\":\"https:\\\/\\\/noticiasmercedinas.com\\\/site\\\/#organization\"},\"image\":{\"@id\":\"https:\\\/\\\/noticiasmercedinas.com\\\/site\\\/2023\\\/07\\\/14\\\/ensenada-el-lugar-para-cambaceres-y-club-mercedes\\\/#primaryimage\"},\"thumbnailUrl\":\"https:\\\/\\\/noticiasmercedinas.com\\\/site\\\/wp-content\\\/uploads\\\/2023\\\/07\\\/IMG_4877.jpg\",\"keywords\":[\"AFA\",\"club mercedes\",\"Defensores de Cambaceres\",\"Primera D\"],\"articleSection\":[\"Deportes\"],\"inLanguage\":\"es\"},{\"@type\":\"WebPage\",\"@id\":\"https:\\\/\\\/noticiasmercedinas.com\\\/site\\\/2023\\\/07\\\/14\\\/ensenada-el-lugar-para-cambaceres-y-club-mercedes\\\/\",\"url\":\"https:\\\/\\\/noticiasmercedinas.com\\\/site\\\/2023\\\/07\\\/14\\\/ensenada-el-lugar-para-cambaceres-y-club-mercedes\\\/\",\"name\":\"Ensenada el lugar para Cambaceres y Club Mercedes\",\"isPartOf\":{\"@id\":\"https:\\\/\\\/noticiasmercedinas.com\\\/site\\\/#website\"},\"primaryImageOfPage\":{\"@id\":\"https:\\\/\\\/noticiasmercedinas.com\\\/site\\\/2023\\\/07\\\/14\\\/ensenada-el-lugar-para-cambaceres-y-club-mercedes\\\/#primaryimage\"},\"image\":{\"@id\":\"https:\\\/\\\/noticiasmercedinas.com\\\/site\\\/2023\\\/07\\\/14\\\/ensenada-el-lugar-para-cambaceres-y-club-mercedes\\\/#primaryimage\"},\"thumbnailUrl\":\"https:\\\/\\\/noticiasmercedinas.com\\\/site\\\/wp-content\\\/uploads\\\/2023\\\/07\\\/IMG_4877.jpg\",\"datePublished\":\"2023-07-14T22:30:26+00:00\",\"breadcrumb\":{\"@id\":\"https:\\\/\\\/noticiasmercedinas.com\\\/site\\\/2023\\\/07\\\/14\\\/ensenada-el-lugar-para-cambaceres-y-club-mercedes\\\/#breadcrumb\"},\"inLanguage\":\"es\",\"potentialAction\":[{\"@type\":\"ReadAction\",\"target\":[\"https:\\\/\\\/noticiasmercedinas.com\\\/site\\\/2023\\\/07\\\/14\\\/ensenada-el-lugar-para-cambaceres-y-club-mercedes\\\/\"]}]},{\"@type\":\"ImageObject\",\"inLanguage\":\"es\",\"@id\":\"https:\\\/\\\/noticiasmercedinas.com\\\/site\\\/2023\\\/07\\\/14\\\/ensenada-el-lugar-para-cambaceres-y-club-mercedes\\\/#primaryimage\",\"url\":\"https:\\\/\\\/noticiasmercedinas.com\\\/site\\\/wp-content\\\/uploads\\\/2023\\\/07\\\/IMG_4877.jpg\",\"contentUrl\":\"https:\\\/\\\/noticiasmercedinas.com\\\/site\\\/wp-content\\\/uploads\\\/2023\\\/07\\\/IMG_4877.jpg\",\"width\":640,\"height\":394},{\"@type\":\"BreadcrumbList\",\"@id\":\"https:\\\/\\\/noticiasmercedinas.com\\\/site\\\/2023\\\/07\\\/14\\\/ensenada-el-lugar-para-cambaceres-y-club-mercedes\\\/#breadcrumb\",\"itemListElement\":[{\"@type\":\"ListItem\",\"position\":1,\"name\":\"Portada\",\"item\":\"https:\\\/\\\/noticiasmercedinas.com\\\/site\\\/\"},{\"@type\":\"ListItem\",\"position\":2,\"name\":\"Ensenada el lugar para Cambaceres y Club Mercedes\"}]},{\"@type\":\"WebSite\",\"@id\":\"https:\\\/\\\/noticiasmercedinas.com\\\/site\\\/#website\",\"url\":\"https:\\\/\\\/noticiasmercedinas.com\\\/site\\\/\",\"name\":\"NOTICIASMERCEDINAS.COM\",\"description\":\"Mercedes, Buenos Aires, Argentina\",\"publisher\":{\"@id\":\"https:\\\/\\\/noticiasmercedinas.com\\\/site\\\/#organization\"},\"potentialAction\":[{\"@type\":\"SearchAction\",\"target\":{\"@type\":\"EntryPoint\",\"urlTemplate\":\"https:\\\/\\\/noticiasmercedinas.com\\\/site\\\/?s={search_term_string}\"},\"query-input\":{\"@type\":\"PropertyValueSpecification\",\"valueRequired\":true,\"valueName\":\"search_term_string\"}}],\"inLanguage\":\"es\"},{\"@type\":\"Organization\",\"@id\":\"https:\\\/\\\/noticiasmercedinas.com\\\/site\\\/#organization\",\"name\":\"NOTICIASMERCEDINAS.COM\",\"url\":\"https:\\\/\\\/noticiasmercedinas.com\\\/site\\\/\",\"logo\":{\"@type\":\"ImageObject\",\"inLanguage\":\"es\",\"@id\":\"https:\\\/\\\/noticiasmercedinas.com\\\/site\\\/#\\\/schema\\\/logo\\\/image\\\/\",\"url\":\"https:\\\/\\\/noticiasmercedinas.com\\\/site\\\/wp-content\\\/uploads\\\/2020\\\/06\\\/LOGO-512.jpg\",\"contentUrl\":\"https:\\\/\\\/noticiasmercedinas.com\\\/site\\\/wp-content\\\/uploads\\\/2020\\\/06\\\/LOGO-512.jpg\",\"width\":512,\"height\":512,\"caption\":\"NOTICIASMERCEDINAS.COM\"},\"image\":{\"@id\":\"https:\\\/\\\/noticiasmercedinas.com\\\/site\\\/#\\\/schema\\\/logo\\\/image\\\/\"},\"sameAs\":[\"https:\\\/\\\/www.facebook.com\\\/noticiasmercedinas\\\/\",\"https:\\\/\\\/x.com\\\/notmercedinas\",\"https:\\\/\\\/www.instagram.com\\\/noticiasmercedinas\\\/\"]},{\"@type\":\"Person\",\"@id\":\"https:\\\/\\\/noticiasmercedinas.com\\\/site\\\/#\\\/schema\\\/person\\\/8f2f09d666ef40986eba4a5e6f2a06f9\",\"name\":\"Juan Dagnino NOTICIASMERCEDINAS.COM\",\"image\":{\"@type\":\"ImageObject\",\"inLanguage\":\"es\",\"@id\":\"https:\\\/\\\/secure.gravatar.com\\\/avatar\\\/fc7059a769f5a3cae65fadb228a3e4accf3a64b4b2305020d0a27e6d5333c91b?s=96&d=mm&r=g\",\"url\":\"https:\\\/\\\/secure.gravatar.com\\\/avatar\\\/fc7059a769f5a3cae65fadb228a3e4accf3a64b4b2305020d0a27e6d5333c91b?s=96&d=mm&r=g\",\"contentUrl\":\"https:\\\/\\\/secure.gravatar.com\\\/avatar\\\/fc7059a769f5a3cae65fadb228a3e4accf3a64b4b2305020d0a27e6d5333c91b?s=96&d=mm&r=g\",\"caption\":\"Juan Dagnino NOTICIASMERCEDINAS.COM\"},\"url\":\"https:\\\/\\\/noticiasmercedinas.com\\\/site\\\/author\\\/juandagnino\\\/\"}]}<\/script>\n<!-- \/ Yoast SEO plugin. -->","yoast_head_json":{"title":"Ensenada el lugar para Cambaceres y Club Mercedes","robots":{"index":"index","follow":"follow","max-snippet":"max-snippet:-1","max-image-preview":"max-image-preview:large","max-video-preview":"max-video-preview:-1"},"canonical":"https:\/\/noticiasmercedinas.com\/site\/2023\/07\/14\/ensenada-el-lugar-para-cambaceres-y-club-mercedes\/","og_locale":"es_ES","og_type":"article","og_title":"Ensenada el lugar para Cambaceres y Club Mercedes","og_description":"\u25a0 El 12 de Octubre espera por el cruce de la Primera D que ser\u00e1 este s\u00e1bado 15. La s\u00e9ptima fecha comenz\u00f3 este viernes 14 para culminar el lunes 17 con el partido televisado. Libre quedar\u00e1 el Deportivo Paraguayo.","og_url":"https:\/\/noticiasmercedinas.com\/site\/2023\/07\/14\/ensenada-el-lugar-para-cambaceres-y-club-mercedes\/","og_site_name":"NOTICIASMERCEDINAS.COM","article_publisher":"https:\/\/www.facebook.com\/noticiasmercedinas\/","article_published_time":"2023-07-14T22:30:26+00:00","og_image":[{"width":640,"height":394,"url":"https:\/\/noticiasmercedinas.com\/site\/wp-content\/uploads\/2023\/07\/IMG_4877.jpg","type":"image\/jpeg"}],"author":"Juan Dagnino NOTICIASMERCEDINAS.COM","twitter_card":"summary_large_image","twitter_creator":"@notmercedinas","twitter_site":"@notmercedinas","twitter_misc":{"Escrito por":"Juan Dagnino NOTICIASMERCEDINAS.COM","Tiempo de lectura":"3 minutos"},"schema":{"@context":"https:\/\/schema.org","@graph":[{"@type":"Article","@id":"https:\/\/noticiasmercedinas.com\/site\/2023\/07\/14\/ensenada-el-lugar-para-cambaceres-y-club-mercedes\/#article","isPartOf":{"@id":"https:\/\/noticiasmercedinas.com\/site\/2023\/07\/14\/ensenada-el-lugar-para-cambaceres-y-club-mercedes\/"},"author":{"name":"Juan Dagnino NOTICIASMERCEDINAS.COM","@id":"https:\/\/noticiasmercedinas.com\/site\/#\/schema\/person\/8f2f09d666ef40986eba4a5e6f2a06f9"},"headline":"Ensenada el lugar para Cambaceres y Club Mercedes","datePublished":"2023-07-14T22:30:26+00:00","mainEntityOfPage":{"@id":"https:\/\/noticiasmercedinas.com\/site\/2023\/07\/14\/ensenada-el-lugar-para-cambaceres-y-club-mercedes\/"},"wordCount":410,"publisher":{"@id":"https:\/\/noticiasmercedinas.com\/site\/#organization"},"image":{"@id":"https:\/\/noticiasmercedinas.com\/site\/2023\/07\/14\/ensenada-el-lugar-para-cambaceres-y-club-mercedes\/#primaryimage"},"thumbnailUrl":"https:\/\/noticiasmercedinas.com\/site\/wp-content\/uploads\/2023\/07\/IMG_4877.jpg","keywords":["AFA","club mercedes","Defensores de Cambaceres","Primera D"],"articleSection":["Deportes"],"inLanguage":"es"},{"@type":"WebPage","@id":"https:\/\/noticiasmercedinas.com\/site\/2023\/07\/14\/ensenada-el-lugar-para-cambaceres-y-club-mercedes\/","url":"https:\/\/noticiasmercedinas.com\/site\/2023\/07\/14\/ensenada-el-lugar-para-cambaceres-y-club-mercedes\/","name":"Ensenada el lugar para Cambaceres y Club Mercedes","isPartOf":{"@id":"https:\/\/noticiasmercedinas.com\/site\/#website"},"primaryImageOfPage":{"@id":"https:\/\/noticiasmercedinas.com\/site\/2023\/07\/14\/ensenada-el-lugar-para-cambaceres-y-club-mercedes\/#primaryimage"},"image":{"@id":"https:\/\/noticiasmercedinas.com\/site\/2023\/07\/14\/ensenada-el-lugar-para-cambaceres-y-club-mercedes\/#primaryimage"},"thumbnailUrl":"https:\/\/noticiasmercedinas.com\/site\/wp-content\/uploads\/2023\/07\/IMG_4877.jpg","datePublished":"2023-07-14T22:30:26+00:00","breadcrumb":{"@id":"https:\/\/noticiasmercedinas.com\/site\/2023\/07\/14\/ensenada-el-lugar-para-cambaceres-y-club-mercedes\/#breadcrumb"},"inLanguage":"es","potentialAction":[{"@type":"ReadAction","target":["https:\/\/noticiasmercedinas.com\/site\/2023\/07\/14\/ensenada-el-lugar-para-cambaceres-y-club-mercedes\/"]}]},{"@type":"ImageObject","inLanguage":"es","@id":"https:\/\/noticiasmercedinas.com\/site\/2023\/07\/14\/ensenada-el-lugar-para-cambaceres-y-club-mercedes\/#primaryimage","url":"https:\/\/noticiasmercedinas.com\/site\/wp-content\/uploads\/2023\/07\/IMG_4877.jpg","contentUrl":"https:\/\/noticiasmercedinas.com\/site\/wp-content\/uploads\/2023\/07\/IMG_4877.jpg","width":640,"height":394},{"@type":"BreadcrumbList","@id":"https:\/\/noticiasmercedinas.com\/site\/2023\/07\/14\/ensenada-el-lugar-para-cambaceres-y-club-mercedes\/#breadcrumb","itemListElement":[{"@type":"ListItem","position":1,"name":"Portada","item":"https:\/\/noticiasmercedinas.com\/site\/"},{"@type":"ListItem","position":2,"name":"Ensenada el lugar para Cambaceres y Club Mercedes"}]},{"@type":"WebSite","@id":"https:\/\/noticiasmercedinas.com\/site\/#website","url":"https:\/\/noticiasmercedinas.com\/site\/","name":"NOTICIASMERCEDINAS.COM","description":"Mercedes, Buenos Aires, Argentina","publisher":{"@id":"https:\/\/noticiasmercedinas.com\/site\/#organization"},"potentialAction":[{"@type":"SearchAction","target":{"@type":"EntryPoint","urlTemplate":"https:\/\/noticiasmercedinas.com\/site\/?s={search_term_string}"},"query-input":{"@type":"PropertyValueSpecification","valueRequired":true,"valueName":"search_term_string"}}],"inLanguage":"es"},{"@type":"Organization","@id":"https:\/\/noticiasmercedinas.com\/site\/#organization","name":"NOTICIASMERCEDINAS.COM","url":"https:\/\/noticiasmercedinas.com\/site\/","logo":{"@type":"ImageObject","inLanguage":"es","@id":"https:\/\/noticiasmercedinas.com\/site\/#\/schema\/logo\/image\/","url":"https:\/\/noticiasmercedinas.com\/site\/wp-content\/uploads\/2020\/06\/LOGO-512.jpg","contentUrl":"https:\/\/noticiasmercedinas.com\/site\/wp-content\/uploads\/2020\/06\/LOGO-512.jpg","width":512,"height":512,"caption":"NOTICIASMERCEDINAS.COM"},"image":{"@id":"https:\/\/noticiasmercedinas.com\/site\/#\/schema\/logo\/image\/"},"sameAs":["https:\/\/www.facebook.com\/noticiasmercedinas\/","https:\/\/x.com\/notmercedinas","https:\/\/www.instagram.com\/noticiasmercedinas\/"]},{"@type":"Person","@id":"https:\/\/noticiasmercedinas.com\/site\/#\/schema\/person\/8f2f09d666ef40986eba4a5e6f2a06f9","name":"Juan Dagnino NOTICIASMERCEDINAS.COM","image":{"@type":"ImageObject","inLanguage":"es","@id":"https:\/\/secure.gravatar.com\/avatar\/fc7059a769f5a3cae65fadb228a3e4accf3a64b4b2305020d0a27e6d5333c91b?s=96&d=mm&r=g","url":"https:\/\/secure.gravatar.com\/avatar\/fc7059a769f5a3cae65fadb228a3e4accf3a64b4b2305020d0a27e6d5333c91b?s=96&d=mm&r=g","contentUrl":"https:\/\/secure.gravatar.com\/avatar\/fc7059a769f5a3cae65fadb228a3e4accf3a64b4b2305020d0a27e6d5333c91b?s=96&d=mm&r=g","caption":"Juan Dagnino NOTICIASMERCEDINAS.COM"},"url":"https:\/\/noticiasmercedinas.com\/site\/author\/juandagnino\/"}]}},"amp_enabled":true,"_links":{"self":[{"href":"https:\/\/noticiasmercedinas.com\/site\/wp-json\/wp\/v2\/posts\/119068","targetHints":{"allow":["GET"]}}],"collection":[{"href":"https:\/\/noticiasmercedinas.com\/site\/wp-json\/wp\/v2\/posts"}],"about":[{"href":"https:\/\/noticiasmercedinas.com\/site\/wp-json\/wp\/v2\/types\/post"}],"author":[{"embeddable":true,"href":"https:\/\/noticiasmercedinas.com\/site\/wp-json\/wp\/v2\/users\/6"}],"replies":[{"embeddable":true,"href":"https:\/\/noticiasmercedinas.com\/site\/wp-json\/wp\/v2\/comments?post=119068"}],"version-history":[{"count":1,"href":"https:\/\/noticiasmercedinas.com\/site\/wp-json\/wp\/v2\/posts\/119068\/revisions"}],"predecessor-version":[{"id":119071,"href":"https:\/\/noticiasmercedinas.com\/site\/wp-json\/wp\/v2\/posts\/119068\/revisions\/119071"}],"wp:featuredmedia":[{"embeddable":true,"href":"https:\/\/noticiasmercedinas.com\/site\/wp-json\/wp\/v2\/media\/119069"}],"wp:attachment":[{"href":"https:\/\/noticiasmercedinas.com\/site\/wp-json\/wp\/v2\/media?parent=119068"}],"wp:term":[{"taxonomy":"category","embeddable":true,"href":"https:\/\/noticiasmercedinas.com\/site\/wp-json\/wp\/v2\/categories?post=119068"},{"taxonomy":"post_tag","embeddable":true,"href":"https:\/\/noticiasmercedinas.com\/site\/wp-json\/wp\/v2\/tags?post=119068"}],"curies":[{"name":"wp","href":"https:\/\/api.w.org\/{rel}","templated":true}]}}