{"id":119135,"date":"2023-07-15T19:41:10","date_gmt":"2023-07-15T22:41:10","guid":{"rendered":"https:\/\/noticiasmercedinas.com\/site\/?p=119135"},"modified":"2023-07-15T20:27:13","modified_gmt":"2023-07-15T23:27:13","slug":"un-resultado-que-no-marca-lo-sucedido","status":"publish","type":"post","link":"https:\/\/noticiasmercedinas.com\/site\/2023\/07\/15\/un-resultado-que-no-marca-lo-sucedido\/","title":{"rendered":"Un resultado que no marca lo sucedido"},"content":{"rendered":"<figure id=\"attachment_119136\" aria-describedby=\"caption-attachment-119136\" style=\"width: 640px\" class=\"wp-caption alignnone\"><img loading=\"lazy\" decoding=\"async\" class=\"wp-image-119136 size-full\" src=\"https:\/\/noticiasmercedinas.com\/site\/wp-content\/uploads\/2023\/07\/mc.jpg\" alt=\"\" width=\"640\" height=\"427\" srcset=\"https:\/\/noticiasmercedinas.com\/site\/wp-content\/uploads\/2023\/07\/mc.jpg 640w, https:\/\/noticiasmercedinas.com\/site\/wp-content\/uploads\/2023\/07\/mc-300x200.jpg 300w\" sizes=\"auto, (max-width: 640px) 100vw, 640px\" \/><figcaption id=\"caption-attachment-119136\" class=\"wp-caption-text\">Romagnoli, fue titular ante Cambaceres. (Foto Lautaro Riolfo)<\/figcaption><\/figure>\n<p>Este s\u00e1bado 15 por la s\u00e9ptima fecha de la Primera D se present\u00f3 Club Mercedes en Ensenada ante Defensores de Cambaceres, un cruce que ten\u00eda su expectativa y al cabo de los 90\u2019 termin\u00f3 favorecido el \u201cRojo\u201d que tuvo que multiplicarse reencaminarse en el torneo tras venir de perder en Rosario.<\/p>\n<p>El \u201cBlanquinegro\u201d no aprovech\u00f3 un penal a su favor con Franco Gatti, se lo ataj\u00f3 el uno del \u201cRojo\u201d. Poco despu\u00e9s desde un tiro de esquina se vino el 1-0 con el cabezazo de Lauro, que ya estaba amonestado y en el festejo al colgarse del alambrado vio al segunda amarilla dejando a su equipo con 10 en 21\u2019.<\/p>\n<p>La primera parte se iba a terminar con el 1-0, con la idea ganar en la ofensiva Walter D\u00edaz mand\u00f3 a la cancha a Vel\u00e1zquez para salir Scarnatto que estaba amonestado. Con el correr de los minutos Cambaceres movi\u00f3 su banco y en medio de ello Mercedes se quedaba con 10 con la roja de Chaparro.<\/p>\n<p>Lo terminar\u00eda definiendo Cambaceres en una tarde donde la suerte le fue esquiva a Mercedes, tuvo un penal y si bien estaba perdiendo jug\u00f3 con un hombre m\u00e1s que no pudo aprovechar bien, luego se qued\u00f3 con 9 para terminar cayendo por 2-0 y sufrir en el final la segunda expulsi\u00f3n, Menseguez.<\/p>\n<p>Cuando parec\u00eda salir a flote, con la victoria ante Mu\u00f1iz, no pudo sumar en Ensenada y apuesta a lo que vendr\u00e1 en la Liga, un lugar donde siempre se hace fuerte dentro de la categor\u00eda. Lo visitar\u00e1 El Porvenir, en principio programado para el venidero domingo 23 desde las 15.30.<\/p>\n<p><strong>Defensores de Cambaceres 2:<\/strong> Ignacio Borzone, Gonzalo Molina, Jer\u00f3nimo Rodr\u00edguez, Ramiro Fern\u00e1ndez, Caetano Gonz\u00e1lez, Franco Ju\u00e1rez, Rodolfo Fern\u00e1ndez, Thiago lauro, Mauricio Garro, Tom\u00e1s Bravo y Mat\u00edas Villaba. <strong>DT: <\/strong>Pablo Casado. <strong>Relevos:<\/strong> Valent\u00edn Massara, Mat\u00edas Villaba y Nicol\u00e1s Le Bellot.<strong><br \/>\n<\/strong><br \/>\n<strong>Club Mercedes 0:<\/strong> Gonzalo Boragno, Juan Pedro Gatti, Thomas Schenone, Alexis Grzesiak, Laureano Torres, Blas de los Santos, Rodrigo Scarnatto, Santiago Romagnoli, Nahuel Menseguez, Tom\u00e1s Chaparro y Franco Gatti. <strong>DT:<\/strong> Walter D\u00edaz. <strong>Relevos:<\/strong> Rodrigo Nicasio, Domingo de Paola, Genaro S\u00e1nchez Olmos, Franco Cruz y Agust\u00edn Fern\u00e1ndez.<br \/>\n<strong><br \/>\nGol en el PT: <\/strong>A los 36\u2019 Lauro para Cambaceres.<br \/>\n<strong>Gol en el ST:<\/strong> A los 49\u2019 Dom\u00ednguez para Cambaceres.<strong><br \/>\nCambios: <\/strong>Mariano Coletto por Garro, Mat\u00edas Dom\u00ednguez por Fern\u00e1ndez, Tom\u00e1s Cuescueta por Bravo y Valent\u00edn Cosentino por Villaba en Defensores de Cambaceres. El\u00edas Vel\u00e1zquez por Scarnatto y Juan Manuel Culio por F. Gatti en Club Mercedes.<strong><br \/>\n\u00c1rbitro:<\/strong> Diego Torres.<br \/>\n<strong>Expulsados:<\/strong> A los 36\u2019 del PT Lauro en Cambaceres. A los 17\u2019 del ST Chaparro y a los 45\u2019 Menseguez en Club Mercedes.<br \/>\n<strong>Incidencia:<\/strong> A los 19\u2019 del PT a F. Gatti de Club Mercedes le atajaron un penal.<\/p>\n<p><strong>Resultado<\/strong><br \/>\n<strong>Mu\u00f1iz 0<\/strong>.<br \/>\n<strong>Central <\/strong><strong>Ballester 1: <\/strong>Braian Ruiz.<\/p>\n<p><strong>Domingo 16<br \/>\n<\/strong>A las 15.30 Lugano vs. Sportivo Barracas.<br \/>\n<strong>\u00c1rbitro:<\/strong> Gabriel Flores.<\/p>\n<p><strong>Lunes 17<\/strong><br \/>\nA las 15.30 El Porvenir vs. Argentino (Rosario).<br \/>\n<strong>\u00c1rbitro: <\/strong>Joaqu\u00edn Rodr\u00edguez.<\/p>\n<p><strong>Pr\u00f3xima fecha<\/strong><br \/>\nSportivo Barracas vs. Deportivo Mu\u00f1iz.<br \/>\nCentral Ballester vs. Defensores de Cambaceres.<br \/>\nClub Mercedes vs. El Porvenir.<br \/>\nArgentino de Rosario vs. Centro Espa\u00f1ol.<br \/>\nJuventud Unida vs. Deportivo Paraguayo.<br \/>\n<strong>Libre:<\/strong> Lugano.<\/p>\n","protected":false},"excerpt":{"rendered":"<p>\u25a0 Por 2-0 lo perdi\u00f3 Mercedes frente a Cambaceres en la Primera D. Tuvo un penal que le atajaron a Franco Gatti. En el momento que se puso en ventaja se qued\u00f3 con 10 \u201cRojo\u201d. Termin\u00f3 con 9 el \u201cBlanquinegro\u201d y chances como para empatarlo.<\/p>\n","protected":false},"author":6,"featured_media":119136,"comment_status":"closed","ping_status":"closed","sticky":false,"template":"","format":"standard","meta":{"footnotes":""},"categories":[5],"tags":[6424,135,11935],"class_list":["post-119135","post","type-post","status-publish","format-standard","has-post-thumbnail","hentry","category-deportes","tag-afa","tag-club-mercedes","tag-primera-d"],"yoast_head":"<!-- This site is optimized with the Yoast SEO plugin v27.5 - https:\/\/yoast.com\/product\/yoast-seo-wordpress\/ -->\n<title>Un resultado que no marca lo sucedido<\/title>\n<meta name=\"robots\" content=\"index, follow, max-snippet:-1, max-image-preview:large, max-video-preview:-1\" \/>\n<link rel=\"canonical\" href=\"https:\/\/noticiasmercedinas.com\/site\/2023\/07\/15\/un-resultado-que-no-marca-lo-sucedido\/\" \/>\n<meta property=\"og:locale\" content=\"es_ES\" \/>\n<meta property=\"og:type\" content=\"article\" \/>\n<meta property=\"og:title\" content=\"Un resultado que no marca lo sucedido\" \/>\n<meta property=\"og:description\" content=\"\u25a0 Por 2-0 lo perdi\u00f3 Mercedes frente a Cambaceres en la Primera D. Tuvo un penal que le atajaron a Franco Gatti. En el momento que se puso en ventaja se qued\u00f3 con 10 \u201cRojo\u201d. Termin\u00f3 con 9 el \u201cBlanquinegro\u201d y chances como para empatarlo.\" \/>\n<meta property=\"og:url\" content=\"https:\/\/noticiasmercedinas.com\/site\/2023\/07\/15\/un-resultado-que-no-marca-lo-sucedido\/\" \/>\n<meta property=\"og:site_name\" content=\"NOTICIASMERCEDINAS.COM\" \/>\n<meta property=\"article:publisher\" content=\"https:\/\/www.facebook.com\/noticiasmercedinas\/\" \/>\n<meta property=\"article:published_time\" content=\"2023-07-15T22:41:10+00:00\" \/>\n<meta property=\"article:modified_time\" content=\"2023-07-15T23:27:13+00:00\" \/>\n<meta property=\"og:image\" content=\"https:\/\/noticiasmercedinas.com\/site\/wp-content\/uploads\/2023\/07\/mc.jpg\" \/>\n\t<meta property=\"og:image:width\" content=\"640\" \/>\n\t<meta property=\"og:image:height\" content=\"427\" \/>\n\t<meta property=\"og:image:type\" content=\"image\/jpeg\" \/>\n<meta name=\"author\" content=\"Juan Dagnino NOTICIASMERCEDINAS.COM\" \/>\n<meta name=\"twitter:card\" content=\"summary_large_image\" \/>\n<meta name=\"twitter:creator\" content=\"@notmercedinas\" \/>\n<meta name=\"twitter:site\" content=\"@notmercedinas\" \/>\n<meta name=\"twitter:label1\" content=\"Escrito por\" \/>\n\t<meta name=\"twitter:data1\" content=\"Juan Dagnino NOTICIASMERCEDINAS.COM\" \/>\n\t<meta name=\"twitter:label2\" content=\"Tiempo de lectura\" \/>\n\t<meta name=\"twitter:data2\" content=\"3 minutos\" \/>\n<script type=\"application\/ld+json\" class=\"yoast-schema-graph\">{\"@context\":\"https:\\\/\\\/schema.org\",\"@graph\":[{\"@type\":\"Article\",\"@id\":\"https:\\\/\\\/noticiasmercedinas.com\\\/site\\\/2023\\\/07\\\/15\\\/un-resultado-que-no-marca-lo-sucedido\\\/#article\",\"isPartOf\":{\"@id\":\"https:\\\/\\\/noticiasmercedinas.com\\\/site\\\/2023\\\/07\\\/15\\\/un-resultado-que-no-marca-lo-sucedido\\\/\"},\"author\":{\"name\":\"Juan Dagnino NOTICIASMERCEDINAS.COM\",\"@id\":\"https:\\\/\\\/noticiasmercedinas.com\\\/site\\\/#\\\/schema\\\/person\\\/8f2f09d666ef40986eba4a5e6f2a06f9\"},\"headline\":\"Un resultado que no marca lo sucedido\",\"datePublished\":\"2023-07-15T22:41:10+00:00\",\"dateModified\":\"2023-07-15T23:27:13+00:00\",\"mainEntityOfPage\":{\"@id\":\"https:\\\/\\\/noticiasmercedinas.com\\\/site\\\/2023\\\/07\\\/15\\\/un-resultado-que-no-marca-lo-sucedido\\\/\"},\"wordCount\":557,\"publisher\":{\"@id\":\"https:\\\/\\\/noticiasmercedinas.com\\\/site\\\/#organization\"},\"image\":{\"@id\":\"https:\\\/\\\/noticiasmercedinas.com\\\/site\\\/2023\\\/07\\\/15\\\/un-resultado-que-no-marca-lo-sucedido\\\/#primaryimage\"},\"thumbnailUrl\":\"https:\\\/\\\/noticiasmercedinas.com\\\/site\\\/wp-content\\\/uploads\\\/2023\\\/07\\\/mc.jpg\",\"keywords\":[\"AFA\",\"club mercedes\",\"Primera D\"],\"articleSection\":[\"Deportes\"],\"inLanguage\":\"es\"},{\"@type\":\"WebPage\",\"@id\":\"https:\\\/\\\/noticiasmercedinas.com\\\/site\\\/2023\\\/07\\\/15\\\/un-resultado-que-no-marca-lo-sucedido\\\/\",\"url\":\"https:\\\/\\\/noticiasmercedinas.com\\\/site\\\/2023\\\/07\\\/15\\\/un-resultado-que-no-marca-lo-sucedido\\\/\",\"name\":\"Un resultado que no marca lo sucedido\",\"isPartOf\":{\"@id\":\"https:\\\/\\\/noticiasmercedinas.com\\\/site\\\/#website\"},\"primaryImageOfPage\":{\"@id\":\"https:\\\/\\\/noticiasmercedinas.com\\\/site\\\/2023\\\/07\\\/15\\\/un-resultado-que-no-marca-lo-sucedido\\\/#primaryimage\"},\"image\":{\"@id\":\"https:\\\/\\\/noticiasmercedinas.com\\\/site\\\/2023\\\/07\\\/15\\\/un-resultado-que-no-marca-lo-sucedido\\\/#primaryimage\"},\"thumbnailUrl\":\"https:\\\/\\\/noticiasmercedinas.com\\\/site\\\/wp-content\\\/uploads\\\/2023\\\/07\\\/mc.jpg\",\"datePublished\":\"2023-07-15T22:41:10+00:00\",\"dateModified\":\"2023-07-15T23:27:13+00:00\",\"breadcrumb\":{\"@id\":\"https:\\\/\\\/noticiasmercedinas.com\\\/site\\\/2023\\\/07\\\/15\\\/un-resultado-que-no-marca-lo-sucedido\\\/#breadcrumb\"},\"inLanguage\":\"es\",\"potentialAction\":[{\"@type\":\"ReadAction\",\"target\":[\"https:\\\/\\\/noticiasmercedinas.com\\\/site\\\/2023\\\/07\\\/15\\\/un-resultado-que-no-marca-lo-sucedido\\\/\"]}]},{\"@type\":\"ImageObject\",\"inLanguage\":\"es\",\"@id\":\"https:\\\/\\\/noticiasmercedinas.com\\\/site\\\/2023\\\/07\\\/15\\\/un-resultado-que-no-marca-lo-sucedido\\\/#primaryimage\",\"url\":\"https:\\\/\\\/noticiasmercedinas.com\\\/site\\\/wp-content\\\/uploads\\\/2023\\\/07\\\/mc.jpg\",\"contentUrl\":\"https:\\\/\\\/noticiasmercedinas.com\\\/site\\\/wp-content\\\/uploads\\\/2023\\\/07\\\/mc.jpg\",\"width\":640,\"height\":427},{\"@type\":\"BreadcrumbList\",\"@id\":\"https:\\\/\\\/noticiasmercedinas.com\\\/site\\\/2023\\\/07\\\/15\\\/un-resultado-que-no-marca-lo-sucedido\\\/#breadcrumb\",\"itemListElement\":[{\"@type\":\"ListItem\",\"position\":1,\"name\":\"Portada\",\"item\":\"https:\\\/\\\/noticiasmercedinas.com\\\/site\\\/\"},{\"@type\":\"ListItem\",\"position\":2,\"name\":\"Un resultado que no marca lo sucedido\"}]},{\"@type\":\"WebSite\",\"@id\":\"https:\\\/\\\/noticiasmercedinas.com\\\/site\\\/#website\",\"url\":\"https:\\\/\\\/noticiasmercedinas.com\\\/site\\\/\",\"name\":\"NOTICIASMERCEDINAS.COM\",\"description\":\"Mercedes, Buenos Aires, Argentina\",\"publisher\":{\"@id\":\"https:\\\/\\\/noticiasmercedinas.com\\\/site\\\/#organization\"},\"potentialAction\":[{\"@type\":\"SearchAction\",\"target\":{\"@type\":\"EntryPoint\",\"urlTemplate\":\"https:\\\/\\\/noticiasmercedinas.com\\\/site\\\/?s={search_term_string}\"},\"query-input\":{\"@type\":\"PropertyValueSpecification\",\"valueRequired\":true,\"valueName\":\"search_term_string\"}}],\"inLanguage\":\"es\"},{\"@type\":\"Organization\",\"@id\":\"https:\\\/\\\/noticiasmercedinas.com\\\/site\\\/#organization\",\"name\":\"NOTICIASMERCEDINAS.COM\",\"url\":\"https:\\\/\\\/noticiasmercedinas.com\\\/site\\\/\",\"logo\":{\"@type\":\"ImageObject\",\"inLanguage\":\"es\",\"@id\":\"https:\\\/\\\/noticiasmercedinas.com\\\/site\\\/#\\\/schema\\\/logo\\\/image\\\/\",\"url\":\"https:\\\/\\\/noticiasmercedinas.com\\\/site\\\/wp-content\\\/uploads\\\/2020\\\/06\\\/LOGO-512.jpg\",\"contentUrl\":\"https:\\\/\\\/noticiasmercedinas.com\\\/site\\\/wp-content\\\/uploads\\\/2020\\\/06\\\/LOGO-512.jpg\",\"width\":512,\"height\":512,\"caption\":\"NOTICIASMERCEDINAS.COM\"},\"image\":{\"@id\":\"https:\\\/\\\/noticiasmercedinas.com\\\/site\\\/#\\\/schema\\\/logo\\\/image\\\/\"},\"sameAs\":[\"https:\\\/\\\/www.facebook.com\\\/noticiasmercedinas\\\/\",\"https:\\\/\\\/x.com\\\/notmercedinas\",\"https:\\\/\\\/www.instagram.com\\\/noticiasmercedinas\\\/\"]},{\"@type\":\"Person\",\"@id\":\"https:\\\/\\\/noticiasmercedinas.com\\\/site\\\/#\\\/schema\\\/person\\\/8f2f09d666ef40986eba4a5e6f2a06f9\",\"name\":\"Juan Dagnino NOTICIASMERCEDINAS.COM\",\"image\":{\"@type\":\"ImageObject\",\"inLanguage\":\"es\",\"@id\":\"https:\\\/\\\/secure.gravatar.com\\\/avatar\\\/fc7059a769f5a3cae65fadb228a3e4accf3a64b4b2305020d0a27e6d5333c91b?s=96&d=mm&r=g\",\"url\":\"https:\\\/\\\/secure.gravatar.com\\\/avatar\\\/fc7059a769f5a3cae65fadb228a3e4accf3a64b4b2305020d0a27e6d5333c91b?s=96&d=mm&r=g\",\"contentUrl\":\"https:\\\/\\\/secure.gravatar.com\\\/avatar\\\/fc7059a769f5a3cae65fadb228a3e4accf3a64b4b2305020d0a27e6d5333c91b?s=96&d=mm&r=g\",\"caption\":\"Juan Dagnino NOTICIASMERCEDINAS.COM\"},\"url\":\"https:\\\/\\\/noticiasmercedinas.com\\\/site\\\/author\\\/juandagnino\\\/\"}]}<\/script>\n<!-- \/ Yoast SEO plugin. -->","yoast_head_json":{"title":"Un resultado que no marca lo sucedido","robots":{"index":"index","follow":"follow","max-snippet":"max-snippet:-1","max-image-preview":"max-image-preview:large","max-video-preview":"max-video-preview:-1"},"canonical":"https:\/\/noticiasmercedinas.com\/site\/2023\/07\/15\/un-resultado-que-no-marca-lo-sucedido\/","og_locale":"es_ES","og_type":"article","og_title":"Un resultado que no marca lo sucedido","og_description":"\u25a0 Por 2-0 lo perdi\u00f3 Mercedes frente a Cambaceres en la Primera D. Tuvo un penal que le atajaron a Franco Gatti. En el momento que se puso en ventaja se qued\u00f3 con 10 \u201cRojo\u201d. Termin\u00f3 con 9 el \u201cBlanquinegro\u201d y chances como para empatarlo.","og_url":"https:\/\/noticiasmercedinas.com\/site\/2023\/07\/15\/un-resultado-que-no-marca-lo-sucedido\/","og_site_name":"NOTICIASMERCEDINAS.COM","article_publisher":"https:\/\/www.facebook.com\/noticiasmercedinas\/","article_published_time":"2023-07-15T22:41:10+00:00","article_modified_time":"2023-07-15T23:27:13+00:00","og_image":[{"width":640,"height":427,"url":"https:\/\/noticiasmercedinas.com\/site\/wp-content\/uploads\/2023\/07\/mc.jpg","type":"image\/jpeg"}],"author":"Juan Dagnino NOTICIASMERCEDINAS.COM","twitter_card":"summary_large_image","twitter_creator":"@notmercedinas","twitter_site":"@notmercedinas","twitter_misc":{"Escrito por":"Juan Dagnino NOTICIASMERCEDINAS.COM","Tiempo de lectura":"3 minutos"},"schema":{"@context":"https:\/\/schema.org","@graph":[{"@type":"Article","@id":"https:\/\/noticiasmercedinas.com\/site\/2023\/07\/15\/un-resultado-que-no-marca-lo-sucedido\/#article","isPartOf":{"@id":"https:\/\/noticiasmercedinas.com\/site\/2023\/07\/15\/un-resultado-que-no-marca-lo-sucedido\/"},"author":{"name":"Juan Dagnino NOTICIASMERCEDINAS.COM","@id":"https:\/\/noticiasmercedinas.com\/site\/#\/schema\/person\/8f2f09d666ef40986eba4a5e6f2a06f9"},"headline":"Un resultado que no marca lo sucedido","datePublished":"2023-07-15T22:41:10+00:00","dateModified":"2023-07-15T23:27:13+00:00","mainEntityOfPage":{"@id":"https:\/\/noticiasmercedinas.com\/site\/2023\/07\/15\/un-resultado-que-no-marca-lo-sucedido\/"},"wordCount":557,"publisher":{"@id":"https:\/\/noticiasmercedinas.com\/site\/#organization"},"image":{"@id":"https:\/\/noticiasmercedinas.com\/site\/2023\/07\/15\/un-resultado-que-no-marca-lo-sucedido\/#primaryimage"},"thumbnailUrl":"https:\/\/noticiasmercedinas.com\/site\/wp-content\/uploads\/2023\/07\/mc.jpg","keywords":["AFA","club mercedes","Primera D"],"articleSection":["Deportes"],"inLanguage":"es"},{"@type":"WebPage","@id":"https:\/\/noticiasmercedinas.com\/site\/2023\/07\/15\/un-resultado-que-no-marca-lo-sucedido\/","url":"https:\/\/noticiasmercedinas.com\/site\/2023\/07\/15\/un-resultado-que-no-marca-lo-sucedido\/","name":"Un resultado que no marca lo sucedido","isPartOf":{"@id":"https:\/\/noticiasmercedinas.com\/site\/#website"},"primaryImageOfPage":{"@id":"https:\/\/noticiasmercedinas.com\/site\/2023\/07\/15\/un-resultado-que-no-marca-lo-sucedido\/#primaryimage"},"image":{"@id":"https:\/\/noticiasmercedinas.com\/site\/2023\/07\/15\/un-resultado-que-no-marca-lo-sucedido\/#primaryimage"},"thumbnailUrl":"https:\/\/noticiasmercedinas.com\/site\/wp-content\/uploads\/2023\/07\/mc.jpg","datePublished":"2023-07-15T22:41:10+00:00","dateModified":"2023-07-15T23:27:13+00:00","breadcrumb":{"@id":"https:\/\/noticiasmercedinas.com\/site\/2023\/07\/15\/un-resultado-que-no-marca-lo-sucedido\/#breadcrumb"},"inLanguage":"es","potentialAction":[{"@type":"ReadAction","target":["https:\/\/noticiasmercedinas.com\/site\/2023\/07\/15\/un-resultado-que-no-marca-lo-sucedido\/"]}]},{"@type":"ImageObject","inLanguage":"es","@id":"https:\/\/noticiasmercedinas.com\/site\/2023\/07\/15\/un-resultado-que-no-marca-lo-sucedido\/#primaryimage","url":"https:\/\/noticiasmercedinas.com\/site\/wp-content\/uploads\/2023\/07\/mc.jpg","contentUrl":"https:\/\/noticiasmercedinas.com\/site\/wp-content\/uploads\/2023\/07\/mc.jpg","width":640,"height":427},{"@type":"BreadcrumbList","@id":"https:\/\/noticiasmercedinas.com\/site\/2023\/07\/15\/un-resultado-que-no-marca-lo-sucedido\/#breadcrumb","itemListElement":[{"@type":"ListItem","position":1,"name":"Portada","item":"https:\/\/noticiasmercedinas.com\/site\/"},{"@type":"ListItem","position":2,"name":"Un resultado que no marca lo sucedido"}]},{"@type":"WebSite","@id":"https:\/\/noticiasmercedinas.com\/site\/#website","url":"https:\/\/noticiasmercedinas.com\/site\/","name":"NOTICIASMERCEDINAS.COM","description":"Mercedes, Buenos Aires, Argentina","publisher":{"@id":"https:\/\/noticiasmercedinas.com\/site\/#organization"},"potentialAction":[{"@type":"SearchAction","target":{"@type":"EntryPoint","urlTemplate":"https:\/\/noticiasmercedinas.com\/site\/?s={search_term_string}"},"query-input":{"@type":"PropertyValueSpecification","valueRequired":true,"valueName":"search_term_string"}}],"inLanguage":"es"},{"@type":"Organization","@id":"https:\/\/noticiasmercedinas.com\/site\/#organization","name":"NOTICIASMERCEDINAS.COM","url":"https:\/\/noticiasmercedinas.com\/site\/","logo":{"@type":"ImageObject","inLanguage":"es","@id":"https:\/\/noticiasmercedinas.com\/site\/#\/schema\/logo\/image\/","url":"https:\/\/noticiasmercedinas.com\/site\/wp-content\/uploads\/2020\/06\/LOGO-512.jpg","contentUrl":"https:\/\/noticiasmercedinas.com\/site\/wp-content\/uploads\/2020\/06\/LOGO-512.jpg","width":512,"height":512,"caption":"NOTICIASMERCEDINAS.COM"},"image":{"@id":"https:\/\/noticiasmercedinas.com\/site\/#\/schema\/logo\/image\/"},"sameAs":["https:\/\/www.facebook.com\/noticiasmercedinas\/","https:\/\/x.com\/notmercedinas","https:\/\/www.instagram.com\/noticiasmercedinas\/"]},{"@type":"Person","@id":"https:\/\/noticiasmercedinas.com\/site\/#\/schema\/person\/8f2f09d666ef40986eba4a5e6f2a06f9","name":"Juan Dagnino NOTICIASMERCEDINAS.COM","image":{"@type":"ImageObject","inLanguage":"es","@id":"https:\/\/secure.gravatar.com\/avatar\/fc7059a769f5a3cae65fadb228a3e4accf3a64b4b2305020d0a27e6d5333c91b?s=96&d=mm&r=g","url":"https:\/\/secure.gravatar.com\/avatar\/fc7059a769f5a3cae65fadb228a3e4accf3a64b4b2305020d0a27e6d5333c91b?s=96&d=mm&r=g","contentUrl":"https:\/\/secure.gravatar.com\/avatar\/fc7059a769f5a3cae65fadb228a3e4accf3a64b4b2305020d0a27e6d5333c91b?s=96&d=mm&r=g","caption":"Juan Dagnino NOTICIASMERCEDINAS.COM"},"url":"https:\/\/noticiasmercedinas.com\/site\/author\/juandagnino\/"}]}},"amp_enabled":true,"_links":{"self":[{"href":"https:\/\/noticiasmercedinas.com\/site\/wp-json\/wp\/v2\/posts\/119135","targetHints":{"allow":["GET"]}}],"collection":[{"href":"https:\/\/noticiasmercedinas.com\/site\/wp-json\/wp\/v2\/posts"}],"about":[{"href":"https:\/\/noticiasmercedinas.com\/site\/wp-json\/wp\/v2\/types\/post"}],"author":[{"embeddable":true,"href":"https:\/\/noticiasmercedinas.com\/site\/wp-json\/wp\/v2\/users\/6"}],"replies":[{"embeddable":true,"href":"https:\/\/noticiasmercedinas.com\/site\/wp-json\/wp\/v2\/comments?post=119135"}],"version-history":[{"count":2,"href":"https:\/\/noticiasmercedinas.com\/site\/wp-json\/wp\/v2\/posts\/119135\/revisions"}],"predecessor-version":[{"id":119142,"href":"https:\/\/noticiasmercedinas.com\/site\/wp-json\/wp\/v2\/posts\/119135\/revisions\/119142"}],"wp:featuredmedia":[{"embeddable":true,"href":"https:\/\/noticiasmercedinas.com\/site\/wp-json\/wp\/v2\/media\/119136"}],"wp:attachment":[{"href":"https:\/\/noticiasmercedinas.com\/site\/wp-json\/wp\/v2\/media?parent=119135"}],"wp:term":[{"taxonomy":"category","embeddable":true,"href":"https:\/\/noticiasmercedinas.com\/site\/wp-json\/wp\/v2\/categories?post=119135"},{"taxonomy":"post_tag","embeddable":true,"href":"https:\/\/noticiasmercedinas.com\/site\/wp-json\/wp\/v2\/tags?post=119135"}],"curies":[{"name":"wp","href":"https:\/\/api.w.org\/{rel}","templated":true}]}}