{"id":119196,"date":"2023-07-16T20:08:25","date_gmt":"2023-07-16T23:08:25","guid":{"rendered":"https:\/\/noticiasmercedinas.com\/site\/?p=119196"},"modified":"2023-07-16T20:08:25","modified_gmt":"2023-07-16T23:08:25","slug":"desde-este-lunes-habra-corte-y-desvio-por-importante-obra-en-acceso-sanmartin-y-110","status":"publish","type":"post","link":"https:\/\/noticiasmercedinas.com\/site\/2023\/07\/16\/desde-este-lunes-habra-corte-y-desvio-por-importante-obra-en-acceso-sanmartin-y-110\/","title":{"rendered":"Desde este lunes habr\u00e1 corte y desv\u00edo por importante obra en Acceso Sanmart\u00edn y 110"},"content":{"rendered":"<p><img loading=\"lazy\" decoding=\"async\" class=\"alignnone size-full wp-image-119198\" src=\"https:\/\/noticiasmercedinas.com\/site\/wp-content\/uploads\/2023\/07\/transito_pr.png\" alt=\"\" width=\"750\" height=\"400\" srcset=\"https:\/\/noticiasmercedinas.com\/site\/wp-content\/uploads\/2023\/07\/transito_pr.png 750w, https:\/\/noticiasmercedinas.com\/site\/wp-content\/uploads\/2023\/07\/transito_pr-300x160.png 300w, https:\/\/noticiasmercedinas.com\/site\/wp-content\/uploads\/2023\/07\/transito_pr-600x320.png 600w, https:\/\/noticiasmercedinas.com\/site\/wp-content\/uploads\/2023\/07\/transito_pr-640x341.png 640w, https:\/\/noticiasmercedinas.com\/site\/wp-content\/uploads\/2023\/07\/transito_pr-681x363.png 681w\" sizes=\"auto, (max-width: 750px) 100vw, 750px\" \/><\/p>\n<p>Anunciaron que por la realizaci\u00f3n de una importante y necesaria obra p\u00fablica se generar\u00e1 desde el lunes 17 de julio un corte de paso al tr\u00e1nsito en Acceso Sanmart\u00edn y calle 110, para la concreci\u00f3n de una nueva infraestructura en materia de obra cloacal.<\/p>\n<p>La secretar\u00eda de Obras P\u00fablicas, que est\u00e1 a cargo al arquitecto Emanuel P\u00e9rez Carrera, confirm\u00f3 que este lunes se inicia una intervenci\u00f3n para poder cruzar un gran ca\u00f1o que permitir\u00e1 continuar con la ampliaci\u00f3n de la red cloacal que se viene desarrollando e impactando en distintos barrios.<\/p>\n<p>Seg\u00fan se inform\u00f3, la estructura permitir\u00e1 conectar desag\u00fces con la planta de bombeo y propulsi\u00f3n que se est\u00e1 construyendo.<\/p>\n<p>Esta obra, ubicada en 39 y 110, va muy avanzada, y es parte de las intervenciones del plan director de cloacas que efect\u00faa el municipio desde la secretar\u00eda de Obras, la unidad de planificaci\u00f3n estrat\u00e9gica con profesionales mercedinos y la Universidad Tecnol\u00f3gica Nacional.<\/p>\n<p><img loading=\"lazy\" decoding=\"async\" class=\"alignnone size-full wp-image-119197\" src=\"https:\/\/noticiasmercedinas.com\/site\/wp-content\/uploads\/2023\/07\/Precaucion.jpg\" alt=\"\" width=\"900\" height=\"900\" srcset=\"https:\/\/noticiasmercedinas.com\/site\/wp-content\/uploads\/2023\/07\/Precaucion.jpg 900w, https:\/\/noticiasmercedinas.com\/site\/wp-content\/uploads\/2023\/07\/Precaucion-300x300.jpg 300w, https:\/\/noticiasmercedinas.com\/site\/wp-content\/uploads\/2023\/07\/Precaucion-150x150.jpg 150w, https:\/\/noticiasmercedinas.com\/site\/wp-content\/uploads\/2023\/07\/Precaucion-768x768.jpg 768w, https:\/\/noticiasmercedinas.com\/site\/wp-content\/uploads\/2023\/07\/Precaucion-640x640.jpg 640w, https:\/\/noticiasmercedinas.com\/site\/wp-content\/uploads\/2023\/07\/Precaucion-681x681.jpg 681w\" sizes=\"auto, (max-width: 900px) 100vw, 900px\" \/><\/p>\n","protected":false},"excerpt":{"rendered":"<p>\u25a0 Cortar\u00e1n el tr\u00e1nsito para poder cruzar un gran ca\u00f1o que permitir\u00e1 continuar con la ampliaci\u00f3n de la red cloacal. Aseguran que la obra demandar\u00e1 varios d\u00edas.<\/p>\n","protected":false},"author":16,"featured_media":119198,"comment_status":"closed","ping_status":"closed","sticky":false,"template":"","format":"standard","meta":{"footnotes":""},"categories":[3],"tags":[9460,585,36,436],"class_list":["post-119196","post","type-post","status-publish","format-standard","has-post-thumbnail","hentry","category-sociedad","tag-acceso-sur","tag-cloacas","tag-obras","tag-transito"],"yoast_head":"<!-- This site is optimized with the Yoast SEO plugin v27.5 - https:\/\/yoast.com\/product\/yoast-seo-wordpress\/ -->\n<title>Desde este lunes habr\u00e1 corte y desv\u00edo por importante obra en Acceso Sanmart\u00edn y 110<\/title>\n<meta name=\"robots\" content=\"index, follow, max-snippet:-1, max-image-preview:large, max-video-preview:-1\" \/>\n<link rel=\"canonical\" href=\"https:\/\/noticiasmercedinas.com\/site\/2023\/07\/16\/desde-este-lunes-habra-corte-y-desvio-por-importante-obra-en-acceso-sanmartin-y-110\/\" \/>\n<meta property=\"og:locale\" content=\"es_ES\" \/>\n<meta property=\"og:type\" content=\"article\" \/>\n<meta property=\"og:title\" content=\"Desde este lunes habr\u00e1 corte y desv\u00edo por importante obra en Acceso Sanmart\u00edn y 110\" \/>\n<meta property=\"og:description\" content=\"\u25a0 Cortar\u00e1n el tr\u00e1nsito para poder cruzar un gran ca\u00f1o que permitir\u00e1 continuar con la ampliaci\u00f3n de la red cloacal. Aseguran que la obra demandar\u00e1 varios d\u00edas.\" \/>\n<meta property=\"og:url\" content=\"https:\/\/noticiasmercedinas.com\/site\/2023\/07\/16\/desde-este-lunes-habra-corte-y-desvio-por-importante-obra-en-acceso-sanmartin-y-110\/\" \/>\n<meta property=\"og:site_name\" content=\"NOTICIASMERCEDINAS.COM\" \/>\n<meta property=\"article:publisher\" content=\"https:\/\/www.facebook.com\/noticiasmercedinas\/\" \/>\n<meta property=\"article:published_time\" content=\"2023-07-16T23:08:25+00:00\" \/>\n<meta property=\"og:image\" content=\"https:\/\/noticiasmercedinas.com\/site\/wp-content\/uploads\/2023\/07\/transito_pr.png\" \/>\n\t<meta property=\"og:image:width\" content=\"750\" \/>\n\t<meta property=\"og:image:height\" content=\"400\" \/>\n\t<meta property=\"og:image:type\" content=\"image\/png\" \/>\n<meta name=\"author\" content=\"NOTICIASMERCEDINAS.COM\" \/>\n<meta name=\"twitter:card\" content=\"summary_large_image\" \/>\n<meta name=\"twitter:creator\" content=\"@notmercedinas\" \/>\n<meta name=\"twitter:site\" content=\"@notmercedinas\" \/>\n<meta name=\"twitter:label1\" content=\"Escrito por\" \/>\n\t<meta name=\"twitter:data1\" content=\"NOTICIASMERCEDINAS.COM\" \/>\n\t<meta name=\"twitter:label2\" content=\"Tiempo de lectura\" \/>\n\t<meta name=\"twitter:data2\" content=\"2 minutos\" \/>\n<script type=\"application\/ld+json\" class=\"yoast-schema-graph\">{\"@context\":\"https:\\\/\\\/schema.org\",\"@graph\":[{\"@type\":\"Article\",\"@id\":\"https:\\\/\\\/noticiasmercedinas.com\\\/site\\\/2023\\\/07\\\/16\\\/desde-este-lunes-habra-corte-y-desvio-por-importante-obra-en-acceso-sanmartin-y-110\\\/#article\",\"isPartOf\":{\"@id\":\"https:\\\/\\\/noticiasmercedinas.com\\\/site\\\/2023\\\/07\\\/16\\\/desde-este-lunes-habra-corte-y-desvio-por-importante-obra-en-acceso-sanmartin-y-110\\\/\"},\"author\":{\"name\":\"NOTICIASMERCEDINAS.COM\",\"@id\":\"https:\\\/\\\/noticiasmercedinas.com\\\/site\\\/#\\\/schema\\\/person\\\/84b59c099c28ff2e8b77d4ceec5d8063\"},\"headline\":\"Desde este lunes habr\u00e1 corte y desv\u00edo por importante obra en Acceso Sanmart\u00edn y 110\",\"datePublished\":\"2023-07-16T23:08:25+00:00\",\"mainEntityOfPage\":{\"@id\":\"https:\\\/\\\/noticiasmercedinas.com\\\/site\\\/2023\\\/07\\\/16\\\/desde-este-lunes-habra-corte-y-desvio-por-importante-obra-en-acceso-sanmartin-y-110\\\/\"},\"wordCount\":184,\"publisher\":{\"@id\":\"https:\\\/\\\/noticiasmercedinas.com\\\/site\\\/#organization\"},\"image\":{\"@id\":\"https:\\\/\\\/noticiasmercedinas.com\\\/site\\\/2023\\\/07\\\/16\\\/desde-este-lunes-habra-corte-y-desvio-por-importante-obra-en-acceso-sanmartin-y-110\\\/#primaryimage\"},\"thumbnailUrl\":\"https:\\\/\\\/noticiasmercedinas.com\\\/site\\\/wp-content\\\/uploads\\\/2023\\\/07\\\/transito_pr.png\",\"keywords\":[\"acceso sur\",\"cloacas\",\"obras\",\"transito\"],\"articleSection\":[\"Sociedad\"],\"inLanguage\":\"es\"},{\"@type\":\"WebPage\",\"@id\":\"https:\\\/\\\/noticiasmercedinas.com\\\/site\\\/2023\\\/07\\\/16\\\/desde-este-lunes-habra-corte-y-desvio-por-importante-obra-en-acceso-sanmartin-y-110\\\/\",\"url\":\"https:\\\/\\\/noticiasmercedinas.com\\\/site\\\/2023\\\/07\\\/16\\\/desde-este-lunes-habra-corte-y-desvio-por-importante-obra-en-acceso-sanmartin-y-110\\\/\",\"name\":\"Desde este lunes habr\u00e1 corte y desv\u00edo por importante obra en Acceso Sanmart\u00edn y 110\",\"isPartOf\":{\"@id\":\"https:\\\/\\\/noticiasmercedinas.com\\\/site\\\/#website\"},\"primaryImageOfPage\":{\"@id\":\"https:\\\/\\\/noticiasmercedinas.com\\\/site\\\/2023\\\/07\\\/16\\\/desde-este-lunes-habra-corte-y-desvio-por-importante-obra-en-acceso-sanmartin-y-110\\\/#primaryimage\"},\"image\":{\"@id\":\"https:\\\/\\\/noticiasmercedinas.com\\\/site\\\/2023\\\/07\\\/16\\\/desde-este-lunes-habra-corte-y-desvio-por-importante-obra-en-acceso-sanmartin-y-110\\\/#primaryimage\"},\"thumbnailUrl\":\"https:\\\/\\\/noticiasmercedinas.com\\\/site\\\/wp-content\\\/uploads\\\/2023\\\/07\\\/transito_pr.png\",\"datePublished\":\"2023-07-16T23:08:25+00:00\",\"breadcrumb\":{\"@id\":\"https:\\\/\\\/noticiasmercedinas.com\\\/site\\\/2023\\\/07\\\/16\\\/desde-este-lunes-habra-corte-y-desvio-por-importante-obra-en-acceso-sanmartin-y-110\\\/#breadcrumb\"},\"inLanguage\":\"es\",\"potentialAction\":[{\"@type\":\"ReadAction\",\"target\":[\"https:\\\/\\\/noticiasmercedinas.com\\\/site\\\/2023\\\/07\\\/16\\\/desde-este-lunes-habra-corte-y-desvio-por-importante-obra-en-acceso-sanmartin-y-110\\\/\"]}]},{\"@type\":\"ImageObject\",\"inLanguage\":\"es\",\"@id\":\"https:\\\/\\\/noticiasmercedinas.com\\\/site\\\/2023\\\/07\\\/16\\\/desde-este-lunes-habra-corte-y-desvio-por-importante-obra-en-acceso-sanmartin-y-110\\\/#primaryimage\",\"url\":\"https:\\\/\\\/noticiasmercedinas.com\\\/site\\\/wp-content\\\/uploads\\\/2023\\\/07\\\/transito_pr.png\",\"contentUrl\":\"https:\\\/\\\/noticiasmercedinas.com\\\/site\\\/wp-content\\\/uploads\\\/2023\\\/07\\\/transito_pr.png\",\"width\":750,\"height\":400},{\"@type\":\"BreadcrumbList\",\"@id\":\"https:\\\/\\\/noticiasmercedinas.com\\\/site\\\/2023\\\/07\\\/16\\\/desde-este-lunes-habra-corte-y-desvio-por-importante-obra-en-acceso-sanmartin-y-110\\\/#breadcrumb\",\"itemListElement\":[{\"@type\":\"ListItem\",\"position\":1,\"name\":\"Portada\",\"item\":\"https:\\\/\\\/noticiasmercedinas.com\\\/site\\\/\"},{\"@type\":\"ListItem\",\"position\":2,\"name\":\"Desde este lunes habr\u00e1 corte y desv\u00edo por importante obra en Acceso Sanmart\u00edn y 110\"}]},{\"@type\":\"WebSite\",\"@id\":\"https:\\\/\\\/noticiasmercedinas.com\\\/site\\\/#website\",\"url\":\"https:\\\/\\\/noticiasmercedinas.com\\\/site\\\/\",\"name\":\"NOTICIASMERCEDINAS.COM\",\"description\":\"Mercedes, Buenos Aires, Argentina\",\"publisher\":{\"@id\":\"https:\\\/\\\/noticiasmercedinas.com\\\/site\\\/#organization\"},\"potentialAction\":[{\"@type\":\"SearchAction\",\"target\":{\"@type\":\"EntryPoint\",\"urlTemplate\":\"https:\\\/\\\/noticiasmercedinas.com\\\/site\\\/?s={search_term_string}\"},\"query-input\":{\"@type\":\"PropertyValueSpecification\",\"valueRequired\":true,\"valueName\":\"search_term_string\"}}],\"inLanguage\":\"es\"},{\"@type\":\"Organization\",\"@id\":\"https:\\\/\\\/noticiasmercedinas.com\\\/site\\\/#organization\",\"name\":\"NOTICIASMERCEDINAS.COM\",\"url\":\"https:\\\/\\\/noticiasmercedinas.com\\\/site\\\/\",\"logo\":{\"@type\":\"ImageObject\",\"inLanguage\":\"es\",\"@id\":\"https:\\\/\\\/noticiasmercedinas.com\\\/site\\\/#\\\/schema\\\/logo\\\/image\\\/\",\"url\":\"https:\\\/\\\/noticiasmercedinas.com\\\/site\\\/wp-content\\\/uploads\\\/2020\\\/06\\\/LOGO-512.jpg\",\"contentUrl\":\"https:\\\/\\\/noticiasmercedinas.com\\\/site\\\/wp-content\\\/uploads\\\/2020\\\/06\\\/LOGO-512.jpg\",\"width\":512,\"height\":512,\"caption\":\"NOTICIASMERCEDINAS.COM\"},\"image\":{\"@id\":\"https:\\\/\\\/noticiasmercedinas.com\\\/site\\\/#\\\/schema\\\/logo\\\/image\\\/\"},\"sameAs\":[\"https:\\\/\\\/www.facebook.com\\\/noticiasmercedinas\\\/\",\"https:\\\/\\\/x.com\\\/notmercedinas\",\"https:\\\/\\\/www.instagram.com\\\/noticiasmercedinas\\\/\"]},{\"@type\":\"Person\",\"@id\":\"https:\\\/\\\/noticiasmercedinas.com\\\/site\\\/#\\\/schema\\\/person\\\/84b59c099c28ff2e8b77d4ceec5d8063\",\"name\":\"NOTICIASMERCEDINAS.COM\",\"image\":{\"@type\":\"ImageObject\",\"inLanguage\":\"es\",\"@id\":\"https:\\\/\\\/secure.gravatar.com\\\/avatar\\\/4dfbf16b4d17945bfb6341b2d19043457132fcf478a5ee04f42e959fd8f5df0a?s=96&d=mm&r=g\",\"url\":\"https:\\\/\\\/secure.gravatar.com\\\/avatar\\\/4dfbf16b4d17945bfb6341b2d19043457132fcf478a5ee04f42e959fd8f5df0a?s=96&d=mm&r=g\",\"contentUrl\":\"https:\\\/\\\/secure.gravatar.com\\\/avatar\\\/4dfbf16b4d17945bfb6341b2d19043457132fcf478a5ee04f42e959fd8f5df0a?s=96&d=mm&r=g\",\"caption\":\"NOTICIASMERCEDINAS.COM\"},\"url\":\"https:\\\/\\\/noticiasmercedinas.com\\\/site\\\/author\\\/anonimo\\\/\"}]}<\/script>\n<!-- \/ Yoast SEO plugin. -->","yoast_head_json":{"title":"Desde este lunes habr\u00e1 corte y desv\u00edo por importante obra en Acceso Sanmart\u00edn y 110","robots":{"index":"index","follow":"follow","max-snippet":"max-snippet:-1","max-image-preview":"max-image-preview:large","max-video-preview":"max-video-preview:-1"},"canonical":"https:\/\/noticiasmercedinas.com\/site\/2023\/07\/16\/desde-este-lunes-habra-corte-y-desvio-por-importante-obra-en-acceso-sanmartin-y-110\/","og_locale":"es_ES","og_type":"article","og_title":"Desde este lunes habr\u00e1 corte y desv\u00edo por importante obra en Acceso Sanmart\u00edn y 110","og_description":"\u25a0 Cortar\u00e1n el tr\u00e1nsito para poder cruzar un gran ca\u00f1o que permitir\u00e1 continuar con la ampliaci\u00f3n de la red cloacal. Aseguran que la obra demandar\u00e1 varios d\u00edas.","og_url":"https:\/\/noticiasmercedinas.com\/site\/2023\/07\/16\/desde-este-lunes-habra-corte-y-desvio-por-importante-obra-en-acceso-sanmartin-y-110\/","og_site_name":"NOTICIASMERCEDINAS.COM","article_publisher":"https:\/\/www.facebook.com\/noticiasmercedinas\/","article_published_time":"2023-07-16T23:08:25+00:00","og_image":[{"width":750,"height":400,"url":"https:\/\/noticiasmercedinas.com\/site\/wp-content\/uploads\/2023\/07\/transito_pr.png","type":"image\/png"}],"author":"NOTICIASMERCEDINAS.COM","twitter_card":"summary_large_image","twitter_creator":"@notmercedinas","twitter_site":"@notmercedinas","twitter_misc":{"Escrito por":"NOTICIASMERCEDINAS.COM","Tiempo de lectura":"2 minutos"},"schema":{"@context":"https:\/\/schema.org","@graph":[{"@type":"Article","@id":"https:\/\/noticiasmercedinas.com\/site\/2023\/07\/16\/desde-este-lunes-habra-corte-y-desvio-por-importante-obra-en-acceso-sanmartin-y-110\/#article","isPartOf":{"@id":"https:\/\/noticiasmercedinas.com\/site\/2023\/07\/16\/desde-este-lunes-habra-corte-y-desvio-por-importante-obra-en-acceso-sanmartin-y-110\/"},"author":{"name":"NOTICIASMERCEDINAS.COM","@id":"https:\/\/noticiasmercedinas.com\/site\/#\/schema\/person\/84b59c099c28ff2e8b77d4ceec5d8063"},"headline":"Desde este lunes habr\u00e1 corte y desv\u00edo por importante obra en Acceso Sanmart\u00edn y 110","datePublished":"2023-07-16T23:08:25+00:00","mainEntityOfPage":{"@id":"https:\/\/noticiasmercedinas.com\/site\/2023\/07\/16\/desde-este-lunes-habra-corte-y-desvio-por-importante-obra-en-acceso-sanmartin-y-110\/"},"wordCount":184,"publisher":{"@id":"https:\/\/noticiasmercedinas.com\/site\/#organization"},"image":{"@id":"https:\/\/noticiasmercedinas.com\/site\/2023\/07\/16\/desde-este-lunes-habra-corte-y-desvio-por-importante-obra-en-acceso-sanmartin-y-110\/#primaryimage"},"thumbnailUrl":"https:\/\/noticiasmercedinas.com\/site\/wp-content\/uploads\/2023\/07\/transito_pr.png","keywords":["acceso sur","cloacas","obras","transito"],"articleSection":["Sociedad"],"inLanguage":"es"},{"@type":"WebPage","@id":"https:\/\/noticiasmercedinas.com\/site\/2023\/07\/16\/desde-este-lunes-habra-corte-y-desvio-por-importante-obra-en-acceso-sanmartin-y-110\/","url":"https:\/\/noticiasmercedinas.com\/site\/2023\/07\/16\/desde-este-lunes-habra-corte-y-desvio-por-importante-obra-en-acceso-sanmartin-y-110\/","name":"Desde este lunes habr\u00e1 corte y desv\u00edo por importante obra en Acceso Sanmart\u00edn y 110","isPartOf":{"@id":"https:\/\/noticiasmercedinas.com\/site\/#website"},"primaryImageOfPage":{"@id":"https:\/\/noticiasmercedinas.com\/site\/2023\/07\/16\/desde-este-lunes-habra-corte-y-desvio-por-importante-obra-en-acceso-sanmartin-y-110\/#primaryimage"},"image":{"@id":"https:\/\/noticiasmercedinas.com\/site\/2023\/07\/16\/desde-este-lunes-habra-corte-y-desvio-por-importante-obra-en-acceso-sanmartin-y-110\/#primaryimage"},"thumbnailUrl":"https:\/\/noticiasmercedinas.com\/site\/wp-content\/uploads\/2023\/07\/transito_pr.png","datePublished":"2023-07-16T23:08:25+00:00","breadcrumb":{"@id":"https:\/\/noticiasmercedinas.com\/site\/2023\/07\/16\/desde-este-lunes-habra-corte-y-desvio-por-importante-obra-en-acceso-sanmartin-y-110\/#breadcrumb"},"inLanguage":"es","potentialAction":[{"@type":"ReadAction","target":["https:\/\/noticiasmercedinas.com\/site\/2023\/07\/16\/desde-este-lunes-habra-corte-y-desvio-por-importante-obra-en-acceso-sanmartin-y-110\/"]}]},{"@type":"ImageObject","inLanguage":"es","@id":"https:\/\/noticiasmercedinas.com\/site\/2023\/07\/16\/desde-este-lunes-habra-corte-y-desvio-por-importante-obra-en-acceso-sanmartin-y-110\/#primaryimage","url":"https:\/\/noticiasmercedinas.com\/site\/wp-content\/uploads\/2023\/07\/transito_pr.png","contentUrl":"https:\/\/noticiasmercedinas.com\/site\/wp-content\/uploads\/2023\/07\/transito_pr.png","width":750,"height":400},{"@type":"BreadcrumbList","@id":"https:\/\/noticiasmercedinas.com\/site\/2023\/07\/16\/desde-este-lunes-habra-corte-y-desvio-por-importante-obra-en-acceso-sanmartin-y-110\/#breadcrumb","itemListElement":[{"@type":"ListItem","position":1,"name":"Portada","item":"https:\/\/noticiasmercedinas.com\/site\/"},{"@type":"ListItem","position":2,"name":"Desde este lunes habr\u00e1 corte y desv\u00edo por importante obra en Acceso Sanmart\u00edn y 110"}]},{"@type":"WebSite","@id":"https:\/\/noticiasmercedinas.com\/site\/#website","url":"https:\/\/noticiasmercedinas.com\/site\/","name":"NOTICIASMERCEDINAS.COM","description":"Mercedes, Buenos Aires, Argentina","publisher":{"@id":"https:\/\/noticiasmercedinas.com\/site\/#organization"},"potentialAction":[{"@type":"SearchAction","target":{"@type":"EntryPoint","urlTemplate":"https:\/\/noticiasmercedinas.com\/site\/?s={search_term_string}"},"query-input":{"@type":"PropertyValueSpecification","valueRequired":true,"valueName":"search_term_string"}}],"inLanguage":"es"},{"@type":"Organization","@id":"https:\/\/noticiasmercedinas.com\/site\/#organization","name":"NOTICIASMERCEDINAS.COM","url":"https:\/\/noticiasmercedinas.com\/site\/","logo":{"@type":"ImageObject","inLanguage":"es","@id":"https:\/\/noticiasmercedinas.com\/site\/#\/schema\/logo\/image\/","url":"https:\/\/noticiasmercedinas.com\/site\/wp-content\/uploads\/2020\/06\/LOGO-512.jpg","contentUrl":"https:\/\/noticiasmercedinas.com\/site\/wp-content\/uploads\/2020\/06\/LOGO-512.jpg","width":512,"height":512,"caption":"NOTICIASMERCEDINAS.COM"},"image":{"@id":"https:\/\/noticiasmercedinas.com\/site\/#\/schema\/logo\/image\/"},"sameAs":["https:\/\/www.facebook.com\/noticiasmercedinas\/","https:\/\/x.com\/notmercedinas","https:\/\/www.instagram.com\/noticiasmercedinas\/"]},{"@type":"Person","@id":"https:\/\/noticiasmercedinas.com\/site\/#\/schema\/person\/84b59c099c28ff2e8b77d4ceec5d8063","name":"NOTICIASMERCEDINAS.COM","image":{"@type":"ImageObject","inLanguage":"es","@id":"https:\/\/secure.gravatar.com\/avatar\/4dfbf16b4d17945bfb6341b2d19043457132fcf478a5ee04f42e959fd8f5df0a?s=96&d=mm&r=g","url":"https:\/\/secure.gravatar.com\/avatar\/4dfbf16b4d17945bfb6341b2d19043457132fcf478a5ee04f42e959fd8f5df0a?s=96&d=mm&r=g","contentUrl":"https:\/\/secure.gravatar.com\/avatar\/4dfbf16b4d17945bfb6341b2d19043457132fcf478a5ee04f42e959fd8f5df0a?s=96&d=mm&r=g","caption":"NOTICIASMERCEDINAS.COM"},"url":"https:\/\/noticiasmercedinas.com\/site\/author\/anonimo\/"}]}},"amp_enabled":true,"_links":{"self":[{"href":"https:\/\/noticiasmercedinas.com\/site\/wp-json\/wp\/v2\/posts\/119196","targetHints":{"allow":["GET"]}}],"collection":[{"href":"https:\/\/noticiasmercedinas.com\/site\/wp-json\/wp\/v2\/posts"}],"about":[{"href":"https:\/\/noticiasmercedinas.com\/site\/wp-json\/wp\/v2\/types\/post"}],"author":[{"embeddable":true,"href":"https:\/\/noticiasmercedinas.com\/site\/wp-json\/wp\/v2\/users\/16"}],"replies":[{"embeddable":true,"href":"https:\/\/noticiasmercedinas.com\/site\/wp-json\/wp\/v2\/comments?post=119196"}],"version-history":[{"count":1,"href":"https:\/\/noticiasmercedinas.com\/site\/wp-json\/wp\/v2\/posts\/119196\/revisions"}],"predecessor-version":[{"id":119199,"href":"https:\/\/noticiasmercedinas.com\/site\/wp-json\/wp\/v2\/posts\/119196\/revisions\/119199"}],"wp:featuredmedia":[{"embeddable":true,"href":"https:\/\/noticiasmercedinas.com\/site\/wp-json\/wp\/v2\/media\/119198"}],"wp:attachment":[{"href":"https:\/\/noticiasmercedinas.com\/site\/wp-json\/wp\/v2\/media?parent=119196"}],"wp:term":[{"taxonomy":"category","embeddable":true,"href":"https:\/\/noticiasmercedinas.com\/site\/wp-json\/wp\/v2\/categories?post=119196"},{"taxonomy":"post_tag","embeddable":true,"href":"https:\/\/noticiasmercedinas.com\/site\/wp-json\/wp\/v2\/tags?post=119196"}],"curies":[{"name":"wp","href":"https:\/\/api.w.org\/{rel}","templated":true}]}}