{"id":119234,"date":"2023-07-17T10:07:09","date_gmt":"2023-07-17T13:07:09","guid":{"rendered":"https:\/\/noticiasmercedinas.com\/site\/?p=119234"},"modified":"2023-07-17T10:07:09","modified_gmt":"2023-07-17T13:07:09","slug":"oscar-rossello-y-su-banda-se-presentaran-en-tecnopolis","status":"publish","type":"post","link":"https:\/\/noticiasmercedinas.com\/site\/2023\/07\/17\/oscar-rossello-y-su-banda-se-presentaran-en-tecnopolis\/","title":{"rendered":"Oscar Rossello y su banda se presentar\u00e1n en Tecn\u00f3polis"},"content":{"rendered":"<p><img loading=\"lazy\" decoding=\"async\" class=\"alignnone size-full wp-image-119235\" src=\"https:\/\/noticiasmercedinas.com\/site\/wp-content\/uploads\/2023\/07\/IMG-20230717-WA0006.jpg\" alt=\"\" width=\"768\" height=\"569\" srcset=\"https:\/\/noticiasmercedinas.com\/site\/wp-content\/uploads\/2023\/07\/IMG-20230717-WA0006.jpg 768w, https:\/\/noticiasmercedinas.com\/site\/wp-content\/uploads\/2023\/07\/IMG-20230717-WA0006-300x222.jpg 300w, https:\/\/noticiasmercedinas.com\/site\/wp-content\/uploads\/2023\/07\/IMG-20230717-WA0006-80x60.jpg 80w, https:\/\/noticiasmercedinas.com\/site\/wp-content\/uploads\/2023\/07\/IMG-20230717-WA0006-160x120.jpg 160w, https:\/\/noticiasmercedinas.com\/site\/wp-content\/uploads\/2023\/07\/IMG-20230717-WA0006-100x75.jpg 100w, https:\/\/noticiasmercedinas.com\/site\/wp-content\/uploads\/2023\/07\/IMG-20230717-WA0006-640x474.jpg 640w, https:\/\/noticiasmercedinas.com\/site\/wp-content\/uploads\/2023\/07\/IMG-20230717-WA0006-681x505.jpg 681w\" sizes=\"auto, (max-width: 768px) 100vw, 768px\" \/><\/p>\n<p>Se supo que el reconocido cantante y compositor Oscar Rossello y su banda han sido convocados como embajadores culturales por la Direcci\u00f3n de Turismo para llevar sus canciones emblem\u00e1ticas a Tecn\u00f3polis y celebrar las festividades nacionales mercedinas.<\/p>\n<p>Dos de las festividades m\u00e1s queridas del pa\u00eds, la Fiesta del Salame y la Fiesta de la Torta Frita, ser\u00e1n difundidas a trav\u00e9s de sus canciones con la presencia y el talento de Rossello, quien ha compuesto los temas que se han convertido en himnos para estas celebraciones. La canci\u00f3n oficial de la Fiesta del Salame ha sido declarada incluso de inter\u00e9s legislativo y cultural, siendo un importante logro en la carrera del artista.<\/p>\n<p>El evento se llevar\u00e1 a cabo el pr\u00f3ximo mi\u00e9rcoles a las 14 horas en Tecn\u00f3polis, en el marco de las actividades de vacaciones de invierno. La banda que acompa\u00f1ar\u00e1 a Rossello est\u00e1 conformada por destacados m\u00fasicos: Lucas Catapano en bater\u00eda, Jes\u00fas L\u00f3pez en percusi\u00f3n, Agust\u00edn Vita en bajo, Guido Patern\u00e9si en guitarra el\u00e9ctrica y Manu Alfonso en guitarra r\u00edtmica.<\/p>\n<p>La presentaci\u00f3n de Oscar Rossello y su banda promete ser una experiencia musical \u00fanica y llena de energ\u00eda. Los asistentes tendr\u00e1n la oportunidad de disfrutar de las canciones que han dejado una marca en las festividades nacionales, as\u00ed como de apreciar el talento de estos artistas reconocidos en la escena musical argentina.<\/p>\n<p>La m\u00fasica de Oscar Rossello y su banda resonar\u00e1 en Tecn\u00f3polis, ofreciendo un ambiente festivo y celebratorio para todos los presentes.<\/p>\n","protected":false},"excerpt":{"rendered":"<p>\u25a0 Como embajadores culturales fueron convocados por Turismo para celebrar las festividades nacionales del Salame y la Torta Frita a trav\u0117s de sus canciones. Actuar\u00e1n el mi\u00e9rcoles a las 14.00<\/p>\n","protected":false},"author":16,"featured_media":119235,"comment_status":"closed","ping_status":"closed","sticky":false,"template":"","format":"standard","meta":{"footnotes":""},"categories":[4],"tags":[2451,12682],"class_list":["post-119234","post","type-post","status-publish","format-standard","has-post-thumbnail","hentry","category-cultura","tag-oscar-rossello","tag-tecnopolis"],"yoast_head":"<!-- This site is optimized with the Yoast SEO plugin v27.5 - https:\/\/yoast.com\/product\/yoast-seo-wordpress\/ -->\n<title>Oscar Rossello y su banda se presentar\u00e1n en Tecn\u00f3polis<\/title>\n<meta name=\"robots\" content=\"index, follow, max-snippet:-1, max-image-preview:large, max-video-preview:-1\" \/>\n<link rel=\"canonical\" href=\"https:\/\/noticiasmercedinas.com\/site\/2023\/07\/17\/oscar-rossello-y-su-banda-se-presentaran-en-tecnopolis\/\" \/>\n<meta property=\"og:locale\" content=\"es_ES\" \/>\n<meta property=\"og:type\" content=\"article\" \/>\n<meta property=\"og:title\" content=\"Oscar Rossello y su banda se presentar\u00e1n en Tecn\u00f3polis\" \/>\n<meta property=\"og:description\" content=\"\u25a0 Como embajadores culturales fueron convocados por Turismo para celebrar las festividades nacionales del Salame y la Torta Frita a trav\u0117s de sus canciones. Actuar\u00e1n el mi\u00e9rcoles a las 14.00\" \/>\n<meta property=\"og:url\" content=\"https:\/\/noticiasmercedinas.com\/site\/2023\/07\/17\/oscar-rossello-y-su-banda-se-presentaran-en-tecnopolis\/\" \/>\n<meta property=\"og:site_name\" content=\"NOTICIASMERCEDINAS.COM\" \/>\n<meta property=\"article:publisher\" content=\"https:\/\/www.facebook.com\/noticiasmercedinas\/\" \/>\n<meta property=\"article:published_time\" content=\"2023-07-17T13:07:09+00:00\" \/>\n<meta property=\"og:image\" content=\"https:\/\/noticiasmercedinas.com\/site\/wp-content\/uploads\/2023\/07\/IMG-20230717-WA0006.jpg\" \/>\n\t<meta property=\"og:image:width\" content=\"768\" \/>\n\t<meta property=\"og:image:height\" content=\"569\" \/>\n\t<meta property=\"og:image:type\" content=\"image\/jpeg\" \/>\n<meta name=\"author\" content=\"NOTICIASMERCEDINAS.COM\" \/>\n<meta name=\"twitter:card\" content=\"summary_large_image\" \/>\n<meta name=\"twitter:creator\" content=\"@notmercedinas\" \/>\n<meta name=\"twitter:site\" content=\"@notmercedinas\" \/>\n<meta name=\"twitter:label1\" content=\"Escrito por\" \/>\n\t<meta name=\"twitter:data1\" content=\"NOTICIASMERCEDINAS.COM\" \/>\n\t<meta name=\"twitter:label2\" content=\"Tiempo de lectura\" \/>\n\t<meta name=\"twitter:data2\" content=\"2 minutos\" \/>\n<script type=\"application\/ld+json\" class=\"yoast-schema-graph\">{\"@context\":\"https:\\\/\\\/schema.org\",\"@graph\":[{\"@type\":\"Article\",\"@id\":\"https:\\\/\\\/noticiasmercedinas.com\\\/site\\\/2023\\\/07\\\/17\\\/oscar-rossello-y-su-banda-se-presentaran-en-tecnopolis\\\/#article\",\"isPartOf\":{\"@id\":\"https:\\\/\\\/noticiasmercedinas.com\\\/site\\\/2023\\\/07\\\/17\\\/oscar-rossello-y-su-banda-se-presentaran-en-tecnopolis\\\/\"},\"author\":{\"name\":\"NOTICIASMERCEDINAS.COM\",\"@id\":\"https:\\\/\\\/noticiasmercedinas.com\\\/site\\\/#\\\/schema\\\/person\\\/84b59c099c28ff2e8b77d4ceec5d8063\"},\"headline\":\"Oscar Rossello y su banda se presentar\u00e1n en Tecn\u00f3polis\",\"datePublished\":\"2023-07-17T13:07:09+00:00\",\"mainEntityOfPage\":{\"@id\":\"https:\\\/\\\/noticiasmercedinas.com\\\/site\\\/2023\\\/07\\\/17\\\/oscar-rossello-y-su-banda-se-presentaran-en-tecnopolis\\\/\"},\"wordCount\":280,\"publisher\":{\"@id\":\"https:\\\/\\\/noticiasmercedinas.com\\\/site\\\/#organization\"},\"image\":{\"@id\":\"https:\\\/\\\/noticiasmercedinas.com\\\/site\\\/2023\\\/07\\\/17\\\/oscar-rossello-y-su-banda-se-presentaran-en-tecnopolis\\\/#primaryimage\"},\"thumbnailUrl\":\"https:\\\/\\\/noticiasmercedinas.com\\\/site\\\/wp-content\\\/uploads\\\/2023\\\/07\\\/IMG-20230717-WA0006.jpg\",\"keywords\":[\"oscar rossello\",\"tecnopolis\"],\"articleSection\":[\"Cultura\"],\"inLanguage\":\"es\"},{\"@type\":\"WebPage\",\"@id\":\"https:\\\/\\\/noticiasmercedinas.com\\\/site\\\/2023\\\/07\\\/17\\\/oscar-rossello-y-su-banda-se-presentaran-en-tecnopolis\\\/\",\"url\":\"https:\\\/\\\/noticiasmercedinas.com\\\/site\\\/2023\\\/07\\\/17\\\/oscar-rossello-y-su-banda-se-presentaran-en-tecnopolis\\\/\",\"name\":\"Oscar Rossello y su banda se presentar\u00e1n en Tecn\u00f3polis\",\"isPartOf\":{\"@id\":\"https:\\\/\\\/noticiasmercedinas.com\\\/site\\\/#website\"},\"primaryImageOfPage\":{\"@id\":\"https:\\\/\\\/noticiasmercedinas.com\\\/site\\\/2023\\\/07\\\/17\\\/oscar-rossello-y-su-banda-se-presentaran-en-tecnopolis\\\/#primaryimage\"},\"image\":{\"@id\":\"https:\\\/\\\/noticiasmercedinas.com\\\/site\\\/2023\\\/07\\\/17\\\/oscar-rossello-y-su-banda-se-presentaran-en-tecnopolis\\\/#primaryimage\"},\"thumbnailUrl\":\"https:\\\/\\\/noticiasmercedinas.com\\\/site\\\/wp-content\\\/uploads\\\/2023\\\/07\\\/IMG-20230717-WA0006.jpg\",\"datePublished\":\"2023-07-17T13:07:09+00:00\",\"breadcrumb\":{\"@id\":\"https:\\\/\\\/noticiasmercedinas.com\\\/site\\\/2023\\\/07\\\/17\\\/oscar-rossello-y-su-banda-se-presentaran-en-tecnopolis\\\/#breadcrumb\"},\"inLanguage\":\"es\",\"potentialAction\":[{\"@type\":\"ReadAction\",\"target\":[\"https:\\\/\\\/noticiasmercedinas.com\\\/site\\\/2023\\\/07\\\/17\\\/oscar-rossello-y-su-banda-se-presentaran-en-tecnopolis\\\/\"]}]},{\"@type\":\"ImageObject\",\"inLanguage\":\"es\",\"@id\":\"https:\\\/\\\/noticiasmercedinas.com\\\/site\\\/2023\\\/07\\\/17\\\/oscar-rossello-y-su-banda-se-presentaran-en-tecnopolis\\\/#primaryimage\",\"url\":\"https:\\\/\\\/noticiasmercedinas.com\\\/site\\\/wp-content\\\/uploads\\\/2023\\\/07\\\/IMG-20230717-WA0006.jpg\",\"contentUrl\":\"https:\\\/\\\/noticiasmercedinas.com\\\/site\\\/wp-content\\\/uploads\\\/2023\\\/07\\\/IMG-20230717-WA0006.jpg\",\"width\":768,\"height\":569},{\"@type\":\"BreadcrumbList\",\"@id\":\"https:\\\/\\\/noticiasmercedinas.com\\\/site\\\/2023\\\/07\\\/17\\\/oscar-rossello-y-su-banda-se-presentaran-en-tecnopolis\\\/#breadcrumb\",\"itemListElement\":[{\"@type\":\"ListItem\",\"position\":1,\"name\":\"Portada\",\"item\":\"https:\\\/\\\/noticiasmercedinas.com\\\/site\\\/\"},{\"@type\":\"ListItem\",\"position\":2,\"name\":\"Oscar Rossello y su banda se presentar\u00e1n en Tecn\u00f3polis\"}]},{\"@type\":\"WebSite\",\"@id\":\"https:\\\/\\\/noticiasmercedinas.com\\\/site\\\/#website\",\"url\":\"https:\\\/\\\/noticiasmercedinas.com\\\/site\\\/\",\"name\":\"NOTICIASMERCEDINAS.COM\",\"description\":\"Mercedes, Buenos Aires, Argentina\",\"publisher\":{\"@id\":\"https:\\\/\\\/noticiasmercedinas.com\\\/site\\\/#organization\"},\"potentialAction\":[{\"@type\":\"SearchAction\",\"target\":{\"@type\":\"EntryPoint\",\"urlTemplate\":\"https:\\\/\\\/noticiasmercedinas.com\\\/site\\\/?s={search_term_string}\"},\"query-input\":{\"@type\":\"PropertyValueSpecification\",\"valueRequired\":true,\"valueName\":\"search_term_string\"}}],\"inLanguage\":\"es\"},{\"@type\":\"Organization\",\"@id\":\"https:\\\/\\\/noticiasmercedinas.com\\\/site\\\/#organization\",\"name\":\"NOTICIASMERCEDINAS.COM\",\"url\":\"https:\\\/\\\/noticiasmercedinas.com\\\/site\\\/\",\"logo\":{\"@type\":\"ImageObject\",\"inLanguage\":\"es\",\"@id\":\"https:\\\/\\\/noticiasmercedinas.com\\\/site\\\/#\\\/schema\\\/logo\\\/image\\\/\",\"url\":\"https:\\\/\\\/noticiasmercedinas.com\\\/site\\\/wp-content\\\/uploads\\\/2020\\\/06\\\/LOGO-512.jpg\",\"contentUrl\":\"https:\\\/\\\/noticiasmercedinas.com\\\/site\\\/wp-content\\\/uploads\\\/2020\\\/06\\\/LOGO-512.jpg\",\"width\":512,\"height\":512,\"caption\":\"NOTICIASMERCEDINAS.COM\"},\"image\":{\"@id\":\"https:\\\/\\\/noticiasmercedinas.com\\\/site\\\/#\\\/schema\\\/logo\\\/image\\\/\"},\"sameAs\":[\"https:\\\/\\\/www.facebook.com\\\/noticiasmercedinas\\\/\",\"https:\\\/\\\/x.com\\\/notmercedinas\",\"https:\\\/\\\/www.instagram.com\\\/noticiasmercedinas\\\/\"]},{\"@type\":\"Person\",\"@id\":\"https:\\\/\\\/noticiasmercedinas.com\\\/site\\\/#\\\/schema\\\/person\\\/84b59c099c28ff2e8b77d4ceec5d8063\",\"name\":\"NOTICIASMERCEDINAS.COM\",\"image\":{\"@type\":\"ImageObject\",\"inLanguage\":\"es\",\"@id\":\"https:\\\/\\\/secure.gravatar.com\\\/avatar\\\/4dfbf16b4d17945bfb6341b2d19043457132fcf478a5ee04f42e959fd8f5df0a?s=96&d=mm&r=g\",\"url\":\"https:\\\/\\\/secure.gravatar.com\\\/avatar\\\/4dfbf16b4d17945bfb6341b2d19043457132fcf478a5ee04f42e959fd8f5df0a?s=96&d=mm&r=g\",\"contentUrl\":\"https:\\\/\\\/secure.gravatar.com\\\/avatar\\\/4dfbf16b4d17945bfb6341b2d19043457132fcf478a5ee04f42e959fd8f5df0a?s=96&d=mm&r=g\",\"caption\":\"NOTICIASMERCEDINAS.COM\"},\"url\":\"https:\\\/\\\/noticiasmercedinas.com\\\/site\\\/author\\\/anonimo\\\/\"}]}<\/script>\n<!-- \/ Yoast SEO plugin. -->","yoast_head_json":{"title":"Oscar Rossello y su banda se presentar\u00e1n en Tecn\u00f3polis","robots":{"index":"index","follow":"follow","max-snippet":"max-snippet:-1","max-image-preview":"max-image-preview:large","max-video-preview":"max-video-preview:-1"},"canonical":"https:\/\/noticiasmercedinas.com\/site\/2023\/07\/17\/oscar-rossello-y-su-banda-se-presentaran-en-tecnopolis\/","og_locale":"es_ES","og_type":"article","og_title":"Oscar Rossello y su banda se presentar\u00e1n en Tecn\u00f3polis","og_description":"\u25a0 Como embajadores culturales fueron convocados por Turismo para celebrar las festividades nacionales del Salame y la Torta Frita a trav\u0117s de sus canciones. Actuar\u00e1n el mi\u00e9rcoles a las 14.00","og_url":"https:\/\/noticiasmercedinas.com\/site\/2023\/07\/17\/oscar-rossello-y-su-banda-se-presentaran-en-tecnopolis\/","og_site_name":"NOTICIASMERCEDINAS.COM","article_publisher":"https:\/\/www.facebook.com\/noticiasmercedinas\/","article_published_time":"2023-07-17T13:07:09+00:00","og_image":[{"width":768,"height":569,"url":"https:\/\/noticiasmercedinas.com\/site\/wp-content\/uploads\/2023\/07\/IMG-20230717-WA0006.jpg","type":"image\/jpeg"}],"author":"NOTICIASMERCEDINAS.COM","twitter_card":"summary_large_image","twitter_creator":"@notmercedinas","twitter_site":"@notmercedinas","twitter_misc":{"Escrito por":"NOTICIASMERCEDINAS.COM","Tiempo de lectura":"2 minutos"},"schema":{"@context":"https:\/\/schema.org","@graph":[{"@type":"Article","@id":"https:\/\/noticiasmercedinas.com\/site\/2023\/07\/17\/oscar-rossello-y-su-banda-se-presentaran-en-tecnopolis\/#article","isPartOf":{"@id":"https:\/\/noticiasmercedinas.com\/site\/2023\/07\/17\/oscar-rossello-y-su-banda-se-presentaran-en-tecnopolis\/"},"author":{"name":"NOTICIASMERCEDINAS.COM","@id":"https:\/\/noticiasmercedinas.com\/site\/#\/schema\/person\/84b59c099c28ff2e8b77d4ceec5d8063"},"headline":"Oscar Rossello y su banda se presentar\u00e1n en Tecn\u00f3polis","datePublished":"2023-07-17T13:07:09+00:00","mainEntityOfPage":{"@id":"https:\/\/noticiasmercedinas.com\/site\/2023\/07\/17\/oscar-rossello-y-su-banda-se-presentaran-en-tecnopolis\/"},"wordCount":280,"publisher":{"@id":"https:\/\/noticiasmercedinas.com\/site\/#organization"},"image":{"@id":"https:\/\/noticiasmercedinas.com\/site\/2023\/07\/17\/oscar-rossello-y-su-banda-se-presentaran-en-tecnopolis\/#primaryimage"},"thumbnailUrl":"https:\/\/noticiasmercedinas.com\/site\/wp-content\/uploads\/2023\/07\/IMG-20230717-WA0006.jpg","keywords":["oscar rossello","tecnopolis"],"articleSection":["Cultura"],"inLanguage":"es"},{"@type":"WebPage","@id":"https:\/\/noticiasmercedinas.com\/site\/2023\/07\/17\/oscar-rossello-y-su-banda-se-presentaran-en-tecnopolis\/","url":"https:\/\/noticiasmercedinas.com\/site\/2023\/07\/17\/oscar-rossello-y-su-banda-se-presentaran-en-tecnopolis\/","name":"Oscar Rossello y su banda se presentar\u00e1n en Tecn\u00f3polis","isPartOf":{"@id":"https:\/\/noticiasmercedinas.com\/site\/#website"},"primaryImageOfPage":{"@id":"https:\/\/noticiasmercedinas.com\/site\/2023\/07\/17\/oscar-rossello-y-su-banda-se-presentaran-en-tecnopolis\/#primaryimage"},"image":{"@id":"https:\/\/noticiasmercedinas.com\/site\/2023\/07\/17\/oscar-rossello-y-su-banda-se-presentaran-en-tecnopolis\/#primaryimage"},"thumbnailUrl":"https:\/\/noticiasmercedinas.com\/site\/wp-content\/uploads\/2023\/07\/IMG-20230717-WA0006.jpg","datePublished":"2023-07-17T13:07:09+00:00","breadcrumb":{"@id":"https:\/\/noticiasmercedinas.com\/site\/2023\/07\/17\/oscar-rossello-y-su-banda-se-presentaran-en-tecnopolis\/#breadcrumb"},"inLanguage":"es","potentialAction":[{"@type":"ReadAction","target":["https:\/\/noticiasmercedinas.com\/site\/2023\/07\/17\/oscar-rossello-y-su-banda-se-presentaran-en-tecnopolis\/"]}]},{"@type":"ImageObject","inLanguage":"es","@id":"https:\/\/noticiasmercedinas.com\/site\/2023\/07\/17\/oscar-rossello-y-su-banda-se-presentaran-en-tecnopolis\/#primaryimage","url":"https:\/\/noticiasmercedinas.com\/site\/wp-content\/uploads\/2023\/07\/IMG-20230717-WA0006.jpg","contentUrl":"https:\/\/noticiasmercedinas.com\/site\/wp-content\/uploads\/2023\/07\/IMG-20230717-WA0006.jpg","width":768,"height":569},{"@type":"BreadcrumbList","@id":"https:\/\/noticiasmercedinas.com\/site\/2023\/07\/17\/oscar-rossello-y-su-banda-se-presentaran-en-tecnopolis\/#breadcrumb","itemListElement":[{"@type":"ListItem","position":1,"name":"Portada","item":"https:\/\/noticiasmercedinas.com\/site\/"},{"@type":"ListItem","position":2,"name":"Oscar Rossello y su banda se presentar\u00e1n en Tecn\u00f3polis"}]},{"@type":"WebSite","@id":"https:\/\/noticiasmercedinas.com\/site\/#website","url":"https:\/\/noticiasmercedinas.com\/site\/","name":"NOTICIASMERCEDINAS.COM","description":"Mercedes, Buenos Aires, Argentina","publisher":{"@id":"https:\/\/noticiasmercedinas.com\/site\/#organization"},"potentialAction":[{"@type":"SearchAction","target":{"@type":"EntryPoint","urlTemplate":"https:\/\/noticiasmercedinas.com\/site\/?s={search_term_string}"},"query-input":{"@type":"PropertyValueSpecification","valueRequired":true,"valueName":"search_term_string"}}],"inLanguage":"es"},{"@type":"Organization","@id":"https:\/\/noticiasmercedinas.com\/site\/#organization","name":"NOTICIASMERCEDINAS.COM","url":"https:\/\/noticiasmercedinas.com\/site\/","logo":{"@type":"ImageObject","inLanguage":"es","@id":"https:\/\/noticiasmercedinas.com\/site\/#\/schema\/logo\/image\/","url":"https:\/\/noticiasmercedinas.com\/site\/wp-content\/uploads\/2020\/06\/LOGO-512.jpg","contentUrl":"https:\/\/noticiasmercedinas.com\/site\/wp-content\/uploads\/2020\/06\/LOGO-512.jpg","width":512,"height":512,"caption":"NOTICIASMERCEDINAS.COM"},"image":{"@id":"https:\/\/noticiasmercedinas.com\/site\/#\/schema\/logo\/image\/"},"sameAs":["https:\/\/www.facebook.com\/noticiasmercedinas\/","https:\/\/x.com\/notmercedinas","https:\/\/www.instagram.com\/noticiasmercedinas\/"]},{"@type":"Person","@id":"https:\/\/noticiasmercedinas.com\/site\/#\/schema\/person\/84b59c099c28ff2e8b77d4ceec5d8063","name":"NOTICIASMERCEDINAS.COM","image":{"@type":"ImageObject","inLanguage":"es","@id":"https:\/\/secure.gravatar.com\/avatar\/4dfbf16b4d17945bfb6341b2d19043457132fcf478a5ee04f42e959fd8f5df0a?s=96&d=mm&r=g","url":"https:\/\/secure.gravatar.com\/avatar\/4dfbf16b4d17945bfb6341b2d19043457132fcf478a5ee04f42e959fd8f5df0a?s=96&d=mm&r=g","contentUrl":"https:\/\/secure.gravatar.com\/avatar\/4dfbf16b4d17945bfb6341b2d19043457132fcf478a5ee04f42e959fd8f5df0a?s=96&d=mm&r=g","caption":"NOTICIASMERCEDINAS.COM"},"url":"https:\/\/noticiasmercedinas.com\/site\/author\/anonimo\/"}]}},"amp_enabled":true,"_links":{"self":[{"href":"https:\/\/noticiasmercedinas.com\/site\/wp-json\/wp\/v2\/posts\/119234","targetHints":{"allow":["GET"]}}],"collection":[{"href":"https:\/\/noticiasmercedinas.com\/site\/wp-json\/wp\/v2\/posts"}],"about":[{"href":"https:\/\/noticiasmercedinas.com\/site\/wp-json\/wp\/v2\/types\/post"}],"author":[{"embeddable":true,"href":"https:\/\/noticiasmercedinas.com\/site\/wp-json\/wp\/v2\/users\/16"}],"replies":[{"embeddable":true,"href":"https:\/\/noticiasmercedinas.com\/site\/wp-json\/wp\/v2\/comments?post=119234"}],"version-history":[{"count":1,"href":"https:\/\/noticiasmercedinas.com\/site\/wp-json\/wp\/v2\/posts\/119234\/revisions"}],"predecessor-version":[{"id":119238,"href":"https:\/\/noticiasmercedinas.com\/site\/wp-json\/wp\/v2\/posts\/119234\/revisions\/119238"}],"wp:featuredmedia":[{"embeddable":true,"href":"https:\/\/noticiasmercedinas.com\/site\/wp-json\/wp\/v2\/media\/119235"}],"wp:attachment":[{"href":"https:\/\/noticiasmercedinas.com\/site\/wp-json\/wp\/v2\/media?parent=119234"}],"wp:term":[{"taxonomy":"category","embeddable":true,"href":"https:\/\/noticiasmercedinas.com\/site\/wp-json\/wp\/v2\/categories?post=119234"},{"taxonomy":"post_tag","embeddable":true,"href":"https:\/\/noticiasmercedinas.com\/site\/wp-json\/wp\/v2\/tags?post=119234"}],"curies":[{"name":"wp","href":"https:\/\/api.w.org\/{rel}","templated":true}]}}