{"id":119294,"date":"2023-07-17T17:40:36","date_gmt":"2023-07-17T20:40:36","guid":{"rendered":"https:\/\/noticiasmercedinas.com\/site\/?p=119294"},"modified":"2023-07-17T17:40:36","modified_gmt":"2023-07-17T20:40:36","slug":"chivilcoy-intendente-presento-nuevo-colaborador-en-area-de-seguridad-y-volvio-a-reclamar-por-coparticipacion","status":"publish","type":"post","link":"https:\/\/noticiasmercedinas.com\/site\/2023\/07\/17\/chivilcoy-intendente-presento-nuevo-colaborador-en-area-de-seguridad-y-volvio-a-reclamar-por-coparticipacion\/","title":{"rendered":"Chivilcoy: intendente present\u00f3 nuevo colaborador en \u00e1rea de Seguridad y volvi\u00f3 a reclamar por coparticipaci\u00f3n"},"content":{"rendered":"<p><img loading=\"lazy\" decoding=\"async\" class=\"alignnone size-large wp-image-119295\" src=\"https:\/\/noticiasmercedinas.com\/site\/wp-content\/uploads\/2023\/07\/DSC_3391-1024x683.jpg\" alt=\"\" width=\"640\" height=\"427\" srcset=\"https:\/\/noticiasmercedinas.com\/site\/wp-content\/uploads\/2023\/07\/DSC_3391-1024x683.jpg 1024w, https:\/\/noticiasmercedinas.com\/site\/wp-content\/uploads\/2023\/07\/DSC_3391-300x200.jpg 300w, https:\/\/noticiasmercedinas.com\/site\/wp-content\/uploads\/2023\/07\/DSC_3391-768x512.jpg 768w, https:\/\/noticiasmercedinas.com\/site\/wp-content\/uploads\/2023\/07\/DSC_3391-1536x1024.jpg 1536w, https:\/\/noticiasmercedinas.com\/site\/wp-content\/uploads\/2023\/07\/DSC_3391-640x427.jpg 640w, https:\/\/noticiasmercedinas.com\/site\/wp-content\/uploads\/2023\/07\/DSC_3391-1280x853.jpg 1280w, https:\/\/noticiasmercedinas.com\/site\/wp-content\/uploads\/2023\/07\/DSC_3391-681x454.jpg 681w, https:\/\/noticiasmercedinas.com\/site\/wp-content\/uploads\/2023\/07\/DSC_3391-1362x908.jpg 1362w, https:\/\/noticiasmercedinas.com\/site\/wp-content\/uploads\/2023\/07\/DSC_3391.jpg 1620w\" sizes=\"auto, (max-width: 640px) 100vw, 640px\" \/><\/p>\n<p>El intendente de Chivilcoy, <strong>Guillermo Britos<\/strong>, atendi\u00f3 a los vecinos en el marco de una nueva Salida de Gabinete, llevada a cabo en el SUM Favaloro, acompa\u00f1ado por funcionarios municipales.<\/p>\n<p>\u00abSe acerc\u00f3 un grupo de vecinos con temas f\u00e1ciles de solucionar y se reiter\u00f3 en algunos casos el pedido de viviendas y de trabajo\u00bb, se\u00f1al\u00f3.<\/p>\n<p>En cuanto a la Coparticipaci\u00f3n, sostuvo: \u00abCuando los candidatos a gobernador han estado en municipios saben de qu\u00e9 se habla\u00bb.<\/p>\n<p>\u00abLos municipios no pueden seguir dependiendo de las migajas que env\u00eda la Provincia, tenemos que ir hac\u00eda la autonom\u00eda\u00bb, remarc\u00f3. Y en este sentido apunt\u00f3: \u00abLa Coparticipaci\u00f3n aument\u00f3 s\u00f3lo un 1.9% mientras tenemos una inflaci\u00f3n de 6 puntos y tenemos que dar un aumento del 15% para los empleados municipales y los municipios no tenemos la posibilidad de endeudarnos\u00bb.<\/p>\n<p>\u00abTenemos que exigir que Chivilcoy reciba lo que merece, eso es lo que pedimos; y que se dejen de manejar los fondos con discrecionalidad s\u00f3lo para beneficiar a los amigos\u00bb, enfatiz\u00f3.<\/p>\n<p>Luego, el Mandatario inform\u00f3: \u00abAyer le envi\u00e9 al gobernador Kicillof un v\u00eddeo del CUCH para que lo conozca, porque v\u00ed su apoyo a la creaci\u00f3n del Instituto de Chivilcoy, que antes era el proyecto para crear la Universidad\u00bb.<\/p>\n<p>\u00abEl Centro Universitario es un hecho concreto, tiene convenio con siete universidades nacionales, pero no recibimos ni dinero de Naci\u00f3n ni de Provincia para sostenerlo\u00bb, se\u00f1al\u00f3.<\/p>\n<p>Sobre el tema viviendas, el Intendente dijo: \u00abEstamos en proceso de finalizaci\u00f3n de 145; adem\u00e1s, hay cuatro manzanas a disposici\u00f3n -que consigui\u00f3 el Movimiento Evita- para construir m\u00e1s viviendas\u00bb.<\/p>\n<p>\u00abTambi\u00e9n estamos dispuestos a comprar quintas tanto sea para M\u00ed Primer Terreno o para que se puedan construir mas viviendas\u00bb, a\u00f1adi\u00f3.<\/p>\n<p>\u00abPero hay que gestionar y hacer obras sin chicanas ni golpes bajos, a nosotros nos gusta hablar de hechos concretos\u00bb, arremeti\u00f3. Al ser consultado por la cuesti\u00f3n de la Seguridad, el Jefe Comunal indic\u00f3:\u00a0\u00abEstamos viendo que hay hechos grav\u00edsimos de inseguridad en toda la Provincia y en todo el pa\u00eds\u00bb.<\/p>\n<p>\u00abEn Chivilcoy tambi\u00e9n pasas cosas, pero no s\u00e9 pueden comparar con la gravedad de lo que ocurre en otros lugares\u00bb, enfatiz\u00f3.<\/p>\n<p>\u00abAdem\u00e1s hay que dejar en claro un tema que vengo reclamando hace much\u00edsimos a\u00f1os, que es que que delinque debe quedar preso, pero esto es algo que depende de la Justicia\u00bb, sostuvo. En tanto, se\u00f1al\u00f3: \u00abPor ejemplo, ayer se detuvo a una persona en Gorostiaga mientras comet\u00eda un delito. Es importante avisar en el Destacamento cuando se ve algo sospechoso\u00bb.<\/p>\n<p>\u00abEn los a\u00f1os electorales todos los temas se potencian lamentablemente. Por eso le pedimos a los vecinos que est\u00e9n atentos y colaboren para poder prevenir hechos m\u00e1s graves\u00bb, remarc\u00f3.<\/p>\n<p>A continuaci\u00f3n, present\u00f3 al comisario inspector recientemente jubilado, Luis Antonelli, quien se suma a colaborar en la Secretar\u00eda de Seguridad, a Arturo Pertosa y todo el equipo.<\/p>\n<p>Por su parte, el propio Antonelli cont\u00f3: \u00abHace un poco m\u00e1s de un mes que me jubil\u00e9, tengo 33 a\u00f1os de antig\u00fcedad en la fuerza\u00bb.<\/p>\n<p>\u00abEl ciudadano debe sentirse protegido y contenido, para eso trabajamos, y vengo a aportar mi colaboraci\u00f3n en este sentido\u00bb, puntualiz\u00f3. \u00abEs fundamental que el vecino ante cualquier hecho sospechoso haga el llamado al 911 porque siempre es muy importante trabajar en la prevenci\u00f3n\u00bb, cerr\u00f3.<\/p>\n","protected":false},"excerpt":{"rendered":"<p>El intendente de Chivilcoy, Guillermo Britos, atendi\u00f3 a los vecinos en el marco de una nueva Salida de Gabinete, llevada a cabo en el SUM Favaloro, acompa\u00f1ado por funcionarios municipales. \u00abSe acerc\u00f3 un grupo de vecinos con temas f\u00e1ciles de solucionar y se reiter\u00f3 en algunos casos el pedido de viviendas y de trabajo\u00bb, se\u00f1al\u00f3. [&hellip;]<\/p>\n","protected":false},"author":16,"featured_media":119295,"comment_status":"closed","ping_status":"closed","sticky":false,"template":"","format":"standard","meta":{"footnotes":""},"categories":[139],"tags":[203,8382,837],"class_list":["post-119294","post","type-post","status-publish","format-standard","has-post-thumbnail","hentry","category-regionales","tag-chivilcoy","tag-coparticipacion","tag-guillermo-britos"],"yoast_head":"<!-- This site is optimized with the Yoast SEO plugin v27.5 - https:\/\/yoast.com\/product\/yoast-seo-wordpress\/ -->\n<title>Chivilcoy: intendente present\u00f3 nuevo colaborador en \u00e1rea de Seguridad y volvi\u00f3 a reclamar por coparticipaci\u00f3n<\/title>\n<meta name=\"robots\" content=\"index, follow, max-snippet:-1, max-image-preview:large, max-video-preview:-1\" \/>\n<link rel=\"canonical\" href=\"https:\/\/noticiasmercedinas.com\/site\/2023\/07\/17\/chivilcoy-intendente-presento-nuevo-colaborador-en-area-de-seguridad-y-volvio-a-reclamar-por-coparticipacion\/\" \/>\n<meta property=\"og:locale\" content=\"es_ES\" \/>\n<meta property=\"og:type\" content=\"article\" \/>\n<meta property=\"og:title\" content=\"Chivilcoy: intendente present\u00f3 nuevo colaborador en \u00e1rea de Seguridad y volvi\u00f3 a reclamar por coparticipaci\u00f3n\" \/>\n<meta property=\"og:description\" content=\"El intendente de Chivilcoy, Guillermo Britos, atendi\u00f3 a los vecinos en el marco de una nueva Salida de Gabinete, llevada a cabo en el SUM Favaloro, acompa\u00f1ado por funcionarios municipales. \u00abSe acerc\u00f3 un grupo de vecinos con temas f\u00e1ciles de solucionar y se reiter\u00f3 en algunos casos el pedido de viviendas y de trabajo\u00bb, se\u00f1al\u00f3. [&hellip;]\" \/>\n<meta property=\"og:url\" content=\"https:\/\/noticiasmercedinas.com\/site\/2023\/07\/17\/chivilcoy-intendente-presento-nuevo-colaborador-en-area-de-seguridad-y-volvio-a-reclamar-por-coparticipacion\/\" \/>\n<meta property=\"og:site_name\" content=\"NOTICIASMERCEDINAS.COM\" \/>\n<meta property=\"article:publisher\" content=\"https:\/\/www.facebook.com\/noticiasmercedinas\/\" \/>\n<meta property=\"article:published_time\" content=\"2023-07-17T20:40:36+00:00\" \/>\n<meta property=\"og:image\" content=\"https:\/\/noticiasmercedinas.com\/site\/wp-content\/uploads\/2023\/07\/DSC_3391.jpg\" \/>\n\t<meta property=\"og:image:width\" content=\"1620\" \/>\n\t<meta property=\"og:image:height\" content=\"1080\" \/>\n\t<meta property=\"og:image:type\" content=\"image\/jpeg\" \/>\n<meta name=\"author\" content=\"NOTICIASMERCEDINAS.COM\" \/>\n<meta name=\"twitter:card\" content=\"summary_large_image\" \/>\n<meta name=\"twitter:creator\" content=\"@notmercedinas\" \/>\n<meta name=\"twitter:site\" content=\"@notmercedinas\" \/>\n<meta name=\"twitter:label1\" content=\"Escrito por\" \/>\n\t<meta name=\"twitter:data1\" content=\"NOTICIASMERCEDINAS.COM\" \/>\n\t<meta name=\"twitter:label2\" content=\"Tiempo de lectura\" \/>\n\t<meta name=\"twitter:data2\" content=\"3 minutos\" \/>\n<script type=\"application\/ld+json\" class=\"yoast-schema-graph\">{\"@context\":\"https:\\\/\\\/schema.org\",\"@graph\":[{\"@type\":\"Article\",\"@id\":\"https:\\\/\\\/noticiasmercedinas.com\\\/site\\\/2023\\\/07\\\/17\\\/chivilcoy-intendente-presento-nuevo-colaborador-en-area-de-seguridad-y-volvio-a-reclamar-por-coparticipacion\\\/#article\",\"isPartOf\":{\"@id\":\"https:\\\/\\\/noticiasmercedinas.com\\\/site\\\/2023\\\/07\\\/17\\\/chivilcoy-intendente-presento-nuevo-colaborador-en-area-de-seguridad-y-volvio-a-reclamar-por-coparticipacion\\\/\"},\"author\":{\"name\":\"NOTICIASMERCEDINAS.COM\",\"@id\":\"https:\\\/\\\/noticiasmercedinas.com\\\/site\\\/#\\\/schema\\\/person\\\/84b59c099c28ff2e8b77d4ceec5d8063\"},\"headline\":\"Chivilcoy: intendente present\u00f3 nuevo colaborador en \u00e1rea de Seguridad y volvi\u00f3 a reclamar por coparticipaci\u00f3n\",\"datePublished\":\"2023-07-17T20:40:36+00:00\",\"mainEntityOfPage\":{\"@id\":\"https:\\\/\\\/noticiasmercedinas.com\\\/site\\\/2023\\\/07\\\/17\\\/chivilcoy-intendente-presento-nuevo-colaborador-en-area-de-seguridad-y-volvio-a-reclamar-por-coparticipacion\\\/\"},\"wordCount\":586,\"publisher\":{\"@id\":\"https:\\\/\\\/noticiasmercedinas.com\\\/site\\\/#organization\"},\"image\":{\"@id\":\"https:\\\/\\\/noticiasmercedinas.com\\\/site\\\/2023\\\/07\\\/17\\\/chivilcoy-intendente-presento-nuevo-colaborador-en-area-de-seguridad-y-volvio-a-reclamar-por-coparticipacion\\\/#primaryimage\"},\"thumbnailUrl\":\"https:\\\/\\\/noticiasmercedinas.com\\\/site\\\/wp-content\\\/uploads\\\/2023\\\/07\\\/DSC_3391.jpg\",\"keywords\":[\"chivilcoy\",\"coparticipaci\u00f3n\",\"Guillermo Britos\"],\"articleSection\":[\"Regionales\"],\"inLanguage\":\"es\"},{\"@type\":\"WebPage\",\"@id\":\"https:\\\/\\\/noticiasmercedinas.com\\\/site\\\/2023\\\/07\\\/17\\\/chivilcoy-intendente-presento-nuevo-colaborador-en-area-de-seguridad-y-volvio-a-reclamar-por-coparticipacion\\\/\",\"url\":\"https:\\\/\\\/noticiasmercedinas.com\\\/site\\\/2023\\\/07\\\/17\\\/chivilcoy-intendente-presento-nuevo-colaborador-en-area-de-seguridad-y-volvio-a-reclamar-por-coparticipacion\\\/\",\"name\":\"Chivilcoy: intendente present\u00f3 nuevo colaborador en \u00e1rea de Seguridad y volvi\u00f3 a reclamar por coparticipaci\u00f3n\",\"isPartOf\":{\"@id\":\"https:\\\/\\\/noticiasmercedinas.com\\\/site\\\/#website\"},\"primaryImageOfPage\":{\"@id\":\"https:\\\/\\\/noticiasmercedinas.com\\\/site\\\/2023\\\/07\\\/17\\\/chivilcoy-intendente-presento-nuevo-colaborador-en-area-de-seguridad-y-volvio-a-reclamar-por-coparticipacion\\\/#primaryimage\"},\"image\":{\"@id\":\"https:\\\/\\\/noticiasmercedinas.com\\\/site\\\/2023\\\/07\\\/17\\\/chivilcoy-intendente-presento-nuevo-colaborador-en-area-de-seguridad-y-volvio-a-reclamar-por-coparticipacion\\\/#primaryimage\"},\"thumbnailUrl\":\"https:\\\/\\\/noticiasmercedinas.com\\\/site\\\/wp-content\\\/uploads\\\/2023\\\/07\\\/DSC_3391.jpg\",\"datePublished\":\"2023-07-17T20:40:36+00:00\",\"breadcrumb\":{\"@id\":\"https:\\\/\\\/noticiasmercedinas.com\\\/site\\\/2023\\\/07\\\/17\\\/chivilcoy-intendente-presento-nuevo-colaborador-en-area-de-seguridad-y-volvio-a-reclamar-por-coparticipacion\\\/#breadcrumb\"},\"inLanguage\":\"es\",\"potentialAction\":[{\"@type\":\"ReadAction\",\"target\":[\"https:\\\/\\\/noticiasmercedinas.com\\\/site\\\/2023\\\/07\\\/17\\\/chivilcoy-intendente-presento-nuevo-colaborador-en-area-de-seguridad-y-volvio-a-reclamar-por-coparticipacion\\\/\"]}]},{\"@type\":\"ImageObject\",\"inLanguage\":\"es\",\"@id\":\"https:\\\/\\\/noticiasmercedinas.com\\\/site\\\/2023\\\/07\\\/17\\\/chivilcoy-intendente-presento-nuevo-colaborador-en-area-de-seguridad-y-volvio-a-reclamar-por-coparticipacion\\\/#primaryimage\",\"url\":\"https:\\\/\\\/noticiasmercedinas.com\\\/site\\\/wp-content\\\/uploads\\\/2023\\\/07\\\/DSC_3391.jpg\",\"contentUrl\":\"https:\\\/\\\/noticiasmercedinas.com\\\/site\\\/wp-content\\\/uploads\\\/2023\\\/07\\\/DSC_3391.jpg\",\"width\":1620,\"height\":1080},{\"@type\":\"BreadcrumbList\",\"@id\":\"https:\\\/\\\/noticiasmercedinas.com\\\/site\\\/2023\\\/07\\\/17\\\/chivilcoy-intendente-presento-nuevo-colaborador-en-area-de-seguridad-y-volvio-a-reclamar-por-coparticipacion\\\/#breadcrumb\",\"itemListElement\":[{\"@type\":\"ListItem\",\"position\":1,\"name\":\"Portada\",\"item\":\"https:\\\/\\\/noticiasmercedinas.com\\\/site\\\/\"},{\"@type\":\"ListItem\",\"position\":2,\"name\":\"Chivilcoy: intendente present\u00f3 nuevo colaborador en \u00e1rea de Seguridad y volvi\u00f3 a reclamar por coparticipaci\u00f3n\"}]},{\"@type\":\"WebSite\",\"@id\":\"https:\\\/\\\/noticiasmercedinas.com\\\/site\\\/#website\",\"url\":\"https:\\\/\\\/noticiasmercedinas.com\\\/site\\\/\",\"name\":\"NOTICIASMERCEDINAS.COM\",\"description\":\"Mercedes, Buenos Aires, Argentina\",\"publisher\":{\"@id\":\"https:\\\/\\\/noticiasmercedinas.com\\\/site\\\/#organization\"},\"potentialAction\":[{\"@type\":\"SearchAction\",\"target\":{\"@type\":\"EntryPoint\",\"urlTemplate\":\"https:\\\/\\\/noticiasmercedinas.com\\\/site\\\/?s={search_term_string}\"},\"query-input\":{\"@type\":\"PropertyValueSpecification\",\"valueRequired\":true,\"valueName\":\"search_term_string\"}}],\"inLanguage\":\"es\"},{\"@type\":\"Organization\",\"@id\":\"https:\\\/\\\/noticiasmercedinas.com\\\/site\\\/#organization\",\"name\":\"NOTICIASMERCEDINAS.COM\",\"url\":\"https:\\\/\\\/noticiasmercedinas.com\\\/site\\\/\",\"logo\":{\"@type\":\"ImageObject\",\"inLanguage\":\"es\",\"@id\":\"https:\\\/\\\/noticiasmercedinas.com\\\/site\\\/#\\\/schema\\\/logo\\\/image\\\/\",\"url\":\"https:\\\/\\\/noticiasmercedinas.com\\\/site\\\/wp-content\\\/uploads\\\/2020\\\/06\\\/LOGO-512.jpg\",\"contentUrl\":\"https:\\\/\\\/noticiasmercedinas.com\\\/site\\\/wp-content\\\/uploads\\\/2020\\\/06\\\/LOGO-512.jpg\",\"width\":512,\"height\":512,\"caption\":\"NOTICIASMERCEDINAS.COM\"},\"image\":{\"@id\":\"https:\\\/\\\/noticiasmercedinas.com\\\/site\\\/#\\\/schema\\\/logo\\\/image\\\/\"},\"sameAs\":[\"https:\\\/\\\/www.facebook.com\\\/noticiasmercedinas\\\/\",\"https:\\\/\\\/x.com\\\/notmercedinas\",\"https:\\\/\\\/www.instagram.com\\\/noticiasmercedinas\\\/\"]},{\"@type\":\"Person\",\"@id\":\"https:\\\/\\\/noticiasmercedinas.com\\\/site\\\/#\\\/schema\\\/person\\\/84b59c099c28ff2e8b77d4ceec5d8063\",\"name\":\"NOTICIASMERCEDINAS.COM\",\"image\":{\"@type\":\"ImageObject\",\"inLanguage\":\"es\",\"@id\":\"https:\\\/\\\/secure.gravatar.com\\\/avatar\\\/4dfbf16b4d17945bfb6341b2d19043457132fcf478a5ee04f42e959fd8f5df0a?s=96&d=mm&r=g\",\"url\":\"https:\\\/\\\/secure.gravatar.com\\\/avatar\\\/4dfbf16b4d17945bfb6341b2d19043457132fcf478a5ee04f42e959fd8f5df0a?s=96&d=mm&r=g\",\"contentUrl\":\"https:\\\/\\\/secure.gravatar.com\\\/avatar\\\/4dfbf16b4d17945bfb6341b2d19043457132fcf478a5ee04f42e959fd8f5df0a?s=96&d=mm&r=g\",\"caption\":\"NOTICIASMERCEDINAS.COM\"},\"url\":\"https:\\\/\\\/noticiasmercedinas.com\\\/site\\\/author\\\/anonimo\\\/\"}]}<\/script>\n<!-- \/ Yoast SEO plugin. -->","yoast_head_json":{"title":"Chivilcoy: intendente present\u00f3 nuevo colaborador en \u00e1rea de Seguridad y volvi\u00f3 a reclamar por coparticipaci\u00f3n","robots":{"index":"index","follow":"follow","max-snippet":"max-snippet:-1","max-image-preview":"max-image-preview:large","max-video-preview":"max-video-preview:-1"},"canonical":"https:\/\/noticiasmercedinas.com\/site\/2023\/07\/17\/chivilcoy-intendente-presento-nuevo-colaborador-en-area-de-seguridad-y-volvio-a-reclamar-por-coparticipacion\/","og_locale":"es_ES","og_type":"article","og_title":"Chivilcoy: intendente present\u00f3 nuevo colaborador en \u00e1rea de Seguridad y volvi\u00f3 a reclamar por coparticipaci\u00f3n","og_description":"El intendente de Chivilcoy, Guillermo Britos, atendi\u00f3 a los vecinos en el marco de una nueva Salida de Gabinete, llevada a cabo en el SUM Favaloro, acompa\u00f1ado por funcionarios municipales. \u00abSe acerc\u00f3 un grupo de vecinos con temas f\u00e1ciles de solucionar y se reiter\u00f3 en algunos casos el pedido de viviendas y de trabajo\u00bb, se\u00f1al\u00f3. [&hellip;]","og_url":"https:\/\/noticiasmercedinas.com\/site\/2023\/07\/17\/chivilcoy-intendente-presento-nuevo-colaborador-en-area-de-seguridad-y-volvio-a-reclamar-por-coparticipacion\/","og_site_name":"NOTICIASMERCEDINAS.COM","article_publisher":"https:\/\/www.facebook.com\/noticiasmercedinas\/","article_published_time":"2023-07-17T20:40:36+00:00","og_image":[{"width":1620,"height":1080,"url":"https:\/\/noticiasmercedinas.com\/site\/wp-content\/uploads\/2023\/07\/DSC_3391.jpg","type":"image\/jpeg"}],"author":"NOTICIASMERCEDINAS.COM","twitter_card":"summary_large_image","twitter_creator":"@notmercedinas","twitter_site":"@notmercedinas","twitter_misc":{"Escrito por":"NOTICIASMERCEDINAS.COM","Tiempo de lectura":"3 minutos"},"schema":{"@context":"https:\/\/schema.org","@graph":[{"@type":"Article","@id":"https:\/\/noticiasmercedinas.com\/site\/2023\/07\/17\/chivilcoy-intendente-presento-nuevo-colaborador-en-area-de-seguridad-y-volvio-a-reclamar-por-coparticipacion\/#article","isPartOf":{"@id":"https:\/\/noticiasmercedinas.com\/site\/2023\/07\/17\/chivilcoy-intendente-presento-nuevo-colaborador-en-area-de-seguridad-y-volvio-a-reclamar-por-coparticipacion\/"},"author":{"name":"NOTICIASMERCEDINAS.COM","@id":"https:\/\/noticiasmercedinas.com\/site\/#\/schema\/person\/84b59c099c28ff2e8b77d4ceec5d8063"},"headline":"Chivilcoy: intendente present\u00f3 nuevo colaborador en \u00e1rea de Seguridad y volvi\u00f3 a reclamar por coparticipaci\u00f3n","datePublished":"2023-07-17T20:40:36+00:00","mainEntityOfPage":{"@id":"https:\/\/noticiasmercedinas.com\/site\/2023\/07\/17\/chivilcoy-intendente-presento-nuevo-colaborador-en-area-de-seguridad-y-volvio-a-reclamar-por-coparticipacion\/"},"wordCount":586,"publisher":{"@id":"https:\/\/noticiasmercedinas.com\/site\/#organization"},"image":{"@id":"https:\/\/noticiasmercedinas.com\/site\/2023\/07\/17\/chivilcoy-intendente-presento-nuevo-colaborador-en-area-de-seguridad-y-volvio-a-reclamar-por-coparticipacion\/#primaryimage"},"thumbnailUrl":"https:\/\/noticiasmercedinas.com\/site\/wp-content\/uploads\/2023\/07\/DSC_3391.jpg","keywords":["chivilcoy","coparticipaci\u00f3n","Guillermo Britos"],"articleSection":["Regionales"],"inLanguage":"es"},{"@type":"WebPage","@id":"https:\/\/noticiasmercedinas.com\/site\/2023\/07\/17\/chivilcoy-intendente-presento-nuevo-colaborador-en-area-de-seguridad-y-volvio-a-reclamar-por-coparticipacion\/","url":"https:\/\/noticiasmercedinas.com\/site\/2023\/07\/17\/chivilcoy-intendente-presento-nuevo-colaborador-en-area-de-seguridad-y-volvio-a-reclamar-por-coparticipacion\/","name":"Chivilcoy: intendente present\u00f3 nuevo colaborador en \u00e1rea de Seguridad y volvi\u00f3 a reclamar por coparticipaci\u00f3n","isPartOf":{"@id":"https:\/\/noticiasmercedinas.com\/site\/#website"},"primaryImageOfPage":{"@id":"https:\/\/noticiasmercedinas.com\/site\/2023\/07\/17\/chivilcoy-intendente-presento-nuevo-colaborador-en-area-de-seguridad-y-volvio-a-reclamar-por-coparticipacion\/#primaryimage"},"image":{"@id":"https:\/\/noticiasmercedinas.com\/site\/2023\/07\/17\/chivilcoy-intendente-presento-nuevo-colaborador-en-area-de-seguridad-y-volvio-a-reclamar-por-coparticipacion\/#primaryimage"},"thumbnailUrl":"https:\/\/noticiasmercedinas.com\/site\/wp-content\/uploads\/2023\/07\/DSC_3391.jpg","datePublished":"2023-07-17T20:40:36+00:00","breadcrumb":{"@id":"https:\/\/noticiasmercedinas.com\/site\/2023\/07\/17\/chivilcoy-intendente-presento-nuevo-colaborador-en-area-de-seguridad-y-volvio-a-reclamar-por-coparticipacion\/#breadcrumb"},"inLanguage":"es","potentialAction":[{"@type":"ReadAction","target":["https:\/\/noticiasmercedinas.com\/site\/2023\/07\/17\/chivilcoy-intendente-presento-nuevo-colaborador-en-area-de-seguridad-y-volvio-a-reclamar-por-coparticipacion\/"]}]},{"@type":"ImageObject","inLanguage":"es","@id":"https:\/\/noticiasmercedinas.com\/site\/2023\/07\/17\/chivilcoy-intendente-presento-nuevo-colaborador-en-area-de-seguridad-y-volvio-a-reclamar-por-coparticipacion\/#primaryimage","url":"https:\/\/noticiasmercedinas.com\/site\/wp-content\/uploads\/2023\/07\/DSC_3391.jpg","contentUrl":"https:\/\/noticiasmercedinas.com\/site\/wp-content\/uploads\/2023\/07\/DSC_3391.jpg","width":1620,"height":1080},{"@type":"BreadcrumbList","@id":"https:\/\/noticiasmercedinas.com\/site\/2023\/07\/17\/chivilcoy-intendente-presento-nuevo-colaborador-en-area-de-seguridad-y-volvio-a-reclamar-por-coparticipacion\/#breadcrumb","itemListElement":[{"@type":"ListItem","position":1,"name":"Portada","item":"https:\/\/noticiasmercedinas.com\/site\/"},{"@type":"ListItem","position":2,"name":"Chivilcoy: intendente present\u00f3 nuevo colaborador en \u00e1rea de Seguridad y volvi\u00f3 a reclamar por coparticipaci\u00f3n"}]},{"@type":"WebSite","@id":"https:\/\/noticiasmercedinas.com\/site\/#website","url":"https:\/\/noticiasmercedinas.com\/site\/","name":"NOTICIASMERCEDINAS.COM","description":"Mercedes, Buenos Aires, Argentina","publisher":{"@id":"https:\/\/noticiasmercedinas.com\/site\/#organization"},"potentialAction":[{"@type":"SearchAction","target":{"@type":"EntryPoint","urlTemplate":"https:\/\/noticiasmercedinas.com\/site\/?s={search_term_string}"},"query-input":{"@type":"PropertyValueSpecification","valueRequired":true,"valueName":"search_term_string"}}],"inLanguage":"es"},{"@type":"Organization","@id":"https:\/\/noticiasmercedinas.com\/site\/#organization","name":"NOTICIASMERCEDINAS.COM","url":"https:\/\/noticiasmercedinas.com\/site\/","logo":{"@type":"ImageObject","inLanguage":"es","@id":"https:\/\/noticiasmercedinas.com\/site\/#\/schema\/logo\/image\/","url":"https:\/\/noticiasmercedinas.com\/site\/wp-content\/uploads\/2020\/06\/LOGO-512.jpg","contentUrl":"https:\/\/noticiasmercedinas.com\/site\/wp-content\/uploads\/2020\/06\/LOGO-512.jpg","width":512,"height":512,"caption":"NOTICIASMERCEDINAS.COM"},"image":{"@id":"https:\/\/noticiasmercedinas.com\/site\/#\/schema\/logo\/image\/"},"sameAs":["https:\/\/www.facebook.com\/noticiasmercedinas\/","https:\/\/x.com\/notmercedinas","https:\/\/www.instagram.com\/noticiasmercedinas\/"]},{"@type":"Person","@id":"https:\/\/noticiasmercedinas.com\/site\/#\/schema\/person\/84b59c099c28ff2e8b77d4ceec5d8063","name":"NOTICIASMERCEDINAS.COM","image":{"@type":"ImageObject","inLanguage":"es","@id":"https:\/\/secure.gravatar.com\/avatar\/4dfbf16b4d17945bfb6341b2d19043457132fcf478a5ee04f42e959fd8f5df0a?s=96&d=mm&r=g","url":"https:\/\/secure.gravatar.com\/avatar\/4dfbf16b4d17945bfb6341b2d19043457132fcf478a5ee04f42e959fd8f5df0a?s=96&d=mm&r=g","contentUrl":"https:\/\/secure.gravatar.com\/avatar\/4dfbf16b4d17945bfb6341b2d19043457132fcf478a5ee04f42e959fd8f5df0a?s=96&d=mm&r=g","caption":"NOTICIASMERCEDINAS.COM"},"url":"https:\/\/noticiasmercedinas.com\/site\/author\/anonimo\/"}]}},"amp_enabled":true,"_links":{"self":[{"href":"https:\/\/noticiasmercedinas.com\/site\/wp-json\/wp\/v2\/posts\/119294","targetHints":{"allow":["GET"]}}],"collection":[{"href":"https:\/\/noticiasmercedinas.com\/site\/wp-json\/wp\/v2\/posts"}],"about":[{"href":"https:\/\/noticiasmercedinas.com\/site\/wp-json\/wp\/v2\/types\/post"}],"author":[{"embeddable":true,"href":"https:\/\/noticiasmercedinas.com\/site\/wp-json\/wp\/v2\/users\/16"}],"replies":[{"embeddable":true,"href":"https:\/\/noticiasmercedinas.com\/site\/wp-json\/wp\/v2\/comments?post=119294"}],"version-history":[{"count":1,"href":"https:\/\/noticiasmercedinas.com\/site\/wp-json\/wp\/v2\/posts\/119294\/revisions"}],"predecessor-version":[{"id":119296,"href":"https:\/\/noticiasmercedinas.com\/site\/wp-json\/wp\/v2\/posts\/119294\/revisions\/119296"}],"wp:featuredmedia":[{"embeddable":true,"href":"https:\/\/noticiasmercedinas.com\/site\/wp-json\/wp\/v2\/media\/119295"}],"wp:attachment":[{"href":"https:\/\/noticiasmercedinas.com\/site\/wp-json\/wp\/v2\/media?parent=119294"}],"wp:term":[{"taxonomy":"category","embeddable":true,"href":"https:\/\/noticiasmercedinas.com\/site\/wp-json\/wp\/v2\/categories?post=119294"},{"taxonomy":"post_tag","embeddable":true,"href":"https:\/\/noticiasmercedinas.com\/site\/wp-json\/wp\/v2\/tags?post=119294"}],"curies":[{"name":"wp","href":"https:\/\/api.w.org\/{rel}","templated":true}]}}