{"id":119447,"date":"2023-07-20T12:29:20","date_gmt":"2023-07-20T15:29:20","guid":{"rendered":"https:\/\/noticiasmercedinas.com\/site\/?p=119447"},"modified":"2023-07-20T12:29:20","modified_gmt":"2023-07-20T15:29:20","slug":"oscar-rossello-y-su-banda-se-presentaron-en-la-ciudad-de-buenos-aires","status":"publish","type":"post","link":"https:\/\/noticiasmercedinas.com\/site\/2023\/07\/20\/oscar-rossello-y-su-banda-se-presentaron-en-la-ciudad-de-buenos-aires\/","title":{"rendered":"Oscar Rossello y su banda se presentaron en la Ciudad de Buenos Aires"},"content":{"rendered":"<p><img loading=\"lazy\" decoding=\"async\" class=\"alignnone size-full wp-image-119448\" src=\"https:\/\/noticiasmercedinas.com\/site\/wp-content\/uploads\/2023\/07\/oscar_rosselo.jpg\" alt=\"\" width=\"640\" height=\"388\" srcset=\"https:\/\/noticiasmercedinas.com\/site\/wp-content\/uploads\/2023\/07\/oscar_rosselo.jpg 640w, https:\/\/noticiasmercedinas.com\/site\/wp-content\/uploads\/2023\/07\/oscar_rosselo-300x182.jpg 300w\" sizes=\"auto, (max-width: 640px) 100vw, 640px\" \/><\/p>\n<p>Este mi\u00e9rcoles 19 de julio Tecn\u00f3polis vivi\u00f3 otra jornada de la Megamuestra 2023 en su 12\u00ba edici\u00f3n, bajo el lema \u201cLa potencia de lo Colectivo\u201d en el marco de los 40 a\u00f1os de democracia.<\/p>\n<p>Invitado por la Secretar\u00eda de Promoci\u00f3n de la Provincia, el cantautor mercedino <strong>Oscar Rossello<\/strong> brind\u00f3 su show musical en el Patio Federal promocionando la Fiesta Nacional del Salame Quintero Mercedino.<\/p>\n<p>El mercedino\u00a0ha compuesto los temas que se han convertido en himnos para las celebraciones mercedinas. Y de hecho la canci\u00f3n oficial de la Fiesta del Salame ha sido declarada incluso de inter\u00e9s legislativo y cultural.<\/p>\n<p>El show fue en un gran escenario y Rossello fue acompa\u00f1ado por Lucas Catapano en bater\u00eda, Jes\u00fas L\u00f3pez en percusi\u00f3n, Agust\u00edn Vita en bajo, Guido Patern\u00e9si en guitarra el\u00e9ctrica y Manu Alfonso en guitarra r\u00edtmica.<\/p>\n<p><img loading=\"lazy\" decoding=\"async\" class=\"alignnone size-large wp-image-119449\" src=\"https:\/\/noticiasmercedinas.com\/site\/wp-content\/uploads\/2023\/07\/2ec4affa-3f6c-48e7-8ee6-86c41be96f6c-1024x768.jpg\" alt=\"\" width=\"640\" height=\"480\" srcset=\"https:\/\/noticiasmercedinas.com\/site\/wp-content\/uploads\/2023\/07\/2ec4affa-3f6c-48e7-8ee6-86c41be96f6c-1024x768.jpg 1024w, https:\/\/noticiasmercedinas.com\/site\/wp-content\/uploads\/2023\/07\/2ec4affa-3f6c-48e7-8ee6-86c41be96f6c-300x225.jpg 300w, https:\/\/noticiasmercedinas.com\/site\/wp-content\/uploads\/2023\/07\/2ec4affa-3f6c-48e7-8ee6-86c41be96f6c-768x576.jpg 768w, https:\/\/noticiasmercedinas.com\/site\/wp-content\/uploads\/2023\/07\/2ec4affa-3f6c-48e7-8ee6-86c41be96f6c-1536x1152.jpg 1536w, https:\/\/noticiasmercedinas.com\/site\/wp-content\/uploads\/2023\/07\/2ec4affa-3f6c-48e7-8ee6-86c41be96f6c-80x60.jpg 80w, https:\/\/noticiasmercedinas.com\/site\/wp-content\/uploads\/2023\/07\/2ec4affa-3f6c-48e7-8ee6-86c41be96f6c-160x120.jpg 160w, https:\/\/noticiasmercedinas.com\/site\/wp-content\/uploads\/2023\/07\/2ec4affa-3f6c-48e7-8ee6-86c41be96f6c-100x75.jpg 100w, https:\/\/noticiasmercedinas.com\/site\/wp-content\/uploads\/2023\/07\/2ec4affa-3f6c-48e7-8ee6-86c41be96f6c-200x150.jpg 200w, https:\/\/noticiasmercedinas.com\/site\/wp-content\/uploads\/2023\/07\/2ec4affa-3f6c-48e7-8ee6-86c41be96f6c-180x135.jpg 180w, https:\/\/noticiasmercedinas.com\/site\/wp-content\/uploads\/2023\/07\/2ec4affa-3f6c-48e7-8ee6-86c41be96f6c-360x270.jpg 360w, https:\/\/noticiasmercedinas.com\/site\/wp-content\/uploads\/2023\/07\/2ec4affa-3f6c-48e7-8ee6-86c41be96f6c-238x178.jpg 238w, https:\/\/noticiasmercedinas.com\/site\/wp-content\/uploads\/2023\/07\/2ec4affa-3f6c-48e7-8ee6-86c41be96f6c-476x356.jpg 476w, https:\/\/noticiasmercedinas.com\/site\/wp-content\/uploads\/2023\/07\/2ec4affa-3f6c-48e7-8ee6-86c41be96f6c-640x480.jpg 640w, https:\/\/noticiasmercedinas.com\/site\/wp-content\/uploads\/2023\/07\/2ec4affa-3f6c-48e7-8ee6-86c41be96f6c-1280x960.jpg 1280w, https:\/\/noticiasmercedinas.com\/site\/wp-content\/uploads\/2023\/07\/2ec4affa-3f6c-48e7-8ee6-86c41be96f6c-681x511.jpg 681w, https:\/\/noticiasmercedinas.com\/site\/wp-content\/uploads\/2023\/07\/2ec4affa-3f6c-48e7-8ee6-86c41be96f6c-1362x1022.jpg 1362w, https:\/\/noticiasmercedinas.com\/site\/wp-content\/uploads\/2023\/07\/2ec4affa-3f6c-48e7-8ee6-86c41be96f6c.jpg 1600w\" sizes=\"auto, (max-width: 640px) 100vw, 640px\" \/><\/p>\n<p>&nbsp;<\/p>\n","protected":false},"excerpt":{"rendered":"<p>\u25a0 Actuaron en Tecn\u00f3polis, que vivi\u00f3 otra jornada de la Megamuestra 2023 en su 12\u00ba edici\u00f3n, bajo el lema \u201cLa potencia de lo Colectivo\u201d en el marco de los 40 a\u00f1os de democracia.<\/p>\n","protected":false},"author":16,"featured_media":119448,"comment_status":"closed","ping_status":"closed","sticky":false,"template":"","format":"standard","meta":{"footnotes":""},"categories":[4],"tags":[2451,12682],"class_list":["post-119447","post","type-post","status-publish","format-standard","has-post-thumbnail","hentry","category-cultura","tag-oscar-rossello","tag-tecnopolis"],"yoast_head":"<!-- This site is optimized with the Yoast SEO plugin v27.5 - https:\/\/yoast.com\/product\/yoast-seo-wordpress\/ -->\n<title>Oscar Rossello y su banda se presentaron en la Ciudad de Buenos Aires<\/title>\n<meta name=\"robots\" content=\"index, follow, max-snippet:-1, max-image-preview:large, max-video-preview:-1\" \/>\n<link rel=\"canonical\" href=\"https:\/\/noticiasmercedinas.com\/site\/2023\/07\/20\/oscar-rossello-y-su-banda-se-presentaron-en-la-ciudad-de-buenos-aires\/\" \/>\n<meta property=\"og:locale\" content=\"es_ES\" \/>\n<meta property=\"og:type\" content=\"article\" \/>\n<meta property=\"og:title\" content=\"Oscar Rossello y su banda se presentaron en la Ciudad de Buenos Aires\" \/>\n<meta property=\"og:description\" content=\"\u25a0 Actuaron en Tecn\u00f3polis, que vivi\u00f3 otra jornada de la Megamuestra 2023 en su 12\u00ba edici\u00f3n, bajo el lema \u201cLa potencia de lo Colectivo\u201d en el marco de los 40 a\u00f1os de democracia.\" \/>\n<meta property=\"og:url\" content=\"https:\/\/noticiasmercedinas.com\/site\/2023\/07\/20\/oscar-rossello-y-su-banda-se-presentaron-en-la-ciudad-de-buenos-aires\/\" \/>\n<meta property=\"og:site_name\" content=\"NOTICIASMERCEDINAS.COM\" \/>\n<meta property=\"article:publisher\" content=\"https:\/\/www.facebook.com\/noticiasmercedinas\/\" \/>\n<meta property=\"article:published_time\" content=\"2023-07-20T15:29:20+00:00\" \/>\n<meta property=\"og:image\" content=\"https:\/\/noticiasmercedinas.com\/site\/wp-content\/uploads\/2023\/07\/oscar_rosselo.jpg\" \/>\n\t<meta property=\"og:image:width\" content=\"640\" \/>\n\t<meta property=\"og:image:height\" content=\"388\" \/>\n\t<meta property=\"og:image:type\" content=\"image\/jpeg\" \/>\n<meta name=\"author\" content=\"NOTICIASMERCEDINAS.COM\" \/>\n<meta name=\"twitter:card\" content=\"summary_large_image\" \/>\n<meta name=\"twitter:creator\" content=\"@notmercedinas\" \/>\n<meta name=\"twitter:site\" content=\"@notmercedinas\" \/>\n<meta name=\"twitter:label1\" content=\"Escrito por\" \/>\n\t<meta name=\"twitter:data1\" content=\"NOTICIASMERCEDINAS.COM\" \/>\n\t<meta name=\"twitter:label2\" content=\"Tiempo de lectura\" \/>\n\t<meta name=\"twitter:data2\" content=\"2 minutos\" \/>\n<script type=\"application\/ld+json\" class=\"yoast-schema-graph\">{\"@context\":\"https:\\\/\\\/schema.org\",\"@graph\":[{\"@type\":\"Article\",\"@id\":\"https:\\\/\\\/noticiasmercedinas.com\\\/site\\\/2023\\\/07\\\/20\\\/oscar-rossello-y-su-banda-se-presentaron-en-la-ciudad-de-buenos-aires\\\/#article\",\"isPartOf\":{\"@id\":\"https:\\\/\\\/noticiasmercedinas.com\\\/site\\\/2023\\\/07\\\/20\\\/oscar-rossello-y-su-banda-se-presentaron-en-la-ciudad-de-buenos-aires\\\/\"},\"author\":{\"name\":\"NOTICIASMERCEDINAS.COM\",\"@id\":\"https:\\\/\\\/noticiasmercedinas.com\\\/site\\\/#\\\/schema\\\/person\\\/84b59c099c28ff2e8b77d4ceec5d8063\"},\"headline\":\"Oscar Rossello y su banda se presentaron en la Ciudad de Buenos Aires\",\"datePublished\":\"2023-07-20T15:29:20+00:00\",\"mainEntityOfPage\":{\"@id\":\"https:\\\/\\\/noticiasmercedinas.com\\\/site\\\/2023\\\/07\\\/20\\\/oscar-rossello-y-su-banda-se-presentaron-en-la-ciudad-de-buenos-aires\\\/\"},\"wordCount\":162,\"publisher\":{\"@id\":\"https:\\\/\\\/noticiasmercedinas.com\\\/site\\\/#organization\"},\"image\":{\"@id\":\"https:\\\/\\\/noticiasmercedinas.com\\\/site\\\/2023\\\/07\\\/20\\\/oscar-rossello-y-su-banda-se-presentaron-en-la-ciudad-de-buenos-aires\\\/#primaryimage\"},\"thumbnailUrl\":\"https:\\\/\\\/noticiasmercedinas.com\\\/site\\\/wp-content\\\/uploads\\\/2023\\\/07\\\/oscar_rosselo.jpg\",\"keywords\":[\"oscar rossello\",\"tecnopolis\"],\"articleSection\":[\"Cultura\"],\"inLanguage\":\"es\"},{\"@type\":\"WebPage\",\"@id\":\"https:\\\/\\\/noticiasmercedinas.com\\\/site\\\/2023\\\/07\\\/20\\\/oscar-rossello-y-su-banda-se-presentaron-en-la-ciudad-de-buenos-aires\\\/\",\"url\":\"https:\\\/\\\/noticiasmercedinas.com\\\/site\\\/2023\\\/07\\\/20\\\/oscar-rossello-y-su-banda-se-presentaron-en-la-ciudad-de-buenos-aires\\\/\",\"name\":\"Oscar Rossello y su banda se presentaron en la Ciudad de Buenos Aires\",\"isPartOf\":{\"@id\":\"https:\\\/\\\/noticiasmercedinas.com\\\/site\\\/#website\"},\"primaryImageOfPage\":{\"@id\":\"https:\\\/\\\/noticiasmercedinas.com\\\/site\\\/2023\\\/07\\\/20\\\/oscar-rossello-y-su-banda-se-presentaron-en-la-ciudad-de-buenos-aires\\\/#primaryimage\"},\"image\":{\"@id\":\"https:\\\/\\\/noticiasmercedinas.com\\\/site\\\/2023\\\/07\\\/20\\\/oscar-rossello-y-su-banda-se-presentaron-en-la-ciudad-de-buenos-aires\\\/#primaryimage\"},\"thumbnailUrl\":\"https:\\\/\\\/noticiasmercedinas.com\\\/site\\\/wp-content\\\/uploads\\\/2023\\\/07\\\/oscar_rosselo.jpg\",\"datePublished\":\"2023-07-20T15:29:20+00:00\",\"breadcrumb\":{\"@id\":\"https:\\\/\\\/noticiasmercedinas.com\\\/site\\\/2023\\\/07\\\/20\\\/oscar-rossello-y-su-banda-se-presentaron-en-la-ciudad-de-buenos-aires\\\/#breadcrumb\"},\"inLanguage\":\"es\",\"potentialAction\":[{\"@type\":\"ReadAction\",\"target\":[\"https:\\\/\\\/noticiasmercedinas.com\\\/site\\\/2023\\\/07\\\/20\\\/oscar-rossello-y-su-banda-se-presentaron-en-la-ciudad-de-buenos-aires\\\/\"]}]},{\"@type\":\"ImageObject\",\"inLanguage\":\"es\",\"@id\":\"https:\\\/\\\/noticiasmercedinas.com\\\/site\\\/2023\\\/07\\\/20\\\/oscar-rossello-y-su-banda-se-presentaron-en-la-ciudad-de-buenos-aires\\\/#primaryimage\",\"url\":\"https:\\\/\\\/noticiasmercedinas.com\\\/site\\\/wp-content\\\/uploads\\\/2023\\\/07\\\/oscar_rosselo.jpg\",\"contentUrl\":\"https:\\\/\\\/noticiasmercedinas.com\\\/site\\\/wp-content\\\/uploads\\\/2023\\\/07\\\/oscar_rosselo.jpg\",\"width\":640,\"height\":388},{\"@type\":\"BreadcrumbList\",\"@id\":\"https:\\\/\\\/noticiasmercedinas.com\\\/site\\\/2023\\\/07\\\/20\\\/oscar-rossello-y-su-banda-se-presentaron-en-la-ciudad-de-buenos-aires\\\/#breadcrumb\",\"itemListElement\":[{\"@type\":\"ListItem\",\"position\":1,\"name\":\"Portada\",\"item\":\"https:\\\/\\\/noticiasmercedinas.com\\\/site\\\/\"},{\"@type\":\"ListItem\",\"position\":2,\"name\":\"Oscar Rossello y su banda se presentaron en la Ciudad de Buenos Aires\"}]},{\"@type\":\"WebSite\",\"@id\":\"https:\\\/\\\/noticiasmercedinas.com\\\/site\\\/#website\",\"url\":\"https:\\\/\\\/noticiasmercedinas.com\\\/site\\\/\",\"name\":\"NOTICIASMERCEDINAS.COM\",\"description\":\"Mercedes, Buenos Aires, Argentina\",\"publisher\":{\"@id\":\"https:\\\/\\\/noticiasmercedinas.com\\\/site\\\/#organization\"},\"potentialAction\":[{\"@type\":\"SearchAction\",\"target\":{\"@type\":\"EntryPoint\",\"urlTemplate\":\"https:\\\/\\\/noticiasmercedinas.com\\\/site\\\/?s={search_term_string}\"},\"query-input\":{\"@type\":\"PropertyValueSpecification\",\"valueRequired\":true,\"valueName\":\"search_term_string\"}}],\"inLanguage\":\"es\"},{\"@type\":\"Organization\",\"@id\":\"https:\\\/\\\/noticiasmercedinas.com\\\/site\\\/#organization\",\"name\":\"NOTICIASMERCEDINAS.COM\",\"url\":\"https:\\\/\\\/noticiasmercedinas.com\\\/site\\\/\",\"logo\":{\"@type\":\"ImageObject\",\"inLanguage\":\"es\",\"@id\":\"https:\\\/\\\/noticiasmercedinas.com\\\/site\\\/#\\\/schema\\\/logo\\\/image\\\/\",\"url\":\"https:\\\/\\\/noticiasmercedinas.com\\\/site\\\/wp-content\\\/uploads\\\/2020\\\/06\\\/LOGO-512.jpg\",\"contentUrl\":\"https:\\\/\\\/noticiasmercedinas.com\\\/site\\\/wp-content\\\/uploads\\\/2020\\\/06\\\/LOGO-512.jpg\",\"width\":512,\"height\":512,\"caption\":\"NOTICIASMERCEDINAS.COM\"},\"image\":{\"@id\":\"https:\\\/\\\/noticiasmercedinas.com\\\/site\\\/#\\\/schema\\\/logo\\\/image\\\/\"},\"sameAs\":[\"https:\\\/\\\/www.facebook.com\\\/noticiasmercedinas\\\/\",\"https:\\\/\\\/x.com\\\/notmercedinas\",\"https:\\\/\\\/www.instagram.com\\\/noticiasmercedinas\\\/\"]},{\"@type\":\"Person\",\"@id\":\"https:\\\/\\\/noticiasmercedinas.com\\\/site\\\/#\\\/schema\\\/person\\\/84b59c099c28ff2e8b77d4ceec5d8063\",\"name\":\"NOTICIASMERCEDINAS.COM\",\"image\":{\"@type\":\"ImageObject\",\"inLanguage\":\"es\",\"@id\":\"https:\\\/\\\/secure.gravatar.com\\\/avatar\\\/4dfbf16b4d17945bfb6341b2d19043457132fcf478a5ee04f42e959fd8f5df0a?s=96&d=mm&r=g\",\"url\":\"https:\\\/\\\/secure.gravatar.com\\\/avatar\\\/4dfbf16b4d17945bfb6341b2d19043457132fcf478a5ee04f42e959fd8f5df0a?s=96&d=mm&r=g\",\"contentUrl\":\"https:\\\/\\\/secure.gravatar.com\\\/avatar\\\/4dfbf16b4d17945bfb6341b2d19043457132fcf478a5ee04f42e959fd8f5df0a?s=96&d=mm&r=g\",\"caption\":\"NOTICIASMERCEDINAS.COM\"},\"url\":\"https:\\\/\\\/noticiasmercedinas.com\\\/site\\\/author\\\/anonimo\\\/\"}]}<\/script>\n<!-- \/ Yoast SEO plugin. -->","yoast_head_json":{"title":"Oscar Rossello y su banda se presentaron en la Ciudad de Buenos Aires","robots":{"index":"index","follow":"follow","max-snippet":"max-snippet:-1","max-image-preview":"max-image-preview:large","max-video-preview":"max-video-preview:-1"},"canonical":"https:\/\/noticiasmercedinas.com\/site\/2023\/07\/20\/oscar-rossello-y-su-banda-se-presentaron-en-la-ciudad-de-buenos-aires\/","og_locale":"es_ES","og_type":"article","og_title":"Oscar Rossello y su banda se presentaron en la Ciudad de Buenos Aires","og_description":"\u25a0 Actuaron en Tecn\u00f3polis, que vivi\u00f3 otra jornada de la Megamuestra 2023 en su 12\u00ba edici\u00f3n, bajo el lema \u201cLa potencia de lo Colectivo\u201d en el marco de los 40 a\u00f1os de democracia.","og_url":"https:\/\/noticiasmercedinas.com\/site\/2023\/07\/20\/oscar-rossello-y-su-banda-se-presentaron-en-la-ciudad-de-buenos-aires\/","og_site_name":"NOTICIASMERCEDINAS.COM","article_publisher":"https:\/\/www.facebook.com\/noticiasmercedinas\/","article_published_time":"2023-07-20T15:29:20+00:00","og_image":[{"width":640,"height":388,"url":"https:\/\/noticiasmercedinas.com\/site\/wp-content\/uploads\/2023\/07\/oscar_rosselo.jpg","type":"image\/jpeg"}],"author":"NOTICIASMERCEDINAS.COM","twitter_card":"summary_large_image","twitter_creator":"@notmercedinas","twitter_site":"@notmercedinas","twitter_misc":{"Escrito por":"NOTICIASMERCEDINAS.COM","Tiempo de lectura":"2 minutos"},"schema":{"@context":"https:\/\/schema.org","@graph":[{"@type":"Article","@id":"https:\/\/noticiasmercedinas.com\/site\/2023\/07\/20\/oscar-rossello-y-su-banda-se-presentaron-en-la-ciudad-de-buenos-aires\/#article","isPartOf":{"@id":"https:\/\/noticiasmercedinas.com\/site\/2023\/07\/20\/oscar-rossello-y-su-banda-se-presentaron-en-la-ciudad-de-buenos-aires\/"},"author":{"name":"NOTICIASMERCEDINAS.COM","@id":"https:\/\/noticiasmercedinas.com\/site\/#\/schema\/person\/84b59c099c28ff2e8b77d4ceec5d8063"},"headline":"Oscar Rossello y su banda se presentaron en la Ciudad de Buenos Aires","datePublished":"2023-07-20T15:29:20+00:00","mainEntityOfPage":{"@id":"https:\/\/noticiasmercedinas.com\/site\/2023\/07\/20\/oscar-rossello-y-su-banda-se-presentaron-en-la-ciudad-de-buenos-aires\/"},"wordCount":162,"publisher":{"@id":"https:\/\/noticiasmercedinas.com\/site\/#organization"},"image":{"@id":"https:\/\/noticiasmercedinas.com\/site\/2023\/07\/20\/oscar-rossello-y-su-banda-se-presentaron-en-la-ciudad-de-buenos-aires\/#primaryimage"},"thumbnailUrl":"https:\/\/noticiasmercedinas.com\/site\/wp-content\/uploads\/2023\/07\/oscar_rosselo.jpg","keywords":["oscar rossello","tecnopolis"],"articleSection":["Cultura"],"inLanguage":"es"},{"@type":"WebPage","@id":"https:\/\/noticiasmercedinas.com\/site\/2023\/07\/20\/oscar-rossello-y-su-banda-se-presentaron-en-la-ciudad-de-buenos-aires\/","url":"https:\/\/noticiasmercedinas.com\/site\/2023\/07\/20\/oscar-rossello-y-su-banda-se-presentaron-en-la-ciudad-de-buenos-aires\/","name":"Oscar Rossello y su banda se presentaron en la Ciudad de Buenos Aires","isPartOf":{"@id":"https:\/\/noticiasmercedinas.com\/site\/#website"},"primaryImageOfPage":{"@id":"https:\/\/noticiasmercedinas.com\/site\/2023\/07\/20\/oscar-rossello-y-su-banda-se-presentaron-en-la-ciudad-de-buenos-aires\/#primaryimage"},"image":{"@id":"https:\/\/noticiasmercedinas.com\/site\/2023\/07\/20\/oscar-rossello-y-su-banda-se-presentaron-en-la-ciudad-de-buenos-aires\/#primaryimage"},"thumbnailUrl":"https:\/\/noticiasmercedinas.com\/site\/wp-content\/uploads\/2023\/07\/oscar_rosselo.jpg","datePublished":"2023-07-20T15:29:20+00:00","breadcrumb":{"@id":"https:\/\/noticiasmercedinas.com\/site\/2023\/07\/20\/oscar-rossello-y-su-banda-se-presentaron-en-la-ciudad-de-buenos-aires\/#breadcrumb"},"inLanguage":"es","potentialAction":[{"@type":"ReadAction","target":["https:\/\/noticiasmercedinas.com\/site\/2023\/07\/20\/oscar-rossello-y-su-banda-se-presentaron-en-la-ciudad-de-buenos-aires\/"]}]},{"@type":"ImageObject","inLanguage":"es","@id":"https:\/\/noticiasmercedinas.com\/site\/2023\/07\/20\/oscar-rossello-y-su-banda-se-presentaron-en-la-ciudad-de-buenos-aires\/#primaryimage","url":"https:\/\/noticiasmercedinas.com\/site\/wp-content\/uploads\/2023\/07\/oscar_rosselo.jpg","contentUrl":"https:\/\/noticiasmercedinas.com\/site\/wp-content\/uploads\/2023\/07\/oscar_rosselo.jpg","width":640,"height":388},{"@type":"BreadcrumbList","@id":"https:\/\/noticiasmercedinas.com\/site\/2023\/07\/20\/oscar-rossello-y-su-banda-se-presentaron-en-la-ciudad-de-buenos-aires\/#breadcrumb","itemListElement":[{"@type":"ListItem","position":1,"name":"Portada","item":"https:\/\/noticiasmercedinas.com\/site\/"},{"@type":"ListItem","position":2,"name":"Oscar Rossello y su banda se presentaron en la Ciudad de Buenos Aires"}]},{"@type":"WebSite","@id":"https:\/\/noticiasmercedinas.com\/site\/#website","url":"https:\/\/noticiasmercedinas.com\/site\/","name":"NOTICIASMERCEDINAS.COM","description":"Mercedes, Buenos Aires, Argentina","publisher":{"@id":"https:\/\/noticiasmercedinas.com\/site\/#organization"},"potentialAction":[{"@type":"SearchAction","target":{"@type":"EntryPoint","urlTemplate":"https:\/\/noticiasmercedinas.com\/site\/?s={search_term_string}"},"query-input":{"@type":"PropertyValueSpecification","valueRequired":true,"valueName":"search_term_string"}}],"inLanguage":"es"},{"@type":"Organization","@id":"https:\/\/noticiasmercedinas.com\/site\/#organization","name":"NOTICIASMERCEDINAS.COM","url":"https:\/\/noticiasmercedinas.com\/site\/","logo":{"@type":"ImageObject","inLanguage":"es","@id":"https:\/\/noticiasmercedinas.com\/site\/#\/schema\/logo\/image\/","url":"https:\/\/noticiasmercedinas.com\/site\/wp-content\/uploads\/2020\/06\/LOGO-512.jpg","contentUrl":"https:\/\/noticiasmercedinas.com\/site\/wp-content\/uploads\/2020\/06\/LOGO-512.jpg","width":512,"height":512,"caption":"NOTICIASMERCEDINAS.COM"},"image":{"@id":"https:\/\/noticiasmercedinas.com\/site\/#\/schema\/logo\/image\/"},"sameAs":["https:\/\/www.facebook.com\/noticiasmercedinas\/","https:\/\/x.com\/notmercedinas","https:\/\/www.instagram.com\/noticiasmercedinas\/"]},{"@type":"Person","@id":"https:\/\/noticiasmercedinas.com\/site\/#\/schema\/person\/84b59c099c28ff2e8b77d4ceec5d8063","name":"NOTICIASMERCEDINAS.COM","image":{"@type":"ImageObject","inLanguage":"es","@id":"https:\/\/secure.gravatar.com\/avatar\/4dfbf16b4d17945bfb6341b2d19043457132fcf478a5ee04f42e959fd8f5df0a?s=96&d=mm&r=g","url":"https:\/\/secure.gravatar.com\/avatar\/4dfbf16b4d17945bfb6341b2d19043457132fcf478a5ee04f42e959fd8f5df0a?s=96&d=mm&r=g","contentUrl":"https:\/\/secure.gravatar.com\/avatar\/4dfbf16b4d17945bfb6341b2d19043457132fcf478a5ee04f42e959fd8f5df0a?s=96&d=mm&r=g","caption":"NOTICIASMERCEDINAS.COM"},"url":"https:\/\/noticiasmercedinas.com\/site\/author\/anonimo\/"}]}},"amp_enabled":true,"_links":{"self":[{"href":"https:\/\/noticiasmercedinas.com\/site\/wp-json\/wp\/v2\/posts\/119447","targetHints":{"allow":["GET"]}}],"collection":[{"href":"https:\/\/noticiasmercedinas.com\/site\/wp-json\/wp\/v2\/posts"}],"about":[{"href":"https:\/\/noticiasmercedinas.com\/site\/wp-json\/wp\/v2\/types\/post"}],"author":[{"embeddable":true,"href":"https:\/\/noticiasmercedinas.com\/site\/wp-json\/wp\/v2\/users\/16"}],"replies":[{"embeddable":true,"href":"https:\/\/noticiasmercedinas.com\/site\/wp-json\/wp\/v2\/comments?post=119447"}],"version-history":[{"count":1,"href":"https:\/\/noticiasmercedinas.com\/site\/wp-json\/wp\/v2\/posts\/119447\/revisions"}],"predecessor-version":[{"id":119450,"href":"https:\/\/noticiasmercedinas.com\/site\/wp-json\/wp\/v2\/posts\/119447\/revisions\/119450"}],"wp:featuredmedia":[{"embeddable":true,"href":"https:\/\/noticiasmercedinas.com\/site\/wp-json\/wp\/v2\/media\/119448"}],"wp:attachment":[{"href":"https:\/\/noticiasmercedinas.com\/site\/wp-json\/wp\/v2\/media?parent=119447"}],"wp:term":[{"taxonomy":"category","embeddable":true,"href":"https:\/\/noticiasmercedinas.com\/site\/wp-json\/wp\/v2\/categories?post=119447"},{"taxonomy":"post_tag","embeddable":true,"href":"https:\/\/noticiasmercedinas.com\/site\/wp-json\/wp\/v2\/tags?post=119447"}],"curies":[{"name":"wp","href":"https:\/\/api.w.org\/{rel}","templated":true}]}}