{"id":119487,"date":"2023-07-21T09:09:26","date_gmt":"2023-07-21T12:09:26","guid":{"rendered":"https:\/\/noticiasmercedinas.com\/site\/?p=119487"},"modified":"2023-07-21T09:09:26","modified_gmt":"2023-07-21T12:09:26","slug":"anses-simplifica-proceso-de-presentacion-de-la-libreta-de-la-asignacion-universal-por-hijo","status":"publish","type":"post","link":"https:\/\/noticiasmercedinas.com\/site\/2023\/07\/21\/anses-simplifica-proceso-de-presentacion-de-la-libreta-de-la-asignacion-universal-por-hijo\/","title":{"rendered":"ANSES simplifica proceso de presentaci\u00f3n de la Libreta de la Asignaci\u00f3n Universal por Hijo"},"content":{"rendered":"<p><img loading=\"lazy\" decoding=\"async\" class=\"alignnone size-full wp-image-69610\" src=\"https:\/\/noticiasmercedinas.com\/site\/wp-content\/uploads\/2021\/06\/carlosgarro.jpg\" alt=\"\" width=\"640\" height=\"409\" srcset=\"https:\/\/noticiasmercedinas.com\/site\/wp-content\/uploads\/2021\/06\/carlosgarro.jpg 640w, https:\/\/noticiasmercedinas.com\/site\/wp-content\/uploads\/2021\/06\/carlosgarro-300x192.jpg 300w\" sizes=\"auto, (max-width: 640px) 100vw, 640px\" \/><\/p>\n<p>El\u00a0 jefe regional de ANSES, <strong>Carlos Garro<\/strong>, revel\u00f3 que el organismo permitir\u00e1 la presentaci\u00f3n de la Libreta de la Asignaci\u00f3n Universal por Hija e Hijo (AUH) en todas sus oficinas sin la necesidad de solicitar un turno previo. Esta medida busca agilizar el proceso y facilitar el cumplimiento de los requisitos para el cobro del beneficio.<\/p>\n<p>La presentaci\u00f3n de la Libreta de la AUH es fundamental para que las familias puedan acreditar el cumplimiento de los controles de salud, vacunaci\u00f3n y educaci\u00f3n de las ni\u00f1as, ni\u00f1os y adolescentes que forman parte del programa. Adem\u00e1s, al completar este tr\u00e1mite, se habilita el cobro del 20 por ciento del complemento acumulado durante el a\u00f1o anterior, un recurso esencial para muchas familias.<\/p>\n<p>Para facilitar el proceso, ANSES pone a disposici\u00f3n de los beneficiarios el formulario de la Libreta, que puede ser descargado desde su sitio web. Una vez obtenido el formulario, este deber\u00e1 ser completado en el centro de salud y en la escuela correspondiente, proporcionando la informaci\u00f3n actualizada del a\u00f1o en curso.<\/p>\n<p>Garro destac\u00f3 la importancia de cumplir con este tr\u00e1mite anualmente, y enfatiz\u00f3 que el plazo para presentar la Libreta se extiende hasta el \u00faltimo d\u00eda h\u00e1bil de diciembre. De esta manera, se brinda a las familias el tiempo necesario para reunir la documentaci\u00f3n requerida y cumplir con los requisitos para mantener el acceso a la Asignaci\u00f3n Universal por Hija e Hijo.<\/p>\n<p>Esta nueva medida de ANSES representa un importante paso en la simplificaci\u00f3n de los tr\u00e1mites y refuerza el compromiso del organismo en garantizar el acceso a los beneficios sociales a todas las familias que lo necesiten. Con esta flexibilizaci\u00f3n en la presentaci\u00f3n de la Libreta, se espera que m\u00e1s personas puedan acceder y mantener el apoyo econ\u00f3mico vital para el desarrollo y bienestar de sus hijos.<\/p>\n","protected":false},"excerpt":{"rendered":"<p>\u25a0 Ahora sin necesidad de Turno Previo. Las familias podr\u00e1n acreditar los controles de salud, vacunaci\u00f3n y educaci\u00f3n de sus hijos en todas las oficinas del organismo<\/p>\n","protected":false},"author":16,"featured_media":69610,"comment_status":"closed","ping_status":"closed","sticky":false,"template":"","format":"standard","meta":{"footnotes":""},"categories":[3],"tags":[626,624,3077],"class_list":["post-119487","post","type-post","status-publish","format-standard","has-post-thumbnail","hentry","category-sociedad","tag-anses","tag-auh","tag-carlos-garro"],"yoast_head":"<!-- This site is optimized with the Yoast SEO plugin v27.4 - https:\/\/yoast.com\/product\/yoast-seo-wordpress\/ -->\n<title>ANSES simplifica proceso de presentaci\u00f3n de la Libreta de la Asignaci\u00f3n Universal por Hijo<\/title>\n<meta name=\"robots\" content=\"index, follow, max-snippet:-1, max-image-preview:large, max-video-preview:-1\" \/>\n<link rel=\"canonical\" href=\"https:\/\/noticiasmercedinas.com\/site\/2023\/07\/21\/anses-simplifica-proceso-de-presentacion-de-la-libreta-de-la-asignacion-universal-por-hijo\/\" \/>\n<meta property=\"og:locale\" content=\"es_ES\" \/>\n<meta property=\"og:type\" content=\"article\" \/>\n<meta property=\"og:title\" content=\"ANSES simplifica proceso de presentaci\u00f3n de la Libreta de la Asignaci\u00f3n Universal por Hijo\" \/>\n<meta property=\"og:description\" content=\"\u25a0 Ahora sin necesidad de Turno Previo. Las familias podr\u00e1n acreditar los controles de salud, vacunaci\u00f3n y educaci\u00f3n de sus hijos en todas las oficinas del organismo\" \/>\n<meta property=\"og:url\" content=\"https:\/\/noticiasmercedinas.com\/site\/2023\/07\/21\/anses-simplifica-proceso-de-presentacion-de-la-libreta-de-la-asignacion-universal-por-hijo\/\" \/>\n<meta property=\"og:site_name\" content=\"NOTICIASMERCEDINAS.COM\" \/>\n<meta property=\"article:publisher\" content=\"https:\/\/www.facebook.com\/noticiasmercedinas\/\" \/>\n<meta property=\"article:published_time\" content=\"2023-07-21T12:09:26+00:00\" \/>\n<meta property=\"og:image\" content=\"https:\/\/noticiasmercedinas.com\/site\/wp-content\/uploads\/2021\/06\/carlosgarro.jpg\" \/>\n\t<meta property=\"og:image:width\" content=\"640\" \/>\n\t<meta property=\"og:image:height\" content=\"409\" \/>\n\t<meta property=\"og:image:type\" content=\"image\/jpeg\" \/>\n<meta name=\"author\" content=\"NOTICIASMERCEDINAS.COM\" \/>\n<meta name=\"twitter:card\" content=\"summary_large_image\" \/>\n<meta name=\"twitter:creator\" content=\"@notmercedinas\" \/>\n<meta name=\"twitter:site\" content=\"@notmercedinas\" \/>\n<meta name=\"twitter:label1\" content=\"Escrito por\" \/>\n\t<meta name=\"twitter:data1\" content=\"NOTICIASMERCEDINAS.COM\" \/>\n\t<meta name=\"twitter:label2\" content=\"Tiempo de lectura\" \/>\n\t<meta name=\"twitter:data2\" content=\"2 minutos\" \/>\n<script type=\"application\/ld+json\" class=\"yoast-schema-graph\">{\"@context\":\"https:\\\/\\\/schema.org\",\"@graph\":[{\"@type\":\"Article\",\"@id\":\"https:\\\/\\\/noticiasmercedinas.com\\\/site\\\/2023\\\/07\\\/21\\\/anses-simplifica-proceso-de-presentacion-de-la-libreta-de-la-asignacion-universal-por-hijo\\\/#article\",\"isPartOf\":{\"@id\":\"https:\\\/\\\/noticiasmercedinas.com\\\/site\\\/2023\\\/07\\\/21\\\/anses-simplifica-proceso-de-presentacion-de-la-libreta-de-la-asignacion-universal-por-hijo\\\/\"},\"author\":{\"name\":\"NOTICIASMERCEDINAS.COM\",\"@id\":\"https:\\\/\\\/noticiasmercedinas.com\\\/site\\\/#\\\/schema\\\/person\\\/84b59c099c28ff2e8b77d4ceec5d8063\"},\"headline\":\"ANSES simplifica proceso de presentaci\u00f3n de la Libreta de la Asignaci\u00f3n Universal por Hijo\",\"datePublished\":\"2023-07-21T12:09:26+00:00\",\"mainEntityOfPage\":{\"@id\":\"https:\\\/\\\/noticiasmercedinas.com\\\/site\\\/2023\\\/07\\\/21\\\/anses-simplifica-proceso-de-presentacion-de-la-libreta-de-la-asignacion-universal-por-hijo\\\/\"},\"wordCount\":336,\"publisher\":{\"@id\":\"https:\\\/\\\/noticiasmercedinas.com\\\/site\\\/#organization\"},\"image\":{\"@id\":\"https:\\\/\\\/noticiasmercedinas.com\\\/site\\\/2023\\\/07\\\/21\\\/anses-simplifica-proceso-de-presentacion-de-la-libreta-de-la-asignacion-universal-por-hijo\\\/#primaryimage\"},\"thumbnailUrl\":\"https:\\\/\\\/noticiasmercedinas.com\\\/site\\\/wp-content\\\/uploads\\\/2021\\\/06\\\/carlosgarro.jpg\",\"keywords\":[\"anses\",\"AUH\",\"carlos Garro\"],\"articleSection\":[\"Sociedad\"],\"inLanguage\":\"es\"},{\"@type\":\"WebPage\",\"@id\":\"https:\\\/\\\/noticiasmercedinas.com\\\/site\\\/2023\\\/07\\\/21\\\/anses-simplifica-proceso-de-presentacion-de-la-libreta-de-la-asignacion-universal-por-hijo\\\/\",\"url\":\"https:\\\/\\\/noticiasmercedinas.com\\\/site\\\/2023\\\/07\\\/21\\\/anses-simplifica-proceso-de-presentacion-de-la-libreta-de-la-asignacion-universal-por-hijo\\\/\",\"name\":\"ANSES simplifica proceso de presentaci\u00f3n de la Libreta de la Asignaci\u00f3n Universal por Hijo\",\"isPartOf\":{\"@id\":\"https:\\\/\\\/noticiasmercedinas.com\\\/site\\\/#website\"},\"primaryImageOfPage\":{\"@id\":\"https:\\\/\\\/noticiasmercedinas.com\\\/site\\\/2023\\\/07\\\/21\\\/anses-simplifica-proceso-de-presentacion-de-la-libreta-de-la-asignacion-universal-por-hijo\\\/#primaryimage\"},\"image\":{\"@id\":\"https:\\\/\\\/noticiasmercedinas.com\\\/site\\\/2023\\\/07\\\/21\\\/anses-simplifica-proceso-de-presentacion-de-la-libreta-de-la-asignacion-universal-por-hijo\\\/#primaryimage\"},\"thumbnailUrl\":\"https:\\\/\\\/noticiasmercedinas.com\\\/site\\\/wp-content\\\/uploads\\\/2021\\\/06\\\/carlosgarro.jpg\",\"datePublished\":\"2023-07-21T12:09:26+00:00\",\"breadcrumb\":{\"@id\":\"https:\\\/\\\/noticiasmercedinas.com\\\/site\\\/2023\\\/07\\\/21\\\/anses-simplifica-proceso-de-presentacion-de-la-libreta-de-la-asignacion-universal-por-hijo\\\/#breadcrumb\"},\"inLanguage\":\"es\",\"potentialAction\":[{\"@type\":\"ReadAction\",\"target\":[\"https:\\\/\\\/noticiasmercedinas.com\\\/site\\\/2023\\\/07\\\/21\\\/anses-simplifica-proceso-de-presentacion-de-la-libreta-de-la-asignacion-universal-por-hijo\\\/\"]}]},{\"@type\":\"ImageObject\",\"inLanguage\":\"es\",\"@id\":\"https:\\\/\\\/noticiasmercedinas.com\\\/site\\\/2023\\\/07\\\/21\\\/anses-simplifica-proceso-de-presentacion-de-la-libreta-de-la-asignacion-universal-por-hijo\\\/#primaryimage\",\"url\":\"https:\\\/\\\/noticiasmercedinas.com\\\/site\\\/wp-content\\\/uploads\\\/2021\\\/06\\\/carlosgarro.jpg\",\"contentUrl\":\"https:\\\/\\\/noticiasmercedinas.com\\\/site\\\/wp-content\\\/uploads\\\/2021\\\/06\\\/carlosgarro.jpg\",\"width\":640,\"height\":409},{\"@type\":\"BreadcrumbList\",\"@id\":\"https:\\\/\\\/noticiasmercedinas.com\\\/site\\\/2023\\\/07\\\/21\\\/anses-simplifica-proceso-de-presentacion-de-la-libreta-de-la-asignacion-universal-por-hijo\\\/#breadcrumb\",\"itemListElement\":[{\"@type\":\"ListItem\",\"position\":1,\"name\":\"Portada\",\"item\":\"https:\\\/\\\/noticiasmercedinas.com\\\/site\\\/\"},{\"@type\":\"ListItem\",\"position\":2,\"name\":\"ANSES simplifica proceso de presentaci\u00f3n de la Libreta de la Asignaci\u00f3n Universal por Hijo\"}]},{\"@type\":\"WebSite\",\"@id\":\"https:\\\/\\\/noticiasmercedinas.com\\\/site\\\/#website\",\"url\":\"https:\\\/\\\/noticiasmercedinas.com\\\/site\\\/\",\"name\":\"NOTICIASMERCEDINAS.COM\",\"description\":\"Mercedes, Buenos Aires, Argentina\",\"publisher\":{\"@id\":\"https:\\\/\\\/noticiasmercedinas.com\\\/site\\\/#organization\"},\"potentialAction\":[{\"@type\":\"SearchAction\",\"target\":{\"@type\":\"EntryPoint\",\"urlTemplate\":\"https:\\\/\\\/noticiasmercedinas.com\\\/site\\\/?s={search_term_string}\"},\"query-input\":{\"@type\":\"PropertyValueSpecification\",\"valueRequired\":true,\"valueName\":\"search_term_string\"}}],\"inLanguage\":\"es\"},{\"@type\":\"Organization\",\"@id\":\"https:\\\/\\\/noticiasmercedinas.com\\\/site\\\/#organization\",\"name\":\"NOTICIASMERCEDINAS.COM\",\"url\":\"https:\\\/\\\/noticiasmercedinas.com\\\/site\\\/\",\"logo\":{\"@type\":\"ImageObject\",\"inLanguage\":\"es\",\"@id\":\"https:\\\/\\\/noticiasmercedinas.com\\\/site\\\/#\\\/schema\\\/logo\\\/image\\\/\",\"url\":\"https:\\\/\\\/noticiasmercedinas.com\\\/site\\\/wp-content\\\/uploads\\\/2020\\\/06\\\/LOGO-512.jpg\",\"contentUrl\":\"https:\\\/\\\/noticiasmercedinas.com\\\/site\\\/wp-content\\\/uploads\\\/2020\\\/06\\\/LOGO-512.jpg\",\"width\":512,\"height\":512,\"caption\":\"NOTICIASMERCEDINAS.COM\"},\"image\":{\"@id\":\"https:\\\/\\\/noticiasmercedinas.com\\\/site\\\/#\\\/schema\\\/logo\\\/image\\\/\"},\"sameAs\":[\"https:\\\/\\\/www.facebook.com\\\/noticiasmercedinas\\\/\",\"https:\\\/\\\/x.com\\\/notmercedinas\",\"https:\\\/\\\/www.instagram.com\\\/noticiasmercedinas\\\/\"]},{\"@type\":\"Person\",\"@id\":\"https:\\\/\\\/noticiasmercedinas.com\\\/site\\\/#\\\/schema\\\/person\\\/84b59c099c28ff2e8b77d4ceec5d8063\",\"name\":\"NOTICIASMERCEDINAS.COM\",\"image\":{\"@type\":\"ImageObject\",\"inLanguage\":\"es\",\"@id\":\"https:\\\/\\\/secure.gravatar.com\\\/avatar\\\/4dfbf16b4d17945bfb6341b2d19043457132fcf478a5ee04f42e959fd8f5df0a?s=96&d=mm&r=g\",\"url\":\"https:\\\/\\\/secure.gravatar.com\\\/avatar\\\/4dfbf16b4d17945bfb6341b2d19043457132fcf478a5ee04f42e959fd8f5df0a?s=96&d=mm&r=g\",\"contentUrl\":\"https:\\\/\\\/secure.gravatar.com\\\/avatar\\\/4dfbf16b4d17945bfb6341b2d19043457132fcf478a5ee04f42e959fd8f5df0a?s=96&d=mm&r=g\",\"caption\":\"NOTICIASMERCEDINAS.COM\"},\"url\":\"https:\\\/\\\/noticiasmercedinas.com\\\/site\\\/author\\\/anonimo\\\/\"}]}<\/script>\n<!-- \/ Yoast SEO plugin. -->","yoast_head_json":{"title":"ANSES simplifica proceso de presentaci\u00f3n de la Libreta de la Asignaci\u00f3n Universal por Hijo","robots":{"index":"index","follow":"follow","max-snippet":"max-snippet:-1","max-image-preview":"max-image-preview:large","max-video-preview":"max-video-preview:-1"},"canonical":"https:\/\/noticiasmercedinas.com\/site\/2023\/07\/21\/anses-simplifica-proceso-de-presentacion-de-la-libreta-de-la-asignacion-universal-por-hijo\/","og_locale":"es_ES","og_type":"article","og_title":"ANSES simplifica proceso de presentaci\u00f3n de la Libreta de la Asignaci\u00f3n Universal por Hijo","og_description":"\u25a0 Ahora sin necesidad de Turno Previo. Las familias podr\u00e1n acreditar los controles de salud, vacunaci\u00f3n y educaci\u00f3n de sus hijos en todas las oficinas del organismo","og_url":"https:\/\/noticiasmercedinas.com\/site\/2023\/07\/21\/anses-simplifica-proceso-de-presentacion-de-la-libreta-de-la-asignacion-universal-por-hijo\/","og_site_name":"NOTICIASMERCEDINAS.COM","article_publisher":"https:\/\/www.facebook.com\/noticiasmercedinas\/","article_published_time":"2023-07-21T12:09:26+00:00","og_image":[{"width":640,"height":409,"url":"https:\/\/noticiasmercedinas.com\/site\/wp-content\/uploads\/2021\/06\/carlosgarro.jpg","type":"image\/jpeg"}],"author":"NOTICIASMERCEDINAS.COM","twitter_card":"summary_large_image","twitter_creator":"@notmercedinas","twitter_site":"@notmercedinas","twitter_misc":{"Escrito por":"NOTICIASMERCEDINAS.COM","Tiempo de lectura":"2 minutos"},"schema":{"@context":"https:\/\/schema.org","@graph":[{"@type":"Article","@id":"https:\/\/noticiasmercedinas.com\/site\/2023\/07\/21\/anses-simplifica-proceso-de-presentacion-de-la-libreta-de-la-asignacion-universal-por-hijo\/#article","isPartOf":{"@id":"https:\/\/noticiasmercedinas.com\/site\/2023\/07\/21\/anses-simplifica-proceso-de-presentacion-de-la-libreta-de-la-asignacion-universal-por-hijo\/"},"author":{"name":"NOTICIASMERCEDINAS.COM","@id":"https:\/\/noticiasmercedinas.com\/site\/#\/schema\/person\/84b59c099c28ff2e8b77d4ceec5d8063"},"headline":"ANSES simplifica proceso de presentaci\u00f3n de la Libreta de la Asignaci\u00f3n Universal por Hijo","datePublished":"2023-07-21T12:09:26+00:00","mainEntityOfPage":{"@id":"https:\/\/noticiasmercedinas.com\/site\/2023\/07\/21\/anses-simplifica-proceso-de-presentacion-de-la-libreta-de-la-asignacion-universal-por-hijo\/"},"wordCount":336,"publisher":{"@id":"https:\/\/noticiasmercedinas.com\/site\/#organization"},"image":{"@id":"https:\/\/noticiasmercedinas.com\/site\/2023\/07\/21\/anses-simplifica-proceso-de-presentacion-de-la-libreta-de-la-asignacion-universal-por-hijo\/#primaryimage"},"thumbnailUrl":"https:\/\/noticiasmercedinas.com\/site\/wp-content\/uploads\/2021\/06\/carlosgarro.jpg","keywords":["anses","AUH","carlos Garro"],"articleSection":["Sociedad"],"inLanguage":"es"},{"@type":"WebPage","@id":"https:\/\/noticiasmercedinas.com\/site\/2023\/07\/21\/anses-simplifica-proceso-de-presentacion-de-la-libreta-de-la-asignacion-universal-por-hijo\/","url":"https:\/\/noticiasmercedinas.com\/site\/2023\/07\/21\/anses-simplifica-proceso-de-presentacion-de-la-libreta-de-la-asignacion-universal-por-hijo\/","name":"ANSES simplifica proceso de presentaci\u00f3n de la Libreta de la Asignaci\u00f3n Universal por Hijo","isPartOf":{"@id":"https:\/\/noticiasmercedinas.com\/site\/#website"},"primaryImageOfPage":{"@id":"https:\/\/noticiasmercedinas.com\/site\/2023\/07\/21\/anses-simplifica-proceso-de-presentacion-de-la-libreta-de-la-asignacion-universal-por-hijo\/#primaryimage"},"image":{"@id":"https:\/\/noticiasmercedinas.com\/site\/2023\/07\/21\/anses-simplifica-proceso-de-presentacion-de-la-libreta-de-la-asignacion-universal-por-hijo\/#primaryimage"},"thumbnailUrl":"https:\/\/noticiasmercedinas.com\/site\/wp-content\/uploads\/2021\/06\/carlosgarro.jpg","datePublished":"2023-07-21T12:09:26+00:00","breadcrumb":{"@id":"https:\/\/noticiasmercedinas.com\/site\/2023\/07\/21\/anses-simplifica-proceso-de-presentacion-de-la-libreta-de-la-asignacion-universal-por-hijo\/#breadcrumb"},"inLanguage":"es","potentialAction":[{"@type":"ReadAction","target":["https:\/\/noticiasmercedinas.com\/site\/2023\/07\/21\/anses-simplifica-proceso-de-presentacion-de-la-libreta-de-la-asignacion-universal-por-hijo\/"]}]},{"@type":"ImageObject","inLanguage":"es","@id":"https:\/\/noticiasmercedinas.com\/site\/2023\/07\/21\/anses-simplifica-proceso-de-presentacion-de-la-libreta-de-la-asignacion-universal-por-hijo\/#primaryimage","url":"https:\/\/noticiasmercedinas.com\/site\/wp-content\/uploads\/2021\/06\/carlosgarro.jpg","contentUrl":"https:\/\/noticiasmercedinas.com\/site\/wp-content\/uploads\/2021\/06\/carlosgarro.jpg","width":640,"height":409},{"@type":"BreadcrumbList","@id":"https:\/\/noticiasmercedinas.com\/site\/2023\/07\/21\/anses-simplifica-proceso-de-presentacion-de-la-libreta-de-la-asignacion-universal-por-hijo\/#breadcrumb","itemListElement":[{"@type":"ListItem","position":1,"name":"Portada","item":"https:\/\/noticiasmercedinas.com\/site\/"},{"@type":"ListItem","position":2,"name":"ANSES simplifica proceso de presentaci\u00f3n de la Libreta de la Asignaci\u00f3n Universal por Hijo"}]},{"@type":"WebSite","@id":"https:\/\/noticiasmercedinas.com\/site\/#website","url":"https:\/\/noticiasmercedinas.com\/site\/","name":"NOTICIASMERCEDINAS.COM","description":"Mercedes, Buenos Aires, Argentina","publisher":{"@id":"https:\/\/noticiasmercedinas.com\/site\/#organization"},"potentialAction":[{"@type":"SearchAction","target":{"@type":"EntryPoint","urlTemplate":"https:\/\/noticiasmercedinas.com\/site\/?s={search_term_string}"},"query-input":{"@type":"PropertyValueSpecification","valueRequired":true,"valueName":"search_term_string"}}],"inLanguage":"es"},{"@type":"Organization","@id":"https:\/\/noticiasmercedinas.com\/site\/#organization","name":"NOTICIASMERCEDINAS.COM","url":"https:\/\/noticiasmercedinas.com\/site\/","logo":{"@type":"ImageObject","inLanguage":"es","@id":"https:\/\/noticiasmercedinas.com\/site\/#\/schema\/logo\/image\/","url":"https:\/\/noticiasmercedinas.com\/site\/wp-content\/uploads\/2020\/06\/LOGO-512.jpg","contentUrl":"https:\/\/noticiasmercedinas.com\/site\/wp-content\/uploads\/2020\/06\/LOGO-512.jpg","width":512,"height":512,"caption":"NOTICIASMERCEDINAS.COM"},"image":{"@id":"https:\/\/noticiasmercedinas.com\/site\/#\/schema\/logo\/image\/"},"sameAs":["https:\/\/www.facebook.com\/noticiasmercedinas\/","https:\/\/x.com\/notmercedinas","https:\/\/www.instagram.com\/noticiasmercedinas\/"]},{"@type":"Person","@id":"https:\/\/noticiasmercedinas.com\/site\/#\/schema\/person\/84b59c099c28ff2e8b77d4ceec5d8063","name":"NOTICIASMERCEDINAS.COM","image":{"@type":"ImageObject","inLanguage":"es","@id":"https:\/\/secure.gravatar.com\/avatar\/4dfbf16b4d17945bfb6341b2d19043457132fcf478a5ee04f42e959fd8f5df0a?s=96&d=mm&r=g","url":"https:\/\/secure.gravatar.com\/avatar\/4dfbf16b4d17945bfb6341b2d19043457132fcf478a5ee04f42e959fd8f5df0a?s=96&d=mm&r=g","contentUrl":"https:\/\/secure.gravatar.com\/avatar\/4dfbf16b4d17945bfb6341b2d19043457132fcf478a5ee04f42e959fd8f5df0a?s=96&d=mm&r=g","caption":"NOTICIASMERCEDINAS.COM"},"url":"https:\/\/noticiasmercedinas.com\/site\/author\/anonimo\/"}]}},"amp_enabled":true,"_links":{"self":[{"href":"https:\/\/noticiasmercedinas.com\/site\/wp-json\/wp\/v2\/posts\/119487","targetHints":{"allow":["GET"]}}],"collection":[{"href":"https:\/\/noticiasmercedinas.com\/site\/wp-json\/wp\/v2\/posts"}],"about":[{"href":"https:\/\/noticiasmercedinas.com\/site\/wp-json\/wp\/v2\/types\/post"}],"author":[{"embeddable":true,"href":"https:\/\/noticiasmercedinas.com\/site\/wp-json\/wp\/v2\/users\/16"}],"replies":[{"embeddable":true,"href":"https:\/\/noticiasmercedinas.com\/site\/wp-json\/wp\/v2\/comments?post=119487"}],"version-history":[{"count":1,"href":"https:\/\/noticiasmercedinas.com\/site\/wp-json\/wp\/v2\/posts\/119487\/revisions"}],"predecessor-version":[{"id":119488,"href":"https:\/\/noticiasmercedinas.com\/site\/wp-json\/wp\/v2\/posts\/119487\/revisions\/119488"}],"wp:featuredmedia":[{"embeddable":true,"href":"https:\/\/noticiasmercedinas.com\/site\/wp-json\/wp\/v2\/media\/69610"}],"wp:attachment":[{"href":"https:\/\/noticiasmercedinas.com\/site\/wp-json\/wp\/v2\/media?parent=119487"}],"wp:term":[{"taxonomy":"category","embeddable":true,"href":"https:\/\/noticiasmercedinas.com\/site\/wp-json\/wp\/v2\/categories?post=119487"},{"taxonomy":"post_tag","embeddable":true,"href":"https:\/\/noticiasmercedinas.com\/site\/wp-json\/wp\/v2\/tags?post=119487"}],"curies":[{"name":"wp","href":"https:\/\/api.w.org\/{rel}","templated":true}]}}