{"id":119605,"date":"2023-07-23T11:55:54","date_gmt":"2023-07-23T14:55:54","guid":{"rendered":"https:\/\/noticiasmercedinas.com\/site\/?p=119605"},"modified":"2023-07-23T11:59:15","modified_gmt":"2023-07-23T14:59:15","slug":"ex-empleado-es-detenido-por-robo-de-ropa-en-local-comercial-de-avenida-17","status":"publish","type":"post","link":"https:\/\/noticiasmercedinas.com\/site\/2023\/07\/23\/ex-empleado-es-detenido-por-robo-de-ropa-en-local-comercial-de-avenida-17\/","title":{"rendered":"Ex empleado es acusado por robo de ropa en local comercial de Avenida 17"},"content":{"rendered":"<p><img loading=\"lazy\" decoding=\"async\" class=\"alignnone size-full wp-image-119606\" src=\"https:\/\/noticiasmercedinas.com\/site\/wp-content\/uploads\/2023\/07\/ROPA.jpg\" alt=\"\" width=\"640\" height=\"519\" srcset=\"https:\/\/noticiasmercedinas.com\/site\/wp-content\/uploads\/2023\/07\/ROPA.jpg 640w, https:\/\/noticiasmercedinas.com\/site\/wp-content\/uploads\/2023\/07\/ROPA-300x243.jpg 300w\" sizes=\"auto, (max-width: 640px) 100vw, 640px\" \/><\/p>\n<p>Este s\u00e1bado la polic\u00eda de Mercedes logr\u00f3 dar con el presunto autor del robo de prendas de vestir en un conocido local comercial ubicado en la Avenida 17. El sospechoso result\u00f3 ser un ex empleado, de tan solo 23 a\u00f1os de edad.<\/p>\n<p>El hecho fue descubierto cuando el propietario del local de venta de indumentaria lleg\u00f3 a abrir su establecimiento y not\u00f3 la falta de diversas prendas de vestir. A pesar de que no se encontraron da\u00f1os ni se hallaron evidencias en las c\u00e1maras de seguridad, se procedi\u00f3 a solicitar la colaboraci\u00f3n del Centro de Monitoreo para esclarecer el caso.<\/p>\n<p>La investigaci\u00f3n policial se despleg\u00f3 de manera r\u00e1pida y eficiente, permitiendo recolectar valiosas pruebas que apuntaban hacia el ex empleado del comercio como principal sospechoso. Con base en las averiguaciones y los elementos obtenidos, se obtuvo una orden judicial para realizar un registro y allanamiento en el domicilio del individuo.<\/p>\n<p>Durante el allanamiento, los agentes policiales incautaron tres bolsas repletas de prendas de vestir y calzados deportivos, los cuales fueron reconocidos por el due\u00f1o del local como parte del faltante denunciado anteriormente.<\/p>\n<p>El presunto autor, cuya identidad se mantiene bajo reserva mientras avanza la investigaci\u00f3n, fue puesto a disposici\u00f3n de la Unidad Funcional de Instrucci\u00f3n N\u00b0 4 en turno. Se espera que en las pr\u00f3ximas horas se determinen los cargos que se le imputar\u00e1n.<\/p>\n<p>El \u00e9xito de esta operaci\u00f3n es el resultado del esfuerzo y la colaboraci\u00f3n del actual personal de la dependencia policial, quienes demostraron su capacidad y dedicaci\u00f3n para esclarecer este caso de robo y devolverle la tranquilidad al comerciante afectado.<\/p>\n<p>Las autoridades contin\u00faan con la investigaci\u00f3n para determinar si el acusado actu\u00f3 solo o si hubo c\u00f3mplices en este delito. Asimismo, se eval\u00faa la posibilidad de que existan m\u00e1s locales afectados por acciones similares.<\/p>\n","protected":false},"excerpt":{"rendered":"<p>\u25a0 El hecho fue descubierto cuando el propietario del local de venta de indumentaria lleg\u00f3 a abrir su establecimiento y not\u00f3 la falta de diversas prendas. Se solicit\u00f3 la colaboraci\u00f3n del Centro de Monitoreo<\/p>\n","protected":false},"author":16,"featured_media":119606,"comment_status":"closed","ping_status":"closed","sticky":false,"template":"","format":"standard","meta":{"footnotes":""},"categories":[7],"tags":[17146,425,1183],"class_list":["post-119605","post","type-post","status-publish","format-standard","has-post-thumbnail","hentry","category-policiales","tag-detenido","tag-robo","tag-ropa"],"yoast_head":"<!-- This site is optimized with the Yoast SEO plugin v28.3 - https:\/\/yoast.com\/product\/yoast-seo-wordpress\/ -->\n<title>Ex empleado es acusado por robo de ropa en local comercial de Avenida 17<\/title>\n<meta name=\"robots\" content=\"index, follow, max-snippet:-1, max-image-preview:large, max-video-preview:-1\" \/>\n<link rel=\"canonical\" href=\"https:\/\/noticiasmercedinas.com\/site\/2023\/07\/23\/ex-empleado-es-detenido-por-robo-de-ropa-en-local-comercial-de-avenida-17\/\" \/>\n<meta property=\"og:locale\" content=\"es_ES\" \/>\n<meta property=\"og:type\" content=\"article\" \/>\n<meta property=\"og:title\" content=\"Ex empleado es acusado por robo de ropa en local comercial de Avenida 17\" \/>\n<meta property=\"og:description\" content=\"\u25a0 El hecho fue descubierto cuando el propietario del local de venta de indumentaria lleg\u00f3 a abrir su establecimiento y not\u00f3 la falta de diversas prendas. Se solicit\u00f3 la colaboraci\u00f3n del Centro de Monitoreo\" \/>\n<meta property=\"og:url\" content=\"https:\/\/noticiasmercedinas.com\/site\/2023\/07\/23\/ex-empleado-es-detenido-por-robo-de-ropa-en-local-comercial-de-avenida-17\/\" \/>\n<meta property=\"og:site_name\" content=\"NOTICIASMERCEDINAS.COM\" \/>\n<meta property=\"article:publisher\" content=\"https:\/\/www.facebook.com\/noticiasmercedinas\/\" \/>\n<meta property=\"article:published_time\" content=\"2023-07-23T14:55:54+00:00\" \/>\n<meta property=\"article:modified_time\" content=\"2023-07-23T14:59:15+00:00\" \/>\n<meta property=\"og:image\" content=\"https:\/\/noticiasmercedinas.com\/site\/wp-content\/uploads\/2023\/07\/ROPA.jpg\" \/>\n\t<meta property=\"og:image:width\" content=\"640\" \/>\n\t<meta property=\"og:image:height\" content=\"519\" \/>\n\t<meta property=\"og:image:type\" content=\"image\/jpeg\" \/>\n<meta name=\"author\" content=\"NOTICIASMERCEDINAS.COM\" \/>\n<meta name=\"twitter:card\" content=\"summary_large_image\" \/>\n<meta name=\"twitter:creator\" content=\"@notmercedinas\" \/>\n<meta name=\"twitter:site\" content=\"@notmercedinas\" \/>\n<meta name=\"twitter:label1\" content=\"Escrito por\" \/>\n\t<meta name=\"twitter:data1\" content=\"NOTICIASMERCEDINAS.COM\" \/>\n\t<meta name=\"twitter:label2\" content=\"Tiempo de lectura\" \/>\n\t<meta name=\"twitter:data2\" content=\"2 minutos\" \/>\n<script type=\"application\/ld+json\" class=\"yoast-schema-graph\">{\"@context\":\"https:\\\/\\\/schema.org\",\"@graph\":[{\"@type\":\"Article\",\"@id\":\"https:\\\/\\\/noticiasmercedinas.com\\\/site\\\/2023\\\/07\\\/23\\\/ex-empleado-es-detenido-por-robo-de-ropa-en-local-comercial-de-avenida-17\\\/#article\",\"isPartOf\":{\"@id\":\"https:\\\/\\\/noticiasmercedinas.com\\\/site\\\/2023\\\/07\\\/23\\\/ex-empleado-es-detenido-por-robo-de-ropa-en-local-comercial-de-avenida-17\\\/\"},\"author\":{\"name\":\"NOTICIASMERCEDINAS.COM\",\"@id\":\"https:\\\/\\\/noticiasmercedinas.com\\\/site\\\/#\\\/schema\\\/person\\\/84b59c099c28ff2e8b77d4ceec5d8063\"},\"headline\":\"Ex empleado es acusado por robo de ropa en local comercial de Avenida 17\",\"datePublished\":\"2023-07-23T14:55:54+00:00\",\"dateModified\":\"2023-07-23T14:59:15+00:00\",\"mainEntityOfPage\":{\"@id\":\"https:\\\/\\\/noticiasmercedinas.com\\\/site\\\/2023\\\/07\\\/23\\\/ex-empleado-es-detenido-por-robo-de-ropa-en-local-comercial-de-avenida-17\\\/\"},\"wordCount\":329,\"publisher\":{\"@id\":\"https:\\\/\\\/noticiasmercedinas.com\\\/site\\\/#organization\"},\"image\":{\"@id\":\"https:\\\/\\\/noticiasmercedinas.com\\\/site\\\/2023\\\/07\\\/23\\\/ex-empleado-es-detenido-por-robo-de-ropa-en-local-comercial-de-avenida-17\\\/#primaryimage\"},\"thumbnailUrl\":\"https:\\\/\\\/noticiasmercedinas.com\\\/site\\\/wp-content\\\/uploads\\\/2023\\\/07\\\/ROPA.jpg\",\"keywords\":[\"detenido\",\"robo\",\"ropa\"],\"articleSection\":[\"Seguridad\"],\"inLanguage\":\"es\"},{\"@type\":\"WebPage\",\"@id\":\"https:\\\/\\\/noticiasmercedinas.com\\\/site\\\/2023\\\/07\\\/23\\\/ex-empleado-es-detenido-por-robo-de-ropa-en-local-comercial-de-avenida-17\\\/\",\"url\":\"https:\\\/\\\/noticiasmercedinas.com\\\/site\\\/2023\\\/07\\\/23\\\/ex-empleado-es-detenido-por-robo-de-ropa-en-local-comercial-de-avenida-17\\\/\",\"name\":\"Ex empleado es acusado por robo de ropa en local comercial de Avenida 17\",\"isPartOf\":{\"@id\":\"https:\\\/\\\/noticiasmercedinas.com\\\/site\\\/#website\"},\"primaryImageOfPage\":{\"@id\":\"https:\\\/\\\/noticiasmercedinas.com\\\/site\\\/2023\\\/07\\\/23\\\/ex-empleado-es-detenido-por-robo-de-ropa-en-local-comercial-de-avenida-17\\\/#primaryimage\"},\"image\":{\"@id\":\"https:\\\/\\\/noticiasmercedinas.com\\\/site\\\/2023\\\/07\\\/23\\\/ex-empleado-es-detenido-por-robo-de-ropa-en-local-comercial-de-avenida-17\\\/#primaryimage\"},\"thumbnailUrl\":\"https:\\\/\\\/noticiasmercedinas.com\\\/site\\\/wp-content\\\/uploads\\\/2023\\\/07\\\/ROPA.jpg\",\"datePublished\":\"2023-07-23T14:55:54+00:00\",\"dateModified\":\"2023-07-23T14:59:15+00:00\",\"breadcrumb\":{\"@id\":\"https:\\\/\\\/noticiasmercedinas.com\\\/site\\\/2023\\\/07\\\/23\\\/ex-empleado-es-detenido-por-robo-de-ropa-en-local-comercial-de-avenida-17\\\/#breadcrumb\"},\"inLanguage\":\"es\",\"potentialAction\":[{\"@type\":\"ReadAction\",\"target\":[\"https:\\\/\\\/noticiasmercedinas.com\\\/site\\\/2023\\\/07\\\/23\\\/ex-empleado-es-detenido-por-robo-de-ropa-en-local-comercial-de-avenida-17\\\/\"]}]},{\"@type\":\"ImageObject\",\"inLanguage\":\"es\",\"@id\":\"https:\\\/\\\/noticiasmercedinas.com\\\/site\\\/2023\\\/07\\\/23\\\/ex-empleado-es-detenido-por-robo-de-ropa-en-local-comercial-de-avenida-17\\\/#primaryimage\",\"url\":\"https:\\\/\\\/noticiasmercedinas.com\\\/site\\\/wp-content\\\/uploads\\\/2023\\\/07\\\/ROPA.jpg\",\"contentUrl\":\"https:\\\/\\\/noticiasmercedinas.com\\\/site\\\/wp-content\\\/uploads\\\/2023\\\/07\\\/ROPA.jpg\",\"width\":640,\"height\":519},{\"@type\":\"BreadcrumbList\",\"@id\":\"https:\\\/\\\/noticiasmercedinas.com\\\/site\\\/2023\\\/07\\\/23\\\/ex-empleado-es-detenido-por-robo-de-ropa-en-local-comercial-de-avenida-17\\\/#breadcrumb\",\"itemListElement\":[{\"@type\":\"ListItem\",\"position\":1,\"name\":\"Portada\",\"item\":\"https:\\\/\\\/noticiasmercedinas.com\\\/site\\\/\"},{\"@type\":\"ListItem\",\"position\":2,\"name\":\"Ex empleado es acusado por robo de ropa en local comercial de Avenida 17\"}]},{\"@type\":\"WebSite\",\"@id\":\"https:\\\/\\\/noticiasmercedinas.com\\\/site\\\/#website\",\"url\":\"https:\\\/\\\/noticiasmercedinas.com\\\/site\\\/\",\"name\":\"NOTICIASMERCEDINAS.COM\",\"description\":\"Mercedes, Buenos Aires, Argentina\",\"publisher\":{\"@id\":\"https:\\\/\\\/noticiasmercedinas.com\\\/site\\\/#organization\"},\"potentialAction\":[{\"@type\":\"SearchAction\",\"target\":{\"@type\":\"EntryPoint\",\"urlTemplate\":\"https:\\\/\\\/noticiasmercedinas.com\\\/site\\\/?s={search_term_string}\"},\"query-input\":{\"@type\":\"PropertyValueSpecification\",\"valueRequired\":true,\"valueName\":\"search_term_string\"}}],\"inLanguage\":\"es\"},{\"@type\":\"Organization\",\"@id\":\"https:\\\/\\\/noticiasmercedinas.com\\\/site\\\/#organization\",\"name\":\"NOTICIASMERCEDINAS.COM\",\"url\":\"https:\\\/\\\/noticiasmercedinas.com\\\/site\\\/\",\"logo\":{\"@type\":\"ImageObject\",\"inLanguage\":\"es\",\"@id\":\"https:\\\/\\\/noticiasmercedinas.com\\\/site\\\/#\\\/schema\\\/logo\\\/image\\\/\",\"url\":\"https:\\\/\\\/noticiasmercedinas.com\\\/site\\\/wp-content\\\/uploads\\\/2020\\\/06\\\/LOGO-512.jpg\",\"contentUrl\":\"https:\\\/\\\/noticiasmercedinas.com\\\/site\\\/wp-content\\\/uploads\\\/2020\\\/06\\\/LOGO-512.jpg\",\"width\":512,\"height\":512,\"caption\":\"NOTICIASMERCEDINAS.COM\"},\"image\":{\"@id\":\"https:\\\/\\\/noticiasmercedinas.com\\\/site\\\/#\\\/schema\\\/logo\\\/image\\\/\"},\"sameAs\":[\"https:\\\/\\\/www.facebook.com\\\/noticiasmercedinas\\\/\",\"https:\\\/\\\/x.com\\\/notmercedinas\",\"https:\\\/\\\/www.instagram.com\\\/noticiasmercedinas\\\/\"]},{\"@type\":\"Person\",\"@id\":\"https:\\\/\\\/noticiasmercedinas.com\\\/site\\\/#\\\/schema\\\/person\\\/84b59c099c28ff2e8b77d4ceec5d8063\",\"name\":\"NOTICIASMERCEDINAS.COM\",\"image\":{\"@type\":\"ImageObject\",\"inLanguage\":\"es\",\"@id\":\"https:\\\/\\\/secure.gravatar.com\\\/avatar\\\/4dfbf16b4d17945bfb6341b2d19043457132fcf478a5ee04f42e959fd8f5df0a?s=96&d=mm&r=g\",\"url\":\"https:\\\/\\\/secure.gravatar.com\\\/avatar\\\/4dfbf16b4d17945bfb6341b2d19043457132fcf478a5ee04f42e959fd8f5df0a?s=96&d=mm&r=g\",\"contentUrl\":\"https:\\\/\\\/secure.gravatar.com\\\/avatar\\\/4dfbf16b4d17945bfb6341b2d19043457132fcf478a5ee04f42e959fd8f5df0a?s=96&d=mm&r=g\",\"caption\":\"NOTICIASMERCEDINAS.COM\"},\"url\":\"https:\\\/\\\/noticiasmercedinas.com\\\/site\\\/author\\\/anonimo\\\/\"}]}<\/script>\n<!-- \/ Yoast SEO plugin. -->","yoast_head_json":{"title":"Ex empleado es acusado por robo de ropa en local comercial de Avenida 17","robots":{"index":"index","follow":"follow","max-snippet":"max-snippet:-1","max-image-preview":"max-image-preview:large","max-video-preview":"max-video-preview:-1"},"canonical":"https:\/\/noticiasmercedinas.com\/site\/2023\/07\/23\/ex-empleado-es-detenido-por-robo-de-ropa-en-local-comercial-de-avenida-17\/","og_locale":"es_ES","og_type":"article","og_title":"Ex empleado es acusado por robo de ropa en local comercial de Avenida 17","og_description":"\u25a0 El hecho fue descubierto cuando el propietario del local de venta de indumentaria lleg\u00f3 a abrir su establecimiento y not\u00f3 la falta de diversas prendas. Se solicit\u00f3 la colaboraci\u00f3n del Centro de Monitoreo","og_url":"https:\/\/noticiasmercedinas.com\/site\/2023\/07\/23\/ex-empleado-es-detenido-por-robo-de-ropa-en-local-comercial-de-avenida-17\/","og_site_name":"NOTICIASMERCEDINAS.COM","article_publisher":"https:\/\/www.facebook.com\/noticiasmercedinas\/","article_published_time":"2023-07-23T14:55:54+00:00","article_modified_time":"2023-07-23T14:59:15+00:00","og_image":[{"width":640,"height":519,"url":"https:\/\/noticiasmercedinas.com\/site\/wp-content\/uploads\/2023\/07\/ROPA.jpg","type":"image\/jpeg"}],"author":"NOTICIASMERCEDINAS.COM","twitter_card":"summary_large_image","twitter_creator":"@notmercedinas","twitter_site":"@notmercedinas","twitter_misc":{"Escrito por":"NOTICIASMERCEDINAS.COM","Tiempo de lectura":"2 minutos"},"schema":{"@context":"https:\/\/schema.org","@graph":[{"@type":"Article","@id":"https:\/\/noticiasmercedinas.com\/site\/2023\/07\/23\/ex-empleado-es-detenido-por-robo-de-ropa-en-local-comercial-de-avenida-17\/#article","isPartOf":{"@id":"https:\/\/noticiasmercedinas.com\/site\/2023\/07\/23\/ex-empleado-es-detenido-por-robo-de-ropa-en-local-comercial-de-avenida-17\/"},"author":{"name":"NOTICIASMERCEDINAS.COM","@id":"https:\/\/noticiasmercedinas.com\/site\/#\/schema\/person\/84b59c099c28ff2e8b77d4ceec5d8063"},"headline":"Ex empleado es acusado por robo de ropa en local comercial de Avenida 17","datePublished":"2023-07-23T14:55:54+00:00","dateModified":"2023-07-23T14:59:15+00:00","mainEntityOfPage":{"@id":"https:\/\/noticiasmercedinas.com\/site\/2023\/07\/23\/ex-empleado-es-detenido-por-robo-de-ropa-en-local-comercial-de-avenida-17\/"},"wordCount":329,"publisher":{"@id":"https:\/\/noticiasmercedinas.com\/site\/#organization"},"image":{"@id":"https:\/\/noticiasmercedinas.com\/site\/2023\/07\/23\/ex-empleado-es-detenido-por-robo-de-ropa-en-local-comercial-de-avenida-17\/#primaryimage"},"thumbnailUrl":"https:\/\/noticiasmercedinas.com\/site\/wp-content\/uploads\/2023\/07\/ROPA.jpg","keywords":["detenido","robo","ropa"],"articleSection":["Seguridad"],"inLanguage":"es"},{"@type":"WebPage","@id":"https:\/\/noticiasmercedinas.com\/site\/2023\/07\/23\/ex-empleado-es-detenido-por-robo-de-ropa-en-local-comercial-de-avenida-17\/","url":"https:\/\/noticiasmercedinas.com\/site\/2023\/07\/23\/ex-empleado-es-detenido-por-robo-de-ropa-en-local-comercial-de-avenida-17\/","name":"Ex empleado es acusado por robo de ropa en local comercial de Avenida 17","isPartOf":{"@id":"https:\/\/noticiasmercedinas.com\/site\/#website"},"primaryImageOfPage":{"@id":"https:\/\/noticiasmercedinas.com\/site\/2023\/07\/23\/ex-empleado-es-detenido-por-robo-de-ropa-en-local-comercial-de-avenida-17\/#primaryimage"},"image":{"@id":"https:\/\/noticiasmercedinas.com\/site\/2023\/07\/23\/ex-empleado-es-detenido-por-robo-de-ropa-en-local-comercial-de-avenida-17\/#primaryimage"},"thumbnailUrl":"https:\/\/noticiasmercedinas.com\/site\/wp-content\/uploads\/2023\/07\/ROPA.jpg","datePublished":"2023-07-23T14:55:54+00:00","dateModified":"2023-07-23T14:59:15+00:00","breadcrumb":{"@id":"https:\/\/noticiasmercedinas.com\/site\/2023\/07\/23\/ex-empleado-es-detenido-por-robo-de-ropa-en-local-comercial-de-avenida-17\/#breadcrumb"},"inLanguage":"es","potentialAction":[{"@type":"ReadAction","target":["https:\/\/noticiasmercedinas.com\/site\/2023\/07\/23\/ex-empleado-es-detenido-por-robo-de-ropa-en-local-comercial-de-avenida-17\/"]}]},{"@type":"ImageObject","inLanguage":"es","@id":"https:\/\/noticiasmercedinas.com\/site\/2023\/07\/23\/ex-empleado-es-detenido-por-robo-de-ropa-en-local-comercial-de-avenida-17\/#primaryimage","url":"https:\/\/noticiasmercedinas.com\/site\/wp-content\/uploads\/2023\/07\/ROPA.jpg","contentUrl":"https:\/\/noticiasmercedinas.com\/site\/wp-content\/uploads\/2023\/07\/ROPA.jpg","width":640,"height":519},{"@type":"BreadcrumbList","@id":"https:\/\/noticiasmercedinas.com\/site\/2023\/07\/23\/ex-empleado-es-detenido-por-robo-de-ropa-en-local-comercial-de-avenida-17\/#breadcrumb","itemListElement":[{"@type":"ListItem","position":1,"name":"Portada","item":"https:\/\/noticiasmercedinas.com\/site\/"},{"@type":"ListItem","position":2,"name":"Ex empleado es acusado por robo de ropa en local comercial de Avenida 17"}]},{"@type":"WebSite","@id":"https:\/\/noticiasmercedinas.com\/site\/#website","url":"https:\/\/noticiasmercedinas.com\/site\/","name":"NOTICIASMERCEDINAS.COM","description":"Mercedes, Buenos Aires, Argentina","publisher":{"@id":"https:\/\/noticiasmercedinas.com\/site\/#organization"},"potentialAction":[{"@type":"SearchAction","target":{"@type":"EntryPoint","urlTemplate":"https:\/\/noticiasmercedinas.com\/site\/?s={search_term_string}"},"query-input":{"@type":"PropertyValueSpecification","valueRequired":true,"valueName":"search_term_string"}}],"inLanguage":"es"},{"@type":"Organization","@id":"https:\/\/noticiasmercedinas.com\/site\/#organization","name":"NOTICIASMERCEDINAS.COM","url":"https:\/\/noticiasmercedinas.com\/site\/","logo":{"@type":"ImageObject","inLanguage":"es","@id":"https:\/\/noticiasmercedinas.com\/site\/#\/schema\/logo\/image\/","url":"https:\/\/noticiasmercedinas.com\/site\/wp-content\/uploads\/2020\/06\/LOGO-512.jpg","contentUrl":"https:\/\/noticiasmercedinas.com\/site\/wp-content\/uploads\/2020\/06\/LOGO-512.jpg","width":512,"height":512,"caption":"NOTICIASMERCEDINAS.COM"},"image":{"@id":"https:\/\/noticiasmercedinas.com\/site\/#\/schema\/logo\/image\/"},"sameAs":["https:\/\/www.facebook.com\/noticiasmercedinas\/","https:\/\/x.com\/notmercedinas","https:\/\/www.instagram.com\/noticiasmercedinas\/"]},{"@type":"Person","@id":"https:\/\/noticiasmercedinas.com\/site\/#\/schema\/person\/84b59c099c28ff2e8b77d4ceec5d8063","name":"NOTICIASMERCEDINAS.COM","image":{"@type":"ImageObject","inLanguage":"es","@id":"https:\/\/secure.gravatar.com\/avatar\/4dfbf16b4d17945bfb6341b2d19043457132fcf478a5ee04f42e959fd8f5df0a?s=96&d=mm&r=g","url":"https:\/\/secure.gravatar.com\/avatar\/4dfbf16b4d17945bfb6341b2d19043457132fcf478a5ee04f42e959fd8f5df0a?s=96&d=mm&r=g","contentUrl":"https:\/\/secure.gravatar.com\/avatar\/4dfbf16b4d17945bfb6341b2d19043457132fcf478a5ee04f42e959fd8f5df0a?s=96&d=mm&r=g","caption":"NOTICIASMERCEDINAS.COM"},"url":"https:\/\/noticiasmercedinas.com\/site\/author\/anonimo\/"}]}},"amp_enabled":true,"_links":{"self":[{"href":"https:\/\/noticiasmercedinas.com\/site\/wp-json\/wp\/v2\/posts\/119605","targetHints":{"allow":["GET"]}}],"collection":[{"href":"https:\/\/noticiasmercedinas.com\/site\/wp-json\/wp\/v2\/posts"}],"about":[{"href":"https:\/\/noticiasmercedinas.com\/site\/wp-json\/wp\/v2\/types\/post"}],"author":[{"embeddable":true,"href":"https:\/\/noticiasmercedinas.com\/site\/wp-json\/wp\/v2\/users\/16"}],"replies":[{"embeddable":true,"href":"https:\/\/noticiasmercedinas.com\/site\/wp-json\/wp\/v2\/comments?post=119605"}],"version-history":[{"count":2,"href":"https:\/\/noticiasmercedinas.com\/site\/wp-json\/wp\/v2\/posts\/119605\/revisions"}],"predecessor-version":[{"id":119609,"href":"https:\/\/noticiasmercedinas.com\/site\/wp-json\/wp\/v2\/posts\/119605\/revisions\/119609"}],"wp:featuredmedia":[{"embeddable":true,"href":"https:\/\/noticiasmercedinas.com\/site\/wp-json\/wp\/v2\/media\/119606"}],"wp:attachment":[{"href":"https:\/\/noticiasmercedinas.com\/site\/wp-json\/wp\/v2\/media?parent=119605"}],"wp:term":[{"taxonomy":"category","embeddable":true,"href":"https:\/\/noticiasmercedinas.com\/site\/wp-json\/wp\/v2\/categories?post=119605"},{"taxonomy":"post_tag","embeddable":true,"href":"https:\/\/noticiasmercedinas.com\/site\/wp-json\/wp\/v2\/tags?post=119605"}],"curies":[{"name":"wp","href":"https:\/\/api.w.org\/{rel}","templated":true}]}}