{"id":119610,"date":"2023-07-23T20:19:17","date_gmt":"2023-07-23T23:19:17","guid":{"rendered":"https:\/\/noticiasmercedinas.com\/site\/?p=119610"},"modified":"2023-07-23T20:19:17","modified_gmt":"2023-07-23T23:19:17","slug":"victoria-que-sirve-para-club-mercedes","status":"publish","type":"post","link":"https:\/\/noticiasmercedinas.com\/site\/2023\/07\/23\/victoria-que-sirve-para-club-mercedes\/","title":{"rendered":"Victoria que sirve para Club Mercedes"},"content":{"rendered":"<figure id=\"attachment_119611\" aria-describedby=\"caption-attachment-119611\" style=\"width: 640px\" class=\"wp-caption alignnone\"><img loading=\"lazy\" decoding=\"async\" class=\"wp-image-119611 size-full\" src=\"https:\/\/noticiasmercedinas.com\/site\/wp-content\/uploads\/2023\/07\/IMG_8760.jpg\" alt=\"\" width=\"640\" height=\"445\" srcset=\"https:\/\/noticiasmercedinas.com\/site\/wp-content\/uploads\/2023\/07\/IMG_8760.jpg 640w, https:\/\/noticiasmercedinas.com\/site\/wp-content\/uploads\/2023\/07\/IMG_8760-300x209.jpg 300w\" sizes=\"auto, (max-width: 640px) 100vw, 640px\" \/><figcaption id=\"caption-attachment-119611\" class=\"wp-caption-text\">Vel\u00e1zquez, auto del gol para un Mercedes e camiseta alternativa.<\/figcaption><\/figure>\n<p>La Primera D ha tenido este domingo la presentaci\u00f3n de Club Mercedes como local en cancha de la Liga por la octava fecha, teniendo la visita de El Porvenir que semanas atr\u00e1s ven\u00eda de lograr el Primer Torneo. D\u00e1ndose para esta ocasi\u00f3n importantes bajas en el \u201cBlanquinegro\u201d, alguna repetida como la lesi\u00f3n de Illanes, m\u00e1s los suspendidos Menseguez, Chaparro y Torres quedando afuera del once por motivos personales el defensor Gatti, sin dudas nombres que ven\u00edan siendo titulares.<\/p>\n<p>En medio de todo Walter D\u00edaz puso en cancha un once con la vuelta a la categor\u00eda de Nicol\u00e1s Contardi y el debut como titular de Culio, los dem\u00e1s nombres que ya ven\u00edan actuando, que terminaron dejando en cancha una producci\u00f3n que si bien no deslumbr\u00f3 alcanz\u00f3 para quedarse con el resultado. Si bien El Porvenir pretendi\u00f3 ser el dominador, con permanentes pelotazos, a Mercedes le result\u00f3 m\u00e1s f\u00e1cil el juego con la pelota al piso y no entrar en ese desorden que pretend\u00eda el rival.<\/p>\n<p><img loading=\"lazy\" decoding=\"async\" class=\"alignnone size-full wp-image-119612\" src=\"https:\/\/noticiasmercedinas.com\/site\/wp-content\/uploads\/2023\/07\/IMG_8780.jpg\" alt=\"\" width=\"640\" height=\"390\" srcset=\"https:\/\/noticiasmercedinas.com\/site\/wp-content\/uploads\/2023\/07\/IMG_8780.jpg 640w, https:\/\/noticiasmercedinas.com\/site\/wp-content\/uploads\/2023\/07\/IMG_8780-300x183.jpg 300w\" sizes=\"auto, (max-width: 640px) 100vw, 640px\" \/><\/p>\n<p>En medio de un terreno que no ayud\u00f3, se la ingeni\u00f3 y cuando se hizo de la pelota construy\u00f3 la jugada del gol, fue cuando L\u00f3pez encontr\u00f3 a Vel\u00e1zquez y este de gran definici\u00f3n, encontrando el arquero adelantado, fue autor de un verdadero golazo para hacer estallar a su tribuna. Lo ganaba Mercedes en 30\u2019 que antes y despu\u00e9s en ese primer tiempo justific\u00f3 el resultado, sin poderse recuperar en ese tramo final El Porvenir que no pudo contra la ofensiva mercedina.<\/p>\n<p>Quedar\u00edan 45\u2019 por delante, otra vez los de Gerli a la carga con pelotazos para sobresalir en la tarea defensiva De Los Santos. Con 10 iba a quedar \u201cEl Porve\u201d sin poder inclinar la cancha, s\u00f3lo Vel\u00e1zquez estuvo cerca del segundo. El mismo delantero m\u00e1s tarde se iba expulsado, lo poco que qued\u00f3 no cambi\u00f3 el marcador y por la m\u00ednima Mercedes supo cantar victoria en la Liga y preparar el pr\u00f3ximo partido ante Espa\u00f1ol, ya con regreso de futbolistas. Mientras tanto en las tribunas unos 300 hinchas festejaron el resultado.<\/p>\n<p><img loading=\"lazy\" decoding=\"async\" class=\"alignnone size-full wp-image-119613\" src=\"https:\/\/noticiasmercedinas.com\/site\/wp-content\/uploads\/2023\/07\/IMG_8793.jpg\" alt=\"\" width=\"640\" height=\"415\" srcset=\"https:\/\/noticiasmercedinas.com\/site\/wp-content\/uploads\/2023\/07\/IMG_8793.jpg 640w, https:\/\/noticiasmercedinas.com\/site\/wp-content\/uploads\/2023\/07\/IMG_8793-300x194.jpg 300w, https:\/\/noticiasmercedinas.com\/site\/wp-content\/uploads\/2023\/07\/IMG_8793-600x388.jpg 600w\" sizes=\"auto, (max-width: 640px) 100vw, 640px\" \/><br \/>\n<strong><br \/>\nClub Mercedes 1:<\/strong> Gonzalo Boragno, Genaro S\u00e1nchez Olmos, Thom\u00e1s Schenone, Alexis Grzesiak Nicol\u00e1s Contardi, Blas De Los Santos, Franco Gatti, Juan Culio, El\u00edas Vel\u00e1zquez, Mat\u00edas L\u00f3pez y Rodrigo Scarnatto. <strong>DT:<\/strong> Walter D\u00edaz. <strong>Suplentes:<\/strong> Rodrigo Nicasio, Nicol\u00e1s Mart\u00ednez y Sabino Redondi.<\/p>\n<p><strong>El Porvenir 0:<\/strong> Franco Carretero, Felipe Ruiz, Leandro Villagra, Kevin Romero, Ulises Mas\u00edas, Lautaro Sequeira, Facundo Ojeda, Emiliano Rossi, Santiago Sosa, Mateo Mu\u00f1oz y Ulises Burgos. <strong>DT:<\/strong> Agust\u00edn Wallasch. <strong>Suplentes:<\/strong> Ezequiel Portillo, Enzo D\u2019 Angelis, Agust\u00edn Acosta y Enzo Brito.<\/p>\n<p><strong>Gol en el PT:<\/strong> A los 30\u2019 Vel\u00e1zquez en Club Mercedes.<br \/>\n<strong>Cambios:<\/strong> Domingo de Paola por S\u00e1nchez Olmos, Franco Cruz por Scarnatto, Santiago Romagnoli por F. Gatti e Ignacio Rodr\u00edguez por Culio en Club Mercedes. Armando Olmedo por Mu\u00f1oz, pablo Campo por Burgos y Sebasti\u00e1n Arrieta por Mas\u00edas en El Porvenir.<br \/>\n<strong>\u00c1rbitro:<\/strong> N\u00fa\u00f1ez Rodr\u00edguez.<br \/>\n<strong>Expulsados en el ST:<\/strong> A los 17\u2019 Romero en El Porvenir y a los 35\u2019 Vel\u00e1zquez en Club Mercedes.<\/p>\n<p><strong>Resultado<br \/>\n<\/strong>Ayer Cambaceres en Jos\u00e9 Le\u00f3n Su\u00e1rez le gan\u00f3 1-0 a Ballester y hoy en Rosario se impuso Espa\u00f1ol, pr\u00f3ximo rival de Mercedes,\u00a0 a Argentino para quedar como \u00fanico puntero de la categor\u00eda. La octava fecha sigue el lunes y martes.<br \/>\n<strong><br \/>\nArgentino (Rosario) 1: <\/strong>Juan Vega.<br \/>\n<strong>Recreativo Espa\u00f1ol 2:<\/strong> Carlos Di Pietro y Mart\u00edn Ruiz.<\/p>\n<p><img loading=\"lazy\" decoding=\"async\" class=\"alignnone size-full wp-image-119614\" src=\"https:\/\/noticiasmercedinas.com\/site\/wp-content\/uploads\/2023\/07\/Primera-D-8.jpg\" alt=\"\" width=\"640\" height=\"369\" srcset=\"https:\/\/noticiasmercedinas.com\/site\/wp-content\/uploads\/2023\/07\/Primera-D-8.jpg 640w, https:\/\/noticiasmercedinas.com\/site\/wp-content\/uploads\/2023\/07\/Primera-D-8-300x173.jpg 300w\" sizes=\"auto, (max-width: 640px) 100vw, 640px\" \/><br \/>\n<strong><br \/>\nLo que viene<br \/>\nLunes 24<\/strong><br \/>\n<strong>Cancha:<\/strong> Municipal de Pilar.<br \/>\nA las 15.30 Juventud Unida vs. Deportivo Paraguayo.<\/p>\n<p><strong>Martes 25<\/strong><br \/>\n<strong>Cancha:<\/strong> Deportivo Mor\u00f3n.<br \/>\nA las 15.30 Sportivo Barracas vs. Deportivo Mu\u00f1iz.<\/p>\n<p><strong>Pr\u00f3xima fecha<\/strong><br \/>\nDeportivo Paraguayo vs. Argentino.<br \/>\nCentro Espa\u00f1ol vs. Club Mercedes.<br \/>\nEl Porvenir vs. Central Ballester.<br \/>\nDefensores de Cambaceres vs. Sportivo Barracas.<br \/>\nDeportivo Mu\u00f1iz vs. Lugano.<br \/>\n<strong>Libre:<\/strong> Juventud Unida.<\/p>\n","protected":false},"excerpt":{"rendered":"<p>\u25a0 Por 1-0 este domingo en la Liga super\u00f3 a El Porvenir. En medio de una semana con bajas y alg\u00fan regres\u00f3 sac\u00f3 el partido adelante. El \u00fanico gol termin\u00f3 siendo una gran definici\u00f3n de El\u00edas Vel\u00e1zquez con asistencia de Mat\u00edas L\u00f3pez. <\/p>\n","protected":false},"author":6,"featured_media":119611,"comment_status":"closed","ping_status":"closed","sticky":false,"template":"","format":"standard","meta":{"footnotes":""},"categories":[5],"tags":[6424,135,10499,11935],"class_list":["post-119610","post","type-post","status-publish","format-standard","has-post-thumbnail","hentry","category-deportes","tag-afa","tag-club-mercedes","tag-el-porvenir","tag-primera-d"],"yoast_head":"<!-- This site is optimized with the Yoast SEO plugin v27.4 - https:\/\/yoast.com\/product\/yoast-seo-wordpress\/ -->\n<title>Victoria que sirve para Club Mercedes<\/title>\n<meta name=\"robots\" content=\"index, follow, max-snippet:-1, max-image-preview:large, max-video-preview:-1\" \/>\n<link rel=\"canonical\" href=\"https:\/\/noticiasmercedinas.com\/site\/2023\/07\/23\/victoria-que-sirve-para-club-mercedes\/\" \/>\n<meta property=\"og:locale\" content=\"es_ES\" \/>\n<meta property=\"og:type\" content=\"article\" \/>\n<meta property=\"og:title\" content=\"Victoria que sirve para Club Mercedes\" \/>\n<meta property=\"og:description\" content=\"\u25a0 Por 1-0 este domingo en la Liga super\u00f3 a El Porvenir. En medio de una semana con bajas y alg\u00fan regres\u00f3 sac\u00f3 el partido adelante. El \u00fanico gol termin\u00f3 siendo una gran definici\u00f3n de El\u00edas Vel\u00e1zquez con asistencia de Mat\u00edas L\u00f3pez.\" \/>\n<meta property=\"og:url\" content=\"https:\/\/noticiasmercedinas.com\/site\/2023\/07\/23\/victoria-que-sirve-para-club-mercedes\/\" \/>\n<meta property=\"og:site_name\" content=\"NOTICIASMERCEDINAS.COM\" \/>\n<meta property=\"article:publisher\" content=\"https:\/\/www.facebook.com\/noticiasmercedinas\/\" \/>\n<meta property=\"article:published_time\" content=\"2023-07-23T23:19:17+00:00\" \/>\n<meta property=\"og:image\" content=\"https:\/\/noticiasmercedinas.com\/site\/wp-content\/uploads\/2023\/07\/IMG_8760.jpg\" \/>\n\t<meta property=\"og:image:width\" content=\"640\" \/>\n\t<meta property=\"og:image:height\" content=\"445\" \/>\n\t<meta property=\"og:image:type\" content=\"image\/jpeg\" \/>\n<meta name=\"author\" content=\"Juan Dagnino NOTICIASMERCEDINAS.COM\" \/>\n<meta name=\"twitter:card\" content=\"summary_large_image\" \/>\n<meta name=\"twitter:creator\" content=\"@notmercedinas\" \/>\n<meta name=\"twitter:site\" content=\"@notmercedinas\" \/>\n<meta name=\"twitter:label1\" content=\"Escrito por\" \/>\n\t<meta name=\"twitter:data1\" content=\"Juan Dagnino NOTICIASMERCEDINAS.COM\" \/>\n\t<meta name=\"twitter:label2\" content=\"Tiempo de lectura\" \/>\n\t<meta name=\"twitter:data2\" content=\"4 minutos\" \/>\n<script type=\"application\/ld+json\" class=\"yoast-schema-graph\">{\"@context\":\"https:\\\/\\\/schema.org\",\"@graph\":[{\"@type\":\"Article\",\"@id\":\"https:\\\/\\\/noticiasmercedinas.com\\\/site\\\/2023\\\/07\\\/23\\\/victoria-que-sirve-para-club-mercedes\\\/#article\",\"isPartOf\":{\"@id\":\"https:\\\/\\\/noticiasmercedinas.com\\\/site\\\/2023\\\/07\\\/23\\\/victoria-que-sirve-para-club-mercedes\\\/\"},\"author\":{\"name\":\"Juan Dagnino NOTICIASMERCEDINAS.COM\",\"@id\":\"https:\\\/\\\/noticiasmercedinas.com\\\/site\\\/#\\\/schema\\\/person\\\/8f2f09d666ef40986eba4a5e6f2a06f9\"},\"headline\":\"Victoria que sirve para Club Mercedes\",\"datePublished\":\"2023-07-23T23:19:17+00:00\",\"mainEntityOfPage\":{\"@id\":\"https:\\\/\\\/noticiasmercedinas.com\\\/site\\\/2023\\\/07\\\/23\\\/victoria-que-sirve-para-club-mercedes\\\/\"},\"wordCount\":676,\"publisher\":{\"@id\":\"https:\\\/\\\/noticiasmercedinas.com\\\/site\\\/#organization\"},\"image\":{\"@id\":\"https:\\\/\\\/noticiasmercedinas.com\\\/site\\\/2023\\\/07\\\/23\\\/victoria-que-sirve-para-club-mercedes\\\/#primaryimage\"},\"thumbnailUrl\":\"https:\\\/\\\/noticiasmercedinas.com\\\/site\\\/wp-content\\\/uploads\\\/2023\\\/07\\\/IMG_8760.jpg\",\"keywords\":[\"AFA\",\"club mercedes\",\"El Porvenir\",\"Primera D\"],\"articleSection\":[\"Deportes\"],\"inLanguage\":\"es\"},{\"@type\":\"WebPage\",\"@id\":\"https:\\\/\\\/noticiasmercedinas.com\\\/site\\\/2023\\\/07\\\/23\\\/victoria-que-sirve-para-club-mercedes\\\/\",\"url\":\"https:\\\/\\\/noticiasmercedinas.com\\\/site\\\/2023\\\/07\\\/23\\\/victoria-que-sirve-para-club-mercedes\\\/\",\"name\":\"Victoria que sirve para Club Mercedes\",\"isPartOf\":{\"@id\":\"https:\\\/\\\/noticiasmercedinas.com\\\/site\\\/#website\"},\"primaryImageOfPage\":{\"@id\":\"https:\\\/\\\/noticiasmercedinas.com\\\/site\\\/2023\\\/07\\\/23\\\/victoria-que-sirve-para-club-mercedes\\\/#primaryimage\"},\"image\":{\"@id\":\"https:\\\/\\\/noticiasmercedinas.com\\\/site\\\/2023\\\/07\\\/23\\\/victoria-que-sirve-para-club-mercedes\\\/#primaryimage\"},\"thumbnailUrl\":\"https:\\\/\\\/noticiasmercedinas.com\\\/site\\\/wp-content\\\/uploads\\\/2023\\\/07\\\/IMG_8760.jpg\",\"datePublished\":\"2023-07-23T23:19:17+00:00\",\"breadcrumb\":{\"@id\":\"https:\\\/\\\/noticiasmercedinas.com\\\/site\\\/2023\\\/07\\\/23\\\/victoria-que-sirve-para-club-mercedes\\\/#breadcrumb\"},\"inLanguage\":\"es\",\"potentialAction\":[{\"@type\":\"ReadAction\",\"target\":[\"https:\\\/\\\/noticiasmercedinas.com\\\/site\\\/2023\\\/07\\\/23\\\/victoria-que-sirve-para-club-mercedes\\\/\"]}]},{\"@type\":\"ImageObject\",\"inLanguage\":\"es\",\"@id\":\"https:\\\/\\\/noticiasmercedinas.com\\\/site\\\/2023\\\/07\\\/23\\\/victoria-que-sirve-para-club-mercedes\\\/#primaryimage\",\"url\":\"https:\\\/\\\/noticiasmercedinas.com\\\/site\\\/wp-content\\\/uploads\\\/2023\\\/07\\\/IMG_8760.jpg\",\"contentUrl\":\"https:\\\/\\\/noticiasmercedinas.com\\\/site\\\/wp-content\\\/uploads\\\/2023\\\/07\\\/IMG_8760.jpg\",\"width\":640,\"height\":445},{\"@type\":\"BreadcrumbList\",\"@id\":\"https:\\\/\\\/noticiasmercedinas.com\\\/site\\\/2023\\\/07\\\/23\\\/victoria-que-sirve-para-club-mercedes\\\/#breadcrumb\",\"itemListElement\":[{\"@type\":\"ListItem\",\"position\":1,\"name\":\"Portada\",\"item\":\"https:\\\/\\\/noticiasmercedinas.com\\\/site\\\/\"},{\"@type\":\"ListItem\",\"position\":2,\"name\":\"Victoria que sirve para Club Mercedes\"}]},{\"@type\":\"WebSite\",\"@id\":\"https:\\\/\\\/noticiasmercedinas.com\\\/site\\\/#website\",\"url\":\"https:\\\/\\\/noticiasmercedinas.com\\\/site\\\/\",\"name\":\"NOTICIASMERCEDINAS.COM\",\"description\":\"Mercedes, Buenos Aires, Argentina\",\"publisher\":{\"@id\":\"https:\\\/\\\/noticiasmercedinas.com\\\/site\\\/#organization\"},\"potentialAction\":[{\"@type\":\"SearchAction\",\"target\":{\"@type\":\"EntryPoint\",\"urlTemplate\":\"https:\\\/\\\/noticiasmercedinas.com\\\/site\\\/?s={search_term_string}\"},\"query-input\":{\"@type\":\"PropertyValueSpecification\",\"valueRequired\":true,\"valueName\":\"search_term_string\"}}],\"inLanguage\":\"es\"},{\"@type\":\"Organization\",\"@id\":\"https:\\\/\\\/noticiasmercedinas.com\\\/site\\\/#organization\",\"name\":\"NOTICIASMERCEDINAS.COM\",\"url\":\"https:\\\/\\\/noticiasmercedinas.com\\\/site\\\/\",\"logo\":{\"@type\":\"ImageObject\",\"inLanguage\":\"es\",\"@id\":\"https:\\\/\\\/noticiasmercedinas.com\\\/site\\\/#\\\/schema\\\/logo\\\/image\\\/\",\"url\":\"https:\\\/\\\/noticiasmercedinas.com\\\/site\\\/wp-content\\\/uploads\\\/2020\\\/06\\\/LOGO-512.jpg\",\"contentUrl\":\"https:\\\/\\\/noticiasmercedinas.com\\\/site\\\/wp-content\\\/uploads\\\/2020\\\/06\\\/LOGO-512.jpg\",\"width\":512,\"height\":512,\"caption\":\"NOTICIASMERCEDINAS.COM\"},\"image\":{\"@id\":\"https:\\\/\\\/noticiasmercedinas.com\\\/site\\\/#\\\/schema\\\/logo\\\/image\\\/\"},\"sameAs\":[\"https:\\\/\\\/www.facebook.com\\\/noticiasmercedinas\\\/\",\"https:\\\/\\\/x.com\\\/notmercedinas\",\"https:\\\/\\\/www.instagram.com\\\/noticiasmercedinas\\\/\"]},{\"@type\":\"Person\",\"@id\":\"https:\\\/\\\/noticiasmercedinas.com\\\/site\\\/#\\\/schema\\\/person\\\/8f2f09d666ef40986eba4a5e6f2a06f9\",\"name\":\"Juan Dagnino NOTICIASMERCEDINAS.COM\",\"image\":{\"@type\":\"ImageObject\",\"inLanguage\":\"es\",\"@id\":\"https:\\\/\\\/secure.gravatar.com\\\/avatar\\\/fc7059a769f5a3cae65fadb228a3e4accf3a64b4b2305020d0a27e6d5333c91b?s=96&d=mm&r=g\",\"url\":\"https:\\\/\\\/secure.gravatar.com\\\/avatar\\\/fc7059a769f5a3cae65fadb228a3e4accf3a64b4b2305020d0a27e6d5333c91b?s=96&d=mm&r=g\",\"contentUrl\":\"https:\\\/\\\/secure.gravatar.com\\\/avatar\\\/fc7059a769f5a3cae65fadb228a3e4accf3a64b4b2305020d0a27e6d5333c91b?s=96&d=mm&r=g\",\"caption\":\"Juan Dagnino NOTICIASMERCEDINAS.COM\"},\"url\":\"https:\\\/\\\/noticiasmercedinas.com\\\/site\\\/author\\\/juandagnino\\\/\"}]}<\/script>\n<!-- \/ Yoast SEO plugin. -->","yoast_head_json":{"title":"Victoria que sirve para Club Mercedes","robots":{"index":"index","follow":"follow","max-snippet":"max-snippet:-1","max-image-preview":"max-image-preview:large","max-video-preview":"max-video-preview:-1"},"canonical":"https:\/\/noticiasmercedinas.com\/site\/2023\/07\/23\/victoria-que-sirve-para-club-mercedes\/","og_locale":"es_ES","og_type":"article","og_title":"Victoria que sirve para Club Mercedes","og_description":"\u25a0 Por 1-0 este domingo en la Liga super\u00f3 a El Porvenir. En medio de una semana con bajas y alg\u00fan regres\u00f3 sac\u00f3 el partido adelante. El \u00fanico gol termin\u00f3 siendo una gran definici\u00f3n de El\u00edas Vel\u00e1zquez con asistencia de Mat\u00edas L\u00f3pez.","og_url":"https:\/\/noticiasmercedinas.com\/site\/2023\/07\/23\/victoria-que-sirve-para-club-mercedes\/","og_site_name":"NOTICIASMERCEDINAS.COM","article_publisher":"https:\/\/www.facebook.com\/noticiasmercedinas\/","article_published_time":"2023-07-23T23:19:17+00:00","og_image":[{"width":640,"height":445,"url":"https:\/\/noticiasmercedinas.com\/site\/wp-content\/uploads\/2023\/07\/IMG_8760.jpg","type":"image\/jpeg"}],"author":"Juan Dagnino NOTICIASMERCEDINAS.COM","twitter_card":"summary_large_image","twitter_creator":"@notmercedinas","twitter_site":"@notmercedinas","twitter_misc":{"Escrito por":"Juan Dagnino NOTICIASMERCEDINAS.COM","Tiempo de lectura":"4 minutos"},"schema":{"@context":"https:\/\/schema.org","@graph":[{"@type":"Article","@id":"https:\/\/noticiasmercedinas.com\/site\/2023\/07\/23\/victoria-que-sirve-para-club-mercedes\/#article","isPartOf":{"@id":"https:\/\/noticiasmercedinas.com\/site\/2023\/07\/23\/victoria-que-sirve-para-club-mercedes\/"},"author":{"name":"Juan Dagnino NOTICIASMERCEDINAS.COM","@id":"https:\/\/noticiasmercedinas.com\/site\/#\/schema\/person\/8f2f09d666ef40986eba4a5e6f2a06f9"},"headline":"Victoria que sirve para Club Mercedes","datePublished":"2023-07-23T23:19:17+00:00","mainEntityOfPage":{"@id":"https:\/\/noticiasmercedinas.com\/site\/2023\/07\/23\/victoria-que-sirve-para-club-mercedes\/"},"wordCount":676,"publisher":{"@id":"https:\/\/noticiasmercedinas.com\/site\/#organization"},"image":{"@id":"https:\/\/noticiasmercedinas.com\/site\/2023\/07\/23\/victoria-que-sirve-para-club-mercedes\/#primaryimage"},"thumbnailUrl":"https:\/\/noticiasmercedinas.com\/site\/wp-content\/uploads\/2023\/07\/IMG_8760.jpg","keywords":["AFA","club mercedes","El Porvenir","Primera D"],"articleSection":["Deportes"],"inLanguage":"es"},{"@type":"WebPage","@id":"https:\/\/noticiasmercedinas.com\/site\/2023\/07\/23\/victoria-que-sirve-para-club-mercedes\/","url":"https:\/\/noticiasmercedinas.com\/site\/2023\/07\/23\/victoria-que-sirve-para-club-mercedes\/","name":"Victoria que sirve para Club Mercedes","isPartOf":{"@id":"https:\/\/noticiasmercedinas.com\/site\/#website"},"primaryImageOfPage":{"@id":"https:\/\/noticiasmercedinas.com\/site\/2023\/07\/23\/victoria-que-sirve-para-club-mercedes\/#primaryimage"},"image":{"@id":"https:\/\/noticiasmercedinas.com\/site\/2023\/07\/23\/victoria-que-sirve-para-club-mercedes\/#primaryimage"},"thumbnailUrl":"https:\/\/noticiasmercedinas.com\/site\/wp-content\/uploads\/2023\/07\/IMG_8760.jpg","datePublished":"2023-07-23T23:19:17+00:00","breadcrumb":{"@id":"https:\/\/noticiasmercedinas.com\/site\/2023\/07\/23\/victoria-que-sirve-para-club-mercedes\/#breadcrumb"},"inLanguage":"es","potentialAction":[{"@type":"ReadAction","target":["https:\/\/noticiasmercedinas.com\/site\/2023\/07\/23\/victoria-que-sirve-para-club-mercedes\/"]}]},{"@type":"ImageObject","inLanguage":"es","@id":"https:\/\/noticiasmercedinas.com\/site\/2023\/07\/23\/victoria-que-sirve-para-club-mercedes\/#primaryimage","url":"https:\/\/noticiasmercedinas.com\/site\/wp-content\/uploads\/2023\/07\/IMG_8760.jpg","contentUrl":"https:\/\/noticiasmercedinas.com\/site\/wp-content\/uploads\/2023\/07\/IMG_8760.jpg","width":640,"height":445},{"@type":"BreadcrumbList","@id":"https:\/\/noticiasmercedinas.com\/site\/2023\/07\/23\/victoria-que-sirve-para-club-mercedes\/#breadcrumb","itemListElement":[{"@type":"ListItem","position":1,"name":"Portada","item":"https:\/\/noticiasmercedinas.com\/site\/"},{"@type":"ListItem","position":2,"name":"Victoria que sirve para Club Mercedes"}]},{"@type":"WebSite","@id":"https:\/\/noticiasmercedinas.com\/site\/#website","url":"https:\/\/noticiasmercedinas.com\/site\/","name":"NOTICIASMERCEDINAS.COM","description":"Mercedes, Buenos Aires, Argentina","publisher":{"@id":"https:\/\/noticiasmercedinas.com\/site\/#organization"},"potentialAction":[{"@type":"SearchAction","target":{"@type":"EntryPoint","urlTemplate":"https:\/\/noticiasmercedinas.com\/site\/?s={search_term_string}"},"query-input":{"@type":"PropertyValueSpecification","valueRequired":true,"valueName":"search_term_string"}}],"inLanguage":"es"},{"@type":"Organization","@id":"https:\/\/noticiasmercedinas.com\/site\/#organization","name":"NOTICIASMERCEDINAS.COM","url":"https:\/\/noticiasmercedinas.com\/site\/","logo":{"@type":"ImageObject","inLanguage":"es","@id":"https:\/\/noticiasmercedinas.com\/site\/#\/schema\/logo\/image\/","url":"https:\/\/noticiasmercedinas.com\/site\/wp-content\/uploads\/2020\/06\/LOGO-512.jpg","contentUrl":"https:\/\/noticiasmercedinas.com\/site\/wp-content\/uploads\/2020\/06\/LOGO-512.jpg","width":512,"height":512,"caption":"NOTICIASMERCEDINAS.COM"},"image":{"@id":"https:\/\/noticiasmercedinas.com\/site\/#\/schema\/logo\/image\/"},"sameAs":["https:\/\/www.facebook.com\/noticiasmercedinas\/","https:\/\/x.com\/notmercedinas","https:\/\/www.instagram.com\/noticiasmercedinas\/"]},{"@type":"Person","@id":"https:\/\/noticiasmercedinas.com\/site\/#\/schema\/person\/8f2f09d666ef40986eba4a5e6f2a06f9","name":"Juan Dagnino NOTICIASMERCEDINAS.COM","image":{"@type":"ImageObject","inLanguage":"es","@id":"https:\/\/secure.gravatar.com\/avatar\/fc7059a769f5a3cae65fadb228a3e4accf3a64b4b2305020d0a27e6d5333c91b?s=96&d=mm&r=g","url":"https:\/\/secure.gravatar.com\/avatar\/fc7059a769f5a3cae65fadb228a3e4accf3a64b4b2305020d0a27e6d5333c91b?s=96&d=mm&r=g","contentUrl":"https:\/\/secure.gravatar.com\/avatar\/fc7059a769f5a3cae65fadb228a3e4accf3a64b4b2305020d0a27e6d5333c91b?s=96&d=mm&r=g","caption":"Juan Dagnino NOTICIASMERCEDINAS.COM"},"url":"https:\/\/noticiasmercedinas.com\/site\/author\/juandagnino\/"}]}},"amp_enabled":true,"_links":{"self":[{"href":"https:\/\/noticiasmercedinas.com\/site\/wp-json\/wp\/v2\/posts\/119610","targetHints":{"allow":["GET"]}}],"collection":[{"href":"https:\/\/noticiasmercedinas.com\/site\/wp-json\/wp\/v2\/posts"}],"about":[{"href":"https:\/\/noticiasmercedinas.com\/site\/wp-json\/wp\/v2\/types\/post"}],"author":[{"embeddable":true,"href":"https:\/\/noticiasmercedinas.com\/site\/wp-json\/wp\/v2\/users\/6"}],"replies":[{"embeddable":true,"href":"https:\/\/noticiasmercedinas.com\/site\/wp-json\/wp\/v2\/comments?post=119610"}],"version-history":[{"count":1,"href":"https:\/\/noticiasmercedinas.com\/site\/wp-json\/wp\/v2\/posts\/119610\/revisions"}],"predecessor-version":[{"id":119615,"href":"https:\/\/noticiasmercedinas.com\/site\/wp-json\/wp\/v2\/posts\/119610\/revisions\/119615"}],"wp:featuredmedia":[{"embeddable":true,"href":"https:\/\/noticiasmercedinas.com\/site\/wp-json\/wp\/v2\/media\/119611"}],"wp:attachment":[{"href":"https:\/\/noticiasmercedinas.com\/site\/wp-json\/wp\/v2\/media?parent=119610"}],"wp:term":[{"taxonomy":"category","embeddable":true,"href":"https:\/\/noticiasmercedinas.com\/site\/wp-json\/wp\/v2\/categories?post=119610"},{"taxonomy":"post_tag","embeddable":true,"href":"https:\/\/noticiasmercedinas.com\/site\/wp-json\/wp\/v2\/tags?post=119610"}],"curies":[{"name":"wp","href":"https:\/\/api.w.org\/{rel}","templated":true}]}}