{"id":119814,"date":"2023-07-27T18:52:08","date_gmt":"2023-07-27T21:52:08","guid":{"rendered":"https:\/\/noticiasmercedinas.com\/site\/?p=119814"},"modified":"2023-07-27T18:52:08","modified_gmt":"2023-07-27T21:52:08","slug":"discursos-poemas-y-mucha-emocion-del-peronismo-local-en-el-recuerdo-de-evita","status":"publish","type":"post","link":"https:\/\/noticiasmercedinas.com\/site\/2023\/07\/27\/discursos-poemas-y-mucha-emocion-del-peronismo-local-en-el-recuerdo-de-evita\/","title":{"rendered":"Discursos, poemas y mucha emoci\u00f3n del peronismo local en el recuerdo de Evita"},"content":{"rendered":"<p><img loading=\"lazy\" decoding=\"async\" class=\"alignnone size-large wp-image-119815\" src=\"https:\/\/noticiasmercedinas.com\/site\/wp-content\/uploads\/2023\/07\/MP-1024x683.jpg\" alt=\"\" width=\"640\" height=\"427\" srcset=\"https:\/\/noticiasmercedinas.com\/site\/wp-content\/uploads\/2023\/07\/MP-1024x683.jpg 1024w, https:\/\/noticiasmercedinas.com\/site\/wp-content\/uploads\/2023\/07\/MP-300x200.jpg 300w, https:\/\/noticiasmercedinas.com\/site\/wp-content\/uploads\/2023\/07\/MP-768x512.jpg 768w, https:\/\/noticiasmercedinas.com\/site\/wp-content\/uploads\/2023\/07\/MP-640x427.jpg 640w, https:\/\/noticiasmercedinas.com\/site\/wp-content\/uploads\/2023\/07\/MP-1280x853.jpg 1280w, https:\/\/noticiasmercedinas.com\/site\/wp-content\/uploads\/2023\/07\/MP-681x454.jpg 681w, https:\/\/noticiasmercedinas.com\/site\/wp-content\/uploads\/2023\/07\/MP-1362x908.jpg 1362w, https:\/\/noticiasmercedinas.com\/site\/wp-content\/uploads\/2023\/07\/MP.jpg 1500w\" sizes=\"auto, (max-width: 640px) 100vw, 640px\" \/><\/p>\n<p>Este mi\u00e9rcoles el Partido Justicialista de Mercedes conmemor\u00f3 el 71 aniversario del paso a la inmortalidad de Evita con un acto con mucha militancia en el busto de esquina 23 y 30.<\/p>\n<p>Los militantes y dirigentes peronistas se volvieron a congregar con un mensaje \u00fanico: la unidad del movimiento peronista de cara a las elecciones PASO que se vienen en un par de semanas.<\/p>\n<p>Con la conducci\u00f3n de la concejala Andrea Bozzini y de la directora de Participaci\u00f3n Ciudadana y Relaciones con la Comunidad Mariana San Mart\u00edn, y ambas pre candidatas a concejalas, el acto comenz\u00f3 pasadas las 18 horas en el busto que recuerda a Eva Per\u00f3n.<\/p>\n<p>Cont\u00f3 con la presencia del intendente Juan Ustarroz y el diputado nacional Carlos Selva.<\/p>\n<p>En el inicio se realiz\u00f3 la tradicional ofrenda floral de parte de representantes de distintas agrupaciones y movimientos sindicales que estaban presentes. Luego el presidente del Partido Justicialista Juan Pablo L\u00f3pez dio las palabras de bienvenida y en ellas reconoci\u00f3 a una militante justicialista fallecida hace algunos d\u00edas como fue Yolanda Valenzuela.<\/p>\n<p>Despu\u00e9s fue el turno del Movimiento Evita, donde una de sus militantes ley\u00f3 un documento muy emotivo donde destacaron la figura de Eva Per\u00f3n y como sigue a\u00fan vigente. \u201cHasta la victoria siempre\u201d, finaliz\u00f3 la joven del Evita al terminar su alocuci\u00f3n.<\/p>\n<p>Luego fue el turno de Magui Oliva, quien en representaci\u00f3n de la CGT se dirigi\u00f3 a los presentes destacando el trabajo que se debe realizar de militancia de cara a las elecciones que se viene. Oliva destac\u00f3 tambi\u00e9n la unidad gestada en Uni\u00f3n por la Patria, donde todas las fuerzas pol\u00edticas y sindicales que la componen estaban presentes en el acto del mi\u00e9rcoles.<\/p>\n<p>La candidata a diputada nacional Sabrina Selva fue la siguiente en tomar el micr\u00f3fono y sobrevalor\u00f3 en el inicio del discurso el rol que tuvo el ministro Wado de Pedro en la conformaci\u00f3n de la lista de unidad. \u201cLa grandeza de la Patria requiri\u00f3 de esfuerzos de todos para lograr la unidad; ac\u00e1 en Mercedes tenemos a una persona que dej\u00f3 de lado su postulaci\u00f3n priorizando la unidad y entendiendo que era lo mejor para todos: y ese fue nuestro querido vecino Wado de Pedro\u201d, dijo la referente del Frente Renovador.<\/p>\n<p>Ya para el final quedaron las palabras de cierre de parte de intendente Juan Ignacio Ustarroz, quien puso de relieve varios conceptos. \u201cLo vengo diciendo siempre: no hay proyecto de ciudad, sin proyecto de pa\u00eds. Debemos trabajar desde la militancia imitando al fuego. Encender desde abajo para que vaya creciendo hacia arriba, ampliar la base de sustentaci\u00f3n de nuestro proyecto pol\u00edtico. Tenemos que empezar por nuestra Patria chica, nuestra ciudad, nuestro barrio y unidades b\u00e1sicas. Debemos imitar el ejemplo de Evita y hacerlo desde el coraz\u00f3n\u201d, sostuvo.<\/p>\n<p>Tambi\u00e9n en esta fecha especial el intendente quiso recordar a otro militante que en los \u00faltimos d\u00edas perdi\u00f3 la vida. \u201cQuiero hacer un reconocimiento a Jorge Torres, un gran compa\u00f1ero y militante que falleci\u00f3 este domingo\u201d, afirm\u00f3 Ustarroz<\/p>\n<p>Ya sobre el final la militante Luc\u00eda Lascano ley\u00f3 un poema de autor\u00eda de la gran escritora Mar\u00eda Elena Walsh hablando de la figura de Evita y despert\u00f3 la emoci\u00f3n y los aplausos de los presentes.<\/p>\n<p>La Marcha Peronista son\u00f3 fuertemente en el acto y luego todos se trasladaron a la sede de la agrupaci\u00f3n 17 de octubre para seguir con las charlas y confirmar fuertemente una idea: la de unidad.<\/p>\n","protected":false},"excerpt":{"rendered":"<p>\u25a0 Los militantes y dirigentes peronistas se volvieron a congregar con un mensaje \u00fanico: la unidad del movimiento peronista de cara a las elecciones PASO que se vienen en un par de semanas.<\/p>\n","protected":false},"author":16,"featured_media":119815,"comment_status":"closed","ping_status":"closed","sticky":false,"template":"","format":"standard","meta":{"footnotes":""},"categories":[16],"tags":[4466,23,1489],"class_list":["post-119814","post","type-post","status-publish","format-standard","has-post-thumbnail","hentry","category-politica","tag-eva-peron","tag-mercedes","tag-pj"],"yoast_head":"<!-- This site is optimized with the Yoast SEO plugin v27.5 - https:\/\/yoast.com\/product\/yoast-seo-wordpress\/ -->\n<title>Discursos, poemas y mucha emoci\u00f3n del peronismo local en el recuerdo de Evita<\/title>\n<meta name=\"robots\" content=\"index, follow, max-snippet:-1, max-image-preview:large, max-video-preview:-1\" \/>\n<link rel=\"canonical\" href=\"https:\/\/noticiasmercedinas.com\/site\/2023\/07\/27\/discursos-poemas-y-mucha-emocion-del-peronismo-local-en-el-recuerdo-de-evita\/\" \/>\n<meta property=\"og:locale\" content=\"es_ES\" \/>\n<meta property=\"og:type\" content=\"article\" \/>\n<meta property=\"og:title\" content=\"Discursos, poemas y mucha emoci\u00f3n del peronismo local en el recuerdo de Evita\" \/>\n<meta property=\"og:description\" content=\"\u25a0 Los militantes y dirigentes peronistas se volvieron a congregar con un mensaje \u00fanico: la unidad del movimiento peronista de cara a las elecciones PASO que se vienen en un par de semanas.\" \/>\n<meta property=\"og:url\" content=\"https:\/\/noticiasmercedinas.com\/site\/2023\/07\/27\/discursos-poemas-y-mucha-emocion-del-peronismo-local-en-el-recuerdo-de-evita\/\" \/>\n<meta property=\"og:site_name\" content=\"NOTICIASMERCEDINAS.COM\" \/>\n<meta property=\"article:publisher\" content=\"https:\/\/www.facebook.com\/noticiasmercedinas\/\" \/>\n<meta property=\"article:published_time\" content=\"2023-07-27T21:52:08+00:00\" \/>\n<meta property=\"og:image\" content=\"https:\/\/noticiasmercedinas.com\/site\/wp-content\/uploads\/2023\/07\/MP.jpg\" \/>\n\t<meta property=\"og:image:width\" content=\"1500\" \/>\n\t<meta property=\"og:image:height\" content=\"1000\" \/>\n\t<meta property=\"og:image:type\" content=\"image\/jpeg\" \/>\n<meta name=\"author\" content=\"NOTICIASMERCEDINAS.COM\" \/>\n<meta name=\"twitter:card\" content=\"summary_large_image\" \/>\n<meta name=\"twitter:creator\" content=\"@notmercedinas\" \/>\n<meta name=\"twitter:site\" content=\"@notmercedinas\" \/>\n<meta name=\"twitter:label1\" content=\"Escrito por\" \/>\n\t<meta name=\"twitter:data1\" content=\"NOTICIASMERCEDINAS.COM\" \/>\n\t<meta name=\"twitter:label2\" content=\"Tiempo de lectura\" \/>\n\t<meta name=\"twitter:data2\" content=\"3 minutos\" \/>\n<script type=\"application\/ld+json\" class=\"yoast-schema-graph\">{\"@context\":\"https:\\\/\\\/schema.org\",\"@graph\":[{\"@type\":\"Article\",\"@id\":\"https:\\\/\\\/noticiasmercedinas.com\\\/site\\\/2023\\\/07\\\/27\\\/discursos-poemas-y-mucha-emocion-del-peronismo-local-en-el-recuerdo-de-evita\\\/#article\",\"isPartOf\":{\"@id\":\"https:\\\/\\\/noticiasmercedinas.com\\\/site\\\/2023\\\/07\\\/27\\\/discursos-poemas-y-mucha-emocion-del-peronismo-local-en-el-recuerdo-de-evita\\\/\"},\"author\":{\"name\":\"NOTICIASMERCEDINAS.COM\",\"@id\":\"https:\\\/\\\/noticiasmercedinas.com\\\/site\\\/#\\\/schema\\\/person\\\/84b59c099c28ff2e8b77d4ceec5d8063\"},\"headline\":\"Discursos, poemas y mucha emoci\u00f3n del peronismo local en el recuerdo de Evita\",\"datePublished\":\"2023-07-27T21:52:08+00:00\",\"mainEntityOfPage\":{\"@id\":\"https:\\\/\\\/noticiasmercedinas.com\\\/site\\\/2023\\\/07\\\/27\\\/discursos-poemas-y-mucha-emocion-del-peronismo-local-en-el-recuerdo-de-evita\\\/\"},\"wordCount\":607,\"publisher\":{\"@id\":\"https:\\\/\\\/noticiasmercedinas.com\\\/site\\\/#organization\"},\"image\":{\"@id\":\"https:\\\/\\\/noticiasmercedinas.com\\\/site\\\/2023\\\/07\\\/27\\\/discursos-poemas-y-mucha-emocion-del-peronismo-local-en-el-recuerdo-de-evita\\\/#primaryimage\"},\"thumbnailUrl\":\"https:\\\/\\\/noticiasmercedinas.com\\\/site\\\/wp-content\\\/uploads\\\/2023\\\/07\\\/MP.jpg\",\"keywords\":[\"eva peron\",\"mercedes\",\"pj\"],\"articleSection\":[\"Politica\"],\"inLanguage\":\"es\"},{\"@type\":\"WebPage\",\"@id\":\"https:\\\/\\\/noticiasmercedinas.com\\\/site\\\/2023\\\/07\\\/27\\\/discursos-poemas-y-mucha-emocion-del-peronismo-local-en-el-recuerdo-de-evita\\\/\",\"url\":\"https:\\\/\\\/noticiasmercedinas.com\\\/site\\\/2023\\\/07\\\/27\\\/discursos-poemas-y-mucha-emocion-del-peronismo-local-en-el-recuerdo-de-evita\\\/\",\"name\":\"Discursos, poemas y mucha emoci\u00f3n del peronismo local en el recuerdo de Evita\",\"isPartOf\":{\"@id\":\"https:\\\/\\\/noticiasmercedinas.com\\\/site\\\/#website\"},\"primaryImageOfPage\":{\"@id\":\"https:\\\/\\\/noticiasmercedinas.com\\\/site\\\/2023\\\/07\\\/27\\\/discursos-poemas-y-mucha-emocion-del-peronismo-local-en-el-recuerdo-de-evita\\\/#primaryimage\"},\"image\":{\"@id\":\"https:\\\/\\\/noticiasmercedinas.com\\\/site\\\/2023\\\/07\\\/27\\\/discursos-poemas-y-mucha-emocion-del-peronismo-local-en-el-recuerdo-de-evita\\\/#primaryimage\"},\"thumbnailUrl\":\"https:\\\/\\\/noticiasmercedinas.com\\\/site\\\/wp-content\\\/uploads\\\/2023\\\/07\\\/MP.jpg\",\"datePublished\":\"2023-07-27T21:52:08+00:00\",\"breadcrumb\":{\"@id\":\"https:\\\/\\\/noticiasmercedinas.com\\\/site\\\/2023\\\/07\\\/27\\\/discursos-poemas-y-mucha-emocion-del-peronismo-local-en-el-recuerdo-de-evita\\\/#breadcrumb\"},\"inLanguage\":\"es\",\"potentialAction\":[{\"@type\":\"ReadAction\",\"target\":[\"https:\\\/\\\/noticiasmercedinas.com\\\/site\\\/2023\\\/07\\\/27\\\/discursos-poemas-y-mucha-emocion-del-peronismo-local-en-el-recuerdo-de-evita\\\/\"]}]},{\"@type\":\"ImageObject\",\"inLanguage\":\"es\",\"@id\":\"https:\\\/\\\/noticiasmercedinas.com\\\/site\\\/2023\\\/07\\\/27\\\/discursos-poemas-y-mucha-emocion-del-peronismo-local-en-el-recuerdo-de-evita\\\/#primaryimage\",\"url\":\"https:\\\/\\\/noticiasmercedinas.com\\\/site\\\/wp-content\\\/uploads\\\/2023\\\/07\\\/MP.jpg\",\"contentUrl\":\"https:\\\/\\\/noticiasmercedinas.com\\\/site\\\/wp-content\\\/uploads\\\/2023\\\/07\\\/MP.jpg\",\"width\":1500,\"height\":1000},{\"@type\":\"BreadcrumbList\",\"@id\":\"https:\\\/\\\/noticiasmercedinas.com\\\/site\\\/2023\\\/07\\\/27\\\/discursos-poemas-y-mucha-emocion-del-peronismo-local-en-el-recuerdo-de-evita\\\/#breadcrumb\",\"itemListElement\":[{\"@type\":\"ListItem\",\"position\":1,\"name\":\"Portada\",\"item\":\"https:\\\/\\\/noticiasmercedinas.com\\\/site\\\/\"},{\"@type\":\"ListItem\",\"position\":2,\"name\":\"Discursos, poemas y mucha emoci\u00f3n del peronismo local en el recuerdo de Evita\"}]},{\"@type\":\"WebSite\",\"@id\":\"https:\\\/\\\/noticiasmercedinas.com\\\/site\\\/#website\",\"url\":\"https:\\\/\\\/noticiasmercedinas.com\\\/site\\\/\",\"name\":\"NOTICIASMERCEDINAS.COM\",\"description\":\"Mercedes, Buenos Aires, Argentina\",\"publisher\":{\"@id\":\"https:\\\/\\\/noticiasmercedinas.com\\\/site\\\/#organization\"},\"potentialAction\":[{\"@type\":\"SearchAction\",\"target\":{\"@type\":\"EntryPoint\",\"urlTemplate\":\"https:\\\/\\\/noticiasmercedinas.com\\\/site\\\/?s={search_term_string}\"},\"query-input\":{\"@type\":\"PropertyValueSpecification\",\"valueRequired\":true,\"valueName\":\"search_term_string\"}}],\"inLanguage\":\"es\"},{\"@type\":\"Organization\",\"@id\":\"https:\\\/\\\/noticiasmercedinas.com\\\/site\\\/#organization\",\"name\":\"NOTICIASMERCEDINAS.COM\",\"url\":\"https:\\\/\\\/noticiasmercedinas.com\\\/site\\\/\",\"logo\":{\"@type\":\"ImageObject\",\"inLanguage\":\"es\",\"@id\":\"https:\\\/\\\/noticiasmercedinas.com\\\/site\\\/#\\\/schema\\\/logo\\\/image\\\/\",\"url\":\"https:\\\/\\\/noticiasmercedinas.com\\\/site\\\/wp-content\\\/uploads\\\/2020\\\/06\\\/LOGO-512.jpg\",\"contentUrl\":\"https:\\\/\\\/noticiasmercedinas.com\\\/site\\\/wp-content\\\/uploads\\\/2020\\\/06\\\/LOGO-512.jpg\",\"width\":512,\"height\":512,\"caption\":\"NOTICIASMERCEDINAS.COM\"},\"image\":{\"@id\":\"https:\\\/\\\/noticiasmercedinas.com\\\/site\\\/#\\\/schema\\\/logo\\\/image\\\/\"},\"sameAs\":[\"https:\\\/\\\/www.facebook.com\\\/noticiasmercedinas\\\/\",\"https:\\\/\\\/x.com\\\/notmercedinas\",\"https:\\\/\\\/www.instagram.com\\\/noticiasmercedinas\\\/\"]},{\"@type\":\"Person\",\"@id\":\"https:\\\/\\\/noticiasmercedinas.com\\\/site\\\/#\\\/schema\\\/person\\\/84b59c099c28ff2e8b77d4ceec5d8063\",\"name\":\"NOTICIASMERCEDINAS.COM\",\"image\":{\"@type\":\"ImageObject\",\"inLanguage\":\"es\",\"@id\":\"https:\\\/\\\/secure.gravatar.com\\\/avatar\\\/4dfbf16b4d17945bfb6341b2d19043457132fcf478a5ee04f42e959fd8f5df0a?s=96&d=mm&r=g\",\"url\":\"https:\\\/\\\/secure.gravatar.com\\\/avatar\\\/4dfbf16b4d17945bfb6341b2d19043457132fcf478a5ee04f42e959fd8f5df0a?s=96&d=mm&r=g\",\"contentUrl\":\"https:\\\/\\\/secure.gravatar.com\\\/avatar\\\/4dfbf16b4d17945bfb6341b2d19043457132fcf478a5ee04f42e959fd8f5df0a?s=96&d=mm&r=g\",\"caption\":\"NOTICIASMERCEDINAS.COM\"},\"url\":\"https:\\\/\\\/noticiasmercedinas.com\\\/site\\\/author\\\/anonimo\\\/\"}]}<\/script>\n<!-- \/ Yoast SEO plugin. -->","yoast_head_json":{"title":"Discursos, poemas y mucha emoci\u00f3n del peronismo local en el recuerdo de Evita","robots":{"index":"index","follow":"follow","max-snippet":"max-snippet:-1","max-image-preview":"max-image-preview:large","max-video-preview":"max-video-preview:-1"},"canonical":"https:\/\/noticiasmercedinas.com\/site\/2023\/07\/27\/discursos-poemas-y-mucha-emocion-del-peronismo-local-en-el-recuerdo-de-evita\/","og_locale":"es_ES","og_type":"article","og_title":"Discursos, poemas y mucha emoci\u00f3n del peronismo local en el recuerdo de Evita","og_description":"\u25a0 Los militantes y dirigentes peronistas se volvieron a congregar con un mensaje \u00fanico: la unidad del movimiento peronista de cara a las elecciones PASO que se vienen en un par de semanas.","og_url":"https:\/\/noticiasmercedinas.com\/site\/2023\/07\/27\/discursos-poemas-y-mucha-emocion-del-peronismo-local-en-el-recuerdo-de-evita\/","og_site_name":"NOTICIASMERCEDINAS.COM","article_publisher":"https:\/\/www.facebook.com\/noticiasmercedinas\/","article_published_time":"2023-07-27T21:52:08+00:00","og_image":[{"width":1500,"height":1000,"url":"https:\/\/noticiasmercedinas.com\/site\/wp-content\/uploads\/2023\/07\/MP.jpg","type":"image\/jpeg"}],"author":"NOTICIASMERCEDINAS.COM","twitter_card":"summary_large_image","twitter_creator":"@notmercedinas","twitter_site":"@notmercedinas","twitter_misc":{"Escrito por":"NOTICIASMERCEDINAS.COM","Tiempo de lectura":"3 minutos"},"schema":{"@context":"https:\/\/schema.org","@graph":[{"@type":"Article","@id":"https:\/\/noticiasmercedinas.com\/site\/2023\/07\/27\/discursos-poemas-y-mucha-emocion-del-peronismo-local-en-el-recuerdo-de-evita\/#article","isPartOf":{"@id":"https:\/\/noticiasmercedinas.com\/site\/2023\/07\/27\/discursos-poemas-y-mucha-emocion-del-peronismo-local-en-el-recuerdo-de-evita\/"},"author":{"name":"NOTICIASMERCEDINAS.COM","@id":"https:\/\/noticiasmercedinas.com\/site\/#\/schema\/person\/84b59c099c28ff2e8b77d4ceec5d8063"},"headline":"Discursos, poemas y mucha emoci\u00f3n del peronismo local en el recuerdo de Evita","datePublished":"2023-07-27T21:52:08+00:00","mainEntityOfPage":{"@id":"https:\/\/noticiasmercedinas.com\/site\/2023\/07\/27\/discursos-poemas-y-mucha-emocion-del-peronismo-local-en-el-recuerdo-de-evita\/"},"wordCount":607,"publisher":{"@id":"https:\/\/noticiasmercedinas.com\/site\/#organization"},"image":{"@id":"https:\/\/noticiasmercedinas.com\/site\/2023\/07\/27\/discursos-poemas-y-mucha-emocion-del-peronismo-local-en-el-recuerdo-de-evita\/#primaryimage"},"thumbnailUrl":"https:\/\/noticiasmercedinas.com\/site\/wp-content\/uploads\/2023\/07\/MP.jpg","keywords":["eva peron","mercedes","pj"],"articleSection":["Politica"],"inLanguage":"es"},{"@type":"WebPage","@id":"https:\/\/noticiasmercedinas.com\/site\/2023\/07\/27\/discursos-poemas-y-mucha-emocion-del-peronismo-local-en-el-recuerdo-de-evita\/","url":"https:\/\/noticiasmercedinas.com\/site\/2023\/07\/27\/discursos-poemas-y-mucha-emocion-del-peronismo-local-en-el-recuerdo-de-evita\/","name":"Discursos, poemas y mucha emoci\u00f3n del peronismo local en el recuerdo de Evita","isPartOf":{"@id":"https:\/\/noticiasmercedinas.com\/site\/#website"},"primaryImageOfPage":{"@id":"https:\/\/noticiasmercedinas.com\/site\/2023\/07\/27\/discursos-poemas-y-mucha-emocion-del-peronismo-local-en-el-recuerdo-de-evita\/#primaryimage"},"image":{"@id":"https:\/\/noticiasmercedinas.com\/site\/2023\/07\/27\/discursos-poemas-y-mucha-emocion-del-peronismo-local-en-el-recuerdo-de-evita\/#primaryimage"},"thumbnailUrl":"https:\/\/noticiasmercedinas.com\/site\/wp-content\/uploads\/2023\/07\/MP.jpg","datePublished":"2023-07-27T21:52:08+00:00","breadcrumb":{"@id":"https:\/\/noticiasmercedinas.com\/site\/2023\/07\/27\/discursos-poemas-y-mucha-emocion-del-peronismo-local-en-el-recuerdo-de-evita\/#breadcrumb"},"inLanguage":"es","potentialAction":[{"@type":"ReadAction","target":["https:\/\/noticiasmercedinas.com\/site\/2023\/07\/27\/discursos-poemas-y-mucha-emocion-del-peronismo-local-en-el-recuerdo-de-evita\/"]}]},{"@type":"ImageObject","inLanguage":"es","@id":"https:\/\/noticiasmercedinas.com\/site\/2023\/07\/27\/discursos-poemas-y-mucha-emocion-del-peronismo-local-en-el-recuerdo-de-evita\/#primaryimage","url":"https:\/\/noticiasmercedinas.com\/site\/wp-content\/uploads\/2023\/07\/MP.jpg","contentUrl":"https:\/\/noticiasmercedinas.com\/site\/wp-content\/uploads\/2023\/07\/MP.jpg","width":1500,"height":1000},{"@type":"BreadcrumbList","@id":"https:\/\/noticiasmercedinas.com\/site\/2023\/07\/27\/discursos-poemas-y-mucha-emocion-del-peronismo-local-en-el-recuerdo-de-evita\/#breadcrumb","itemListElement":[{"@type":"ListItem","position":1,"name":"Portada","item":"https:\/\/noticiasmercedinas.com\/site\/"},{"@type":"ListItem","position":2,"name":"Discursos, poemas y mucha emoci\u00f3n del peronismo local en el recuerdo de Evita"}]},{"@type":"WebSite","@id":"https:\/\/noticiasmercedinas.com\/site\/#website","url":"https:\/\/noticiasmercedinas.com\/site\/","name":"NOTICIASMERCEDINAS.COM","description":"Mercedes, Buenos Aires, Argentina","publisher":{"@id":"https:\/\/noticiasmercedinas.com\/site\/#organization"},"potentialAction":[{"@type":"SearchAction","target":{"@type":"EntryPoint","urlTemplate":"https:\/\/noticiasmercedinas.com\/site\/?s={search_term_string}"},"query-input":{"@type":"PropertyValueSpecification","valueRequired":true,"valueName":"search_term_string"}}],"inLanguage":"es"},{"@type":"Organization","@id":"https:\/\/noticiasmercedinas.com\/site\/#organization","name":"NOTICIASMERCEDINAS.COM","url":"https:\/\/noticiasmercedinas.com\/site\/","logo":{"@type":"ImageObject","inLanguage":"es","@id":"https:\/\/noticiasmercedinas.com\/site\/#\/schema\/logo\/image\/","url":"https:\/\/noticiasmercedinas.com\/site\/wp-content\/uploads\/2020\/06\/LOGO-512.jpg","contentUrl":"https:\/\/noticiasmercedinas.com\/site\/wp-content\/uploads\/2020\/06\/LOGO-512.jpg","width":512,"height":512,"caption":"NOTICIASMERCEDINAS.COM"},"image":{"@id":"https:\/\/noticiasmercedinas.com\/site\/#\/schema\/logo\/image\/"},"sameAs":["https:\/\/www.facebook.com\/noticiasmercedinas\/","https:\/\/x.com\/notmercedinas","https:\/\/www.instagram.com\/noticiasmercedinas\/"]},{"@type":"Person","@id":"https:\/\/noticiasmercedinas.com\/site\/#\/schema\/person\/84b59c099c28ff2e8b77d4ceec5d8063","name":"NOTICIASMERCEDINAS.COM","image":{"@type":"ImageObject","inLanguage":"es","@id":"https:\/\/secure.gravatar.com\/avatar\/4dfbf16b4d17945bfb6341b2d19043457132fcf478a5ee04f42e959fd8f5df0a?s=96&d=mm&r=g","url":"https:\/\/secure.gravatar.com\/avatar\/4dfbf16b4d17945bfb6341b2d19043457132fcf478a5ee04f42e959fd8f5df0a?s=96&d=mm&r=g","contentUrl":"https:\/\/secure.gravatar.com\/avatar\/4dfbf16b4d17945bfb6341b2d19043457132fcf478a5ee04f42e959fd8f5df0a?s=96&d=mm&r=g","caption":"NOTICIASMERCEDINAS.COM"},"url":"https:\/\/noticiasmercedinas.com\/site\/author\/anonimo\/"}]}},"amp_enabled":true,"_links":{"self":[{"href":"https:\/\/noticiasmercedinas.com\/site\/wp-json\/wp\/v2\/posts\/119814","targetHints":{"allow":["GET"]}}],"collection":[{"href":"https:\/\/noticiasmercedinas.com\/site\/wp-json\/wp\/v2\/posts"}],"about":[{"href":"https:\/\/noticiasmercedinas.com\/site\/wp-json\/wp\/v2\/types\/post"}],"author":[{"embeddable":true,"href":"https:\/\/noticiasmercedinas.com\/site\/wp-json\/wp\/v2\/users\/16"}],"replies":[{"embeddable":true,"href":"https:\/\/noticiasmercedinas.com\/site\/wp-json\/wp\/v2\/comments?post=119814"}],"version-history":[{"count":1,"href":"https:\/\/noticiasmercedinas.com\/site\/wp-json\/wp\/v2\/posts\/119814\/revisions"}],"predecessor-version":[{"id":119816,"href":"https:\/\/noticiasmercedinas.com\/site\/wp-json\/wp\/v2\/posts\/119814\/revisions\/119816"}],"wp:featuredmedia":[{"embeddable":true,"href":"https:\/\/noticiasmercedinas.com\/site\/wp-json\/wp\/v2\/media\/119815"}],"wp:attachment":[{"href":"https:\/\/noticiasmercedinas.com\/site\/wp-json\/wp\/v2\/media?parent=119814"}],"wp:term":[{"taxonomy":"category","embeddable":true,"href":"https:\/\/noticiasmercedinas.com\/site\/wp-json\/wp\/v2\/categories?post=119814"},{"taxonomy":"post_tag","embeddable":true,"href":"https:\/\/noticiasmercedinas.com\/site\/wp-json\/wp\/v2\/tags?post=119814"}],"curies":[{"name":"wp","href":"https:\/\/api.w.org\/{rel}","templated":true}]}}