{"id":119983,"date":"2023-07-31T09:13:37","date_gmt":"2023-07-31T12:13:37","guid":{"rendered":"https:\/\/noticiasmercedinas.com\/site\/?p=119983"},"modified":"2023-07-31T10:48:29","modified_gmt":"2023-07-31T13:48:29","slug":"primero-la-ninez-municipio-e-instituciones-sellan-compromiso-en-el-presente-por-el-futuro","status":"publish","type":"post","link":"https:\/\/noticiasmercedinas.com\/site\/2023\/07\/31\/primero-la-ninez-municipio-e-instituciones-sellan-compromiso-en-el-presente-por-el-futuro\/","title":{"rendered":"Primero la ni\u00f1ez: Municipio e instituciones sellan compromiso en el presente por el futuro"},"content":{"rendered":"<p><img loading=\"lazy\" decoding=\"async\" class=\"alignnone size-large wp-image-119988\" src=\"https:\/\/noticiasmercedinas.com\/site\/wp-content\/uploads\/2023\/07\/MHM5936-1024x680.jpg\" alt=\"\" width=\"640\" height=\"425\" srcset=\"https:\/\/noticiasmercedinas.com\/site\/wp-content\/uploads\/2023\/07\/MHM5936-1024x680.jpg 1024w, https:\/\/noticiasmercedinas.com\/site\/wp-content\/uploads\/2023\/07\/MHM5936-300x199.jpg 300w, https:\/\/noticiasmercedinas.com\/site\/wp-content\/uploads\/2023\/07\/MHM5936-768x510.jpg 768w, https:\/\/noticiasmercedinas.com\/site\/wp-content\/uploads\/2023\/07\/MHM5936-640x425.jpg 640w, https:\/\/noticiasmercedinas.com\/site\/wp-content\/uploads\/2023\/07\/MHM5936-1280x850.jpg 1280w, https:\/\/noticiasmercedinas.com\/site\/wp-content\/uploads\/2023\/07\/MHM5936-681x452.jpg 681w, https:\/\/noticiasmercedinas.com\/site\/wp-content\/uploads\/2023\/07\/MHM5936.jpg 1323w\" sizes=\"auto, (max-width: 640px) 100vw, 640px\" \/><\/p>\n<p>En La Trocha, un importante n\u00famero de instituciones firmaron un compromiso impulsado por el Municipio para promover el bienestar de la infancia y convertir a Mercedes en una \u00abciudad de las ni\u00f1as y ni\u00f1os\u00bb.<\/p>\n<p>El objetivo es establecer una pol\u00edtica de Estado a largo plazo que act\u00fae en el presente y construya un futuro mejor para las generaciones venideras. En el evento estuvieron presentes representantes de Unicef y la Sociedad Argentina de Primera Infancia.<\/p>\n<p>El municipio lider\u00f3 el encuentro para fortalecer el compromiso de mantener programas y acciones que protejan a la ni\u00f1ez, creando ambientes saludables, educativos y l\u00fadicos. El objetivo es construir un futuro mejor para Mercedes actuando en el presente. Esta iniciativa se suma a los esfuerzos previos realizados junto a Unicef, la Sociedad Argentina de Primera Infancia, la Secretar\u00eda Nacional de Ni\u00f1ez, Adolescencia y Familia, y diversas medidas implementadas por la Comuna, como los Jardines Espacio Primera Infancia, Estaci\u00f3n Juego, Programa Alimentario, ProEBa, Mercedes Aprende Unida y la amplia red de interacci\u00f3n institucional impulsada.<\/p>\n<p><img loading=\"lazy\" decoding=\"async\" class=\"size-large wp-image-120019\" src=\"https:\/\/noticiasmercedinas.com\/site\/wp-content\/uploads\/2023\/07\/363360846_826733895475346_3357862486188697836_n-1024x576.jpg\" alt=\"\" width=\"640\" height=\"360\" srcset=\"https:\/\/noticiasmercedinas.com\/site\/wp-content\/uploads\/2023\/07\/363360846_826733895475346_3357862486188697836_n-1024x576.jpg 1024w, https:\/\/noticiasmercedinas.com\/site\/wp-content\/uploads\/2023\/07\/363360846_826733895475346_3357862486188697836_n-300x169.jpg 300w, https:\/\/noticiasmercedinas.com\/site\/wp-content\/uploads\/2023\/07\/363360846_826733895475346_3357862486188697836_n-768x432.jpg 768w, https:\/\/noticiasmercedinas.com\/site\/wp-content\/uploads\/2023\/07\/363360846_826733895475346_3357862486188697836_n-1536x864.jpg 1536w, https:\/\/noticiasmercedinas.com\/site\/wp-content\/uploads\/2023\/07\/363360846_826733895475346_3357862486188697836_n-640x360.jpg 640w, https:\/\/noticiasmercedinas.com\/site\/wp-content\/uploads\/2023\/07\/363360846_826733895475346_3357862486188697836_n-1280x720.jpg 1280w, https:\/\/noticiasmercedinas.com\/site\/wp-content\/uploads\/2023\/07\/363360846_826733895475346_3357862486188697836_n-681x383.jpg 681w, https:\/\/noticiasmercedinas.com\/site\/wp-content\/uploads\/2023\/07\/363360846_826733895475346_3357862486188697836_n-1362x766.jpg 1362w, https:\/\/noticiasmercedinas.com\/site\/wp-content\/uploads\/2023\/07\/363360846_826733895475346_3357862486188697836_n.jpg 2048w\" sizes=\"auto, (max-width: 640px) 100vw, 640px\" \/><\/p>\n<p><strong>Compromiso<\/strong><br \/>\nTodas las instituciones que participaron se comprometieron a seguir brindando sus servicios durante todo el a\u00f1o para potenciar el desarrollo, la diversi\u00f3n, el aprendizaje, el intercambio y la contenci\u00f3n, con el objetivo de convertir a Mercedes en una ciudad amigable para ni\u00f1os y ni\u00f1as. El trabajo conjunto y comprometido, similar al realizado en el programa Mil D\u00edas, que recibi\u00f3 premios y reconocimientos a nivel nacional, ahora se fortalecer\u00e1 con una red institucional s\u00f3lida, centrada en el bienestar de la infancia.<\/p>\n<p><strong>Comunidad<br \/>\n<\/strong>Durante el evento, el intendente Juani Ustarroz agradeci\u00f3 a todos los vecinos, instituciones y organizaciones presentes que trabajan incansablemente en beneficio de la ni\u00f1ez y las infancias en la ciudad. Expres\u00f3 la importancia de construir cada vez m\u00e1s espacios para el juego, la contenci\u00f3n y el desarrollo de los ni\u00f1os y ni\u00f1as. Encontrar estos espacios es crucial para promover un ambiente saludable y equilibrado en el que puedan aprender y divertirse.<\/p>\n<p><img loading=\"lazy\" decoding=\"async\" class=\"alignnone size-large wp-image-119984\" src=\"https:\/\/noticiasmercedinas.com\/site\/wp-content\/uploads\/2023\/07\/MHM5844-1024x680.jpg\" alt=\"\" width=\"640\" height=\"425\" srcset=\"https:\/\/noticiasmercedinas.com\/site\/wp-content\/uploads\/2023\/07\/MHM5844-1024x680.jpg 1024w, https:\/\/noticiasmercedinas.com\/site\/wp-content\/uploads\/2023\/07\/MHM5844-300x199.jpg 300w, https:\/\/noticiasmercedinas.com\/site\/wp-content\/uploads\/2023\/07\/MHM5844-768x510.jpg 768w, https:\/\/noticiasmercedinas.com\/site\/wp-content\/uploads\/2023\/07\/MHM5844-640x425.jpg 640w, https:\/\/noticiasmercedinas.com\/site\/wp-content\/uploads\/2023\/07\/MHM5844-1280x850.jpg 1280w, https:\/\/noticiasmercedinas.com\/site\/wp-content\/uploads\/2023\/07\/MHM5844-681x452.jpg 681w, https:\/\/noticiasmercedinas.com\/site\/wp-content\/uploads\/2023\/07\/MHM5844.jpg 1323w\" sizes=\"auto, (max-width: 640px) 100vw, 640px\" \/><\/p>\n<p><strong>Presencias<\/strong><br \/>\nEl intendente Ustarroz destac\u00f3 la presencia de importantes entidades como Unicef y la Sociedad Argentina de Primera Infancia, agradeci\u00e9ndoles su compromiso y apoyo en el proceso de construir una ciudad que sea amigable y segura para la infancia.<\/p>\n<p><strong>Actividades<\/strong><br \/>\nLa secretaria de Desarrollo de la Comunidad, licenciada Jorgelina Silva, resalt\u00f3 la importancia de esta iniciativa, que involucra a varias \u00e1reas de la municipalidad y a numerosas instituciones y referentes locales. Tambi\u00e9n destac\u00f3 la finalizaci\u00f3n exitosa de las vacaciones de invierno, con diversas actividades en diferentes espacios de la ciudad, que permitieron el encuentro y la diversi\u00f3n de las familias y los ni\u00f1os.<\/p>\n<p>Adem\u00e1s, Silva subray\u00f3 la relevancia de mantener la ciudad abierta durante todo el a\u00f1o para fomentar el juego y el contacto con otros ni\u00f1os, como una alternativa saludable frente al exceso de exposici\u00f3n a pantallas.<\/p>\n<p><img loading=\"lazy\" decoding=\"async\" class=\"alignnone size-large wp-image-120020\" src=\"https:\/\/noticiasmercedinas.com\/site\/wp-content\/uploads\/2023\/07\/363441328_826733378808731_4127875081663755838_n-1024x680.jpg\" alt=\"\" width=\"640\" height=\"425\" srcset=\"https:\/\/noticiasmercedinas.com\/site\/wp-content\/uploads\/2023\/07\/363441328_826733378808731_4127875081663755838_n-1024x680.jpg 1024w, https:\/\/noticiasmercedinas.com\/site\/wp-content\/uploads\/2023\/07\/363441328_826733378808731_4127875081663755838_n-300x199.jpg 300w, https:\/\/noticiasmercedinas.com\/site\/wp-content\/uploads\/2023\/07\/363441328_826733378808731_4127875081663755838_n-768x510.jpg 768w, https:\/\/noticiasmercedinas.com\/site\/wp-content\/uploads\/2023\/07\/363441328_826733378808731_4127875081663755838_n-640x425.jpg 640w, https:\/\/noticiasmercedinas.com\/site\/wp-content\/uploads\/2023\/07\/363441328_826733378808731_4127875081663755838_n-1280x850.jpg 1280w, https:\/\/noticiasmercedinas.com\/site\/wp-content\/uploads\/2023\/07\/363441328_826733378808731_4127875081663755838_n-681x452.jpg 681w, https:\/\/noticiasmercedinas.com\/site\/wp-content\/uploads\/2023\/07\/363441328_826733378808731_4127875081663755838_n.jpg 1323w\" sizes=\"auto, (max-width: 640px) 100vw, 640px\" \/><\/p>\n<p><strong>Futuro<\/strong><br \/>\nEl acto de firma del compromiso marc\u00f3 el inicio de una ampliaci\u00f3n de acciones y pol\u00edticas de Estado destinadas a mejorar la calidad de vida de la comunidad, teniendo como eje principal el bienestar de la ni\u00f1ez. Las instituciones firmaron un gran pergamino en el escenario como s\u00edmbolo de la unidad y solidaridad en la b\u00fasqueda de un futuro mejor para las futuras generaciones de Mercedes.<\/p>\n<p>Entre los adherentes estuvieron:<\/p>\n<p>&#8211; Unicef<br \/>\n&#8211; Sociedad Argentina de Primera Infancia<br \/>\n&#8211; C\u00e1ritas<br \/>\n&#8211; Hogar Granja Arco Iris<br \/>\n&#8211; Club Ateneo<br \/>\n&#8211; Biblioteca Sarmiento<br \/>\n&#8211; Comedor Mensaje de Amor<br \/>\n&#8211; Iglesias Evang\u00e9licas<br \/>\n&#8211; Referentes de espacios barriales Pe\u00f1aloza, Belgrano, San Mart\u00edn, Soldado Balvidares, Mutti, Villa Industrial, Marchetti<br \/>\n&#8211; Club Palometas<br \/>\n&#8211; Instituto Lowe<br \/>\n&#8211; Parroquia San Jos\u00e9<br \/>\n&#8211; JEA Mercedes<br \/>\n&#8211; Merendero Parroquia San Vicente de Paul<br \/>\n&#8211; Merendero barrio Malvinas<br \/>\n&#8211; Pastoral Adicciones Iglesias Cat\u00f3licas<br \/>\n&#8211; Club de Leones<br \/>\n&#8211; Pastoral Social Iglesias Cat\u00f3licas<br \/>\n&#8211; Club Trocha<br \/>\n&#8211; Jardines Maternales<br \/>\n&#8211; Sociedades de Fomento Gowland y Agote<br \/>\n&#8211; Bomberos Voluntarios<br \/>\n&#8211; Veteranos de Malvinas<br \/>\n&#8211; Club Palometas<br \/>\n&#8211; Espacios de Adultos Mayores<br \/>\n&#8211; Organismos de gesti\u00f3n p\u00fablica<\/p>\n<p>Con este compromiso colectivo, Mercedes se encamina hacia un futuro m\u00e1s prometedor y humano para todas sus ni\u00f1as y ni\u00f1os. El trabajo conjunto y la participaci\u00f3n activa de la comunidad son fundamentales para lograr una ciudad que brinde oportunidades, protecci\u00f3n y alegr\u00eda a sus m\u00e1s j\u00f3venes ciudadanos.<\/p>\n<p><img loading=\"lazy\" decoding=\"async\" class=\"alignnone size-large wp-image-119987\" src=\"https:\/\/noticiasmercedinas.com\/site\/wp-content\/uploads\/2023\/07\/MHM5941-1024x680.jpg\" alt=\"\" width=\"640\" height=\"425\" srcset=\"https:\/\/noticiasmercedinas.com\/site\/wp-content\/uploads\/2023\/07\/MHM5941-1024x680.jpg 1024w, https:\/\/noticiasmercedinas.com\/site\/wp-content\/uploads\/2023\/07\/MHM5941-300x199.jpg 300w, https:\/\/noticiasmercedinas.com\/site\/wp-content\/uploads\/2023\/07\/MHM5941-768x510.jpg 768w, https:\/\/noticiasmercedinas.com\/site\/wp-content\/uploads\/2023\/07\/MHM5941-640x425.jpg 640w, https:\/\/noticiasmercedinas.com\/site\/wp-content\/uploads\/2023\/07\/MHM5941-1280x850.jpg 1280w, https:\/\/noticiasmercedinas.com\/site\/wp-content\/uploads\/2023\/07\/MHM5941-681x452.jpg 681w, https:\/\/noticiasmercedinas.com\/site\/wp-content\/uploads\/2023\/07\/MHM5941.jpg 1323w\" sizes=\"auto, (max-width: 640px) 100vw, 640px\" \/><\/p>\n","protected":false},"excerpt":{"rendered":"<p>\u25a0 Un importante n\u00famero de instituciones firmaron un compromiso impulsado por el Municipio para promover el bienestar de la infancia y convertir a Mercedes en una \u00abciudad de las ni\u00f1as y ni\u00f1os\u00bb.<\/p>\n","protected":false},"author":16,"featured_media":119988,"comment_status":"closed","ping_status":"closed","sticky":false,"template":"","format":"standard","meta":{"footnotes":""},"categories":[3],"tags":[7996,10033,369],"class_list":["post-119983","post","type-post","status-publish","format-standard","has-post-thumbnail","hentry","category-sociedad","tag-desarrollo-de-la-comunidad","tag-infancias","tag-ninez"],"yoast_head":"<!-- This site is optimized with the Yoast SEO plugin v27.5 - https:\/\/yoast.com\/product\/yoast-seo-wordpress\/ -->\n<title>Primero la ni\u00f1ez: Municipio e instituciones sellan compromiso en el presente por el futuro<\/title>\n<meta name=\"robots\" content=\"index, follow, max-snippet:-1, max-image-preview:large, max-video-preview:-1\" \/>\n<link rel=\"canonical\" href=\"https:\/\/noticiasmercedinas.com\/site\/2023\/07\/31\/primero-la-ninez-municipio-e-instituciones-sellan-compromiso-en-el-presente-por-el-futuro\/\" \/>\n<meta property=\"og:locale\" content=\"es_ES\" \/>\n<meta property=\"og:type\" content=\"article\" \/>\n<meta property=\"og:title\" content=\"Primero la ni\u00f1ez: Municipio e instituciones sellan compromiso en el presente por el futuro\" \/>\n<meta property=\"og:description\" content=\"\u25a0 Un importante n\u00famero de instituciones firmaron un compromiso impulsado por el Municipio para promover el bienestar de la infancia y convertir a Mercedes en una &quot;ciudad de las ni\u00f1as y ni\u00f1os&quot;.\" \/>\n<meta property=\"og:url\" content=\"https:\/\/noticiasmercedinas.com\/site\/2023\/07\/31\/primero-la-ninez-municipio-e-instituciones-sellan-compromiso-en-el-presente-por-el-futuro\/\" \/>\n<meta property=\"og:site_name\" content=\"NOTICIASMERCEDINAS.COM\" \/>\n<meta property=\"article:publisher\" content=\"https:\/\/www.facebook.com\/noticiasmercedinas\/\" \/>\n<meta property=\"article:published_time\" content=\"2023-07-31T12:13:37+00:00\" \/>\n<meta property=\"article:modified_time\" content=\"2023-07-31T13:48:29+00:00\" \/>\n<meta property=\"og:image\" content=\"https:\/\/noticiasmercedinas.com\/site\/wp-content\/uploads\/2023\/07\/MHM5936.jpg\" \/>\n\t<meta property=\"og:image:width\" content=\"1323\" \/>\n\t<meta property=\"og:image:height\" content=\"879\" \/>\n\t<meta property=\"og:image:type\" content=\"image\/jpeg\" \/>\n<meta name=\"author\" content=\"NOTICIASMERCEDINAS.COM\" \/>\n<meta name=\"twitter:card\" content=\"summary_large_image\" \/>\n<meta name=\"twitter:creator\" content=\"@notmercedinas\" \/>\n<meta name=\"twitter:site\" content=\"@notmercedinas\" \/>\n<meta name=\"twitter:label1\" content=\"Escrito por\" \/>\n\t<meta name=\"twitter:data1\" content=\"NOTICIASMERCEDINAS.COM\" \/>\n\t<meta name=\"twitter:label2\" content=\"Tiempo de lectura\" \/>\n\t<meta name=\"twitter:data2\" content=\"5 minutos\" \/>\n<script type=\"application\/ld+json\" class=\"yoast-schema-graph\">{\"@context\":\"https:\\\/\\\/schema.org\",\"@graph\":[{\"@type\":\"Article\",\"@id\":\"https:\\\/\\\/noticiasmercedinas.com\\\/site\\\/2023\\\/07\\\/31\\\/primero-la-ninez-municipio-e-instituciones-sellan-compromiso-en-el-presente-por-el-futuro\\\/#article\",\"isPartOf\":{\"@id\":\"https:\\\/\\\/noticiasmercedinas.com\\\/site\\\/2023\\\/07\\\/31\\\/primero-la-ninez-municipio-e-instituciones-sellan-compromiso-en-el-presente-por-el-futuro\\\/\"},\"author\":{\"name\":\"NOTICIASMERCEDINAS.COM\",\"@id\":\"https:\\\/\\\/noticiasmercedinas.com\\\/site\\\/#\\\/schema\\\/person\\\/84b59c099c28ff2e8b77d4ceec5d8063\"},\"headline\":\"Primero la ni\u00f1ez: Municipio e instituciones sellan compromiso en el presente por el futuro\",\"datePublished\":\"2023-07-31T12:13:37+00:00\",\"dateModified\":\"2023-07-31T13:48:29+00:00\",\"mainEntityOfPage\":{\"@id\":\"https:\\\/\\\/noticiasmercedinas.com\\\/site\\\/2023\\\/07\\\/31\\\/primero-la-ninez-municipio-e-instituciones-sellan-compromiso-en-el-presente-por-el-futuro\\\/\"},\"wordCount\":759,\"publisher\":{\"@id\":\"https:\\\/\\\/noticiasmercedinas.com\\\/site\\\/#organization\"},\"image\":{\"@id\":\"https:\\\/\\\/noticiasmercedinas.com\\\/site\\\/2023\\\/07\\\/31\\\/primero-la-ninez-municipio-e-instituciones-sellan-compromiso-en-el-presente-por-el-futuro\\\/#primaryimage\"},\"thumbnailUrl\":\"https:\\\/\\\/noticiasmercedinas.com\\\/site\\\/wp-content\\\/uploads\\\/2023\\\/07\\\/MHM5936.jpg\",\"keywords\":[\"Desarrollo de la Comunidad\",\"infancias\",\"ni\u00f1ez\"],\"articleSection\":[\"Sociedad\"],\"inLanguage\":\"es\"},{\"@type\":\"WebPage\",\"@id\":\"https:\\\/\\\/noticiasmercedinas.com\\\/site\\\/2023\\\/07\\\/31\\\/primero-la-ninez-municipio-e-instituciones-sellan-compromiso-en-el-presente-por-el-futuro\\\/\",\"url\":\"https:\\\/\\\/noticiasmercedinas.com\\\/site\\\/2023\\\/07\\\/31\\\/primero-la-ninez-municipio-e-instituciones-sellan-compromiso-en-el-presente-por-el-futuro\\\/\",\"name\":\"Primero la ni\u00f1ez: Municipio e instituciones sellan compromiso en el presente por el futuro\",\"isPartOf\":{\"@id\":\"https:\\\/\\\/noticiasmercedinas.com\\\/site\\\/#website\"},\"primaryImageOfPage\":{\"@id\":\"https:\\\/\\\/noticiasmercedinas.com\\\/site\\\/2023\\\/07\\\/31\\\/primero-la-ninez-municipio-e-instituciones-sellan-compromiso-en-el-presente-por-el-futuro\\\/#primaryimage\"},\"image\":{\"@id\":\"https:\\\/\\\/noticiasmercedinas.com\\\/site\\\/2023\\\/07\\\/31\\\/primero-la-ninez-municipio-e-instituciones-sellan-compromiso-en-el-presente-por-el-futuro\\\/#primaryimage\"},\"thumbnailUrl\":\"https:\\\/\\\/noticiasmercedinas.com\\\/site\\\/wp-content\\\/uploads\\\/2023\\\/07\\\/MHM5936.jpg\",\"datePublished\":\"2023-07-31T12:13:37+00:00\",\"dateModified\":\"2023-07-31T13:48:29+00:00\",\"breadcrumb\":{\"@id\":\"https:\\\/\\\/noticiasmercedinas.com\\\/site\\\/2023\\\/07\\\/31\\\/primero-la-ninez-municipio-e-instituciones-sellan-compromiso-en-el-presente-por-el-futuro\\\/#breadcrumb\"},\"inLanguage\":\"es\",\"potentialAction\":[{\"@type\":\"ReadAction\",\"target\":[\"https:\\\/\\\/noticiasmercedinas.com\\\/site\\\/2023\\\/07\\\/31\\\/primero-la-ninez-municipio-e-instituciones-sellan-compromiso-en-el-presente-por-el-futuro\\\/\"]}]},{\"@type\":\"ImageObject\",\"inLanguage\":\"es\",\"@id\":\"https:\\\/\\\/noticiasmercedinas.com\\\/site\\\/2023\\\/07\\\/31\\\/primero-la-ninez-municipio-e-instituciones-sellan-compromiso-en-el-presente-por-el-futuro\\\/#primaryimage\",\"url\":\"https:\\\/\\\/noticiasmercedinas.com\\\/site\\\/wp-content\\\/uploads\\\/2023\\\/07\\\/MHM5936.jpg\",\"contentUrl\":\"https:\\\/\\\/noticiasmercedinas.com\\\/site\\\/wp-content\\\/uploads\\\/2023\\\/07\\\/MHM5936.jpg\",\"width\":1323,\"height\":879},{\"@type\":\"BreadcrumbList\",\"@id\":\"https:\\\/\\\/noticiasmercedinas.com\\\/site\\\/2023\\\/07\\\/31\\\/primero-la-ninez-municipio-e-instituciones-sellan-compromiso-en-el-presente-por-el-futuro\\\/#breadcrumb\",\"itemListElement\":[{\"@type\":\"ListItem\",\"position\":1,\"name\":\"Portada\",\"item\":\"https:\\\/\\\/noticiasmercedinas.com\\\/site\\\/\"},{\"@type\":\"ListItem\",\"position\":2,\"name\":\"Primero la ni\u00f1ez: Municipio e instituciones sellan compromiso en el presente por el futuro\"}]},{\"@type\":\"WebSite\",\"@id\":\"https:\\\/\\\/noticiasmercedinas.com\\\/site\\\/#website\",\"url\":\"https:\\\/\\\/noticiasmercedinas.com\\\/site\\\/\",\"name\":\"NOTICIASMERCEDINAS.COM\",\"description\":\"Mercedes, Buenos Aires, Argentina\",\"publisher\":{\"@id\":\"https:\\\/\\\/noticiasmercedinas.com\\\/site\\\/#organization\"},\"potentialAction\":[{\"@type\":\"SearchAction\",\"target\":{\"@type\":\"EntryPoint\",\"urlTemplate\":\"https:\\\/\\\/noticiasmercedinas.com\\\/site\\\/?s={search_term_string}\"},\"query-input\":{\"@type\":\"PropertyValueSpecification\",\"valueRequired\":true,\"valueName\":\"search_term_string\"}}],\"inLanguage\":\"es\"},{\"@type\":\"Organization\",\"@id\":\"https:\\\/\\\/noticiasmercedinas.com\\\/site\\\/#organization\",\"name\":\"NOTICIASMERCEDINAS.COM\",\"url\":\"https:\\\/\\\/noticiasmercedinas.com\\\/site\\\/\",\"logo\":{\"@type\":\"ImageObject\",\"inLanguage\":\"es\",\"@id\":\"https:\\\/\\\/noticiasmercedinas.com\\\/site\\\/#\\\/schema\\\/logo\\\/image\\\/\",\"url\":\"https:\\\/\\\/noticiasmercedinas.com\\\/site\\\/wp-content\\\/uploads\\\/2020\\\/06\\\/LOGO-512.jpg\",\"contentUrl\":\"https:\\\/\\\/noticiasmercedinas.com\\\/site\\\/wp-content\\\/uploads\\\/2020\\\/06\\\/LOGO-512.jpg\",\"width\":512,\"height\":512,\"caption\":\"NOTICIASMERCEDINAS.COM\"},\"image\":{\"@id\":\"https:\\\/\\\/noticiasmercedinas.com\\\/site\\\/#\\\/schema\\\/logo\\\/image\\\/\"},\"sameAs\":[\"https:\\\/\\\/www.facebook.com\\\/noticiasmercedinas\\\/\",\"https:\\\/\\\/x.com\\\/notmercedinas\",\"https:\\\/\\\/www.instagram.com\\\/noticiasmercedinas\\\/\"]},{\"@type\":\"Person\",\"@id\":\"https:\\\/\\\/noticiasmercedinas.com\\\/site\\\/#\\\/schema\\\/person\\\/84b59c099c28ff2e8b77d4ceec5d8063\",\"name\":\"NOTICIASMERCEDINAS.COM\",\"image\":{\"@type\":\"ImageObject\",\"inLanguage\":\"es\",\"@id\":\"https:\\\/\\\/secure.gravatar.com\\\/avatar\\\/4dfbf16b4d17945bfb6341b2d19043457132fcf478a5ee04f42e959fd8f5df0a?s=96&d=mm&r=g\",\"url\":\"https:\\\/\\\/secure.gravatar.com\\\/avatar\\\/4dfbf16b4d17945bfb6341b2d19043457132fcf478a5ee04f42e959fd8f5df0a?s=96&d=mm&r=g\",\"contentUrl\":\"https:\\\/\\\/secure.gravatar.com\\\/avatar\\\/4dfbf16b4d17945bfb6341b2d19043457132fcf478a5ee04f42e959fd8f5df0a?s=96&d=mm&r=g\",\"caption\":\"NOTICIASMERCEDINAS.COM\"},\"url\":\"https:\\\/\\\/noticiasmercedinas.com\\\/site\\\/author\\\/anonimo\\\/\"}]}<\/script>\n<!-- \/ Yoast SEO plugin. -->","yoast_head_json":{"title":"Primero la ni\u00f1ez: Municipio e instituciones sellan compromiso en el presente por el futuro","robots":{"index":"index","follow":"follow","max-snippet":"max-snippet:-1","max-image-preview":"max-image-preview:large","max-video-preview":"max-video-preview:-1"},"canonical":"https:\/\/noticiasmercedinas.com\/site\/2023\/07\/31\/primero-la-ninez-municipio-e-instituciones-sellan-compromiso-en-el-presente-por-el-futuro\/","og_locale":"es_ES","og_type":"article","og_title":"Primero la ni\u00f1ez: Municipio e instituciones sellan compromiso en el presente por el futuro","og_description":"\u25a0 Un importante n\u00famero de instituciones firmaron un compromiso impulsado por el Municipio para promover el bienestar de la infancia y convertir a Mercedes en una \"ciudad de las ni\u00f1as y ni\u00f1os\".","og_url":"https:\/\/noticiasmercedinas.com\/site\/2023\/07\/31\/primero-la-ninez-municipio-e-instituciones-sellan-compromiso-en-el-presente-por-el-futuro\/","og_site_name":"NOTICIASMERCEDINAS.COM","article_publisher":"https:\/\/www.facebook.com\/noticiasmercedinas\/","article_published_time":"2023-07-31T12:13:37+00:00","article_modified_time":"2023-07-31T13:48:29+00:00","og_image":[{"width":1323,"height":879,"url":"https:\/\/noticiasmercedinas.com\/site\/wp-content\/uploads\/2023\/07\/MHM5936.jpg","type":"image\/jpeg"}],"author":"NOTICIASMERCEDINAS.COM","twitter_card":"summary_large_image","twitter_creator":"@notmercedinas","twitter_site":"@notmercedinas","twitter_misc":{"Escrito por":"NOTICIASMERCEDINAS.COM","Tiempo de lectura":"5 minutos"},"schema":{"@context":"https:\/\/schema.org","@graph":[{"@type":"Article","@id":"https:\/\/noticiasmercedinas.com\/site\/2023\/07\/31\/primero-la-ninez-municipio-e-instituciones-sellan-compromiso-en-el-presente-por-el-futuro\/#article","isPartOf":{"@id":"https:\/\/noticiasmercedinas.com\/site\/2023\/07\/31\/primero-la-ninez-municipio-e-instituciones-sellan-compromiso-en-el-presente-por-el-futuro\/"},"author":{"name":"NOTICIASMERCEDINAS.COM","@id":"https:\/\/noticiasmercedinas.com\/site\/#\/schema\/person\/84b59c099c28ff2e8b77d4ceec5d8063"},"headline":"Primero la ni\u00f1ez: Municipio e instituciones sellan compromiso en el presente por el futuro","datePublished":"2023-07-31T12:13:37+00:00","dateModified":"2023-07-31T13:48:29+00:00","mainEntityOfPage":{"@id":"https:\/\/noticiasmercedinas.com\/site\/2023\/07\/31\/primero-la-ninez-municipio-e-instituciones-sellan-compromiso-en-el-presente-por-el-futuro\/"},"wordCount":759,"publisher":{"@id":"https:\/\/noticiasmercedinas.com\/site\/#organization"},"image":{"@id":"https:\/\/noticiasmercedinas.com\/site\/2023\/07\/31\/primero-la-ninez-municipio-e-instituciones-sellan-compromiso-en-el-presente-por-el-futuro\/#primaryimage"},"thumbnailUrl":"https:\/\/noticiasmercedinas.com\/site\/wp-content\/uploads\/2023\/07\/MHM5936.jpg","keywords":["Desarrollo de la Comunidad","infancias","ni\u00f1ez"],"articleSection":["Sociedad"],"inLanguage":"es"},{"@type":"WebPage","@id":"https:\/\/noticiasmercedinas.com\/site\/2023\/07\/31\/primero-la-ninez-municipio-e-instituciones-sellan-compromiso-en-el-presente-por-el-futuro\/","url":"https:\/\/noticiasmercedinas.com\/site\/2023\/07\/31\/primero-la-ninez-municipio-e-instituciones-sellan-compromiso-en-el-presente-por-el-futuro\/","name":"Primero la ni\u00f1ez: Municipio e instituciones sellan compromiso en el presente por el futuro","isPartOf":{"@id":"https:\/\/noticiasmercedinas.com\/site\/#website"},"primaryImageOfPage":{"@id":"https:\/\/noticiasmercedinas.com\/site\/2023\/07\/31\/primero-la-ninez-municipio-e-instituciones-sellan-compromiso-en-el-presente-por-el-futuro\/#primaryimage"},"image":{"@id":"https:\/\/noticiasmercedinas.com\/site\/2023\/07\/31\/primero-la-ninez-municipio-e-instituciones-sellan-compromiso-en-el-presente-por-el-futuro\/#primaryimage"},"thumbnailUrl":"https:\/\/noticiasmercedinas.com\/site\/wp-content\/uploads\/2023\/07\/MHM5936.jpg","datePublished":"2023-07-31T12:13:37+00:00","dateModified":"2023-07-31T13:48:29+00:00","breadcrumb":{"@id":"https:\/\/noticiasmercedinas.com\/site\/2023\/07\/31\/primero-la-ninez-municipio-e-instituciones-sellan-compromiso-en-el-presente-por-el-futuro\/#breadcrumb"},"inLanguage":"es","potentialAction":[{"@type":"ReadAction","target":["https:\/\/noticiasmercedinas.com\/site\/2023\/07\/31\/primero-la-ninez-municipio-e-instituciones-sellan-compromiso-en-el-presente-por-el-futuro\/"]}]},{"@type":"ImageObject","inLanguage":"es","@id":"https:\/\/noticiasmercedinas.com\/site\/2023\/07\/31\/primero-la-ninez-municipio-e-instituciones-sellan-compromiso-en-el-presente-por-el-futuro\/#primaryimage","url":"https:\/\/noticiasmercedinas.com\/site\/wp-content\/uploads\/2023\/07\/MHM5936.jpg","contentUrl":"https:\/\/noticiasmercedinas.com\/site\/wp-content\/uploads\/2023\/07\/MHM5936.jpg","width":1323,"height":879},{"@type":"BreadcrumbList","@id":"https:\/\/noticiasmercedinas.com\/site\/2023\/07\/31\/primero-la-ninez-municipio-e-instituciones-sellan-compromiso-en-el-presente-por-el-futuro\/#breadcrumb","itemListElement":[{"@type":"ListItem","position":1,"name":"Portada","item":"https:\/\/noticiasmercedinas.com\/site\/"},{"@type":"ListItem","position":2,"name":"Primero la ni\u00f1ez: Municipio e instituciones sellan compromiso en el presente por el futuro"}]},{"@type":"WebSite","@id":"https:\/\/noticiasmercedinas.com\/site\/#website","url":"https:\/\/noticiasmercedinas.com\/site\/","name":"NOTICIASMERCEDINAS.COM","description":"Mercedes, Buenos Aires, Argentina","publisher":{"@id":"https:\/\/noticiasmercedinas.com\/site\/#organization"},"potentialAction":[{"@type":"SearchAction","target":{"@type":"EntryPoint","urlTemplate":"https:\/\/noticiasmercedinas.com\/site\/?s={search_term_string}"},"query-input":{"@type":"PropertyValueSpecification","valueRequired":true,"valueName":"search_term_string"}}],"inLanguage":"es"},{"@type":"Organization","@id":"https:\/\/noticiasmercedinas.com\/site\/#organization","name":"NOTICIASMERCEDINAS.COM","url":"https:\/\/noticiasmercedinas.com\/site\/","logo":{"@type":"ImageObject","inLanguage":"es","@id":"https:\/\/noticiasmercedinas.com\/site\/#\/schema\/logo\/image\/","url":"https:\/\/noticiasmercedinas.com\/site\/wp-content\/uploads\/2020\/06\/LOGO-512.jpg","contentUrl":"https:\/\/noticiasmercedinas.com\/site\/wp-content\/uploads\/2020\/06\/LOGO-512.jpg","width":512,"height":512,"caption":"NOTICIASMERCEDINAS.COM"},"image":{"@id":"https:\/\/noticiasmercedinas.com\/site\/#\/schema\/logo\/image\/"},"sameAs":["https:\/\/www.facebook.com\/noticiasmercedinas\/","https:\/\/x.com\/notmercedinas","https:\/\/www.instagram.com\/noticiasmercedinas\/"]},{"@type":"Person","@id":"https:\/\/noticiasmercedinas.com\/site\/#\/schema\/person\/84b59c099c28ff2e8b77d4ceec5d8063","name":"NOTICIASMERCEDINAS.COM","image":{"@type":"ImageObject","inLanguage":"es","@id":"https:\/\/secure.gravatar.com\/avatar\/4dfbf16b4d17945bfb6341b2d19043457132fcf478a5ee04f42e959fd8f5df0a?s=96&d=mm&r=g","url":"https:\/\/secure.gravatar.com\/avatar\/4dfbf16b4d17945bfb6341b2d19043457132fcf478a5ee04f42e959fd8f5df0a?s=96&d=mm&r=g","contentUrl":"https:\/\/secure.gravatar.com\/avatar\/4dfbf16b4d17945bfb6341b2d19043457132fcf478a5ee04f42e959fd8f5df0a?s=96&d=mm&r=g","caption":"NOTICIASMERCEDINAS.COM"},"url":"https:\/\/noticiasmercedinas.com\/site\/author\/anonimo\/"}]}},"amp_enabled":true,"_links":{"self":[{"href":"https:\/\/noticiasmercedinas.com\/site\/wp-json\/wp\/v2\/posts\/119983","targetHints":{"allow":["GET"]}}],"collection":[{"href":"https:\/\/noticiasmercedinas.com\/site\/wp-json\/wp\/v2\/posts"}],"about":[{"href":"https:\/\/noticiasmercedinas.com\/site\/wp-json\/wp\/v2\/types\/post"}],"author":[{"embeddable":true,"href":"https:\/\/noticiasmercedinas.com\/site\/wp-json\/wp\/v2\/users\/16"}],"replies":[{"embeddable":true,"href":"https:\/\/noticiasmercedinas.com\/site\/wp-json\/wp\/v2\/comments?post=119983"}],"version-history":[{"count":3,"href":"https:\/\/noticiasmercedinas.com\/site\/wp-json\/wp\/v2\/posts\/119983\/revisions"}],"predecessor-version":[{"id":120022,"href":"https:\/\/noticiasmercedinas.com\/site\/wp-json\/wp\/v2\/posts\/119983\/revisions\/120022"}],"wp:featuredmedia":[{"embeddable":true,"href":"https:\/\/noticiasmercedinas.com\/site\/wp-json\/wp\/v2\/media\/119988"}],"wp:attachment":[{"href":"https:\/\/noticiasmercedinas.com\/site\/wp-json\/wp\/v2\/media?parent=119983"}],"wp:term":[{"taxonomy":"category","embeddable":true,"href":"https:\/\/noticiasmercedinas.com\/site\/wp-json\/wp\/v2\/categories?post=119983"},{"taxonomy":"post_tag","embeddable":true,"href":"https:\/\/noticiasmercedinas.com\/site\/wp-json\/wp\/v2\/tags?post=119983"}],"curies":[{"name":"wp","href":"https:\/\/api.w.org\/{rel}","templated":true}]}}