{"id":120249,"date":"2023-08-03T18:48:42","date_gmt":"2023-08-03T21:48:42","guid":{"rendered":"https:\/\/noticiasmercedinas.com\/site\/?p=120249"},"modified":"2023-08-03T21:06:37","modified_gmt":"2023-08-04T00:06:37","slug":"el-partido-obrero-inaugura-su-nuevo-local-en-mercedes-con-nestor-pitrola","status":"publish","type":"post","link":"https:\/\/noticiasmercedinas.com\/site\/2023\/08\/03\/el-partido-obrero-inaugura-su-nuevo-local-en-mercedes-con-nestor-pitrola\/","title":{"rendered":"El Partido Obrero inaugura su nuevo local en Mercedes con N\u00e9stor Pitrola"},"content":{"rendered":"<p><img loading=\"lazy\" decoding=\"async\" class=\"alignnone size-full wp-image-120257\" src=\"https:\/\/noticiasmercedinas.com\/site\/wp-content\/uploads\/2023\/08\/PITROLASD.jpg\" alt=\"\" width=\"640\" height=\"418\" srcset=\"https:\/\/noticiasmercedinas.com\/site\/wp-content\/uploads\/2023\/08\/PITROLASD.jpg 640w, https:\/\/noticiasmercedinas.com\/site\/wp-content\/uploads\/2023\/08\/PITROLASD-300x196.jpg 300w\" sizes=\"auto, (max-width: 640px) 100vw, 640px\" \/><\/p>\n<p>En una tarde cargada de energ\u00eda pol\u00edtica, el Partido Obrero (PO), integrante del Frente de Izquierda, llev\u00f3 a cabo la inauguraci\u00f3n de su nuevo local en la ciudad de Mercedes. El evento cont\u00f3 con la presencia destacada de <strong>N\u00e9stor Pitrola<\/strong>, reconocido dirigente de la izquierda y exdiputado nacional, quien actualmente se postula como precandidato a diputado por la misma fuerza.<\/p>\n<p>Pitrola arrib\u00f3 a la ciudad en horas de la tarde y, tras realizar una ronda de entrevistas con medios locales, brind\u00f3 una charla para un nutrido p\u00fablico que se congreg\u00f3 en el nuevo local ubicado en la esquina de calles 21 y 4. Durante su discurso, el dirigente de izquierda destac\u00f3 la pasi\u00f3n que est\u00e1n demostrando en la campa\u00f1a electoral y expres\u00f3 su gratitud por la simpat\u00eda que est\u00e1n recibiendo por parte de la poblaci\u00f3n hacia el Frente de Izquierda.<\/p>\n<p><img loading=\"lazy\" decoding=\"async\" class=\"alignnone wp-image-120260\" src=\"https:\/\/noticiasmercedinas.com\/site\/wp-content\/uploads\/2023\/08\/imagen_2023-08-03_210516281.png\" alt=\"\" width=\"640\" height=\"427\" srcset=\"https:\/\/noticiasmercedinas.com\/site\/wp-content\/uploads\/2023\/08\/imagen_2023-08-03_210516281.png 600w, https:\/\/noticiasmercedinas.com\/site\/wp-content\/uploads\/2023\/08\/imagen_2023-08-03_210516281-300x200.png 300w\" sizes=\"auto, (max-width: 640px) 100vw, 640px\" \/><\/p>\n<p>\u00abEstamos desarrollando una campa\u00f1a apasionante y hemos recorrido la provincia encontrando un creciente apoyo hacia la izquierda\u00bb, afirm\u00f3 Pitrola. \u00abNuestra fuerza ha sido la que ha enfrentado las pol\u00edticas ajustadoras de los gobiernos de los \u00faltimos 40 a\u00f1os, y eso ha resonado en la ciudadan\u00eda\u00bb.<\/p>\n<blockquote><p>\u00abProponemos e impulsamos el voto a la lista que encabeza Gabriel Solano, porque queremos que el Frente de Izquierda mantenga una fuerte impronta de independencia pol\u00edtica\u00bb<\/p><\/blockquote>\n<p>En cuanto a la pr\u00f3xima instancia de las elecciones, las Primarias Abiertas, Simult\u00e1neas y Obligatorias (PASO), donde el Frente de Izquierda presenta dos opciones, Pitrola hizo un llamado a la unidad interna. \u00abProponemos e impulsamos el voto a la lista que encabeza Gabriel Solano, porque queremos que el Frente de Izquierda mantenga una fuerte impronta de independencia pol\u00edtica\u00bb, destac\u00f3.<\/p>\n<p>El dirigente de izquierda tambi\u00e9n resalt\u00f3 los avances obtenidos por su partido en las elecciones provinciales recientes. \u00abHemos logrado consagrar un diputado de izquierda en las \u00faltimas elecciones en Chubut, lo que demuestra el crecimiento que estamos teniendo a lo largo y ancho del pa\u00eds\u00bb, se\u00f1al\u00f3 con entusiasmo.<\/p>\n<p>Con la presencia de N\u00e9stor Pitrola y su mensaje de unidad y crecimiento de la izquierda, el Partido Obrero contin\u00faa marcando su impronta en el escenario pol\u00edtico, buscando consolidarse como una opci\u00f3n independiente y combativa en las pr\u00f3ximas elecciones.<\/p>\n<p><img loading=\"lazy\" decoding=\"async\" class=\"alignnone size-full wp-image-120259\" src=\"https:\/\/noticiasmercedinas.com\/site\/wp-content\/uploads\/2023\/08\/pita.jpg\" alt=\"\" width=\"640\" height=\"423\" srcset=\"https:\/\/noticiasmercedinas.com\/site\/wp-content\/uploads\/2023\/08\/pita.jpg 640w, https:\/\/noticiasmercedinas.com\/site\/wp-content\/uploads\/2023\/08\/pita-300x198.jpg 300w\" sizes=\"auto, (max-width: 640px) 100vw, 640px\" \/><\/p>\n","protected":false},"excerpt":{"rendered":"<p>\u25a0 Fue este mi\u00e9rcoles por la tarde. El precandidato a diputado nacional por el Frente de Izquierda destaca el crecimiento de la izquierda y promueve la independencia pol\u00edtica de cara a las PASO.<\/p>\n","protected":false},"author":16,"featured_media":120257,"comment_status":"closed","ping_status":"closed","sticky":false,"template":"","format":"standard","meta":{"footnotes":""},"categories":[16],"tags":[14662,1156,228,6302],"class_list":["post-120249","post","type-post","status-publish","format-standard","has-post-thumbnail","hentry","category-politica","tag-elecciones-2023","tag-fit","tag-frente-de-izquierda","tag-nestor-pitrola"],"yoast_head":"<!-- This site is optimized with the Yoast SEO plugin v27.5 - https:\/\/yoast.com\/product\/yoast-seo-wordpress\/ -->\n<title>El Partido Obrero inaugura su nuevo local en Mercedes con N\u00e9stor Pitrola<\/title>\n<meta name=\"robots\" content=\"index, follow, max-snippet:-1, max-image-preview:large, max-video-preview:-1\" \/>\n<link rel=\"canonical\" href=\"https:\/\/noticiasmercedinas.com\/site\/2023\/08\/03\/el-partido-obrero-inaugura-su-nuevo-local-en-mercedes-con-nestor-pitrola\/\" \/>\n<meta property=\"og:locale\" content=\"es_ES\" \/>\n<meta property=\"og:type\" content=\"article\" \/>\n<meta property=\"og:title\" content=\"El Partido Obrero inaugura su nuevo local en Mercedes con N\u00e9stor Pitrola\" \/>\n<meta property=\"og:description\" content=\"\u25a0 Fue este mi\u00e9rcoles por la tarde. El precandidato a diputado nacional por el Frente de Izquierda destaca el crecimiento de la izquierda y promueve la independencia pol\u00edtica de cara a las PASO.\" \/>\n<meta property=\"og:url\" content=\"https:\/\/noticiasmercedinas.com\/site\/2023\/08\/03\/el-partido-obrero-inaugura-su-nuevo-local-en-mercedes-con-nestor-pitrola\/\" \/>\n<meta property=\"og:site_name\" content=\"NOTICIASMERCEDINAS.COM\" \/>\n<meta property=\"article:publisher\" content=\"https:\/\/www.facebook.com\/noticiasmercedinas\/\" \/>\n<meta property=\"article:published_time\" content=\"2023-08-03T21:48:42+00:00\" \/>\n<meta property=\"article:modified_time\" content=\"2023-08-04T00:06:37+00:00\" \/>\n<meta property=\"og:image\" content=\"https:\/\/noticiasmercedinas.com\/site\/wp-content\/uploads\/2023\/08\/PITROLASD.jpg\" \/>\n\t<meta property=\"og:image:width\" content=\"640\" \/>\n\t<meta property=\"og:image:height\" content=\"418\" \/>\n\t<meta property=\"og:image:type\" content=\"image\/jpeg\" \/>\n<meta name=\"author\" content=\"NOTICIASMERCEDINAS.COM\" \/>\n<meta name=\"twitter:card\" content=\"summary_large_image\" \/>\n<meta name=\"twitter:creator\" content=\"@notmercedinas\" \/>\n<meta name=\"twitter:site\" content=\"@notmercedinas\" \/>\n<meta name=\"twitter:label1\" content=\"Escrito por\" \/>\n\t<meta name=\"twitter:data1\" content=\"NOTICIASMERCEDINAS.COM\" \/>\n\t<meta name=\"twitter:label2\" content=\"Tiempo de lectura\" \/>\n\t<meta name=\"twitter:data2\" content=\"3 minutos\" \/>\n<script type=\"application\/ld+json\" class=\"yoast-schema-graph\">{\"@context\":\"https:\\\/\\\/schema.org\",\"@graph\":[{\"@type\":\"Article\",\"@id\":\"https:\\\/\\\/noticiasmercedinas.com\\\/site\\\/2023\\\/08\\\/03\\\/el-partido-obrero-inaugura-su-nuevo-local-en-mercedes-con-nestor-pitrola\\\/#article\",\"isPartOf\":{\"@id\":\"https:\\\/\\\/noticiasmercedinas.com\\\/site\\\/2023\\\/08\\\/03\\\/el-partido-obrero-inaugura-su-nuevo-local-en-mercedes-con-nestor-pitrola\\\/\"},\"author\":{\"name\":\"NOTICIASMERCEDINAS.COM\",\"@id\":\"https:\\\/\\\/noticiasmercedinas.com\\\/site\\\/#\\\/schema\\\/person\\\/84b59c099c28ff2e8b77d4ceec5d8063\"},\"headline\":\"El Partido Obrero inaugura su nuevo local en Mercedes con N\u00e9stor Pitrola\",\"datePublished\":\"2023-08-03T21:48:42+00:00\",\"dateModified\":\"2023-08-04T00:06:37+00:00\",\"mainEntityOfPage\":{\"@id\":\"https:\\\/\\\/noticiasmercedinas.com\\\/site\\\/2023\\\/08\\\/03\\\/el-partido-obrero-inaugura-su-nuevo-local-en-mercedes-con-nestor-pitrola\\\/\"},\"wordCount\":394,\"publisher\":{\"@id\":\"https:\\\/\\\/noticiasmercedinas.com\\\/site\\\/#organization\"},\"image\":{\"@id\":\"https:\\\/\\\/noticiasmercedinas.com\\\/site\\\/2023\\\/08\\\/03\\\/el-partido-obrero-inaugura-su-nuevo-local-en-mercedes-con-nestor-pitrola\\\/#primaryimage\"},\"thumbnailUrl\":\"https:\\\/\\\/noticiasmercedinas.com\\\/site\\\/wp-content\\\/uploads\\\/2023\\\/08\\\/PITROLASD.jpg\",\"keywords\":[\"elecciones 2023\",\"FIT\",\"frente de izquierda\",\"nestor pitrola\"],\"articleSection\":[\"Politica\"],\"inLanguage\":\"es\"},{\"@type\":\"WebPage\",\"@id\":\"https:\\\/\\\/noticiasmercedinas.com\\\/site\\\/2023\\\/08\\\/03\\\/el-partido-obrero-inaugura-su-nuevo-local-en-mercedes-con-nestor-pitrola\\\/\",\"url\":\"https:\\\/\\\/noticiasmercedinas.com\\\/site\\\/2023\\\/08\\\/03\\\/el-partido-obrero-inaugura-su-nuevo-local-en-mercedes-con-nestor-pitrola\\\/\",\"name\":\"El Partido Obrero inaugura su nuevo local en Mercedes con N\u00e9stor Pitrola\",\"isPartOf\":{\"@id\":\"https:\\\/\\\/noticiasmercedinas.com\\\/site\\\/#website\"},\"primaryImageOfPage\":{\"@id\":\"https:\\\/\\\/noticiasmercedinas.com\\\/site\\\/2023\\\/08\\\/03\\\/el-partido-obrero-inaugura-su-nuevo-local-en-mercedes-con-nestor-pitrola\\\/#primaryimage\"},\"image\":{\"@id\":\"https:\\\/\\\/noticiasmercedinas.com\\\/site\\\/2023\\\/08\\\/03\\\/el-partido-obrero-inaugura-su-nuevo-local-en-mercedes-con-nestor-pitrola\\\/#primaryimage\"},\"thumbnailUrl\":\"https:\\\/\\\/noticiasmercedinas.com\\\/site\\\/wp-content\\\/uploads\\\/2023\\\/08\\\/PITROLASD.jpg\",\"datePublished\":\"2023-08-03T21:48:42+00:00\",\"dateModified\":\"2023-08-04T00:06:37+00:00\",\"breadcrumb\":{\"@id\":\"https:\\\/\\\/noticiasmercedinas.com\\\/site\\\/2023\\\/08\\\/03\\\/el-partido-obrero-inaugura-su-nuevo-local-en-mercedes-con-nestor-pitrola\\\/#breadcrumb\"},\"inLanguage\":\"es\",\"potentialAction\":[{\"@type\":\"ReadAction\",\"target\":[\"https:\\\/\\\/noticiasmercedinas.com\\\/site\\\/2023\\\/08\\\/03\\\/el-partido-obrero-inaugura-su-nuevo-local-en-mercedes-con-nestor-pitrola\\\/\"]}]},{\"@type\":\"ImageObject\",\"inLanguage\":\"es\",\"@id\":\"https:\\\/\\\/noticiasmercedinas.com\\\/site\\\/2023\\\/08\\\/03\\\/el-partido-obrero-inaugura-su-nuevo-local-en-mercedes-con-nestor-pitrola\\\/#primaryimage\",\"url\":\"https:\\\/\\\/noticiasmercedinas.com\\\/site\\\/wp-content\\\/uploads\\\/2023\\\/08\\\/PITROLASD.jpg\",\"contentUrl\":\"https:\\\/\\\/noticiasmercedinas.com\\\/site\\\/wp-content\\\/uploads\\\/2023\\\/08\\\/PITROLASD.jpg\",\"width\":640,\"height\":418},{\"@type\":\"BreadcrumbList\",\"@id\":\"https:\\\/\\\/noticiasmercedinas.com\\\/site\\\/2023\\\/08\\\/03\\\/el-partido-obrero-inaugura-su-nuevo-local-en-mercedes-con-nestor-pitrola\\\/#breadcrumb\",\"itemListElement\":[{\"@type\":\"ListItem\",\"position\":1,\"name\":\"Portada\",\"item\":\"https:\\\/\\\/noticiasmercedinas.com\\\/site\\\/\"},{\"@type\":\"ListItem\",\"position\":2,\"name\":\"El Partido Obrero inaugura su nuevo local en Mercedes con N\u00e9stor Pitrola\"}]},{\"@type\":\"WebSite\",\"@id\":\"https:\\\/\\\/noticiasmercedinas.com\\\/site\\\/#website\",\"url\":\"https:\\\/\\\/noticiasmercedinas.com\\\/site\\\/\",\"name\":\"NOTICIASMERCEDINAS.COM\",\"description\":\"Mercedes, Buenos Aires, Argentina\",\"publisher\":{\"@id\":\"https:\\\/\\\/noticiasmercedinas.com\\\/site\\\/#organization\"},\"potentialAction\":[{\"@type\":\"SearchAction\",\"target\":{\"@type\":\"EntryPoint\",\"urlTemplate\":\"https:\\\/\\\/noticiasmercedinas.com\\\/site\\\/?s={search_term_string}\"},\"query-input\":{\"@type\":\"PropertyValueSpecification\",\"valueRequired\":true,\"valueName\":\"search_term_string\"}}],\"inLanguage\":\"es\"},{\"@type\":\"Organization\",\"@id\":\"https:\\\/\\\/noticiasmercedinas.com\\\/site\\\/#organization\",\"name\":\"NOTICIASMERCEDINAS.COM\",\"url\":\"https:\\\/\\\/noticiasmercedinas.com\\\/site\\\/\",\"logo\":{\"@type\":\"ImageObject\",\"inLanguage\":\"es\",\"@id\":\"https:\\\/\\\/noticiasmercedinas.com\\\/site\\\/#\\\/schema\\\/logo\\\/image\\\/\",\"url\":\"https:\\\/\\\/noticiasmercedinas.com\\\/site\\\/wp-content\\\/uploads\\\/2020\\\/06\\\/LOGO-512.jpg\",\"contentUrl\":\"https:\\\/\\\/noticiasmercedinas.com\\\/site\\\/wp-content\\\/uploads\\\/2020\\\/06\\\/LOGO-512.jpg\",\"width\":512,\"height\":512,\"caption\":\"NOTICIASMERCEDINAS.COM\"},\"image\":{\"@id\":\"https:\\\/\\\/noticiasmercedinas.com\\\/site\\\/#\\\/schema\\\/logo\\\/image\\\/\"},\"sameAs\":[\"https:\\\/\\\/www.facebook.com\\\/noticiasmercedinas\\\/\",\"https:\\\/\\\/x.com\\\/notmercedinas\",\"https:\\\/\\\/www.instagram.com\\\/noticiasmercedinas\\\/\"]},{\"@type\":\"Person\",\"@id\":\"https:\\\/\\\/noticiasmercedinas.com\\\/site\\\/#\\\/schema\\\/person\\\/84b59c099c28ff2e8b77d4ceec5d8063\",\"name\":\"NOTICIASMERCEDINAS.COM\",\"image\":{\"@type\":\"ImageObject\",\"inLanguage\":\"es\",\"@id\":\"https:\\\/\\\/secure.gravatar.com\\\/avatar\\\/4dfbf16b4d17945bfb6341b2d19043457132fcf478a5ee04f42e959fd8f5df0a?s=96&d=mm&r=g\",\"url\":\"https:\\\/\\\/secure.gravatar.com\\\/avatar\\\/4dfbf16b4d17945bfb6341b2d19043457132fcf478a5ee04f42e959fd8f5df0a?s=96&d=mm&r=g\",\"contentUrl\":\"https:\\\/\\\/secure.gravatar.com\\\/avatar\\\/4dfbf16b4d17945bfb6341b2d19043457132fcf478a5ee04f42e959fd8f5df0a?s=96&d=mm&r=g\",\"caption\":\"NOTICIASMERCEDINAS.COM\"},\"url\":\"https:\\\/\\\/noticiasmercedinas.com\\\/site\\\/author\\\/anonimo\\\/\"}]}<\/script>\n<!-- \/ Yoast SEO plugin. -->","yoast_head_json":{"title":"El Partido Obrero inaugura su nuevo local en Mercedes con N\u00e9stor Pitrola","robots":{"index":"index","follow":"follow","max-snippet":"max-snippet:-1","max-image-preview":"max-image-preview:large","max-video-preview":"max-video-preview:-1"},"canonical":"https:\/\/noticiasmercedinas.com\/site\/2023\/08\/03\/el-partido-obrero-inaugura-su-nuevo-local-en-mercedes-con-nestor-pitrola\/","og_locale":"es_ES","og_type":"article","og_title":"El Partido Obrero inaugura su nuevo local en Mercedes con N\u00e9stor Pitrola","og_description":"\u25a0 Fue este mi\u00e9rcoles por la tarde. El precandidato a diputado nacional por el Frente de Izquierda destaca el crecimiento de la izquierda y promueve la independencia pol\u00edtica de cara a las PASO.","og_url":"https:\/\/noticiasmercedinas.com\/site\/2023\/08\/03\/el-partido-obrero-inaugura-su-nuevo-local-en-mercedes-con-nestor-pitrola\/","og_site_name":"NOTICIASMERCEDINAS.COM","article_publisher":"https:\/\/www.facebook.com\/noticiasmercedinas\/","article_published_time":"2023-08-03T21:48:42+00:00","article_modified_time":"2023-08-04T00:06:37+00:00","og_image":[{"width":640,"height":418,"url":"https:\/\/noticiasmercedinas.com\/site\/wp-content\/uploads\/2023\/08\/PITROLASD.jpg","type":"image\/jpeg"}],"author":"NOTICIASMERCEDINAS.COM","twitter_card":"summary_large_image","twitter_creator":"@notmercedinas","twitter_site":"@notmercedinas","twitter_misc":{"Escrito por":"NOTICIASMERCEDINAS.COM","Tiempo de lectura":"3 minutos"},"schema":{"@context":"https:\/\/schema.org","@graph":[{"@type":"Article","@id":"https:\/\/noticiasmercedinas.com\/site\/2023\/08\/03\/el-partido-obrero-inaugura-su-nuevo-local-en-mercedes-con-nestor-pitrola\/#article","isPartOf":{"@id":"https:\/\/noticiasmercedinas.com\/site\/2023\/08\/03\/el-partido-obrero-inaugura-su-nuevo-local-en-mercedes-con-nestor-pitrola\/"},"author":{"name":"NOTICIASMERCEDINAS.COM","@id":"https:\/\/noticiasmercedinas.com\/site\/#\/schema\/person\/84b59c099c28ff2e8b77d4ceec5d8063"},"headline":"El Partido Obrero inaugura su nuevo local en Mercedes con N\u00e9stor Pitrola","datePublished":"2023-08-03T21:48:42+00:00","dateModified":"2023-08-04T00:06:37+00:00","mainEntityOfPage":{"@id":"https:\/\/noticiasmercedinas.com\/site\/2023\/08\/03\/el-partido-obrero-inaugura-su-nuevo-local-en-mercedes-con-nestor-pitrola\/"},"wordCount":394,"publisher":{"@id":"https:\/\/noticiasmercedinas.com\/site\/#organization"},"image":{"@id":"https:\/\/noticiasmercedinas.com\/site\/2023\/08\/03\/el-partido-obrero-inaugura-su-nuevo-local-en-mercedes-con-nestor-pitrola\/#primaryimage"},"thumbnailUrl":"https:\/\/noticiasmercedinas.com\/site\/wp-content\/uploads\/2023\/08\/PITROLASD.jpg","keywords":["elecciones 2023","FIT","frente de izquierda","nestor pitrola"],"articleSection":["Politica"],"inLanguage":"es"},{"@type":"WebPage","@id":"https:\/\/noticiasmercedinas.com\/site\/2023\/08\/03\/el-partido-obrero-inaugura-su-nuevo-local-en-mercedes-con-nestor-pitrola\/","url":"https:\/\/noticiasmercedinas.com\/site\/2023\/08\/03\/el-partido-obrero-inaugura-su-nuevo-local-en-mercedes-con-nestor-pitrola\/","name":"El Partido Obrero inaugura su nuevo local en Mercedes con N\u00e9stor Pitrola","isPartOf":{"@id":"https:\/\/noticiasmercedinas.com\/site\/#website"},"primaryImageOfPage":{"@id":"https:\/\/noticiasmercedinas.com\/site\/2023\/08\/03\/el-partido-obrero-inaugura-su-nuevo-local-en-mercedes-con-nestor-pitrola\/#primaryimage"},"image":{"@id":"https:\/\/noticiasmercedinas.com\/site\/2023\/08\/03\/el-partido-obrero-inaugura-su-nuevo-local-en-mercedes-con-nestor-pitrola\/#primaryimage"},"thumbnailUrl":"https:\/\/noticiasmercedinas.com\/site\/wp-content\/uploads\/2023\/08\/PITROLASD.jpg","datePublished":"2023-08-03T21:48:42+00:00","dateModified":"2023-08-04T00:06:37+00:00","breadcrumb":{"@id":"https:\/\/noticiasmercedinas.com\/site\/2023\/08\/03\/el-partido-obrero-inaugura-su-nuevo-local-en-mercedes-con-nestor-pitrola\/#breadcrumb"},"inLanguage":"es","potentialAction":[{"@type":"ReadAction","target":["https:\/\/noticiasmercedinas.com\/site\/2023\/08\/03\/el-partido-obrero-inaugura-su-nuevo-local-en-mercedes-con-nestor-pitrola\/"]}]},{"@type":"ImageObject","inLanguage":"es","@id":"https:\/\/noticiasmercedinas.com\/site\/2023\/08\/03\/el-partido-obrero-inaugura-su-nuevo-local-en-mercedes-con-nestor-pitrola\/#primaryimage","url":"https:\/\/noticiasmercedinas.com\/site\/wp-content\/uploads\/2023\/08\/PITROLASD.jpg","contentUrl":"https:\/\/noticiasmercedinas.com\/site\/wp-content\/uploads\/2023\/08\/PITROLASD.jpg","width":640,"height":418},{"@type":"BreadcrumbList","@id":"https:\/\/noticiasmercedinas.com\/site\/2023\/08\/03\/el-partido-obrero-inaugura-su-nuevo-local-en-mercedes-con-nestor-pitrola\/#breadcrumb","itemListElement":[{"@type":"ListItem","position":1,"name":"Portada","item":"https:\/\/noticiasmercedinas.com\/site\/"},{"@type":"ListItem","position":2,"name":"El Partido Obrero inaugura su nuevo local en Mercedes con N\u00e9stor Pitrola"}]},{"@type":"WebSite","@id":"https:\/\/noticiasmercedinas.com\/site\/#website","url":"https:\/\/noticiasmercedinas.com\/site\/","name":"NOTICIASMERCEDINAS.COM","description":"Mercedes, Buenos Aires, Argentina","publisher":{"@id":"https:\/\/noticiasmercedinas.com\/site\/#organization"},"potentialAction":[{"@type":"SearchAction","target":{"@type":"EntryPoint","urlTemplate":"https:\/\/noticiasmercedinas.com\/site\/?s={search_term_string}"},"query-input":{"@type":"PropertyValueSpecification","valueRequired":true,"valueName":"search_term_string"}}],"inLanguage":"es"},{"@type":"Organization","@id":"https:\/\/noticiasmercedinas.com\/site\/#organization","name":"NOTICIASMERCEDINAS.COM","url":"https:\/\/noticiasmercedinas.com\/site\/","logo":{"@type":"ImageObject","inLanguage":"es","@id":"https:\/\/noticiasmercedinas.com\/site\/#\/schema\/logo\/image\/","url":"https:\/\/noticiasmercedinas.com\/site\/wp-content\/uploads\/2020\/06\/LOGO-512.jpg","contentUrl":"https:\/\/noticiasmercedinas.com\/site\/wp-content\/uploads\/2020\/06\/LOGO-512.jpg","width":512,"height":512,"caption":"NOTICIASMERCEDINAS.COM"},"image":{"@id":"https:\/\/noticiasmercedinas.com\/site\/#\/schema\/logo\/image\/"},"sameAs":["https:\/\/www.facebook.com\/noticiasmercedinas\/","https:\/\/x.com\/notmercedinas","https:\/\/www.instagram.com\/noticiasmercedinas\/"]},{"@type":"Person","@id":"https:\/\/noticiasmercedinas.com\/site\/#\/schema\/person\/84b59c099c28ff2e8b77d4ceec5d8063","name":"NOTICIASMERCEDINAS.COM","image":{"@type":"ImageObject","inLanguage":"es","@id":"https:\/\/secure.gravatar.com\/avatar\/4dfbf16b4d17945bfb6341b2d19043457132fcf478a5ee04f42e959fd8f5df0a?s=96&d=mm&r=g","url":"https:\/\/secure.gravatar.com\/avatar\/4dfbf16b4d17945bfb6341b2d19043457132fcf478a5ee04f42e959fd8f5df0a?s=96&d=mm&r=g","contentUrl":"https:\/\/secure.gravatar.com\/avatar\/4dfbf16b4d17945bfb6341b2d19043457132fcf478a5ee04f42e959fd8f5df0a?s=96&d=mm&r=g","caption":"NOTICIASMERCEDINAS.COM"},"url":"https:\/\/noticiasmercedinas.com\/site\/author\/anonimo\/"}]}},"amp_enabled":true,"_links":{"self":[{"href":"https:\/\/noticiasmercedinas.com\/site\/wp-json\/wp\/v2\/posts\/120249","targetHints":{"allow":["GET"]}}],"collection":[{"href":"https:\/\/noticiasmercedinas.com\/site\/wp-json\/wp\/v2\/posts"}],"about":[{"href":"https:\/\/noticiasmercedinas.com\/site\/wp-json\/wp\/v2\/types\/post"}],"author":[{"embeddable":true,"href":"https:\/\/noticiasmercedinas.com\/site\/wp-json\/wp\/v2\/users\/16"}],"replies":[{"embeddable":true,"href":"https:\/\/noticiasmercedinas.com\/site\/wp-json\/wp\/v2\/comments?post=120249"}],"version-history":[{"count":4,"href":"https:\/\/noticiasmercedinas.com\/site\/wp-json\/wp\/v2\/posts\/120249\/revisions"}],"predecessor-version":[{"id":120261,"href":"https:\/\/noticiasmercedinas.com\/site\/wp-json\/wp\/v2\/posts\/120249\/revisions\/120261"}],"wp:featuredmedia":[{"embeddable":true,"href":"https:\/\/noticiasmercedinas.com\/site\/wp-json\/wp\/v2\/media\/120257"}],"wp:attachment":[{"href":"https:\/\/noticiasmercedinas.com\/site\/wp-json\/wp\/v2\/media?parent=120249"}],"wp:term":[{"taxonomy":"category","embeddable":true,"href":"https:\/\/noticiasmercedinas.com\/site\/wp-json\/wp\/v2\/categories?post=120249"},{"taxonomy":"post_tag","embeddable":true,"href":"https:\/\/noticiasmercedinas.com\/site\/wp-json\/wp\/v2\/tags?post=120249"}],"curies":[{"name":"wp","href":"https:\/\/api.w.org\/{rel}","templated":true}]}}