{"id":120295,"date":"2023-08-04T15:36:42","date_gmt":"2023-08-04T18:36:42","guid":{"rendered":"https:\/\/noticiasmercedinas.com\/site\/?p=120295"},"modified":"2023-08-04T15:36:42","modified_gmt":"2023-08-04T18:36:42","slug":"la-unlu-invita-a-participar-del-12-encuentro-de-educacion-intercultural","status":"publish","type":"post","link":"https:\/\/noticiasmercedinas.com\/site\/2023\/08\/04\/la-unlu-invita-a-participar-del-12-encuentro-de-educacion-intercultural\/","title":{"rendered":"La UNLu invita a participar del 12\u00b0 Encuentro de Educaci\u00f3n Intercultural"},"content":{"rendered":"<p><img loading=\"lazy\" decoding=\"async\" class=\"alignnone wp-image-64463\" src=\"https:\/\/noticiasmercedinas.com\/site\/wp-content\/uploads\/2021\/03\/unlu_sacalabrini.jpg\" alt=\"\" width=\"640\" height=\"380\" srcset=\"https:\/\/noticiasmercedinas.com\/site\/wp-content\/uploads\/2021\/03\/unlu_sacalabrini.jpg 590w, https:\/\/noticiasmercedinas.com\/site\/wp-content\/uploads\/2021\/03\/unlu_sacalabrini-300x178.jpg 300w\" sizes=\"auto, (max-width: 640px) 100vw, 640px\" \/><\/p>\n<p>La Universidad Nacional de Luj\u00e1n (UNLU) ha anunciado la realizaci\u00f3n del 12\u00b0 Encuentro de Voces y Experiencias desde y hacia la Interculturalidad, que se llevar\u00e1 a cabo bajo el tema \u00abDesaf\u00edos de la interculturalidad a 20 a\u00f1os del Encuentro Nacional de Educaci\u00f3n e Identidades. La Escuela y los Pueblos Originarios\u00bb. El evento est\u00e1 siendo organizado por la C\u00e1tedra Abierta Intercultural y el \u00c1rea de Estudios Interdisciplinarios en Educaci\u00f3n Aborigen, pertenecientes al Departamento de Educaci\u00f3n de la universidad.<\/p>\n<p>El encuentro se realizar\u00e1 en dos jornadas consecutivas: el viernes 6 de octubre, a partir de las 18 horas, en la Sede Capital ubicada en Ecuador 871, CABA, y el s\u00e1bado 7 de octubre, a partir de las 10 horas, en el Centro Regional San Miguel de la Universidad Nacional de Luj\u00e1n, situado en Av. R. Balb\u00edn 1617, San Miguel, Buenos Aires.<\/p>\n<p>El d\u00eda s\u00e1bado 7, se llevar\u00e1 a cabo una sesi\u00f3n de presentaci\u00f3n de experiencias relacionadas con la interculturalidad. Aquellos interesados en compartir sus experiencias deber\u00e1n inscribirse completando el formulario en l\u00ednea proporcionado por la universidad. Por otro lado, aquellos que deseen asistir como p\u00fablico deber\u00e1n enviar un correo electr\u00f3nico a <a href=\"mailto:catedraabiertaintercultural@gmail.com\">catedraabiertaintercultural@gmail.com<\/a>.<\/p>\n<p>La fecha l\u00edmite para realizar las inscripciones es el 8 de septiembre, por lo que se insta a los interesados a registrarse a tiempo para asegurar su participaci\u00f3n en este evento enriquecedor.<\/p>\n<p>El Encuentro de Voces y Experiencias desde y hacia la Interculturalidad busca promover el di\u00e1logo y el intercambio de ideas en torno a la educaci\u00f3n intercultural y su importancia en la sociedad actual. Este evento representa una oportunidad valiosa para aquellos que deseen profundizar su comprensi\u00f3n sobre las culturas originarias y la interacci\u00f3n con la educaci\u00f3n en el \u00e1mbito escolar.<\/p>\n<p>La UNLU espera una participaci\u00f3n activa de estudiantes, docentes, investigadores y miembros de la comunidad interesados en fomentar una educaci\u00f3n m\u00e1s inclusiva y diversa.<\/p>\n<p>Para m\u00e1s informaci\u00f3n sobre el evento y las inscripciones, se puede acceder al sitio web oficial de la Universidad Nacional de Luj\u00e1n o comunicarse directamente a trav\u00e9s del correo electr\u00f3nico mencionado anteriormente.<\/p>\n<p><img loading=\"lazy\" decoding=\"async\" class=\"alignnone size-full wp-image-120296\" src=\"https:\/\/noticiasmercedinas.com\/site\/wp-content\/uploads\/2023\/08\/12\u00b0-Encuentro-Voces-y-experiencias-desde-y-hacia-la-interculturalidad-2.jpg\" alt=\"\" width=\"640\" height=\"905\" srcset=\"https:\/\/noticiasmercedinas.com\/site\/wp-content\/uploads\/2023\/08\/12\u00b0-Encuentro-Voces-y-experiencias-desde-y-hacia-la-interculturalidad-2.jpg 640w, https:\/\/noticiasmercedinas.com\/site\/wp-content\/uploads\/2023\/08\/12\u00b0-Encuentro-Voces-y-experiencias-desde-y-hacia-la-interculturalidad-2-212x300.jpg 212w\" sizes=\"auto, (max-width: 640px) 100vw, 640px\" \/><\/p>\n","protected":false},"excerpt":{"rendered":"<p>La Universidad Nacional de Luj\u00e1n (UNLU) ha anunciado la realizaci\u00f3n del 12\u00b0 Encuentro de Voces y Experiencias desde y hacia la Interculturalidad, que se llevar\u00e1 a cabo bajo el tema \u00abDesaf\u00edos de la interculturalidad a 20 a\u00f1os del Encuentro Nacional de Educaci\u00f3n e Identidades. La Escuela y los Pueblos Originarios\u00bb. El evento est\u00e1 siendo organizado [&hellip;]<\/p>\n","protected":false},"author":16,"featured_media":64463,"comment_status":"closed","ping_status":"closed","sticky":false,"template":"","format":"standard","meta":{"footnotes":""},"categories":[15755,139],"tags":[17186,17187,40,116],"class_list":["post-120295","post","type-post","status-publish","format-standard","has-post-thumbnail","hentry","category-educacion","category-regionales","tag-educacion-intercultural","tag-interculturalidad","tag-lujan","tag-unlu"],"yoast_head":"<!-- This site is optimized with the Yoast SEO plugin v27.4 - https:\/\/yoast.com\/product\/yoast-seo-wordpress\/ -->\n<title>La UNLu invita a participar del 12\u00b0 Encuentro de Educaci\u00f3n Intercultural<\/title>\n<meta name=\"robots\" content=\"index, follow, max-snippet:-1, max-image-preview:large, max-video-preview:-1\" \/>\n<link rel=\"canonical\" href=\"https:\/\/noticiasmercedinas.com\/site\/2023\/08\/04\/la-unlu-invita-a-participar-del-12-encuentro-de-educacion-intercultural\/\" \/>\n<meta property=\"og:locale\" content=\"es_ES\" \/>\n<meta property=\"og:type\" content=\"article\" \/>\n<meta property=\"og:title\" content=\"La UNLu invita a participar del 12\u00b0 Encuentro de Educaci\u00f3n Intercultural\" \/>\n<meta property=\"og:description\" content=\"La Universidad Nacional de Luj\u00e1n (UNLU) ha anunciado la realizaci\u00f3n del 12\u00b0 Encuentro de Voces y Experiencias desde y hacia la Interculturalidad, que se llevar\u00e1 a cabo bajo el tema \u00abDesaf\u00edos de la interculturalidad a 20 a\u00f1os del Encuentro Nacional de Educaci\u00f3n e Identidades. La Escuela y los Pueblos Originarios\u00bb. El evento est\u00e1 siendo organizado [&hellip;]\" \/>\n<meta property=\"og:url\" content=\"https:\/\/noticiasmercedinas.com\/site\/2023\/08\/04\/la-unlu-invita-a-participar-del-12-encuentro-de-educacion-intercultural\/\" \/>\n<meta property=\"og:site_name\" content=\"NOTICIASMERCEDINAS.COM\" \/>\n<meta property=\"article:publisher\" content=\"https:\/\/www.facebook.com\/noticiasmercedinas\/\" \/>\n<meta property=\"article:published_time\" content=\"2023-08-04T18:36:42+00:00\" \/>\n<meta property=\"og:image\" content=\"https:\/\/noticiasmercedinas.com\/site\/wp-content\/uploads\/2021\/03\/unlu_sacalabrini.jpg\" \/>\n\t<meta property=\"og:image:width\" content=\"590\" \/>\n\t<meta property=\"og:image:height\" content=\"350\" \/>\n\t<meta property=\"og:image:type\" content=\"image\/jpeg\" \/>\n<meta name=\"author\" content=\"NOTICIASMERCEDINAS.COM\" \/>\n<meta name=\"twitter:card\" content=\"summary_large_image\" \/>\n<meta name=\"twitter:creator\" content=\"@notmercedinas\" \/>\n<meta name=\"twitter:site\" content=\"@notmercedinas\" \/>\n<meta name=\"twitter:label1\" content=\"Escrito por\" \/>\n\t<meta name=\"twitter:data1\" content=\"NOTICIASMERCEDINAS.COM\" \/>\n\t<meta name=\"twitter:label2\" content=\"Tiempo de lectura\" \/>\n\t<meta name=\"twitter:data2\" content=\"2 minutos\" \/>\n<script type=\"application\/ld+json\" class=\"yoast-schema-graph\">{\"@context\":\"https:\\\/\\\/schema.org\",\"@graph\":[{\"@type\":\"Article\",\"@id\":\"https:\\\/\\\/noticiasmercedinas.com\\\/site\\\/2023\\\/08\\\/04\\\/la-unlu-invita-a-participar-del-12-encuentro-de-educacion-intercultural\\\/#article\",\"isPartOf\":{\"@id\":\"https:\\\/\\\/noticiasmercedinas.com\\\/site\\\/2023\\\/08\\\/04\\\/la-unlu-invita-a-participar-del-12-encuentro-de-educacion-intercultural\\\/\"},\"author\":{\"name\":\"NOTICIASMERCEDINAS.COM\",\"@id\":\"https:\\\/\\\/noticiasmercedinas.com\\\/site\\\/#\\\/schema\\\/person\\\/84b59c099c28ff2e8b77d4ceec5d8063\"},\"headline\":\"La UNLu invita a participar del 12\u00b0 Encuentro de Educaci\u00f3n Intercultural\",\"datePublished\":\"2023-08-04T18:36:42+00:00\",\"mainEntityOfPage\":{\"@id\":\"https:\\\/\\\/noticiasmercedinas.com\\\/site\\\/2023\\\/08\\\/04\\\/la-unlu-invita-a-participar-del-12-encuentro-de-educacion-intercultural\\\/\"},\"wordCount\":376,\"publisher\":{\"@id\":\"https:\\\/\\\/noticiasmercedinas.com\\\/site\\\/#organization\"},\"image\":{\"@id\":\"https:\\\/\\\/noticiasmercedinas.com\\\/site\\\/2023\\\/08\\\/04\\\/la-unlu-invita-a-participar-del-12-encuentro-de-educacion-intercultural\\\/#primaryimage\"},\"thumbnailUrl\":\"https:\\\/\\\/noticiasmercedinas.com\\\/site\\\/wp-content\\\/uploads\\\/2021\\\/03\\\/unlu_sacalabrini.jpg\",\"keywords\":[\"educacion intercultural\",\"interculturalidad\",\"lujan\",\"unlu\"],\"articleSection\":[\"Educacion\",\"Regionales\"],\"inLanguage\":\"es\"},{\"@type\":\"WebPage\",\"@id\":\"https:\\\/\\\/noticiasmercedinas.com\\\/site\\\/2023\\\/08\\\/04\\\/la-unlu-invita-a-participar-del-12-encuentro-de-educacion-intercultural\\\/\",\"url\":\"https:\\\/\\\/noticiasmercedinas.com\\\/site\\\/2023\\\/08\\\/04\\\/la-unlu-invita-a-participar-del-12-encuentro-de-educacion-intercultural\\\/\",\"name\":\"La UNLu invita a participar del 12\u00b0 Encuentro de Educaci\u00f3n Intercultural\",\"isPartOf\":{\"@id\":\"https:\\\/\\\/noticiasmercedinas.com\\\/site\\\/#website\"},\"primaryImageOfPage\":{\"@id\":\"https:\\\/\\\/noticiasmercedinas.com\\\/site\\\/2023\\\/08\\\/04\\\/la-unlu-invita-a-participar-del-12-encuentro-de-educacion-intercultural\\\/#primaryimage\"},\"image\":{\"@id\":\"https:\\\/\\\/noticiasmercedinas.com\\\/site\\\/2023\\\/08\\\/04\\\/la-unlu-invita-a-participar-del-12-encuentro-de-educacion-intercultural\\\/#primaryimage\"},\"thumbnailUrl\":\"https:\\\/\\\/noticiasmercedinas.com\\\/site\\\/wp-content\\\/uploads\\\/2021\\\/03\\\/unlu_sacalabrini.jpg\",\"datePublished\":\"2023-08-04T18:36:42+00:00\",\"breadcrumb\":{\"@id\":\"https:\\\/\\\/noticiasmercedinas.com\\\/site\\\/2023\\\/08\\\/04\\\/la-unlu-invita-a-participar-del-12-encuentro-de-educacion-intercultural\\\/#breadcrumb\"},\"inLanguage\":\"es\",\"potentialAction\":[{\"@type\":\"ReadAction\",\"target\":[\"https:\\\/\\\/noticiasmercedinas.com\\\/site\\\/2023\\\/08\\\/04\\\/la-unlu-invita-a-participar-del-12-encuentro-de-educacion-intercultural\\\/\"]}]},{\"@type\":\"ImageObject\",\"inLanguage\":\"es\",\"@id\":\"https:\\\/\\\/noticiasmercedinas.com\\\/site\\\/2023\\\/08\\\/04\\\/la-unlu-invita-a-participar-del-12-encuentro-de-educacion-intercultural\\\/#primaryimage\",\"url\":\"https:\\\/\\\/noticiasmercedinas.com\\\/site\\\/wp-content\\\/uploads\\\/2021\\\/03\\\/unlu_sacalabrini.jpg\",\"contentUrl\":\"https:\\\/\\\/noticiasmercedinas.com\\\/site\\\/wp-content\\\/uploads\\\/2021\\\/03\\\/unlu_sacalabrini.jpg\",\"width\":590,\"height\":350},{\"@type\":\"BreadcrumbList\",\"@id\":\"https:\\\/\\\/noticiasmercedinas.com\\\/site\\\/2023\\\/08\\\/04\\\/la-unlu-invita-a-participar-del-12-encuentro-de-educacion-intercultural\\\/#breadcrumb\",\"itemListElement\":[{\"@type\":\"ListItem\",\"position\":1,\"name\":\"Portada\",\"item\":\"https:\\\/\\\/noticiasmercedinas.com\\\/site\\\/\"},{\"@type\":\"ListItem\",\"position\":2,\"name\":\"La UNLu invita a participar del 12\u00b0 Encuentro de Educaci\u00f3n Intercultural\"}]},{\"@type\":\"WebSite\",\"@id\":\"https:\\\/\\\/noticiasmercedinas.com\\\/site\\\/#website\",\"url\":\"https:\\\/\\\/noticiasmercedinas.com\\\/site\\\/\",\"name\":\"NOTICIASMERCEDINAS.COM\",\"description\":\"Mercedes, Buenos Aires, Argentina\",\"publisher\":{\"@id\":\"https:\\\/\\\/noticiasmercedinas.com\\\/site\\\/#organization\"},\"potentialAction\":[{\"@type\":\"SearchAction\",\"target\":{\"@type\":\"EntryPoint\",\"urlTemplate\":\"https:\\\/\\\/noticiasmercedinas.com\\\/site\\\/?s={search_term_string}\"},\"query-input\":{\"@type\":\"PropertyValueSpecification\",\"valueRequired\":true,\"valueName\":\"search_term_string\"}}],\"inLanguage\":\"es\"},{\"@type\":\"Organization\",\"@id\":\"https:\\\/\\\/noticiasmercedinas.com\\\/site\\\/#organization\",\"name\":\"NOTICIASMERCEDINAS.COM\",\"url\":\"https:\\\/\\\/noticiasmercedinas.com\\\/site\\\/\",\"logo\":{\"@type\":\"ImageObject\",\"inLanguage\":\"es\",\"@id\":\"https:\\\/\\\/noticiasmercedinas.com\\\/site\\\/#\\\/schema\\\/logo\\\/image\\\/\",\"url\":\"https:\\\/\\\/noticiasmercedinas.com\\\/site\\\/wp-content\\\/uploads\\\/2020\\\/06\\\/LOGO-512.jpg\",\"contentUrl\":\"https:\\\/\\\/noticiasmercedinas.com\\\/site\\\/wp-content\\\/uploads\\\/2020\\\/06\\\/LOGO-512.jpg\",\"width\":512,\"height\":512,\"caption\":\"NOTICIASMERCEDINAS.COM\"},\"image\":{\"@id\":\"https:\\\/\\\/noticiasmercedinas.com\\\/site\\\/#\\\/schema\\\/logo\\\/image\\\/\"},\"sameAs\":[\"https:\\\/\\\/www.facebook.com\\\/noticiasmercedinas\\\/\",\"https:\\\/\\\/x.com\\\/notmercedinas\",\"https:\\\/\\\/www.instagram.com\\\/noticiasmercedinas\\\/\"]},{\"@type\":\"Person\",\"@id\":\"https:\\\/\\\/noticiasmercedinas.com\\\/site\\\/#\\\/schema\\\/person\\\/84b59c099c28ff2e8b77d4ceec5d8063\",\"name\":\"NOTICIASMERCEDINAS.COM\",\"image\":{\"@type\":\"ImageObject\",\"inLanguage\":\"es\",\"@id\":\"https:\\\/\\\/secure.gravatar.com\\\/avatar\\\/4dfbf16b4d17945bfb6341b2d19043457132fcf478a5ee04f42e959fd8f5df0a?s=96&d=mm&r=g\",\"url\":\"https:\\\/\\\/secure.gravatar.com\\\/avatar\\\/4dfbf16b4d17945bfb6341b2d19043457132fcf478a5ee04f42e959fd8f5df0a?s=96&d=mm&r=g\",\"contentUrl\":\"https:\\\/\\\/secure.gravatar.com\\\/avatar\\\/4dfbf16b4d17945bfb6341b2d19043457132fcf478a5ee04f42e959fd8f5df0a?s=96&d=mm&r=g\",\"caption\":\"NOTICIASMERCEDINAS.COM\"},\"url\":\"https:\\\/\\\/noticiasmercedinas.com\\\/site\\\/author\\\/anonimo\\\/\"}]}<\/script>\n<!-- \/ Yoast SEO plugin. -->","yoast_head_json":{"title":"La UNLu invita a participar del 12\u00b0 Encuentro de Educaci\u00f3n Intercultural","robots":{"index":"index","follow":"follow","max-snippet":"max-snippet:-1","max-image-preview":"max-image-preview:large","max-video-preview":"max-video-preview:-1"},"canonical":"https:\/\/noticiasmercedinas.com\/site\/2023\/08\/04\/la-unlu-invita-a-participar-del-12-encuentro-de-educacion-intercultural\/","og_locale":"es_ES","og_type":"article","og_title":"La UNLu invita a participar del 12\u00b0 Encuentro de Educaci\u00f3n Intercultural","og_description":"La Universidad Nacional de Luj\u00e1n (UNLU) ha anunciado la realizaci\u00f3n del 12\u00b0 Encuentro de Voces y Experiencias desde y hacia la Interculturalidad, que se llevar\u00e1 a cabo bajo el tema \u00abDesaf\u00edos de la interculturalidad a 20 a\u00f1os del Encuentro Nacional de Educaci\u00f3n e Identidades. La Escuela y los Pueblos Originarios\u00bb. El evento est\u00e1 siendo organizado [&hellip;]","og_url":"https:\/\/noticiasmercedinas.com\/site\/2023\/08\/04\/la-unlu-invita-a-participar-del-12-encuentro-de-educacion-intercultural\/","og_site_name":"NOTICIASMERCEDINAS.COM","article_publisher":"https:\/\/www.facebook.com\/noticiasmercedinas\/","article_published_time":"2023-08-04T18:36:42+00:00","og_image":[{"width":590,"height":350,"url":"https:\/\/noticiasmercedinas.com\/site\/wp-content\/uploads\/2021\/03\/unlu_sacalabrini.jpg","type":"image\/jpeg"}],"author":"NOTICIASMERCEDINAS.COM","twitter_card":"summary_large_image","twitter_creator":"@notmercedinas","twitter_site":"@notmercedinas","twitter_misc":{"Escrito por":"NOTICIASMERCEDINAS.COM","Tiempo de lectura":"2 minutos"},"schema":{"@context":"https:\/\/schema.org","@graph":[{"@type":"Article","@id":"https:\/\/noticiasmercedinas.com\/site\/2023\/08\/04\/la-unlu-invita-a-participar-del-12-encuentro-de-educacion-intercultural\/#article","isPartOf":{"@id":"https:\/\/noticiasmercedinas.com\/site\/2023\/08\/04\/la-unlu-invita-a-participar-del-12-encuentro-de-educacion-intercultural\/"},"author":{"name":"NOTICIASMERCEDINAS.COM","@id":"https:\/\/noticiasmercedinas.com\/site\/#\/schema\/person\/84b59c099c28ff2e8b77d4ceec5d8063"},"headline":"La UNLu invita a participar del 12\u00b0 Encuentro de Educaci\u00f3n Intercultural","datePublished":"2023-08-04T18:36:42+00:00","mainEntityOfPage":{"@id":"https:\/\/noticiasmercedinas.com\/site\/2023\/08\/04\/la-unlu-invita-a-participar-del-12-encuentro-de-educacion-intercultural\/"},"wordCount":376,"publisher":{"@id":"https:\/\/noticiasmercedinas.com\/site\/#organization"},"image":{"@id":"https:\/\/noticiasmercedinas.com\/site\/2023\/08\/04\/la-unlu-invita-a-participar-del-12-encuentro-de-educacion-intercultural\/#primaryimage"},"thumbnailUrl":"https:\/\/noticiasmercedinas.com\/site\/wp-content\/uploads\/2021\/03\/unlu_sacalabrini.jpg","keywords":["educacion intercultural","interculturalidad","lujan","unlu"],"articleSection":["Educacion","Regionales"],"inLanguage":"es"},{"@type":"WebPage","@id":"https:\/\/noticiasmercedinas.com\/site\/2023\/08\/04\/la-unlu-invita-a-participar-del-12-encuentro-de-educacion-intercultural\/","url":"https:\/\/noticiasmercedinas.com\/site\/2023\/08\/04\/la-unlu-invita-a-participar-del-12-encuentro-de-educacion-intercultural\/","name":"La UNLu invita a participar del 12\u00b0 Encuentro de Educaci\u00f3n Intercultural","isPartOf":{"@id":"https:\/\/noticiasmercedinas.com\/site\/#website"},"primaryImageOfPage":{"@id":"https:\/\/noticiasmercedinas.com\/site\/2023\/08\/04\/la-unlu-invita-a-participar-del-12-encuentro-de-educacion-intercultural\/#primaryimage"},"image":{"@id":"https:\/\/noticiasmercedinas.com\/site\/2023\/08\/04\/la-unlu-invita-a-participar-del-12-encuentro-de-educacion-intercultural\/#primaryimage"},"thumbnailUrl":"https:\/\/noticiasmercedinas.com\/site\/wp-content\/uploads\/2021\/03\/unlu_sacalabrini.jpg","datePublished":"2023-08-04T18:36:42+00:00","breadcrumb":{"@id":"https:\/\/noticiasmercedinas.com\/site\/2023\/08\/04\/la-unlu-invita-a-participar-del-12-encuentro-de-educacion-intercultural\/#breadcrumb"},"inLanguage":"es","potentialAction":[{"@type":"ReadAction","target":["https:\/\/noticiasmercedinas.com\/site\/2023\/08\/04\/la-unlu-invita-a-participar-del-12-encuentro-de-educacion-intercultural\/"]}]},{"@type":"ImageObject","inLanguage":"es","@id":"https:\/\/noticiasmercedinas.com\/site\/2023\/08\/04\/la-unlu-invita-a-participar-del-12-encuentro-de-educacion-intercultural\/#primaryimage","url":"https:\/\/noticiasmercedinas.com\/site\/wp-content\/uploads\/2021\/03\/unlu_sacalabrini.jpg","contentUrl":"https:\/\/noticiasmercedinas.com\/site\/wp-content\/uploads\/2021\/03\/unlu_sacalabrini.jpg","width":590,"height":350},{"@type":"BreadcrumbList","@id":"https:\/\/noticiasmercedinas.com\/site\/2023\/08\/04\/la-unlu-invita-a-participar-del-12-encuentro-de-educacion-intercultural\/#breadcrumb","itemListElement":[{"@type":"ListItem","position":1,"name":"Portada","item":"https:\/\/noticiasmercedinas.com\/site\/"},{"@type":"ListItem","position":2,"name":"La UNLu invita a participar del 12\u00b0 Encuentro de Educaci\u00f3n Intercultural"}]},{"@type":"WebSite","@id":"https:\/\/noticiasmercedinas.com\/site\/#website","url":"https:\/\/noticiasmercedinas.com\/site\/","name":"NOTICIASMERCEDINAS.COM","description":"Mercedes, Buenos Aires, Argentina","publisher":{"@id":"https:\/\/noticiasmercedinas.com\/site\/#organization"},"potentialAction":[{"@type":"SearchAction","target":{"@type":"EntryPoint","urlTemplate":"https:\/\/noticiasmercedinas.com\/site\/?s={search_term_string}"},"query-input":{"@type":"PropertyValueSpecification","valueRequired":true,"valueName":"search_term_string"}}],"inLanguage":"es"},{"@type":"Organization","@id":"https:\/\/noticiasmercedinas.com\/site\/#organization","name":"NOTICIASMERCEDINAS.COM","url":"https:\/\/noticiasmercedinas.com\/site\/","logo":{"@type":"ImageObject","inLanguage":"es","@id":"https:\/\/noticiasmercedinas.com\/site\/#\/schema\/logo\/image\/","url":"https:\/\/noticiasmercedinas.com\/site\/wp-content\/uploads\/2020\/06\/LOGO-512.jpg","contentUrl":"https:\/\/noticiasmercedinas.com\/site\/wp-content\/uploads\/2020\/06\/LOGO-512.jpg","width":512,"height":512,"caption":"NOTICIASMERCEDINAS.COM"},"image":{"@id":"https:\/\/noticiasmercedinas.com\/site\/#\/schema\/logo\/image\/"},"sameAs":["https:\/\/www.facebook.com\/noticiasmercedinas\/","https:\/\/x.com\/notmercedinas","https:\/\/www.instagram.com\/noticiasmercedinas\/"]},{"@type":"Person","@id":"https:\/\/noticiasmercedinas.com\/site\/#\/schema\/person\/84b59c099c28ff2e8b77d4ceec5d8063","name":"NOTICIASMERCEDINAS.COM","image":{"@type":"ImageObject","inLanguage":"es","@id":"https:\/\/secure.gravatar.com\/avatar\/4dfbf16b4d17945bfb6341b2d19043457132fcf478a5ee04f42e959fd8f5df0a?s=96&d=mm&r=g","url":"https:\/\/secure.gravatar.com\/avatar\/4dfbf16b4d17945bfb6341b2d19043457132fcf478a5ee04f42e959fd8f5df0a?s=96&d=mm&r=g","contentUrl":"https:\/\/secure.gravatar.com\/avatar\/4dfbf16b4d17945bfb6341b2d19043457132fcf478a5ee04f42e959fd8f5df0a?s=96&d=mm&r=g","caption":"NOTICIASMERCEDINAS.COM"},"url":"https:\/\/noticiasmercedinas.com\/site\/author\/anonimo\/"}]}},"amp_enabled":true,"_links":{"self":[{"href":"https:\/\/noticiasmercedinas.com\/site\/wp-json\/wp\/v2\/posts\/120295","targetHints":{"allow":["GET"]}}],"collection":[{"href":"https:\/\/noticiasmercedinas.com\/site\/wp-json\/wp\/v2\/posts"}],"about":[{"href":"https:\/\/noticiasmercedinas.com\/site\/wp-json\/wp\/v2\/types\/post"}],"author":[{"embeddable":true,"href":"https:\/\/noticiasmercedinas.com\/site\/wp-json\/wp\/v2\/users\/16"}],"replies":[{"embeddable":true,"href":"https:\/\/noticiasmercedinas.com\/site\/wp-json\/wp\/v2\/comments?post=120295"}],"version-history":[{"count":1,"href":"https:\/\/noticiasmercedinas.com\/site\/wp-json\/wp\/v2\/posts\/120295\/revisions"}],"predecessor-version":[{"id":120297,"href":"https:\/\/noticiasmercedinas.com\/site\/wp-json\/wp\/v2\/posts\/120295\/revisions\/120297"}],"wp:featuredmedia":[{"embeddable":true,"href":"https:\/\/noticiasmercedinas.com\/site\/wp-json\/wp\/v2\/media\/64463"}],"wp:attachment":[{"href":"https:\/\/noticiasmercedinas.com\/site\/wp-json\/wp\/v2\/media?parent=120295"}],"wp:term":[{"taxonomy":"category","embeddable":true,"href":"https:\/\/noticiasmercedinas.com\/site\/wp-json\/wp\/v2\/categories?post=120295"},{"taxonomy":"post_tag","embeddable":true,"href":"https:\/\/noticiasmercedinas.com\/site\/wp-json\/wp\/v2\/tags?post=120295"}],"curies":[{"name":"wp","href":"https:\/\/api.w.org\/{rel}","templated":true}]}}