{"id":120303,"date":"2023-08-04T18:57:02","date_gmt":"2023-08-04T21:57:02","guid":{"rendered":"https:\/\/noticiasmercedinas.com\/site\/?p=120303"},"modified":"2023-08-04T18:57:02","modified_gmt":"2023-08-04T21:57:02","slug":"anses-ofrece-a-titulares-de-prestaciones-un-descuento-del-55-en-transporte","status":"publish","type":"post","link":"https:\/\/noticiasmercedinas.com\/site\/2023\/08\/04\/anses-ofrece-a-titulares-de-prestaciones-un-descuento-del-55-en-transporte\/","title":{"rendered":"ANSES ofrece a titulares de prestaciones un descuento del 55% en transporte"},"content":{"rendered":"<p><img loading=\"lazy\" decoding=\"async\" class=\"alignnone size-large wp-image-120304\" src=\"https:\/\/noticiasmercedinas.com\/site\/wp-content\/uploads\/2023\/08\/SUBE-1024x647.jpg\" alt=\"\" width=\"640\" height=\"404\" srcset=\"https:\/\/noticiasmercedinas.com\/site\/wp-content\/uploads\/2023\/08\/SUBE-1024x647.jpg 1024w, https:\/\/noticiasmercedinas.com\/site\/wp-content\/uploads\/2023\/08\/SUBE-300x190.jpg 300w, https:\/\/noticiasmercedinas.com\/site\/wp-content\/uploads\/2023\/08\/SUBE-768x486.jpg 768w, https:\/\/noticiasmercedinas.com\/site\/wp-content\/uploads\/2023\/08\/SUBE-1536x971.jpg 1536w, https:\/\/noticiasmercedinas.com\/site\/wp-content\/uploads\/2023\/08\/SUBE-2048x1295.jpg 2048w, https:\/\/noticiasmercedinas.com\/site\/wp-content\/uploads\/2023\/08\/SUBE-640x405.jpg 640w, https:\/\/noticiasmercedinas.com\/site\/wp-content\/uploads\/2023\/08\/SUBE-1280x809.jpg 1280w, https:\/\/noticiasmercedinas.com\/site\/wp-content\/uploads\/2023\/08\/SUBE-681x431.jpg 681w, https:\/\/noticiasmercedinas.com\/site\/wp-content\/uploads\/2023\/08\/SUBE-1362x861.jpg 1362w\" sizes=\"auto, (max-width: 640px) 100vw, 640px\" \/><\/p>\n<p>El jefe regional de ANSES Mercedes,<strong> Carlos Garro<\/strong>, resalt\u00f3 el beneficio que la instituci\u00f3n brinda a los titulares de prestaciones al permitirles acceder a un descuento del 55% en el transporte p\u00fablico. Este descuento se aplica al precio del boleto mediante la Tarifa Social Federal de Transporte y es v\u00e1lido para usuarios de la tarjeta SUBE.<\/p>\n<p>\u00abLas personas que pueden solicitar este beneficio son aquellas que perciben jubilaciones, pensiones u otras prestaciones otorgadas por ANSES. Esto incluye a los titulares de Jubilaciones y pensiones, Asignaci\u00f3n Universal por Hija e Hijo, Asignaci\u00f3n por Embarazo, Becas Progresar, Personal de casas particulares, Monotributo Social, Prestaci\u00f3n por Desempleo, Pensi\u00f3n Universal para el Adulto Mayor, Pensiones No Contributivas por Invalidez y para Madres de 7 hijos, Potenciar Trabajo y Programas del Ministerio de Trabajo, Empleo y Seguridad Social\u00bb, explic\u00f3 Garro.<\/p>\n<p>Para acceder al descuento, los beneficiarios deben realizar una solicitud a trav\u00e9s del sitio web oficial de ANSES. Deben ingresar a la secci\u00f3n \u00abmi ANSES\u00bb y proporcionar su n\u00famero de CUIL y Clave de la Seguridad Social. Luego, en el men\u00fa, seleccionar \u00abProgramas y beneficios\u00bb y elegir la opci\u00f3n \u00abGenerar PIN SUBE\u00bb. El sistema generar\u00e1 un c\u00f3digo de 6 n\u00fameros que deber\u00e1 ser registrado en el sitio web tarjetasube.sube.gob.ar.<\/p>\n<p>Una vez completado este paso, los beneficiarios deben activar el descuento en una terminal autom\u00e1tica o mediante la aplicaci\u00f3n Carga SUBE, en caso de que el tel\u00e9fono est\u00e9 habilitado para hacerlo.<\/p>\n<p>Tambi\u00e9n es posible realizar este tr\u00e1mite presencialmente sin turno en una oficina de ANSES, presentando el DNI y la Tarjeta SUBE, o en un Centro de Atenci\u00f3n SUBE.<\/p>\n<p>Para obtener m\u00e1s informaci\u00f3n sobre el beneficio y los requisitos para acceder al descuento del 55% en transporte, los interesados pueden consultar la p\u00e1gina oficial de ANSES.<\/p>\n<p>Con esta iniciativa, ANSES busca facilitar el acceso al transporte p\u00fablico a aquellos que m\u00e1s lo necesitan, mejorando as\u00ed su calidad de vida y contribuyendo a una mayor inclusi\u00f3n social.<\/p>\n","protected":false},"excerpt":{"rendered":"<p>\u25a0 Para acceder al descuento, deben realizar una solicitud a trav\u00e9s del sitio web oficial de ANSES. Tambi\u00e9n se puede consultar en una oficina de ANSES, presentando el DNI y la Tarjeta SUBE<\/p>\n","protected":false},"author":16,"featured_media":120304,"comment_status":"closed","ping_status":"closed","sticky":false,"template":"","format":"standard","meta":{"footnotes":""},"categories":[3],"tags":[626,3077,3234],"class_list":["post-120303","post","type-post","status-publish","format-standard","has-post-thumbnail","hentry","category-sociedad","tag-anses","tag-carlos-garro","tag-sube"],"yoast_head":"<!-- This site is optimized with the Yoast SEO plugin v27.4 - https:\/\/yoast.com\/product\/yoast-seo-wordpress\/ -->\n<title>ANSES ofrece a titulares de prestaciones un descuento del 55% en transporte<\/title>\n<meta name=\"robots\" content=\"index, follow, max-snippet:-1, max-image-preview:large, max-video-preview:-1\" \/>\n<link rel=\"canonical\" href=\"https:\/\/noticiasmercedinas.com\/site\/2023\/08\/04\/anses-ofrece-a-titulares-de-prestaciones-un-descuento-del-55-en-transporte\/\" \/>\n<meta property=\"og:locale\" content=\"es_ES\" \/>\n<meta property=\"og:type\" content=\"article\" \/>\n<meta property=\"og:title\" content=\"ANSES ofrece a titulares de prestaciones un descuento del 55% en transporte\" \/>\n<meta property=\"og:description\" content=\"\u25a0 Para acceder al descuento, deben realizar una solicitud a trav\u00e9s del sitio web oficial de ANSES. Tambi\u00e9n se puede consultar en una oficina de ANSES, presentando el DNI y la Tarjeta SUBE\" \/>\n<meta property=\"og:url\" content=\"https:\/\/noticiasmercedinas.com\/site\/2023\/08\/04\/anses-ofrece-a-titulares-de-prestaciones-un-descuento-del-55-en-transporte\/\" \/>\n<meta property=\"og:site_name\" content=\"NOTICIASMERCEDINAS.COM\" \/>\n<meta property=\"article:publisher\" content=\"https:\/\/www.facebook.com\/noticiasmercedinas\/\" \/>\n<meta property=\"article:published_time\" content=\"2023-08-04T21:57:02+00:00\" \/>\n<meta property=\"og:image\" content=\"https:\/\/noticiasmercedinas.com\/site\/wp-content\/uploads\/2023\/08\/SUBE-scaled.jpg\" \/>\n\t<meta property=\"og:image:width\" content=\"2560\" \/>\n\t<meta property=\"og:image:height\" content=\"1618\" \/>\n\t<meta property=\"og:image:type\" content=\"image\/jpeg\" \/>\n<meta name=\"author\" content=\"NOTICIASMERCEDINAS.COM\" \/>\n<meta name=\"twitter:card\" content=\"summary_large_image\" \/>\n<meta name=\"twitter:creator\" content=\"@notmercedinas\" \/>\n<meta name=\"twitter:site\" content=\"@notmercedinas\" \/>\n<meta name=\"twitter:label1\" content=\"Escrito por\" \/>\n\t<meta name=\"twitter:data1\" content=\"NOTICIASMERCEDINAS.COM\" \/>\n\t<meta name=\"twitter:label2\" content=\"Tiempo de lectura\" \/>\n\t<meta name=\"twitter:data2\" content=\"2 minutos\" \/>\n<script type=\"application\/ld+json\" class=\"yoast-schema-graph\">{\"@context\":\"https:\\\/\\\/schema.org\",\"@graph\":[{\"@type\":\"Article\",\"@id\":\"https:\\\/\\\/noticiasmercedinas.com\\\/site\\\/2023\\\/08\\\/04\\\/anses-ofrece-a-titulares-de-prestaciones-un-descuento-del-55-en-transporte\\\/#article\",\"isPartOf\":{\"@id\":\"https:\\\/\\\/noticiasmercedinas.com\\\/site\\\/2023\\\/08\\\/04\\\/anses-ofrece-a-titulares-de-prestaciones-un-descuento-del-55-en-transporte\\\/\"},\"author\":{\"name\":\"NOTICIASMERCEDINAS.COM\",\"@id\":\"https:\\\/\\\/noticiasmercedinas.com\\\/site\\\/#\\\/schema\\\/person\\\/84b59c099c28ff2e8b77d4ceec5d8063\"},\"headline\":\"ANSES ofrece a titulares de prestaciones un descuento del 55% en transporte\",\"datePublished\":\"2023-08-04T21:57:02+00:00\",\"mainEntityOfPage\":{\"@id\":\"https:\\\/\\\/noticiasmercedinas.com\\\/site\\\/2023\\\/08\\\/04\\\/anses-ofrece-a-titulares-de-prestaciones-un-descuento-del-55-en-transporte\\\/\"},\"wordCount\":355,\"publisher\":{\"@id\":\"https:\\\/\\\/noticiasmercedinas.com\\\/site\\\/#organization\"},\"image\":{\"@id\":\"https:\\\/\\\/noticiasmercedinas.com\\\/site\\\/2023\\\/08\\\/04\\\/anses-ofrece-a-titulares-de-prestaciones-un-descuento-del-55-en-transporte\\\/#primaryimage\"},\"thumbnailUrl\":\"https:\\\/\\\/noticiasmercedinas.com\\\/site\\\/wp-content\\\/uploads\\\/2023\\\/08\\\/SUBE-scaled.jpg\",\"keywords\":[\"anses\",\"carlos Garro\",\"sube\"],\"articleSection\":[\"Sociedad\"],\"inLanguage\":\"es\"},{\"@type\":\"WebPage\",\"@id\":\"https:\\\/\\\/noticiasmercedinas.com\\\/site\\\/2023\\\/08\\\/04\\\/anses-ofrece-a-titulares-de-prestaciones-un-descuento-del-55-en-transporte\\\/\",\"url\":\"https:\\\/\\\/noticiasmercedinas.com\\\/site\\\/2023\\\/08\\\/04\\\/anses-ofrece-a-titulares-de-prestaciones-un-descuento-del-55-en-transporte\\\/\",\"name\":\"ANSES ofrece a titulares de prestaciones un descuento del 55% en transporte\",\"isPartOf\":{\"@id\":\"https:\\\/\\\/noticiasmercedinas.com\\\/site\\\/#website\"},\"primaryImageOfPage\":{\"@id\":\"https:\\\/\\\/noticiasmercedinas.com\\\/site\\\/2023\\\/08\\\/04\\\/anses-ofrece-a-titulares-de-prestaciones-un-descuento-del-55-en-transporte\\\/#primaryimage\"},\"image\":{\"@id\":\"https:\\\/\\\/noticiasmercedinas.com\\\/site\\\/2023\\\/08\\\/04\\\/anses-ofrece-a-titulares-de-prestaciones-un-descuento-del-55-en-transporte\\\/#primaryimage\"},\"thumbnailUrl\":\"https:\\\/\\\/noticiasmercedinas.com\\\/site\\\/wp-content\\\/uploads\\\/2023\\\/08\\\/SUBE-scaled.jpg\",\"datePublished\":\"2023-08-04T21:57:02+00:00\",\"breadcrumb\":{\"@id\":\"https:\\\/\\\/noticiasmercedinas.com\\\/site\\\/2023\\\/08\\\/04\\\/anses-ofrece-a-titulares-de-prestaciones-un-descuento-del-55-en-transporte\\\/#breadcrumb\"},\"inLanguage\":\"es\",\"potentialAction\":[{\"@type\":\"ReadAction\",\"target\":[\"https:\\\/\\\/noticiasmercedinas.com\\\/site\\\/2023\\\/08\\\/04\\\/anses-ofrece-a-titulares-de-prestaciones-un-descuento-del-55-en-transporte\\\/\"]}]},{\"@type\":\"ImageObject\",\"inLanguage\":\"es\",\"@id\":\"https:\\\/\\\/noticiasmercedinas.com\\\/site\\\/2023\\\/08\\\/04\\\/anses-ofrece-a-titulares-de-prestaciones-un-descuento-del-55-en-transporte\\\/#primaryimage\",\"url\":\"https:\\\/\\\/noticiasmercedinas.com\\\/site\\\/wp-content\\\/uploads\\\/2023\\\/08\\\/SUBE-scaled.jpg\",\"contentUrl\":\"https:\\\/\\\/noticiasmercedinas.com\\\/site\\\/wp-content\\\/uploads\\\/2023\\\/08\\\/SUBE-scaled.jpg\",\"width\":2560,\"height\":1618},{\"@type\":\"BreadcrumbList\",\"@id\":\"https:\\\/\\\/noticiasmercedinas.com\\\/site\\\/2023\\\/08\\\/04\\\/anses-ofrece-a-titulares-de-prestaciones-un-descuento-del-55-en-transporte\\\/#breadcrumb\",\"itemListElement\":[{\"@type\":\"ListItem\",\"position\":1,\"name\":\"Portada\",\"item\":\"https:\\\/\\\/noticiasmercedinas.com\\\/site\\\/\"},{\"@type\":\"ListItem\",\"position\":2,\"name\":\"ANSES ofrece a titulares de prestaciones un descuento del 55% en transporte\"}]},{\"@type\":\"WebSite\",\"@id\":\"https:\\\/\\\/noticiasmercedinas.com\\\/site\\\/#website\",\"url\":\"https:\\\/\\\/noticiasmercedinas.com\\\/site\\\/\",\"name\":\"NOTICIASMERCEDINAS.COM\",\"description\":\"Mercedes, Buenos Aires, Argentina\",\"publisher\":{\"@id\":\"https:\\\/\\\/noticiasmercedinas.com\\\/site\\\/#organization\"},\"potentialAction\":[{\"@type\":\"SearchAction\",\"target\":{\"@type\":\"EntryPoint\",\"urlTemplate\":\"https:\\\/\\\/noticiasmercedinas.com\\\/site\\\/?s={search_term_string}\"},\"query-input\":{\"@type\":\"PropertyValueSpecification\",\"valueRequired\":true,\"valueName\":\"search_term_string\"}}],\"inLanguage\":\"es\"},{\"@type\":\"Organization\",\"@id\":\"https:\\\/\\\/noticiasmercedinas.com\\\/site\\\/#organization\",\"name\":\"NOTICIASMERCEDINAS.COM\",\"url\":\"https:\\\/\\\/noticiasmercedinas.com\\\/site\\\/\",\"logo\":{\"@type\":\"ImageObject\",\"inLanguage\":\"es\",\"@id\":\"https:\\\/\\\/noticiasmercedinas.com\\\/site\\\/#\\\/schema\\\/logo\\\/image\\\/\",\"url\":\"https:\\\/\\\/noticiasmercedinas.com\\\/site\\\/wp-content\\\/uploads\\\/2020\\\/06\\\/LOGO-512.jpg\",\"contentUrl\":\"https:\\\/\\\/noticiasmercedinas.com\\\/site\\\/wp-content\\\/uploads\\\/2020\\\/06\\\/LOGO-512.jpg\",\"width\":512,\"height\":512,\"caption\":\"NOTICIASMERCEDINAS.COM\"},\"image\":{\"@id\":\"https:\\\/\\\/noticiasmercedinas.com\\\/site\\\/#\\\/schema\\\/logo\\\/image\\\/\"},\"sameAs\":[\"https:\\\/\\\/www.facebook.com\\\/noticiasmercedinas\\\/\",\"https:\\\/\\\/x.com\\\/notmercedinas\",\"https:\\\/\\\/www.instagram.com\\\/noticiasmercedinas\\\/\"]},{\"@type\":\"Person\",\"@id\":\"https:\\\/\\\/noticiasmercedinas.com\\\/site\\\/#\\\/schema\\\/person\\\/84b59c099c28ff2e8b77d4ceec5d8063\",\"name\":\"NOTICIASMERCEDINAS.COM\",\"image\":{\"@type\":\"ImageObject\",\"inLanguage\":\"es\",\"@id\":\"https:\\\/\\\/secure.gravatar.com\\\/avatar\\\/4dfbf16b4d17945bfb6341b2d19043457132fcf478a5ee04f42e959fd8f5df0a?s=96&d=mm&r=g\",\"url\":\"https:\\\/\\\/secure.gravatar.com\\\/avatar\\\/4dfbf16b4d17945bfb6341b2d19043457132fcf478a5ee04f42e959fd8f5df0a?s=96&d=mm&r=g\",\"contentUrl\":\"https:\\\/\\\/secure.gravatar.com\\\/avatar\\\/4dfbf16b4d17945bfb6341b2d19043457132fcf478a5ee04f42e959fd8f5df0a?s=96&d=mm&r=g\",\"caption\":\"NOTICIASMERCEDINAS.COM\"},\"url\":\"https:\\\/\\\/noticiasmercedinas.com\\\/site\\\/author\\\/anonimo\\\/\"}]}<\/script>\n<!-- \/ Yoast SEO plugin. -->","yoast_head_json":{"title":"ANSES ofrece a titulares de prestaciones un descuento del 55% en transporte","robots":{"index":"index","follow":"follow","max-snippet":"max-snippet:-1","max-image-preview":"max-image-preview:large","max-video-preview":"max-video-preview:-1"},"canonical":"https:\/\/noticiasmercedinas.com\/site\/2023\/08\/04\/anses-ofrece-a-titulares-de-prestaciones-un-descuento-del-55-en-transporte\/","og_locale":"es_ES","og_type":"article","og_title":"ANSES ofrece a titulares de prestaciones un descuento del 55% en transporte","og_description":"\u25a0 Para acceder al descuento, deben realizar una solicitud a trav\u00e9s del sitio web oficial de ANSES. Tambi\u00e9n se puede consultar en una oficina de ANSES, presentando el DNI y la Tarjeta SUBE","og_url":"https:\/\/noticiasmercedinas.com\/site\/2023\/08\/04\/anses-ofrece-a-titulares-de-prestaciones-un-descuento-del-55-en-transporte\/","og_site_name":"NOTICIASMERCEDINAS.COM","article_publisher":"https:\/\/www.facebook.com\/noticiasmercedinas\/","article_published_time":"2023-08-04T21:57:02+00:00","og_image":[{"width":2560,"height":1618,"url":"https:\/\/noticiasmercedinas.com\/site\/wp-content\/uploads\/2023\/08\/SUBE-scaled.jpg","type":"image\/jpeg"}],"author":"NOTICIASMERCEDINAS.COM","twitter_card":"summary_large_image","twitter_creator":"@notmercedinas","twitter_site":"@notmercedinas","twitter_misc":{"Escrito por":"NOTICIASMERCEDINAS.COM","Tiempo de lectura":"2 minutos"},"schema":{"@context":"https:\/\/schema.org","@graph":[{"@type":"Article","@id":"https:\/\/noticiasmercedinas.com\/site\/2023\/08\/04\/anses-ofrece-a-titulares-de-prestaciones-un-descuento-del-55-en-transporte\/#article","isPartOf":{"@id":"https:\/\/noticiasmercedinas.com\/site\/2023\/08\/04\/anses-ofrece-a-titulares-de-prestaciones-un-descuento-del-55-en-transporte\/"},"author":{"name":"NOTICIASMERCEDINAS.COM","@id":"https:\/\/noticiasmercedinas.com\/site\/#\/schema\/person\/84b59c099c28ff2e8b77d4ceec5d8063"},"headline":"ANSES ofrece a titulares de prestaciones un descuento del 55% en transporte","datePublished":"2023-08-04T21:57:02+00:00","mainEntityOfPage":{"@id":"https:\/\/noticiasmercedinas.com\/site\/2023\/08\/04\/anses-ofrece-a-titulares-de-prestaciones-un-descuento-del-55-en-transporte\/"},"wordCount":355,"publisher":{"@id":"https:\/\/noticiasmercedinas.com\/site\/#organization"},"image":{"@id":"https:\/\/noticiasmercedinas.com\/site\/2023\/08\/04\/anses-ofrece-a-titulares-de-prestaciones-un-descuento-del-55-en-transporte\/#primaryimage"},"thumbnailUrl":"https:\/\/noticiasmercedinas.com\/site\/wp-content\/uploads\/2023\/08\/SUBE-scaled.jpg","keywords":["anses","carlos Garro","sube"],"articleSection":["Sociedad"],"inLanguage":"es"},{"@type":"WebPage","@id":"https:\/\/noticiasmercedinas.com\/site\/2023\/08\/04\/anses-ofrece-a-titulares-de-prestaciones-un-descuento-del-55-en-transporte\/","url":"https:\/\/noticiasmercedinas.com\/site\/2023\/08\/04\/anses-ofrece-a-titulares-de-prestaciones-un-descuento-del-55-en-transporte\/","name":"ANSES ofrece a titulares de prestaciones un descuento del 55% en transporte","isPartOf":{"@id":"https:\/\/noticiasmercedinas.com\/site\/#website"},"primaryImageOfPage":{"@id":"https:\/\/noticiasmercedinas.com\/site\/2023\/08\/04\/anses-ofrece-a-titulares-de-prestaciones-un-descuento-del-55-en-transporte\/#primaryimage"},"image":{"@id":"https:\/\/noticiasmercedinas.com\/site\/2023\/08\/04\/anses-ofrece-a-titulares-de-prestaciones-un-descuento-del-55-en-transporte\/#primaryimage"},"thumbnailUrl":"https:\/\/noticiasmercedinas.com\/site\/wp-content\/uploads\/2023\/08\/SUBE-scaled.jpg","datePublished":"2023-08-04T21:57:02+00:00","breadcrumb":{"@id":"https:\/\/noticiasmercedinas.com\/site\/2023\/08\/04\/anses-ofrece-a-titulares-de-prestaciones-un-descuento-del-55-en-transporte\/#breadcrumb"},"inLanguage":"es","potentialAction":[{"@type":"ReadAction","target":["https:\/\/noticiasmercedinas.com\/site\/2023\/08\/04\/anses-ofrece-a-titulares-de-prestaciones-un-descuento-del-55-en-transporte\/"]}]},{"@type":"ImageObject","inLanguage":"es","@id":"https:\/\/noticiasmercedinas.com\/site\/2023\/08\/04\/anses-ofrece-a-titulares-de-prestaciones-un-descuento-del-55-en-transporte\/#primaryimage","url":"https:\/\/noticiasmercedinas.com\/site\/wp-content\/uploads\/2023\/08\/SUBE-scaled.jpg","contentUrl":"https:\/\/noticiasmercedinas.com\/site\/wp-content\/uploads\/2023\/08\/SUBE-scaled.jpg","width":2560,"height":1618},{"@type":"BreadcrumbList","@id":"https:\/\/noticiasmercedinas.com\/site\/2023\/08\/04\/anses-ofrece-a-titulares-de-prestaciones-un-descuento-del-55-en-transporte\/#breadcrumb","itemListElement":[{"@type":"ListItem","position":1,"name":"Portada","item":"https:\/\/noticiasmercedinas.com\/site\/"},{"@type":"ListItem","position":2,"name":"ANSES ofrece a titulares de prestaciones un descuento del 55% en transporte"}]},{"@type":"WebSite","@id":"https:\/\/noticiasmercedinas.com\/site\/#website","url":"https:\/\/noticiasmercedinas.com\/site\/","name":"NOTICIASMERCEDINAS.COM","description":"Mercedes, Buenos Aires, Argentina","publisher":{"@id":"https:\/\/noticiasmercedinas.com\/site\/#organization"},"potentialAction":[{"@type":"SearchAction","target":{"@type":"EntryPoint","urlTemplate":"https:\/\/noticiasmercedinas.com\/site\/?s={search_term_string}"},"query-input":{"@type":"PropertyValueSpecification","valueRequired":true,"valueName":"search_term_string"}}],"inLanguage":"es"},{"@type":"Organization","@id":"https:\/\/noticiasmercedinas.com\/site\/#organization","name":"NOTICIASMERCEDINAS.COM","url":"https:\/\/noticiasmercedinas.com\/site\/","logo":{"@type":"ImageObject","inLanguage":"es","@id":"https:\/\/noticiasmercedinas.com\/site\/#\/schema\/logo\/image\/","url":"https:\/\/noticiasmercedinas.com\/site\/wp-content\/uploads\/2020\/06\/LOGO-512.jpg","contentUrl":"https:\/\/noticiasmercedinas.com\/site\/wp-content\/uploads\/2020\/06\/LOGO-512.jpg","width":512,"height":512,"caption":"NOTICIASMERCEDINAS.COM"},"image":{"@id":"https:\/\/noticiasmercedinas.com\/site\/#\/schema\/logo\/image\/"},"sameAs":["https:\/\/www.facebook.com\/noticiasmercedinas\/","https:\/\/x.com\/notmercedinas","https:\/\/www.instagram.com\/noticiasmercedinas\/"]},{"@type":"Person","@id":"https:\/\/noticiasmercedinas.com\/site\/#\/schema\/person\/84b59c099c28ff2e8b77d4ceec5d8063","name":"NOTICIASMERCEDINAS.COM","image":{"@type":"ImageObject","inLanguage":"es","@id":"https:\/\/secure.gravatar.com\/avatar\/4dfbf16b4d17945bfb6341b2d19043457132fcf478a5ee04f42e959fd8f5df0a?s=96&d=mm&r=g","url":"https:\/\/secure.gravatar.com\/avatar\/4dfbf16b4d17945bfb6341b2d19043457132fcf478a5ee04f42e959fd8f5df0a?s=96&d=mm&r=g","contentUrl":"https:\/\/secure.gravatar.com\/avatar\/4dfbf16b4d17945bfb6341b2d19043457132fcf478a5ee04f42e959fd8f5df0a?s=96&d=mm&r=g","caption":"NOTICIASMERCEDINAS.COM"},"url":"https:\/\/noticiasmercedinas.com\/site\/author\/anonimo\/"}]}},"amp_enabled":true,"_links":{"self":[{"href":"https:\/\/noticiasmercedinas.com\/site\/wp-json\/wp\/v2\/posts\/120303","targetHints":{"allow":["GET"]}}],"collection":[{"href":"https:\/\/noticiasmercedinas.com\/site\/wp-json\/wp\/v2\/posts"}],"about":[{"href":"https:\/\/noticiasmercedinas.com\/site\/wp-json\/wp\/v2\/types\/post"}],"author":[{"embeddable":true,"href":"https:\/\/noticiasmercedinas.com\/site\/wp-json\/wp\/v2\/users\/16"}],"replies":[{"embeddable":true,"href":"https:\/\/noticiasmercedinas.com\/site\/wp-json\/wp\/v2\/comments?post=120303"}],"version-history":[{"count":1,"href":"https:\/\/noticiasmercedinas.com\/site\/wp-json\/wp\/v2\/posts\/120303\/revisions"}],"predecessor-version":[{"id":120305,"href":"https:\/\/noticiasmercedinas.com\/site\/wp-json\/wp\/v2\/posts\/120303\/revisions\/120305"}],"wp:featuredmedia":[{"embeddable":true,"href":"https:\/\/noticiasmercedinas.com\/site\/wp-json\/wp\/v2\/media\/120304"}],"wp:attachment":[{"href":"https:\/\/noticiasmercedinas.com\/site\/wp-json\/wp\/v2\/media?parent=120303"}],"wp:term":[{"taxonomy":"category","embeddable":true,"href":"https:\/\/noticiasmercedinas.com\/site\/wp-json\/wp\/v2\/categories?post=120303"},{"taxonomy":"post_tag","embeddable":true,"href":"https:\/\/noticiasmercedinas.com\/site\/wp-json\/wp\/v2\/tags?post=120303"}],"curies":[{"name":"wp","href":"https:\/\/api.w.org\/{rel}","templated":true}]}}