{"id":120313,"date":"2023-08-04T20:39:17","date_gmt":"2023-08-04T23:39:17","guid":{"rendered":"https:\/\/noticiasmercedinas.com\/site\/?p=120313"},"modified":"2023-08-04T20:40:34","modified_gmt":"2023-08-04T23:40:34","slug":"potenciado-club-mercedes-recibe-a-deportivo-paraguayo","status":"publish","type":"post","link":"https:\/\/noticiasmercedinas.com\/site\/2023\/08\/04\/potenciado-club-mercedes-recibe-a-deportivo-paraguayo\/","title":{"rendered":"Potenciado, Club Mercedes recibe a Deportivo Paraguayo"},"content":{"rendered":"<figure id=\"attachment_120314\" aria-describedby=\"caption-attachment-120314\" style=\"width: 640px\" class=\"wp-caption alignnone\"><img loading=\"lazy\" decoding=\"async\" class=\"wp-image-120314 size-full\" src=\"https:\/\/noticiasmercedinas.com\/site\/wp-content\/uploads\/2023\/08\/IMG_5998.jpg\" alt=\"\" width=\"640\" height=\"404\" srcset=\"https:\/\/noticiasmercedinas.com\/site\/wp-content\/uploads\/2023\/08\/IMG_5998.jpg 640w, https:\/\/noticiasmercedinas.com\/site\/wp-content\/uploads\/2023\/08\/IMG_5998-300x189.jpg 300w\" sizes=\"auto, (max-width: 640px) 100vw, 640px\" \/><figcaption id=\"caption-attachment-120314\" class=\"wp-caption-text\">Este s\u00e1bado es el turno de Mercedes y Paraguayo.<\/figcaption><\/figure>\n<p>Por la fecha 10 de la Primera D, donde quedar\u00e1 libre Deportivo Mu\u00f1iz, tras el resonante triunfo por 4 a 1 sobre Centro Espa\u00f1ol en Ituzaing\u00f3 vuelve a jugar en cancha de la Liga el primer equipo de Club Mercedes. Tendr\u00e1 la visita del \u00faltimo de la tabla, Deportivo Paraguayo este s\u00e1bado 5 a partir de las 15.30.<\/p>\n<p>El once de Club Mercedes no tendr\u00eda cambios con respecta al \u00faltimo juego, siendo una semana donde el plantel se entren\u00f3 de buena manera. Los convocados son: Gonzalo Boragno, Genaro S\u00e1nchez Olmos, Thomas Schenone, Alexis Grzesiak, Nicol\u00e1s Contardi, Blas De Los Santos, Franco Gatti, Juan Manuel Culio, Ignacio Rodr\u00edguez, Mat\u00edas L\u00f3pez y Tomas Chaparro.<\/p>\n<p>En el banco de relevos: Rodrigo Nicasio, Juan Pedro Gatti, Sabino Redondi, Franco Cruz, Santiago Romagnoli, Rodrigo Scarnatto, Laureano Torres y Nicol\u00e1s Mart\u00ednez. Uno de estos \u00faltimos quedar\u00e1 afuera de la planilla que los habilita a jugar. El historial en la D marca que Paraguayo nunca pudo ganarle a Club Mercedes, dos empates y un triunfo del \u00abBlanquinegro\u00bb.<\/p>\n<p><img loading=\"lazy\" decoding=\"async\" class=\"alignnone size-full wp-image-120316\" src=\"https:\/\/noticiasmercedinas.com\/site\/wp-content\/uploads\/2023\/08\/Primera-D.jpg\" alt=\"\" width=\"640\" height=\"362\" srcset=\"https:\/\/noticiasmercedinas.com\/site\/wp-content\/uploads\/2023\/08\/Primera-D.jpg 640w, https:\/\/noticiasmercedinas.com\/site\/wp-content\/uploads\/2023\/08\/Primera-D-300x170.jpg 300w\" sizes=\"auto, (max-width: 640px) 100vw, 640px\" \/><\/p>\n<p><strong>S\u00e1bado 5<br \/>\nCancha:<\/strong> Liga Mercedina.<br \/>\nA las 15.30 Club Mercedes vs. Deportivo Paraguayo.<br \/>\n<strong>\u00c1rbitro:<\/strong> Francisco Varano.<br \/>\n<strong>Asistente 1:<\/strong> Gian Folina.<br \/>\n<strong>Asistente 2:<\/strong> Nicol\u00e1s Cavagnaro.<br \/>\n<strong>Cuarto \u00e1rbitro:<\/strong> Mateo Bocaccia.<\/p>\n<p>A las 15.30 Argentino Rosario vs. Juventud Unida.<br \/>\n<strong>\u00c1rbitro:<\/strong> Diego Torres.<\/p>\n<p><strong>Domingo 6<br \/>\nCancha:<\/strong> Deportivo Mor\u00f3n.<br \/>\nA las 15.30 Sportivo Barracas vs. El Porvenir.<br \/>\n<strong>\u00c1rbitro:<\/strong> Maximiliano L\u00f3pez.<\/p>\n<p>A las 15.30 Central Ballester vs. Centro Recreativo Espa\u00f1ol.<br \/>\n<strong>\u00c1rbitro:<\/strong> Ignacio Cuicchi.<\/p>\n<p><strong>Lunes 7<\/strong><br \/>\nA las 15.30 Lugano vs. Defensores de Cambaceres.<br \/>\n<strong>\u00c1rbitro:<\/strong> Axel Pogge.<\/p>\n","protected":false},"excerpt":{"rendered":"<p>\u25a0 Luego del buen triunfo ante Espa\u00f1ol y ganar ante a El Porvenir este s\u00e1bado 5 en la Liga  ser\u00e1 local el \u201cBlanquinegro\u201d. No habr\u00eda cambios en el once inicial para enfrentar al \u00faltimo de la tabla.<\/p>\n","protected":false},"author":6,"featured_media":120314,"comment_status":"closed","ping_status":"closed","sticky":false,"template":"","format":"standard","meta":{"footnotes":""},"categories":[5],"tags":[6424,135,14339,11935],"class_list":["post-120313","post","type-post","status-publish","format-standard","has-post-thumbnail","hentry","category-deportes","tag-afa","tag-club-mercedes","tag-deportivo-paraguayo","tag-primera-d"],"yoast_head":"<!-- This site is optimized with the Yoast SEO plugin v27.5 - https:\/\/yoast.com\/product\/yoast-seo-wordpress\/ -->\n<title>Potenciado, Club Mercedes recibe a Deportivo Paraguayo<\/title>\n<meta name=\"robots\" content=\"index, follow, max-snippet:-1, max-image-preview:large, max-video-preview:-1\" \/>\n<link rel=\"canonical\" href=\"https:\/\/noticiasmercedinas.com\/site\/2023\/08\/04\/potenciado-club-mercedes-recibe-a-deportivo-paraguayo\/\" \/>\n<meta property=\"og:locale\" content=\"es_ES\" \/>\n<meta property=\"og:type\" content=\"article\" \/>\n<meta property=\"og:title\" content=\"Potenciado, Club Mercedes recibe a Deportivo Paraguayo\" \/>\n<meta property=\"og:description\" content=\"\u25a0 Luego del buen triunfo ante Espa\u00f1ol y ganar ante a El Porvenir este s\u00e1bado 5 en la Liga ser\u00e1 local el \u201cBlanquinegro\u201d. No habr\u00eda cambios en el once inicial para enfrentar al \u00faltimo de la tabla.\" \/>\n<meta property=\"og:url\" content=\"https:\/\/noticiasmercedinas.com\/site\/2023\/08\/04\/potenciado-club-mercedes-recibe-a-deportivo-paraguayo\/\" \/>\n<meta property=\"og:site_name\" content=\"NOTICIASMERCEDINAS.COM\" \/>\n<meta property=\"article:publisher\" content=\"https:\/\/www.facebook.com\/noticiasmercedinas\/\" \/>\n<meta property=\"article:published_time\" content=\"2023-08-04T23:39:17+00:00\" \/>\n<meta property=\"article:modified_time\" content=\"2023-08-04T23:40:34+00:00\" \/>\n<meta property=\"og:image\" content=\"https:\/\/noticiasmercedinas.com\/site\/wp-content\/uploads\/2023\/08\/IMG_5998.jpg\" \/>\n\t<meta property=\"og:image:width\" content=\"640\" \/>\n\t<meta property=\"og:image:height\" content=\"404\" \/>\n\t<meta property=\"og:image:type\" content=\"image\/jpeg\" \/>\n<meta name=\"author\" content=\"Juan Dagnino NOTICIASMERCEDINAS.COM\" \/>\n<meta name=\"twitter:card\" content=\"summary_large_image\" \/>\n<meta name=\"twitter:creator\" content=\"@notmercedinas\" \/>\n<meta name=\"twitter:site\" content=\"@notmercedinas\" \/>\n<meta name=\"twitter:label1\" content=\"Escrito por\" \/>\n\t<meta name=\"twitter:data1\" content=\"Juan Dagnino NOTICIASMERCEDINAS.COM\" \/>\n\t<meta name=\"twitter:label2\" content=\"Tiempo de lectura\" \/>\n\t<meta name=\"twitter:data2\" content=\"2 minutos\" \/>\n<script type=\"application\/ld+json\" class=\"yoast-schema-graph\">{\"@context\":\"https:\\\/\\\/schema.org\",\"@graph\":[{\"@type\":\"Article\",\"@id\":\"https:\\\/\\\/noticiasmercedinas.com\\\/site\\\/2023\\\/08\\\/04\\\/potenciado-club-mercedes-recibe-a-deportivo-paraguayo\\\/#article\",\"isPartOf\":{\"@id\":\"https:\\\/\\\/noticiasmercedinas.com\\\/site\\\/2023\\\/08\\\/04\\\/potenciado-club-mercedes-recibe-a-deportivo-paraguayo\\\/\"},\"author\":{\"name\":\"Juan Dagnino NOTICIASMERCEDINAS.COM\",\"@id\":\"https:\\\/\\\/noticiasmercedinas.com\\\/site\\\/#\\\/schema\\\/person\\\/8f2f09d666ef40986eba4a5e6f2a06f9\"},\"headline\":\"Potenciado, Club Mercedes recibe a Deportivo Paraguayo\",\"datePublished\":\"2023-08-04T23:39:17+00:00\",\"dateModified\":\"2023-08-04T23:40:34+00:00\",\"mainEntityOfPage\":{\"@id\":\"https:\\\/\\\/noticiasmercedinas.com\\\/site\\\/2023\\\/08\\\/04\\\/potenciado-club-mercedes-recibe-a-deportivo-paraguayo\\\/\"},\"wordCount\":275,\"publisher\":{\"@id\":\"https:\\\/\\\/noticiasmercedinas.com\\\/site\\\/#organization\"},\"image\":{\"@id\":\"https:\\\/\\\/noticiasmercedinas.com\\\/site\\\/2023\\\/08\\\/04\\\/potenciado-club-mercedes-recibe-a-deportivo-paraguayo\\\/#primaryimage\"},\"thumbnailUrl\":\"https:\\\/\\\/noticiasmercedinas.com\\\/site\\\/wp-content\\\/uploads\\\/2023\\\/08\\\/IMG_5998.jpg\",\"keywords\":[\"AFA\",\"club mercedes\",\"Deportivo Paraguayo\",\"Primera D\"],\"articleSection\":[\"Deportes\"],\"inLanguage\":\"es\"},{\"@type\":\"WebPage\",\"@id\":\"https:\\\/\\\/noticiasmercedinas.com\\\/site\\\/2023\\\/08\\\/04\\\/potenciado-club-mercedes-recibe-a-deportivo-paraguayo\\\/\",\"url\":\"https:\\\/\\\/noticiasmercedinas.com\\\/site\\\/2023\\\/08\\\/04\\\/potenciado-club-mercedes-recibe-a-deportivo-paraguayo\\\/\",\"name\":\"Potenciado, Club Mercedes recibe a Deportivo Paraguayo\",\"isPartOf\":{\"@id\":\"https:\\\/\\\/noticiasmercedinas.com\\\/site\\\/#website\"},\"primaryImageOfPage\":{\"@id\":\"https:\\\/\\\/noticiasmercedinas.com\\\/site\\\/2023\\\/08\\\/04\\\/potenciado-club-mercedes-recibe-a-deportivo-paraguayo\\\/#primaryimage\"},\"image\":{\"@id\":\"https:\\\/\\\/noticiasmercedinas.com\\\/site\\\/2023\\\/08\\\/04\\\/potenciado-club-mercedes-recibe-a-deportivo-paraguayo\\\/#primaryimage\"},\"thumbnailUrl\":\"https:\\\/\\\/noticiasmercedinas.com\\\/site\\\/wp-content\\\/uploads\\\/2023\\\/08\\\/IMG_5998.jpg\",\"datePublished\":\"2023-08-04T23:39:17+00:00\",\"dateModified\":\"2023-08-04T23:40:34+00:00\",\"breadcrumb\":{\"@id\":\"https:\\\/\\\/noticiasmercedinas.com\\\/site\\\/2023\\\/08\\\/04\\\/potenciado-club-mercedes-recibe-a-deportivo-paraguayo\\\/#breadcrumb\"},\"inLanguage\":\"es\",\"potentialAction\":[{\"@type\":\"ReadAction\",\"target\":[\"https:\\\/\\\/noticiasmercedinas.com\\\/site\\\/2023\\\/08\\\/04\\\/potenciado-club-mercedes-recibe-a-deportivo-paraguayo\\\/\"]}]},{\"@type\":\"ImageObject\",\"inLanguage\":\"es\",\"@id\":\"https:\\\/\\\/noticiasmercedinas.com\\\/site\\\/2023\\\/08\\\/04\\\/potenciado-club-mercedes-recibe-a-deportivo-paraguayo\\\/#primaryimage\",\"url\":\"https:\\\/\\\/noticiasmercedinas.com\\\/site\\\/wp-content\\\/uploads\\\/2023\\\/08\\\/IMG_5998.jpg\",\"contentUrl\":\"https:\\\/\\\/noticiasmercedinas.com\\\/site\\\/wp-content\\\/uploads\\\/2023\\\/08\\\/IMG_5998.jpg\",\"width\":640,\"height\":404},{\"@type\":\"BreadcrumbList\",\"@id\":\"https:\\\/\\\/noticiasmercedinas.com\\\/site\\\/2023\\\/08\\\/04\\\/potenciado-club-mercedes-recibe-a-deportivo-paraguayo\\\/#breadcrumb\",\"itemListElement\":[{\"@type\":\"ListItem\",\"position\":1,\"name\":\"Portada\",\"item\":\"https:\\\/\\\/noticiasmercedinas.com\\\/site\\\/\"},{\"@type\":\"ListItem\",\"position\":2,\"name\":\"Potenciado, Club Mercedes recibe a Deportivo Paraguayo\"}]},{\"@type\":\"WebSite\",\"@id\":\"https:\\\/\\\/noticiasmercedinas.com\\\/site\\\/#website\",\"url\":\"https:\\\/\\\/noticiasmercedinas.com\\\/site\\\/\",\"name\":\"NOTICIASMERCEDINAS.COM\",\"description\":\"Mercedes, Buenos Aires, Argentina\",\"publisher\":{\"@id\":\"https:\\\/\\\/noticiasmercedinas.com\\\/site\\\/#organization\"},\"potentialAction\":[{\"@type\":\"SearchAction\",\"target\":{\"@type\":\"EntryPoint\",\"urlTemplate\":\"https:\\\/\\\/noticiasmercedinas.com\\\/site\\\/?s={search_term_string}\"},\"query-input\":{\"@type\":\"PropertyValueSpecification\",\"valueRequired\":true,\"valueName\":\"search_term_string\"}}],\"inLanguage\":\"es\"},{\"@type\":\"Organization\",\"@id\":\"https:\\\/\\\/noticiasmercedinas.com\\\/site\\\/#organization\",\"name\":\"NOTICIASMERCEDINAS.COM\",\"url\":\"https:\\\/\\\/noticiasmercedinas.com\\\/site\\\/\",\"logo\":{\"@type\":\"ImageObject\",\"inLanguage\":\"es\",\"@id\":\"https:\\\/\\\/noticiasmercedinas.com\\\/site\\\/#\\\/schema\\\/logo\\\/image\\\/\",\"url\":\"https:\\\/\\\/noticiasmercedinas.com\\\/site\\\/wp-content\\\/uploads\\\/2020\\\/06\\\/LOGO-512.jpg\",\"contentUrl\":\"https:\\\/\\\/noticiasmercedinas.com\\\/site\\\/wp-content\\\/uploads\\\/2020\\\/06\\\/LOGO-512.jpg\",\"width\":512,\"height\":512,\"caption\":\"NOTICIASMERCEDINAS.COM\"},\"image\":{\"@id\":\"https:\\\/\\\/noticiasmercedinas.com\\\/site\\\/#\\\/schema\\\/logo\\\/image\\\/\"},\"sameAs\":[\"https:\\\/\\\/www.facebook.com\\\/noticiasmercedinas\\\/\",\"https:\\\/\\\/x.com\\\/notmercedinas\",\"https:\\\/\\\/www.instagram.com\\\/noticiasmercedinas\\\/\"]},{\"@type\":\"Person\",\"@id\":\"https:\\\/\\\/noticiasmercedinas.com\\\/site\\\/#\\\/schema\\\/person\\\/8f2f09d666ef40986eba4a5e6f2a06f9\",\"name\":\"Juan Dagnino NOTICIASMERCEDINAS.COM\",\"image\":{\"@type\":\"ImageObject\",\"inLanguage\":\"es\",\"@id\":\"https:\\\/\\\/secure.gravatar.com\\\/avatar\\\/fc7059a769f5a3cae65fadb228a3e4accf3a64b4b2305020d0a27e6d5333c91b?s=96&d=mm&r=g\",\"url\":\"https:\\\/\\\/secure.gravatar.com\\\/avatar\\\/fc7059a769f5a3cae65fadb228a3e4accf3a64b4b2305020d0a27e6d5333c91b?s=96&d=mm&r=g\",\"contentUrl\":\"https:\\\/\\\/secure.gravatar.com\\\/avatar\\\/fc7059a769f5a3cae65fadb228a3e4accf3a64b4b2305020d0a27e6d5333c91b?s=96&d=mm&r=g\",\"caption\":\"Juan Dagnino NOTICIASMERCEDINAS.COM\"},\"url\":\"https:\\\/\\\/noticiasmercedinas.com\\\/site\\\/author\\\/juandagnino\\\/\"}]}<\/script>\n<!-- \/ Yoast SEO plugin. -->","yoast_head_json":{"title":"Potenciado, Club Mercedes recibe a Deportivo Paraguayo","robots":{"index":"index","follow":"follow","max-snippet":"max-snippet:-1","max-image-preview":"max-image-preview:large","max-video-preview":"max-video-preview:-1"},"canonical":"https:\/\/noticiasmercedinas.com\/site\/2023\/08\/04\/potenciado-club-mercedes-recibe-a-deportivo-paraguayo\/","og_locale":"es_ES","og_type":"article","og_title":"Potenciado, Club Mercedes recibe a Deportivo Paraguayo","og_description":"\u25a0 Luego del buen triunfo ante Espa\u00f1ol y ganar ante a El Porvenir este s\u00e1bado 5 en la Liga ser\u00e1 local el \u201cBlanquinegro\u201d. No habr\u00eda cambios en el once inicial para enfrentar al \u00faltimo de la tabla.","og_url":"https:\/\/noticiasmercedinas.com\/site\/2023\/08\/04\/potenciado-club-mercedes-recibe-a-deportivo-paraguayo\/","og_site_name":"NOTICIASMERCEDINAS.COM","article_publisher":"https:\/\/www.facebook.com\/noticiasmercedinas\/","article_published_time":"2023-08-04T23:39:17+00:00","article_modified_time":"2023-08-04T23:40:34+00:00","og_image":[{"width":640,"height":404,"url":"https:\/\/noticiasmercedinas.com\/site\/wp-content\/uploads\/2023\/08\/IMG_5998.jpg","type":"image\/jpeg"}],"author":"Juan Dagnino NOTICIASMERCEDINAS.COM","twitter_card":"summary_large_image","twitter_creator":"@notmercedinas","twitter_site":"@notmercedinas","twitter_misc":{"Escrito por":"Juan Dagnino NOTICIASMERCEDINAS.COM","Tiempo de lectura":"2 minutos"},"schema":{"@context":"https:\/\/schema.org","@graph":[{"@type":"Article","@id":"https:\/\/noticiasmercedinas.com\/site\/2023\/08\/04\/potenciado-club-mercedes-recibe-a-deportivo-paraguayo\/#article","isPartOf":{"@id":"https:\/\/noticiasmercedinas.com\/site\/2023\/08\/04\/potenciado-club-mercedes-recibe-a-deportivo-paraguayo\/"},"author":{"name":"Juan Dagnino NOTICIASMERCEDINAS.COM","@id":"https:\/\/noticiasmercedinas.com\/site\/#\/schema\/person\/8f2f09d666ef40986eba4a5e6f2a06f9"},"headline":"Potenciado, Club Mercedes recibe a Deportivo Paraguayo","datePublished":"2023-08-04T23:39:17+00:00","dateModified":"2023-08-04T23:40:34+00:00","mainEntityOfPage":{"@id":"https:\/\/noticiasmercedinas.com\/site\/2023\/08\/04\/potenciado-club-mercedes-recibe-a-deportivo-paraguayo\/"},"wordCount":275,"publisher":{"@id":"https:\/\/noticiasmercedinas.com\/site\/#organization"},"image":{"@id":"https:\/\/noticiasmercedinas.com\/site\/2023\/08\/04\/potenciado-club-mercedes-recibe-a-deportivo-paraguayo\/#primaryimage"},"thumbnailUrl":"https:\/\/noticiasmercedinas.com\/site\/wp-content\/uploads\/2023\/08\/IMG_5998.jpg","keywords":["AFA","club mercedes","Deportivo Paraguayo","Primera D"],"articleSection":["Deportes"],"inLanguage":"es"},{"@type":"WebPage","@id":"https:\/\/noticiasmercedinas.com\/site\/2023\/08\/04\/potenciado-club-mercedes-recibe-a-deportivo-paraguayo\/","url":"https:\/\/noticiasmercedinas.com\/site\/2023\/08\/04\/potenciado-club-mercedes-recibe-a-deportivo-paraguayo\/","name":"Potenciado, Club Mercedes recibe a Deportivo Paraguayo","isPartOf":{"@id":"https:\/\/noticiasmercedinas.com\/site\/#website"},"primaryImageOfPage":{"@id":"https:\/\/noticiasmercedinas.com\/site\/2023\/08\/04\/potenciado-club-mercedes-recibe-a-deportivo-paraguayo\/#primaryimage"},"image":{"@id":"https:\/\/noticiasmercedinas.com\/site\/2023\/08\/04\/potenciado-club-mercedes-recibe-a-deportivo-paraguayo\/#primaryimage"},"thumbnailUrl":"https:\/\/noticiasmercedinas.com\/site\/wp-content\/uploads\/2023\/08\/IMG_5998.jpg","datePublished":"2023-08-04T23:39:17+00:00","dateModified":"2023-08-04T23:40:34+00:00","breadcrumb":{"@id":"https:\/\/noticiasmercedinas.com\/site\/2023\/08\/04\/potenciado-club-mercedes-recibe-a-deportivo-paraguayo\/#breadcrumb"},"inLanguage":"es","potentialAction":[{"@type":"ReadAction","target":["https:\/\/noticiasmercedinas.com\/site\/2023\/08\/04\/potenciado-club-mercedes-recibe-a-deportivo-paraguayo\/"]}]},{"@type":"ImageObject","inLanguage":"es","@id":"https:\/\/noticiasmercedinas.com\/site\/2023\/08\/04\/potenciado-club-mercedes-recibe-a-deportivo-paraguayo\/#primaryimage","url":"https:\/\/noticiasmercedinas.com\/site\/wp-content\/uploads\/2023\/08\/IMG_5998.jpg","contentUrl":"https:\/\/noticiasmercedinas.com\/site\/wp-content\/uploads\/2023\/08\/IMG_5998.jpg","width":640,"height":404},{"@type":"BreadcrumbList","@id":"https:\/\/noticiasmercedinas.com\/site\/2023\/08\/04\/potenciado-club-mercedes-recibe-a-deportivo-paraguayo\/#breadcrumb","itemListElement":[{"@type":"ListItem","position":1,"name":"Portada","item":"https:\/\/noticiasmercedinas.com\/site\/"},{"@type":"ListItem","position":2,"name":"Potenciado, Club Mercedes recibe a Deportivo Paraguayo"}]},{"@type":"WebSite","@id":"https:\/\/noticiasmercedinas.com\/site\/#website","url":"https:\/\/noticiasmercedinas.com\/site\/","name":"NOTICIASMERCEDINAS.COM","description":"Mercedes, Buenos Aires, Argentina","publisher":{"@id":"https:\/\/noticiasmercedinas.com\/site\/#organization"},"potentialAction":[{"@type":"SearchAction","target":{"@type":"EntryPoint","urlTemplate":"https:\/\/noticiasmercedinas.com\/site\/?s={search_term_string}"},"query-input":{"@type":"PropertyValueSpecification","valueRequired":true,"valueName":"search_term_string"}}],"inLanguage":"es"},{"@type":"Organization","@id":"https:\/\/noticiasmercedinas.com\/site\/#organization","name":"NOTICIASMERCEDINAS.COM","url":"https:\/\/noticiasmercedinas.com\/site\/","logo":{"@type":"ImageObject","inLanguage":"es","@id":"https:\/\/noticiasmercedinas.com\/site\/#\/schema\/logo\/image\/","url":"https:\/\/noticiasmercedinas.com\/site\/wp-content\/uploads\/2020\/06\/LOGO-512.jpg","contentUrl":"https:\/\/noticiasmercedinas.com\/site\/wp-content\/uploads\/2020\/06\/LOGO-512.jpg","width":512,"height":512,"caption":"NOTICIASMERCEDINAS.COM"},"image":{"@id":"https:\/\/noticiasmercedinas.com\/site\/#\/schema\/logo\/image\/"},"sameAs":["https:\/\/www.facebook.com\/noticiasmercedinas\/","https:\/\/x.com\/notmercedinas","https:\/\/www.instagram.com\/noticiasmercedinas\/"]},{"@type":"Person","@id":"https:\/\/noticiasmercedinas.com\/site\/#\/schema\/person\/8f2f09d666ef40986eba4a5e6f2a06f9","name":"Juan Dagnino NOTICIASMERCEDINAS.COM","image":{"@type":"ImageObject","inLanguage":"es","@id":"https:\/\/secure.gravatar.com\/avatar\/fc7059a769f5a3cae65fadb228a3e4accf3a64b4b2305020d0a27e6d5333c91b?s=96&d=mm&r=g","url":"https:\/\/secure.gravatar.com\/avatar\/fc7059a769f5a3cae65fadb228a3e4accf3a64b4b2305020d0a27e6d5333c91b?s=96&d=mm&r=g","contentUrl":"https:\/\/secure.gravatar.com\/avatar\/fc7059a769f5a3cae65fadb228a3e4accf3a64b4b2305020d0a27e6d5333c91b?s=96&d=mm&r=g","caption":"Juan Dagnino NOTICIASMERCEDINAS.COM"},"url":"https:\/\/noticiasmercedinas.com\/site\/author\/juandagnino\/"}]}},"amp_enabled":true,"_links":{"self":[{"href":"https:\/\/noticiasmercedinas.com\/site\/wp-json\/wp\/v2\/posts\/120313","targetHints":{"allow":["GET"]}}],"collection":[{"href":"https:\/\/noticiasmercedinas.com\/site\/wp-json\/wp\/v2\/posts"}],"about":[{"href":"https:\/\/noticiasmercedinas.com\/site\/wp-json\/wp\/v2\/types\/post"}],"author":[{"embeddable":true,"href":"https:\/\/noticiasmercedinas.com\/site\/wp-json\/wp\/v2\/users\/6"}],"replies":[{"embeddable":true,"href":"https:\/\/noticiasmercedinas.com\/site\/wp-json\/wp\/v2\/comments?post=120313"}],"version-history":[{"count":2,"href":"https:\/\/noticiasmercedinas.com\/site\/wp-json\/wp\/v2\/posts\/120313\/revisions"}],"predecessor-version":[{"id":120317,"href":"https:\/\/noticiasmercedinas.com\/site\/wp-json\/wp\/v2\/posts\/120313\/revisions\/120317"}],"wp:featuredmedia":[{"embeddable":true,"href":"https:\/\/noticiasmercedinas.com\/site\/wp-json\/wp\/v2\/media\/120314"}],"wp:attachment":[{"href":"https:\/\/noticiasmercedinas.com\/site\/wp-json\/wp\/v2\/media?parent=120313"}],"wp:term":[{"taxonomy":"category","embeddable":true,"href":"https:\/\/noticiasmercedinas.com\/site\/wp-json\/wp\/v2\/categories?post=120313"},{"taxonomy":"post_tag","embeddable":true,"href":"https:\/\/noticiasmercedinas.com\/site\/wp-json\/wp\/v2\/tags?post=120313"}],"curies":[{"name":"wp","href":"https:\/\/api.w.org\/{rel}","templated":true}]}}