{"id":120372,"date":"2023-08-05T20:15:27","date_gmt":"2023-08-05T23:15:27","guid":{"rendered":"https:\/\/noticiasmercedinas.com\/site\/?p=120372"},"modified":"2023-08-05T20:15:27","modified_gmt":"2023-08-05T23:15:27","slug":"principios-y-valores-cesar-salazar-pidio-que-lo-acompanen-este-13-de-agosto","status":"publish","type":"post","link":"https:\/\/noticiasmercedinas.com\/site\/2023\/08\/05\/principios-y-valores-cesar-salazar-pidio-que-lo-acompanen-este-13-de-agosto\/","title":{"rendered":"\u201cPrincipios y Valores\u201d: C\u00e9sar Salazar pidi\u00f3 que lo acompa\u00f1en este 13 de agosto"},"content":{"rendered":"<p><img loading=\"lazy\" decoding=\"async\" class=\"alignnone size-full wp-image-120373\" src=\"https:\/\/noticiasmercedinas.com\/site\/wp-content\/uploads\/2023\/08\/GLOBOS.jpg\" alt=\"\" width=\"640\" height=\"430\" srcset=\"https:\/\/noticiasmercedinas.com\/site\/wp-content\/uploads\/2023\/08\/GLOBOS.jpg 640w, https:\/\/noticiasmercedinas.com\/site\/wp-content\/uploads\/2023\/08\/GLOBOS-300x202.jpg 300w, https:\/\/noticiasmercedinas.com\/site\/wp-content\/uploads\/2023\/08\/GLOBOS-537x360.jpg 537w\" sizes=\"auto, (max-width: 640px) 100vw, 640px\" \/><\/p>\n<p>Este s\u00e1bado por la ma\u00f1ana en el Club Comunicaciones se produjo la presentaci\u00f3n de la lista local de \u201cPrincipios y Valores\u201d, encabezada por <strong>C\u00e9sar Salazar<\/strong> como precandidato a intendente, seguido por <strong>Andrea Vara<\/strong> y <strong>Paulo Aranda<\/strong>, quienes est\u00e1n arriba entre los precandidatos a concejales y consejeros escolares, respectivamente.<\/p>\n<p>En el acto de hoy cada uno de los integrantes se present\u00f3 y comento cu\u00e1les son sus intereses y por qu\u00e9 apuesta a esta fuerza pol\u00edtica.<\/p>\n<blockquote><p>\u00abNo solamente acomp\u00e1\u00f1enme a m\u00ed como trabajador, como uno de ustedes, sino a todo un equipo de trabajo que estuvo meses evaluando c\u00f3mo mejorar la ciudad\u00bb<\/p><\/blockquote>\n<p>Luego estuvo el referente de la primera secci\u00f3n, <strong>Alberto Visconti<\/strong>, quien es adem\u00e1s precandidato a intendente de Merlo. Habl\u00f3 sobre lo que pasa en provincia y naci\u00f3n, y felicit\u00f3 a los mercedinos por el trabajo en el distrito. Tambi\u00e9n habl\u00f3 la precandidata a diputada provincial <strong>Rosana Matarolo<\/strong>, que es del Partido de Miles, integrando la Alianza \u201cTierra, Techo y Trabajo\u201d.<\/p>\n<p>Por su parte, <strong>C\u00e9sar Salaza<\/strong>r pidi\u00f3 que lo acompa\u00f1en este 13 de agosto en las PASO.<\/p>\n<p>\u201cNo solamente acomp\u00e1\u00f1enme a m\u00ed como trabajador, como uno de ustedes, sino a todo un equipo de trabajo que estuvo meses evaluando c\u00f3mo mejorar la ciudad y que Mercedes sea un poco mejor\u201d, dijo.<\/p>\n","protected":false},"excerpt":{"rendered":"<p>\u25a0 En un acto, este s\u00e1bado por la ma\u00f1ana y de cara a las PASO, cada uno de los integrantes se present\u00f3 y comento cu\u00e1les son sus intereses y por qu\u00e9 apuesta a esta fuerza pol\u00edtica.<\/p>\n","protected":false},"author":16,"featured_media":120373,"comment_status":"closed","ping_status":"closed","sticky":false,"template":"","format":"standard","meta":{"footnotes":""},"categories":[16],"tags":[5965,17164,14662,12340,12780],"class_list":["post-120372","post","type-post","status-publish","format-standard","has-post-thumbnail","hentry","category-politica","tag-andrea-vara","tag-cesar-salazar","tag-elecciones-2023","tag-paulo-aranda","tag-principios-y-valores"],"yoast_head":"<!-- This site is optimized with the Yoast SEO plugin v27.5 - https:\/\/yoast.com\/product\/yoast-seo-wordpress\/ -->\n<title>\u201cPrincipios y Valores\u201d: C\u00e9sar Salazar pidi\u00f3 que lo acompa\u00f1en este 13 de agosto<\/title>\n<meta name=\"robots\" content=\"index, follow, max-snippet:-1, max-image-preview:large, max-video-preview:-1\" \/>\n<link rel=\"canonical\" href=\"https:\/\/noticiasmercedinas.com\/site\/2023\/08\/05\/principios-y-valores-cesar-salazar-pidio-que-lo-acompanen-este-13-de-agosto\/\" \/>\n<meta property=\"og:locale\" content=\"es_ES\" \/>\n<meta property=\"og:type\" content=\"article\" \/>\n<meta property=\"og:title\" content=\"\u201cPrincipios y Valores\u201d: C\u00e9sar Salazar pidi\u00f3 que lo acompa\u00f1en este 13 de agosto\" \/>\n<meta property=\"og:description\" content=\"\u25a0 En un acto, este s\u00e1bado por la ma\u00f1ana y de cara a las PASO, cada uno de los integrantes se present\u00f3 y comento cu\u00e1les son sus intereses y por qu\u00e9 apuesta a esta fuerza pol\u00edtica.\" \/>\n<meta property=\"og:url\" content=\"https:\/\/noticiasmercedinas.com\/site\/2023\/08\/05\/principios-y-valores-cesar-salazar-pidio-que-lo-acompanen-este-13-de-agosto\/\" \/>\n<meta property=\"og:site_name\" content=\"NOTICIASMERCEDINAS.COM\" \/>\n<meta property=\"article:publisher\" content=\"https:\/\/www.facebook.com\/noticiasmercedinas\/\" \/>\n<meta property=\"article:published_time\" content=\"2023-08-05T23:15:27+00:00\" \/>\n<meta property=\"og:image\" content=\"https:\/\/noticiasmercedinas.com\/site\/wp-content\/uploads\/2023\/08\/GLOBOS.jpg\" \/>\n\t<meta property=\"og:image:width\" content=\"640\" \/>\n\t<meta property=\"og:image:height\" content=\"430\" \/>\n\t<meta property=\"og:image:type\" content=\"image\/jpeg\" \/>\n<meta name=\"author\" content=\"NOTICIASMERCEDINAS.COM\" \/>\n<meta name=\"twitter:card\" content=\"summary_large_image\" \/>\n<meta name=\"twitter:creator\" content=\"@notmercedinas\" \/>\n<meta name=\"twitter:site\" content=\"@notmercedinas\" \/>\n<meta name=\"twitter:label1\" content=\"Escrito por\" \/>\n\t<meta name=\"twitter:data1\" content=\"NOTICIASMERCEDINAS.COM\" \/>\n\t<meta name=\"twitter:label2\" content=\"Tiempo de lectura\" \/>\n\t<meta name=\"twitter:data2\" content=\"2 minutos\" \/>\n<script type=\"application\/ld+json\" class=\"yoast-schema-graph\">{\"@context\":\"https:\\\/\\\/schema.org\",\"@graph\":[{\"@type\":\"Article\",\"@id\":\"https:\\\/\\\/noticiasmercedinas.com\\\/site\\\/2023\\\/08\\\/05\\\/principios-y-valores-cesar-salazar-pidio-que-lo-acompanen-este-13-de-agosto\\\/#article\",\"isPartOf\":{\"@id\":\"https:\\\/\\\/noticiasmercedinas.com\\\/site\\\/2023\\\/08\\\/05\\\/principios-y-valores-cesar-salazar-pidio-que-lo-acompanen-este-13-de-agosto\\\/\"},\"author\":{\"name\":\"NOTICIASMERCEDINAS.COM\",\"@id\":\"https:\\\/\\\/noticiasmercedinas.com\\\/site\\\/#\\\/schema\\\/person\\\/84b59c099c28ff2e8b77d4ceec5d8063\"},\"headline\":\"\u201cPrincipios y Valores\u201d: C\u00e9sar Salazar pidi\u00f3 que lo acompa\u00f1en este 13 de agosto\",\"datePublished\":\"2023-08-05T23:15:27+00:00\",\"mainEntityOfPage\":{\"@id\":\"https:\\\/\\\/noticiasmercedinas.com\\\/site\\\/2023\\\/08\\\/05\\\/principios-y-valores-cesar-salazar-pidio-que-lo-acompanen-este-13-de-agosto\\\/\"},\"wordCount\":240,\"publisher\":{\"@id\":\"https:\\\/\\\/noticiasmercedinas.com\\\/site\\\/#organization\"},\"image\":{\"@id\":\"https:\\\/\\\/noticiasmercedinas.com\\\/site\\\/2023\\\/08\\\/05\\\/principios-y-valores-cesar-salazar-pidio-que-lo-acompanen-este-13-de-agosto\\\/#primaryimage\"},\"thumbnailUrl\":\"https:\\\/\\\/noticiasmercedinas.com\\\/site\\\/wp-content\\\/uploads\\\/2023\\\/08\\\/GLOBOS.jpg\",\"keywords\":[\"Andrea vara\",\"cesar salazar\",\"elecciones 2023\",\"Paulo Aranda\",\"principios y valores\"],\"articleSection\":[\"Politica\"],\"inLanguage\":\"es\"},{\"@type\":\"WebPage\",\"@id\":\"https:\\\/\\\/noticiasmercedinas.com\\\/site\\\/2023\\\/08\\\/05\\\/principios-y-valores-cesar-salazar-pidio-que-lo-acompanen-este-13-de-agosto\\\/\",\"url\":\"https:\\\/\\\/noticiasmercedinas.com\\\/site\\\/2023\\\/08\\\/05\\\/principios-y-valores-cesar-salazar-pidio-que-lo-acompanen-este-13-de-agosto\\\/\",\"name\":\"\u201cPrincipios y Valores\u201d: C\u00e9sar Salazar pidi\u00f3 que lo acompa\u00f1en este 13 de agosto\",\"isPartOf\":{\"@id\":\"https:\\\/\\\/noticiasmercedinas.com\\\/site\\\/#website\"},\"primaryImageOfPage\":{\"@id\":\"https:\\\/\\\/noticiasmercedinas.com\\\/site\\\/2023\\\/08\\\/05\\\/principios-y-valores-cesar-salazar-pidio-que-lo-acompanen-este-13-de-agosto\\\/#primaryimage\"},\"image\":{\"@id\":\"https:\\\/\\\/noticiasmercedinas.com\\\/site\\\/2023\\\/08\\\/05\\\/principios-y-valores-cesar-salazar-pidio-que-lo-acompanen-este-13-de-agosto\\\/#primaryimage\"},\"thumbnailUrl\":\"https:\\\/\\\/noticiasmercedinas.com\\\/site\\\/wp-content\\\/uploads\\\/2023\\\/08\\\/GLOBOS.jpg\",\"datePublished\":\"2023-08-05T23:15:27+00:00\",\"breadcrumb\":{\"@id\":\"https:\\\/\\\/noticiasmercedinas.com\\\/site\\\/2023\\\/08\\\/05\\\/principios-y-valores-cesar-salazar-pidio-que-lo-acompanen-este-13-de-agosto\\\/#breadcrumb\"},\"inLanguage\":\"es\",\"potentialAction\":[{\"@type\":\"ReadAction\",\"target\":[\"https:\\\/\\\/noticiasmercedinas.com\\\/site\\\/2023\\\/08\\\/05\\\/principios-y-valores-cesar-salazar-pidio-que-lo-acompanen-este-13-de-agosto\\\/\"]}]},{\"@type\":\"ImageObject\",\"inLanguage\":\"es\",\"@id\":\"https:\\\/\\\/noticiasmercedinas.com\\\/site\\\/2023\\\/08\\\/05\\\/principios-y-valores-cesar-salazar-pidio-que-lo-acompanen-este-13-de-agosto\\\/#primaryimage\",\"url\":\"https:\\\/\\\/noticiasmercedinas.com\\\/site\\\/wp-content\\\/uploads\\\/2023\\\/08\\\/GLOBOS.jpg\",\"contentUrl\":\"https:\\\/\\\/noticiasmercedinas.com\\\/site\\\/wp-content\\\/uploads\\\/2023\\\/08\\\/GLOBOS.jpg\",\"width\":640,\"height\":430},{\"@type\":\"BreadcrumbList\",\"@id\":\"https:\\\/\\\/noticiasmercedinas.com\\\/site\\\/2023\\\/08\\\/05\\\/principios-y-valores-cesar-salazar-pidio-que-lo-acompanen-este-13-de-agosto\\\/#breadcrumb\",\"itemListElement\":[{\"@type\":\"ListItem\",\"position\":1,\"name\":\"Portada\",\"item\":\"https:\\\/\\\/noticiasmercedinas.com\\\/site\\\/\"},{\"@type\":\"ListItem\",\"position\":2,\"name\":\"\u201cPrincipios y Valores\u201d: C\u00e9sar Salazar pidi\u00f3 que lo acompa\u00f1en este 13 de agosto\"}]},{\"@type\":\"WebSite\",\"@id\":\"https:\\\/\\\/noticiasmercedinas.com\\\/site\\\/#website\",\"url\":\"https:\\\/\\\/noticiasmercedinas.com\\\/site\\\/\",\"name\":\"NOTICIASMERCEDINAS.COM\",\"description\":\"Mercedes, Buenos Aires, Argentina\",\"publisher\":{\"@id\":\"https:\\\/\\\/noticiasmercedinas.com\\\/site\\\/#organization\"},\"potentialAction\":[{\"@type\":\"SearchAction\",\"target\":{\"@type\":\"EntryPoint\",\"urlTemplate\":\"https:\\\/\\\/noticiasmercedinas.com\\\/site\\\/?s={search_term_string}\"},\"query-input\":{\"@type\":\"PropertyValueSpecification\",\"valueRequired\":true,\"valueName\":\"search_term_string\"}}],\"inLanguage\":\"es\"},{\"@type\":\"Organization\",\"@id\":\"https:\\\/\\\/noticiasmercedinas.com\\\/site\\\/#organization\",\"name\":\"NOTICIASMERCEDINAS.COM\",\"url\":\"https:\\\/\\\/noticiasmercedinas.com\\\/site\\\/\",\"logo\":{\"@type\":\"ImageObject\",\"inLanguage\":\"es\",\"@id\":\"https:\\\/\\\/noticiasmercedinas.com\\\/site\\\/#\\\/schema\\\/logo\\\/image\\\/\",\"url\":\"https:\\\/\\\/noticiasmercedinas.com\\\/site\\\/wp-content\\\/uploads\\\/2020\\\/06\\\/LOGO-512.jpg\",\"contentUrl\":\"https:\\\/\\\/noticiasmercedinas.com\\\/site\\\/wp-content\\\/uploads\\\/2020\\\/06\\\/LOGO-512.jpg\",\"width\":512,\"height\":512,\"caption\":\"NOTICIASMERCEDINAS.COM\"},\"image\":{\"@id\":\"https:\\\/\\\/noticiasmercedinas.com\\\/site\\\/#\\\/schema\\\/logo\\\/image\\\/\"},\"sameAs\":[\"https:\\\/\\\/www.facebook.com\\\/noticiasmercedinas\\\/\",\"https:\\\/\\\/x.com\\\/notmercedinas\",\"https:\\\/\\\/www.instagram.com\\\/noticiasmercedinas\\\/\"]},{\"@type\":\"Person\",\"@id\":\"https:\\\/\\\/noticiasmercedinas.com\\\/site\\\/#\\\/schema\\\/person\\\/84b59c099c28ff2e8b77d4ceec5d8063\",\"name\":\"NOTICIASMERCEDINAS.COM\",\"image\":{\"@type\":\"ImageObject\",\"inLanguage\":\"es\",\"@id\":\"https:\\\/\\\/secure.gravatar.com\\\/avatar\\\/4dfbf16b4d17945bfb6341b2d19043457132fcf478a5ee04f42e959fd8f5df0a?s=96&d=mm&r=g\",\"url\":\"https:\\\/\\\/secure.gravatar.com\\\/avatar\\\/4dfbf16b4d17945bfb6341b2d19043457132fcf478a5ee04f42e959fd8f5df0a?s=96&d=mm&r=g\",\"contentUrl\":\"https:\\\/\\\/secure.gravatar.com\\\/avatar\\\/4dfbf16b4d17945bfb6341b2d19043457132fcf478a5ee04f42e959fd8f5df0a?s=96&d=mm&r=g\",\"caption\":\"NOTICIASMERCEDINAS.COM\"},\"url\":\"https:\\\/\\\/noticiasmercedinas.com\\\/site\\\/author\\\/anonimo\\\/\"}]}<\/script>\n<!-- \/ Yoast SEO plugin. -->","yoast_head_json":{"title":"\u201cPrincipios y Valores\u201d: C\u00e9sar Salazar pidi\u00f3 que lo acompa\u00f1en este 13 de agosto","robots":{"index":"index","follow":"follow","max-snippet":"max-snippet:-1","max-image-preview":"max-image-preview:large","max-video-preview":"max-video-preview:-1"},"canonical":"https:\/\/noticiasmercedinas.com\/site\/2023\/08\/05\/principios-y-valores-cesar-salazar-pidio-que-lo-acompanen-este-13-de-agosto\/","og_locale":"es_ES","og_type":"article","og_title":"\u201cPrincipios y Valores\u201d: C\u00e9sar Salazar pidi\u00f3 que lo acompa\u00f1en este 13 de agosto","og_description":"\u25a0 En un acto, este s\u00e1bado por la ma\u00f1ana y de cara a las PASO, cada uno de los integrantes se present\u00f3 y comento cu\u00e1les son sus intereses y por qu\u00e9 apuesta a esta fuerza pol\u00edtica.","og_url":"https:\/\/noticiasmercedinas.com\/site\/2023\/08\/05\/principios-y-valores-cesar-salazar-pidio-que-lo-acompanen-este-13-de-agosto\/","og_site_name":"NOTICIASMERCEDINAS.COM","article_publisher":"https:\/\/www.facebook.com\/noticiasmercedinas\/","article_published_time":"2023-08-05T23:15:27+00:00","og_image":[{"width":640,"height":430,"url":"https:\/\/noticiasmercedinas.com\/site\/wp-content\/uploads\/2023\/08\/GLOBOS.jpg","type":"image\/jpeg"}],"author":"NOTICIASMERCEDINAS.COM","twitter_card":"summary_large_image","twitter_creator":"@notmercedinas","twitter_site":"@notmercedinas","twitter_misc":{"Escrito por":"NOTICIASMERCEDINAS.COM","Tiempo de lectura":"2 minutos"},"schema":{"@context":"https:\/\/schema.org","@graph":[{"@type":"Article","@id":"https:\/\/noticiasmercedinas.com\/site\/2023\/08\/05\/principios-y-valores-cesar-salazar-pidio-que-lo-acompanen-este-13-de-agosto\/#article","isPartOf":{"@id":"https:\/\/noticiasmercedinas.com\/site\/2023\/08\/05\/principios-y-valores-cesar-salazar-pidio-que-lo-acompanen-este-13-de-agosto\/"},"author":{"name":"NOTICIASMERCEDINAS.COM","@id":"https:\/\/noticiasmercedinas.com\/site\/#\/schema\/person\/84b59c099c28ff2e8b77d4ceec5d8063"},"headline":"\u201cPrincipios y Valores\u201d: C\u00e9sar Salazar pidi\u00f3 que lo acompa\u00f1en este 13 de agosto","datePublished":"2023-08-05T23:15:27+00:00","mainEntityOfPage":{"@id":"https:\/\/noticiasmercedinas.com\/site\/2023\/08\/05\/principios-y-valores-cesar-salazar-pidio-que-lo-acompanen-este-13-de-agosto\/"},"wordCount":240,"publisher":{"@id":"https:\/\/noticiasmercedinas.com\/site\/#organization"},"image":{"@id":"https:\/\/noticiasmercedinas.com\/site\/2023\/08\/05\/principios-y-valores-cesar-salazar-pidio-que-lo-acompanen-este-13-de-agosto\/#primaryimage"},"thumbnailUrl":"https:\/\/noticiasmercedinas.com\/site\/wp-content\/uploads\/2023\/08\/GLOBOS.jpg","keywords":["Andrea vara","cesar salazar","elecciones 2023","Paulo Aranda","principios y valores"],"articleSection":["Politica"],"inLanguage":"es"},{"@type":"WebPage","@id":"https:\/\/noticiasmercedinas.com\/site\/2023\/08\/05\/principios-y-valores-cesar-salazar-pidio-que-lo-acompanen-este-13-de-agosto\/","url":"https:\/\/noticiasmercedinas.com\/site\/2023\/08\/05\/principios-y-valores-cesar-salazar-pidio-que-lo-acompanen-este-13-de-agosto\/","name":"\u201cPrincipios y Valores\u201d: C\u00e9sar Salazar pidi\u00f3 que lo acompa\u00f1en este 13 de agosto","isPartOf":{"@id":"https:\/\/noticiasmercedinas.com\/site\/#website"},"primaryImageOfPage":{"@id":"https:\/\/noticiasmercedinas.com\/site\/2023\/08\/05\/principios-y-valores-cesar-salazar-pidio-que-lo-acompanen-este-13-de-agosto\/#primaryimage"},"image":{"@id":"https:\/\/noticiasmercedinas.com\/site\/2023\/08\/05\/principios-y-valores-cesar-salazar-pidio-que-lo-acompanen-este-13-de-agosto\/#primaryimage"},"thumbnailUrl":"https:\/\/noticiasmercedinas.com\/site\/wp-content\/uploads\/2023\/08\/GLOBOS.jpg","datePublished":"2023-08-05T23:15:27+00:00","breadcrumb":{"@id":"https:\/\/noticiasmercedinas.com\/site\/2023\/08\/05\/principios-y-valores-cesar-salazar-pidio-que-lo-acompanen-este-13-de-agosto\/#breadcrumb"},"inLanguage":"es","potentialAction":[{"@type":"ReadAction","target":["https:\/\/noticiasmercedinas.com\/site\/2023\/08\/05\/principios-y-valores-cesar-salazar-pidio-que-lo-acompanen-este-13-de-agosto\/"]}]},{"@type":"ImageObject","inLanguage":"es","@id":"https:\/\/noticiasmercedinas.com\/site\/2023\/08\/05\/principios-y-valores-cesar-salazar-pidio-que-lo-acompanen-este-13-de-agosto\/#primaryimage","url":"https:\/\/noticiasmercedinas.com\/site\/wp-content\/uploads\/2023\/08\/GLOBOS.jpg","contentUrl":"https:\/\/noticiasmercedinas.com\/site\/wp-content\/uploads\/2023\/08\/GLOBOS.jpg","width":640,"height":430},{"@type":"BreadcrumbList","@id":"https:\/\/noticiasmercedinas.com\/site\/2023\/08\/05\/principios-y-valores-cesar-salazar-pidio-que-lo-acompanen-este-13-de-agosto\/#breadcrumb","itemListElement":[{"@type":"ListItem","position":1,"name":"Portada","item":"https:\/\/noticiasmercedinas.com\/site\/"},{"@type":"ListItem","position":2,"name":"\u201cPrincipios y Valores\u201d: C\u00e9sar Salazar pidi\u00f3 que lo acompa\u00f1en este 13 de agosto"}]},{"@type":"WebSite","@id":"https:\/\/noticiasmercedinas.com\/site\/#website","url":"https:\/\/noticiasmercedinas.com\/site\/","name":"NOTICIASMERCEDINAS.COM","description":"Mercedes, Buenos Aires, Argentina","publisher":{"@id":"https:\/\/noticiasmercedinas.com\/site\/#organization"},"potentialAction":[{"@type":"SearchAction","target":{"@type":"EntryPoint","urlTemplate":"https:\/\/noticiasmercedinas.com\/site\/?s={search_term_string}"},"query-input":{"@type":"PropertyValueSpecification","valueRequired":true,"valueName":"search_term_string"}}],"inLanguage":"es"},{"@type":"Organization","@id":"https:\/\/noticiasmercedinas.com\/site\/#organization","name":"NOTICIASMERCEDINAS.COM","url":"https:\/\/noticiasmercedinas.com\/site\/","logo":{"@type":"ImageObject","inLanguage":"es","@id":"https:\/\/noticiasmercedinas.com\/site\/#\/schema\/logo\/image\/","url":"https:\/\/noticiasmercedinas.com\/site\/wp-content\/uploads\/2020\/06\/LOGO-512.jpg","contentUrl":"https:\/\/noticiasmercedinas.com\/site\/wp-content\/uploads\/2020\/06\/LOGO-512.jpg","width":512,"height":512,"caption":"NOTICIASMERCEDINAS.COM"},"image":{"@id":"https:\/\/noticiasmercedinas.com\/site\/#\/schema\/logo\/image\/"},"sameAs":["https:\/\/www.facebook.com\/noticiasmercedinas\/","https:\/\/x.com\/notmercedinas","https:\/\/www.instagram.com\/noticiasmercedinas\/"]},{"@type":"Person","@id":"https:\/\/noticiasmercedinas.com\/site\/#\/schema\/person\/84b59c099c28ff2e8b77d4ceec5d8063","name":"NOTICIASMERCEDINAS.COM","image":{"@type":"ImageObject","inLanguage":"es","@id":"https:\/\/secure.gravatar.com\/avatar\/4dfbf16b4d17945bfb6341b2d19043457132fcf478a5ee04f42e959fd8f5df0a?s=96&d=mm&r=g","url":"https:\/\/secure.gravatar.com\/avatar\/4dfbf16b4d17945bfb6341b2d19043457132fcf478a5ee04f42e959fd8f5df0a?s=96&d=mm&r=g","contentUrl":"https:\/\/secure.gravatar.com\/avatar\/4dfbf16b4d17945bfb6341b2d19043457132fcf478a5ee04f42e959fd8f5df0a?s=96&d=mm&r=g","caption":"NOTICIASMERCEDINAS.COM"},"url":"https:\/\/noticiasmercedinas.com\/site\/author\/anonimo\/"}]}},"amp_enabled":true,"_links":{"self":[{"href":"https:\/\/noticiasmercedinas.com\/site\/wp-json\/wp\/v2\/posts\/120372","targetHints":{"allow":["GET"]}}],"collection":[{"href":"https:\/\/noticiasmercedinas.com\/site\/wp-json\/wp\/v2\/posts"}],"about":[{"href":"https:\/\/noticiasmercedinas.com\/site\/wp-json\/wp\/v2\/types\/post"}],"author":[{"embeddable":true,"href":"https:\/\/noticiasmercedinas.com\/site\/wp-json\/wp\/v2\/users\/16"}],"replies":[{"embeddable":true,"href":"https:\/\/noticiasmercedinas.com\/site\/wp-json\/wp\/v2\/comments?post=120372"}],"version-history":[{"count":1,"href":"https:\/\/noticiasmercedinas.com\/site\/wp-json\/wp\/v2\/posts\/120372\/revisions"}],"predecessor-version":[{"id":120374,"href":"https:\/\/noticiasmercedinas.com\/site\/wp-json\/wp\/v2\/posts\/120372\/revisions\/120374"}],"wp:featuredmedia":[{"embeddable":true,"href":"https:\/\/noticiasmercedinas.com\/site\/wp-json\/wp\/v2\/media\/120373"}],"wp:attachment":[{"href":"https:\/\/noticiasmercedinas.com\/site\/wp-json\/wp\/v2\/media?parent=120372"}],"wp:term":[{"taxonomy":"category","embeddable":true,"href":"https:\/\/noticiasmercedinas.com\/site\/wp-json\/wp\/v2\/categories?post=120372"},{"taxonomy":"post_tag","embeddable":true,"href":"https:\/\/noticiasmercedinas.com\/site\/wp-json\/wp\/v2\/tags?post=120372"}],"curies":[{"name":"wp","href":"https:\/\/api.w.org\/{rel}","templated":true}]}}