{"id":12052,"date":"2019-02-10T10:06:08","date_gmt":"2019-02-10T13:06:08","guid":{"rendered":"https:\/\/noticiasmercedinas.com\/site\/?p=12052"},"modified":"2019-02-10T10:06:08","modified_gmt":"2019-02-10T13:06:08","slug":"centro-de-salud-trocha-ya-tiene-electrocardiografo","status":"publish","type":"post","link":"https:\/\/noticiasmercedinas.com\/site\/2019\/02\/10\/centro-de-salud-trocha-ya-tiene-electrocardiografo\/","title":{"rendered":"Centro de Salud \u201cTrocha\u201d ya tiene electrocardi\u00f3grafo"},"content":{"rendered":"<p><strong>El aparato fue entregado el viernes a los trabajadores del CAPS por el intendente. Es un equipo de \u00faltima tecnolog\u00eda que ahora est\u00e1 m\u00e1s accesible a los vecinos. \u00a0<\/strong><\/p>\n<p><a href=\"https:\/\/noticiasmercedinas.com\/site\/wp-content\/uploads\/2019\/02\/electro2.jpg\"><img loading=\"lazy\" decoding=\"async\" class=\"alignnone size-full wp-image-12053\" src=\"https:\/\/noticiasmercedinas.com\/site\/wp-content\/uploads\/2019\/02\/electro2.jpg\" alt=\"\" width=\"640\" height=\"311\" srcset=\"https:\/\/noticiasmercedinas.com\/site\/wp-content\/uploads\/2019\/02\/electro2.jpg 640w, https:\/\/noticiasmercedinas.com\/site\/wp-content\/uploads\/2019\/02\/electro2-300x146.jpg 300w\" sizes=\"auto, (max-width: 640px) 100vw, 640px\" \/><\/a><\/p>\n<p>El Centro de Atenci\u00f3n Primaria de la Salud (CAPS) \u201cTrocha\u201d ya cuenta con un electrocardi\u00f3grafo, que fue entregado el viernes por el intendente Juan Ignacio Ustarroz junto al secretario de Salud, Pablo Cassiani.<\/p>\n<p>\u201cLa gran mayor\u00eda de los mercedinos en alg\u00fan momento de su vida necesita hacerse un electro y contar con un equipo de \u00faltima tecnolog\u00eda, cerca de su domicilio me parece que facilita la llegada y la accesibilidad a la salud\u201d, expres\u00f3 Cassiani.<\/p>\n<p>\u201cEs un aparato muy bueno, muy sencillo de utilizar y no solo nos quedamos tranquilos de que la aparatolog\u00eda es la mejor que le podemos dar a los vecinos sino tambi\u00e9n que est\u00e1n en las mejores manos\u201d, indic\u00f3 tambi\u00e9n.<\/p>\n<p>Por su parte, la enfermera del CAPS, Ruth Newell, &#8211; acompa\u00f1ada de Ver\u00f3nica Torre, administrativa, y Emilia Marf\u00eda, directora APS- destac\u00f3 que \u201cesta es una sala muy concurrida, que funciona de lunes s\u00e1bado con atenci\u00f3n m\u00e9dica y vacunaci\u00f3n todos los d\u00edas\u201d.<\/p>\n<p>Finalmente, Ustarroz felicit\u00f3 a las trabajadoras del CAPS \u201cpor el compromiso y la forma de atender a la gente\u201d. \u201cMe llegan siempre muy buenas observaciones, estamos contentos por toda la obra tambi\u00e9n que se est\u00e1 haciendo en la ampliaci\u00f3n y remodelaci\u00f3n de los CAPS, todo el trabajo intenso que se hace en salud y como se vinculan las cosas\u201d.<\/p>\n<p>Tambi\u00e9n remarc\u00f3 que \u201cesto tambi\u00e9n nos va a permitir brindarle un nuevo servicio a los que integran el Club Trocha, esta zona ha crecido mucho, sobre la base del esfuerzo de todos y el acompa\u00f1amiento del municipio\u201d.<\/p>\n<p><a href=\"https:\/\/noticiasmercedinas.com\/site\/wp-content\/uploads\/2019\/02\/electro.jpg\"><img loading=\"lazy\" decoding=\"async\" class=\"alignnone size-full wp-image-12054\" src=\"https:\/\/noticiasmercedinas.com\/site\/wp-content\/uploads\/2019\/02\/electro.jpg\" alt=\"\" width=\"640\" height=\"427\" srcset=\"https:\/\/noticiasmercedinas.com\/site\/wp-content\/uploads\/2019\/02\/electro.jpg 640w, https:\/\/noticiasmercedinas.com\/site\/wp-content\/uploads\/2019\/02\/electro-300x200.jpg 300w\" sizes=\"auto, (max-width: 640px) 100vw, 640px\" \/><\/a><\/p>\n","protected":false},"excerpt":{"rendered":"<p>El aparato fue entregado el viernes a los trabajadores del CAPS por el intendente. Es un equipo de \u00faltima tecnolog\u00eda que ahora est\u00e1 m\u00e1s accesible a los vecinos. \u00a0 El Centro de Atenci\u00f3n Primaria de la Salud (CAPS) \u201cTrocha\u201d ya cuenta con un electrocardi\u00f3grafo, que fue entregado el viernes por el intendente Juan Ignacio Ustarroz [&hellip;]<\/p>\n","protected":false},"author":3,"featured_media":12053,"comment_status":"open","ping_status":"open","sticky":false,"template":"","format":"standard","meta":{"footnotes":""},"categories":[3],"tags":[3521,3522,266,144,71],"class_list":["post-12052","post","type-post","status-publish","format-standard","has-post-thumbnail","hentry","category-sociedad","tag-centro-de-salud-trocha","tag-electrocardiografo","tag-juan-ignacio-ustarroz","tag-pablo-cassiani","tag-salud"],"yoast_head":"<!-- This site is optimized with the Yoast SEO plugin v27.4 - https:\/\/yoast.com\/product\/yoast-seo-wordpress\/ -->\n<title>Centro de Salud \u201cTrocha\u201d ya tiene electrocardi\u00f3grafo<\/title>\n<meta name=\"robots\" content=\"index, follow, max-snippet:-1, max-image-preview:large, max-video-preview:-1\" \/>\n<link rel=\"canonical\" href=\"https:\/\/noticiasmercedinas.com\/site\/2019\/02\/10\/centro-de-salud-trocha-ya-tiene-electrocardiografo\/\" \/>\n<meta property=\"og:locale\" content=\"es_ES\" \/>\n<meta property=\"og:type\" content=\"article\" \/>\n<meta property=\"og:title\" content=\"Centro de Salud \u201cTrocha\u201d ya tiene electrocardi\u00f3grafo\" \/>\n<meta property=\"og:description\" content=\"El aparato fue entregado el viernes a los trabajadores del CAPS por el intendente. Es un equipo de \u00faltima tecnolog\u00eda que ahora est\u00e1 m\u00e1s accesible a los vecinos. \u00a0 El Centro de Atenci\u00f3n Primaria de la Salud (CAPS) \u201cTrocha\u201d ya cuenta con un electrocardi\u00f3grafo, que fue entregado el viernes por el intendente Juan Ignacio Ustarroz [&hellip;]\" \/>\n<meta property=\"og:url\" content=\"https:\/\/noticiasmercedinas.com\/site\/2019\/02\/10\/centro-de-salud-trocha-ya-tiene-electrocardiografo\/\" \/>\n<meta property=\"og:site_name\" content=\"NOTICIASMERCEDINAS.COM\" \/>\n<meta property=\"article:publisher\" content=\"https:\/\/www.facebook.com\/noticiasmercedinas\/\" \/>\n<meta property=\"article:published_time\" content=\"2019-02-10T13:06:08+00:00\" \/>\n<meta property=\"og:image\" content=\"https:\/\/noticiasmercedinas.com\/site\/wp-content\/uploads\/2019\/02\/electro2.jpg\" \/>\n\t<meta property=\"og:image:width\" content=\"640\" \/>\n\t<meta property=\"og:image:height\" content=\"311\" \/>\n\t<meta property=\"og:image:type\" content=\"image\/jpeg\" \/>\n<meta name=\"author\" content=\"Adrian Terrizzano NOTICIASMERCEDINAS.COM\" \/>\n<meta name=\"twitter:card\" content=\"summary_large_image\" \/>\n<meta name=\"twitter:creator\" content=\"@https:\/\/twitter.com\/AdrianTerri\" \/>\n<meta name=\"twitter:site\" content=\"@notmercedinas\" \/>\n<meta name=\"twitter:label1\" content=\"Escrito por\" \/>\n\t<meta name=\"twitter:data1\" content=\"Adrian Terrizzano NOTICIASMERCEDINAS.COM\" \/>\n\t<meta name=\"twitter:label2\" content=\"Tiempo de lectura\" \/>\n\t<meta name=\"twitter:data2\" content=\"2 minutos\" \/>\n<script type=\"application\/ld+json\" class=\"yoast-schema-graph\">{\"@context\":\"https:\\\/\\\/schema.org\",\"@graph\":[{\"@type\":\"Article\",\"@id\":\"https:\\\/\\\/noticiasmercedinas.com\\\/site\\\/2019\\\/02\\\/10\\\/centro-de-salud-trocha-ya-tiene-electrocardiografo\\\/#article\",\"isPartOf\":{\"@id\":\"https:\\\/\\\/noticiasmercedinas.com\\\/site\\\/2019\\\/02\\\/10\\\/centro-de-salud-trocha-ya-tiene-electrocardiografo\\\/\"},\"author\":{\"name\":\"Adrian Terrizzano NOTICIASMERCEDINAS.COM\",\"@id\":\"https:\\\/\\\/noticiasmercedinas.com\\\/site\\\/#\\\/schema\\\/person\\\/45cbccca776c0c5524a6d2a8f1b04acd\"},\"headline\":\"Centro de Salud \u201cTrocha\u201d ya tiene electrocardi\u00f3grafo\",\"datePublished\":\"2019-02-10T13:06:08+00:00\",\"mainEntityOfPage\":{\"@id\":\"https:\\\/\\\/noticiasmercedinas.com\\\/site\\\/2019\\\/02\\\/10\\\/centro-de-salud-trocha-ya-tiene-electrocardiografo\\\/\"},\"wordCount\":312,\"commentCount\":0,\"publisher\":{\"@id\":\"https:\\\/\\\/noticiasmercedinas.com\\\/site\\\/#organization\"},\"image\":{\"@id\":\"https:\\\/\\\/noticiasmercedinas.com\\\/site\\\/2019\\\/02\\\/10\\\/centro-de-salud-trocha-ya-tiene-electrocardiografo\\\/#primaryimage\"},\"thumbnailUrl\":\"https:\\\/\\\/noticiasmercedinas.com\\\/site\\\/wp-content\\\/uploads\\\/2019\\\/02\\\/electro2.jpg\",\"keywords\":[\"Centro de Salud Trocha\",\"Electrocardi\u00f3grafo\",\"juan ignacio ustarroz\",\"pablo cassiani\",\"salud\"],\"articleSection\":[\"Sociedad\"],\"inLanguage\":\"es\",\"potentialAction\":[{\"@type\":\"CommentAction\",\"name\":\"Comment\",\"target\":[\"https:\\\/\\\/noticiasmercedinas.com\\\/site\\\/2019\\\/02\\\/10\\\/centro-de-salud-trocha-ya-tiene-electrocardiografo\\\/#respond\"]}]},{\"@type\":\"WebPage\",\"@id\":\"https:\\\/\\\/noticiasmercedinas.com\\\/site\\\/2019\\\/02\\\/10\\\/centro-de-salud-trocha-ya-tiene-electrocardiografo\\\/\",\"url\":\"https:\\\/\\\/noticiasmercedinas.com\\\/site\\\/2019\\\/02\\\/10\\\/centro-de-salud-trocha-ya-tiene-electrocardiografo\\\/\",\"name\":\"Centro de Salud \u201cTrocha\u201d ya tiene electrocardi\u00f3grafo\",\"isPartOf\":{\"@id\":\"https:\\\/\\\/noticiasmercedinas.com\\\/site\\\/#website\"},\"primaryImageOfPage\":{\"@id\":\"https:\\\/\\\/noticiasmercedinas.com\\\/site\\\/2019\\\/02\\\/10\\\/centro-de-salud-trocha-ya-tiene-electrocardiografo\\\/#primaryimage\"},\"image\":{\"@id\":\"https:\\\/\\\/noticiasmercedinas.com\\\/site\\\/2019\\\/02\\\/10\\\/centro-de-salud-trocha-ya-tiene-electrocardiografo\\\/#primaryimage\"},\"thumbnailUrl\":\"https:\\\/\\\/noticiasmercedinas.com\\\/site\\\/wp-content\\\/uploads\\\/2019\\\/02\\\/electro2.jpg\",\"datePublished\":\"2019-02-10T13:06:08+00:00\",\"breadcrumb\":{\"@id\":\"https:\\\/\\\/noticiasmercedinas.com\\\/site\\\/2019\\\/02\\\/10\\\/centro-de-salud-trocha-ya-tiene-electrocardiografo\\\/#breadcrumb\"},\"inLanguage\":\"es\",\"potentialAction\":[{\"@type\":\"ReadAction\",\"target\":[\"https:\\\/\\\/noticiasmercedinas.com\\\/site\\\/2019\\\/02\\\/10\\\/centro-de-salud-trocha-ya-tiene-electrocardiografo\\\/\"]}]},{\"@type\":\"ImageObject\",\"inLanguage\":\"es\",\"@id\":\"https:\\\/\\\/noticiasmercedinas.com\\\/site\\\/2019\\\/02\\\/10\\\/centro-de-salud-trocha-ya-tiene-electrocardiografo\\\/#primaryimage\",\"url\":\"https:\\\/\\\/noticiasmercedinas.com\\\/site\\\/wp-content\\\/uploads\\\/2019\\\/02\\\/electro2.jpg\",\"contentUrl\":\"https:\\\/\\\/noticiasmercedinas.com\\\/site\\\/wp-content\\\/uploads\\\/2019\\\/02\\\/electro2.jpg\",\"width\":640,\"height\":311},{\"@type\":\"BreadcrumbList\",\"@id\":\"https:\\\/\\\/noticiasmercedinas.com\\\/site\\\/2019\\\/02\\\/10\\\/centro-de-salud-trocha-ya-tiene-electrocardiografo\\\/#breadcrumb\",\"itemListElement\":[{\"@type\":\"ListItem\",\"position\":1,\"name\":\"Portada\",\"item\":\"https:\\\/\\\/noticiasmercedinas.com\\\/site\\\/\"},{\"@type\":\"ListItem\",\"position\":2,\"name\":\"Centro de Salud \u201cTrocha\u201d ya tiene electrocardi\u00f3grafo\"}]},{\"@type\":\"WebSite\",\"@id\":\"https:\\\/\\\/noticiasmercedinas.com\\\/site\\\/#website\",\"url\":\"https:\\\/\\\/noticiasmercedinas.com\\\/site\\\/\",\"name\":\"NOTICIASMERCEDINAS.COM\",\"description\":\"Mercedes, Buenos Aires, Argentina\",\"publisher\":{\"@id\":\"https:\\\/\\\/noticiasmercedinas.com\\\/site\\\/#organization\"},\"potentialAction\":[{\"@type\":\"SearchAction\",\"target\":{\"@type\":\"EntryPoint\",\"urlTemplate\":\"https:\\\/\\\/noticiasmercedinas.com\\\/site\\\/?s={search_term_string}\"},\"query-input\":{\"@type\":\"PropertyValueSpecification\",\"valueRequired\":true,\"valueName\":\"search_term_string\"}}],\"inLanguage\":\"es\"},{\"@type\":\"Organization\",\"@id\":\"https:\\\/\\\/noticiasmercedinas.com\\\/site\\\/#organization\",\"name\":\"NOTICIASMERCEDINAS.COM\",\"url\":\"https:\\\/\\\/noticiasmercedinas.com\\\/site\\\/\",\"logo\":{\"@type\":\"ImageObject\",\"inLanguage\":\"es\",\"@id\":\"https:\\\/\\\/noticiasmercedinas.com\\\/site\\\/#\\\/schema\\\/logo\\\/image\\\/\",\"url\":\"https:\\\/\\\/noticiasmercedinas.com\\\/site\\\/wp-content\\\/uploads\\\/2020\\\/06\\\/LOGO-512.jpg\",\"contentUrl\":\"https:\\\/\\\/noticiasmercedinas.com\\\/site\\\/wp-content\\\/uploads\\\/2020\\\/06\\\/LOGO-512.jpg\",\"width\":512,\"height\":512,\"caption\":\"NOTICIASMERCEDINAS.COM\"},\"image\":{\"@id\":\"https:\\\/\\\/noticiasmercedinas.com\\\/site\\\/#\\\/schema\\\/logo\\\/image\\\/\"},\"sameAs\":[\"https:\\\/\\\/www.facebook.com\\\/noticiasmercedinas\\\/\",\"https:\\\/\\\/x.com\\\/notmercedinas\",\"https:\\\/\\\/www.instagram.com\\\/noticiasmercedinas\\\/\"]},{\"@type\":\"Person\",\"@id\":\"https:\\\/\\\/noticiasmercedinas.com\\\/site\\\/#\\\/schema\\\/person\\\/45cbccca776c0c5524a6d2a8f1b04acd\",\"name\":\"Adrian Terrizzano NOTICIASMERCEDINAS.COM\",\"image\":{\"@type\":\"ImageObject\",\"inLanguage\":\"es\",\"@id\":\"https:\\\/\\\/secure.gravatar.com\\\/avatar\\\/9bfd6dcfcf5cc28d74f7cefd9e87a6220d73f42949c5456b2b67674334db8bee?s=96&d=mm&r=g\",\"url\":\"https:\\\/\\\/secure.gravatar.com\\\/avatar\\\/9bfd6dcfcf5cc28d74f7cefd9e87a6220d73f42949c5456b2b67674334db8bee?s=96&d=mm&r=g\",\"contentUrl\":\"https:\\\/\\\/secure.gravatar.com\\\/avatar\\\/9bfd6dcfcf5cc28d74f7cefd9e87a6220d73f42949c5456b2b67674334db8bee?s=96&d=mm&r=g\",\"caption\":\"Adrian Terrizzano NOTICIASMERCEDINAS.COM\"},\"description\":\"Periodista experimentado. Aprendi\u00f3 el oficio en medios gr\u00e1ficos y digitales, comerciales, institucionales y comunitarios, radio y televisi\u00f3n. Actualmente en Noticias Mercedinas, Radio L\u00edder de Luj\u00e1n y Centro de Producci\u00f3n Audiovisual UNLu.\",\"sameAs\":[\"https:\\\/\\\/www.linkedin.com\\\/in\\\/adri\u00e1n-terrizzano-53795630\\\/\",\"https:\\\/\\\/x.com\\\/https:\\\/\\\/twitter.com\\\/AdrianTerri\"],\"url\":\"https:\\\/\\\/noticiasmercedinas.com\\\/site\\\/author\\\/adrian-terrizzano\\\/\"}]}<\/script>\n<!-- \/ Yoast SEO plugin. -->","yoast_head_json":{"title":"Centro de Salud \u201cTrocha\u201d ya tiene electrocardi\u00f3grafo","robots":{"index":"index","follow":"follow","max-snippet":"max-snippet:-1","max-image-preview":"max-image-preview:large","max-video-preview":"max-video-preview:-1"},"canonical":"https:\/\/noticiasmercedinas.com\/site\/2019\/02\/10\/centro-de-salud-trocha-ya-tiene-electrocardiografo\/","og_locale":"es_ES","og_type":"article","og_title":"Centro de Salud \u201cTrocha\u201d ya tiene electrocardi\u00f3grafo","og_description":"El aparato fue entregado el viernes a los trabajadores del CAPS por el intendente. Es un equipo de \u00faltima tecnolog\u00eda que ahora est\u00e1 m\u00e1s accesible a los vecinos. \u00a0 El Centro de Atenci\u00f3n Primaria de la Salud (CAPS) \u201cTrocha\u201d ya cuenta con un electrocardi\u00f3grafo, que fue entregado el viernes por el intendente Juan Ignacio Ustarroz [&hellip;]","og_url":"https:\/\/noticiasmercedinas.com\/site\/2019\/02\/10\/centro-de-salud-trocha-ya-tiene-electrocardiografo\/","og_site_name":"NOTICIASMERCEDINAS.COM","article_publisher":"https:\/\/www.facebook.com\/noticiasmercedinas\/","article_published_time":"2019-02-10T13:06:08+00:00","og_image":[{"width":640,"height":311,"url":"https:\/\/noticiasmercedinas.com\/site\/wp-content\/uploads\/2019\/02\/electro2.jpg","type":"image\/jpeg"}],"author":"Adrian Terrizzano NOTICIASMERCEDINAS.COM","twitter_card":"summary_large_image","twitter_creator":"@https:\/\/twitter.com\/AdrianTerri","twitter_site":"@notmercedinas","twitter_misc":{"Escrito por":"Adrian Terrizzano NOTICIASMERCEDINAS.COM","Tiempo de lectura":"2 minutos"},"schema":{"@context":"https:\/\/schema.org","@graph":[{"@type":"Article","@id":"https:\/\/noticiasmercedinas.com\/site\/2019\/02\/10\/centro-de-salud-trocha-ya-tiene-electrocardiografo\/#article","isPartOf":{"@id":"https:\/\/noticiasmercedinas.com\/site\/2019\/02\/10\/centro-de-salud-trocha-ya-tiene-electrocardiografo\/"},"author":{"name":"Adrian Terrizzano NOTICIASMERCEDINAS.COM","@id":"https:\/\/noticiasmercedinas.com\/site\/#\/schema\/person\/45cbccca776c0c5524a6d2a8f1b04acd"},"headline":"Centro de Salud \u201cTrocha\u201d ya tiene electrocardi\u00f3grafo","datePublished":"2019-02-10T13:06:08+00:00","mainEntityOfPage":{"@id":"https:\/\/noticiasmercedinas.com\/site\/2019\/02\/10\/centro-de-salud-trocha-ya-tiene-electrocardiografo\/"},"wordCount":312,"commentCount":0,"publisher":{"@id":"https:\/\/noticiasmercedinas.com\/site\/#organization"},"image":{"@id":"https:\/\/noticiasmercedinas.com\/site\/2019\/02\/10\/centro-de-salud-trocha-ya-tiene-electrocardiografo\/#primaryimage"},"thumbnailUrl":"https:\/\/noticiasmercedinas.com\/site\/wp-content\/uploads\/2019\/02\/electro2.jpg","keywords":["Centro de Salud Trocha","Electrocardi\u00f3grafo","juan ignacio ustarroz","pablo cassiani","salud"],"articleSection":["Sociedad"],"inLanguage":"es","potentialAction":[{"@type":"CommentAction","name":"Comment","target":["https:\/\/noticiasmercedinas.com\/site\/2019\/02\/10\/centro-de-salud-trocha-ya-tiene-electrocardiografo\/#respond"]}]},{"@type":"WebPage","@id":"https:\/\/noticiasmercedinas.com\/site\/2019\/02\/10\/centro-de-salud-trocha-ya-tiene-electrocardiografo\/","url":"https:\/\/noticiasmercedinas.com\/site\/2019\/02\/10\/centro-de-salud-trocha-ya-tiene-electrocardiografo\/","name":"Centro de Salud \u201cTrocha\u201d ya tiene electrocardi\u00f3grafo","isPartOf":{"@id":"https:\/\/noticiasmercedinas.com\/site\/#website"},"primaryImageOfPage":{"@id":"https:\/\/noticiasmercedinas.com\/site\/2019\/02\/10\/centro-de-salud-trocha-ya-tiene-electrocardiografo\/#primaryimage"},"image":{"@id":"https:\/\/noticiasmercedinas.com\/site\/2019\/02\/10\/centro-de-salud-trocha-ya-tiene-electrocardiografo\/#primaryimage"},"thumbnailUrl":"https:\/\/noticiasmercedinas.com\/site\/wp-content\/uploads\/2019\/02\/electro2.jpg","datePublished":"2019-02-10T13:06:08+00:00","breadcrumb":{"@id":"https:\/\/noticiasmercedinas.com\/site\/2019\/02\/10\/centro-de-salud-trocha-ya-tiene-electrocardiografo\/#breadcrumb"},"inLanguage":"es","potentialAction":[{"@type":"ReadAction","target":["https:\/\/noticiasmercedinas.com\/site\/2019\/02\/10\/centro-de-salud-trocha-ya-tiene-electrocardiografo\/"]}]},{"@type":"ImageObject","inLanguage":"es","@id":"https:\/\/noticiasmercedinas.com\/site\/2019\/02\/10\/centro-de-salud-trocha-ya-tiene-electrocardiografo\/#primaryimage","url":"https:\/\/noticiasmercedinas.com\/site\/wp-content\/uploads\/2019\/02\/electro2.jpg","contentUrl":"https:\/\/noticiasmercedinas.com\/site\/wp-content\/uploads\/2019\/02\/electro2.jpg","width":640,"height":311},{"@type":"BreadcrumbList","@id":"https:\/\/noticiasmercedinas.com\/site\/2019\/02\/10\/centro-de-salud-trocha-ya-tiene-electrocardiografo\/#breadcrumb","itemListElement":[{"@type":"ListItem","position":1,"name":"Portada","item":"https:\/\/noticiasmercedinas.com\/site\/"},{"@type":"ListItem","position":2,"name":"Centro de Salud \u201cTrocha\u201d ya tiene electrocardi\u00f3grafo"}]},{"@type":"WebSite","@id":"https:\/\/noticiasmercedinas.com\/site\/#website","url":"https:\/\/noticiasmercedinas.com\/site\/","name":"NOTICIASMERCEDINAS.COM","description":"Mercedes, Buenos Aires, Argentina","publisher":{"@id":"https:\/\/noticiasmercedinas.com\/site\/#organization"},"potentialAction":[{"@type":"SearchAction","target":{"@type":"EntryPoint","urlTemplate":"https:\/\/noticiasmercedinas.com\/site\/?s={search_term_string}"},"query-input":{"@type":"PropertyValueSpecification","valueRequired":true,"valueName":"search_term_string"}}],"inLanguage":"es"},{"@type":"Organization","@id":"https:\/\/noticiasmercedinas.com\/site\/#organization","name":"NOTICIASMERCEDINAS.COM","url":"https:\/\/noticiasmercedinas.com\/site\/","logo":{"@type":"ImageObject","inLanguage":"es","@id":"https:\/\/noticiasmercedinas.com\/site\/#\/schema\/logo\/image\/","url":"https:\/\/noticiasmercedinas.com\/site\/wp-content\/uploads\/2020\/06\/LOGO-512.jpg","contentUrl":"https:\/\/noticiasmercedinas.com\/site\/wp-content\/uploads\/2020\/06\/LOGO-512.jpg","width":512,"height":512,"caption":"NOTICIASMERCEDINAS.COM"},"image":{"@id":"https:\/\/noticiasmercedinas.com\/site\/#\/schema\/logo\/image\/"},"sameAs":["https:\/\/www.facebook.com\/noticiasmercedinas\/","https:\/\/x.com\/notmercedinas","https:\/\/www.instagram.com\/noticiasmercedinas\/"]},{"@type":"Person","@id":"https:\/\/noticiasmercedinas.com\/site\/#\/schema\/person\/45cbccca776c0c5524a6d2a8f1b04acd","name":"Adrian Terrizzano NOTICIASMERCEDINAS.COM","image":{"@type":"ImageObject","inLanguage":"es","@id":"https:\/\/secure.gravatar.com\/avatar\/9bfd6dcfcf5cc28d74f7cefd9e87a6220d73f42949c5456b2b67674334db8bee?s=96&d=mm&r=g","url":"https:\/\/secure.gravatar.com\/avatar\/9bfd6dcfcf5cc28d74f7cefd9e87a6220d73f42949c5456b2b67674334db8bee?s=96&d=mm&r=g","contentUrl":"https:\/\/secure.gravatar.com\/avatar\/9bfd6dcfcf5cc28d74f7cefd9e87a6220d73f42949c5456b2b67674334db8bee?s=96&d=mm&r=g","caption":"Adrian Terrizzano NOTICIASMERCEDINAS.COM"},"description":"Periodista experimentado. Aprendi\u00f3 el oficio en medios gr\u00e1ficos y digitales, comerciales, institucionales y comunitarios, radio y televisi\u00f3n. Actualmente en Noticias Mercedinas, Radio L\u00edder de Luj\u00e1n y Centro de Producci\u00f3n Audiovisual UNLu.","sameAs":["https:\/\/www.linkedin.com\/in\/adri\u00e1n-terrizzano-53795630\/","https:\/\/x.com\/https:\/\/twitter.com\/AdrianTerri"],"url":"https:\/\/noticiasmercedinas.com\/site\/author\/adrian-terrizzano\/"}]}},"amp_enabled":true,"_links":{"self":[{"href":"https:\/\/noticiasmercedinas.com\/site\/wp-json\/wp\/v2\/posts\/12052","targetHints":{"allow":["GET"]}}],"collection":[{"href":"https:\/\/noticiasmercedinas.com\/site\/wp-json\/wp\/v2\/posts"}],"about":[{"href":"https:\/\/noticiasmercedinas.com\/site\/wp-json\/wp\/v2\/types\/post"}],"author":[{"embeddable":true,"href":"https:\/\/noticiasmercedinas.com\/site\/wp-json\/wp\/v2\/users\/3"}],"replies":[{"embeddable":true,"href":"https:\/\/noticiasmercedinas.com\/site\/wp-json\/wp\/v2\/comments?post=12052"}],"version-history":[{"count":1,"href":"https:\/\/noticiasmercedinas.com\/site\/wp-json\/wp\/v2\/posts\/12052\/revisions"}],"predecessor-version":[{"id":12055,"href":"https:\/\/noticiasmercedinas.com\/site\/wp-json\/wp\/v2\/posts\/12052\/revisions\/12055"}],"wp:featuredmedia":[{"embeddable":true,"href":"https:\/\/noticiasmercedinas.com\/site\/wp-json\/wp\/v2\/media\/12053"}],"wp:attachment":[{"href":"https:\/\/noticiasmercedinas.com\/site\/wp-json\/wp\/v2\/media?parent=12052"}],"wp:term":[{"taxonomy":"category","embeddable":true,"href":"https:\/\/noticiasmercedinas.com\/site\/wp-json\/wp\/v2\/categories?post=12052"},{"taxonomy":"post_tag","embeddable":true,"href":"https:\/\/noticiasmercedinas.com\/site\/wp-json\/wp\/v2\/tags?post=12052"}],"curies":[{"name":"wp","href":"https:\/\/api.w.org\/{rel}","templated":true}]}}