{"id":120569,"date":"2023-08-09T08:00:56","date_gmt":"2023-08-09T11:00:56","guid":{"rendered":"https:\/\/noticiasmercedinas.com\/site\/?p=120569"},"modified":"2023-08-09T08:00:56","modified_gmt":"2023-08-09T11:00:56","slug":"falla-en-sistema-del-pami-genera-problemas-en-los-tramites-y-en-la-atencion-medica","status":"publish","type":"post","link":"https:\/\/noticiasmercedinas.com\/site\/2023\/08\/09\/falla-en-sistema-del-pami-genera-problemas-en-los-tramites-y-en-la-atencion-medica\/","title":{"rendered":"Falla en sistema del PAMI genera problemas en los tr\u00e1mites y en la atenci\u00f3n m\u00e9dica"},"content":{"rendered":"<p><img loading=\"lazy\" decoding=\"async\" class=\"alignnone size-full wp-image-120571\" src=\"https:\/\/noticiasmercedinas.com\/site\/wp-content\/uploads\/2023\/08\/SISTEMA.jpg\" alt=\"\" width=\"640\" height=\"419\" srcset=\"https:\/\/noticiasmercedinas.com\/site\/wp-content\/uploads\/2023\/08\/SISTEMA.jpg 640w, https:\/\/noticiasmercedinas.com\/site\/wp-content\/uploads\/2023\/08\/SISTEMA-300x196.jpg 300w\" sizes=\"auto, (max-width: 640px) 100vw, 640px\" \/><\/p>\n<p>Desde hace varios d\u00edas, el correcto funcionamiento del sistema en el PAMI (Programa de Atenci\u00f3n M\u00e9dica Integral) ha sido comprometido, generando una serie de complicaciones en los tr\u00e1mites y la atenci\u00f3n m\u00e9dica que se brinda a los afiliados. Seg\u00fan fuentes internas, esta falla podr\u00eda estar vinculada a un supuesto ataque de hackeo que ha impactado en la operatividad de la entidad. En este sentido, la Agencia PAMI Mercedes no es excepci\u00f3n y desde la semana anterior la atenci\u00f3n se ve seriamente afectada.<\/p>\n<p>Para afrontar esta situaci\u00f3n cr\u00edtica, el PAMI &#8211; INSSJP (Instituto Nacional de Servicios Sociales para Jubilados y Pensionados) ha tomado medidas extraordinarias con el objetivo de garantizar la atenci\u00f3n a sus afiliados. Una de las decisiones m\u00e1s importantes tomadas por la instituci\u00f3n es la validaci\u00f3n de todas las recetas m\u00e9dicas en formato papel, lo que permitir\u00e1 a los pacientes acceder a sus medicamentos en las farmacias de la red PAMI a lo largo y ancho del pa\u00eds.<\/p>\n<p>Una de las principales preocupaciones ha sido la interrupci\u00f3n de tratamientos m\u00e9dicos esenciales. Con el fin de asegurar la continuidad de la atenci\u00f3n m\u00e9dica, el PAMI ha implementado la renovaci\u00f3n autom\u00e1tica de tratamientos que hayan vencido a partir del 2 de agosto. Esta medida excepcional cubre una amplia gama de tratamientos, desde medicamentos oncol\u00f3gicos hasta suplementos nutricionales, pasando por tratamientos especiales, ambulatorios y relacionados con la diabetes.<\/p>\n<p>Para acceder a los medicamentos bajo estas condiciones excepcionales, los afiliados deben seguir dos pasos clave:<\/p>\n<p>1. Solicitar a su m\u00e9dico de cabecera una receta en papel debidamente firmada y sellada.<br \/>\n2. La persona afiliada o alguien de confianza puede retirar los medicamentos presentando la receta, la credencial en cualquiera de sus formatos y el DNI del afiliado.<\/p>\n<p>En medio de esta crisis operativa, el PAMI, que cuenta con alrededor de 14.000 empleados, en su mayor\u00eda distribuidos en 138 agencias con presencia nacional, busca soluciones r\u00e1pidas para resolver los problemas del sistema y restaurar la normalidad en la atenci\u00f3n y los tr\u00e1mites. Tanto las autoridades del organismo como los empleados esperan que esta situaci\u00f3n sea resuelta a la brevedad para evitar mayores inconvenientes en la atenci\u00f3n a los afiliados.<\/p>\n<p>A medida que avanza la investigaci\u00f3n sobre la supuesta intrusi\u00f3n en el sistema, el PAMI se esfuerza por brindar soluciones tangibles para minimizar el impacto en la salud y el bienestar de los beneficiarios. La esperanza es que estas medidas excepcionales permitan al PAMI recuperar su funcionamiento habitual y restablecer la calidad de sus servicios en beneficio de la comunidad afiliada.<\/p>\n<p><img loading=\"lazy\" decoding=\"async\" class=\"alignnone size-large wp-image-120570\" src=\"https:\/\/noticiasmercedinas.com\/site\/wp-content\/uploads\/2023\/08\/PAMIA-1024x1024.jpg\" alt=\"\" width=\"640\" height=\"640\" srcset=\"https:\/\/noticiasmercedinas.com\/site\/wp-content\/uploads\/2023\/08\/PAMIA-1024x1024.jpg 1024w, https:\/\/noticiasmercedinas.com\/site\/wp-content\/uploads\/2023\/08\/PAMIA-300x300.jpg 300w, https:\/\/noticiasmercedinas.com\/site\/wp-content\/uploads\/2023\/08\/PAMIA-150x150.jpg 150w, https:\/\/noticiasmercedinas.com\/site\/wp-content\/uploads\/2023\/08\/PAMIA-768x768.jpg 768w, https:\/\/noticiasmercedinas.com\/site\/wp-content\/uploads\/2023\/08\/PAMIA-1536x1536.jpg 1536w, https:\/\/noticiasmercedinas.com\/site\/wp-content\/uploads\/2023\/08\/PAMIA-640x640.jpg 640w, https:\/\/noticiasmercedinas.com\/site\/wp-content\/uploads\/2023\/08\/PAMIA-1280x1280.jpg 1280w, https:\/\/noticiasmercedinas.com\/site\/wp-content\/uploads\/2023\/08\/PAMIA-681x681.jpg 681w, https:\/\/noticiasmercedinas.com\/site\/wp-content\/uploads\/2023\/08\/PAMIA-1362x1362.jpg 1362w, https:\/\/noticiasmercedinas.com\/site\/wp-content\/uploads\/2023\/08\/PAMIA.jpg 2048w\" sizes=\"auto, (max-width: 640px) 100vw, 640px\" \/><\/p>\n","protected":false},"excerpt":{"rendered":"<p>\u25a0\u00a0Medidas extraordinarias se implementan tras presunto hackeo. Desde el PAMI se esfuerzan por brindar soluciones tangibles para minimizar el impacto<\/p>\n","protected":false},"author":16,"featured_media":120571,"comment_status":"closed","ping_status":"closed","sticky":false,"template":"","format":"standard","meta":{"footnotes":""},"categories":[3],"tags":[7762,4067,17210,839,71],"class_list":["post-120569","post","type-post","status-publish","format-standard","has-post-thumbnail","hentry","category-sociedad","tag-atencion","tag-fallo","tag-hackeo","tag-pami","tag-salud"],"yoast_head":"<!-- This site is optimized with the Yoast SEO plugin v27.5 - https:\/\/yoast.com\/product\/yoast-seo-wordpress\/ -->\n<title>Falla en sistema del PAMI genera problemas en los tr\u00e1mites y en la atenci\u00f3n m\u00e9dica<\/title>\n<meta name=\"robots\" content=\"index, follow, max-snippet:-1, max-image-preview:large, max-video-preview:-1\" \/>\n<link rel=\"canonical\" href=\"https:\/\/noticiasmercedinas.com\/site\/2023\/08\/09\/falla-en-sistema-del-pami-genera-problemas-en-los-tramites-y-en-la-atencion-medica\/\" \/>\n<meta property=\"og:locale\" content=\"es_ES\" \/>\n<meta property=\"og:type\" content=\"article\" \/>\n<meta property=\"og:title\" content=\"Falla en sistema del PAMI genera problemas en los tr\u00e1mites y en la atenci\u00f3n m\u00e9dica\" \/>\n<meta property=\"og:description\" content=\"\u25a0\u00a0Medidas extraordinarias se implementan tras presunto hackeo. Desde el PAMI se esfuerzan por brindar soluciones tangibles para minimizar el impacto\" \/>\n<meta property=\"og:url\" content=\"https:\/\/noticiasmercedinas.com\/site\/2023\/08\/09\/falla-en-sistema-del-pami-genera-problemas-en-los-tramites-y-en-la-atencion-medica\/\" \/>\n<meta property=\"og:site_name\" content=\"NOTICIASMERCEDINAS.COM\" \/>\n<meta property=\"article:publisher\" content=\"https:\/\/www.facebook.com\/noticiasmercedinas\/\" \/>\n<meta property=\"article:published_time\" content=\"2023-08-09T11:00:56+00:00\" \/>\n<meta property=\"og:image\" content=\"https:\/\/noticiasmercedinas.com\/site\/wp-content\/uploads\/2023\/08\/SISTEMA.jpg\" \/>\n\t<meta property=\"og:image:width\" content=\"640\" \/>\n\t<meta property=\"og:image:height\" content=\"419\" \/>\n\t<meta property=\"og:image:type\" content=\"image\/jpeg\" \/>\n<meta name=\"author\" content=\"NOTICIASMERCEDINAS.COM\" \/>\n<meta name=\"twitter:card\" content=\"summary_large_image\" \/>\n<meta name=\"twitter:creator\" content=\"@notmercedinas\" \/>\n<meta name=\"twitter:site\" content=\"@notmercedinas\" \/>\n<meta name=\"twitter:label1\" content=\"Escrito por\" \/>\n\t<meta name=\"twitter:data1\" content=\"NOTICIASMERCEDINAS.COM\" \/>\n\t<meta name=\"twitter:label2\" content=\"Tiempo de lectura\" \/>\n\t<meta name=\"twitter:data2\" content=\"3 minutos\" \/>\n<script type=\"application\/ld+json\" class=\"yoast-schema-graph\">{\"@context\":\"https:\\\/\\\/schema.org\",\"@graph\":[{\"@type\":\"Article\",\"@id\":\"https:\\\/\\\/noticiasmercedinas.com\\\/site\\\/2023\\\/08\\\/09\\\/falla-en-sistema-del-pami-genera-problemas-en-los-tramites-y-en-la-atencion-medica\\\/#article\",\"isPartOf\":{\"@id\":\"https:\\\/\\\/noticiasmercedinas.com\\\/site\\\/2023\\\/08\\\/09\\\/falla-en-sistema-del-pami-genera-problemas-en-los-tramites-y-en-la-atencion-medica\\\/\"},\"author\":{\"name\":\"NOTICIASMERCEDINAS.COM\",\"@id\":\"https:\\\/\\\/noticiasmercedinas.com\\\/site\\\/#\\\/schema\\\/person\\\/84b59c099c28ff2e8b77d4ceec5d8063\"},\"headline\":\"Falla en sistema del PAMI genera problemas en los tr\u00e1mites y en la atenci\u00f3n m\u00e9dica\",\"datePublished\":\"2023-08-09T11:00:56+00:00\",\"mainEntityOfPage\":{\"@id\":\"https:\\\/\\\/noticiasmercedinas.com\\\/site\\\/2023\\\/08\\\/09\\\/falla-en-sistema-del-pami-genera-problemas-en-los-tramites-y-en-la-atencion-medica\\\/\"},\"wordCount\":463,\"publisher\":{\"@id\":\"https:\\\/\\\/noticiasmercedinas.com\\\/site\\\/#organization\"},\"image\":{\"@id\":\"https:\\\/\\\/noticiasmercedinas.com\\\/site\\\/2023\\\/08\\\/09\\\/falla-en-sistema-del-pami-genera-problemas-en-los-tramites-y-en-la-atencion-medica\\\/#primaryimage\"},\"thumbnailUrl\":\"https:\\\/\\\/noticiasmercedinas.com\\\/site\\\/wp-content\\\/uploads\\\/2023\\\/08\\\/SISTEMA.jpg\",\"keywords\":[\"atencion\",\"fallo\",\"hackeo\",\"pami\",\"salud\"],\"articleSection\":[\"Sociedad\"],\"inLanguage\":\"es\"},{\"@type\":\"WebPage\",\"@id\":\"https:\\\/\\\/noticiasmercedinas.com\\\/site\\\/2023\\\/08\\\/09\\\/falla-en-sistema-del-pami-genera-problemas-en-los-tramites-y-en-la-atencion-medica\\\/\",\"url\":\"https:\\\/\\\/noticiasmercedinas.com\\\/site\\\/2023\\\/08\\\/09\\\/falla-en-sistema-del-pami-genera-problemas-en-los-tramites-y-en-la-atencion-medica\\\/\",\"name\":\"Falla en sistema del PAMI genera problemas en los tr\u00e1mites y en la atenci\u00f3n m\u00e9dica\",\"isPartOf\":{\"@id\":\"https:\\\/\\\/noticiasmercedinas.com\\\/site\\\/#website\"},\"primaryImageOfPage\":{\"@id\":\"https:\\\/\\\/noticiasmercedinas.com\\\/site\\\/2023\\\/08\\\/09\\\/falla-en-sistema-del-pami-genera-problemas-en-los-tramites-y-en-la-atencion-medica\\\/#primaryimage\"},\"image\":{\"@id\":\"https:\\\/\\\/noticiasmercedinas.com\\\/site\\\/2023\\\/08\\\/09\\\/falla-en-sistema-del-pami-genera-problemas-en-los-tramites-y-en-la-atencion-medica\\\/#primaryimage\"},\"thumbnailUrl\":\"https:\\\/\\\/noticiasmercedinas.com\\\/site\\\/wp-content\\\/uploads\\\/2023\\\/08\\\/SISTEMA.jpg\",\"datePublished\":\"2023-08-09T11:00:56+00:00\",\"breadcrumb\":{\"@id\":\"https:\\\/\\\/noticiasmercedinas.com\\\/site\\\/2023\\\/08\\\/09\\\/falla-en-sistema-del-pami-genera-problemas-en-los-tramites-y-en-la-atencion-medica\\\/#breadcrumb\"},\"inLanguage\":\"es\",\"potentialAction\":[{\"@type\":\"ReadAction\",\"target\":[\"https:\\\/\\\/noticiasmercedinas.com\\\/site\\\/2023\\\/08\\\/09\\\/falla-en-sistema-del-pami-genera-problemas-en-los-tramites-y-en-la-atencion-medica\\\/\"]}]},{\"@type\":\"ImageObject\",\"inLanguage\":\"es\",\"@id\":\"https:\\\/\\\/noticiasmercedinas.com\\\/site\\\/2023\\\/08\\\/09\\\/falla-en-sistema-del-pami-genera-problemas-en-los-tramites-y-en-la-atencion-medica\\\/#primaryimage\",\"url\":\"https:\\\/\\\/noticiasmercedinas.com\\\/site\\\/wp-content\\\/uploads\\\/2023\\\/08\\\/SISTEMA.jpg\",\"contentUrl\":\"https:\\\/\\\/noticiasmercedinas.com\\\/site\\\/wp-content\\\/uploads\\\/2023\\\/08\\\/SISTEMA.jpg\",\"width\":640,\"height\":419},{\"@type\":\"BreadcrumbList\",\"@id\":\"https:\\\/\\\/noticiasmercedinas.com\\\/site\\\/2023\\\/08\\\/09\\\/falla-en-sistema-del-pami-genera-problemas-en-los-tramites-y-en-la-atencion-medica\\\/#breadcrumb\",\"itemListElement\":[{\"@type\":\"ListItem\",\"position\":1,\"name\":\"Portada\",\"item\":\"https:\\\/\\\/noticiasmercedinas.com\\\/site\\\/\"},{\"@type\":\"ListItem\",\"position\":2,\"name\":\"Falla en sistema del PAMI genera problemas en los tr\u00e1mites y en la atenci\u00f3n m\u00e9dica\"}]},{\"@type\":\"WebSite\",\"@id\":\"https:\\\/\\\/noticiasmercedinas.com\\\/site\\\/#website\",\"url\":\"https:\\\/\\\/noticiasmercedinas.com\\\/site\\\/\",\"name\":\"NOTICIASMERCEDINAS.COM\",\"description\":\"Mercedes, Buenos Aires, Argentina\",\"publisher\":{\"@id\":\"https:\\\/\\\/noticiasmercedinas.com\\\/site\\\/#organization\"},\"potentialAction\":[{\"@type\":\"SearchAction\",\"target\":{\"@type\":\"EntryPoint\",\"urlTemplate\":\"https:\\\/\\\/noticiasmercedinas.com\\\/site\\\/?s={search_term_string}\"},\"query-input\":{\"@type\":\"PropertyValueSpecification\",\"valueRequired\":true,\"valueName\":\"search_term_string\"}}],\"inLanguage\":\"es\"},{\"@type\":\"Organization\",\"@id\":\"https:\\\/\\\/noticiasmercedinas.com\\\/site\\\/#organization\",\"name\":\"NOTICIASMERCEDINAS.COM\",\"url\":\"https:\\\/\\\/noticiasmercedinas.com\\\/site\\\/\",\"logo\":{\"@type\":\"ImageObject\",\"inLanguage\":\"es\",\"@id\":\"https:\\\/\\\/noticiasmercedinas.com\\\/site\\\/#\\\/schema\\\/logo\\\/image\\\/\",\"url\":\"https:\\\/\\\/noticiasmercedinas.com\\\/site\\\/wp-content\\\/uploads\\\/2020\\\/06\\\/LOGO-512.jpg\",\"contentUrl\":\"https:\\\/\\\/noticiasmercedinas.com\\\/site\\\/wp-content\\\/uploads\\\/2020\\\/06\\\/LOGO-512.jpg\",\"width\":512,\"height\":512,\"caption\":\"NOTICIASMERCEDINAS.COM\"},\"image\":{\"@id\":\"https:\\\/\\\/noticiasmercedinas.com\\\/site\\\/#\\\/schema\\\/logo\\\/image\\\/\"},\"sameAs\":[\"https:\\\/\\\/www.facebook.com\\\/noticiasmercedinas\\\/\",\"https:\\\/\\\/x.com\\\/notmercedinas\",\"https:\\\/\\\/www.instagram.com\\\/noticiasmercedinas\\\/\"]},{\"@type\":\"Person\",\"@id\":\"https:\\\/\\\/noticiasmercedinas.com\\\/site\\\/#\\\/schema\\\/person\\\/84b59c099c28ff2e8b77d4ceec5d8063\",\"name\":\"NOTICIASMERCEDINAS.COM\",\"image\":{\"@type\":\"ImageObject\",\"inLanguage\":\"es\",\"@id\":\"https:\\\/\\\/secure.gravatar.com\\\/avatar\\\/4dfbf16b4d17945bfb6341b2d19043457132fcf478a5ee04f42e959fd8f5df0a?s=96&d=mm&r=g\",\"url\":\"https:\\\/\\\/secure.gravatar.com\\\/avatar\\\/4dfbf16b4d17945bfb6341b2d19043457132fcf478a5ee04f42e959fd8f5df0a?s=96&d=mm&r=g\",\"contentUrl\":\"https:\\\/\\\/secure.gravatar.com\\\/avatar\\\/4dfbf16b4d17945bfb6341b2d19043457132fcf478a5ee04f42e959fd8f5df0a?s=96&d=mm&r=g\",\"caption\":\"NOTICIASMERCEDINAS.COM\"},\"url\":\"https:\\\/\\\/noticiasmercedinas.com\\\/site\\\/author\\\/anonimo\\\/\"}]}<\/script>\n<!-- \/ Yoast SEO plugin. -->","yoast_head_json":{"title":"Falla en sistema del PAMI genera problemas en los tr\u00e1mites y en la atenci\u00f3n m\u00e9dica","robots":{"index":"index","follow":"follow","max-snippet":"max-snippet:-1","max-image-preview":"max-image-preview:large","max-video-preview":"max-video-preview:-1"},"canonical":"https:\/\/noticiasmercedinas.com\/site\/2023\/08\/09\/falla-en-sistema-del-pami-genera-problemas-en-los-tramites-y-en-la-atencion-medica\/","og_locale":"es_ES","og_type":"article","og_title":"Falla en sistema del PAMI genera problemas en los tr\u00e1mites y en la atenci\u00f3n m\u00e9dica","og_description":"\u25a0\u00a0Medidas extraordinarias se implementan tras presunto hackeo. Desde el PAMI se esfuerzan por brindar soluciones tangibles para minimizar el impacto","og_url":"https:\/\/noticiasmercedinas.com\/site\/2023\/08\/09\/falla-en-sistema-del-pami-genera-problemas-en-los-tramites-y-en-la-atencion-medica\/","og_site_name":"NOTICIASMERCEDINAS.COM","article_publisher":"https:\/\/www.facebook.com\/noticiasmercedinas\/","article_published_time":"2023-08-09T11:00:56+00:00","og_image":[{"width":640,"height":419,"url":"https:\/\/noticiasmercedinas.com\/site\/wp-content\/uploads\/2023\/08\/SISTEMA.jpg","type":"image\/jpeg"}],"author":"NOTICIASMERCEDINAS.COM","twitter_card":"summary_large_image","twitter_creator":"@notmercedinas","twitter_site":"@notmercedinas","twitter_misc":{"Escrito por":"NOTICIASMERCEDINAS.COM","Tiempo de lectura":"3 minutos"},"schema":{"@context":"https:\/\/schema.org","@graph":[{"@type":"Article","@id":"https:\/\/noticiasmercedinas.com\/site\/2023\/08\/09\/falla-en-sistema-del-pami-genera-problemas-en-los-tramites-y-en-la-atencion-medica\/#article","isPartOf":{"@id":"https:\/\/noticiasmercedinas.com\/site\/2023\/08\/09\/falla-en-sistema-del-pami-genera-problemas-en-los-tramites-y-en-la-atencion-medica\/"},"author":{"name":"NOTICIASMERCEDINAS.COM","@id":"https:\/\/noticiasmercedinas.com\/site\/#\/schema\/person\/84b59c099c28ff2e8b77d4ceec5d8063"},"headline":"Falla en sistema del PAMI genera problemas en los tr\u00e1mites y en la atenci\u00f3n m\u00e9dica","datePublished":"2023-08-09T11:00:56+00:00","mainEntityOfPage":{"@id":"https:\/\/noticiasmercedinas.com\/site\/2023\/08\/09\/falla-en-sistema-del-pami-genera-problemas-en-los-tramites-y-en-la-atencion-medica\/"},"wordCount":463,"publisher":{"@id":"https:\/\/noticiasmercedinas.com\/site\/#organization"},"image":{"@id":"https:\/\/noticiasmercedinas.com\/site\/2023\/08\/09\/falla-en-sistema-del-pami-genera-problemas-en-los-tramites-y-en-la-atencion-medica\/#primaryimage"},"thumbnailUrl":"https:\/\/noticiasmercedinas.com\/site\/wp-content\/uploads\/2023\/08\/SISTEMA.jpg","keywords":["atencion","fallo","hackeo","pami","salud"],"articleSection":["Sociedad"],"inLanguage":"es"},{"@type":"WebPage","@id":"https:\/\/noticiasmercedinas.com\/site\/2023\/08\/09\/falla-en-sistema-del-pami-genera-problemas-en-los-tramites-y-en-la-atencion-medica\/","url":"https:\/\/noticiasmercedinas.com\/site\/2023\/08\/09\/falla-en-sistema-del-pami-genera-problemas-en-los-tramites-y-en-la-atencion-medica\/","name":"Falla en sistema del PAMI genera problemas en los tr\u00e1mites y en la atenci\u00f3n m\u00e9dica","isPartOf":{"@id":"https:\/\/noticiasmercedinas.com\/site\/#website"},"primaryImageOfPage":{"@id":"https:\/\/noticiasmercedinas.com\/site\/2023\/08\/09\/falla-en-sistema-del-pami-genera-problemas-en-los-tramites-y-en-la-atencion-medica\/#primaryimage"},"image":{"@id":"https:\/\/noticiasmercedinas.com\/site\/2023\/08\/09\/falla-en-sistema-del-pami-genera-problemas-en-los-tramites-y-en-la-atencion-medica\/#primaryimage"},"thumbnailUrl":"https:\/\/noticiasmercedinas.com\/site\/wp-content\/uploads\/2023\/08\/SISTEMA.jpg","datePublished":"2023-08-09T11:00:56+00:00","breadcrumb":{"@id":"https:\/\/noticiasmercedinas.com\/site\/2023\/08\/09\/falla-en-sistema-del-pami-genera-problemas-en-los-tramites-y-en-la-atencion-medica\/#breadcrumb"},"inLanguage":"es","potentialAction":[{"@type":"ReadAction","target":["https:\/\/noticiasmercedinas.com\/site\/2023\/08\/09\/falla-en-sistema-del-pami-genera-problemas-en-los-tramites-y-en-la-atencion-medica\/"]}]},{"@type":"ImageObject","inLanguage":"es","@id":"https:\/\/noticiasmercedinas.com\/site\/2023\/08\/09\/falla-en-sistema-del-pami-genera-problemas-en-los-tramites-y-en-la-atencion-medica\/#primaryimage","url":"https:\/\/noticiasmercedinas.com\/site\/wp-content\/uploads\/2023\/08\/SISTEMA.jpg","contentUrl":"https:\/\/noticiasmercedinas.com\/site\/wp-content\/uploads\/2023\/08\/SISTEMA.jpg","width":640,"height":419},{"@type":"BreadcrumbList","@id":"https:\/\/noticiasmercedinas.com\/site\/2023\/08\/09\/falla-en-sistema-del-pami-genera-problemas-en-los-tramites-y-en-la-atencion-medica\/#breadcrumb","itemListElement":[{"@type":"ListItem","position":1,"name":"Portada","item":"https:\/\/noticiasmercedinas.com\/site\/"},{"@type":"ListItem","position":2,"name":"Falla en sistema del PAMI genera problemas en los tr\u00e1mites y en la atenci\u00f3n m\u00e9dica"}]},{"@type":"WebSite","@id":"https:\/\/noticiasmercedinas.com\/site\/#website","url":"https:\/\/noticiasmercedinas.com\/site\/","name":"NOTICIASMERCEDINAS.COM","description":"Mercedes, Buenos Aires, Argentina","publisher":{"@id":"https:\/\/noticiasmercedinas.com\/site\/#organization"},"potentialAction":[{"@type":"SearchAction","target":{"@type":"EntryPoint","urlTemplate":"https:\/\/noticiasmercedinas.com\/site\/?s={search_term_string}"},"query-input":{"@type":"PropertyValueSpecification","valueRequired":true,"valueName":"search_term_string"}}],"inLanguage":"es"},{"@type":"Organization","@id":"https:\/\/noticiasmercedinas.com\/site\/#organization","name":"NOTICIASMERCEDINAS.COM","url":"https:\/\/noticiasmercedinas.com\/site\/","logo":{"@type":"ImageObject","inLanguage":"es","@id":"https:\/\/noticiasmercedinas.com\/site\/#\/schema\/logo\/image\/","url":"https:\/\/noticiasmercedinas.com\/site\/wp-content\/uploads\/2020\/06\/LOGO-512.jpg","contentUrl":"https:\/\/noticiasmercedinas.com\/site\/wp-content\/uploads\/2020\/06\/LOGO-512.jpg","width":512,"height":512,"caption":"NOTICIASMERCEDINAS.COM"},"image":{"@id":"https:\/\/noticiasmercedinas.com\/site\/#\/schema\/logo\/image\/"},"sameAs":["https:\/\/www.facebook.com\/noticiasmercedinas\/","https:\/\/x.com\/notmercedinas","https:\/\/www.instagram.com\/noticiasmercedinas\/"]},{"@type":"Person","@id":"https:\/\/noticiasmercedinas.com\/site\/#\/schema\/person\/84b59c099c28ff2e8b77d4ceec5d8063","name":"NOTICIASMERCEDINAS.COM","image":{"@type":"ImageObject","inLanguage":"es","@id":"https:\/\/secure.gravatar.com\/avatar\/4dfbf16b4d17945bfb6341b2d19043457132fcf478a5ee04f42e959fd8f5df0a?s=96&d=mm&r=g","url":"https:\/\/secure.gravatar.com\/avatar\/4dfbf16b4d17945bfb6341b2d19043457132fcf478a5ee04f42e959fd8f5df0a?s=96&d=mm&r=g","contentUrl":"https:\/\/secure.gravatar.com\/avatar\/4dfbf16b4d17945bfb6341b2d19043457132fcf478a5ee04f42e959fd8f5df0a?s=96&d=mm&r=g","caption":"NOTICIASMERCEDINAS.COM"},"url":"https:\/\/noticiasmercedinas.com\/site\/author\/anonimo\/"}]}},"amp_enabled":true,"_links":{"self":[{"href":"https:\/\/noticiasmercedinas.com\/site\/wp-json\/wp\/v2\/posts\/120569","targetHints":{"allow":["GET"]}}],"collection":[{"href":"https:\/\/noticiasmercedinas.com\/site\/wp-json\/wp\/v2\/posts"}],"about":[{"href":"https:\/\/noticiasmercedinas.com\/site\/wp-json\/wp\/v2\/types\/post"}],"author":[{"embeddable":true,"href":"https:\/\/noticiasmercedinas.com\/site\/wp-json\/wp\/v2\/users\/16"}],"replies":[{"embeddable":true,"href":"https:\/\/noticiasmercedinas.com\/site\/wp-json\/wp\/v2\/comments?post=120569"}],"version-history":[{"count":1,"href":"https:\/\/noticiasmercedinas.com\/site\/wp-json\/wp\/v2\/posts\/120569\/revisions"}],"predecessor-version":[{"id":120572,"href":"https:\/\/noticiasmercedinas.com\/site\/wp-json\/wp\/v2\/posts\/120569\/revisions\/120572"}],"wp:featuredmedia":[{"embeddable":true,"href":"https:\/\/noticiasmercedinas.com\/site\/wp-json\/wp\/v2\/media\/120571"}],"wp:attachment":[{"href":"https:\/\/noticiasmercedinas.com\/site\/wp-json\/wp\/v2\/media?parent=120569"}],"wp:term":[{"taxonomy":"category","embeddable":true,"href":"https:\/\/noticiasmercedinas.com\/site\/wp-json\/wp\/v2\/categories?post=120569"},{"taxonomy":"post_tag","embeddable":true,"href":"https:\/\/noticiasmercedinas.com\/site\/wp-json\/wp\/v2\/tags?post=120569"}],"curies":[{"name":"wp","href":"https:\/\/api.w.org\/{rel}","templated":true}]}}