{"id":120600,"date":"2023-08-09T13:29:13","date_gmt":"2023-08-09T16:29:13","guid":{"rendered":"https:\/\/noticiasmercedinas.com\/site\/?p=120600"},"modified":"2023-08-09T14:10:53","modified_gmt":"2023-08-09T17:10:53","slug":"elecciones-paso-58-363-electores-nativos-y-791-extranjeros-estan-habilitados","status":"publish","type":"post","link":"https:\/\/noticiasmercedinas.com\/site\/2023\/08\/09\/elecciones-paso-58-363-electores-nativos-y-791-extranjeros-estan-habilitados\/","title":{"rendered":"Elecciones PASO: 58.363 electores nativos y 791 extranjeros est\u00e1n habilitados"},"content":{"rendered":"<p><img loading=\"lazy\" decoding=\"async\" class=\"alignnone size-full wp-image-74682\" src=\"https:\/\/noticiasmercedinas.com\/site\/wp-content\/uploads\/2021\/09\/urna-Elecciones.jpg\" alt=\"\" width=\"770\" height=\"433\" srcset=\"https:\/\/noticiasmercedinas.com\/site\/wp-content\/uploads\/2021\/09\/urna-Elecciones.jpg 770w, https:\/\/noticiasmercedinas.com\/site\/wp-content\/uploads\/2021\/09\/urna-Elecciones-300x169.jpg 300w, https:\/\/noticiasmercedinas.com\/site\/wp-content\/uploads\/2021\/09\/urna-Elecciones-768x432.jpg 768w, https:\/\/noticiasmercedinas.com\/site\/wp-content\/uploads\/2021\/09\/urna-Elecciones-640x360.jpg 640w, https:\/\/noticiasmercedinas.com\/site\/wp-content\/uploads\/2021\/09\/urna-Elecciones-681x383.jpg 681w\" sizes=\"auto, (max-width: 770px) 100vw, 770px\" \/><\/p>\n<p>En un anticipo de lo que ser\u00e1 la jornada electoral de este domingo en Mercedes, la Secretaria de Gobierno de la Municipalidad, Clara Zunino, brind\u00f3 informaci\u00f3n crucial sobre los preparativos y detalles que los ciudadanos deben tener en cuenta para participar en las elecciones Primarias Abiertas, Simult\u00e1neas y Obligatorias (PASO).<\/p>\n<p>Hay 9 listas en el Distrito y unos 59.000 electores habilitados para votar.<\/p>\n<p>Seg\u00fan los datos proporcionados por Zunino, un total de 58,363 electores nativos y 791 electores extranjeros est\u00e1n habilitados para ejercer su derecho al voto en el distrito. Adem\u00e1s, se confirm\u00f3 la oficializaci\u00f3n de 9 listas de candidatos para estas elecciones.<\/p>\n<p><strong>Infraestructura electoral<br \/>\n<\/strong>El proceso de votaci\u00f3n se llevar\u00e1 a cabo en 174 mesas distribuidas en diferentes puntos de la ciudad. Los centros de votaci\u00f3n estar\u00e1n abiertos desde las 8 de la ma\u00f1ana hasta las 18 horas.<\/p>\n<p>Asimismo, Zunino subray\u00f3 que la veda electoral comenzar\u00e1 el viernes a las 8 de la ma\u00f1ana, por lo que los candidatos y partidos deber\u00e1n abstenerse de realizar actividades proselitistas a partir de ese momento.<\/p>\n<p><strong>Regulaciones comerciales<\/strong><br \/>\nEn relaci\u00f3n a las regulaciones comerciales durante el per\u00edodo electoral, Zunino inform\u00f3 que los comercios deber\u00e1n cerrar a medianoche del s\u00e1bado y estar\u00e1n prohibidas las ventas de alcohol hasta despu\u00e9s de las 18 horas del domingo. Estas medidas buscan garantizar un ambiente adecuado para la jornada electoral y la participaci\u00f3n ciudadana.<\/p>\n<p><strong>Recomendaciones para votantes<br \/>\n<\/strong>Para agilizar el proceso de votaci\u00f3n, se recomienda a los votantes verificar el padr\u00f3n electoral y conocer su n\u00famero de mesa y orden. Asimismo, llevar consigo la boleta del candidato preferido, algo que puede ser preparado desde casa. Tambi\u00e9n se sugiere llevar el \u00faltimo DNI como identificaci\u00f3n v\u00e1lida.<\/p>\n<p><strong>Transparencia y participaci\u00f3n ciudadana<br \/>\n<\/strong>La Secretaria Zunino destac\u00f3 la importancia de difundir esta informaci\u00f3n para que los ciudadanos est\u00e9n bien informados sobre los procedimientos electorales y las regulaciones vigentes. Asimismo, enfatiz\u00f3 que se trabaja arduamente para garantizar la transparencia y la efectiva participaci\u00f3n de la ciudadan\u00eda en el proceso electoral.<\/p>\n<p>Para obtener m\u00e1s detalles sobre las listas oficializadas y otros aspectos relacionados con las elecciones PASO en Mercedes, se puede acceder al sitio oficial de la Junta Electoral de la provincia de Buenos Aires a trav\u00e9s del siguiente enlace: <a href=\"https:\/\/www.juntaelectoral.gba.gov.ar\/consulta\/primarias\/listas-registradas\/consulta-listas-x-nivel.php?accion=requerir&amp;orden=1&amp;niveles=3&amp;secciones=1&amp;distri=076%5d(https:\/\/www.juntaelectoral.gba.gov.ar\/consulta\/primarias\/listas-registradas\/consulta-listas-x-nivel.php?accion=requerir&amp;orden=1&amp;niveles=3&amp;secciones=1&amp;distri=076\">https:\/\/www.juntaelectoral.gba.gov.ar\/consulta\/primarias\/listas-registradas\/consulta-listas-x-nivel.php?accion=requerir&amp;orden=1&amp;niveles=3&amp;secciones=1&amp;distri=076](https:\/\/www.juntaelectoral.gba.gov.ar\/consulta\/primarias\/listas-registradas\/consulta-listas-x-nivel.php?accion=requerir&amp;orden=1&amp;niveles=3&amp;secciones=1&amp;distri=076<\/a><\/p>\n<p>Con estos datos clave en mente, los ciudadanos de Mercedes se preparan para ejercer su derecho al voto en estas elecciones PASO, un paso fundamental en el proceso democr\u00e1tico del pa\u00eds.<\/p>\n","protected":false},"excerpt":{"rendered":"<p>\u25a0 Hay 9 listas en el Distrito Mercedes. El proceso de votaci\u00f3n se llevar\u00e1 a cabo en 174 mesas distribuidas en diferentes puntos. Datos claves confirmados por la Secretaria de Gobierno, Clara Zunino<\/p>\n","protected":false},"author":16,"featured_media":74682,"comment_status":"closed","ping_status":"closed","sticky":false,"template":"","format":"standard","meta":{"footnotes":""},"categories":[16],"tags":[2431,14662,23],"class_list":["post-120600","post","type-post","status-publish","format-standard","has-post-thumbnail","hentry","category-politica","tag-clara-zunino","tag-elecciones-2023","tag-mercedes"],"yoast_head":"<!-- This site is optimized with the Yoast SEO plugin v27.4 - https:\/\/yoast.com\/product\/yoast-seo-wordpress\/ -->\n<title>Elecciones PASO: 58.363 electores nativos y 791 extranjeros est\u00e1n habilitados<\/title>\n<meta name=\"robots\" content=\"index, follow, max-snippet:-1, max-image-preview:large, max-video-preview:-1\" \/>\n<link rel=\"canonical\" href=\"https:\/\/noticiasmercedinas.com\/site\/2023\/08\/09\/elecciones-paso-58-363-electores-nativos-y-791-extranjeros-estan-habilitados\/\" \/>\n<meta property=\"og:locale\" content=\"es_ES\" \/>\n<meta property=\"og:type\" content=\"article\" \/>\n<meta property=\"og:title\" content=\"Elecciones PASO: 58.363 electores nativos y 791 extranjeros est\u00e1n habilitados\" \/>\n<meta property=\"og:description\" content=\"\u25a0 Hay 9 listas en el Distrito Mercedes. El proceso de votaci\u00f3n se llevar\u00e1 a cabo en 174 mesas distribuidas en diferentes puntos. Datos claves confirmados por la Secretaria de Gobierno, Clara Zunino\" \/>\n<meta property=\"og:url\" content=\"https:\/\/noticiasmercedinas.com\/site\/2023\/08\/09\/elecciones-paso-58-363-electores-nativos-y-791-extranjeros-estan-habilitados\/\" \/>\n<meta property=\"og:site_name\" content=\"NOTICIASMERCEDINAS.COM\" \/>\n<meta property=\"article:publisher\" content=\"https:\/\/www.facebook.com\/noticiasmercedinas\/\" \/>\n<meta property=\"article:published_time\" content=\"2023-08-09T16:29:13+00:00\" \/>\n<meta property=\"article:modified_time\" content=\"2023-08-09T17:10:53+00:00\" \/>\n<meta property=\"og:image\" content=\"https:\/\/noticiasmercedinas.com\/site\/wp-content\/uploads\/2021\/09\/urna-Elecciones.jpg\" \/>\n\t<meta property=\"og:image:width\" content=\"770\" \/>\n\t<meta property=\"og:image:height\" content=\"433\" \/>\n\t<meta property=\"og:image:type\" content=\"image\/jpeg\" \/>\n<meta name=\"author\" content=\"NOTICIASMERCEDINAS.COM\" \/>\n<meta name=\"twitter:card\" content=\"summary_large_image\" \/>\n<meta name=\"twitter:creator\" content=\"@notmercedinas\" \/>\n<meta name=\"twitter:site\" content=\"@notmercedinas\" \/>\n<meta name=\"twitter:label1\" content=\"Escrito por\" \/>\n\t<meta name=\"twitter:data1\" content=\"NOTICIASMERCEDINAS.COM\" \/>\n\t<meta name=\"twitter:label2\" content=\"Tiempo de lectura\" \/>\n\t<meta name=\"twitter:data2\" content=\"3 minutos\" \/>\n<script type=\"application\/ld+json\" class=\"yoast-schema-graph\">{\"@context\":\"https:\\\/\\\/schema.org\",\"@graph\":[{\"@type\":\"Article\",\"@id\":\"https:\\\/\\\/noticiasmercedinas.com\\\/site\\\/2023\\\/08\\\/09\\\/elecciones-paso-58-363-electores-nativos-y-791-extranjeros-estan-habilitados\\\/#article\",\"isPartOf\":{\"@id\":\"https:\\\/\\\/noticiasmercedinas.com\\\/site\\\/2023\\\/08\\\/09\\\/elecciones-paso-58-363-electores-nativos-y-791-extranjeros-estan-habilitados\\\/\"},\"author\":{\"name\":\"NOTICIASMERCEDINAS.COM\",\"@id\":\"https:\\\/\\\/noticiasmercedinas.com\\\/site\\\/#\\\/schema\\\/person\\\/84b59c099c28ff2e8b77d4ceec5d8063\"},\"headline\":\"Elecciones PASO: 58.363 electores nativos y 791 extranjeros est\u00e1n habilitados\",\"datePublished\":\"2023-08-09T16:29:13+00:00\",\"dateModified\":\"2023-08-09T17:10:53+00:00\",\"mainEntityOfPage\":{\"@id\":\"https:\\\/\\\/noticiasmercedinas.com\\\/site\\\/2023\\\/08\\\/09\\\/elecciones-paso-58-363-electores-nativos-y-791-extranjeros-estan-habilitados\\\/\"},\"wordCount\":472,\"publisher\":{\"@id\":\"https:\\\/\\\/noticiasmercedinas.com\\\/site\\\/#organization\"},\"image\":{\"@id\":\"https:\\\/\\\/noticiasmercedinas.com\\\/site\\\/2023\\\/08\\\/09\\\/elecciones-paso-58-363-electores-nativos-y-791-extranjeros-estan-habilitados\\\/#primaryimage\"},\"thumbnailUrl\":\"https:\\\/\\\/noticiasmercedinas.com\\\/site\\\/wp-content\\\/uploads\\\/2021\\\/09\\\/urna-Elecciones.jpg\",\"keywords\":[\"clara zunino\",\"elecciones 2023\",\"mercedes\"],\"articleSection\":[\"Politica\"],\"inLanguage\":\"es\"},{\"@type\":\"WebPage\",\"@id\":\"https:\\\/\\\/noticiasmercedinas.com\\\/site\\\/2023\\\/08\\\/09\\\/elecciones-paso-58-363-electores-nativos-y-791-extranjeros-estan-habilitados\\\/\",\"url\":\"https:\\\/\\\/noticiasmercedinas.com\\\/site\\\/2023\\\/08\\\/09\\\/elecciones-paso-58-363-electores-nativos-y-791-extranjeros-estan-habilitados\\\/\",\"name\":\"Elecciones PASO: 58.363 electores nativos y 791 extranjeros est\u00e1n habilitados\",\"isPartOf\":{\"@id\":\"https:\\\/\\\/noticiasmercedinas.com\\\/site\\\/#website\"},\"primaryImageOfPage\":{\"@id\":\"https:\\\/\\\/noticiasmercedinas.com\\\/site\\\/2023\\\/08\\\/09\\\/elecciones-paso-58-363-electores-nativos-y-791-extranjeros-estan-habilitados\\\/#primaryimage\"},\"image\":{\"@id\":\"https:\\\/\\\/noticiasmercedinas.com\\\/site\\\/2023\\\/08\\\/09\\\/elecciones-paso-58-363-electores-nativos-y-791-extranjeros-estan-habilitados\\\/#primaryimage\"},\"thumbnailUrl\":\"https:\\\/\\\/noticiasmercedinas.com\\\/site\\\/wp-content\\\/uploads\\\/2021\\\/09\\\/urna-Elecciones.jpg\",\"datePublished\":\"2023-08-09T16:29:13+00:00\",\"dateModified\":\"2023-08-09T17:10:53+00:00\",\"breadcrumb\":{\"@id\":\"https:\\\/\\\/noticiasmercedinas.com\\\/site\\\/2023\\\/08\\\/09\\\/elecciones-paso-58-363-electores-nativos-y-791-extranjeros-estan-habilitados\\\/#breadcrumb\"},\"inLanguage\":\"es\",\"potentialAction\":[{\"@type\":\"ReadAction\",\"target\":[\"https:\\\/\\\/noticiasmercedinas.com\\\/site\\\/2023\\\/08\\\/09\\\/elecciones-paso-58-363-electores-nativos-y-791-extranjeros-estan-habilitados\\\/\"]}]},{\"@type\":\"ImageObject\",\"inLanguage\":\"es\",\"@id\":\"https:\\\/\\\/noticiasmercedinas.com\\\/site\\\/2023\\\/08\\\/09\\\/elecciones-paso-58-363-electores-nativos-y-791-extranjeros-estan-habilitados\\\/#primaryimage\",\"url\":\"https:\\\/\\\/noticiasmercedinas.com\\\/site\\\/wp-content\\\/uploads\\\/2021\\\/09\\\/urna-Elecciones.jpg\",\"contentUrl\":\"https:\\\/\\\/noticiasmercedinas.com\\\/site\\\/wp-content\\\/uploads\\\/2021\\\/09\\\/urna-Elecciones.jpg\",\"width\":770,\"height\":433},{\"@type\":\"BreadcrumbList\",\"@id\":\"https:\\\/\\\/noticiasmercedinas.com\\\/site\\\/2023\\\/08\\\/09\\\/elecciones-paso-58-363-electores-nativos-y-791-extranjeros-estan-habilitados\\\/#breadcrumb\",\"itemListElement\":[{\"@type\":\"ListItem\",\"position\":1,\"name\":\"Portada\",\"item\":\"https:\\\/\\\/noticiasmercedinas.com\\\/site\\\/\"},{\"@type\":\"ListItem\",\"position\":2,\"name\":\"Elecciones PASO: 58.363 electores nativos y 791 extranjeros est\u00e1n habilitados\"}]},{\"@type\":\"WebSite\",\"@id\":\"https:\\\/\\\/noticiasmercedinas.com\\\/site\\\/#website\",\"url\":\"https:\\\/\\\/noticiasmercedinas.com\\\/site\\\/\",\"name\":\"NOTICIASMERCEDINAS.COM\",\"description\":\"Mercedes, Buenos Aires, Argentina\",\"publisher\":{\"@id\":\"https:\\\/\\\/noticiasmercedinas.com\\\/site\\\/#organization\"},\"potentialAction\":[{\"@type\":\"SearchAction\",\"target\":{\"@type\":\"EntryPoint\",\"urlTemplate\":\"https:\\\/\\\/noticiasmercedinas.com\\\/site\\\/?s={search_term_string}\"},\"query-input\":{\"@type\":\"PropertyValueSpecification\",\"valueRequired\":true,\"valueName\":\"search_term_string\"}}],\"inLanguage\":\"es\"},{\"@type\":\"Organization\",\"@id\":\"https:\\\/\\\/noticiasmercedinas.com\\\/site\\\/#organization\",\"name\":\"NOTICIASMERCEDINAS.COM\",\"url\":\"https:\\\/\\\/noticiasmercedinas.com\\\/site\\\/\",\"logo\":{\"@type\":\"ImageObject\",\"inLanguage\":\"es\",\"@id\":\"https:\\\/\\\/noticiasmercedinas.com\\\/site\\\/#\\\/schema\\\/logo\\\/image\\\/\",\"url\":\"https:\\\/\\\/noticiasmercedinas.com\\\/site\\\/wp-content\\\/uploads\\\/2020\\\/06\\\/LOGO-512.jpg\",\"contentUrl\":\"https:\\\/\\\/noticiasmercedinas.com\\\/site\\\/wp-content\\\/uploads\\\/2020\\\/06\\\/LOGO-512.jpg\",\"width\":512,\"height\":512,\"caption\":\"NOTICIASMERCEDINAS.COM\"},\"image\":{\"@id\":\"https:\\\/\\\/noticiasmercedinas.com\\\/site\\\/#\\\/schema\\\/logo\\\/image\\\/\"},\"sameAs\":[\"https:\\\/\\\/www.facebook.com\\\/noticiasmercedinas\\\/\",\"https:\\\/\\\/x.com\\\/notmercedinas\",\"https:\\\/\\\/www.instagram.com\\\/noticiasmercedinas\\\/\"]},{\"@type\":\"Person\",\"@id\":\"https:\\\/\\\/noticiasmercedinas.com\\\/site\\\/#\\\/schema\\\/person\\\/84b59c099c28ff2e8b77d4ceec5d8063\",\"name\":\"NOTICIASMERCEDINAS.COM\",\"image\":{\"@type\":\"ImageObject\",\"inLanguage\":\"es\",\"@id\":\"https:\\\/\\\/secure.gravatar.com\\\/avatar\\\/4dfbf16b4d17945bfb6341b2d19043457132fcf478a5ee04f42e959fd8f5df0a?s=96&d=mm&r=g\",\"url\":\"https:\\\/\\\/secure.gravatar.com\\\/avatar\\\/4dfbf16b4d17945bfb6341b2d19043457132fcf478a5ee04f42e959fd8f5df0a?s=96&d=mm&r=g\",\"contentUrl\":\"https:\\\/\\\/secure.gravatar.com\\\/avatar\\\/4dfbf16b4d17945bfb6341b2d19043457132fcf478a5ee04f42e959fd8f5df0a?s=96&d=mm&r=g\",\"caption\":\"NOTICIASMERCEDINAS.COM\"},\"url\":\"https:\\\/\\\/noticiasmercedinas.com\\\/site\\\/author\\\/anonimo\\\/\"}]}<\/script>\n<!-- \/ Yoast SEO plugin. -->","yoast_head_json":{"title":"Elecciones PASO: 58.363 electores nativos y 791 extranjeros est\u00e1n habilitados","robots":{"index":"index","follow":"follow","max-snippet":"max-snippet:-1","max-image-preview":"max-image-preview:large","max-video-preview":"max-video-preview:-1"},"canonical":"https:\/\/noticiasmercedinas.com\/site\/2023\/08\/09\/elecciones-paso-58-363-electores-nativos-y-791-extranjeros-estan-habilitados\/","og_locale":"es_ES","og_type":"article","og_title":"Elecciones PASO: 58.363 electores nativos y 791 extranjeros est\u00e1n habilitados","og_description":"\u25a0 Hay 9 listas en el Distrito Mercedes. El proceso de votaci\u00f3n se llevar\u00e1 a cabo en 174 mesas distribuidas en diferentes puntos. Datos claves confirmados por la Secretaria de Gobierno, Clara Zunino","og_url":"https:\/\/noticiasmercedinas.com\/site\/2023\/08\/09\/elecciones-paso-58-363-electores-nativos-y-791-extranjeros-estan-habilitados\/","og_site_name":"NOTICIASMERCEDINAS.COM","article_publisher":"https:\/\/www.facebook.com\/noticiasmercedinas\/","article_published_time":"2023-08-09T16:29:13+00:00","article_modified_time":"2023-08-09T17:10:53+00:00","og_image":[{"width":770,"height":433,"url":"https:\/\/noticiasmercedinas.com\/site\/wp-content\/uploads\/2021\/09\/urna-Elecciones.jpg","type":"image\/jpeg"}],"author":"NOTICIASMERCEDINAS.COM","twitter_card":"summary_large_image","twitter_creator":"@notmercedinas","twitter_site":"@notmercedinas","twitter_misc":{"Escrito por":"NOTICIASMERCEDINAS.COM","Tiempo de lectura":"3 minutos"},"schema":{"@context":"https:\/\/schema.org","@graph":[{"@type":"Article","@id":"https:\/\/noticiasmercedinas.com\/site\/2023\/08\/09\/elecciones-paso-58-363-electores-nativos-y-791-extranjeros-estan-habilitados\/#article","isPartOf":{"@id":"https:\/\/noticiasmercedinas.com\/site\/2023\/08\/09\/elecciones-paso-58-363-electores-nativos-y-791-extranjeros-estan-habilitados\/"},"author":{"name":"NOTICIASMERCEDINAS.COM","@id":"https:\/\/noticiasmercedinas.com\/site\/#\/schema\/person\/84b59c099c28ff2e8b77d4ceec5d8063"},"headline":"Elecciones PASO: 58.363 electores nativos y 791 extranjeros est\u00e1n habilitados","datePublished":"2023-08-09T16:29:13+00:00","dateModified":"2023-08-09T17:10:53+00:00","mainEntityOfPage":{"@id":"https:\/\/noticiasmercedinas.com\/site\/2023\/08\/09\/elecciones-paso-58-363-electores-nativos-y-791-extranjeros-estan-habilitados\/"},"wordCount":472,"publisher":{"@id":"https:\/\/noticiasmercedinas.com\/site\/#organization"},"image":{"@id":"https:\/\/noticiasmercedinas.com\/site\/2023\/08\/09\/elecciones-paso-58-363-electores-nativos-y-791-extranjeros-estan-habilitados\/#primaryimage"},"thumbnailUrl":"https:\/\/noticiasmercedinas.com\/site\/wp-content\/uploads\/2021\/09\/urna-Elecciones.jpg","keywords":["clara zunino","elecciones 2023","mercedes"],"articleSection":["Politica"],"inLanguage":"es"},{"@type":"WebPage","@id":"https:\/\/noticiasmercedinas.com\/site\/2023\/08\/09\/elecciones-paso-58-363-electores-nativos-y-791-extranjeros-estan-habilitados\/","url":"https:\/\/noticiasmercedinas.com\/site\/2023\/08\/09\/elecciones-paso-58-363-electores-nativos-y-791-extranjeros-estan-habilitados\/","name":"Elecciones PASO: 58.363 electores nativos y 791 extranjeros est\u00e1n habilitados","isPartOf":{"@id":"https:\/\/noticiasmercedinas.com\/site\/#website"},"primaryImageOfPage":{"@id":"https:\/\/noticiasmercedinas.com\/site\/2023\/08\/09\/elecciones-paso-58-363-electores-nativos-y-791-extranjeros-estan-habilitados\/#primaryimage"},"image":{"@id":"https:\/\/noticiasmercedinas.com\/site\/2023\/08\/09\/elecciones-paso-58-363-electores-nativos-y-791-extranjeros-estan-habilitados\/#primaryimage"},"thumbnailUrl":"https:\/\/noticiasmercedinas.com\/site\/wp-content\/uploads\/2021\/09\/urna-Elecciones.jpg","datePublished":"2023-08-09T16:29:13+00:00","dateModified":"2023-08-09T17:10:53+00:00","breadcrumb":{"@id":"https:\/\/noticiasmercedinas.com\/site\/2023\/08\/09\/elecciones-paso-58-363-electores-nativos-y-791-extranjeros-estan-habilitados\/#breadcrumb"},"inLanguage":"es","potentialAction":[{"@type":"ReadAction","target":["https:\/\/noticiasmercedinas.com\/site\/2023\/08\/09\/elecciones-paso-58-363-electores-nativos-y-791-extranjeros-estan-habilitados\/"]}]},{"@type":"ImageObject","inLanguage":"es","@id":"https:\/\/noticiasmercedinas.com\/site\/2023\/08\/09\/elecciones-paso-58-363-electores-nativos-y-791-extranjeros-estan-habilitados\/#primaryimage","url":"https:\/\/noticiasmercedinas.com\/site\/wp-content\/uploads\/2021\/09\/urna-Elecciones.jpg","contentUrl":"https:\/\/noticiasmercedinas.com\/site\/wp-content\/uploads\/2021\/09\/urna-Elecciones.jpg","width":770,"height":433},{"@type":"BreadcrumbList","@id":"https:\/\/noticiasmercedinas.com\/site\/2023\/08\/09\/elecciones-paso-58-363-electores-nativos-y-791-extranjeros-estan-habilitados\/#breadcrumb","itemListElement":[{"@type":"ListItem","position":1,"name":"Portada","item":"https:\/\/noticiasmercedinas.com\/site\/"},{"@type":"ListItem","position":2,"name":"Elecciones PASO: 58.363 electores nativos y 791 extranjeros est\u00e1n habilitados"}]},{"@type":"WebSite","@id":"https:\/\/noticiasmercedinas.com\/site\/#website","url":"https:\/\/noticiasmercedinas.com\/site\/","name":"NOTICIASMERCEDINAS.COM","description":"Mercedes, Buenos Aires, Argentina","publisher":{"@id":"https:\/\/noticiasmercedinas.com\/site\/#organization"},"potentialAction":[{"@type":"SearchAction","target":{"@type":"EntryPoint","urlTemplate":"https:\/\/noticiasmercedinas.com\/site\/?s={search_term_string}"},"query-input":{"@type":"PropertyValueSpecification","valueRequired":true,"valueName":"search_term_string"}}],"inLanguage":"es"},{"@type":"Organization","@id":"https:\/\/noticiasmercedinas.com\/site\/#organization","name":"NOTICIASMERCEDINAS.COM","url":"https:\/\/noticiasmercedinas.com\/site\/","logo":{"@type":"ImageObject","inLanguage":"es","@id":"https:\/\/noticiasmercedinas.com\/site\/#\/schema\/logo\/image\/","url":"https:\/\/noticiasmercedinas.com\/site\/wp-content\/uploads\/2020\/06\/LOGO-512.jpg","contentUrl":"https:\/\/noticiasmercedinas.com\/site\/wp-content\/uploads\/2020\/06\/LOGO-512.jpg","width":512,"height":512,"caption":"NOTICIASMERCEDINAS.COM"},"image":{"@id":"https:\/\/noticiasmercedinas.com\/site\/#\/schema\/logo\/image\/"},"sameAs":["https:\/\/www.facebook.com\/noticiasmercedinas\/","https:\/\/x.com\/notmercedinas","https:\/\/www.instagram.com\/noticiasmercedinas\/"]},{"@type":"Person","@id":"https:\/\/noticiasmercedinas.com\/site\/#\/schema\/person\/84b59c099c28ff2e8b77d4ceec5d8063","name":"NOTICIASMERCEDINAS.COM","image":{"@type":"ImageObject","inLanguage":"es","@id":"https:\/\/secure.gravatar.com\/avatar\/4dfbf16b4d17945bfb6341b2d19043457132fcf478a5ee04f42e959fd8f5df0a?s=96&d=mm&r=g","url":"https:\/\/secure.gravatar.com\/avatar\/4dfbf16b4d17945bfb6341b2d19043457132fcf478a5ee04f42e959fd8f5df0a?s=96&d=mm&r=g","contentUrl":"https:\/\/secure.gravatar.com\/avatar\/4dfbf16b4d17945bfb6341b2d19043457132fcf478a5ee04f42e959fd8f5df0a?s=96&d=mm&r=g","caption":"NOTICIASMERCEDINAS.COM"},"url":"https:\/\/noticiasmercedinas.com\/site\/author\/anonimo\/"}]}},"amp_enabled":true,"_links":{"self":[{"href":"https:\/\/noticiasmercedinas.com\/site\/wp-json\/wp\/v2\/posts\/120600","targetHints":{"allow":["GET"]}}],"collection":[{"href":"https:\/\/noticiasmercedinas.com\/site\/wp-json\/wp\/v2\/posts"}],"about":[{"href":"https:\/\/noticiasmercedinas.com\/site\/wp-json\/wp\/v2\/types\/post"}],"author":[{"embeddable":true,"href":"https:\/\/noticiasmercedinas.com\/site\/wp-json\/wp\/v2\/users\/16"}],"replies":[{"embeddable":true,"href":"https:\/\/noticiasmercedinas.com\/site\/wp-json\/wp\/v2\/comments?post=120600"}],"version-history":[{"count":1,"href":"https:\/\/noticiasmercedinas.com\/site\/wp-json\/wp\/v2\/posts\/120600\/revisions"}],"predecessor-version":[{"id":120601,"href":"https:\/\/noticiasmercedinas.com\/site\/wp-json\/wp\/v2\/posts\/120600\/revisions\/120601"}],"wp:featuredmedia":[{"embeddable":true,"href":"https:\/\/noticiasmercedinas.com\/site\/wp-json\/wp\/v2\/media\/74682"}],"wp:attachment":[{"href":"https:\/\/noticiasmercedinas.com\/site\/wp-json\/wp\/v2\/media?parent=120600"}],"wp:term":[{"taxonomy":"category","embeddable":true,"href":"https:\/\/noticiasmercedinas.com\/site\/wp-json\/wp\/v2\/categories?post=120600"},{"taxonomy":"post_tag","embeddable":true,"href":"https:\/\/noticiasmercedinas.com\/site\/wp-json\/wp\/v2\/tags?post=120600"}],"curies":[{"name":"wp","href":"https:\/\/api.w.org\/{rel}","templated":true}]}}