{"id":120753,"date":"2023-08-12T19:30:54","date_gmt":"2023-08-12T22:30:54","guid":{"rendered":"https:\/\/noticiasmercedinas.com\/site\/?p=120753"},"modified":"2023-08-12T19:33:19","modified_gmt":"2023-08-12T22:33:19","slug":"con-nuevo-trazado-hubo-rural-bike","status":"publish","type":"post","link":"https:\/\/noticiasmercedinas.com\/site\/2023\/08\/12\/con-nuevo-trazado-hubo-rural-bike\/","title":{"rendered":"Con nuevo trazado hubo Rural Bike"},"content":{"rendered":"<figure id=\"attachment_120754\" aria-describedby=\"caption-attachment-120754\" style=\"width: 640px\" class=\"wp-caption alignnone\"><img loading=\"lazy\" decoding=\"async\" class=\"wp-image-120754 size-full\" src=\"https:\/\/noticiasmercedinas.com\/site\/wp-content\/uploads\/2023\/08\/IMG_9155.jpg\" alt=\"\" width=\"640\" height=\"463\" srcset=\"https:\/\/noticiasmercedinas.com\/site\/wp-content\/uploads\/2023\/08\/IMG_9155.jpg 640w, https:\/\/noticiasmercedinas.com\/site\/wp-content\/uploads\/2023\/08\/IMG_9155-300x217.jpg 300w\" sizes=\"auto, (max-width: 640px) 100vw, 640px\" \/><figcaption id=\"caption-attachment-120754\" class=\"wp-caption-text\">Lippi de malla roaj en carrera.<\/figcaption><\/figure>\n<p>El Rural Bike retorn\u00f3 al Parque Independencia con la organizaci\u00f3n de la Comisi\u00f3n Municipal de Ciclismo en la tarde de este s\u00e1bado 12, eligi\u00e9ndose para la oportunidad un nuevo trazado de s\u00f3lo 3 km y con ello cada una de las mangas, hubo tres, afront\u00f3 un tiempo de carrera para ser clasificados en sus categor\u00edas cada uno de los bikers.<\/p>\n<p>En lo que hace a mercedinos se destacaron Carlos Aldecoa con un segundo lugar en la Master D y se impuso Leandro Lippi en Promocionales + 40 a\u00f1os. Todo en medio de la tarde soleada, aunque fr\u00eda, ventosa y con ello se sum\u00f3 una exigencia m\u00e1s para cada uno de los participantes, que vivieron una gratificante experiencia de \u201cRuedas Gordas\u201d.<br \/>\n<strong><br \/>\nMaster D<\/strong><br \/>\n1\u00b0 Jos\u00e9 Cajales (Alberti).<br \/>\n2\u00b0 Carlos Aldecoa (Mercedes).<br \/>\n3\u00b0 Juan Ibarra (Carlos Casares).<br \/>\n4\u00b0 Angel Ju\u00e1rez (Bragado).<br \/>\n5\u00b0 N\u00e9stor Aguirre (Pilar).<br \/>\n6\u00b0 Carlos Repetto (Mercedes).<\/p>\n<p><img loading=\"lazy\" decoding=\"async\" class=\"alignnone size-full wp-image-120756\" src=\"https:\/\/noticiasmercedinas.com\/site\/wp-content\/uploads\/2023\/08\/IMG_9152.jpg\" alt=\"\" width=\"640\" height=\"427\" srcset=\"https:\/\/noticiasmercedinas.com\/site\/wp-content\/uploads\/2023\/08\/IMG_9152.jpg 640w, https:\/\/noticiasmercedinas.com\/site\/wp-content\/uploads\/2023\/08\/IMG_9152-300x200.jpg 300w\" sizes=\"auto, (max-width: 640px) 100vw, 640px\" \/><\/p>\n<p><strong>Master C<\/strong><br \/>\n1\u00b0 Ruben Marrafino (Pilar).<br \/>\n2\u00b0 Omar Silva.<br \/>\n3\u00b0 Diego Darr\u00e9 (Luj\u00e1n).<br \/>\n4\u00b0 Gustavo Pani (Mercedes).<br \/>\n5\u00b0 Marcelo Peralta (Mercedes).<br \/>\n6\u00b0 Ariel Aguilar (Rojas).<\/p>\n<p><strong>Damas<\/strong><br \/>\n1\u00b0 Silvia Ojeda (San Pedro).<\/p>\n<p><strong>Promocionales \u2013 40 a\u00f1os<\/strong><br \/>\n1\u00b0 Valentino Aguilar (Rojas).<br \/>\n2\u00b0 Leandro Vel\u00e1zquez (Chivilcoy).<br \/>\n3\u00b0 Lucas Pinilla (Mercedes).<br \/>\n4\u00b0 Eduardo Larraburu (Mercedes).<br \/>\n5\u00b0 Santiago Rodr\u00edguez (Mercedes).<\/p>\n<p><strong>Promocionales + 40 a\u00f1os<\/strong><br \/>\n1\u00b0 Leandro Lippi (Mercedes).<br \/>\n2\u00b0 Diego Taborda (Chivilcoy).<br \/>\n3\u00b0 Luis Ortiz (Mercedes).<br \/>\n4\u00b0 Germ\u00e1n Arguello (Luj\u00e1n).<br \/>\n5\u00b0 Sebasti\u00e1n Su\u00e1rez (Mercedes).<br \/>\n6\u00b0 Leandro Ball (Lan\u00fas).<br \/>\n7\u00b0 Cristian Gonz\u00e1lez (Carlos Casares).<br \/>\n8\u00b0 Juan De Andrea (Carlos Casares).<br \/>\n9\u00b0 Orlando Obiedo (Buenos Aires).<br \/>\n10\u00b0 Ezequiel L\u00f3pez (Mercedes).<\/p>\n<p><img loading=\"lazy\" decoding=\"async\" class=\"alignnone size-full wp-image-120758\" src=\"https:\/\/noticiasmercedinas.com\/site\/wp-content\/uploads\/2023\/08\/IMG_9156.jpg\" alt=\"\" width=\"640\" height=\"444\" srcset=\"https:\/\/noticiasmercedinas.com\/site\/wp-content\/uploads\/2023\/08\/IMG_9156.jpg 640w, https:\/\/noticiasmercedinas.com\/site\/wp-content\/uploads\/2023\/08\/IMG_9156-300x208.jpg 300w\" sizes=\"auto, (max-width: 640px) 100vw, 640px\" \/><\/p>\n<p><strong>Libre<\/strong><br \/>\n1\u00b0 Diego Navas (Las Flores).<br \/>\n2\u00b0 Carlos Cardozo (Las Flores).<br \/>\n3\u00b0 Franco Flores (Pilar).<br \/>\n4\u00b0 Mat\u00edas Mallo (San Pedro).<br \/>\n5\u00b0 Emiliano Aldecoa (Mercedes).<br \/>\n6\u00b0 Pablo Mallo (San Pedro).<br \/>\n7\u00b0 Federico Desia (Carmen de Areco).<br \/>\n8\u00b0 Adri\u00e1n Andreassi (Chivilcoy).<br \/>\n9\u00b0 Mariano Mazurkiewich.<br \/>\n10\u00b0 Patricio Torres (Pilar).<br \/>\n11\u00b0 Jonatan Gallardo.<br \/>\n12\u00b0 Carlos Aniceli (Mercedes).<\/p>\n","protected":false},"excerpt":{"rendered":"<p>\u25a0 En el Parque Independencia se gest\u00f3 una tarde de \u201cRuedas Gordas\u201d  este s\u00e1bado. De los puestos m\u00e1s importantes de podio sobresalieron Carlos Aldecoa y Leandro Lippi. Otros locales tomaron parte de buena manera.<\/p>\n","protected":false},"author":6,"featured_media":120754,"comment_status":"closed","ping_status":"closed","sticky":false,"template":"","format":"standard","meta":{"footnotes":""},"categories":[5],"tags":[11116,204],"class_list":["post-120753","post","type-post","status-publish","format-standard","has-post-thumbnail","hentry","category-deportes","tag-comision-municipal-de-ciclismo","tag-rural-bike"],"yoast_head":"<!-- This site is optimized with the Yoast SEO plugin v27.4 - https:\/\/yoast.com\/product\/yoast-seo-wordpress\/ -->\n<title>Con nuevo trazado hubo Rural Bike<\/title>\n<meta name=\"robots\" content=\"index, follow, max-snippet:-1, max-image-preview:large, max-video-preview:-1\" \/>\n<link rel=\"canonical\" href=\"https:\/\/noticiasmercedinas.com\/site\/2023\/08\/12\/con-nuevo-trazado-hubo-rural-bike\/\" \/>\n<meta property=\"og:locale\" content=\"es_ES\" \/>\n<meta property=\"og:type\" content=\"article\" \/>\n<meta property=\"og:title\" content=\"Con nuevo trazado hubo Rural Bike\" \/>\n<meta property=\"og:description\" content=\"\u25a0 En el Parque Independencia se gest\u00f3 una tarde de \u201cRuedas Gordas\u201d este s\u00e1bado. De los puestos m\u00e1s importantes de podio sobresalieron Carlos Aldecoa y Leandro Lippi. Otros locales tomaron parte de buena manera.\" \/>\n<meta property=\"og:url\" content=\"https:\/\/noticiasmercedinas.com\/site\/2023\/08\/12\/con-nuevo-trazado-hubo-rural-bike\/\" \/>\n<meta property=\"og:site_name\" content=\"NOTICIASMERCEDINAS.COM\" \/>\n<meta property=\"article:publisher\" content=\"https:\/\/www.facebook.com\/noticiasmercedinas\/\" \/>\n<meta property=\"article:published_time\" content=\"2023-08-12T22:30:54+00:00\" \/>\n<meta property=\"article:modified_time\" content=\"2023-08-12T22:33:19+00:00\" \/>\n<meta property=\"og:image\" content=\"https:\/\/noticiasmercedinas.com\/site\/wp-content\/uploads\/2023\/08\/IMG_9155.jpg\" \/>\n\t<meta property=\"og:image:width\" content=\"640\" \/>\n\t<meta property=\"og:image:height\" content=\"463\" \/>\n\t<meta property=\"og:image:type\" content=\"image\/jpeg\" \/>\n<meta name=\"author\" content=\"Juan Dagnino NOTICIASMERCEDINAS.COM\" \/>\n<meta name=\"twitter:card\" content=\"summary_large_image\" \/>\n<meta name=\"twitter:creator\" content=\"@notmercedinas\" \/>\n<meta name=\"twitter:site\" content=\"@notmercedinas\" \/>\n<meta name=\"twitter:label1\" content=\"Escrito por\" \/>\n\t<meta name=\"twitter:data1\" content=\"Juan Dagnino NOTICIASMERCEDINAS.COM\" \/>\n\t<meta name=\"twitter:label2\" content=\"Tiempo de lectura\" \/>\n\t<meta name=\"twitter:data2\" content=\"3 minutos\" \/>\n<script type=\"application\/ld+json\" class=\"yoast-schema-graph\">{\"@context\":\"https:\\\/\\\/schema.org\",\"@graph\":[{\"@type\":\"Article\",\"@id\":\"https:\\\/\\\/noticiasmercedinas.com\\\/site\\\/2023\\\/08\\\/12\\\/con-nuevo-trazado-hubo-rural-bike\\\/#article\",\"isPartOf\":{\"@id\":\"https:\\\/\\\/noticiasmercedinas.com\\\/site\\\/2023\\\/08\\\/12\\\/con-nuevo-trazado-hubo-rural-bike\\\/\"},\"author\":{\"name\":\"Juan Dagnino NOTICIASMERCEDINAS.COM\",\"@id\":\"https:\\\/\\\/noticiasmercedinas.com\\\/site\\\/#\\\/schema\\\/person\\\/8f2f09d666ef40986eba4a5e6f2a06f9\"},\"headline\":\"Con nuevo trazado hubo Rural Bike\",\"datePublished\":\"2023-08-12T22:30:54+00:00\",\"dateModified\":\"2023-08-12T22:33:19+00:00\",\"mainEntityOfPage\":{\"@id\":\"https:\\\/\\\/noticiasmercedinas.com\\\/site\\\/2023\\\/08\\\/12\\\/con-nuevo-trazado-hubo-rural-bike\\\/\"},\"wordCount\":299,\"publisher\":{\"@id\":\"https:\\\/\\\/noticiasmercedinas.com\\\/site\\\/#organization\"},\"image\":{\"@id\":\"https:\\\/\\\/noticiasmercedinas.com\\\/site\\\/2023\\\/08\\\/12\\\/con-nuevo-trazado-hubo-rural-bike\\\/#primaryimage\"},\"thumbnailUrl\":\"https:\\\/\\\/noticiasmercedinas.com\\\/site\\\/wp-content\\\/uploads\\\/2023\\\/08\\\/IMG_9155.jpg\",\"keywords\":[\"comision municipal de ciclismo\",\"rural bike\"],\"articleSection\":[\"Deportes\"],\"inLanguage\":\"es\"},{\"@type\":\"WebPage\",\"@id\":\"https:\\\/\\\/noticiasmercedinas.com\\\/site\\\/2023\\\/08\\\/12\\\/con-nuevo-trazado-hubo-rural-bike\\\/\",\"url\":\"https:\\\/\\\/noticiasmercedinas.com\\\/site\\\/2023\\\/08\\\/12\\\/con-nuevo-trazado-hubo-rural-bike\\\/\",\"name\":\"Con nuevo trazado hubo Rural Bike\",\"isPartOf\":{\"@id\":\"https:\\\/\\\/noticiasmercedinas.com\\\/site\\\/#website\"},\"primaryImageOfPage\":{\"@id\":\"https:\\\/\\\/noticiasmercedinas.com\\\/site\\\/2023\\\/08\\\/12\\\/con-nuevo-trazado-hubo-rural-bike\\\/#primaryimage\"},\"image\":{\"@id\":\"https:\\\/\\\/noticiasmercedinas.com\\\/site\\\/2023\\\/08\\\/12\\\/con-nuevo-trazado-hubo-rural-bike\\\/#primaryimage\"},\"thumbnailUrl\":\"https:\\\/\\\/noticiasmercedinas.com\\\/site\\\/wp-content\\\/uploads\\\/2023\\\/08\\\/IMG_9155.jpg\",\"datePublished\":\"2023-08-12T22:30:54+00:00\",\"dateModified\":\"2023-08-12T22:33:19+00:00\",\"breadcrumb\":{\"@id\":\"https:\\\/\\\/noticiasmercedinas.com\\\/site\\\/2023\\\/08\\\/12\\\/con-nuevo-trazado-hubo-rural-bike\\\/#breadcrumb\"},\"inLanguage\":\"es\",\"potentialAction\":[{\"@type\":\"ReadAction\",\"target\":[\"https:\\\/\\\/noticiasmercedinas.com\\\/site\\\/2023\\\/08\\\/12\\\/con-nuevo-trazado-hubo-rural-bike\\\/\"]}]},{\"@type\":\"ImageObject\",\"inLanguage\":\"es\",\"@id\":\"https:\\\/\\\/noticiasmercedinas.com\\\/site\\\/2023\\\/08\\\/12\\\/con-nuevo-trazado-hubo-rural-bike\\\/#primaryimage\",\"url\":\"https:\\\/\\\/noticiasmercedinas.com\\\/site\\\/wp-content\\\/uploads\\\/2023\\\/08\\\/IMG_9155.jpg\",\"contentUrl\":\"https:\\\/\\\/noticiasmercedinas.com\\\/site\\\/wp-content\\\/uploads\\\/2023\\\/08\\\/IMG_9155.jpg\",\"width\":640,\"height\":463},{\"@type\":\"BreadcrumbList\",\"@id\":\"https:\\\/\\\/noticiasmercedinas.com\\\/site\\\/2023\\\/08\\\/12\\\/con-nuevo-trazado-hubo-rural-bike\\\/#breadcrumb\",\"itemListElement\":[{\"@type\":\"ListItem\",\"position\":1,\"name\":\"Portada\",\"item\":\"https:\\\/\\\/noticiasmercedinas.com\\\/site\\\/\"},{\"@type\":\"ListItem\",\"position\":2,\"name\":\"Con nuevo trazado hubo Rural Bike\"}]},{\"@type\":\"WebSite\",\"@id\":\"https:\\\/\\\/noticiasmercedinas.com\\\/site\\\/#website\",\"url\":\"https:\\\/\\\/noticiasmercedinas.com\\\/site\\\/\",\"name\":\"NOTICIASMERCEDINAS.COM\",\"description\":\"Mercedes, Buenos Aires, Argentina\",\"publisher\":{\"@id\":\"https:\\\/\\\/noticiasmercedinas.com\\\/site\\\/#organization\"},\"potentialAction\":[{\"@type\":\"SearchAction\",\"target\":{\"@type\":\"EntryPoint\",\"urlTemplate\":\"https:\\\/\\\/noticiasmercedinas.com\\\/site\\\/?s={search_term_string}\"},\"query-input\":{\"@type\":\"PropertyValueSpecification\",\"valueRequired\":true,\"valueName\":\"search_term_string\"}}],\"inLanguage\":\"es\"},{\"@type\":\"Organization\",\"@id\":\"https:\\\/\\\/noticiasmercedinas.com\\\/site\\\/#organization\",\"name\":\"NOTICIASMERCEDINAS.COM\",\"url\":\"https:\\\/\\\/noticiasmercedinas.com\\\/site\\\/\",\"logo\":{\"@type\":\"ImageObject\",\"inLanguage\":\"es\",\"@id\":\"https:\\\/\\\/noticiasmercedinas.com\\\/site\\\/#\\\/schema\\\/logo\\\/image\\\/\",\"url\":\"https:\\\/\\\/noticiasmercedinas.com\\\/site\\\/wp-content\\\/uploads\\\/2020\\\/06\\\/LOGO-512.jpg\",\"contentUrl\":\"https:\\\/\\\/noticiasmercedinas.com\\\/site\\\/wp-content\\\/uploads\\\/2020\\\/06\\\/LOGO-512.jpg\",\"width\":512,\"height\":512,\"caption\":\"NOTICIASMERCEDINAS.COM\"},\"image\":{\"@id\":\"https:\\\/\\\/noticiasmercedinas.com\\\/site\\\/#\\\/schema\\\/logo\\\/image\\\/\"},\"sameAs\":[\"https:\\\/\\\/www.facebook.com\\\/noticiasmercedinas\\\/\",\"https:\\\/\\\/x.com\\\/notmercedinas\",\"https:\\\/\\\/www.instagram.com\\\/noticiasmercedinas\\\/\"]},{\"@type\":\"Person\",\"@id\":\"https:\\\/\\\/noticiasmercedinas.com\\\/site\\\/#\\\/schema\\\/person\\\/8f2f09d666ef40986eba4a5e6f2a06f9\",\"name\":\"Juan Dagnino NOTICIASMERCEDINAS.COM\",\"image\":{\"@type\":\"ImageObject\",\"inLanguage\":\"es\",\"@id\":\"https:\\\/\\\/secure.gravatar.com\\\/avatar\\\/fc7059a769f5a3cae65fadb228a3e4accf3a64b4b2305020d0a27e6d5333c91b?s=96&d=mm&r=g\",\"url\":\"https:\\\/\\\/secure.gravatar.com\\\/avatar\\\/fc7059a769f5a3cae65fadb228a3e4accf3a64b4b2305020d0a27e6d5333c91b?s=96&d=mm&r=g\",\"contentUrl\":\"https:\\\/\\\/secure.gravatar.com\\\/avatar\\\/fc7059a769f5a3cae65fadb228a3e4accf3a64b4b2305020d0a27e6d5333c91b?s=96&d=mm&r=g\",\"caption\":\"Juan Dagnino NOTICIASMERCEDINAS.COM\"},\"url\":\"https:\\\/\\\/noticiasmercedinas.com\\\/site\\\/author\\\/juandagnino\\\/\"}]}<\/script>\n<!-- \/ Yoast SEO plugin. -->","yoast_head_json":{"title":"Con nuevo trazado hubo Rural Bike","robots":{"index":"index","follow":"follow","max-snippet":"max-snippet:-1","max-image-preview":"max-image-preview:large","max-video-preview":"max-video-preview:-1"},"canonical":"https:\/\/noticiasmercedinas.com\/site\/2023\/08\/12\/con-nuevo-trazado-hubo-rural-bike\/","og_locale":"es_ES","og_type":"article","og_title":"Con nuevo trazado hubo Rural Bike","og_description":"\u25a0 En el Parque Independencia se gest\u00f3 una tarde de \u201cRuedas Gordas\u201d este s\u00e1bado. De los puestos m\u00e1s importantes de podio sobresalieron Carlos Aldecoa y Leandro Lippi. Otros locales tomaron parte de buena manera.","og_url":"https:\/\/noticiasmercedinas.com\/site\/2023\/08\/12\/con-nuevo-trazado-hubo-rural-bike\/","og_site_name":"NOTICIASMERCEDINAS.COM","article_publisher":"https:\/\/www.facebook.com\/noticiasmercedinas\/","article_published_time":"2023-08-12T22:30:54+00:00","article_modified_time":"2023-08-12T22:33:19+00:00","og_image":[{"width":640,"height":463,"url":"https:\/\/noticiasmercedinas.com\/site\/wp-content\/uploads\/2023\/08\/IMG_9155.jpg","type":"image\/jpeg"}],"author":"Juan Dagnino NOTICIASMERCEDINAS.COM","twitter_card":"summary_large_image","twitter_creator":"@notmercedinas","twitter_site":"@notmercedinas","twitter_misc":{"Escrito por":"Juan Dagnino NOTICIASMERCEDINAS.COM","Tiempo de lectura":"3 minutos"},"schema":{"@context":"https:\/\/schema.org","@graph":[{"@type":"Article","@id":"https:\/\/noticiasmercedinas.com\/site\/2023\/08\/12\/con-nuevo-trazado-hubo-rural-bike\/#article","isPartOf":{"@id":"https:\/\/noticiasmercedinas.com\/site\/2023\/08\/12\/con-nuevo-trazado-hubo-rural-bike\/"},"author":{"name":"Juan Dagnino NOTICIASMERCEDINAS.COM","@id":"https:\/\/noticiasmercedinas.com\/site\/#\/schema\/person\/8f2f09d666ef40986eba4a5e6f2a06f9"},"headline":"Con nuevo trazado hubo Rural Bike","datePublished":"2023-08-12T22:30:54+00:00","dateModified":"2023-08-12T22:33:19+00:00","mainEntityOfPage":{"@id":"https:\/\/noticiasmercedinas.com\/site\/2023\/08\/12\/con-nuevo-trazado-hubo-rural-bike\/"},"wordCount":299,"publisher":{"@id":"https:\/\/noticiasmercedinas.com\/site\/#organization"},"image":{"@id":"https:\/\/noticiasmercedinas.com\/site\/2023\/08\/12\/con-nuevo-trazado-hubo-rural-bike\/#primaryimage"},"thumbnailUrl":"https:\/\/noticiasmercedinas.com\/site\/wp-content\/uploads\/2023\/08\/IMG_9155.jpg","keywords":["comision municipal de ciclismo","rural bike"],"articleSection":["Deportes"],"inLanguage":"es"},{"@type":"WebPage","@id":"https:\/\/noticiasmercedinas.com\/site\/2023\/08\/12\/con-nuevo-trazado-hubo-rural-bike\/","url":"https:\/\/noticiasmercedinas.com\/site\/2023\/08\/12\/con-nuevo-trazado-hubo-rural-bike\/","name":"Con nuevo trazado hubo Rural Bike","isPartOf":{"@id":"https:\/\/noticiasmercedinas.com\/site\/#website"},"primaryImageOfPage":{"@id":"https:\/\/noticiasmercedinas.com\/site\/2023\/08\/12\/con-nuevo-trazado-hubo-rural-bike\/#primaryimage"},"image":{"@id":"https:\/\/noticiasmercedinas.com\/site\/2023\/08\/12\/con-nuevo-trazado-hubo-rural-bike\/#primaryimage"},"thumbnailUrl":"https:\/\/noticiasmercedinas.com\/site\/wp-content\/uploads\/2023\/08\/IMG_9155.jpg","datePublished":"2023-08-12T22:30:54+00:00","dateModified":"2023-08-12T22:33:19+00:00","breadcrumb":{"@id":"https:\/\/noticiasmercedinas.com\/site\/2023\/08\/12\/con-nuevo-trazado-hubo-rural-bike\/#breadcrumb"},"inLanguage":"es","potentialAction":[{"@type":"ReadAction","target":["https:\/\/noticiasmercedinas.com\/site\/2023\/08\/12\/con-nuevo-trazado-hubo-rural-bike\/"]}]},{"@type":"ImageObject","inLanguage":"es","@id":"https:\/\/noticiasmercedinas.com\/site\/2023\/08\/12\/con-nuevo-trazado-hubo-rural-bike\/#primaryimage","url":"https:\/\/noticiasmercedinas.com\/site\/wp-content\/uploads\/2023\/08\/IMG_9155.jpg","contentUrl":"https:\/\/noticiasmercedinas.com\/site\/wp-content\/uploads\/2023\/08\/IMG_9155.jpg","width":640,"height":463},{"@type":"BreadcrumbList","@id":"https:\/\/noticiasmercedinas.com\/site\/2023\/08\/12\/con-nuevo-trazado-hubo-rural-bike\/#breadcrumb","itemListElement":[{"@type":"ListItem","position":1,"name":"Portada","item":"https:\/\/noticiasmercedinas.com\/site\/"},{"@type":"ListItem","position":2,"name":"Con nuevo trazado hubo Rural Bike"}]},{"@type":"WebSite","@id":"https:\/\/noticiasmercedinas.com\/site\/#website","url":"https:\/\/noticiasmercedinas.com\/site\/","name":"NOTICIASMERCEDINAS.COM","description":"Mercedes, Buenos Aires, Argentina","publisher":{"@id":"https:\/\/noticiasmercedinas.com\/site\/#organization"},"potentialAction":[{"@type":"SearchAction","target":{"@type":"EntryPoint","urlTemplate":"https:\/\/noticiasmercedinas.com\/site\/?s={search_term_string}"},"query-input":{"@type":"PropertyValueSpecification","valueRequired":true,"valueName":"search_term_string"}}],"inLanguage":"es"},{"@type":"Organization","@id":"https:\/\/noticiasmercedinas.com\/site\/#organization","name":"NOTICIASMERCEDINAS.COM","url":"https:\/\/noticiasmercedinas.com\/site\/","logo":{"@type":"ImageObject","inLanguage":"es","@id":"https:\/\/noticiasmercedinas.com\/site\/#\/schema\/logo\/image\/","url":"https:\/\/noticiasmercedinas.com\/site\/wp-content\/uploads\/2020\/06\/LOGO-512.jpg","contentUrl":"https:\/\/noticiasmercedinas.com\/site\/wp-content\/uploads\/2020\/06\/LOGO-512.jpg","width":512,"height":512,"caption":"NOTICIASMERCEDINAS.COM"},"image":{"@id":"https:\/\/noticiasmercedinas.com\/site\/#\/schema\/logo\/image\/"},"sameAs":["https:\/\/www.facebook.com\/noticiasmercedinas\/","https:\/\/x.com\/notmercedinas","https:\/\/www.instagram.com\/noticiasmercedinas\/"]},{"@type":"Person","@id":"https:\/\/noticiasmercedinas.com\/site\/#\/schema\/person\/8f2f09d666ef40986eba4a5e6f2a06f9","name":"Juan Dagnino NOTICIASMERCEDINAS.COM","image":{"@type":"ImageObject","inLanguage":"es","@id":"https:\/\/secure.gravatar.com\/avatar\/fc7059a769f5a3cae65fadb228a3e4accf3a64b4b2305020d0a27e6d5333c91b?s=96&d=mm&r=g","url":"https:\/\/secure.gravatar.com\/avatar\/fc7059a769f5a3cae65fadb228a3e4accf3a64b4b2305020d0a27e6d5333c91b?s=96&d=mm&r=g","contentUrl":"https:\/\/secure.gravatar.com\/avatar\/fc7059a769f5a3cae65fadb228a3e4accf3a64b4b2305020d0a27e6d5333c91b?s=96&d=mm&r=g","caption":"Juan Dagnino NOTICIASMERCEDINAS.COM"},"url":"https:\/\/noticiasmercedinas.com\/site\/author\/juandagnino\/"}]}},"amp_enabled":true,"_links":{"self":[{"href":"https:\/\/noticiasmercedinas.com\/site\/wp-json\/wp\/v2\/posts\/120753","targetHints":{"allow":["GET"]}}],"collection":[{"href":"https:\/\/noticiasmercedinas.com\/site\/wp-json\/wp\/v2\/posts"}],"about":[{"href":"https:\/\/noticiasmercedinas.com\/site\/wp-json\/wp\/v2\/types\/post"}],"author":[{"embeddable":true,"href":"https:\/\/noticiasmercedinas.com\/site\/wp-json\/wp\/v2\/users\/6"}],"replies":[{"embeddable":true,"href":"https:\/\/noticiasmercedinas.com\/site\/wp-json\/wp\/v2\/comments?post=120753"}],"version-history":[{"count":3,"href":"https:\/\/noticiasmercedinas.com\/site\/wp-json\/wp\/v2\/posts\/120753\/revisions"}],"predecessor-version":[{"id":120759,"href":"https:\/\/noticiasmercedinas.com\/site\/wp-json\/wp\/v2\/posts\/120753\/revisions\/120759"}],"wp:featuredmedia":[{"embeddable":true,"href":"https:\/\/noticiasmercedinas.com\/site\/wp-json\/wp\/v2\/media\/120754"}],"wp:attachment":[{"href":"https:\/\/noticiasmercedinas.com\/site\/wp-json\/wp\/v2\/media?parent=120753"}],"wp:term":[{"taxonomy":"category","embeddable":true,"href":"https:\/\/noticiasmercedinas.com\/site\/wp-json\/wp\/v2\/categories?post=120753"},{"taxonomy":"post_tag","embeddable":true,"href":"https:\/\/noticiasmercedinas.com\/site\/wp-json\/wp\/v2\/tags?post=120753"}],"curies":[{"name":"wp","href":"https:\/\/api.w.org\/{rel}","templated":true}]}}