{"id":12102,"date":"2019-02-10T23:08:50","date_gmt":"2019-02-11T02:08:50","guid":{"rendered":"https:\/\/noticiasmercedinas.com\/site\/?p=12102"},"modified":"2019-02-11T00:02:14","modified_gmt":"2019-02-11T03:02:14","slug":"rock-al-pasto-sono-fuerte-en-el-parque-independencia","status":"publish","type":"post","link":"https:\/\/noticiasmercedinas.com\/site\/2019\/02\/10\/rock-al-pasto-sono-fuerte-en-el-parque-independencia\/","title":{"rendered":"\u201cRock al Pasto\u201d son\u00f3 fuerte en el Parque Independencia"},"content":{"rendered":"<p><strong>Se presentaron seis bandas locales y el legendario Vitico tambi\u00e9n toc\u00f3 en el escenario Norberto \u201cPappo\u201d Napolitano. Se consolida la organizaci\u00f3n rockera en la agenda cultural. \u00a0<\/strong><\/p>\n<div id='gallery-1' class='gallery galleryid-12102 gallery-columns-3 gallery-size-full'><figure class='gallery-item'>\n\t\t\t<div class='gallery-icon landscape'>\n\t\t\t\t<a href='https:\/\/noticiasmercedinas.com\/site\/2019\/02\/10\/rock-al-pasto-sono-fuerte-en-el-parque-independencia\/dsc_0015-3\/'><img loading=\"lazy\" decoding=\"async\" width=\"640\" height=\"427\" src=\"https:\/\/noticiasmercedinas.com\/site\/wp-content\/uploads\/2019\/02\/DSC_0015.jpg\" class=\"attachment-full size-full\" alt=\"\" srcset=\"https:\/\/noticiasmercedinas.com\/site\/wp-content\/uploads\/2019\/02\/DSC_0015.jpg 640w, https:\/\/noticiasmercedinas.com\/site\/wp-content\/uploads\/2019\/02\/DSC_0015-300x200.jpg 300w\" sizes=\"auto, (max-width: 640px) 100vw, 640px\" \/><\/a>\n\t\t\t<\/div><\/figure><figure class='gallery-item'>\n\t\t\t<div class='gallery-icon landscape'>\n\t\t\t\t<a href='https:\/\/noticiasmercedinas.com\/site\/2019\/02\/10\/rock-al-pasto-sono-fuerte-en-el-parque-independencia\/dsc_0021\/'><img loading=\"lazy\" decoding=\"async\" width=\"640\" height=\"427\" src=\"https:\/\/noticiasmercedinas.com\/site\/wp-content\/uploads\/2019\/02\/DSC_0021.jpg\" class=\"attachment-full size-full\" alt=\"\" srcset=\"https:\/\/noticiasmercedinas.com\/site\/wp-content\/uploads\/2019\/02\/DSC_0021.jpg 640w, https:\/\/noticiasmercedinas.com\/site\/wp-content\/uploads\/2019\/02\/DSC_0021-300x200.jpg 300w\" sizes=\"auto, (max-width: 640px) 100vw, 640px\" \/><\/a>\n\t\t\t<\/div><\/figure><figure class='gallery-item'>\n\t\t\t<div class='gallery-icon landscape'>\n\t\t\t\t<a href='https:\/\/noticiasmercedinas.com\/site\/2019\/02\/10\/rock-al-pasto-sono-fuerte-en-el-parque-independencia\/dsc_0029-2\/'><img loading=\"lazy\" decoding=\"async\" width=\"640\" height=\"427\" src=\"https:\/\/noticiasmercedinas.com\/site\/wp-content\/uploads\/2019\/02\/DSC_0029.jpg\" class=\"attachment-full size-full\" alt=\"\" srcset=\"https:\/\/noticiasmercedinas.com\/site\/wp-content\/uploads\/2019\/02\/DSC_0029.jpg 640w, https:\/\/noticiasmercedinas.com\/site\/wp-content\/uploads\/2019\/02\/DSC_0029-300x200.jpg 300w\" sizes=\"auto, (max-width: 640px) 100vw, 640px\" \/><\/a>\n\t\t\t<\/div><\/figure><figure class='gallery-item'>\n\t\t\t<div class='gallery-icon landscape'>\n\t\t\t\t<a href='https:\/\/noticiasmercedinas.com\/site\/2019\/02\/10\/rock-al-pasto-sono-fuerte-en-el-parque-independencia\/dsc_0031\/'><img loading=\"lazy\" decoding=\"async\" width=\"640\" height=\"448\" src=\"https:\/\/noticiasmercedinas.com\/site\/wp-content\/uploads\/2019\/02\/DSC_0031.jpg\" class=\"attachment-full size-full\" alt=\"\" srcset=\"https:\/\/noticiasmercedinas.com\/site\/wp-content\/uploads\/2019\/02\/DSC_0031.jpg 640w, https:\/\/noticiasmercedinas.com\/site\/wp-content\/uploads\/2019\/02\/DSC_0031-300x210.jpg 300w\" sizes=\"auto, (max-width: 640px) 100vw, 640px\" \/><\/a>\n\t\t\t<\/div><\/figure><figure class='gallery-item'>\n\t\t\t<div class='gallery-icon landscape'>\n\t\t\t\t<a href='https:\/\/noticiasmercedinas.com\/site\/2019\/02\/10\/rock-al-pasto-sono-fuerte-en-el-parque-independencia\/dsc_0053\/'><img loading=\"lazy\" decoding=\"async\" width=\"640\" height=\"427\" src=\"https:\/\/noticiasmercedinas.com\/site\/wp-content\/uploads\/2019\/02\/DSC_0053.jpg\" class=\"attachment-full size-full\" alt=\"\" srcset=\"https:\/\/noticiasmercedinas.com\/site\/wp-content\/uploads\/2019\/02\/DSC_0053.jpg 640w, https:\/\/noticiasmercedinas.com\/site\/wp-content\/uploads\/2019\/02\/DSC_0053-300x200.jpg 300w\" sizes=\"auto, (max-width: 640px) 100vw, 640px\" \/><\/a>\n\t\t\t<\/div><\/figure><figure class='gallery-item'>\n\t\t\t<div class='gallery-icon landscape'>\n\t\t\t\t<a href='https:\/\/noticiasmercedinas.com\/site\/2019\/02\/10\/rock-al-pasto-sono-fuerte-en-el-parque-independencia\/dsc_0064\/'><img loading=\"lazy\" decoding=\"async\" width=\"640\" height=\"448\" src=\"https:\/\/noticiasmercedinas.com\/site\/wp-content\/uploads\/2019\/02\/DSC_0064.jpg\" class=\"attachment-full size-full\" alt=\"\" srcset=\"https:\/\/noticiasmercedinas.com\/site\/wp-content\/uploads\/2019\/02\/DSC_0064.jpg 640w, https:\/\/noticiasmercedinas.com\/site\/wp-content\/uploads\/2019\/02\/DSC_0064-300x210.jpg 300w\" sizes=\"auto, (max-width: 640px) 100vw, 640px\" \/><\/a>\n\t\t\t<\/div><\/figure><figure class='gallery-item'>\n\t\t\t<div class='gallery-icon landscape'>\n\t\t\t\t<a href='https:\/\/noticiasmercedinas.com\/site\/2019\/02\/10\/rock-al-pasto-sono-fuerte-en-el-parque-independencia\/dsc_0070-2\/'><img loading=\"lazy\" decoding=\"async\" width=\"640\" height=\"427\" src=\"https:\/\/noticiasmercedinas.com\/site\/wp-content\/uploads\/2019\/02\/DSC_0070.jpg\" class=\"attachment-full size-full\" alt=\"\" srcset=\"https:\/\/noticiasmercedinas.com\/site\/wp-content\/uploads\/2019\/02\/DSC_0070.jpg 640w, https:\/\/noticiasmercedinas.com\/site\/wp-content\/uploads\/2019\/02\/DSC_0070-300x200.jpg 300w\" sizes=\"auto, (max-width: 640px) 100vw, 640px\" \/><\/a>\n\t\t\t<\/div><\/figure><figure class='gallery-item'>\n\t\t\t<div class='gallery-icon landscape'>\n\t\t\t\t<a href='https:\/\/noticiasmercedinas.com\/site\/2019\/02\/10\/rock-al-pasto-sono-fuerte-en-el-parque-independencia\/dsc_0071-2\/'><img loading=\"lazy\" decoding=\"async\" width=\"640\" height=\"448\" src=\"https:\/\/noticiasmercedinas.com\/site\/wp-content\/uploads\/2019\/02\/DSC_0071.jpg\" class=\"attachment-full size-full\" alt=\"\" srcset=\"https:\/\/noticiasmercedinas.com\/site\/wp-content\/uploads\/2019\/02\/DSC_0071.jpg 640w, https:\/\/noticiasmercedinas.com\/site\/wp-content\/uploads\/2019\/02\/DSC_0071-300x210.jpg 300w\" sizes=\"auto, (max-width: 640px) 100vw, 640px\" \/><\/a>\n\t\t\t<\/div><\/figure><figure class='gallery-item'>\n\t\t\t<div class='gallery-icon landscape'>\n\t\t\t\t<a href='https:\/\/noticiasmercedinas.com\/site\/2019\/02\/10\/rock-al-pasto-sono-fuerte-en-el-parque-independencia\/dsc_0079\/'><img loading=\"lazy\" decoding=\"async\" width=\"640\" height=\"427\" src=\"https:\/\/noticiasmercedinas.com\/site\/wp-content\/uploads\/2019\/02\/DSC_0079.jpg\" class=\"attachment-full size-full\" alt=\"\" srcset=\"https:\/\/noticiasmercedinas.com\/site\/wp-content\/uploads\/2019\/02\/DSC_0079.jpg 640w, https:\/\/noticiasmercedinas.com\/site\/wp-content\/uploads\/2019\/02\/DSC_0079-300x200.jpg 300w\" sizes=\"auto, (max-width: 640px) 100vw, 640px\" \/><\/a>\n\t\t\t<\/div><\/figure><figure class='gallery-item'>\n\t\t\t<div class='gallery-icon landscape'>\n\t\t\t\t<a href='https:\/\/noticiasmercedinas.com\/site\/2019\/02\/10\/rock-al-pasto-sono-fuerte-en-el-parque-independencia\/dsc_0080\/'><img loading=\"lazy\" decoding=\"async\" width=\"640\" height=\"448\" src=\"https:\/\/noticiasmercedinas.com\/site\/wp-content\/uploads\/2019\/02\/DSC_0080.jpg\" class=\"attachment-full size-full\" alt=\"\" srcset=\"https:\/\/noticiasmercedinas.com\/site\/wp-content\/uploads\/2019\/02\/DSC_0080.jpg 640w, https:\/\/noticiasmercedinas.com\/site\/wp-content\/uploads\/2019\/02\/DSC_0080-300x210.jpg 300w\" sizes=\"auto, (max-width: 640px) 100vw, 640px\" \/><\/a>\n\t\t\t<\/div><\/figure><figure class='gallery-item'>\n\t\t\t<div class='gallery-icon landscape'>\n\t\t\t\t<a href='https:\/\/noticiasmercedinas.com\/site\/2019\/02\/10\/rock-al-pasto-sono-fuerte-en-el-parque-independencia\/dsc_0085\/'><img loading=\"lazy\" decoding=\"async\" width=\"640\" height=\"448\" src=\"https:\/\/noticiasmercedinas.com\/site\/wp-content\/uploads\/2019\/02\/DSC_0085.jpg\" class=\"attachment-full size-full\" alt=\"\" srcset=\"https:\/\/noticiasmercedinas.com\/site\/wp-content\/uploads\/2019\/02\/DSC_0085.jpg 640w, https:\/\/noticiasmercedinas.com\/site\/wp-content\/uploads\/2019\/02\/DSC_0085-300x210.jpg 300w\" sizes=\"auto, (max-width: 640px) 100vw, 640px\" \/><\/a>\n\t\t\t<\/div><\/figure><figure class='gallery-item'>\n\t\t\t<div class='gallery-icon landscape'>\n\t\t\t\t<a href='https:\/\/noticiasmercedinas.com\/site\/2019\/02\/10\/rock-al-pasto-sono-fuerte-en-el-parque-independencia\/dsc_0087\/'><img loading=\"lazy\" decoding=\"async\" width=\"640\" height=\"448\" src=\"https:\/\/noticiasmercedinas.com\/site\/wp-content\/uploads\/2019\/02\/DSC_0087.jpg\" class=\"attachment-full size-full\" alt=\"\" srcset=\"https:\/\/noticiasmercedinas.com\/site\/wp-content\/uploads\/2019\/02\/DSC_0087.jpg 640w, https:\/\/noticiasmercedinas.com\/site\/wp-content\/uploads\/2019\/02\/DSC_0087-300x210.jpg 300w\" sizes=\"auto, (max-width: 640px) 100vw, 640px\" \/><\/a>\n\t\t\t<\/div><\/figure><figure class='gallery-item'>\n\t\t\t<div class='gallery-icon landscape'>\n\t\t\t\t<a href='https:\/\/noticiasmercedinas.com\/site\/2019\/02\/10\/rock-al-pasto-sono-fuerte-en-el-parque-independencia\/dsc_0091\/'><img loading=\"lazy\" decoding=\"async\" width=\"640\" height=\"427\" src=\"https:\/\/noticiasmercedinas.com\/site\/wp-content\/uploads\/2019\/02\/DSC_0091.jpg\" class=\"attachment-full size-full\" alt=\"\" srcset=\"https:\/\/noticiasmercedinas.com\/site\/wp-content\/uploads\/2019\/02\/DSC_0091.jpg 640w, https:\/\/noticiasmercedinas.com\/site\/wp-content\/uploads\/2019\/02\/DSC_0091-300x200.jpg 300w\" sizes=\"auto, (max-width: 640px) 100vw, 640px\" \/><\/a>\n\t\t\t<\/div><\/figure><figure class='gallery-item'>\n\t\t\t<div class='gallery-icon landscape'>\n\t\t\t\t<a href='https:\/\/noticiasmercedinas.com\/site\/2019\/02\/10\/rock-al-pasto-sono-fuerte-en-el-parque-independencia\/dsc_0092\/'><img loading=\"lazy\" decoding=\"async\" width=\"640\" height=\"448\" src=\"https:\/\/noticiasmercedinas.com\/site\/wp-content\/uploads\/2019\/02\/DSC_0092.jpg\" class=\"attachment-full size-full\" alt=\"\" srcset=\"https:\/\/noticiasmercedinas.com\/site\/wp-content\/uploads\/2019\/02\/DSC_0092.jpg 640w, https:\/\/noticiasmercedinas.com\/site\/wp-content\/uploads\/2019\/02\/DSC_0092-300x210.jpg 300w\" sizes=\"auto, (max-width: 640px) 100vw, 640px\" \/><\/a>\n\t\t\t<\/div><\/figure><figure class='gallery-item'>\n\t\t\t<div class='gallery-icon landscape'>\n\t\t\t\t<a href='https:\/\/noticiasmercedinas.com\/site\/2019\/02\/10\/rock-al-pasto-sono-fuerte-en-el-parque-independencia\/dsc_0099\/'><img loading=\"lazy\" decoding=\"async\" width=\"640\" height=\"427\" src=\"https:\/\/noticiasmercedinas.com\/site\/wp-content\/uploads\/2019\/02\/DSC_0099.jpg\" class=\"attachment-full size-full\" alt=\"\" srcset=\"https:\/\/noticiasmercedinas.com\/site\/wp-content\/uploads\/2019\/02\/DSC_0099.jpg 640w, https:\/\/noticiasmercedinas.com\/site\/wp-content\/uploads\/2019\/02\/DSC_0099-300x200.jpg 300w\" sizes=\"auto, (max-width: 640px) 100vw, 640px\" \/><\/a>\n\t\t\t<\/div><\/figure><figure class='gallery-item'>\n\t\t\t<div class='gallery-icon landscape'>\n\t\t\t\t<a href='https:\/\/noticiasmercedinas.com\/site\/2019\/02\/10\/rock-al-pasto-sono-fuerte-en-el-parque-independencia\/dsc_0106\/'><img loading=\"lazy\" decoding=\"async\" width=\"640\" height=\"427\" src=\"https:\/\/noticiasmercedinas.com\/site\/wp-content\/uploads\/2019\/02\/DSC_0106.jpg\" class=\"attachment-full size-full\" alt=\"\" srcset=\"https:\/\/noticiasmercedinas.com\/site\/wp-content\/uploads\/2019\/02\/DSC_0106.jpg 640w, https:\/\/noticiasmercedinas.com\/site\/wp-content\/uploads\/2019\/02\/DSC_0106-300x200.jpg 300w\" sizes=\"auto, (max-width: 640px) 100vw, 640px\" \/><\/a>\n\t\t\t<\/div><\/figure><figure class='gallery-item'>\n\t\t\t<div class='gallery-icon landscape'>\n\t\t\t\t<a href='https:\/\/noticiasmercedinas.com\/site\/2019\/02\/10\/rock-al-pasto-sono-fuerte-en-el-parque-independencia\/dsc_0115\/'><img loading=\"lazy\" decoding=\"async\" width=\"640\" height=\"427\" src=\"https:\/\/noticiasmercedinas.com\/site\/wp-content\/uploads\/2019\/02\/DSC_0115.jpg\" class=\"attachment-full size-full\" alt=\"\" srcset=\"https:\/\/noticiasmercedinas.com\/site\/wp-content\/uploads\/2019\/02\/DSC_0115.jpg 640w, https:\/\/noticiasmercedinas.com\/site\/wp-content\/uploads\/2019\/02\/DSC_0115-300x200.jpg 300w\" sizes=\"auto, (max-width: 640px) 100vw, 640px\" \/><\/a>\n\t\t\t<\/div><\/figure><figure class='gallery-item'>\n\t\t\t<div class='gallery-icon landscape'>\n\t\t\t\t<a href='https:\/\/noticiasmercedinas.com\/site\/2019\/02\/10\/rock-al-pasto-sono-fuerte-en-el-parque-independencia\/dsc_0122\/'><img loading=\"lazy\" decoding=\"async\" width=\"640\" height=\"427\" src=\"https:\/\/noticiasmercedinas.com\/site\/wp-content\/uploads\/2019\/02\/DSC_0122.jpg\" class=\"attachment-full size-full\" alt=\"\" srcset=\"https:\/\/noticiasmercedinas.com\/site\/wp-content\/uploads\/2019\/02\/DSC_0122.jpg 640w, https:\/\/noticiasmercedinas.com\/site\/wp-content\/uploads\/2019\/02\/DSC_0122-300x200.jpg 300w\" sizes=\"auto, (max-width: 640px) 100vw, 640px\" \/><\/a>\n\t\t\t<\/div><\/figure><figure class='gallery-item'>\n\t\t\t<div class='gallery-icon landscape'>\n\t\t\t\t<a href='https:\/\/noticiasmercedinas.com\/site\/2019\/02\/10\/rock-al-pasto-sono-fuerte-en-el-parque-independencia\/dsc_0124\/'><img loading=\"lazy\" decoding=\"async\" width=\"640\" height=\"427\" src=\"https:\/\/noticiasmercedinas.com\/site\/wp-content\/uploads\/2019\/02\/DSC_0124.jpg\" class=\"attachment-full size-full\" alt=\"\" srcset=\"https:\/\/noticiasmercedinas.com\/site\/wp-content\/uploads\/2019\/02\/DSC_0124.jpg 640w, https:\/\/noticiasmercedinas.com\/site\/wp-content\/uploads\/2019\/02\/DSC_0124-300x200.jpg 300w\" sizes=\"auto, (max-width: 640px) 100vw, 640px\" \/><\/a>\n\t\t\t<\/div><\/figure><figure class='gallery-item'>\n\t\t\t<div class='gallery-icon landscape'>\n\t\t\t\t<a href='https:\/\/noticiasmercedinas.com\/site\/2019\/02\/10\/rock-al-pasto-sono-fuerte-en-el-parque-independencia\/dsc_0128\/'><img loading=\"lazy\" decoding=\"async\" width=\"640\" height=\"448\" src=\"https:\/\/noticiasmercedinas.com\/site\/wp-content\/uploads\/2019\/02\/DSC_0128.jpg\" class=\"attachment-full size-full\" alt=\"\" srcset=\"https:\/\/noticiasmercedinas.com\/site\/wp-content\/uploads\/2019\/02\/DSC_0128.jpg 640w, https:\/\/noticiasmercedinas.com\/site\/wp-content\/uploads\/2019\/02\/DSC_0128-300x210.jpg 300w\" sizes=\"auto, (max-width: 640px) 100vw, 640px\" \/><\/a>\n\t\t\t<\/div><\/figure><figure class='gallery-item'>\n\t\t\t<div class='gallery-icon landscape'>\n\t\t\t\t<a href='https:\/\/noticiasmercedinas.com\/site\/2019\/02\/10\/rock-al-pasto-sono-fuerte-en-el-parque-independencia\/dsc_0130\/'><img loading=\"lazy\" decoding=\"async\" width=\"640\" height=\"448\" src=\"https:\/\/noticiasmercedinas.com\/site\/wp-content\/uploads\/2019\/02\/DSC_0130.jpg\" class=\"attachment-full size-full\" alt=\"\" srcset=\"https:\/\/noticiasmercedinas.com\/site\/wp-content\/uploads\/2019\/02\/DSC_0130.jpg 640w, https:\/\/noticiasmercedinas.com\/site\/wp-content\/uploads\/2019\/02\/DSC_0130-300x210.jpg 300w\" sizes=\"auto, (max-width: 640px) 100vw, 640px\" \/><\/a>\n\t\t\t<\/div><\/figure>\n\t\t<\/div>\n\n<p>Seis bandas se presentaron el s\u00e1bado a la noche en el escenario Norberto \u201cPappo\u201d Napolitano del Parque Municipal Independencia, el s\u00e1bado a la noche en una nueva edici\u00f3n de \u201cRock al Pasto\u201d.<\/p>\n<p>Con una buena respuesta de p\u00fablico sonaron Encadenados, Don Ust\u00e9, Ladeabajo, Pegamento, Ambivalencia y Cementerio Blanco. La visita de Vitico, m\u00edtico bajista de Riff y cantante, marc\u00f3 un punto alto de la rockera noche de verano.<\/p>\n<p>El ciclo surge del trabajo en conjunto del \u00e1rea de Pol\u00edtica Juveniles, Cultura y las bandas locales. \u201cSon art\u00edfices indiscutidas de este \u00e9xito, hay una movida ejemplar, solidarios, amigos, les brindamos todo nuestro apoyo\u201d, expres\u00f3 el intendente Juan Ignacio Ustarroz.<\/p>\n<p>Eugenia C\u00f3dega, responsable de Juventud, se\u00f1al\u00f3 que despu\u00e9s del \u00e9xito de \u201cRock en el Galp\u00f3n\u201d y el retorno tras 20 a\u00f1os del \u201cMercedes Rock\u201d la propuesta \u201cRock al Pasto\u201d consolida el proceso de organizaci\u00f3n de 60 bandas de Mercedes para instalarse en el calendario cultural.<\/p>\n<p>\u201cAdem\u00e1s lo hacemos en un predio que est\u00e1 cada d\u00eda m\u00e1s lindo y ya cuenta con un cartel que con mucho esfuerzo y dedicaci\u00f3n colocaron en los \u00faltimos d\u00edas, homenajeando a Pappo, quien supo a\u00f1os atr\u00e1s tocar en Mercedes\u201d, indic\u00f3 e inform\u00f3 que pronto se conocer\u00e1n nuevas fechas.<\/p>\n<p>&nbsp;<\/p>\n<p>&nbsp;<\/p>\n<p>&nbsp;<\/p>\n<p>&nbsp;<\/p>\n","protected":false},"excerpt":{"rendered":"<p>Se presentaron seis bandas locales y el legendario Vitico tambi\u00e9n toc\u00f3 en el escenario Norberto \u201cPappo\u201d Napolitano. Se consolida la organizaci\u00f3n rockera en la agenda cultural. \u00a0 Seis bandas se presentaron el s\u00e1bado a la noche en el escenario Norberto \u201cPappo\u201d Napolitano del Parque Municipal Independencia, el s\u00e1bado a la noche en una nueva edici\u00f3n [&hellip;]<\/p>\n","protected":false},"author":16,"featured_media":12108,"comment_status":"open","ping_status":"open","sticky":false,"template":"","format":"standard","meta":{"footnotes":""},"categories":[4],"tags":[3523,207,3311],"class_list":["post-12102","post","type-post","status-publish","format-standard","has-post-thumbnail","hentry","category-cultura","tag-parque-municipal-independencia","tag-rock","tag-rock-al-pasto"],"yoast_head":"<!-- This site is optimized with the Yoast SEO plugin v27.5 - https:\/\/yoast.com\/product\/yoast-seo-wordpress\/ -->\n<title>\u201cRock al Pasto\u201d son\u00f3 fuerte en el Parque Independencia<\/title>\n<meta name=\"robots\" content=\"index, follow, max-snippet:-1, max-image-preview:large, max-video-preview:-1\" \/>\n<link rel=\"canonical\" href=\"https:\/\/noticiasmercedinas.com\/site\/2019\/02\/10\/rock-al-pasto-sono-fuerte-en-el-parque-independencia\/\" \/>\n<meta property=\"og:locale\" content=\"es_ES\" \/>\n<meta property=\"og:type\" content=\"article\" \/>\n<meta property=\"og:title\" content=\"\u201cRock al Pasto\u201d son\u00f3 fuerte en el Parque Independencia\" \/>\n<meta property=\"og:description\" content=\"Se presentaron seis bandas locales y el legendario Vitico tambi\u00e9n toc\u00f3 en el escenario Norberto \u201cPappo\u201d Napolitano. Se consolida la organizaci\u00f3n rockera en la agenda cultural. \u00a0 Seis bandas se presentaron el s\u00e1bado a la noche en el escenario Norberto \u201cPappo\u201d Napolitano del Parque Municipal Independencia, el s\u00e1bado a la noche en una nueva edici\u00f3n [&hellip;]\" \/>\n<meta property=\"og:url\" content=\"https:\/\/noticiasmercedinas.com\/site\/2019\/02\/10\/rock-al-pasto-sono-fuerte-en-el-parque-independencia\/\" \/>\n<meta property=\"og:site_name\" content=\"NOTICIASMERCEDINAS.COM\" \/>\n<meta property=\"article:publisher\" content=\"https:\/\/www.facebook.com\/noticiasmercedinas\/\" \/>\n<meta property=\"article:published_time\" content=\"2019-02-11T02:08:50+00:00\" \/>\n<meta property=\"article:modified_time\" content=\"2019-02-11T03:02:14+00:00\" \/>\n<meta property=\"og:image\" content=\"https:\/\/noticiasmercedinas.com\/site\/wp-content\/uploads\/2019\/02\/DSC_0064.jpg\" \/>\n\t<meta property=\"og:image:width\" content=\"640\" \/>\n\t<meta property=\"og:image:height\" content=\"448\" \/>\n\t<meta property=\"og:image:type\" content=\"image\/jpeg\" \/>\n<meta name=\"author\" content=\"NOTICIASMERCEDINAS.COM\" \/>\n<meta name=\"twitter:card\" content=\"summary_large_image\" \/>\n<meta name=\"twitter:creator\" content=\"@notmercedinas\" \/>\n<meta name=\"twitter:site\" content=\"@notmercedinas\" \/>\n<meta name=\"twitter:label1\" content=\"Escrito por\" \/>\n\t<meta name=\"twitter:data1\" content=\"NOTICIASMERCEDINAS.COM\" \/>\n\t<meta name=\"twitter:label2\" content=\"Tiempo de lectura\" \/>\n\t<meta name=\"twitter:data2\" content=\"1 minuto\" \/>\n<script type=\"application\/ld+json\" class=\"yoast-schema-graph\">{\"@context\":\"https:\\\/\\\/schema.org\",\"@graph\":[{\"@type\":\"Article\",\"@id\":\"https:\\\/\\\/noticiasmercedinas.com\\\/site\\\/2019\\\/02\\\/10\\\/rock-al-pasto-sono-fuerte-en-el-parque-independencia\\\/#article\",\"isPartOf\":{\"@id\":\"https:\\\/\\\/noticiasmercedinas.com\\\/site\\\/2019\\\/02\\\/10\\\/rock-al-pasto-sono-fuerte-en-el-parque-independencia\\\/\"},\"author\":{\"name\":\"NOTICIASMERCEDINAS.COM\",\"@id\":\"https:\\\/\\\/noticiasmercedinas.com\\\/site\\\/#\\\/schema\\\/person\\\/84b59c099c28ff2e8b77d4ceec5d8063\"},\"headline\":\"\u201cRock al Pasto\u201d son\u00f3 fuerte en el Parque Independencia\",\"datePublished\":\"2019-02-11T02:08:50+00:00\",\"dateModified\":\"2019-02-11T03:02:14+00:00\",\"mainEntityOfPage\":{\"@id\":\"https:\\\/\\\/noticiasmercedinas.com\\\/site\\\/2019\\\/02\\\/10\\\/rock-al-pasto-sono-fuerte-en-el-parque-independencia\\\/\"},\"wordCount\":275,\"commentCount\":0,\"publisher\":{\"@id\":\"https:\\\/\\\/noticiasmercedinas.com\\\/site\\\/#organization\"},\"image\":{\"@id\":\"https:\\\/\\\/noticiasmercedinas.com\\\/site\\\/2019\\\/02\\\/10\\\/rock-al-pasto-sono-fuerte-en-el-parque-independencia\\\/#primaryimage\"},\"thumbnailUrl\":\"https:\\\/\\\/noticiasmercedinas.com\\\/site\\\/wp-content\\\/uploads\\\/2019\\\/02\\\/DSC_0064.jpg\",\"keywords\":[\"Parque Municipal Independencia\",\"rock\",\"rock al pasto\"],\"articleSection\":[\"Cultura\"],\"inLanguage\":\"es\",\"potentialAction\":[{\"@type\":\"CommentAction\",\"name\":\"Comment\",\"target\":[\"https:\\\/\\\/noticiasmercedinas.com\\\/site\\\/2019\\\/02\\\/10\\\/rock-al-pasto-sono-fuerte-en-el-parque-independencia\\\/#respond\"]}]},{\"@type\":\"WebPage\",\"@id\":\"https:\\\/\\\/noticiasmercedinas.com\\\/site\\\/2019\\\/02\\\/10\\\/rock-al-pasto-sono-fuerte-en-el-parque-independencia\\\/\",\"url\":\"https:\\\/\\\/noticiasmercedinas.com\\\/site\\\/2019\\\/02\\\/10\\\/rock-al-pasto-sono-fuerte-en-el-parque-independencia\\\/\",\"name\":\"\u201cRock al Pasto\u201d son\u00f3 fuerte en el Parque Independencia\",\"isPartOf\":{\"@id\":\"https:\\\/\\\/noticiasmercedinas.com\\\/site\\\/#website\"},\"primaryImageOfPage\":{\"@id\":\"https:\\\/\\\/noticiasmercedinas.com\\\/site\\\/2019\\\/02\\\/10\\\/rock-al-pasto-sono-fuerte-en-el-parque-independencia\\\/#primaryimage\"},\"image\":{\"@id\":\"https:\\\/\\\/noticiasmercedinas.com\\\/site\\\/2019\\\/02\\\/10\\\/rock-al-pasto-sono-fuerte-en-el-parque-independencia\\\/#primaryimage\"},\"thumbnailUrl\":\"https:\\\/\\\/noticiasmercedinas.com\\\/site\\\/wp-content\\\/uploads\\\/2019\\\/02\\\/DSC_0064.jpg\",\"datePublished\":\"2019-02-11T02:08:50+00:00\",\"dateModified\":\"2019-02-11T03:02:14+00:00\",\"breadcrumb\":{\"@id\":\"https:\\\/\\\/noticiasmercedinas.com\\\/site\\\/2019\\\/02\\\/10\\\/rock-al-pasto-sono-fuerte-en-el-parque-independencia\\\/#breadcrumb\"},\"inLanguage\":\"es\",\"potentialAction\":[{\"@type\":\"ReadAction\",\"target\":[\"https:\\\/\\\/noticiasmercedinas.com\\\/site\\\/2019\\\/02\\\/10\\\/rock-al-pasto-sono-fuerte-en-el-parque-independencia\\\/\"]}]},{\"@type\":\"ImageObject\",\"inLanguage\":\"es\",\"@id\":\"https:\\\/\\\/noticiasmercedinas.com\\\/site\\\/2019\\\/02\\\/10\\\/rock-al-pasto-sono-fuerte-en-el-parque-independencia\\\/#primaryimage\",\"url\":\"https:\\\/\\\/noticiasmercedinas.com\\\/site\\\/wp-content\\\/uploads\\\/2019\\\/02\\\/DSC_0064.jpg\",\"contentUrl\":\"https:\\\/\\\/noticiasmercedinas.com\\\/site\\\/wp-content\\\/uploads\\\/2019\\\/02\\\/DSC_0064.jpg\",\"width\":640,\"height\":448},{\"@type\":\"BreadcrumbList\",\"@id\":\"https:\\\/\\\/noticiasmercedinas.com\\\/site\\\/2019\\\/02\\\/10\\\/rock-al-pasto-sono-fuerte-en-el-parque-independencia\\\/#breadcrumb\",\"itemListElement\":[{\"@type\":\"ListItem\",\"position\":1,\"name\":\"Portada\",\"item\":\"https:\\\/\\\/noticiasmercedinas.com\\\/site\\\/\"},{\"@type\":\"ListItem\",\"position\":2,\"name\":\"\u201cRock al Pasto\u201d son\u00f3 fuerte en el Parque Independencia\"}]},{\"@type\":\"WebSite\",\"@id\":\"https:\\\/\\\/noticiasmercedinas.com\\\/site\\\/#website\",\"url\":\"https:\\\/\\\/noticiasmercedinas.com\\\/site\\\/\",\"name\":\"NOTICIASMERCEDINAS.COM\",\"description\":\"Mercedes, Buenos Aires, Argentina\",\"publisher\":{\"@id\":\"https:\\\/\\\/noticiasmercedinas.com\\\/site\\\/#organization\"},\"potentialAction\":[{\"@type\":\"SearchAction\",\"target\":{\"@type\":\"EntryPoint\",\"urlTemplate\":\"https:\\\/\\\/noticiasmercedinas.com\\\/site\\\/?s={search_term_string}\"},\"query-input\":{\"@type\":\"PropertyValueSpecification\",\"valueRequired\":true,\"valueName\":\"search_term_string\"}}],\"inLanguage\":\"es\"},{\"@type\":\"Organization\",\"@id\":\"https:\\\/\\\/noticiasmercedinas.com\\\/site\\\/#organization\",\"name\":\"NOTICIASMERCEDINAS.COM\",\"url\":\"https:\\\/\\\/noticiasmercedinas.com\\\/site\\\/\",\"logo\":{\"@type\":\"ImageObject\",\"inLanguage\":\"es\",\"@id\":\"https:\\\/\\\/noticiasmercedinas.com\\\/site\\\/#\\\/schema\\\/logo\\\/image\\\/\",\"url\":\"https:\\\/\\\/noticiasmercedinas.com\\\/site\\\/wp-content\\\/uploads\\\/2020\\\/06\\\/LOGO-512.jpg\",\"contentUrl\":\"https:\\\/\\\/noticiasmercedinas.com\\\/site\\\/wp-content\\\/uploads\\\/2020\\\/06\\\/LOGO-512.jpg\",\"width\":512,\"height\":512,\"caption\":\"NOTICIASMERCEDINAS.COM\"},\"image\":{\"@id\":\"https:\\\/\\\/noticiasmercedinas.com\\\/site\\\/#\\\/schema\\\/logo\\\/image\\\/\"},\"sameAs\":[\"https:\\\/\\\/www.facebook.com\\\/noticiasmercedinas\\\/\",\"https:\\\/\\\/x.com\\\/notmercedinas\",\"https:\\\/\\\/www.instagram.com\\\/noticiasmercedinas\\\/\"]},{\"@type\":\"Person\",\"@id\":\"https:\\\/\\\/noticiasmercedinas.com\\\/site\\\/#\\\/schema\\\/person\\\/84b59c099c28ff2e8b77d4ceec5d8063\",\"name\":\"NOTICIASMERCEDINAS.COM\",\"image\":{\"@type\":\"ImageObject\",\"inLanguage\":\"es\",\"@id\":\"https:\\\/\\\/secure.gravatar.com\\\/avatar\\\/4dfbf16b4d17945bfb6341b2d19043457132fcf478a5ee04f42e959fd8f5df0a?s=96&d=mm&r=g\",\"url\":\"https:\\\/\\\/secure.gravatar.com\\\/avatar\\\/4dfbf16b4d17945bfb6341b2d19043457132fcf478a5ee04f42e959fd8f5df0a?s=96&d=mm&r=g\",\"contentUrl\":\"https:\\\/\\\/secure.gravatar.com\\\/avatar\\\/4dfbf16b4d17945bfb6341b2d19043457132fcf478a5ee04f42e959fd8f5df0a?s=96&d=mm&r=g\",\"caption\":\"NOTICIASMERCEDINAS.COM\"},\"url\":\"https:\\\/\\\/noticiasmercedinas.com\\\/site\\\/author\\\/anonimo\\\/\"}]}<\/script>\n<!-- \/ Yoast SEO plugin. -->","yoast_head_json":{"title":"\u201cRock al Pasto\u201d son\u00f3 fuerte en el Parque Independencia","robots":{"index":"index","follow":"follow","max-snippet":"max-snippet:-1","max-image-preview":"max-image-preview:large","max-video-preview":"max-video-preview:-1"},"canonical":"https:\/\/noticiasmercedinas.com\/site\/2019\/02\/10\/rock-al-pasto-sono-fuerte-en-el-parque-independencia\/","og_locale":"es_ES","og_type":"article","og_title":"\u201cRock al Pasto\u201d son\u00f3 fuerte en el Parque Independencia","og_description":"Se presentaron seis bandas locales y el legendario Vitico tambi\u00e9n toc\u00f3 en el escenario Norberto \u201cPappo\u201d Napolitano. Se consolida la organizaci\u00f3n rockera en la agenda cultural. \u00a0 Seis bandas se presentaron el s\u00e1bado a la noche en el escenario Norberto \u201cPappo\u201d Napolitano del Parque Municipal Independencia, el s\u00e1bado a la noche en una nueva edici\u00f3n [&hellip;]","og_url":"https:\/\/noticiasmercedinas.com\/site\/2019\/02\/10\/rock-al-pasto-sono-fuerte-en-el-parque-independencia\/","og_site_name":"NOTICIASMERCEDINAS.COM","article_publisher":"https:\/\/www.facebook.com\/noticiasmercedinas\/","article_published_time":"2019-02-11T02:08:50+00:00","article_modified_time":"2019-02-11T03:02:14+00:00","og_image":[{"width":640,"height":448,"url":"https:\/\/noticiasmercedinas.com\/site\/wp-content\/uploads\/2019\/02\/DSC_0064.jpg","type":"image\/jpeg"}],"author":"NOTICIASMERCEDINAS.COM","twitter_card":"summary_large_image","twitter_creator":"@notmercedinas","twitter_site":"@notmercedinas","twitter_misc":{"Escrito por":"NOTICIASMERCEDINAS.COM","Tiempo de lectura":"1 minuto"},"schema":{"@context":"https:\/\/schema.org","@graph":[{"@type":"Article","@id":"https:\/\/noticiasmercedinas.com\/site\/2019\/02\/10\/rock-al-pasto-sono-fuerte-en-el-parque-independencia\/#article","isPartOf":{"@id":"https:\/\/noticiasmercedinas.com\/site\/2019\/02\/10\/rock-al-pasto-sono-fuerte-en-el-parque-independencia\/"},"author":{"name":"NOTICIASMERCEDINAS.COM","@id":"https:\/\/noticiasmercedinas.com\/site\/#\/schema\/person\/84b59c099c28ff2e8b77d4ceec5d8063"},"headline":"\u201cRock al Pasto\u201d son\u00f3 fuerte en el Parque Independencia","datePublished":"2019-02-11T02:08:50+00:00","dateModified":"2019-02-11T03:02:14+00:00","mainEntityOfPage":{"@id":"https:\/\/noticiasmercedinas.com\/site\/2019\/02\/10\/rock-al-pasto-sono-fuerte-en-el-parque-independencia\/"},"wordCount":275,"commentCount":0,"publisher":{"@id":"https:\/\/noticiasmercedinas.com\/site\/#organization"},"image":{"@id":"https:\/\/noticiasmercedinas.com\/site\/2019\/02\/10\/rock-al-pasto-sono-fuerte-en-el-parque-independencia\/#primaryimage"},"thumbnailUrl":"https:\/\/noticiasmercedinas.com\/site\/wp-content\/uploads\/2019\/02\/DSC_0064.jpg","keywords":["Parque Municipal Independencia","rock","rock al pasto"],"articleSection":["Cultura"],"inLanguage":"es","potentialAction":[{"@type":"CommentAction","name":"Comment","target":["https:\/\/noticiasmercedinas.com\/site\/2019\/02\/10\/rock-al-pasto-sono-fuerte-en-el-parque-independencia\/#respond"]}]},{"@type":"WebPage","@id":"https:\/\/noticiasmercedinas.com\/site\/2019\/02\/10\/rock-al-pasto-sono-fuerte-en-el-parque-independencia\/","url":"https:\/\/noticiasmercedinas.com\/site\/2019\/02\/10\/rock-al-pasto-sono-fuerte-en-el-parque-independencia\/","name":"\u201cRock al Pasto\u201d son\u00f3 fuerte en el Parque Independencia","isPartOf":{"@id":"https:\/\/noticiasmercedinas.com\/site\/#website"},"primaryImageOfPage":{"@id":"https:\/\/noticiasmercedinas.com\/site\/2019\/02\/10\/rock-al-pasto-sono-fuerte-en-el-parque-independencia\/#primaryimage"},"image":{"@id":"https:\/\/noticiasmercedinas.com\/site\/2019\/02\/10\/rock-al-pasto-sono-fuerte-en-el-parque-independencia\/#primaryimage"},"thumbnailUrl":"https:\/\/noticiasmercedinas.com\/site\/wp-content\/uploads\/2019\/02\/DSC_0064.jpg","datePublished":"2019-02-11T02:08:50+00:00","dateModified":"2019-02-11T03:02:14+00:00","breadcrumb":{"@id":"https:\/\/noticiasmercedinas.com\/site\/2019\/02\/10\/rock-al-pasto-sono-fuerte-en-el-parque-independencia\/#breadcrumb"},"inLanguage":"es","potentialAction":[{"@type":"ReadAction","target":["https:\/\/noticiasmercedinas.com\/site\/2019\/02\/10\/rock-al-pasto-sono-fuerte-en-el-parque-independencia\/"]}]},{"@type":"ImageObject","inLanguage":"es","@id":"https:\/\/noticiasmercedinas.com\/site\/2019\/02\/10\/rock-al-pasto-sono-fuerte-en-el-parque-independencia\/#primaryimage","url":"https:\/\/noticiasmercedinas.com\/site\/wp-content\/uploads\/2019\/02\/DSC_0064.jpg","contentUrl":"https:\/\/noticiasmercedinas.com\/site\/wp-content\/uploads\/2019\/02\/DSC_0064.jpg","width":640,"height":448},{"@type":"BreadcrumbList","@id":"https:\/\/noticiasmercedinas.com\/site\/2019\/02\/10\/rock-al-pasto-sono-fuerte-en-el-parque-independencia\/#breadcrumb","itemListElement":[{"@type":"ListItem","position":1,"name":"Portada","item":"https:\/\/noticiasmercedinas.com\/site\/"},{"@type":"ListItem","position":2,"name":"\u201cRock al Pasto\u201d son\u00f3 fuerte en el Parque Independencia"}]},{"@type":"WebSite","@id":"https:\/\/noticiasmercedinas.com\/site\/#website","url":"https:\/\/noticiasmercedinas.com\/site\/","name":"NOTICIASMERCEDINAS.COM","description":"Mercedes, Buenos Aires, Argentina","publisher":{"@id":"https:\/\/noticiasmercedinas.com\/site\/#organization"},"potentialAction":[{"@type":"SearchAction","target":{"@type":"EntryPoint","urlTemplate":"https:\/\/noticiasmercedinas.com\/site\/?s={search_term_string}"},"query-input":{"@type":"PropertyValueSpecification","valueRequired":true,"valueName":"search_term_string"}}],"inLanguage":"es"},{"@type":"Organization","@id":"https:\/\/noticiasmercedinas.com\/site\/#organization","name":"NOTICIASMERCEDINAS.COM","url":"https:\/\/noticiasmercedinas.com\/site\/","logo":{"@type":"ImageObject","inLanguage":"es","@id":"https:\/\/noticiasmercedinas.com\/site\/#\/schema\/logo\/image\/","url":"https:\/\/noticiasmercedinas.com\/site\/wp-content\/uploads\/2020\/06\/LOGO-512.jpg","contentUrl":"https:\/\/noticiasmercedinas.com\/site\/wp-content\/uploads\/2020\/06\/LOGO-512.jpg","width":512,"height":512,"caption":"NOTICIASMERCEDINAS.COM"},"image":{"@id":"https:\/\/noticiasmercedinas.com\/site\/#\/schema\/logo\/image\/"},"sameAs":["https:\/\/www.facebook.com\/noticiasmercedinas\/","https:\/\/x.com\/notmercedinas","https:\/\/www.instagram.com\/noticiasmercedinas\/"]},{"@type":"Person","@id":"https:\/\/noticiasmercedinas.com\/site\/#\/schema\/person\/84b59c099c28ff2e8b77d4ceec5d8063","name":"NOTICIASMERCEDINAS.COM","image":{"@type":"ImageObject","inLanguage":"es","@id":"https:\/\/secure.gravatar.com\/avatar\/4dfbf16b4d17945bfb6341b2d19043457132fcf478a5ee04f42e959fd8f5df0a?s=96&d=mm&r=g","url":"https:\/\/secure.gravatar.com\/avatar\/4dfbf16b4d17945bfb6341b2d19043457132fcf478a5ee04f42e959fd8f5df0a?s=96&d=mm&r=g","contentUrl":"https:\/\/secure.gravatar.com\/avatar\/4dfbf16b4d17945bfb6341b2d19043457132fcf478a5ee04f42e959fd8f5df0a?s=96&d=mm&r=g","caption":"NOTICIASMERCEDINAS.COM"},"url":"https:\/\/noticiasmercedinas.com\/site\/author\/anonimo\/"}]}},"amp_enabled":true,"_links":{"self":[{"href":"https:\/\/noticiasmercedinas.com\/site\/wp-json\/wp\/v2\/posts\/12102","targetHints":{"allow":["GET"]}}],"collection":[{"href":"https:\/\/noticiasmercedinas.com\/site\/wp-json\/wp\/v2\/posts"}],"about":[{"href":"https:\/\/noticiasmercedinas.com\/site\/wp-json\/wp\/v2\/types\/post"}],"author":[{"embeddable":true,"href":"https:\/\/noticiasmercedinas.com\/site\/wp-json\/wp\/v2\/users\/16"}],"replies":[{"embeddable":true,"href":"https:\/\/noticiasmercedinas.com\/site\/wp-json\/wp\/v2\/comments?post=12102"}],"version-history":[{"count":1,"href":"https:\/\/noticiasmercedinas.com\/site\/wp-json\/wp\/v2\/posts\/12102\/revisions"}],"predecessor-version":[{"id":12125,"href":"https:\/\/noticiasmercedinas.com\/site\/wp-json\/wp\/v2\/posts\/12102\/revisions\/12125"}],"wp:featuredmedia":[{"embeddable":true,"href":"https:\/\/noticiasmercedinas.com\/site\/wp-json\/wp\/v2\/media\/12108"}],"wp:attachment":[{"href":"https:\/\/noticiasmercedinas.com\/site\/wp-json\/wp\/v2\/media?parent=12102"}],"wp:term":[{"taxonomy":"category","embeddable":true,"href":"https:\/\/noticiasmercedinas.com\/site\/wp-json\/wp\/v2\/categories?post=12102"},{"taxonomy":"post_tag","embeddable":true,"href":"https:\/\/noticiasmercedinas.com\/site\/wp-json\/wp\/v2\/tags?post=12102"}],"curies":[{"name":"wp","href":"https:\/\/api.w.org\/{rel}","templated":true}]}}