{"id":121179,"date":"2023-08-20T22:25:37","date_gmt":"2023-08-21T01:25:37","guid":{"rendered":"https:\/\/noticiasmercedinas.com\/site\/?p=121179"},"modified":"2023-08-20T22:25:37","modified_gmt":"2023-08-21T01:25:37","slug":"en-pilar-club-mercedes-cierra-la-primera-rueda-este-lunes","status":"publish","type":"post","link":"https:\/\/noticiasmercedinas.com\/site\/2023\/08\/20\/en-pilar-club-mercedes-cierra-la-primera-rueda-este-lunes\/","title":{"rendered":"En Pilar, Club Mercedes cierra la primera rueda este lunes"},"content":{"rendered":"<figure id=\"attachment_121180\" aria-describedby=\"caption-attachment-121180\" style=\"width: 640px\" class=\"wp-caption alignnone\"><img loading=\"lazy\" decoding=\"async\" class=\"wp-image-121180 size-full\" src=\"https:\/\/noticiasmercedinas.com\/site\/wp-content\/uploads\/2023\/08\/IMG_5210.jpg\" alt=\"\" width=\"640\" height=\"376\" srcset=\"https:\/\/noticiasmercedinas.com\/site\/wp-content\/uploads\/2023\/08\/IMG_5210.jpg 640w, https:\/\/noticiasmercedinas.com\/site\/wp-content\/uploads\/2023\/08\/IMG_5210-300x176.jpg 300w\" sizes=\"auto, (max-width: 640px) 100vw, 640px\" \/><figcaption id=\"caption-attachment-121180\" class=\"wp-caption-text\">Lopez ante un Burl\u00f3n que ya no est\u00e1 en Juventud.<\/figcaption><\/figure>\n<p>La fecha 11 de la Primera D comenz\u00f3 este domingo 20 quedando libre Argentino de Rosario y jug\u00e1ndose en Ensenada el partido de Cambaceres y Mu\u00f1iz. Con la particularidad que es la \u00faltima jornada de la primera rueda para venirse luego todas las revanchas.<\/p>\n<p>Este lunes 21 Club Mercedes visita a Juventud Unida en el Municipal de Pilar, teniendo el local la salida del entrenador Mart\u00edn Correa que s\u00f3lo estuvo cuatro encuentros, asumiendo Juan Carlos Ben\u00edtez que debutar\u00e1 frente al \u201cBlanquinegro\u201d. Adem\u00e1s, el arquero Agust\u00edn Burl\u00f3n dej\u00f3 el club, seguir\u00e1 en el f\u00fatbol de Entre R\u00edos.<\/p>\n<p>En lo que es el equipo de Walter D\u00edaz, se entren\u00f3 en medio del par\u00e9ntesis que ha tenido el torneo, juagando una semana atr\u00e1s un amistoso frente al Club Luj\u00e1n en la cancha 1 de Abril del barrio San Emilio. Los titulares cayeron 3 a 1 (Ignacio Rodr\u00edguez) mientras que un segundo equipo igual\u00f3 1 a 1 (Santiago Gatti).<\/p>\n<p>Lo convocados para este lunes son: Gonzalo Boragno, Genaro S\u00e1nchez Olmos, Blas De Los Santos, Alexis Grzesiak, Nicol\u00e1s Contardi, Juan Pedro Gatti, Ignacio Rodr\u00edguez, Mat\u00edas L\u00f3pez, Tom\u00e1s Chaparro, Juan Manuel Culio, Franco Gatti, Rodrigo Nicasio, Nicol\u00e1s Mart\u00ednez, Sabino Redondi, El\u00edas Vel\u00e1zquez, Santiago Romagnoli, Rodrigo Scarnatto, Laureano Torres y Franco Cruz.<\/p>\n<p><strong>Defensores de Cambaceres 0<\/strong>.<br \/>\n<strong>Deportivo Mu\u00f1iz 5:<\/strong> Iv\u00e1n Malmoria, Alejandro Acu\u00f1a, Tom\u00e1s Sandoval, Santiago Verd\u00fan y Enzo Gonz\u00e1lez.<\/p>\n<p><img loading=\"lazy\" decoding=\"async\" class=\"alignnone size-full wp-image-121181\" src=\"https:\/\/noticiasmercedinas.com\/site\/wp-content\/uploads\/2023\/08\/Primera-D-3.jpg\" alt=\"\" width=\"640\" height=\"367\" srcset=\"https:\/\/noticiasmercedinas.com\/site\/wp-content\/uploads\/2023\/08\/Primera-D-3.jpg 640w, https:\/\/noticiasmercedinas.com\/site\/wp-content\/uploads\/2023\/08\/Primera-D-3-300x172.jpg 300w\" sizes=\"auto, (max-width: 640px) 100vw, 640px\" \/><br \/>\n<strong><br \/>\nLunes 21<br \/>\nCancha: <\/strong>Municipal de Pilar.<br \/>\nA las 15.30 Juventud Unida vs. Club Mercedes.<br \/>\n<strong>Arbitro:<\/strong> Juli\u00e1n Beligoy.<br \/>\n<strong>Asistentes:<\/strong> Herber Ib\u00e1\u00f1ez y Federico La Palma.<br \/>\n<strong>Cuarto Arbitro:<\/strong> Agust\u00edn Flores.<\/p>\n<p>A las 15.30 Centro Espa\u00f1ol vs. Sportivo Barracas.<br \/>\n<strong>Arbitro:<\/strong> Rodrigo Villaba.<\/p>\n<p>A las 15.30 El Porvenir vs. Lugano.<br \/>\n<strong>Arbitro:<\/strong> Jonathan Barrios.<\/p>\n<p><strong>Martes 22<\/strong><br \/>\nA las 15.30 Deportivo Paraguayo vs. Central Ballester.<br \/>\n<strong>Arbitro: <\/strong>Joaqu\u00edn Rodr\u00edguez.<\/p>\n","protected":false},"excerpt":{"rendered":"<p>\u25a0 Juventud Unida lo recibe desde las 15.30 en la cancha Municipal. Est\u00e1n los convocados para el encuentro. La fecha comenz\u00f3 este domingo 20  y finalizar\u00e1 el martes 22. <\/p>\n","protected":false},"author":6,"featured_media":121180,"comment_status":"closed","ping_status":"closed","sticky":false,"template":"","format":"standard","meta":{"footnotes":""},"categories":[5],"tags":[6424,135,11317,11935],"class_list":["post-121179","post","type-post","status-publish","format-standard","has-post-thumbnail","hentry","category-deportes","tag-afa","tag-club-mercedes","tag-juventud-unida","tag-primera-d"],"yoast_head":"<!-- This site is optimized with the Yoast SEO plugin v27.5 - https:\/\/yoast.com\/product\/yoast-seo-wordpress\/ -->\n<title>En Pilar, Club Mercedes cierra la primera rueda este lunes<\/title>\n<meta name=\"robots\" content=\"index, follow, max-snippet:-1, max-image-preview:large, max-video-preview:-1\" \/>\n<link rel=\"canonical\" href=\"https:\/\/noticiasmercedinas.com\/site\/2023\/08\/20\/en-pilar-club-mercedes-cierra-la-primera-rueda-este-lunes\/\" \/>\n<meta property=\"og:locale\" content=\"es_ES\" \/>\n<meta property=\"og:type\" content=\"article\" \/>\n<meta property=\"og:title\" content=\"En Pilar, Club Mercedes cierra la primera rueda este lunes\" \/>\n<meta property=\"og:description\" content=\"\u25a0 Juventud Unida lo recibe desde las 15.30 en la cancha Municipal. Est\u00e1n los convocados para el encuentro. La fecha comenz\u00f3 este domingo 20 y finalizar\u00e1 el martes 22.\" \/>\n<meta property=\"og:url\" content=\"https:\/\/noticiasmercedinas.com\/site\/2023\/08\/20\/en-pilar-club-mercedes-cierra-la-primera-rueda-este-lunes\/\" \/>\n<meta property=\"og:site_name\" content=\"NOTICIASMERCEDINAS.COM\" \/>\n<meta property=\"article:publisher\" content=\"https:\/\/www.facebook.com\/noticiasmercedinas\/\" \/>\n<meta property=\"article:published_time\" content=\"2023-08-21T01:25:37+00:00\" \/>\n<meta property=\"og:image\" content=\"https:\/\/noticiasmercedinas.com\/site\/wp-content\/uploads\/2023\/08\/IMG_5210.jpg\" \/>\n\t<meta property=\"og:image:width\" content=\"640\" \/>\n\t<meta property=\"og:image:height\" content=\"376\" \/>\n\t<meta property=\"og:image:type\" content=\"image\/jpeg\" \/>\n<meta name=\"author\" content=\"Juan Dagnino NOTICIASMERCEDINAS.COM\" \/>\n<meta name=\"twitter:card\" content=\"summary_large_image\" \/>\n<meta name=\"twitter:creator\" content=\"@notmercedinas\" \/>\n<meta name=\"twitter:site\" content=\"@notmercedinas\" \/>\n<meta name=\"twitter:label1\" content=\"Escrito por\" \/>\n\t<meta name=\"twitter:data1\" content=\"Juan Dagnino NOTICIASMERCEDINAS.COM\" \/>\n\t<meta name=\"twitter:label2\" content=\"Tiempo de lectura\" \/>\n\t<meta name=\"twitter:data2\" content=\"2 minutos\" \/>\n<script type=\"application\/ld+json\" class=\"yoast-schema-graph\">{\"@context\":\"https:\\\/\\\/schema.org\",\"@graph\":[{\"@type\":\"Article\",\"@id\":\"https:\\\/\\\/noticiasmercedinas.com\\\/site\\\/2023\\\/08\\\/20\\\/en-pilar-club-mercedes-cierra-la-primera-rueda-este-lunes\\\/#article\",\"isPartOf\":{\"@id\":\"https:\\\/\\\/noticiasmercedinas.com\\\/site\\\/2023\\\/08\\\/20\\\/en-pilar-club-mercedes-cierra-la-primera-rueda-este-lunes\\\/\"},\"author\":{\"name\":\"Juan Dagnino NOTICIASMERCEDINAS.COM\",\"@id\":\"https:\\\/\\\/noticiasmercedinas.com\\\/site\\\/#\\\/schema\\\/person\\\/8f2f09d666ef40986eba4a5e6f2a06f9\"},\"headline\":\"En Pilar, Club Mercedes cierra la primera rueda este lunes\",\"datePublished\":\"2023-08-21T01:25:37+00:00\",\"mainEntityOfPage\":{\"@id\":\"https:\\\/\\\/noticiasmercedinas.com\\\/site\\\/2023\\\/08\\\/20\\\/en-pilar-club-mercedes-cierra-la-primera-rueda-este-lunes\\\/\"},\"wordCount\":334,\"publisher\":{\"@id\":\"https:\\\/\\\/noticiasmercedinas.com\\\/site\\\/#organization\"},\"image\":{\"@id\":\"https:\\\/\\\/noticiasmercedinas.com\\\/site\\\/2023\\\/08\\\/20\\\/en-pilar-club-mercedes-cierra-la-primera-rueda-este-lunes\\\/#primaryimage\"},\"thumbnailUrl\":\"https:\\\/\\\/noticiasmercedinas.com\\\/site\\\/wp-content\\\/uploads\\\/2023\\\/08\\\/IMG_5210.jpg\",\"keywords\":[\"AFA\",\"club mercedes\",\"juventud unida\",\"Primera D\"],\"articleSection\":[\"Deportes\"],\"inLanguage\":\"es\"},{\"@type\":\"WebPage\",\"@id\":\"https:\\\/\\\/noticiasmercedinas.com\\\/site\\\/2023\\\/08\\\/20\\\/en-pilar-club-mercedes-cierra-la-primera-rueda-este-lunes\\\/\",\"url\":\"https:\\\/\\\/noticiasmercedinas.com\\\/site\\\/2023\\\/08\\\/20\\\/en-pilar-club-mercedes-cierra-la-primera-rueda-este-lunes\\\/\",\"name\":\"En Pilar, Club Mercedes cierra la primera rueda este lunes\",\"isPartOf\":{\"@id\":\"https:\\\/\\\/noticiasmercedinas.com\\\/site\\\/#website\"},\"primaryImageOfPage\":{\"@id\":\"https:\\\/\\\/noticiasmercedinas.com\\\/site\\\/2023\\\/08\\\/20\\\/en-pilar-club-mercedes-cierra-la-primera-rueda-este-lunes\\\/#primaryimage\"},\"image\":{\"@id\":\"https:\\\/\\\/noticiasmercedinas.com\\\/site\\\/2023\\\/08\\\/20\\\/en-pilar-club-mercedes-cierra-la-primera-rueda-este-lunes\\\/#primaryimage\"},\"thumbnailUrl\":\"https:\\\/\\\/noticiasmercedinas.com\\\/site\\\/wp-content\\\/uploads\\\/2023\\\/08\\\/IMG_5210.jpg\",\"datePublished\":\"2023-08-21T01:25:37+00:00\",\"breadcrumb\":{\"@id\":\"https:\\\/\\\/noticiasmercedinas.com\\\/site\\\/2023\\\/08\\\/20\\\/en-pilar-club-mercedes-cierra-la-primera-rueda-este-lunes\\\/#breadcrumb\"},\"inLanguage\":\"es\",\"potentialAction\":[{\"@type\":\"ReadAction\",\"target\":[\"https:\\\/\\\/noticiasmercedinas.com\\\/site\\\/2023\\\/08\\\/20\\\/en-pilar-club-mercedes-cierra-la-primera-rueda-este-lunes\\\/\"]}]},{\"@type\":\"ImageObject\",\"inLanguage\":\"es\",\"@id\":\"https:\\\/\\\/noticiasmercedinas.com\\\/site\\\/2023\\\/08\\\/20\\\/en-pilar-club-mercedes-cierra-la-primera-rueda-este-lunes\\\/#primaryimage\",\"url\":\"https:\\\/\\\/noticiasmercedinas.com\\\/site\\\/wp-content\\\/uploads\\\/2023\\\/08\\\/IMG_5210.jpg\",\"contentUrl\":\"https:\\\/\\\/noticiasmercedinas.com\\\/site\\\/wp-content\\\/uploads\\\/2023\\\/08\\\/IMG_5210.jpg\",\"width\":640,\"height\":376},{\"@type\":\"BreadcrumbList\",\"@id\":\"https:\\\/\\\/noticiasmercedinas.com\\\/site\\\/2023\\\/08\\\/20\\\/en-pilar-club-mercedes-cierra-la-primera-rueda-este-lunes\\\/#breadcrumb\",\"itemListElement\":[{\"@type\":\"ListItem\",\"position\":1,\"name\":\"Portada\",\"item\":\"https:\\\/\\\/noticiasmercedinas.com\\\/site\\\/\"},{\"@type\":\"ListItem\",\"position\":2,\"name\":\"En Pilar, Club Mercedes cierra la primera rueda este lunes\"}]},{\"@type\":\"WebSite\",\"@id\":\"https:\\\/\\\/noticiasmercedinas.com\\\/site\\\/#website\",\"url\":\"https:\\\/\\\/noticiasmercedinas.com\\\/site\\\/\",\"name\":\"NOTICIASMERCEDINAS.COM\",\"description\":\"Mercedes, Buenos Aires, Argentina\",\"publisher\":{\"@id\":\"https:\\\/\\\/noticiasmercedinas.com\\\/site\\\/#organization\"},\"potentialAction\":[{\"@type\":\"SearchAction\",\"target\":{\"@type\":\"EntryPoint\",\"urlTemplate\":\"https:\\\/\\\/noticiasmercedinas.com\\\/site\\\/?s={search_term_string}\"},\"query-input\":{\"@type\":\"PropertyValueSpecification\",\"valueRequired\":true,\"valueName\":\"search_term_string\"}}],\"inLanguage\":\"es\"},{\"@type\":\"Organization\",\"@id\":\"https:\\\/\\\/noticiasmercedinas.com\\\/site\\\/#organization\",\"name\":\"NOTICIASMERCEDINAS.COM\",\"url\":\"https:\\\/\\\/noticiasmercedinas.com\\\/site\\\/\",\"logo\":{\"@type\":\"ImageObject\",\"inLanguage\":\"es\",\"@id\":\"https:\\\/\\\/noticiasmercedinas.com\\\/site\\\/#\\\/schema\\\/logo\\\/image\\\/\",\"url\":\"https:\\\/\\\/noticiasmercedinas.com\\\/site\\\/wp-content\\\/uploads\\\/2020\\\/06\\\/LOGO-512.jpg\",\"contentUrl\":\"https:\\\/\\\/noticiasmercedinas.com\\\/site\\\/wp-content\\\/uploads\\\/2020\\\/06\\\/LOGO-512.jpg\",\"width\":512,\"height\":512,\"caption\":\"NOTICIASMERCEDINAS.COM\"},\"image\":{\"@id\":\"https:\\\/\\\/noticiasmercedinas.com\\\/site\\\/#\\\/schema\\\/logo\\\/image\\\/\"},\"sameAs\":[\"https:\\\/\\\/www.facebook.com\\\/noticiasmercedinas\\\/\",\"https:\\\/\\\/x.com\\\/notmercedinas\",\"https:\\\/\\\/www.instagram.com\\\/noticiasmercedinas\\\/\"]},{\"@type\":\"Person\",\"@id\":\"https:\\\/\\\/noticiasmercedinas.com\\\/site\\\/#\\\/schema\\\/person\\\/8f2f09d666ef40986eba4a5e6f2a06f9\",\"name\":\"Juan Dagnino NOTICIASMERCEDINAS.COM\",\"image\":{\"@type\":\"ImageObject\",\"inLanguage\":\"es\",\"@id\":\"https:\\\/\\\/secure.gravatar.com\\\/avatar\\\/fc7059a769f5a3cae65fadb228a3e4accf3a64b4b2305020d0a27e6d5333c91b?s=96&d=mm&r=g\",\"url\":\"https:\\\/\\\/secure.gravatar.com\\\/avatar\\\/fc7059a769f5a3cae65fadb228a3e4accf3a64b4b2305020d0a27e6d5333c91b?s=96&d=mm&r=g\",\"contentUrl\":\"https:\\\/\\\/secure.gravatar.com\\\/avatar\\\/fc7059a769f5a3cae65fadb228a3e4accf3a64b4b2305020d0a27e6d5333c91b?s=96&d=mm&r=g\",\"caption\":\"Juan Dagnino NOTICIASMERCEDINAS.COM\"},\"url\":\"https:\\\/\\\/noticiasmercedinas.com\\\/site\\\/author\\\/juandagnino\\\/\"}]}<\/script>\n<!-- \/ Yoast SEO plugin. -->","yoast_head_json":{"title":"En Pilar, Club Mercedes cierra la primera rueda este lunes","robots":{"index":"index","follow":"follow","max-snippet":"max-snippet:-1","max-image-preview":"max-image-preview:large","max-video-preview":"max-video-preview:-1"},"canonical":"https:\/\/noticiasmercedinas.com\/site\/2023\/08\/20\/en-pilar-club-mercedes-cierra-la-primera-rueda-este-lunes\/","og_locale":"es_ES","og_type":"article","og_title":"En Pilar, Club Mercedes cierra la primera rueda este lunes","og_description":"\u25a0 Juventud Unida lo recibe desde las 15.30 en la cancha Municipal. Est\u00e1n los convocados para el encuentro. La fecha comenz\u00f3 este domingo 20 y finalizar\u00e1 el martes 22.","og_url":"https:\/\/noticiasmercedinas.com\/site\/2023\/08\/20\/en-pilar-club-mercedes-cierra-la-primera-rueda-este-lunes\/","og_site_name":"NOTICIASMERCEDINAS.COM","article_publisher":"https:\/\/www.facebook.com\/noticiasmercedinas\/","article_published_time":"2023-08-21T01:25:37+00:00","og_image":[{"width":640,"height":376,"url":"https:\/\/noticiasmercedinas.com\/site\/wp-content\/uploads\/2023\/08\/IMG_5210.jpg","type":"image\/jpeg"}],"author":"Juan Dagnino NOTICIASMERCEDINAS.COM","twitter_card":"summary_large_image","twitter_creator":"@notmercedinas","twitter_site":"@notmercedinas","twitter_misc":{"Escrito por":"Juan Dagnino NOTICIASMERCEDINAS.COM","Tiempo de lectura":"2 minutos"},"schema":{"@context":"https:\/\/schema.org","@graph":[{"@type":"Article","@id":"https:\/\/noticiasmercedinas.com\/site\/2023\/08\/20\/en-pilar-club-mercedes-cierra-la-primera-rueda-este-lunes\/#article","isPartOf":{"@id":"https:\/\/noticiasmercedinas.com\/site\/2023\/08\/20\/en-pilar-club-mercedes-cierra-la-primera-rueda-este-lunes\/"},"author":{"name":"Juan Dagnino NOTICIASMERCEDINAS.COM","@id":"https:\/\/noticiasmercedinas.com\/site\/#\/schema\/person\/8f2f09d666ef40986eba4a5e6f2a06f9"},"headline":"En Pilar, Club Mercedes cierra la primera rueda este lunes","datePublished":"2023-08-21T01:25:37+00:00","mainEntityOfPage":{"@id":"https:\/\/noticiasmercedinas.com\/site\/2023\/08\/20\/en-pilar-club-mercedes-cierra-la-primera-rueda-este-lunes\/"},"wordCount":334,"publisher":{"@id":"https:\/\/noticiasmercedinas.com\/site\/#organization"},"image":{"@id":"https:\/\/noticiasmercedinas.com\/site\/2023\/08\/20\/en-pilar-club-mercedes-cierra-la-primera-rueda-este-lunes\/#primaryimage"},"thumbnailUrl":"https:\/\/noticiasmercedinas.com\/site\/wp-content\/uploads\/2023\/08\/IMG_5210.jpg","keywords":["AFA","club mercedes","juventud unida","Primera D"],"articleSection":["Deportes"],"inLanguage":"es"},{"@type":"WebPage","@id":"https:\/\/noticiasmercedinas.com\/site\/2023\/08\/20\/en-pilar-club-mercedes-cierra-la-primera-rueda-este-lunes\/","url":"https:\/\/noticiasmercedinas.com\/site\/2023\/08\/20\/en-pilar-club-mercedes-cierra-la-primera-rueda-este-lunes\/","name":"En Pilar, Club Mercedes cierra la primera rueda este lunes","isPartOf":{"@id":"https:\/\/noticiasmercedinas.com\/site\/#website"},"primaryImageOfPage":{"@id":"https:\/\/noticiasmercedinas.com\/site\/2023\/08\/20\/en-pilar-club-mercedes-cierra-la-primera-rueda-este-lunes\/#primaryimage"},"image":{"@id":"https:\/\/noticiasmercedinas.com\/site\/2023\/08\/20\/en-pilar-club-mercedes-cierra-la-primera-rueda-este-lunes\/#primaryimage"},"thumbnailUrl":"https:\/\/noticiasmercedinas.com\/site\/wp-content\/uploads\/2023\/08\/IMG_5210.jpg","datePublished":"2023-08-21T01:25:37+00:00","breadcrumb":{"@id":"https:\/\/noticiasmercedinas.com\/site\/2023\/08\/20\/en-pilar-club-mercedes-cierra-la-primera-rueda-este-lunes\/#breadcrumb"},"inLanguage":"es","potentialAction":[{"@type":"ReadAction","target":["https:\/\/noticiasmercedinas.com\/site\/2023\/08\/20\/en-pilar-club-mercedes-cierra-la-primera-rueda-este-lunes\/"]}]},{"@type":"ImageObject","inLanguage":"es","@id":"https:\/\/noticiasmercedinas.com\/site\/2023\/08\/20\/en-pilar-club-mercedes-cierra-la-primera-rueda-este-lunes\/#primaryimage","url":"https:\/\/noticiasmercedinas.com\/site\/wp-content\/uploads\/2023\/08\/IMG_5210.jpg","contentUrl":"https:\/\/noticiasmercedinas.com\/site\/wp-content\/uploads\/2023\/08\/IMG_5210.jpg","width":640,"height":376},{"@type":"BreadcrumbList","@id":"https:\/\/noticiasmercedinas.com\/site\/2023\/08\/20\/en-pilar-club-mercedes-cierra-la-primera-rueda-este-lunes\/#breadcrumb","itemListElement":[{"@type":"ListItem","position":1,"name":"Portada","item":"https:\/\/noticiasmercedinas.com\/site\/"},{"@type":"ListItem","position":2,"name":"En Pilar, Club Mercedes cierra la primera rueda este lunes"}]},{"@type":"WebSite","@id":"https:\/\/noticiasmercedinas.com\/site\/#website","url":"https:\/\/noticiasmercedinas.com\/site\/","name":"NOTICIASMERCEDINAS.COM","description":"Mercedes, Buenos Aires, Argentina","publisher":{"@id":"https:\/\/noticiasmercedinas.com\/site\/#organization"},"potentialAction":[{"@type":"SearchAction","target":{"@type":"EntryPoint","urlTemplate":"https:\/\/noticiasmercedinas.com\/site\/?s={search_term_string}"},"query-input":{"@type":"PropertyValueSpecification","valueRequired":true,"valueName":"search_term_string"}}],"inLanguage":"es"},{"@type":"Organization","@id":"https:\/\/noticiasmercedinas.com\/site\/#organization","name":"NOTICIASMERCEDINAS.COM","url":"https:\/\/noticiasmercedinas.com\/site\/","logo":{"@type":"ImageObject","inLanguage":"es","@id":"https:\/\/noticiasmercedinas.com\/site\/#\/schema\/logo\/image\/","url":"https:\/\/noticiasmercedinas.com\/site\/wp-content\/uploads\/2020\/06\/LOGO-512.jpg","contentUrl":"https:\/\/noticiasmercedinas.com\/site\/wp-content\/uploads\/2020\/06\/LOGO-512.jpg","width":512,"height":512,"caption":"NOTICIASMERCEDINAS.COM"},"image":{"@id":"https:\/\/noticiasmercedinas.com\/site\/#\/schema\/logo\/image\/"},"sameAs":["https:\/\/www.facebook.com\/noticiasmercedinas\/","https:\/\/x.com\/notmercedinas","https:\/\/www.instagram.com\/noticiasmercedinas\/"]},{"@type":"Person","@id":"https:\/\/noticiasmercedinas.com\/site\/#\/schema\/person\/8f2f09d666ef40986eba4a5e6f2a06f9","name":"Juan Dagnino NOTICIASMERCEDINAS.COM","image":{"@type":"ImageObject","inLanguage":"es","@id":"https:\/\/secure.gravatar.com\/avatar\/fc7059a769f5a3cae65fadb228a3e4accf3a64b4b2305020d0a27e6d5333c91b?s=96&d=mm&r=g","url":"https:\/\/secure.gravatar.com\/avatar\/fc7059a769f5a3cae65fadb228a3e4accf3a64b4b2305020d0a27e6d5333c91b?s=96&d=mm&r=g","contentUrl":"https:\/\/secure.gravatar.com\/avatar\/fc7059a769f5a3cae65fadb228a3e4accf3a64b4b2305020d0a27e6d5333c91b?s=96&d=mm&r=g","caption":"Juan Dagnino NOTICIASMERCEDINAS.COM"},"url":"https:\/\/noticiasmercedinas.com\/site\/author\/juandagnino\/"}]}},"amp_enabled":true,"_links":{"self":[{"href":"https:\/\/noticiasmercedinas.com\/site\/wp-json\/wp\/v2\/posts\/121179","targetHints":{"allow":["GET"]}}],"collection":[{"href":"https:\/\/noticiasmercedinas.com\/site\/wp-json\/wp\/v2\/posts"}],"about":[{"href":"https:\/\/noticiasmercedinas.com\/site\/wp-json\/wp\/v2\/types\/post"}],"author":[{"embeddable":true,"href":"https:\/\/noticiasmercedinas.com\/site\/wp-json\/wp\/v2\/users\/6"}],"replies":[{"embeddable":true,"href":"https:\/\/noticiasmercedinas.com\/site\/wp-json\/wp\/v2\/comments?post=121179"}],"version-history":[{"count":1,"href":"https:\/\/noticiasmercedinas.com\/site\/wp-json\/wp\/v2\/posts\/121179\/revisions"}],"predecessor-version":[{"id":121182,"href":"https:\/\/noticiasmercedinas.com\/site\/wp-json\/wp\/v2\/posts\/121179\/revisions\/121182"}],"wp:featuredmedia":[{"embeddable":true,"href":"https:\/\/noticiasmercedinas.com\/site\/wp-json\/wp\/v2\/media\/121180"}],"wp:attachment":[{"href":"https:\/\/noticiasmercedinas.com\/site\/wp-json\/wp\/v2\/media?parent=121179"}],"wp:term":[{"taxonomy":"category","embeddable":true,"href":"https:\/\/noticiasmercedinas.com\/site\/wp-json\/wp\/v2\/categories?post=121179"},{"taxonomy":"post_tag","embeddable":true,"href":"https:\/\/noticiasmercedinas.com\/site\/wp-json\/wp\/v2\/tags?post=121179"}],"curies":[{"name":"wp","href":"https:\/\/api.w.org\/{rel}","templated":true}]}}