{"id":121200,"date":"2023-08-21T18:24:07","date_gmt":"2023-08-21T21:24:07","guid":{"rendered":"https:\/\/noticiasmercedinas.com\/site\/?p=121200"},"modified":"2023-08-21T18:25:39","modified_gmt":"2023-08-21T21:25:39","slug":"ventaja-y-reaccion-de-juventud","status":"publish","type":"post","link":"https:\/\/noticiasmercedinas.com\/site\/2023\/08\/21\/ventaja-y-reaccion-de-juventud\/","title":{"rendered":"Ventaja y reacci\u00f3n de Juventud"},"content":{"rendered":"<figure id=\"attachment_121202\" aria-describedby=\"caption-attachment-121202\" style=\"width: 640px\" class=\"wp-caption alignnone\"><img loading=\"lazy\" decoding=\"async\" class=\"wp-image-121202 size-full\" src=\"https:\/\/noticiasmercedinas.com\/site\/wp-content\/uploads\/2023\/08\/d.jpg\" alt=\"\" width=\"640\" height=\"427\" srcset=\"https:\/\/noticiasmercedinas.com\/site\/wp-content\/uploads\/2023\/08\/d.jpg 640w, https:\/\/noticiasmercedinas.com\/site\/wp-content\/uploads\/2023\/08\/d-300x200.jpg 300w\" sizes=\"auto, (max-width: 640px) 100vw, 640px\" \/><figcaption id=\"caption-attachment-121202\" class=\"wp-caption-text\">Capitanes y terna arbitral. (Fotos Lautaro Riolfo).<\/figcaption><\/figure>\n<p>La fecha 11 de la Primera D se fue cerrando este lunes 21 con tres encuentros, ya el domingo Mu\u00f1iz goleaba 5-0 a Cambaceres en Ensenada para quedar libre Argentino de Rosario. En el Municipal de Pilar esta tarde jugaron Juventud Unida y Club Mercedes para dejar un cruce donde el \u201cBlanquinegro\u201d se puso al frente del marcador antes del minuto con Franco Gatti.<\/p>\n<p>El \u201cRayo Rojo\u201d antes de finalizar la primera parte lo empat\u00f3, para llegar al 2-1 en el arranque del complemento y definir el resultado en la agon\u00eda del encuentro para sellar el 3 a 1. Una vez m\u00e1s Juventud Unida volvi\u00f3 a complicar a Mercedes que desde que est\u00e1 en la categor\u00eda se ha impuesto en cada cotejo. Pese a quedar con 10 el rival la visita no logr\u00f3 volver a marcar.<\/p>\n<p>La categor\u00eda ahora ingresar\u00e1 en un receso por dos semanas, en la vuelta a la actividad Mercedes viaja a Rosario para visitar a Argentino por el inicio de las revanchas. Antes, este martes cierran la und\u00e9cima jornada Paraguayo y Central Ballester, en cuanto a la tabla el nuevo puntero es Espa\u00f1ol que le gan\u00f3 a Barracas esta tarde.<\/p>\n<p><img loading=\"lazy\" decoding=\"async\" class=\"alignnone size-full wp-image-121203\" src=\"https:\/\/noticiasmercedinas.com\/site\/wp-content\/uploads\/2023\/08\/d2.jpg\" alt=\"\" width=\"640\" height=\"440\" srcset=\"https:\/\/noticiasmercedinas.com\/site\/wp-content\/uploads\/2023\/08\/d2.jpg 640w, https:\/\/noticiasmercedinas.com\/site\/wp-content\/uploads\/2023\/08\/d2-300x206.jpg 300w\" sizes=\"auto, (max-width: 640px) 100vw, 640px\" \/><br \/>\n<strong><br \/>\nJuventud Unida 3:<\/strong>\u00a0 Felipe Loria, Jos\u00e9 L\u00f3pez, Claudio N\u00fa\u00f1ez, Lucas Borre, Eliseo Aguirre, Manuel Masdeu, Juan Pereyra, Nahuel Schmidt, Santiago Kojro, Braian Pedrazza y Nicol\u00e1s Alvarez. <strong>DT:<\/strong> Francisco L\u00f3pez. <strong>Relevos:<\/strong> Mauro Fern\u00e1ndez, Andr\u00e9s Fortini y Alan Maza.<\/p>\n<p><strong>Club Mercedes 1:<\/strong> Gonzalo Boragno, Juan Pedro Gatti, Blas De Los Santos, Alexis Grzesiak, Nicol\u00e1s Contardi, Genaro S\u00e1nchez Olmos, Juan Manuel Culio, Tom\u00e1s Chaparro, Franco Gatti, Ignacio Rodr\u00edguez y Mat\u00edas L\u00f3pez. <strong>DT:<\/strong> Walter D\u00edaz. <strong>Relevos:<\/strong> Rodrigo Nicasio, Nicol\u00e1s Mart\u00ednez, Sabino Redondi, Laureano Torres.<br \/>\n<strong><br \/>\nGol en el PT: <\/strong>A los 40\u2019 G. Gatti para Club Mercedes. A los 42\u00b4 Kojro para<br \/>\nJuventud.<strong><br \/>\nGol en el DT:<\/strong> A los 6\u2019 Pereyra y a los 48\u2019 Pedrazza para Juventud.<strong><br \/>\nCambios: <\/strong>Mariano Velozo por Schmidt, Gabriel Luque por Kojro, Nicol\u00e1s D\u00edaz por Alvarez y Benjam\u00edn Correa por Pereyra en Juventud. El\u00edas Vel\u00e1zquez por Culio, Rodrigo Scarnatto por Contardi, Santiago Romagnoli por F. Gatti en Club Mercedes.<strong><br \/>\nArbitro:<\/strong> Juli\u00e1n Beligoy.<br \/>\n<strong>Expulsado:<\/strong> A los 25\u2019 del ST Borre en Juventud.<\/p>\n<p><strong>Resultados<\/strong><br \/>\n<strong>Centro Espa\u00f1ol 2:<\/strong> Facundo Ponce y Ramiro Reynoso<br \/>\n<strong>Sportivo Barracas 1:<\/strong> Ramiro Franco<\/p>\n<p><strong>El Porvenir 3:<\/strong> Facundo Ojeda 2 y Maximiliano Alvarenga.<br \/>\n<strong>Lugano 1:<\/strong> Mateo Tarr\u00edo.<\/p>\n<p><img loading=\"lazy\" decoding=\"async\" class=\"alignnone size-full wp-image-121201\" src=\"https:\/\/noticiasmercedinas.com\/site\/wp-content\/uploads\/2023\/08\/Primera-D-4.jpg\" alt=\"\" width=\"640\" height=\"367\" srcset=\"https:\/\/noticiasmercedinas.com\/site\/wp-content\/uploads\/2023\/08\/Primera-D-4.jpg 640w, https:\/\/noticiasmercedinas.com\/site\/wp-content\/uploads\/2023\/08\/Primera-D-4-300x172.jpg 300w\" sizes=\"auto, (max-width: 640px) 100vw, 640px\" \/><br \/>\n<strong><br \/>\nMartes 22<\/strong><br \/>\nA las 15.30 Deportivo Paraguayo vs. Central Ballester.<br \/>\n<strong>Arbitro: <\/strong>Joaqu\u00edn Rodr\u00edguez.<\/p>\n<p><strong>Pr\u00f3xima fecha<\/strong><br \/>\nCentro Espa\u00f1ol vs. Lugano.<br \/>\nJuventud vs. Ballester.<br \/>\nArgentino (Rosario) vs. Club Mercedes.<br \/>\nEl Porvenir vs. Deportivo Mu\u00f1iz.<br \/>\nDeportivo paraguayo vs. Sportivo Barracas.<br \/>\n<strong>Libre:<\/strong> Defensores de Cambaceres.<\/p>\n<p><img loading=\"lazy\" decoding=\"async\" class=\"alignnone size-full wp-image-121204\" src=\"https:\/\/noticiasmercedinas.com\/site\/wp-content\/uploads\/2023\/08\/d1.jpg\" alt=\"\" width=\"640\" height=\"416\" srcset=\"https:\/\/noticiasmercedinas.com\/site\/wp-content\/uploads\/2023\/08\/d1.jpg 640w, https:\/\/noticiasmercedinas.com\/site\/wp-content\/uploads\/2023\/08\/d1-300x194.jpg 300w\" sizes=\"auto, (max-width: 640px) 100vw, 640px\" \/><\/p>\n","protected":false},"excerpt":{"rendered":"<p>\u25a0 Club Mercedes lo ganaba 1-0 antes del minuto en Pilar. Previo de finalizar la primera parte se lo empataron. El 2-1 para el local lleg\u00f3 en el despertar del segundo acto redondeando un 3-1 en el adicional.<\/p>\n","protected":false},"author":6,"featured_media":121202,"comment_status":"closed","ping_status":"closed","sticky":false,"template":"","format":"standard","meta":{"footnotes":""},"categories":[5],"tags":[6424,135,11317,11935],"class_list":["post-121200","post","type-post","status-publish","format-standard","has-post-thumbnail","hentry","category-deportes","tag-afa","tag-club-mercedes","tag-juventud-unida","tag-primera-d"],"yoast_head":"<!-- This site is optimized with the Yoast SEO plugin v27.5 - https:\/\/yoast.com\/product\/yoast-seo-wordpress\/ -->\n<title>Ventaja y reacci\u00f3n de Juventud<\/title>\n<meta name=\"robots\" content=\"index, follow, max-snippet:-1, max-image-preview:large, max-video-preview:-1\" \/>\n<link rel=\"canonical\" href=\"https:\/\/noticiasmercedinas.com\/site\/2023\/08\/21\/ventaja-y-reaccion-de-juventud\/\" \/>\n<meta property=\"og:locale\" content=\"es_ES\" \/>\n<meta property=\"og:type\" content=\"article\" \/>\n<meta property=\"og:title\" content=\"Ventaja y reacci\u00f3n de Juventud\" \/>\n<meta property=\"og:description\" content=\"\u25a0 Club Mercedes lo ganaba 1-0 antes del minuto en Pilar. Previo de finalizar la primera parte se lo empataron. El 2-1 para el local lleg\u00f3 en el despertar del segundo acto redondeando un 3-1 en el adicional.\" \/>\n<meta property=\"og:url\" content=\"https:\/\/noticiasmercedinas.com\/site\/2023\/08\/21\/ventaja-y-reaccion-de-juventud\/\" \/>\n<meta property=\"og:site_name\" content=\"NOTICIASMERCEDINAS.COM\" \/>\n<meta property=\"article:publisher\" content=\"https:\/\/www.facebook.com\/noticiasmercedinas\/\" \/>\n<meta property=\"article:published_time\" content=\"2023-08-21T21:24:07+00:00\" \/>\n<meta property=\"article:modified_time\" content=\"2023-08-21T21:25:39+00:00\" \/>\n<meta property=\"og:image\" content=\"https:\/\/noticiasmercedinas.com\/site\/wp-content\/uploads\/2023\/08\/d.jpg\" \/>\n\t<meta property=\"og:image:width\" content=\"640\" \/>\n\t<meta property=\"og:image:height\" content=\"427\" \/>\n\t<meta property=\"og:image:type\" content=\"image\/jpeg\" \/>\n<meta name=\"author\" content=\"Juan Dagnino NOTICIASMERCEDINAS.COM\" \/>\n<meta name=\"twitter:card\" content=\"summary_large_image\" \/>\n<meta name=\"twitter:creator\" content=\"@notmercedinas\" \/>\n<meta name=\"twitter:site\" content=\"@notmercedinas\" \/>\n<meta name=\"twitter:label1\" content=\"Escrito por\" \/>\n\t<meta name=\"twitter:data1\" content=\"Juan Dagnino NOTICIASMERCEDINAS.COM\" \/>\n\t<meta name=\"twitter:label2\" content=\"Tiempo de lectura\" \/>\n\t<meta name=\"twitter:data2\" content=\"3 minutos\" \/>\n<script type=\"application\/ld+json\" class=\"yoast-schema-graph\">{\"@context\":\"https:\\\/\\\/schema.org\",\"@graph\":[{\"@type\":\"Article\",\"@id\":\"https:\\\/\\\/noticiasmercedinas.com\\\/site\\\/2023\\\/08\\\/21\\\/ventaja-y-reaccion-de-juventud\\\/#article\",\"isPartOf\":{\"@id\":\"https:\\\/\\\/noticiasmercedinas.com\\\/site\\\/2023\\\/08\\\/21\\\/ventaja-y-reaccion-de-juventud\\\/\"},\"author\":{\"name\":\"Juan Dagnino NOTICIASMERCEDINAS.COM\",\"@id\":\"https:\\\/\\\/noticiasmercedinas.com\\\/site\\\/#\\\/schema\\\/person\\\/8f2f09d666ef40986eba4a5e6f2a06f9\"},\"headline\":\"Ventaja y reacci\u00f3n de Juventud\",\"datePublished\":\"2023-08-21T21:24:07+00:00\",\"dateModified\":\"2023-08-21T21:25:39+00:00\",\"mainEntityOfPage\":{\"@id\":\"https:\\\/\\\/noticiasmercedinas.com\\\/site\\\/2023\\\/08\\\/21\\\/ventaja-y-reaccion-de-juventud\\\/\"},\"wordCount\":459,\"publisher\":{\"@id\":\"https:\\\/\\\/noticiasmercedinas.com\\\/site\\\/#organization\"},\"image\":{\"@id\":\"https:\\\/\\\/noticiasmercedinas.com\\\/site\\\/2023\\\/08\\\/21\\\/ventaja-y-reaccion-de-juventud\\\/#primaryimage\"},\"thumbnailUrl\":\"https:\\\/\\\/noticiasmercedinas.com\\\/site\\\/wp-content\\\/uploads\\\/2023\\\/08\\\/d.jpg\",\"keywords\":[\"AFA\",\"club mercedes\",\"juventud unida\",\"Primera D\"],\"articleSection\":[\"Deportes\"],\"inLanguage\":\"es\"},{\"@type\":\"WebPage\",\"@id\":\"https:\\\/\\\/noticiasmercedinas.com\\\/site\\\/2023\\\/08\\\/21\\\/ventaja-y-reaccion-de-juventud\\\/\",\"url\":\"https:\\\/\\\/noticiasmercedinas.com\\\/site\\\/2023\\\/08\\\/21\\\/ventaja-y-reaccion-de-juventud\\\/\",\"name\":\"Ventaja y reacci\u00f3n de Juventud\",\"isPartOf\":{\"@id\":\"https:\\\/\\\/noticiasmercedinas.com\\\/site\\\/#website\"},\"primaryImageOfPage\":{\"@id\":\"https:\\\/\\\/noticiasmercedinas.com\\\/site\\\/2023\\\/08\\\/21\\\/ventaja-y-reaccion-de-juventud\\\/#primaryimage\"},\"image\":{\"@id\":\"https:\\\/\\\/noticiasmercedinas.com\\\/site\\\/2023\\\/08\\\/21\\\/ventaja-y-reaccion-de-juventud\\\/#primaryimage\"},\"thumbnailUrl\":\"https:\\\/\\\/noticiasmercedinas.com\\\/site\\\/wp-content\\\/uploads\\\/2023\\\/08\\\/d.jpg\",\"datePublished\":\"2023-08-21T21:24:07+00:00\",\"dateModified\":\"2023-08-21T21:25:39+00:00\",\"breadcrumb\":{\"@id\":\"https:\\\/\\\/noticiasmercedinas.com\\\/site\\\/2023\\\/08\\\/21\\\/ventaja-y-reaccion-de-juventud\\\/#breadcrumb\"},\"inLanguage\":\"es\",\"potentialAction\":[{\"@type\":\"ReadAction\",\"target\":[\"https:\\\/\\\/noticiasmercedinas.com\\\/site\\\/2023\\\/08\\\/21\\\/ventaja-y-reaccion-de-juventud\\\/\"]}]},{\"@type\":\"ImageObject\",\"inLanguage\":\"es\",\"@id\":\"https:\\\/\\\/noticiasmercedinas.com\\\/site\\\/2023\\\/08\\\/21\\\/ventaja-y-reaccion-de-juventud\\\/#primaryimage\",\"url\":\"https:\\\/\\\/noticiasmercedinas.com\\\/site\\\/wp-content\\\/uploads\\\/2023\\\/08\\\/d.jpg\",\"contentUrl\":\"https:\\\/\\\/noticiasmercedinas.com\\\/site\\\/wp-content\\\/uploads\\\/2023\\\/08\\\/d.jpg\",\"width\":640,\"height\":427},{\"@type\":\"BreadcrumbList\",\"@id\":\"https:\\\/\\\/noticiasmercedinas.com\\\/site\\\/2023\\\/08\\\/21\\\/ventaja-y-reaccion-de-juventud\\\/#breadcrumb\",\"itemListElement\":[{\"@type\":\"ListItem\",\"position\":1,\"name\":\"Portada\",\"item\":\"https:\\\/\\\/noticiasmercedinas.com\\\/site\\\/\"},{\"@type\":\"ListItem\",\"position\":2,\"name\":\"Ventaja y reacci\u00f3n de Juventud\"}]},{\"@type\":\"WebSite\",\"@id\":\"https:\\\/\\\/noticiasmercedinas.com\\\/site\\\/#website\",\"url\":\"https:\\\/\\\/noticiasmercedinas.com\\\/site\\\/\",\"name\":\"NOTICIASMERCEDINAS.COM\",\"description\":\"Mercedes, Buenos Aires, Argentina\",\"publisher\":{\"@id\":\"https:\\\/\\\/noticiasmercedinas.com\\\/site\\\/#organization\"},\"potentialAction\":[{\"@type\":\"SearchAction\",\"target\":{\"@type\":\"EntryPoint\",\"urlTemplate\":\"https:\\\/\\\/noticiasmercedinas.com\\\/site\\\/?s={search_term_string}\"},\"query-input\":{\"@type\":\"PropertyValueSpecification\",\"valueRequired\":true,\"valueName\":\"search_term_string\"}}],\"inLanguage\":\"es\"},{\"@type\":\"Organization\",\"@id\":\"https:\\\/\\\/noticiasmercedinas.com\\\/site\\\/#organization\",\"name\":\"NOTICIASMERCEDINAS.COM\",\"url\":\"https:\\\/\\\/noticiasmercedinas.com\\\/site\\\/\",\"logo\":{\"@type\":\"ImageObject\",\"inLanguage\":\"es\",\"@id\":\"https:\\\/\\\/noticiasmercedinas.com\\\/site\\\/#\\\/schema\\\/logo\\\/image\\\/\",\"url\":\"https:\\\/\\\/noticiasmercedinas.com\\\/site\\\/wp-content\\\/uploads\\\/2020\\\/06\\\/LOGO-512.jpg\",\"contentUrl\":\"https:\\\/\\\/noticiasmercedinas.com\\\/site\\\/wp-content\\\/uploads\\\/2020\\\/06\\\/LOGO-512.jpg\",\"width\":512,\"height\":512,\"caption\":\"NOTICIASMERCEDINAS.COM\"},\"image\":{\"@id\":\"https:\\\/\\\/noticiasmercedinas.com\\\/site\\\/#\\\/schema\\\/logo\\\/image\\\/\"},\"sameAs\":[\"https:\\\/\\\/www.facebook.com\\\/noticiasmercedinas\\\/\",\"https:\\\/\\\/x.com\\\/notmercedinas\",\"https:\\\/\\\/www.instagram.com\\\/noticiasmercedinas\\\/\"]},{\"@type\":\"Person\",\"@id\":\"https:\\\/\\\/noticiasmercedinas.com\\\/site\\\/#\\\/schema\\\/person\\\/8f2f09d666ef40986eba4a5e6f2a06f9\",\"name\":\"Juan Dagnino NOTICIASMERCEDINAS.COM\",\"image\":{\"@type\":\"ImageObject\",\"inLanguage\":\"es\",\"@id\":\"https:\\\/\\\/secure.gravatar.com\\\/avatar\\\/fc7059a769f5a3cae65fadb228a3e4accf3a64b4b2305020d0a27e6d5333c91b?s=96&d=mm&r=g\",\"url\":\"https:\\\/\\\/secure.gravatar.com\\\/avatar\\\/fc7059a769f5a3cae65fadb228a3e4accf3a64b4b2305020d0a27e6d5333c91b?s=96&d=mm&r=g\",\"contentUrl\":\"https:\\\/\\\/secure.gravatar.com\\\/avatar\\\/fc7059a769f5a3cae65fadb228a3e4accf3a64b4b2305020d0a27e6d5333c91b?s=96&d=mm&r=g\",\"caption\":\"Juan Dagnino NOTICIASMERCEDINAS.COM\"},\"url\":\"https:\\\/\\\/noticiasmercedinas.com\\\/site\\\/author\\\/juandagnino\\\/\"}]}<\/script>\n<!-- \/ Yoast SEO plugin. -->","yoast_head_json":{"title":"Ventaja y reacci\u00f3n de Juventud","robots":{"index":"index","follow":"follow","max-snippet":"max-snippet:-1","max-image-preview":"max-image-preview:large","max-video-preview":"max-video-preview:-1"},"canonical":"https:\/\/noticiasmercedinas.com\/site\/2023\/08\/21\/ventaja-y-reaccion-de-juventud\/","og_locale":"es_ES","og_type":"article","og_title":"Ventaja y reacci\u00f3n de Juventud","og_description":"\u25a0 Club Mercedes lo ganaba 1-0 antes del minuto en Pilar. Previo de finalizar la primera parte se lo empataron. El 2-1 para el local lleg\u00f3 en el despertar del segundo acto redondeando un 3-1 en el adicional.","og_url":"https:\/\/noticiasmercedinas.com\/site\/2023\/08\/21\/ventaja-y-reaccion-de-juventud\/","og_site_name":"NOTICIASMERCEDINAS.COM","article_publisher":"https:\/\/www.facebook.com\/noticiasmercedinas\/","article_published_time":"2023-08-21T21:24:07+00:00","article_modified_time":"2023-08-21T21:25:39+00:00","og_image":[{"width":640,"height":427,"url":"https:\/\/noticiasmercedinas.com\/site\/wp-content\/uploads\/2023\/08\/d.jpg","type":"image\/jpeg"}],"author":"Juan Dagnino NOTICIASMERCEDINAS.COM","twitter_card":"summary_large_image","twitter_creator":"@notmercedinas","twitter_site":"@notmercedinas","twitter_misc":{"Escrito por":"Juan Dagnino NOTICIASMERCEDINAS.COM","Tiempo de lectura":"3 minutos"},"schema":{"@context":"https:\/\/schema.org","@graph":[{"@type":"Article","@id":"https:\/\/noticiasmercedinas.com\/site\/2023\/08\/21\/ventaja-y-reaccion-de-juventud\/#article","isPartOf":{"@id":"https:\/\/noticiasmercedinas.com\/site\/2023\/08\/21\/ventaja-y-reaccion-de-juventud\/"},"author":{"name":"Juan Dagnino NOTICIASMERCEDINAS.COM","@id":"https:\/\/noticiasmercedinas.com\/site\/#\/schema\/person\/8f2f09d666ef40986eba4a5e6f2a06f9"},"headline":"Ventaja y reacci\u00f3n de Juventud","datePublished":"2023-08-21T21:24:07+00:00","dateModified":"2023-08-21T21:25:39+00:00","mainEntityOfPage":{"@id":"https:\/\/noticiasmercedinas.com\/site\/2023\/08\/21\/ventaja-y-reaccion-de-juventud\/"},"wordCount":459,"publisher":{"@id":"https:\/\/noticiasmercedinas.com\/site\/#organization"},"image":{"@id":"https:\/\/noticiasmercedinas.com\/site\/2023\/08\/21\/ventaja-y-reaccion-de-juventud\/#primaryimage"},"thumbnailUrl":"https:\/\/noticiasmercedinas.com\/site\/wp-content\/uploads\/2023\/08\/d.jpg","keywords":["AFA","club mercedes","juventud unida","Primera D"],"articleSection":["Deportes"],"inLanguage":"es"},{"@type":"WebPage","@id":"https:\/\/noticiasmercedinas.com\/site\/2023\/08\/21\/ventaja-y-reaccion-de-juventud\/","url":"https:\/\/noticiasmercedinas.com\/site\/2023\/08\/21\/ventaja-y-reaccion-de-juventud\/","name":"Ventaja y reacci\u00f3n de Juventud","isPartOf":{"@id":"https:\/\/noticiasmercedinas.com\/site\/#website"},"primaryImageOfPage":{"@id":"https:\/\/noticiasmercedinas.com\/site\/2023\/08\/21\/ventaja-y-reaccion-de-juventud\/#primaryimage"},"image":{"@id":"https:\/\/noticiasmercedinas.com\/site\/2023\/08\/21\/ventaja-y-reaccion-de-juventud\/#primaryimage"},"thumbnailUrl":"https:\/\/noticiasmercedinas.com\/site\/wp-content\/uploads\/2023\/08\/d.jpg","datePublished":"2023-08-21T21:24:07+00:00","dateModified":"2023-08-21T21:25:39+00:00","breadcrumb":{"@id":"https:\/\/noticiasmercedinas.com\/site\/2023\/08\/21\/ventaja-y-reaccion-de-juventud\/#breadcrumb"},"inLanguage":"es","potentialAction":[{"@type":"ReadAction","target":["https:\/\/noticiasmercedinas.com\/site\/2023\/08\/21\/ventaja-y-reaccion-de-juventud\/"]}]},{"@type":"ImageObject","inLanguage":"es","@id":"https:\/\/noticiasmercedinas.com\/site\/2023\/08\/21\/ventaja-y-reaccion-de-juventud\/#primaryimage","url":"https:\/\/noticiasmercedinas.com\/site\/wp-content\/uploads\/2023\/08\/d.jpg","contentUrl":"https:\/\/noticiasmercedinas.com\/site\/wp-content\/uploads\/2023\/08\/d.jpg","width":640,"height":427},{"@type":"BreadcrumbList","@id":"https:\/\/noticiasmercedinas.com\/site\/2023\/08\/21\/ventaja-y-reaccion-de-juventud\/#breadcrumb","itemListElement":[{"@type":"ListItem","position":1,"name":"Portada","item":"https:\/\/noticiasmercedinas.com\/site\/"},{"@type":"ListItem","position":2,"name":"Ventaja y reacci\u00f3n de Juventud"}]},{"@type":"WebSite","@id":"https:\/\/noticiasmercedinas.com\/site\/#website","url":"https:\/\/noticiasmercedinas.com\/site\/","name":"NOTICIASMERCEDINAS.COM","description":"Mercedes, Buenos Aires, Argentina","publisher":{"@id":"https:\/\/noticiasmercedinas.com\/site\/#organization"},"potentialAction":[{"@type":"SearchAction","target":{"@type":"EntryPoint","urlTemplate":"https:\/\/noticiasmercedinas.com\/site\/?s={search_term_string}"},"query-input":{"@type":"PropertyValueSpecification","valueRequired":true,"valueName":"search_term_string"}}],"inLanguage":"es"},{"@type":"Organization","@id":"https:\/\/noticiasmercedinas.com\/site\/#organization","name":"NOTICIASMERCEDINAS.COM","url":"https:\/\/noticiasmercedinas.com\/site\/","logo":{"@type":"ImageObject","inLanguage":"es","@id":"https:\/\/noticiasmercedinas.com\/site\/#\/schema\/logo\/image\/","url":"https:\/\/noticiasmercedinas.com\/site\/wp-content\/uploads\/2020\/06\/LOGO-512.jpg","contentUrl":"https:\/\/noticiasmercedinas.com\/site\/wp-content\/uploads\/2020\/06\/LOGO-512.jpg","width":512,"height":512,"caption":"NOTICIASMERCEDINAS.COM"},"image":{"@id":"https:\/\/noticiasmercedinas.com\/site\/#\/schema\/logo\/image\/"},"sameAs":["https:\/\/www.facebook.com\/noticiasmercedinas\/","https:\/\/x.com\/notmercedinas","https:\/\/www.instagram.com\/noticiasmercedinas\/"]},{"@type":"Person","@id":"https:\/\/noticiasmercedinas.com\/site\/#\/schema\/person\/8f2f09d666ef40986eba4a5e6f2a06f9","name":"Juan Dagnino NOTICIASMERCEDINAS.COM","image":{"@type":"ImageObject","inLanguage":"es","@id":"https:\/\/secure.gravatar.com\/avatar\/fc7059a769f5a3cae65fadb228a3e4accf3a64b4b2305020d0a27e6d5333c91b?s=96&d=mm&r=g","url":"https:\/\/secure.gravatar.com\/avatar\/fc7059a769f5a3cae65fadb228a3e4accf3a64b4b2305020d0a27e6d5333c91b?s=96&d=mm&r=g","contentUrl":"https:\/\/secure.gravatar.com\/avatar\/fc7059a769f5a3cae65fadb228a3e4accf3a64b4b2305020d0a27e6d5333c91b?s=96&d=mm&r=g","caption":"Juan Dagnino NOTICIASMERCEDINAS.COM"},"url":"https:\/\/noticiasmercedinas.com\/site\/author\/juandagnino\/"}]}},"amp_enabled":true,"_links":{"self":[{"href":"https:\/\/noticiasmercedinas.com\/site\/wp-json\/wp\/v2\/posts\/121200","targetHints":{"allow":["GET"]}}],"collection":[{"href":"https:\/\/noticiasmercedinas.com\/site\/wp-json\/wp\/v2\/posts"}],"about":[{"href":"https:\/\/noticiasmercedinas.com\/site\/wp-json\/wp\/v2\/types\/post"}],"author":[{"embeddable":true,"href":"https:\/\/noticiasmercedinas.com\/site\/wp-json\/wp\/v2\/users\/6"}],"replies":[{"embeddable":true,"href":"https:\/\/noticiasmercedinas.com\/site\/wp-json\/wp\/v2\/comments?post=121200"}],"version-history":[{"count":2,"href":"https:\/\/noticiasmercedinas.com\/site\/wp-json\/wp\/v2\/posts\/121200\/revisions"}],"predecessor-version":[{"id":121206,"href":"https:\/\/noticiasmercedinas.com\/site\/wp-json\/wp\/v2\/posts\/121200\/revisions\/121206"}],"wp:featuredmedia":[{"embeddable":true,"href":"https:\/\/noticiasmercedinas.com\/site\/wp-json\/wp\/v2\/media\/121202"}],"wp:attachment":[{"href":"https:\/\/noticiasmercedinas.com\/site\/wp-json\/wp\/v2\/media?parent=121200"}],"wp:term":[{"taxonomy":"category","embeddable":true,"href":"https:\/\/noticiasmercedinas.com\/site\/wp-json\/wp\/v2\/categories?post=121200"},{"taxonomy":"post_tag","embeddable":true,"href":"https:\/\/noticiasmercedinas.com\/site\/wp-json\/wp\/v2\/tags?post=121200"}],"curies":[{"name":"wp","href":"https:\/\/api.w.org\/{rel}","templated":true}]}}