{"id":121327,"date":"2023-08-23T10:02:02","date_gmt":"2023-08-23T13:02:02","guid":{"rendered":"https:\/\/noticiasmercedinas.com\/site\/?p=121327"},"modified":"2023-08-23T10:02:02","modified_gmt":"2023-08-23T13:02:02","slug":"hubo-un-encuentro-de-handball-en-el-cef-n40","status":"publish","type":"post","link":"https:\/\/noticiasmercedinas.com\/site\/2023\/08\/23\/hubo-un-encuentro-de-handball-en-el-cef-n40\/","title":{"rendered":"Hubo un encuentro de handball en el CEF N\u00b040"},"content":{"rendered":"<figure id=\"attachment_121328\" aria-describedby=\"caption-attachment-121328\" style=\"width: 911px\" class=\"wp-caption alignnone\"><img loading=\"lazy\" decoding=\"async\" class=\"wp-image-121328 size-full\" src=\"https:\/\/noticiasmercedinas.com\/site\/wp-content\/uploads\/2023\/08\/369577602_26023188003961865_2572974654692895571_n.jpg\" alt=\"\" width=\"911\" height=\"525\" srcset=\"https:\/\/noticiasmercedinas.com\/site\/wp-content\/uploads\/2023\/08\/369577602_26023188003961865_2572974654692895571_n.jpg 911w, https:\/\/noticiasmercedinas.com\/site\/wp-content\/uploads\/2023\/08\/369577602_26023188003961865_2572974654692895571_n-300x173.jpg 300w, https:\/\/noticiasmercedinas.com\/site\/wp-content\/uploads\/2023\/08\/369577602_26023188003961865_2572974654692895571_n-768x443.jpg 768w, https:\/\/noticiasmercedinas.com\/site\/wp-content\/uploads\/2023\/08\/369577602_26023188003961865_2572974654692895571_n-640x369.jpg 640w, https:\/\/noticiasmercedinas.com\/site\/wp-content\/uploads\/2023\/08\/369577602_26023188003961865_2572974654692895571_n-681x392.jpg 681w\" sizes=\"auto, (max-width: 911px) 100vw, 911px\" \/><figcaption id=\"caption-attachment-121328\" class=\"wp-caption-text\">El handball tuvo su encuentro.<\/figcaption><\/figure>\n<p>El Centro de Educaci\u00f3n F\u00edsica N\u00b0127 de San Antonio de Areco visit\u00f3 el Polideportivo de la ciudad para disfrutar de un encuentro recreativo de handball en el gimnasio Profesor Pablo Brienza con tres de sus categor\u00edas. Los primeros en ingresar al campo de juego fueron los equipos femeninos, que desarrollaron un partido muy parejo, donde las visitantes lograron escaparse sobre el final del juego, qued\u00e1ndose con el triunfo por 15 a 19.<\/p>\n<p>El equipo mercedino, entrenado por la profesora M\u00f3nica Morell estuvo integrado por Magdalena Barbato, Alma Cardozo, Morena Collazo, Ludmila Etchetto, Ari Forti, Paloma Garay, Luisana Gatica, Matilde Gatica, Brenda Herrera, Valentina Lara, Julieta L\u00f3pez, Catalina Mazzocchi, Leila Morales, Mia Nacimiento, Margarita Perretti Rossello y Magali Trod.<\/p>\n<p>Luego fue el turno de los elencos masculinos de Menores y Cadetes, en donde el CEF N\u00b040 se qued\u00f3 con ambos triunfos. En Menores el conjunto entrenado por el Profesor Dami\u00e1n Altieri siempre se mantuvo arriba en el tanteador, obteniendo la victoria por 18 a 15. En Menores participaron: Mateo Beccerra, Vicente Chidichimo, Lorenzo Corgniati, Santino G\u00f3mez, Ignacio Hip\u00f3lito, Valent\u00edn Jira, Celso Passadore, Santino Rodr\u00edguez y Demi\u00e1n Zapata.<\/p>\n<p><img loading=\"lazy\" decoding=\"async\" class=\"alignnone size-full wp-image-121329\" src=\"https:\/\/noticiasmercedinas.com\/site\/wp-content\/uploads\/2023\/08\/369975919_26023186727295326_6338950654279602372_n.jpg\" alt=\"\" width=\"1292\" height=\"612\" srcset=\"https:\/\/noticiasmercedinas.com\/site\/wp-content\/uploads\/2023\/08\/369975919_26023186727295326_6338950654279602372_n.jpg 1292w, https:\/\/noticiasmercedinas.com\/site\/wp-content\/uploads\/2023\/08\/369975919_26023186727295326_6338950654279602372_n-300x142.jpg 300w, https:\/\/noticiasmercedinas.com\/site\/wp-content\/uploads\/2023\/08\/369975919_26023186727295326_6338950654279602372_n-1024x485.jpg 1024w, https:\/\/noticiasmercedinas.com\/site\/wp-content\/uploads\/2023\/08\/369975919_26023186727295326_6338950654279602372_n-768x364.jpg 768w, https:\/\/noticiasmercedinas.com\/site\/wp-content\/uploads\/2023\/08\/369975919_26023186727295326_6338950654279602372_n-640x303.jpg 640w, https:\/\/noticiasmercedinas.com\/site\/wp-content\/uploads\/2023\/08\/369975919_26023186727295326_6338950654279602372_n-1280x606.jpg 1280w, https:\/\/noticiasmercedinas.com\/site\/wp-content\/uploads\/2023\/08\/369975919_26023186727295326_6338950654279602372_n-681x323.jpg 681w\" sizes=\"auto, (max-width: 1292px) 100vw, 1292px\" \/><\/p>\n<p>En el partido de Cadetes masculino, el local obtuvo una c\u00f3moda victoria, superando a la escuadra visitante en todas las fases del juego para quedarse con el resultado final de 33 a 11 a su favor. Jugaron: Gabriel Darriba, Valent\u00edn Daveiro, Lucas Flynn, Ramiro Mosqueda, Tom\u00e1s Peralta, Benjam\u00edn Sosa, Kevin Suarez, Tom\u00e1s Testa, Nicol\u00e1s Torres, Santino Torres y Luca Toscano.<\/p>\n<p>El Handball Mercedino continuar\u00e1 con actividad esta semana, ya que en los d\u00edas 23, 24 y 25 de agosto, el equipo de handball Sub 14 masculino de la Escuela de Educaci\u00f3n Secundaria T\u00e9cnica N\u00b01 disputar\u00e1 en la ciudad de Mar del Plata la Etapa Provincial de la Copa Buenos Aires que es clasificatoria para los Torneos Nacionales Evita.<\/p>\n\r\n                <style type=\"text\/css\">\r\n                    \r\n                    #td_uid_1_69f5b99836a5a  .td-doubleSlider-2 .td-item1 {\r\n                        background: url(https:\/\/noticiasmercedinas.com\/site\/wp-content\/uploads\/2023\/08\/369906733_26023186357295363_7116731969695039583_n-160x120.jpg) 0 0 no-repeat;\r\n                    }\r\n                    #td_uid_1_69f5b99836a5a  .td-doubleSlider-2 .td-item2 {\r\n                        background: url(https:\/\/noticiasmercedinas.com\/site\/wp-content\/uploads\/2023\/08\/369998972_26023185927295406_6925952504228804912_n-160x120.jpg) 0 0 no-repeat;\r\n                    }\r\n                    #td_uid_1_69f5b99836a5a  .td-doubleSlider-2 .td-item3 {\r\n                        background: url(https:\/\/noticiasmercedinas.com\/site\/wp-content\/uploads\/2023\/08\/370277256_26023185080628824_7600597155086090699_n-160x120.jpg) 0 0 no-repeat;\r\n                    }\r\n                    #td_uid_1_69f5b99836a5a  .td-doubleSlider-2 .td-item4 {\r\n                        background: url(https:\/\/noticiasmercedinas.com\/site\/wp-content\/uploads\/2023\/08\/370310183_26023185613962104_4352000800980989449_n-160x120.jpg) 0 0 no-repeat;\r\n                    }\r\n                <\/style>\r\n\r\n                <div id=\"td_uid_1_69f5b99836a5a\" class=\"td-gallery td-slide-on-2-columns\">\r\n                    <div class=\"post_td_gallery\">\r\n                        <div class=\"td-gallery-slide-top\">\r\n                           <div class=\"td-gallery-title\">Handball<\/div>\r\n\r\n                            <div class=\"td-gallery-controls-wrapper\">\r\n                                <div class=\"td-gallery-slide-count\"><span class=\"td-gallery-slide-item-focus\">1<\/span> de 4<\/div>\r\n                                <div class=\"td-gallery-slide-prev-next-but\">\r\n                                    <i class = \"td-icon-left doubleSliderPrevButton\"><\/i>\r\n                                    <i class = \"td-icon-right doubleSliderNextButton\"><\/i>\r\n                                <\/div>\r\n                            <\/div>\r\n                        <\/div>\r\n\r\n                        <div class = \"td-doubleSlider-1 \">\r\n                            <div class = \"td-slider\">\r\n                                \r\n                    <div class = \"td-slide-item td-item1\">\r\n                        <figure class=\"td-slide-galery-figure td-slide-popup-gallery\">\r\n                            <a class=\"slide-gallery-image-link\" href=\"https:\/\/noticiasmercedinas.com\/site\/wp-content\/uploads\/2023\/08\/369906733_26023186357295363_7116731969695039583_n.jpg\" title=\"369906733_26023186357295363_7116731969695039583_n\"  data-caption=\"\"  data-description=\"\">\r\n                                <img decoding=\"async\" src=\"https:\/\/noticiasmercedinas.com\/site\/wp-content\/uploads\/2023\/08\/369906733_26023186357295363_7116731969695039583_n.jpg\" srcset=\"https:\/\/noticiasmercedinas.com\/site\/wp-content\/uploads\/2023\/08\/369906733_26023186357295363_7116731969695039583_n.jpg 1263w, https:\/\/noticiasmercedinas.com\/site\/wp-content\/uploads\/2023\/08\/369906733_26023186357295363_7116731969695039583_n-300x139.jpg 300w, https:\/\/noticiasmercedinas.com\/site\/wp-content\/uploads\/2023\/08\/369906733_26023186357295363_7116731969695039583_n-1024x476.jpg 1024w, https:\/\/noticiasmercedinas.com\/site\/wp-content\/uploads\/2023\/08\/369906733_26023186357295363_7116731969695039583_n-768x357.jpg 768w, https:\/\/noticiasmercedinas.com\/site\/wp-content\/uploads\/2023\/08\/369906733_26023186357295363_7116731969695039583_n-640x297.jpg 640w, https:\/\/noticiasmercedinas.com\/site\/wp-content\/uploads\/2023\/08\/369906733_26023186357295363_7116731969695039583_n-681x317.jpg 681w\" sizes=\"(max-width: 1263px) 100vw, 1263px\" alt=\"\">\r\n                            <\/a>\r\n                            \r\n                        <\/figure>\r\n                    <\/div>\r\n                    <div class = \"td-slide-item td-item2\">\r\n                        <figure class=\"td-slide-galery-figure td-slide-popup-gallery\">\r\n                            <a class=\"slide-gallery-image-link\" href=\"https:\/\/noticiasmercedinas.com\/site\/wp-content\/uploads\/2023\/08\/369998972_26023185927295406_6925952504228804912_n.jpg\" title=\"369998972_26023185927295406_6925952504228804912_n\"  data-caption=\"\"  data-description=\"\">\r\n                                <img decoding=\"async\" src=\"https:\/\/noticiasmercedinas.com\/site\/wp-content\/uploads\/2023\/08\/369998972_26023185927295406_6925952504228804912_n.jpg\" srcset=\"https:\/\/noticiasmercedinas.com\/site\/wp-content\/uploads\/2023\/08\/369998972_26023185927295406_6925952504228804912_n.jpg 907w, https:\/\/noticiasmercedinas.com\/site\/wp-content\/uploads\/2023\/08\/369998972_26023185927295406_6925952504228804912_n-300x165.jpg 300w, https:\/\/noticiasmercedinas.com\/site\/wp-content\/uploads\/2023\/08\/369998972_26023185927295406_6925952504228804912_n-768x423.jpg 768w, https:\/\/noticiasmercedinas.com\/site\/wp-content\/uploads\/2023\/08\/369998972_26023185927295406_6925952504228804912_n-640x353.jpg 640w, https:\/\/noticiasmercedinas.com\/site\/wp-content\/uploads\/2023\/08\/369998972_26023185927295406_6925952504228804912_n-681x375.jpg 681w\" sizes=\"(max-width: 907px) 100vw, 907px\" alt=\"\">\r\n                            <\/a>\r\n                            \r\n                        <\/figure>\r\n                    <\/div>\r\n                    <div class = \"td-slide-item td-item3\">\r\n                        <figure class=\"td-slide-galery-figure td-slide-popup-gallery\">\r\n                            <a class=\"slide-gallery-image-link\" href=\"https:\/\/noticiasmercedinas.com\/site\/wp-content\/uploads\/2023\/08\/370277256_26023185080628824_7600597155086090699_n.jpg\" title=\"370277256_26023185080628824_7600597155086090699_n\"  data-caption=\"\"  data-description=\"\">\r\n                                <img decoding=\"async\" src=\"https:\/\/noticiasmercedinas.com\/site\/wp-content\/uploads\/2023\/08\/370277256_26023185080628824_7600597155086090699_n.jpg\" srcset=\"https:\/\/noticiasmercedinas.com\/site\/wp-content\/uploads\/2023\/08\/370277256_26023185080628824_7600597155086090699_n.jpg 757w, https:\/\/noticiasmercedinas.com\/site\/wp-content\/uploads\/2023\/08\/370277256_26023185080628824_7600597155086090699_n-300x187.jpg 300w, https:\/\/noticiasmercedinas.com\/site\/wp-content\/uploads\/2023\/08\/370277256_26023185080628824_7600597155086090699_n-640x400.jpg 640w, https:\/\/noticiasmercedinas.com\/site\/wp-content\/uploads\/2023\/08\/370277256_26023185080628824_7600597155086090699_n-681x426.jpg 681w\" sizes=\"(max-width: 757px) 100vw, 757px\" alt=\"\">\r\n                            <\/a>\r\n                            \r\n                        <\/figure>\r\n                    <\/div>\r\n                    <div class = \"td-slide-item td-item4\">\r\n                        <figure class=\"td-slide-galery-figure td-slide-popup-gallery\">\r\n                            <a class=\"slide-gallery-image-link\" href=\"https:\/\/noticiasmercedinas.com\/site\/wp-content\/uploads\/2023\/08\/370310183_26023185613962104_4352000800980989449_n.jpg\" title=\"370310183_26023185613962104_4352000800980989449_n\"  data-caption=\"\"  data-description=\"\">\r\n                                <img decoding=\"async\" src=\"https:\/\/noticiasmercedinas.com\/site\/wp-content\/uploads\/2023\/08\/370310183_26023185613962104_4352000800980989449_n.jpg\" srcset=\"https:\/\/noticiasmercedinas.com\/site\/wp-content\/uploads\/2023\/08\/370310183_26023185613962104_4352000800980989449_n.jpg 1311w, https:\/\/noticiasmercedinas.com\/site\/wp-content\/uploads\/2023\/08\/370310183_26023185613962104_4352000800980989449_n-300x174.jpg 300w, https:\/\/noticiasmercedinas.com\/site\/wp-content\/uploads\/2023\/08\/370310183_26023185613962104_4352000800980989449_n-1024x594.jpg 1024w, https:\/\/noticiasmercedinas.com\/site\/wp-content\/uploads\/2023\/08\/370310183_26023185613962104_4352000800980989449_n-768x445.jpg 768w, https:\/\/noticiasmercedinas.com\/site\/wp-content\/uploads\/2023\/08\/370310183_26023185613962104_4352000800980989449_n-640x371.jpg 640w, https:\/\/noticiasmercedinas.com\/site\/wp-content\/uploads\/2023\/08\/370310183_26023185613962104_4352000800980989449_n-1280x742.jpg 1280w, https:\/\/noticiasmercedinas.com\/site\/wp-content\/uploads\/2023\/08\/370310183_26023185613962104_4352000800980989449_n-681x395.jpg 681w\" sizes=\"(max-width: 1311px) 100vw, 1311px\" alt=\"\">\r\n                            <\/a>\r\n                            \r\n                        <\/figure>\r\n                    <\/div>\r\n                            <\/div>\r\n                        <\/div>\r\n\r\n                        <div class = \"td-doubleSlider-2\">\r\n                            <div class = \"td-slider\">\r\n                                \r\n                    <div class = \"td-button td-item1\">\r\n                        <div class = \"td-border\"><\/div>\r\n                    <\/div>\r\n                    <div class = \"td-button td-item2\">\r\n                        <div class = \"td-border\"><\/div>\r\n                    <\/div>\r\n                    <div class = \"td-button td-item3\">\r\n                        <div class = \"td-border\"><\/div>\r\n                    <\/div>\r\n                    <div class = \"td-button td-item4\">\r\n                        <div class = \"td-border\"><\/div>\r\n                    <\/div>\r\n                            <\/div>\r\n                        <\/div>\r\n\r\n                    <\/div>\r\n\r\n                <\/div>\r\n                \n","protected":false},"excerpt":{"rendered":"<p>\u25a0 Fue entre los equipos locales y el CEF de San Antonio de Areco en el gimnasio Pablo Brienza. Se viene en la ciudad de Mar del Plata la Copa Buenos Aires con la participaci\u00f3n de la T\u00e9cnica N\u00b0 1. <\/p>\n","protected":false},"author":6,"featured_media":121328,"comment_status":"closed","ping_status":"closed","sticky":false,"template":"","format":"standard","meta":{"footnotes":""},"categories":[5],"tags":[17249,3409,251],"class_list":["post-121327","post","type-post","status-publish","format-standard","has-post-thumbnail","hentry","category-deportes","tag-cef-n-127","tag-cef-n-40","tag-handball"],"yoast_head":"<!-- This site is optimized with the Yoast SEO plugin v27.5 - https:\/\/yoast.com\/product\/yoast-seo-wordpress\/ -->\n<title>Hubo un encuentro de handball en el CEF N\u00b040<\/title>\n<meta name=\"robots\" content=\"index, follow, max-snippet:-1, max-image-preview:large, max-video-preview:-1\" \/>\n<link rel=\"canonical\" href=\"https:\/\/noticiasmercedinas.com\/site\/2023\/08\/23\/hubo-un-encuentro-de-handball-en-el-cef-n40\/\" \/>\n<meta property=\"og:locale\" content=\"es_ES\" \/>\n<meta property=\"og:type\" content=\"article\" \/>\n<meta property=\"og:title\" content=\"Hubo un encuentro de handball en el CEF N\u00b040\" \/>\n<meta property=\"og:description\" content=\"\u25a0 Fue entre los equipos locales y el CEF de San Antonio de Areco en el gimnasio Pablo Brienza. Se viene en la ciudad de Mar del Plata la Copa Buenos Aires con la participaci\u00f3n de la T\u00e9cnica N\u00b0 1.\" \/>\n<meta property=\"og:url\" content=\"https:\/\/noticiasmercedinas.com\/site\/2023\/08\/23\/hubo-un-encuentro-de-handball-en-el-cef-n40\/\" \/>\n<meta property=\"og:site_name\" content=\"NOTICIASMERCEDINAS.COM\" \/>\n<meta property=\"article:publisher\" content=\"https:\/\/www.facebook.com\/noticiasmercedinas\/\" \/>\n<meta property=\"article:published_time\" content=\"2023-08-23T13:02:02+00:00\" \/>\n<meta property=\"og:image\" content=\"https:\/\/noticiasmercedinas.com\/site\/wp-content\/uploads\/2023\/08\/369577602_26023188003961865_2572974654692895571_n.jpg\" \/>\n\t<meta property=\"og:image:width\" content=\"911\" \/>\n\t<meta property=\"og:image:height\" content=\"525\" \/>\n\t<meta property=\"og:image:type\" content=\"image\/jpeg\" \/>\n<meta name=\"author\" content=\"Juan Dagnino NOTICIASMERCEDINAS.COM\" \/>\n<meta name=\"twitter:card\" content=\"summary_large_image\" \/>\n<meta name=\"twitter:creator\" content=\"@notmercedinas\" \/>\n<meta name=\"twitter:site\" content=\"@notmercedinas\" \/>\n<meta name=\"twitter:label1\" content=\"Escrito por\" \/>\n\t<meta name=\"twitter:data1\" content=\"Juan Dagnino NOTICIASMERCEDINAS.COM\" \/>\n\t<meta name=\"twitter:label2\" content=\"Tiempo de lectura\" \/>\n\t<meta name=\"twitter:data2\" content=\"2 minutos\" \/>\n<script type=\"application\/ld+json\" class=\"yoast-schema-graph\">{\"@context\":\"https:\\\/\\\/schema.org\",\"@graph\":[{\"@type\":\"Article\",\"@id\":\"https:\\\/\\\/noticiasmercedinas.com\\\/site\\\/2023\\\/08\\\/23\\\/hubo-un-encuentro-de-handball-en-el-cef-n40\\\/#article\",\"isPartOf\":{\"@id\":\"https:\\\/\\\/noticiasmercedinas.com\\\/site\\\/2023\\\/08\\\/23\\\/hubo-un-encuentro-de-handball-en-el-cef-n40\\\/\"},\"author\":{\"name\":\"Juan Dagnino NOTICIASMERCEDINAS.COM\",\"@id\":\"https:\\\/\\\/noticiasmercedinas.com\\\/site\\\/#\\\/schema\\\/person\\\/8f2f09d666ef40986eba4a5e6f2a06f9\"},\"headline\":\"Hubo un encuentro de handball en el CEF N\u00b040\",\"datePublished\":\"2023-08-23T13:02:02+00:00\",\"mainEntityOfPage\":{\"@id\":\"https:\\\/\\\/noticiasmercedinas.com\\\/site\\\/2023\\\/08\\\/23\\\/hubo-un-encuentro-de-handball-en-el-cef-n40\\\/\"},\"wordCount\":350,\"publisher\":{\"@id\":\"https:\\\/\\\/noticiasmercedinas.com\\\/site\\\/#organization\"},\"image\":{\"@id\":\"https:\\\/\\\/noticiasmercedinas.com\\\/site\\\/2023\\\/08\\\/23\\\/hubo-un-encuentro-de-handball-en-el-cef-n40\\\/#primaryimage\"},\"thumbnailUrl\":\"https:\\\/\\\/noticiasmercedinas.com\\\/site\\\/wp-content\\\/uploads\\\/2023\\\/08\\\/369577602_26023188003961865_2572974654692895571_n.jpg\",\"keywords\":[\"cef n 127\",\"CEF N\u00b0 40\",\"handball\"],\"articleSection\":[\"Deportes\"],\"inLanguage\":\"es\"},{\"@type\":\"WebPage\",\"@id\":\"https:\\\/\\\/noticiasmercedinas.com\\\/site\\\/2023\\\/08\\\/23\\\/hubo-un-encuentro-de-handball-en-el-cef-n40\\\/\",\"url\":\"https:\\\/\\\/noticiasmercedinas.com\\\/site\\\/2023\\\/08\\\/23\\\/hubo-un-encuentro-de-handball-en-el-cef-n40\\\/\",\"name\":\"Hubo un encuentro de handball en el CEF N\u00b040\",\"isPartOf\":{\"@id\":\"https:\\\/\\\/noticiasmercedinas.com\\\/site\\\/#website\"},\"primaryImageOfPage\":{\"@id\":\"https:\\\/\\\/noticiasmercedinas.com\\\/site\\\/2023\\\/08\\\/23\\\/hubo-un-encuentro-de-handball-en-el-cef-n40\\\/#primaryimage\"},\"image\":{\"@id\":\"https:\\\/\\\/noticiasmercedinas.com\\\/site\\\/2023\\\/08\\\/23\\\/hubo-un-encuentro-de-handball-en-el-cef-n40\\\/#primaryimage\"},\"thumbnailUrl\":\"https:\\\/\\\/noticiasmercedinas.com\\\/site\\\/wp-content\\\/uploads\\\/2023\\\/08\\\/369577602_26023188003961865_2572974654692895571_n.jpg\",\"datePublished\":\"2023-08-23T13:02:02+00:00\",\"breadcrumb\":{\"@id\":\"https:\\\/\\\/noticiasmercedinas.com\\\/site\\\/2023\\\/08\\\/23\\\/hubo-un-encuentro-de-handball-en-el-cef-n40\\\/#breadcrumb\"},\"inLanguage\":\"es\",\"potentialAction\":[{\"@type\":\"ReadAction\",\"target\":[\"https:\\\/\\\/noticiasmercedinas.com\\\/site\\\/2023\\\/08\\\/23\\\/hubo-un-encuentro-de-handball-en-el-cef-n40\\\/\"]}]},{\"@type\":\"ImageObject\",\"inLanguage\":\"es\",\"@id\":\"https:\\\/\\\/noticiasmercedinas.com\\\/site\\\/2023\\\/08\\\/23\\\/hubo-un-encuentro-de-handball-en-el-cef-n40\\\/#primaryimage\",\"url\":\"https:\\\/\\\/noticiasmercedinas.com\\\/site\\\/wp-content\\\/uploads\\\/2023\\\/08\\\/369577602_26023188003961865_2572974654692895571_n.jpg\",\"contentUrl\":\"https:\\\/\\\/noticiasmercedinas.com\\\/site\\\/wp-content\\\/uploads\\\/2023\\\/08\\\/369577602_26023188003961865_2572974654692895571_n.jpg\",\"width\":911,\"height\":525},{\"@type\":\"BreadcrumbList\",\"@id\":\"https:\\\/\\\/noticiasmercedinas.com\\\/site\\\/2023\\\/08\\\/23\\\/hubo-un-encuentro-de-handball-en-el-cef-n40\\\/#breadcrumb\",\"itemListElement\":[{\"@type\":\"ListItem\",\"position\":1,\"name\":\"Portada\",\"item\":\"https:\\\/\\\/noticiasmercedinas.com\\\/site\\\/\"},{\"@type\":\"ListItem\",\"position\":2,\"name\":\"Hubo un encuentro de handball en el CEF N\u00b040\"}]},{\"@type\":\"WebSite\",\"@id\":\"https:\\\/\\\/noticiasmercedinas.com\\\/site\\\/#website\",\"url\":\"https:\\\/\\\/noticiasmercedinas.com\\\/site\\\/\",\"name\":\"NOTICIASMERCEDINAS.COM\",\"description\":\"Mercedes, Buenos Aires, Argentina\",\"publisher\":{\"@id\":\"https:\\\/\\\/noticiasmercedinas.com\\\/site\\\/#organization\"},\"potentialAction\":[{\"@type\":\"SearchAction\",\"target\":{\"@type\":\"EntryPoint\",\"urlTemplate\":\"https:\\\/\\\/noticiasmercedinas.com\\\/site\\\/?s={search_term_string}\"},\"query-input\":{\"@type\":\"PropertyValueSpecification\",\"valueRequired\":true,\"valueName\":\"search_term_string\"}}],\"inLanguage\":\"es\"},{\"@type\":\"Organization\",\"@id\":\"https:\\\/\\\/noticiasmercedinas.com\\\/site\\\/#organization\",\"name\":\"NOTICIASMERCEDINAS.COM\",\"url\":\"https:\\\/\\\/noticiasmercedinas.com\\\/site\\\/\",\"logo\":{\"@type\":\"ImageObject\",\"inLanguage\":\"es\",\"@id\":\"https:\\\/\\\/noticiasmercedinas.com\\\/site\\\/#\\\/schema\\\/logo\\\/image\\\/\",\"url\":\"https:\\\/\\\/noticiasmercedinas.com\\\/site\\\/wp-content\\\/uploads\\\/2020\\\/06\\\/LOGO-512.jpg\",\"contentUrl\":\"https:\\\/\\\/noticiasmercedinas.com\\\/site\\\/wp-content\\\/uploads\\\/2020\\\/06\\\/LOGO-512.jpg\",\"width\":512,\"height\":512,\"caption\":\"NOTICIASMERCEDINAS.COM\"},\"image\":{\"@id\":\"https:\\\/\\\/noticiasmercedinas.com\\\/site\\\/#\\\/schema\\\/logo\\\/image\\\/\"},\"sameAs\":[\"https:\\\/\\\/www.facebook.com\\\/noticiasmercedinas\\\/\",\"https:\\\/\\\/x.com\\\/notmercedinas\",\"https:\\\/\\\/www.instagram.com\\\/noticiasmercedinas\\\/\"]},{\"@type\":\"Person\",\"@id\":\"https:\\\/\\\/noticiasmercedinas.com\\\/site\\\/#\\\/schema\\\/person\\\/8f2f09d666ef40986eba4a5e6f2a06f9\",\"name\":\"Juan Dagnino NOTICIASMERCEDINAS.COM\",\"image\":{\"@type\":\"ImageObject\",\"inLanguage\":\"es\",\"@id\":\"https:\\\/\\\/secure.gravatar.com\\\/avatar\\\/fc7059a769f5a3cae65fadb228a3e4accf3a64b4b2305020d0a27e6d5333c91b?s=96&d=mm&r=g\",\"url\":\"https:\\\/\\\/secure.gravatar.com\\\/avatar\\\/fc7059a769f5a3cae65fadb228a3e4accf3a64b4b2305020d0a27e6d5333c91b?s=96&d=mm&r=g\",\"contentUrl\":\"https:\\\/\\\/secure.gravatar.com\\\/avatar\\\/fc7059a769f5a3cae65fadb228a3e4accf3a64b4b2305020d0a27e6d5333c91b?s=96&d=mm&r=g\",\"caption\":\"Juan Dagnino NOTICIASMERCEDINAS.COM\"},\"url\":\"https:\\\/\\\/noticiasmercedinas.com\\\/site\\\/author\\\/juandagnino\\\/\"}]}<\/script>\n<!-- \/ Yoast SEO plugin. -->","yoast_head_json":{"title":"Hubo un encuentro de handball en el CEF N\u00b040","robots":{"index":"index","follow":"follow","max-snippet":"max-snippet:-1","max-image-preview":"max-image-preview:large","max-video-preview":"max-video-preview:-1"},"canonical":"https:\/\/noticiasmercedinas.com\/site\/2023\/08\/23\/hubo-un-encuentro-de-handball-en-el-cef-n40\/","og_locale":"es_ES","og_type":"article","og_title":"Hubo un encuentro de handball en el CEF N\u00b040","og_description":"\u25a0 Fue entre los equipos locales y el CEF de San Antonio de Areco en el gimnasio Pablo Brienza. Se viene en la ciudad de Mar del Plata la Copa Buenos Aires con la participaci\u00f3n de la T\u00e9cnica N\u00b0 1.","og_url":"https:\/\/noticiasmercedinas.com\/site\/2023\/08\/23\/hubo-un-encuentro-de-handball-en-el-cef-n40\/","og_site_name":"NOTICIASMERCEDINAS.COM","article_publisher":"https:\/\/www.facebook.com\/noticiasmercedinas\/","article_published_time":"2023-08-23T13:02:02+00:00","og_image":[{"width":911,"height":525,"url":"https:\/\/noticiasmercedinas.com\/site\/wp-content\/uploads\/2023\/08\/369577602_26023188003961865_2572974654692895571_n.jpg","type":"image\/jpeg"}],"author":"Juan Dagnino NOTICIASMERCEDINAS.COM","twitter_card":"summary_large_image","twitter_creator":"@notmercedinas","twitter_site":"@notmercedinas","twitter_misc":{"Escrito por":"Juan Dagnino NOTICIASMERCEDINAS.COM","Tiempo de lectura":"2 minutos"},"schema":{"@context":"https:\/\/schema.org","@graph":[{"@type":"Article","@id":"https:\/\/noticiasmercedinas.com\/site\/2023\/08\/23\/hubo-un-encuentro-de-handball-en-el-cef-n40\/#article","isPartOf":{"@id":"https:\/\/noticiasmercedinas.com\/site\/2023\/08\/23\/hubo-un-encuentro-de-handball-en-el-cef-n40\/"},"author":{"name":"Juan Dagnino NOTICIASMERCEDINAS.COM","@id":"https:\/\/noticiasmercedinas.com\/site\/#\/schema\/person\/8f2f09d666ef40986eba4a5e6f2a06f9"},"headline":"Hubo un encuentro de handball en el CEF N\u00b040","datePublished":"2023-08-23T13:02:02+00:00","mainEntityOfPage":{"@id":"https:\/\/noticiasmercedinas.com\/site\/2023\/08\/23\/hubo-un-encuentro-de-handball-en-el-cef-n40\/"},"wordCount":350,"publisher":{"@id":"https:\/\/noticiasmercedinas.com\/site\/#organization"},"image":{"@id":"https:\/\/noticiasmercedinas.com\/site\/2023\/08\/23\/hubo-un-encuentro-de-handball-en-el-cef-n40\/#primaryimage"},"thumbnailUrl":"https:\/\/noticiasmercedinas.com\/site\/wp-content\/uploads\/2023\/08\/369577602_26023188003961865_2572974654692895571_n.jpg","keywords":["cef n 127","CEF N\u00b0 40","handball"],"articleSection":["Deportes"],"inLanguage":"es"},{"@type":"WebPage","@id":"https:\/\/noticiasmercedinas.com\/site\/2023\/08\/23\/hubo-un-encuentro-de-handball-en-el-cef-n40\/","url":"https:\/\/noticiasmercedinas.com\/site\/2023\/08\/23\/hubo-un-encuentro-de-handball-en-el-cef-n40\/","name":"Hubo un encuentro de handball en el CEF N\u00b040","isPartOf":{"@id":"https:\/\/noticiasmercedinas.com\/site\/#website"},"primaryImageOfPage":{"@id":"https:\/\/noticiasmercedinas.com\/site\/2023\/08\/23\/hubo-un-encuentro-de-handball-en-el-cef-n40\/#primaryimage"},"image":{"@id":"https:\/\/noticiasmercedinas.com\/site\/2023\/08\/23\/hubo-un-encuentro-de-handball-en-el-cef-n40\/#primaryimage"},"thumbnailUrl":"https:\/\/noticiasmercedinas.com\/site\/wp-content\/uploads\/2023\/08\/369577602_26023188003961865_2572974654692895571_n.jpg","datePublished":"2023-08-23T13:02:02+00:00","breadcrumb":{"@id":"https:\/\/noticiasmercedinas.com\/site\/2023\/08\/23\/hubo-un-encuentro-de-handball-en-el-cef-n40\/#breadcrumb"},"inLanguage":"es","potentialAction":[{"@type":"ReadAction","target":["https:\/\/noticiasmercedinas.com\/site\/2023\/08\/23\/hubo-un-encuentro-de-handball-en-el-cef-n40\/"]}]},{"@type":"ImageObject","inLanguage":"es","@id":"https:\/\/noticiasmercedinas.com\/site\/2023\/08\/23\/hubo-un-encuentro-de-handball-en-el-cef-n40\/#primaryimage","url":"https:\/\/noticiasmercedinas.com\/site\/wp-content\/uploads\/2023\/08\/369577602_26023188003961865_2572974654692895571_n.jpg","contentUrl":"https:\/\/noticiasmercedinas.com\/site\/wp-content\/uploads\/2023\/08\/369577602_26023188003961865_2572974654692895571_n.jpg","width":911,"height":525},{"@type":"BreadcrumbList","@id":"https:\/\/noticiasmercedinas.com\/site\/2023\/08\/23\/hubo-un-encuentro-de-handball-en-el-cef-n40\/#breadcrumb","itemListElement":[{"@type":"ListItem","position":1,"name":"Portada","item":"https:\/\/noticiasmercedinas.com\/site\/"},{"@type":"ListItem","position":2,"name":"Hubo un encuentro de handball en el CEF N\u00b040"}]},{"@type":"WebSite","@id":"https:\/\/noticiasmercedinas.com\/site\/#website","url":"https:\/\/noticiasmercedinas.com\/site\/","name":"NOTICIASMERCEDINAS.COM","description":"Mercedes, Buenos Aires, Argentina","publisher":{"@id":"https:\/\/noticiasmercedinas.com\/site\/#organization"},"potentialAction":[{"@type":"SearchAction","target":{"@type":"EntryPoint","urlTemplate":"https:\/\/noticiasmercedinas.com\/site\/?s={search_term_string}"},"query-input":{"@type":"PropertyValueSpecification","valueRequired":true,"valueName":"search_term_string"}}],"inLanguage":"es"},{"@type":"Organization","@id":"https:\/\/noticiasmercedinas.com\/site\/#organization","name":"NOTICIASMERCEDINAS.COM","url":"https:\/\/noticiasmercedinas.com\/site\/","logo":{"@type":"ImageObject","inLanguage":"es","@id":"https:\/\/noticiasmercedinas.com\/site\/#\/schema\/logo\/image\/","url":"https:\/\/noticiasmercedinas.com\/site\/wp-content\/uploads\/2020\/06\/LOGO-512.jpg","contentUrl":"https:\/\/noticiasmercedinas.com\/site\/wp-content\/uploads\/2020\/06\/LOGO-512.jpg","width":512,"height":512,"caption":"NOTICIASMERCEDINAS.COM"},"image":{"@id":"https:\/\/noticiasmercedinas.com\/site\/#\/schema\/logo\/image\/"},"sameAs":["https:\/\/www.facebook.com\/noticiasmercedinas\/","https:\/\/x.com\/notmercedinas","https:\/\/www.instagram.com\/noticiasmercedinas\/"]},{"@type":"Person","@id":"https:\/\/noticiasmercedinas.com\/site\/#\/schema\/person\/8f2f09d666ef40986eba4a5e6f2a06f9","name":"Juan Dagnino NOTICIASMERCEDINAS.COM","image":{"@type":"ImageObject","inLanguage":"es","@id":"https:\/\/secure.gravatar.com\/avatar\/fc7059a769f5a3cae65fadb228a3e4accf3a64b4b2305020d0a27e6d5333c91b?s=96&d=mm&r=g","url":"https:\/\/secure.gravatar.com\/avatar\/fc7059a769f5a3cae65fadb228a3e4accf3a64b4b2305020d0a27e6d5333c91b?s=96&d=mm&r=g","contentUrl":"https:\/\/secure.gravatar.com\/avatar\/fc7059a769f5a3cae65fadb228a3e4accf3a64b4b2305020d0a27e6d5333c91b?s=96&d=mm&r=g","caption":"Juan Dagnino NOTICIASMERCEDINAS.COM"},"url":"https:\/\/noticiasmercedinas.com\/site\/author\/juandagnino\/"}]}},"amp_enabled":true,"_links":{"self":[{"href":"https:\/\/noticiasmercedinas.com\/site\/wp-json\/wp\/v2\/posts\/121327","targetHints":{"allow":["GET"]}}],"collection":[{"href":"https:\/\/noticiasmercedinas.com\/site\/wp-json\/wp\/v2\/posts"}],"about":[{"href":"https:\/\/noticiasmercedinas.com\/site\/wp-json\/wp\/v2\/types\/post"}],"author":[{"embeddable":true,"href":"https:\/\/noticiasmercedinas.com\/site\/wp-json\/wp\/v2\/users\/6"}],"replies":[{"embeddable":true,"href":"https:\/\/noticiasmercedinas.com\/site\/wp-json\/wp\/v2\/comments?post=121327"}],"version-history":[{"count":1,"href":"https:\/\/noticiasmercedinas.com\/site\/wp-json\/wp\/v2\/posts\/121327\/revisions"}],"predecessor-version":[{"id":121334,"href":"https:\/\/noticiasmercedinas.com\/site\/wp-json\/wp\/v2\/posts\/121327\/revisions\/121334"}],"wp:featuredmedia":[{"embeddable":true,"href":"https:\/\/noticiasmercedinas.com\/site\/wp-json\/wp\/v2\/media\/121328"}],"wp:attachment":[{"href":"https:\/\/noticiasmercedinas.com\/site\/wp-json\/wp\/v2\/media?parent=121327"}],"wp:term":[{"taxonomy":"category","embeddable":true,"href":"https:\/\/noticiasmercedinas.com\/site\/wp-json\/wp\/v2\/categories?post=121327"},{"taxonomy":"post_tag","embeddable":true,"href":"https:\/\/noticiasmercedinas.com\/site\/wp-json\/wp\/v2\/tags?post=121327"}],"curies":[{"name":"wp","href":"https:\/\/api.w.org\/{rel}","templated":true}]}}